{"id":17232,"date":"2024-06-02T19:39:29","date_gmt":"2024-06-02T22:39:29","guid":{"rendered":"https:\/\/apuntesdesanluis.com\/?p=17232"},"modified":"2024-06-02T19:39:29","modified_gmt":"2024-06-02T22:39:29","slug":"profesionales-soldadores-de-la-upro-accedieron-a-certificacion-internacional","status":"publish","type":"post","link":"https:\/\/apuntesdesanluis.com\/index.php\/2024\/06\/02\/profesionales-soldadores-de-la-upro-accedieron-a-certificacion-internacional\/","title":{"rendered":"PROFESIONALES SOLDADORES DE LA UPRO ACCEDIERON A CERTIFICACI\u00d3N INTERNACIONAL"},"content":{"rendered":"<h3>Egresados de la <strong>Tecnicatura en Soldador Avanzado<\/strong> de la Sede Central de la <strong>UPrO<\/strong> en Villa Mercedes, que finalizaron su trayecto acad\u00e9mico en el 2023, pudieron cumplir su anhelo de rendir un importante examen de certificaci\u00f3n correspondiente a la normativa AWS B2.1.<\/h3>\n<h3>Se trata de una de las normas internacionales que promueven las aplicaciones de los procesos de soldadura y establecen par\u00e1metros para estandarizar criterios en todo el mundo.<\/h3>\n<h3><img fetchpriority=\"high\" decoding=\"async\" class=\"wp-image-17234 aligncenter\" src=\"https:\/\/apuntesdesanluis.com\/wp-content\/uploads\/2024\/06\/soldador-dos-300x170.png\" alt=\"\" width=\"618\" height=\"350\" srcset=\"https:\/\/apuntesdesanluis.com\/wp-content\/uploads\/2024\/06\/soldador-dos-300x170.png 300w, https:\/\/apuntesdesanluis.com\/wp-content\/uploads\/2024\/06\/soldador-dos.png 692w\" sizes=\"(max-width: 618px) 100vw, 618px\" \/><\/h3>\n<h3>La evaluaci\u00f3n const\u00f3 del tipo de soldadura GMAW en posici\u00f3n G1, con 2 probetas de acero sae 1010. La misma la realiz\u00f3 el inspector autorizado Mat\u00edas Kuhn de la empresa \u201cSan Mat\u00edas Welding Services\u201d, quien tiene la facultad de otorgar la habilitaci\u00f3n de los certificantes.<\/h3>\n<h3>Una vez aprobada la certificaci\u00f3n, la persona calificada podr\u00e1 aspirar a trabajos de mayor responsabilidad y remuneraci\u00f3n, debido a los conocimientos y pr\u00e1cticas adquiridas en la Universidad.<\/h3>\n<h3>Para los egresados UPrO, poder calificar representa una gran oportunidad, ya que se trata de un examen con alcance internacional. Adem\u00e1s, al tratarse de la habilitaci\u00f3n de un soldador profesional quien ser\u00e1 responsable de tareas de riesgo en algunos casos, el examen se torna muy costoso y por lo tanto, muchas personas desisten de realizarlo. Es por esto, que la UPRO solventa dichos gastos de los ex-alumnos de 3er y 4to nivel de TSA, para permitirles la gran oportunidad de calificar.<\/h3>\n<h3>A partir del apoyo de la Universidad, se pudo costear los gastos asociados al examen de certificaci\u00f3n, brindando a los egresados la posibilidad de ampliar sus horizontes profesionales y avanzar en sus carreras. La inversi\u00f3n en esta certificaci\u00f3n se traduce en un retorno significativo, ya que aquellos que logran aprobarla ven aumentadas sus oportunidades laborales y de desarrollo profesional.<\/h3>\n<p><img decoding=\"async\" class=\"wp-image-17235 aligncenter\" src=\"https:\/\/apuntesdesanluis.com\/wp-content\/uploads\/2024\/06\/ujpro-soldadores-300x164.png\" alt=\"\" width=\"629\" height=\"344\" srcset=\"https:\/\/apuntesdesanluis.com\/wp-content\/uploads\/2024\/06\/ujpro-soldadores-300x164.png 300w, https:\/\/apuntesdesanluis.com\/wp-content\/uploads\/2024\/06\/ujpro-soldadores.png 655w\" sizes=\"(max-width: 629px) 100vw, 629px\" \/><\/p>\n<h3>En los pr\u00f3ximos d\u00edas, tambi\u00e9n tendr\u00e1n la posibilidad de rendir la certificaci\u00f3n los egresados de la Sede Centenario en San Luis ciudad. De esta manera, la certificaci\u00f3n abre las puertas a oportunidades laborales en un mercado competitivo.<\/h3>\n<p>&nbsp;<\/p>\n<p>&nbsp;<\/p>\n<p>&nbsp;<\/p>\n<p>&nbsp;<\/p>\n<p>&nbsp;<\/p>\n<p>&nbsp;<\/p>\n","protected":false},"excerpt":{"rendered":"<p>Egresados de la Tecnicatura en Soldador Avanzado de la Sede Central de la UPrO en&#8230;<\/p>\n","protected":false},"author":1,"featured_media":17233,"comment_status":"closed","ping_status":"closed","sticky":false,"template":"","format":"standard","meta":{"footnotes":""},"categories":[6],"tags":[],"class_list":["post-17232","post","type-post","status-publish","format-standard","has-post-thumbnail","hentry","category-ciudad-provincia"],"yoast_head":"<!-- This site is optimized with the Yoast SEO plugin v26.1.1 - https:\/\/yoast.com\/wordpress\/plugins\/seo\/ -->\n<title>PROFESIONALES SOLDADORES DE LA UPRO ACCEDIERON A CERTIFICACI\u00d3N INTERNACIONAL - Apuntes de San Luis<\/title>\n<meta name=\"robots\" content=\"index, follow, max-snippet:-1, max-image-preview:large, max-video-preview:-1\" \/>\n<link rel=\"canonical\" href=\"https:\/\/apuntesdesanluis.com\/index.php\/2024\/06\/02\/profesionales-soldadores-de-la-upro-accedieron-a-certificacion-internacional\/\" \/>\n<meta property=\"og:locale\" content=\"es_ES\" \/>\n<meta property=\"og:type\" content=\"article\" \/>\n<meta property=\"og:title\" content=\"PROFESIONALES SOLDADORES DE LA UPRO ACCEDIERON A CERTIFICACI\u00d3N INTERNACIONAL - Apuntes de San Luis\" \/>\n<meta property=\"og:description\" content=\"Egresados de la Tecnicatura en Soldador Avanzado de la Sede Central de la UPrO en...\" \/>\n<meta property=\"og:url\" content=\"https:\/\/apuntesdesanluis.com\/index.php\/2024\/06\/02\/profesionales-soldadores-de-la-upro-accedieron-a-certificacion-internacional\/\" \/>\n<meta property=\"og:site_name\" content=\"Apuntes de San Luis\" \/>\n<meta property=\"article:published_time\" content=\"2024-06-02T22:39:29+00:00\" \/>\n<meta property=\"og:image\" content=\"https:\/\/apuntesdesanluis.com\/wp-content\/uploads\/2024\/06\/soldador-upro.png\" \/>\n\t<meta property=\"og:image:width\" content=\"542\" \/>\n\t<meta property=\"og:image:height\" content=\"330\" \/>\n\t<meta property=\"og:image:type\" content=\"image\/png\" \/>\n<meta name=\"author\" content=\"apuntesdesanluis.com\" \/>\n<meta name=\"twitter:card\" content=\"summary_large_image\" \/>\n<meta name=\"twitter:label1\" content=\"Escrito por\" \/>\n\t<meta name=\"twitter:data1\" content=\"apuntesdesanluis.com\" \/>\n\t<meta name=\"twitter:label2\" content=\"Tiempo de lectura\" \/>\n\t<meta name=\"twitter:data2\" content=\"3 minutos\" \/>\n<script type=\"application\/ld+json\" class=\"yoast-schema-graph\">{\"@context\":\"https:\/\/schema.org\",\"@graph\":[{\"@type\":\"Article\",\"@id\":\"https:\/\/apuntesdesanluis.com\/index.php\/2024\/06\/02\/profesionales-soldadores-de-la-upro-accedieron-a-certificacion-internacional\/#article\",\"isPartOf\":{\"@id\":\"https:\/\/apuntesdesanluis.com\/index.php\/2024\/06\/02\/profesionales-soldadores-de-la-upro-accedieron-a-certificacion-internacional\/\"},\"author\":{\"name\":\"apuntesdesanluis.com\",\"@id\":\"https:\/\/apuntesdesanluis.com\/#\/schema\/person\/b55151d52296fcce64d1a72538a70b90\"},\"headline\":\"PROFESIONALES SOLDADORES DE LA UPRO ACCEDIERON A CERTIFICACI\u00d3N INTERNACIONAL\",\"datePublished\":\"2024-06-02T22:39:29+00:00\",\"mainEntityOfPage\":{\"@id\":\"https:\/\/apuntesdesanluis.com\/index.php\/2024\/06\/02\/profesionales-soldadores-de-la-upro-accedieron-a-certificacion-internacional\/\"},\"wordCount\":353,\"publisher\":{\"@id\":\"https:\/\/apuntesdesanluis.com\/#\/schema\/person\/b55151d52296fcce64d1a72538a70b90\"},\"image\":{\"@id\":\"https:\/\/apuntesdesanluis.com\/index.php\/2024\/06\/02\/profesionales-soldadores-de-la-upro-accedieron-a-certificacion-internacional\/#primaryimage\"},\"thumbnailUrl\":\"https:\/\/apuntesdesanluis.com\/wp-content\/uploads\/2024\/06\/soldador-upro.png\",\"articleSection\":[\"Ciudad\/Provincia\"],\"inLanguage\":\"es-AR\"},{\"@type\":\"WebPage\",\"@id\":\"https:\/\/apuntesdesanluis.com\/index.php\/2024\/06\/02\/profesionales-soldadores-de-la-upro-accedieron-a-certificacion-internacional\/\",\"url\":\"https:\/\/apuntesdesanluis.com\/index.php\/2024\/06\/02\/profesionales-soldadores-de-la-upro-accedieron-a-certificacion-internacional\/\",\"name\":\"PROFESIONALES SOLDADORES DE LA UPRO ACCEDIERON A CERTIFICACI\u00d3N INTERNACIONAL - Apuntes de San Luis\",\"isPartOf\":{\"@id\":\"https:\/\/apuntesdesanluis.com\/#website\"},\"primaryImageOfPage\":{\"@id\":\"https:\/\/apuntesdesanluis.com\/index.php\/2024\/06\/02\/profesionales-soldadores-de-la-upro-accedieron-a-certificacion-internacional\/#primaryimage\"},\"image\":{\"@id\":\"https:\/\/apuntesdesanluis.com\/index.php\/2024\/06\/02\/profesionales-soldadores-de-la-upro-accedieron-a-certificacion-internacional\/#primaryimage\"},\"thumbnailUrl\":\"https:\/\/apuntesdesanluis.com\/wp-content\/uploads\/2024\/06\/soldador-upro.png\",\"datePublished\":\"2024-06-02T22:39:29+00:00\",\"breadcrumb\":{\"@id\":\"https:\/\/apuntesdesanluis.com\/index.php\/2024\/06\/02\/profesionales-soldadores-de-la-upro-accedieron-a-certificacion-internacional\/#breadcrumb\"},\"inLanguage\":\"es-AR\",\"potentialAction\":[{\"@type\":\"ReadAction\",\"target\":[\"https:\/\/apuntesdesanluis.com\/index.php\/2024\/06\/02\/profesionales-soldadores-de-la-upro-accedieron-a-certificacion-internacional\/\"]}]},{\"@type\":\"ImageObject\",\"inLanguage\":\"es-AR\",\"@id\":\"https:\/\/apuntesdesanluis.com\/index.php\/2024\/06\/02\/profesionales-soldadores-de-la-upro-accedieron-a-certificacion-internacional\/#primaryimage\",\"url\":\"https:\/\/apuntesdesanluis.com\/wp-content\/uploads\/2024\/06\/soldador-upro.png\",\"contentUrl\":\"https:\/\/apuntesdesanluis.com\/wp-content\/uploads\/2024\/06\/soldador-upro.png\",\"width\":542,\"height\":330},{\"@type\":\"BreadcrumbList\",\"@id\":\"https:\/\/apuntesdesanluis.com\/index.php\/2024\/06\/02\/profesionales-soldadores-de-la-upro-accedieron-a-certificacion-internacional\/#breadcrumb\",\"itemListElement\":[{\"@type\":\"ListItem\",\"position\":1,\"name\":\"Inicio\",\"item\":\"https:\/\/apuntesdesanluis.com\/\"},{\"@type\":\"ListItem\",\"position\":2,\"name\":\"PROFESIONALES SOLDADORES DE LA UPRO ACCEDIERON A CERTIFICACI\u00d3N INTERNACIONAL\"}]},{\"@type\":\"WebSite\",\"@id\":\"https:\/\/apuntesdesanluis.com\/#website\",\"url\":\"https:\/\/apuntesdesanluis.com\/\",\"name\":\"Apuntes de San Luis\",\"description\":\"\",\"publisher\":{\"@id\":\"https:\/\/apuntesdesanluis.com\/#\/schema\/person\/b55151d52296fcce64d1a72538a70b90\"},\"potentialAction\":[{\"@type\":\"SearchAction\",\"target\":{\"@type\":\"EntryPoint\",\"urlTemplate\":\"https:\/\/apuntesdesanluis.com\/?s={search_term_string}\"},\"query-input\":{\"@type\":\"PropertyValueSpecification\",\"valueRequired\":true,\"valueName\":\"search_term_string\"}}],\"inLanguage\":\"es-AR\"},{\"@type\":[\"Person\",\"Organization\"],\"@id\":\"https:\/\/apuntesdesanluis.com\/#\/schema\/person\/b55151d52296fcce64d1a72538a70b90\",\"name\":\"apuntesdesanluis.com\",\"image\":{\"@type\":\"ImageObject\",\"inLanguage\":\"es-AR\",\"@id\":\"https:\/\/apuntesdesanluis.com\/#\/schema\/person\/image\/\",\"url\":\"https:\/\/apuntesdesanluis.com\/wp-content\/uploads\/2023\/07\/cropped-apuntesdesanluis.png\",\"contentUrl\":\"https:\/\/apuntesdesanluis.com\/wp-content\/uploads\/2023\/07\/cropped-apuntesdesanluis.png\",\"width\":450,\"height\":112,\"caption\":\"apuntesdesanluis.com\"},\"logo\":{\"@id\":\"https:\/\/apuntesdesanluis.com\/#\/schema\/person\/image\/\"},\"sameAs\":[\"https:\/\/apuntesdesanluis.com\"],\"url\":\"https:\/\/apuntesdesanluis.com\/index.php\/author\/apuntesdesanluis-com\/\"}]}<\/script>\n<!-- \/ Yoast SEO plugin. -->","yoast_head_json":{"title":"PROFESIONALES SOLDADORES DE LA UPRO ACCEDIERON A CERTIFICACI\u00d3N INTERNACIONAL - Apuntes de San Luis","robots":{"index":"index","follow":"follow","max-snippet":"max-snippet:-1","max-image-preview":"max-image-preview:large","max-video-preview":"max-video-preview:-1"},"canonical":"https:\/\/apuntesdesanluis.com\/index.php\/2024\/06\/02\/profesionales-soldadores-de-la-upro-accedieron-a-certificacion-internacional\/","og_locale":"es_ES","og_type":"article","og_title":"PROFESIONALES SOLDADORES DE LA UPRO ACCEDIERON A CERTIFICACI\u00d3N INTERNACIONAL - Apuntes de San Luis","og_description":"Egresados de la Tecnicatura en Soldador Avanzado de la Sede Central de la UPrO en...","og_url":"https:\/\/apuntesdesanluis.com\/index.php\/2024\/06\/02\/profesionales-soldadores-de-la-upro-accedieron-a-certificacion-internacional\/","og_site_name":"Apuntes de San Luis","article_published_time":"2024-06-02T22:39:29+00:00","og_image":[{"width":542,"height":330,"url":"https:\/\/apuntesdesanluis.com\/wp-content\/uploads\/2024\/06\/soldador-upro.png","type":"image\/png"}],"author":"apuntesdesanluis.com","twitter_card":"summary_large_image","twitter_misc":{"Escrito por":"apuntesdesanluis.com","Tiempo de lectura":"3 minutos"},"schema":{"@context":"https:\/\/schema.org","@graph":[{"@type":"Article","@id":"https:\/\/apuntesdesanluis.com\/index.php\/2024\/06\/02\/profesionales-soldadores-de-la-upro-accedieron-a-certificacion-internacional\/#article","isPartOf":{"@id":"https:\/\/apuntesdesanluis.com\/index.php\/2024\/06\/02\/profesionales-soldadores-de-la-upro-accedieron-a-certificacion-internacional\/"},"author":{"name":"apuntesdesanluis.com","@id":"https:\/\/apuntesdesanluis.com\/#\/schema\/person\/b55151d52296fcce64d1a72538a70b90"},"headline":"PROFESIONALES SOLDADORES DE LA UPRO ACCEDIERON A CERTIFICACI\u00d3N INTERNACIONAL","datePublished":"2024-06-02T22:39:29+00:00","mainEntityOfPage":{"@id":"https:\/\/apuntesdesanluis.com\/index.php\/2024\/06\/02\/profesionales-soldadores-de-la-upro-accedieron-a-certificacion-internacional\/"},"wordCount":353,"publisher":{"@id":"https:\/\/apuntesdesanluis.com\/#\/schema\/person\/b55151d52296fcce64d1a72538a70b90"},"image":{"@id":"https:\/\/apuntesdesanluis.com\/index.php\/2024\/06\/02\/profesionales-soldadores-de-la-upro-accedieron-a-certificacion-internacional\/#primaryimage"},"thumbnailUrl":"https:\/\/apuntesdesanluis.com\/wp-content\/uploads\/2024\/06\/soldador-upro.png","articleSection":["Ciudad\/Provincia"],"inLanguage":"es-AR"},{"@type":"WebPage","@id":"https:\/\/apuntesdesanluis.com\/index.php\/2024\/06\/02\/profesionales-soldadores-de-la-upro-accedieron-a-certificacion-internacional\/","url":"https:\/\/apuntesdesanluis.com\/index.php\/2024\/06\/02\/profesionales-soldadores-de-la-upro-accedieron-a-certificacion-internacional\/","name":"PROFESIONALES SOLDADORES DE LA UPRO ACCEDIERON A CERTIFICACI\u00d3N INTERNACIONAL - Apuntes de San Luis","isPartOf":{"@id":"https:\/\/apuntesdesanluis.com\/#website"},"primaryImageOfPage":{"@id":"https:\/\/apuntesdesanluis.com\/index.php\/2024\/06\/02\/profesionales-soldadores-de-la-upro-accedieron-a-certificacion-internacional\/#primaryimage"},"image":{"@id":"https:\/\/apuntesdesanluis.com\/index.php\/2024\/06\/02\/profesionales-soldadores-de-la-upro-accedieron-a-certificacion-internacional\/#primaryimage"},"thumbnailUrl":"https:\/\/apuntesdesanluis.com\/wp-content\/uploads\/2024\/06\/soldador-upro.png","datePublished":"2024-06-02T22:39:29+00:00","breadcrumb":{"@id":"https:\/\/apuntesdesanluis.com\/index.php\/2024\/06\/02\/profesionales-soldadores-de-la-upro-accedieron-a-certificacion-internacional\/#breadcrumb"},"inLanguage":"es-AR","potentialAction":[{"@type":"ReadAction","target":["https:\/\/apuntesdesanluis.com\/index.php\/2024\/06\/02\/profesionales-soldadores-de-la-upro-accedieron-a-certificacion-internacional\/"]}]},{"@type":"ImageObject","inLanguage":"es-AR","@id":"https:\/\/apuntesdesanluis.com\/index.php\/2024\/06\/02\/profesionales-soldadores-de-la-upro-accedieron-a-certificacion-internacional\/#primaryimage","url":"https:\/\/apuntesdesanluis.com\/wp-content\/uploads\/2024\/06\/soldador-upro.png","contentUrl":"https:\/\/apuntesdesanluis.com\/wp-content\/uploads\/2024\/06\/soldador-upro.png","width":542,"height":330},{"@type":"BreadcrumbList","@id":"https:\/\/apuntesdesanluis.com\/index.php\/2024\/06\/02\/profesionales-soldadores-de-la-upro-accedieron-a-certificacion-internacional\/#breadcrumb","itemListElement":[{"@type":"ListItem","position":1,"name":"Inicio","item":"https:\/\/apuntesdesanluis.com\/"},{"@type":"ListItem","position":2,"name":"PROFESIONALES SOLDADORES DE LA UPRO ACCEDIERON A CERTIFICACI\u00d3N INTERNACIONAL"}]},{"@type":"WebSite","@id":"https:\/\/apuntesdesanluis.com\/#website","url":"https:\/\/apuntesdesanluis.com\/","name":"Apuntes de San Luis","description":"","publisher":{"@id":"https:\/\/apuntesdesanluis.com\/#\/schema\/person\/b55151d52296fcce64d1a72538a70b90"},"potentialAction":[{"@type":"SearchAction","target":{"@type":"EntryPoint","urlTemplate":"https:\/\/apuntesdesanluis.com\/?s={search_term_string}"},"query-input":{"@type":"PropertyValueSpecification","valueRequired":true,"valueName":"search_term_string"}}],"inLanguage":"es-AR"},{"@type":["Person","Organization"],"@id":"https:\/\/apuntesdesanluis.com\/#\/schema\/person\/b55151d52296fcce64d1a72538a70b90","name":"apuntesdesanluis.com","image":{"@type":"ImageObject","inLanguage":"es-AR","@id":"https:\/\/apuntesdesanluis.com\/#\/schema\/person\/image\/","url":"https:\/\/apuntesdesanluis.com\/wp-content\/uploads\/2023\/07\/cropped-apuntesdesanluis.png","contentUrl":"https:\/\/apuntesdesanluis.com\/wp-content\/uploads\/2023\/07\/cropped-apuntesdesanluis.png","width":450,"height":112,"caption":"apuntesdesanluis.com"},"logo":{"@id":"https:\/\/apuntesdesanluis.com\/#\/schema\/person\/image\/"},"sameAs":["https:\/\/apuntesdesanluis.com"],"url":"https:\/\/apuntesdesanluis.com\/index.php\/author\/apuntesdesanluis-com\/"}]}},"featured_image_urls":{"full":["https:\/\/apuntesdesanluis.com\/wp-content\/uploads\/2024\/06\/soldador-upro.png",542,330,false],"thumbnail":["https:\/\/apuntesdesanluis.com\/wp-content\/uploads\/2024\/06\/soldador-upro-150x150.png",150,150,true],"medium":["https:\/\/apuntesdesanluis.com\/wp-content\/uploads\/2024\/06\/soldador-upro-300x183.png",300,183,true],"medium_large":["https:\/\/apuntesdesanluis.com\/wp-content\/uploads\/2024\/06\/soldador-upro.png",542,330,false],"large":["https:\/\/apuntesdesanluis.com\/wp-content\/uploads\/2024\/06\/soldador-upro.png",542,330,false],"1536x1536":["https:\/\/apuntesdesanluis.com\/wp-content\/uploads\/2024\/06\/soldador-upro.png",542,330,false],"2048x2048":["https:\/\/apuntesdesanluis.com\/wp-content\/uploads\/2024\/06\/soldador-upro.png",542,330,false],"newsever-slider-full":["https:\/\/apuntesdesanluis.com\/wp-content\/uploads\/2024\/06\/soldador-upro.png",542,330,false],"newsever-featured":["https:\/\/apuntesdesanluis.com\/wp-content\/uploads\/2024\/06\/soldador-upro.png",542,330,false],"newsever-medium":["https:\/\/apuntesdesanluis.com\/wp-content\/uploads\/2024\/06\/soldador-upro.png",542,330,false]},"author_info":{"display_name":"apuntesdesanluis.com","author_link":"https:\/\/apuntesdesanluis.com\/index.php\/author\/apuntesdesanluis-com\/"},"category_info":"<a href=\"https:\/\/apuntesdesanluis.com\/index.php\/category\/ciudad-provincia\/\" rel=\"category tag\">Ciudad\/Provincia<\/a>","tag_info":"Ciudad\/Provincia","comment_count":"0","_links":{"self":[{"href":"https:\/\/apuntesdesanluis.com\/index.php\/wp-json\/wp\/v2\/posts\/17232","targetHints":{"allow":["GET"]}}],"collection":[{"href":"https:\/\/apuntesdesanluis.com\/index.php\/wp-json\/wp\/v2\/posts"}],"about":[{"href":"https:\/\/apuntesdesanluis.com\/index.php\/wp-json\/wp\/v2\/types\/post"}],"author":[{"embeddable":true,"href":"https:\/\/apuntesdesanluis.com\/index.php\/wp-json\/wp\/v2\/users\/1"}],"replies":[{"embeddable":true,"href":"https:\/\/apuntesdesanluis.com\/index.php\/wp-json\/wp\/v2\/comments?post=17232"}],"version-history":[{"count":1,"href":"https:\/\/apuntesdesanluis.com\/index.php\/wp-json\/wp\/v2\/posts\/17232\/revisions"}],"predecessor-version":[{"id":17236,"href":"https:\/\/apuntesdesanluis.com\/index.php\/wp-json\/wp\/v2\/posts\/17232\/revisions\/17236"}],"wp:featuredmedia":[{"embeddable":true,"href":"https:\/\/apuntesdesanluis.com\/index.php\/wp-json\/wp\/v2\/media\/17233"}],"wp:attachment":[{"href":"https:\/\/apuntesdesanluis.com\/index.php\/wp-json\/wp\/v2\/media?parent=17232"}],"wp:term":[{"taxonomy":"category","embeddable":true,"href":"https:\/\/apuntesdesanluis.com\/index.php\/wp-json\/wp\/v2\/categories?post=17232"},{"taxonomy":"post_tag","embeddable":true,"href":"https:\/\/apuntesdesanluis.com\/index.php\/wp-json\/wp\/v2\/tags?post=17232"}],"curies":[{"name":"wp","href":"https:\/\/api.w.org\/{rel}","templated":true}]}}