{"id":17242,"date":"2024-06-02T20:13:08","date_gmt":"2024-06-02T23:13:08","guid":{"rendered":"https:\/\/apuntesdesanluis.com\/?p=17242"},"modified":"2024-06-02T20:13:08","modified_gmt":"2024-06-02T23:13:08","slug":"presentaron-el-consejo-provincial-de-personas-con-discapacidad","status":"publish","type":"post","link":"https:\/\/apuntesdesanluis.com\/index.php\/2024\/06\/02\/presentaron-el-consejo-provincial-de-personas-con-discapacidad\/","title":{"rendered":"PRESENTARON EL CONSEJO PROVINCIAL DE PERSONAS CON DISCAPACIDAD"},"content":{"rendered":"<h3>Con el objetivo de incluir, ayudar, visibilizar y proteger los derechos humanos de las personas con discapacidad, este s\u00e1bado lanzaron el <strong>Consejo Provincial de Personas con Discapacidad<\/strong> (Co.Pro.Dis).<\/h3>\n<h3>La jornada se realiz\u00f3 en el Sal\u00f3n Blanco de la Casa de Gobierno con la presencia de la directora nacional de Inclusi\u00f3n de Personas con Discapacidad, <strong>Romina N\u00fa\u00f1ez<\/strong>; el gobernador de la provincia, <strong>Claudio Poggi<\/strong>; el secretario de Personas con Discapacidad, <strong>Luis Guiraudo<\/strong>, e intendentes de diferentes partes de la provincia.<\/h3>\n<p><iframe title=\"Claudio Poggi, gobernador de San Luis\" width=\"640\" height=\"360\" src=\"https:\/\/www.youtube.com\/embed\/oCSwCqMj1i4?feature=oembed\" frameborder=\"0\" allow=\"accelerometer; autoplay; clipboard-write; encrypted-media; gyroscope; picture-in-picture; web-share\" referrerpolicy=\"strict-origin-when-cross-origin\" allowfullscreen><\/iframe><\/p>\n<h3>Entre los trabajos que realizar\u00e1 este nuevo Consejo, que incluye a los ministros y secretarios quienes aportar\u00e1n diferentes medidas a trav\u00e9s sus puestos, est\u00e1n los siguientes:<\/h3>\n<h3>\u2013 Promover la inclusi\u00f3n real y garantizar el acceso a los derechos establecidos en la Constituci\u00f3n Nacional, las leyes provinciales vigentes y la convenci\u00f3n internacional sobre los derechos de las personas con discapacidad.<\/h3>\n<h3>\u2013 Proponer cambios a partir de la revisi\u00f3n de la legislaci\u00f3n y generar acciones para el completo cumplimiento de las mismas y\/o gestionar su creaci\u00f3n e implementaci\u00f3n.<\/h3>\n<h3>\u2013 Participar a las personas referentes de cada localidad provincial y de las distintas organizaciones gubernamentales o no gubernamentales, para contextualizar cada situaci\u00f3n general y particular referida a esta tem\u00e1tica.<\/h3>\n<p><img fetchpriority=\"high\" decoding=\"async\" class=\"wp-image-17245 aligncenter\" src=\"https:\/\/apuntesdesanluis.com\/wp-content\/uploads\/2024\/06\/POGGI-300x197.png\" alt=\"\" width=\"729\" height=\"479\" srcset=\"https:\/\/apuntesdesanluis.com\/wp-content\/uploads\/2024\/06\/POGGI-300x197.png 300w, https:\/\/apuntesdesanluis.com\/wp-content\/uploads\/2024\/06\/POGGI-768x505.png 768w, https:\/\/apuntesdesanluis.com\/wp-content\/uploads\/2024\/06\/POGGI.png 876w\" sizes=\"(max-width: 729px) 100vw, 729px\" \/><\/p>\n<h3>\u2013 Participar en el Consejo Federal de Discapacidad dependiente de la Agencia Nacional de Discapacidad o el organismo que lo reemplace en el futuro.<\/h3>\n<h3>\u2013 Participar en la planificaci\u00f3n estrat\u00e9gica de acciones que vehiculicen una profunda transformaci\u00f3n sociocultural en nuestra provincia para alcanzar uno de los m\u00e1s anhelados objetivos: \u2018Inclusi\u00f3n plena, dignidad y respeto en comunidad para las personas con discapacidad\u2019.<\/h3>\n<h3>\u2013 Proponer pol\u00edticas p\u00fablicas sobre discapacidad en un espacio de participaci\u00f3n ciudadana y gubernamental, generando un sistema abierto de di\u00e1logo y participaci\u00f3n comunitaria permanente.<\/h3>\n<h3>\u2013 Impulsar acciones que faciliten el acceso a la informaci\u00f3n para fomentar la construcci\u00f3n de espacios que permitan eliminar barreras, promover acciones que garanticen la oportunidad para que las personas con discapacidad participen activamente en la comunidad.<\/h3>\n<h3>\u2013 Velar por la accesibilidad y el cumplimiento de los derechos de las personas con discapacidad, instando al compromiso y participaci\u00f3n activa de los tres poderes del estado provincial.<\/h3>\n<h3>Esta nueva entidad estar\u00e1 representado por siete miembros entendidos y preparados sobre el tema y los siete ministros y secretarios de la provincia.<\/h3>\n<div style=\"width: 640px;\" class=\"wp-video\"><!--[if lt IE 9]><script>document.createElement('video');<\/script><![endif]-->\n<video class=\"wp-video-shortcode\" id=\"video-17242-1\" width=\"640\" height=\"1138\" preload=\"metadata\" controls=\"controls\"><source type=\"video\/mp4\" src=\"https:\/\/apuntesdesanluis.com\/wp-content\/uploads\/2024\/06\/An86WTMUvq9Hi7QBBq-kXKa0k4FtyoHbhfSv2oymzou9tNuiXoBVWKI3LzysC2kBWDhLPvxhye9niQ-JVXREvFyW.mp4?_=1\" \/><a href=\"https:\/\/apuntesdesanluis.com\/wp-content\/uploads\/2024\/06\/An86WTMUvq9Hi7QBBq-kXKa0k4FtyoHbhfSv2oymzou9tNuiXoBVWKI3LzysC2kBWDhLPvxhye9niQ-JVXREvFyW.mp4\">https:\/\/apuntesdesanluis.com\/wp-content\/uploads\/2024\/06\/An86WTMUvq9Hi7QBBq-kXKa0k4FtyoHbhfSv2oymzou9tNuiXoBVWKI3LzysC2kBWDhLPvxhye9niQ-JVXREvFyW.mp4<\/a><\/video><\/div>\n<h3>\u201cEste proyecto de ley quedar\u00e1 en la historia de San Luis y la va a trascender. El Consejo provincial va a marcar algo pol\u00edtico muy fuerte, porque las ONG nos van a ayudar y nos van a brindar su experiencia, los ministros tambi\u00e9n nos van a dar recomendaciones\u201d, asegur\u00f3 Giraudo.<\/h3>\n<h3>El funcionario, agradeci\u00f3 el apoyo y pidi\u00f3 que \u201ctrabajen con el coraz\u00f3n\u201d. \u201cNo me piden plata, ayudan, porque lo sienten. Muchos me explican y me aconsejan de coraz\u00f3n y eso vale much\u00edsimo. La discapacidad la ten\u00e9s que manejar con el coraz\u00f3n. Porque lo ten\u00e9s que sentir\u201d, concluy\u00f3.<\/h3>\n<h3>Antes de cerrar el acuerdo que establece el nuevo Consejo Provincial de Personas con Discapacidad, la directora nacional felicit\u00f3 a la provincia por este nuevo paso y afirm\u00f3 el apoyo de la Naci\u00f3n.<\/h3>\n<h3>\u201cQuiero transmitirles el mensaje de que estamos trabajando mancomunadamente, analizando todas las v\u00edas posible y la m\u00e1s adecuada para solucionar todo lo que haya que solucionar, con un \u00fanico fin que es que se cumplan efectivamente los derechos de las personas con discapacidad\u201d, cerr\u00f3.<\/h3>\n<p>&nbsp;<\/p>\n<p>&nbsp;<\/p>\n<p>&nbsp;<\/p>\n<h3><\/h3>\n<p>&nbsp;<\/p>\n<p>&nbsp;<\/p>\n","protected":false},"excerpt":{"rendered":"<p>Con el objetivo de incluir, ayudar, visibilizar y proteger los derechos humanos de las personas&#8230;<\/p>\n","protected":false},"author":1,"featured_media":17243,"comment_status":"closed","ping_status":"closed","sticky":false,"template":"","format":"standard","meta":{"footnotes":""},"categories":[6],"tags":[],"class_list":["post-17242","post","type-post","status-publish","format-standard","has-post-thumbnail","hentry","category-ciudad-provincia"],"yoast_head":"<!-- This site is optimized with the Yoast SEO plugin v26.1.1 - https:\/\/yoast.com\/wordpress\/plugins\/seo\/ -->\n<title>PRESENTARON EL CONSEJO PROVINCIAL DE PERSONAS CON DISCAPACIDAD - Apuntes de San Luis<\/title>\n<meta name=\"robots\" content=\"index, follow, max-snippet:-1, max-image-preview:large, max-video-preview:-1\" \/>\n<link rel=\"canonical\" href=\"https:\/\/apuntesdesanluis.com\/index.php\/2024\/06\/02\/presentaron-el-consejo-provincial-de-personas-con-discapacidad\/\" \/>\n<meta property=\"og:locale\" content=\"es_ES\" \/>\n<meta property=\"og:type\" content=\"article\" \/>\n<meta property=\"og:title\" content=\"PRESENTARON EL CONSEJO PROVINCIAL DE PERSONAS CON DISCAPACIDAD - Apuntes de San Luis\" \/>\n<meta property=\"og:description\" content=\"Con el objetivo de incluir, ayudar, visibilizar y proteger los derechos humanos de las personas...\" \/>\n<meta property=\"og:url\" content=\"https:\/\/apuntesdesanluis.com\/index.php\/2024\/06\/02\/presentaron-el-consejo-provincial-de-personas-con-discapacidad\/\" \/>\n<meta property=\"og:site_name\" content=\"Apuntes de San Luis\" \/>\n<meta property=\"article:published_time\" content=\"2024-06-02T23:13:08+00:00\" \/>\n<meta property=\"og:image\" content=\"https:\/\/apuntesdesanluis.com\/wp-content\/uploads\/2024\/06\/GIRAUDO.png\" \/>\n\t<meta property=\"og:image:width\" content=\"700\" \/>\n\t<meta property=\"og:image:height\" content=\"364\" \/>\n\t<meta property=\"og:image:type\" content=\"image\/png\" \/>\n<meta name=\"author\" content=\"apuntesdesanluis.com\" \/>\n<meta name=\"twitter:card\" content=\"summary_large_image\" \/>\n<meta name=\"twitter:label1\" content=\"Escrito por\" \/>\n\t<meta name=\"twitter:data1\" content=\"apuntesdesanluis.com\" \/>\n\t<meta name=\"twitter:label2\" content=\"Tiempo de lectura\" \/>\n\t<meta name=\"twitter:data2\" content=\"3 minutos\" \/>\n<script type=\"application\/ld+json\" class=\"yoast-schema-graph\">{\"@context\":\"https:\/\/schema.org\",\"@graph\":[{\"@type\":\"Article\",\"@id\":\"https:\/\/apuntesdesanluis.com\/index.php\/2024\/06\/02\/presentaron-el-consejo-provincial-de-personas-con-discapacidad\/#article\",\"isPartOf\":{\"@id\":\"https:\/\/apuntesdesanluis.com\/index.php\/2024\/06\/02\/presentaron-el-consejo-provincial-de-personas-con-discapacidad\/\"},\"author\":{\"name\":\"apuntesdesanluis.com\",\"@id\":\"https:\/\/apuntesdesanluis.com\/#\/schema\/person\/b55151d52296fcce64d1a72538a70b90\"},\"headline\":\"PRESENTARON EL CONSEJO PROVINCIAL DE PERSONAS CON DISCAPACIDAD\",\"datePublished\":\"2024-06-02T23:13:08+00:00\",\"mainEntityOfPage\":{\"@id\":\"https:\/\/apuntesdesanluis.com\/index.php\/2024\/06\/02\/presentaron-el-consejo-provincial-de-personas-con-discapacidad\/\"},\"wordCount\":620,\"publisher\":{\"@id\":\"https:\/\/apuntesdesanluis.com\/#\/schema\/person\/b55151d52296fcce64d1a72538a70b90\"},\"image\":{\"@id\":\"https:\/\/apuntesdesanluis.com\/index.php\/2024\/06\/02\/presentaron-el-consejo-provincial-de-personas-con-discapacidad\/#primaryimage\"},\"thumbnailUrl\":\"https:\/\/apuntesdesanluis.com\/wp-content\/uploads\/2024\/06\/GIRAUDO.png\",\"articleSection\":[\"Ciudad\/Provincia\"],\"inLanguage\":\"es-AR\"},{\"@type\":\"WebPage\",\"@id\":\"https:\/\/apuntesdesanluis.com\/index.php\/2024\/06\/02\/presentaron-el-consejo-provincial-de-personas-con-discapacidad\/\",\"url\":\"https:\/\/apuntesdesanluis.com\/index.php\/2024\/06\/02\/presentaron-el-consejo-provincial-de-personas-con-discapacidad\/\",\"name\":\"PRESENTARON EL CONSEJO PROVINCIAL DE PERSONAS CON DISCAPACIDAD - Apuntes de San Luis\",\"isPartOf\":{\"@id\":\"https:\/\/apuntesdesanluis.com\/#website\"},\"primaryImageOfPage\":{\"@id\":\"https:\/\/apuntesdesanluis.com\/index.php\/2024\/06\/02\/presentaron-el-consejo-provincial-de-personas-con-discapacidad\/#primaryimage\"},\"image\":{\"@id\":\"https:\/\/apuntesdesanluis.com\/index.php\/2024\/06\/02\/presentaron-el-consejo-provincial-de-personas-con-discapacidad\/#primaryimage\"},\"thumbnailUrl\":\"https:\/\/apuntesdesanluis.com\/wp-content\/uploads\/2024\/06\/GIRAUDO.png\",\"datePublished\":\"2024-06-02T23:13:08+00:00\",\"breadcrumb\":{\"@id\":\"https:\/\/apuntesdesanluis.com\/index.php\/2024\/06\/02\/presentaron-el-consejo-provincial-de-personas-con-discapacidad\/#breadcrumb\"},\"inLanguage\":\"es-AR\",\"potentialAction\":[{\"@type\":\"ReadAction\",\"target\":[\"https:\/\/apuntesdesanluis.com\/index.php\/2024\/06\/02\/presentaron-el-consejo-provincial-de-personas-con-discapacidad\/\"]}]},{\"@type\":\"ImageObject\",\"inLanguage\":\"es-AR\",\"@id\":\"https:\/\/apuntesdesanluis.com\/index.php\/2024\/06\/02\/presentaron-el-consejo-provincial-de-personas-con-discapacidad\/#primaryimage\",\"url\":\"https:\/\/apuntesdesanluis.com\/wp-content\/uploads\/2024\/06\/GIRAUDO.png\",\"contentUrl\":\"https:\/\/apuntesdesanluis.com\/wp-content\/uploads\/2024\/06\/GIRAUDO.png\",\"width\":700,\"height\":364},{\"@type\":\"BreadcrumbList\",\"@id\":\"https:\/\/apuntesdesanluis.com\/index.php\/2024\/06\/02\/presentaron-el-consejo-provincial-de-personas-con-discapacidad\/#breadcrumb\",\"itemListElement\":[{\"@type\":\"ListItem\",\"position\":1,\"name\":\"Inicio\",\"item\":\"https:\/\/apuntesdesanluis.com\/\"},{\"@type\":\"ListItem\",\"position\":2,\"name\":\"PRESENTARON EL CONSEJO PROVINCIAL DE PERSONAS CON DISCAPACIDAD\"}]},{\"@type\":\"WebSite\",\"@id\":\"https:\/\/apuntesdesanluis.com\/#website\",\"url\":\"https:\/\/apuntesdesanluis.com\/\",\"name\":\"Apuntes de San Luis\",\"description\":\"\",\"publisher\":{\"@id\":\"https:\/\/apuntesdesanluis.com\/#\/schema\/person\/b55151d52296fcce64d1a72538a70b90\"},\"potentialAction\":[{\"@type\":\"SearchAction\",\"target\":{\"@type\":\"EntryPoint\",\"urlTemplate\":\"https:\/\/apuntesdesanluis.com\/?s={search_term_string}\"},\"query-input\":{\"@type\":\"PropertyValueSpecification\",\"valueRequired\":true,\"valueName\":\"search_term_string\"}}],\"inLanguage\":\"es-AR\"},{\"@type\":[\"Person\",\"Organization\"],\"@id\":\"https:\/\/apuntesdesanluis.com\/#\/schema\/person\/b55151d52296fcce64d1a72538a70b90\",\"name\":\"apuntesdesanluis.com\",\"image\":{\"@type\":\"ImageObject\",\"inLanguage\":\"es-AR\",\"@id\":\"https:\/\/apuntesdesanluis.com\/#\/schema\/person\/image\/\",\"url\":\"https:\/\/apuntesdesanluis.com\/wp-content\/uploads\/2023\/07\/cropped-apuntesdesanluis.png\",\"contentUrl\":\"https:\/\/apuntesdesanluis.com\/wp-content\/uploads\/2023\/07\/cropped-apuntesdesanluis.png\",\"width\":450,\"height\":112,\"caption\":\"apuntesdesanluis.com\"},\"logo\":{\"@id\":\"https:\/\/apuntesdesanluis.com\/#\/schema\/person\/image\/\"},\"sameAs\":[\"https:\/\/apuntesdesanluis.com\"],\"url\":\"https:\/\/apuntesdesanluis.com\/index.php\/author\/apuntesdesanluis-com\/\"}]}<\/script>\n<!-- \/ Yoast SEO plugin. -->","yoast_head_json":{"title":"PRESENTARON EL CONSEJO PROVINCIAL DE PERSONAS CON DISCAPACIDAD - Apuntes de San Luis","robots":{"index":"index","follow":"follow","max-snippet":"max-snippet:-1","max-image-preview":"max-image-preview:large","max-video-preview":"max-video-preview:-1"},"canonical":"https:\/\/apuntesdesanluis.com\/index.php\/2024\/06\/02\/presentaron-el-consejo-provincial-de-personas-con-discapacidad\/","og_locale":"es_ES","og_type":"article","og_title":"PRESENTARON EL CONSEJO PROVINCIAL DE PERSONAS CON DISCAPACIDAD - Apuntes de San Luis","og_description":"Con el objetivo de incluir, ayudar, visibilizar y proteger los derechos humanos de las personas...","og_url":"https:\/\/apuntesdesanluis.com\/index.php\/2024\/06\/02\/presentaron-el-consejo-provincial-de-personas-con-discapacidad\/","og_site_name":"Apuntes de San Luis","article_published_time":"2024-06-02T23:13:08+00:00","og_image":[{"width":700,"height":364,"url":"https:\/\/apuntesdesanluis.com\/wp-content\/uploads\/2024\/06\/GIRAUDO.png","type":"image\/png"}],"author":"apuntesdesanluis.com","twitter_card":"summary_large_image","twitter_misc":{"Escrito por":"apuntesdesanluis.com","Tiempo de lectura":"3 minutos"},"schema":{"@context":"https:\/\/schema.org","@graph":[{"@type":"Article","@id":"https:\/\/apuntesdesanluis.com\/index.php\/2024\/06\/02\/presentaron-el-consejo-provincial-de-personas-con-discapacidad\/#article","isPartOf":{"@id":"https:\/\/apuntesdesanluis.com\/index.php\/2024\/06\/02\/presentaron-el-consejo-provincial-de-personas-con-discapacidad\/"},"author":{"name":"apuntesdesanluis.com","@id":"https:\/\/apuntesdesanluis.com\/#\/schema\/person\/b55151d52296fcce64d1a72538a70b90"},"headline":"PRESENTARON EL CONSEJO PROVINCIAL DE PERSONAS CON DISCAPACIDAD","datePublished":"2024-06-02T23:13:08+00:00","mainEntityOfPage":{"@id":"https:\/\/apuntesdesanluis.com\/index.php\/2024\/06\/02\/presentaron-el-consejo-provincial-de-personas-con-discapacidad\/"},"wordCount":620,"publisher":{"@id":"https:\/\/apuntesdesanluis.com\/#\/schema\/person\/b55151d52296fcce64d1a72538a70b90"},"image":{"@id":"https:\/\/apuntesdesanluis.com\/index.php\/2024\/06\/02\/presentaron-el-consejo-provincial-de-personas-con-discapacidad\/#primaryimage"},"thumbnailUrl":"https:\/\/apuntesdesanluis.com\/wp-content\/uploads\/2024\/06\/GIRAUDO.png","articleSection":["Ciudad\/Provincia"],"inLanguage":"es-AR"},{"@type":"WebPage","@id":"https:\/\/apuntesdesanluis.com\/index.php\/2024\/06\/02\/presentaron-el-consejo-provincial-de-personas-con-discapacidad\/","url":"https:\/\/apuntesdesanluis.com\/index.php\/2024\/06\/02\/presentaron-el-consejo-provincial-de-personas-con-discapacidad\/","name":"PRESENTARON EL CONSEJO PROVINCIAL DE PERSONAS CON DISCAPACIDAD - Apuntes de San Luis","isPartOf":{"@id":"https:\/\/apuntesdesanluis.com\/#website"},"primaryImageOfPage":{"@id":"https:\/\/apuntesdesanluis.com\/index.php\/2024\/06\/02\/presentaron-el-consejo-provincial-de-personas-con-discapacidad\/#primaryimage"},"image":{"@id":"https:\/\/apuntesdesanluis.com\/index.php\/2024\/06\/02\/presentaron-el-consejo-provincial-de-personas-con-discapacidad\/#primaryimage"},"thumbnailUrl":"https:\/\/apuntesdesanluis.com\/wp-content\/uploads\/2024\/06\/GIRAUDO.png","datePublished":"2024-06-02T23:13:08+00:00","breadcrumb":{"@id":"https:\/\/apuntesdesanluis.com\/index.php\/2024\/06\/02\/presentaron-el-consejo-provincial-de-personas-con-discapacidad\/#breadcrumb"},"inLanguage":"es-AR","potentialAction":[{"@type":"ReadAction","target":["https:\/\/apuntesdesanluis.com\/index.php\/2024\/06\/02\/presentaron-el-consejo-provincial-de-personas-con-discapacidad\/"]}]},{"@type":"ImageObject","inLanguage":"es-AR","@id":"https:\/\/apuntesdesanluis.com\/index.php\/2024\/06\/02\/presentaron-el-consejo-provincial-de-personas-con-discapacidad\/#primaryimage","url":"https:\/\/apuntesdesanluis.com\/wp-content\/uploads\/2024\/06\/GIRAUDO.png","contentUrl":"https:\/\/apuntesdesanluis.com\/wp-content\/uploads\/2024\/06\/GIRAUDO.png","width":700,"height":364},{"@type":"BreadcrumbList","@id":"https:\/\/apuntesdesanluis.com\/index.php\/2024\/06\/02\/presentaron-el-consejo-provincial-de-personas-con-discapacidad\/#breadcrumb","itemListElement":[{"@type":"ListItem","position":1,"name":"Inicio","item":"https:\/\/apuntesdesanluis.com\/"},{"@type":"ListItem","position":2,"name":"PRESENTARON EL CONSEJO PROVINCIAL DE PERSONAS CON DISCAPACIDAD"}]},{"@type":"WebSite","@id":"https:\/\/apuntesdesanluis.com\/#website","url":"https:\/\/apuntesdesanluis.com\/","name":"Apuntes de San Luis","description":"","publisher":{"@id":"https:\/\/apuntesdesanluis.com\/#\/schema\/person\/b55151d52296fcce64d1a72538a70b90"},"potentialAction":[{"@type":"SearchAction","target":{"@type":"EntryPoint","urlTemplate":"https:\/\/apuntesdesanluis.com\/?s={search_term_string}"},"query-input":{"@type":"PropertyValueSpecification","valueRequired":true,"valueName":"search_term_string"}}],"inLanguage":"es-AR"},{"@type":["Person","Organization"],"@id":"https:\/\/apuntesdesanluis.com\/#\/schema\/person\/b55151d52296fcce64d1a72538a70b90","name":"apuntesdesanluis.com","image":{"@type":"ImageObject","inLanguage":"es-AR","@id":"https:\/\/apuntesdesanluis.com\/#\/schema\/person\/image\/","url":"https:\/\/apuntesdesanluis.com\/wp-content\/uploads\/2023\/07\/cropped-apuntesdesanluis.png","contentUrl":"https:\/\/apuntesdesanluis.com\/wp-content\/uploads\/2023\/07\/cropped-apuntesdesanluis.png","width":450,"height":112,"caption":"apuntesdesanluis.com"},"logo":{"@id":"https:\/\/apuntesdesanluis.com\/#\/schema\/person\/image\/"},"sameAs":["https:\/\/apuntesdesanluis.com"],"url":"https:\/\/apuntesdesanluis.com\/index.php\/author\/apuntesdesanluis-com\/"}]}},"featured_image_urls":{"full":["https:\/\/apuntesdesanluis.com\/wp-content\/uploads\/2024\/06\/GIRAUDO.png",700,364,false],"thumbnail":["https:\/\/apuntesdesanluis.com\/wp-content\/uploads\/2024\/06\/GIRAUDO-150x150.png",150,150,true],"medium":["https:\/\/apuntesdesanluis.com\/wp-content\/uploads\/2024\/06\/GIRAUDO-300x156.png",300,156,true],"medium_large":["https:\/\/apuntesdesanluis.com\/wp-content\/uploads\/2024\/06\/GIRAUDO.png",640,333,false],"large":["https:\/\/apuntesdesanluis.com\/wp-content\/uploads\/2024\/06\/GIRAUDO.png",640,333,false],"1536x1536":["https:\/\/apuntesdesanluis.com\/wp-content\/uploads\/2024\/06\/GIRAUDO.png",700,364,false],"2048x2048":["https:\/\/apuntesdesanluis.com\/wp-content\/uploads\/2024\/06\/GIRAUDO.png",700,364,false],"newsever-slider-full":["https:\/\/apuntesdesanluis.com\/wp-content\/uploads\/2024\/06\/GIRAUDO.png",700,364,false],"newsever-featured":["https:\/\/apuntesdesanluis.com\/wp-content\/uploads\/2024\/06\/GIRAUDO.png",700,364,false],"newsever-medium":["https:\/\/apuntesdesanluis.com\/wp-content\/uploads\/2024\/06\/GIRAUDO.png",700,364,false]},"author_info":{"display_name":"apuntesdesanluis.com","author_link":"https:\/\/apuntesdesanluis.com\/index.php\/author\/apuntesdesanluis-com\/"},"category_info":"<a href=\"https:\/\/apuntesdesanluis.com\/index.php\/category\/ciudad-provincia\/\" rel=\"category tag\">Ciudad\/Provincia<\/a>","tag_info":"Ciudad\/Provincia","comment_count":"0","_links":{"self":[{"href":"https:\/\/apuntesdesanluis.com\/index.php\/wp-json\/wp\/v2\/posts\/17242","targetHints":{"allow":["GET"]}}],"collection":[{"href":"https:\/\/apuntesdesanluis.com\/index.php\/wp-json\/wp\/v2\/posts"}],"about":[{"href":"https:\/\/apuntesdesanluis.com\/index.php\/wp-json\/wp\/v2\/types\/post"}],"author":[{"embeddable":true,"href":"https:\/\/apuntesdesanluis.com\/index.php\/wp-json\/wp\/v2\/users\/1"}],"replies":[{"embeddable":true,"href":"https:\/\/apuntesdesanluis.com\/index.php\/wp-json\/wp\/v2\/comments?post=17242"}],"version-history":[{"count":1,"href":"https:\/\/apuntesdesanluis.com\/index.php\/wp-json\/wp\/v2\/posts\/17242\/revisions"}],"predecessor-version":[{"id":17246,"href":"https:\/\/apuntesdesanluis.com\/index.php\/wp-json\/wp\/v2\/posts\/17242\/revisions\/17246"}],"wp:featuredmedia":[{"embeddable":true,"href":"https:\/\/apuntesdesanluis.com\/index.php\/wp-json\/wp\/v2\/media\/17243"}],"wp:attachment":[{"href":"https:\/\/apuntesdesanluis.com\/index.php\/wp-json\/wp\/v2\/media?parent=17242"}],"wp:term":[{"taxonomy":"category","embeddable":true,"href":"https:\/\/apuntesdesanluis.com\/index.php\/wp-json\/wp\/v2\/categories?post=17242"},{"taxonomy":"post_tag","embeddable":true,"href":"https:\/\/apuntesdesanluis.com\/index.php\/wp-json\/wp\/v2\/tags?post=17242"}],"curies":[{"name":"wp","href":"https:\/\/api.w.org\/{rel}","templated":true}]}}