{"id":17247,"date":"2024-06-02T20:32:32","date_gmt":"2024-06-02T23:32:32","guid":{"rendered":"https:\/\/apuntesdesanluis.com\/?p=17247"},"modified":"2024-06-02T20:33:17","modified_gmt":"2024-06-02T23:33:17","slug":"investigan-el-asesinato-en-san-luis-de-un-hombre-con-antecedentes-policiales","status":"publish","type":"post","link":"https:\/\/apuntesdesanluis.com\/index.php\/2024\/06\/02\/investigan-el-asesinato-en-san-luis-de-un-hombre-con-antecedentes-policiales\/","title":{"rendered":"INVESTIGAN EL ASESINATO EN SAN LUIS DE UN HOMBRE CON ANTECEDENTES POLICIALES"},"content":{"rendered":"<h3>Este domingo, en horas de la ma\u00f1ana, se encontr\u00f3 el cuerpo sin vida de un hombre mayor de edad, en la ciudad de San Luis.<\/h3>\n<h3>El hallazgo se produjo en inmediaciones del R\u00edo Seco, cerca del puente ubicado sobre calle Riobamba.<\/h3>\n<h3>De acuerdo a las primeras informaciones, el cuerpo no presentaba signos de violencia a simple vista, pero luego se rectific\u00f3 esta informaci\u00f3n y se inform\u00f3 que presentaba una herida de bala a la altura de la cadera. Falleci\u00f3 como consecuencia de una hemorragia, indic\u00f3 la necropsia.<\/h3>\n<h3>En el lugar trabaj\u00f3 personal de la Divisi\u00f3n Homicidios y de la Comisar\u00eda Seccional 3\u00b0.<\/h3>\n<h3>Respecto al sujeto encontrado sin vida esta ma\u00f1ana en cercan\u00edas de la rotonda de calle Riobamba sobre las margenes del R\u00edo San Luis, se supo que es oriundo de la ciudad Capital de San Luis y que tiene 33 a\u00f1os.\u00a0El occiso fue identificado como <strong>V\u00edctor Alaniz<\/strong> y entre sus pertenencias encontraron una amoladora nueva de la marca Black &amp; Decker.<\/h3>\n<h3>El hombre viv\u00eda en el barrio Tibiletti y ten\u00eda antecedentes policiales, seg\u00fan indic\u00f3 una fuente policial.<\/h3>\n<p><img fetchpriority=\"high\" decoding=\"async\" class=\"wp-image-17249 aligncenter\" src=\"https:\/\/apuntesdesanluis.com\/wp-content\/uploads\/2024\/06\/foto-300x156.png\" alt=\"\" width=\"637\" height=\"331\" srcset=\"https:\/\/apuntesdesanluis.com\/wp-content\/uploads\/2024\/06\/foto-300x156.png 300w, https:\/\/apuntesdesanluis.com\/wp-content\/uploads\/2024\/06\/foto-768x400.png 768w, https:\/\/apuntesdesanluis.com\/wp-content\/uploads\/2024\/06\/foto.png 820w\" sizes=\"(max-width: 637px) 100vw, 637px\" \/><\/p>\n<h3>El ministerio de Seguridad comunic\u00f3 que la autopsia arroj\u00f3 que muri\u00f3 por un &#8220;shock hipovol\u00e9mico por lesiones en vena iliaca interna derecha, por pasaje de proyectil de arma de fuego&#8221;.<\/h3>\n<h3>Quien est\u00e1 a cargo de\u00a0 la investigacion es el fiscal de Instrucci\u00f3n N\u00b0 3 de la Primera Circunscripci\u00f3n Judicial, Dr. <strong>Esteban Roche<\/strong>.<\/h3>\n<p>&nbsp;<\/p>\n<p>&nbsp;<\/p>\n<p>&nbsp;<\/p>\n<h3><\/h3>\n<p>&nbsp;<\/p>\n<p>&nbsp;<\/p>\n<p>&nbsp;<\/p>\n","protected":false},"excerpt":{"rendered":"<p>Este domingo, en horas de la ma\u00f1ana, se encontr\u00f3 el cuerpo sin vida de un&#8230;<\/p>\n","protected":false},"author":1,"featured_media":17248,"comment_status":"closed","ping_status":"closed","sticky":false,"template":"","format":"standard","meta":{"footnotes":""},"categories":[6],"tags":[],"class_list":["post-17247","post","type-post","status-publish","format-standard","has-post-thumbnail","hentry","category-ciudad-provincia"],"yoast_head":"<!-- This site is optimized with the Yoast SEO plugin v26.1.1 - https:\/\/yoast.com\/wordpress\/plugins\/seo\/ -->\n<title>INVESTIGAN EL ASESINATO EN SAN LUIS DE UN HOMBRE CON ANTECEDENTES POLICIALES - Apuntes de San Luis<\/title>\n<meta name=\"robots\" content=\"index, follow, max-snippet:-1, max-image-preview:large, max-video-preview:-1\" \/>\n<link rel=\"canonical\" href=\"https:\/\/apuntesdesanluis.com\/index.php\/2024\/06\/02\/investigan-el-asesinato-en-san-luis-de-un-hombre-con-antecedentes-policiales\/\" \/>\n<meta property=\"og:locale\" content=\"es_ES\" \/>\n<meta property=\"og:type\" content=\"article\" \/>\n<meta property=\"og:title\" content=\"INVESTIGAN EL ASESINATO EN SAN LUIS DE UN HOMBRE CON ANTECEDENTES POLICIALES - Apuntes de San Luis\" \/>\n<meta property=\"og:description\" content=\"Este domingo, en horas de la ma\u00f1ana, se encontr\u00f3 el cuerpo sin vida de un...\" \/>\n<meta property=\"og:url\" content=\"https:\/\/apuntesdesanluis.com\/index.php\/2024\/06\/02\/investigan-el-asesinato-en-san-luis-de-un-hombre-con-antecedentes-policiales\/\" \/>\n<meta property=\"og:site_name\" content=\"Apuntes de San Luis\" \/>\n<meta property=\"article:published_time\" content=\"2024-06-02T23:32:32+00:00\" \/>\n<meta property=\"article:modified_time\" content=\"2024-06-02T23:33:17+00:00\" \/>\n<meta property=\"og:image\" content=\"https:\/\/apuntesdesanluis.com\/wp-content\/uploads\/2024\/06\/HALLAZGO.png\" \/>\n\t<meta property=\"og:image:width\" content=\"543\" \/>\n\t<meta property=\"og:image:height\" content=\"302\" \/>\n\t<meta property=\"og:image:type\" content=\"image\/png\" \/>\n<meta name=\"author\" content=\"apuntesdesanluis.com\" \/>\n<meta name=\"twitter:card\" content=\"summary_large_image\" \/>\n<meta name=\"twitter:label1\" content=\"Escrito por\" \/>\n\t<meta name=\"twitter:data1\" content=\"apuntesdesanluis.com\" \/>\n\t<meta name=\"twitter:label2\" content=\"Tiempo de lectura\" \/>\n\t<meta name=\"twitter:data2\" content=\"2 minutos\" \/>\n<script type=\"application\/ld+json\" class=\"yoast-schema-graph\">{\"@context\":\"https:\/\/schema.org\",\"@graph\":[{\"@type\":\"Article\",\"@id\":\"https:\/\/apuntesdesanluis.com\/index.php\/2024\/06\/02\/investigan-el-asesinato-en-san-luis-de-un-hombre-con-antecedentes-policiales\/#article\",\"isPartOf\":{\"@id\":\"https:\/\/apuntesdesanluis.com\/index.php\/2024\/06\/02\/investigan-el-asesinato-en-san-luis-de-un-hombre-con-antecedentes-policiales\/\"},\"author\":{\"name\":\"apuntesdesanluis.com\",\"@id\":\"https:\/\/apuntesdesanluis.com\/#\/schema\/person\/b55151d52296fcce64d1a72538a70b90\"},\"headline\":\"INVESTIGAN EL ASESINATO EN SAN LUIS DE UN HOMBRE CON ANTECEDENTES POLICIALES\",\"datePublished\":\"2024-06-02T23:32:32+00:00\",\"dateModified\":\"2024-06-02T23:33:17+00:00\",\"mainEntityOfPage\":{\"@id\":\"https:\/\/apuntesdesanluis.com\/index.php\/2024\/06\/02\/investigan-el-asesinato-en-san-luis-de-un-hombre-con-antecedentes-policiales\/\"},\"wordCount\":262,\"publisher\":{\"@id\":\"https:\/\/apuntesdesanluis.com\/#\/schema\/person\/b55151d52296fcce64d1a72538a70b90\"},\"image\":{\"@id\":\"https:\/\/apuntesdesanluis.com\/index.php\/2024\/06\/02\/investigan-el-asesinato-en-san-luis-de-un-hombre-con-antecedentes-policiales\/#primaryimage\"},\"thumbnailUrl\":\"https:\/\/apuntesdesanluis.com\/wp-content\/uploads\/2024\/06\/HALLAZGO.png\",\"articleSection\":[\"Ciudad\/Provincia\"],\"inLanguage\":\"es-AR\"},{\"@type\":\"WebPage\",\"@id\":\"https:\/\/apuntesdesanluis.com\/index.php\/2024\/06\/02\/investigan-el-asesinato-en-san-luis-de-un-hombre-con-antecedentes-policiales\/\",\"url\":\"https:\/\/apuntesdesanluis.com\/index.php\/2024\/06\/02\/investigan-el-asesinato-en-san-luis-de-un-hombre-con-antecedentes-policiales\/\",\"name\":\"INVESTIGAN EL ASESINATO EN SAN LUIS DE UN HOMBRE CON ANTECEDENTES POLICIALES - Apuntes de San Luis\",\"isPartOf\":{\"@id\":\"https:\/\/apuntesdesanluis.com\/#website\"},\"primaryImageOfPage\":{\"@id\":\"https:\/\/apuntesdesanluis.com\/index.php\/2024\/06\/02\/investigan-el-asesinato-en-san-luis-de-un-hombre-con-antecedentes-policiales\/#primaryimage\"},\"image\":{\"@id\":\"https:\/\/apuntesdesanluis.com\/index.php\/2024\/06\/02\/investigan-el-asesinato-en-san-luis-de-un-hombre-con-antecedentes-policiales\/#primaryimage\"},\"thumbnailUrl\":\"https:\/\/apuntesdesanluis.com\/wp-content\/uploads\/2024\/06\/HALLAZGO.png\",\"datePublished\":\"2024-06-02T23:32:32+00:00\",\"dateModified\":\"2024-06-02T23:33:17+00:00\",\"breadcrumb\":{\"@id\":\"https:\/\/apuntesdesanluis.com\/index.php\/2024\/06\/02\/investigan-el-asesinato-en-san-luis-de-un-hombre-con-antecedentes-policiales\/#breadcrumb\"},\"inLanguage\":\"es-AR\",\"potentialAction\":[{\"@type\":\"ReadAction\",\"target\":[\"https:\/\/apuntesdesanluis.com\/index.php\/2024\/06\/02\/investigan-el-asesinato-en-san-luis-de-un-hombre-con-antecedentes-policiales\/\"]}]},{\"@type\":\"ImageObject\",\"inLanguage\":\"es-AR\",\"@id\":\"https:\/\/apuntesdesanluis.com\/index.php\/2024\/06\/02\/investigan-el-asesinato-en-san-luis-de-un-hombre-con-antecedentes-policiales\/#primaryimage\",\"url\":\"https:\/\/apuntesdesanluis.com\/wp-content\/uploads\/2024\/06\/HALLAZGO.png\",\"contentUrl\":\"https:\/\/apuntesdesanluis.com\/wp-content\/uploads\/2024\/06\/HALLAZGO.png\",\"width\":543,\"height\":302},{\"@type\":\"BreadcrumbList\",\"@id\":\"https:\/\/apuntesdesanluis.com\/index.php\/2024\/06\/02\/investigan-el-asesinato-en-san-luis-de-un-hombre-con-antecedentes-policiales\/#breadcrumb\",\"itemListElement\":[{\"@type\":\"ListItem\",\"position\":1,\"name\":\"Inicio\",\"item\":\"https:\/\/apuntesdesanluis.com\/\"},{\"@type\":\"ListItem\",\"position\":2,\"name\":\"INVESTIGAN EL ASESINATO EN SAN LUIS DE UN HOMBRE CON ANTECEDENTES POLICIALES\"}]},{\"@type\":\"WebSite\",\"@id\":\"https:\/\/apuntesdesanluis.com\/#website\",\"url\":\"https:\/\/apuntesdesanluis.com\/\",\"name\":\"Apuntes de San Luis\",\"description\":\"\",\"publisher\":{\"@id\":\"https:\/\/apuntesdesanluis.com\/#\/schema\/person\/b55151d52296fcce64d1a72538a70b90\"},\"potentialAction\":[{\"@type\":\"SearchAction\",\"target\":{\"@type\":\"EntryPoint\",\"urlTemplate\":\"https:\/\/apuntesdesanluis.com\/?s={search_term_string}\"},\"query-input\":{\"@type\":\"PropertyValueSpecification\",\"valueRequired\":true,\"valueName\":\"search_term_string\"}}],\"inLanguage\":\"es-AR\"},{\"@type\":[\"Person\",\"Organization\"],\"@id\":\"https:\/\/apuntesdesanluis.com\/#\/schema\/person\/b55151d52296fcce64d1a72538a70b90\",\"name\":\"apuntesdesanluis.com\",\"image\":{\"@type\":\"ImageObject\",\"inLanguage\":\"es-AR\",\"@id\":\"https:\/\/apuntesdesanluis.com\/#\/schema\/person\/image\/\",\"url\":\"https:\/\/apuntesdesanluis.com\/wp-content\/uploads\/2023\/07\/cropped-apuntesdesanluis.png\",\"contentUrl\":\"https:\/\/apuntesdesanluis.com\/wp-content\/uploads\/2023\/07\/cropped-apuntesdesanluis.png\",\"width\":450,\"height\":112,\"caption\":\"apuntesdesanluis.com\"},\"logo\":{\"@id\":\"https:\/\/apuntesdesanluis.com\/#\/schema\/person\/image\/\"},\"sameAs\":[\"https:\/\/apuntesdesanluis.com\"],\"url\":\"https:\/\/apuntesdesanluis.com\/index.php\/author\/apuntesdesanluis-com\/\"}]}<\/script>\n<!-- \/ Yoast SEO plugin. -->","yoast_head_json":{"title":"INVESTIGAN EL ASESINATO EN SAN LUIS DE UN HOMBRE CON ANTECEDENTES POLICIALES - Apuntes de San Luis","robots":{"index":"index","follow":"follow","max-snippet":"max-snippet:-1","max-image-preview":"max-image-preview:large","max-video-preview":"max-video-preview:-1"},"canonical":"https:\/\/apuntesdesanluis.com\/index.php\/2024\/06\/02\/investigan-el-asesinato-en-san-luis-de-un-hombre-con-antecedentes-policiales\/","og_locale":"es_ES","og_type":"article","og_title":"INVESTIGAN EL ASESINATO EN SAN LUIS DE UN HOMBRE CON ANTECEDENTES POLICIALES - Apuntes de San Luis","og_description":"Este domingo, en horas de la ma\u00f1ana, se encontr\u00f3 el cuerpo sin vida de un...","og_url":"https:\/\/apuntesdesanluis.com\/index.php\/2024\/06\/02\/investigan-el-asesinato-en-san-luis-de-un-hombre-con-antecedentes-policiales\/","og_site_name":"Apuntes de San Luis","article_published_time":"2024-06-02T23:32:32+00:00","article_modified_time":"2024-06-02T23:33:17+00:00","og_image":[{"width":543,"height":302,"url":"https:\/\/apuntesdesanluis.com\/wp-content\/uploads\/2024\/06\/HALLAZGO.png","type":"image\/png"}],"author":"apuntesdesanluis.com","twitter_card":"summary_large_image","twitter_misc":{"Escrito por":"apuntesdesanluis.com","Tiempo de lectura":"2 minutos"},"schema":{"@context":"https:\/\/schema.org","@graph":[{"@type":"Article","@id":"https:\/\/apuntesdesanluis.com\/index.php\/2024\/06\/02\/investigan-el-asesinato-en-san-luis-de-un-hombre-con-antecedentes-policiales\/#article","isPartOf":{"@id":"https:\/\/apuntesdesanluis.com\/index.php\/2024\/06\/02\/investigan-el-asesinato-en-san-luis-de-un-hombre-con-antecedentes-policiales\/"},"author":{"name":"apuntesdesanluis.com","@id":"https:\/\/apuntesdesanluis.com\/#\/schema\/person\/b55151d52296fcce64d1a72538a70b90"},"headline":"INVESTIGAN EL ASESINATO EN SAN LUIS DE UN HOMBRE CON ANTECEDENTES POLICIALES","datePublished":"2024-06-02T23:32:32+00:00","dateModified":"2024-06-02T23:33:17+00:00","mainEntityOfPage":{"@id":"https:\/\/apuntesdesanluis.com\/index.php\/2024\/06\/02\/investigan-el-asesinato-en-san-luis-de-un-hombre-con-antecedentes-policiales\/"},"wordCount":262,"publisher":{"@id":"https:\/\/apuntesdesanluis.com\/#\/schema\/person\/b55151d52296fcce64d1a72538a70b90"},"image":{"@id":"https:\/\/apuntesdesanluis.com\/index.php\/2024\/06\/02\/investigan-el-asesinato-en-san-luis-de-un-hombre-con-antecedentes-policiales\/#primaryimage"},"thumbnailUrl":"https:\/\/apuntesdesanluis.com\/wp-content\/uploads\/2024\/06\/HALLAZGO.png","articleSection":["Ciudad\/Provincia"],"inLanguage":"es-AR"},{"@type":"WebPage","@id":"https:\/\/apuntesdesanluis.com\/index.php\/2024\/06\/02\/investigan-el-asesinato-en-san-luis-de-un-hombre-con-antecedentes-policiales\/","url":"https:\/\/apuntesdesanluis.com\/index.php\/2024\/06\/02\/investigan-el-asesinato-en-san-luis-de-un-hombre-con-antecedentes-policiales\/","name":"INVESTIGAN EL ASESINATO EN SAN LUIS DE UN HOMBRE CON ANTECEDENTES POLICIALES - Apuntes de San Luis","isPartOf":{"@id":"https:\/\/apuntesdesanluis.com\/#website"},"primaryImageOfPage":{"@id":"https:\/\/apuntesdesanluis.com\/index.php\/2024\/06\/02\/investigan-el-asesinato-en-san-luis-de-un-hombre-con-antecedentes-policiales\/#primaryimage"},"image":{"@id":"https:\/\/apuntesdesanluis.com\/index.php\/2024\/06\/02\/investigan-el-asesinato-en-san-luis-de-un-hombre-con-antecedentes-policiales\/#primaryimage"},"thumbnailUrl":"https:\/\/apuntesdesanluis.com\/wp-content\/uploads\/2024\/06\/HALLAZGO.png","datePublished":"2024-06-02T23:32:32+00:00","dateModified":"2024-06-02T23:33:17+00:00","breadcrumb":{"@id":"https:\/\/apuntesdesanluis.com\/index.php\/2024\/06\/02\/investigan-el-asesinato-en-san-luis-de-un-hombre-con-antecedentes-policiales\/#breadcrumb"},"inLanguage":"es-AR","potentialAction":[{"@type":"ReadAction","target":["https:\/\/apuntesdesanluis.com\/index.php\/2024\/06\/02\/investigan-el-asesinato-en-san-luis-de-un-hombre-con-antecedentes-policiales\/"]}]},{"@type":"ImageObject","inLanguage":"es-AR","@id":"https:\/\/apuntesdesanluis.com\/index.php\/2024\/06\/02\/investigan-el-asesinato-en-san-luis-de-un-hombre-con-antecedentes-policiales\/#primaryimage","url":"https:\/\/apuntesdesanluis.com\/wp-content\/uploads\/2024\/06\/HALLAZGO.png","contentUrl":"https:\/\/apuntesdesanluis.com\/wp-content\/uploads\/2024\/06\/HALLAZGO.png","width":543,"height":302},{"@type":"BreadcrumbList","@id":"https:\/\/apuntesdesanluis.com\/index.php\/2024\/06\/02\/investigan-el-asesinato-en-san-luis-de-un-hombre-con-antecedentes-policiales\/#breadcrumb","itemListElement":[{"@type":"ListItem","position":1,"name":"Inicio","item":"https:\/\/apuntesdesanluis.com\/"},{"@type":"ListItem","position":2,"name":"INVESTIGAN EL ASESINATO EN SAN LUIS DE UN HOMBRE CON ANTECEDENTES POLICIALES"}]},{"@type":"WebSite","@id":"https:\/\/apuntesdesanluis.com\/#website","url":"https:\/\/apuntesdesanluis.com\/","name":"Apuntes de San Luis","description":"","publisher":{"@id":"https:\/\/apuntesdesanluis.com\/#\/schema\/person\/b55151d52296fcce64d1a72538a70b90"},"potentialAction":[{"@type":"SearchAction","target":{"@type":"EntryPoint","urlTemplate":"https:\/\/apuntesdesanluis.com\/?s={search_term_string}"},"query-input":{"@type":"PropertyValueSpecification","valueRequired":true,"valueName":"search_term_string"}}],"inLanguage":"es-AR"},{"@type":["Person","Organization"],"@id":"https:\/\/apuntesdesanluis.com\/#\/schema\/person\/b55151d52296fcce64d1a72538a70b90","name":"apuntesdesanluis.com","image":{"@type":"ImageObject","inLanguage":"es-AR","@id":"https:\/\/apuntesdesanluis.com\/#\/schema\/person\/image\/","url":"https:\/\/apuntesdesanluis.com\/wp-content\/uploads\/2023\/07\/cropped-apuntesdesanluis.png","contentUrl":"https:\/\/apuntesdesanluis.com\/wp-content\/uploads\/2023\/07\/cropped-apuntesdesanluis.png","width":450,"height":112,"caption":"apuntesdesanluis.com"},"logo":{"@id":"https:\/\/apuntesdesanluis.com\/#\/schema\/person\/image\/"},"sameAs":["https:\/\/apuntesdesanluis.com"],"url":"https:\/\/apuntesdesanluis.com\/index.php\/author\/apuntesdesanluis-com\/"}]}},"featured_image_urls":{"full":["https:\/\/apuntesdesanluis.com\/wp-content\/uploads\/2024\/06\/HALLAZGO.png",543,302,false],"thumbnail":["https:\/\/apuntesdesanluis.com\/wp-content\/uploads\/2024\/06\/HALLAZGO-150x150.png",150,150,true],"medium":["https:\/\/apuntesdesanluis.com\/wp-content\/uploads\/2024\/06\/HALLAZGO-300x167.png",300,167,true],"medium_large":["https:\/\/apuntesdesanluis.com\/wp-content\/uploads\/2024\/06\/HALLAZGO.png",543,302,false],"large":["https:\/\/apuntesdesanluis.com\/wp-content\/uploads\/2024\/06\/HALLAZGO.png",543,302,false],"1536x1536":["https:\/\/apuntesdesanluis.com\/wp-content\/uploads\/2024\/06\/HALLAZGO.png",543,302,false],"2048x2048":["https:\/\/apuntesdesanluis.com\/wp-content\/uploads\/2024\/06\/HALLAZGO.png",543,302,false],"newsever-slider-full":["https:\/\/apuntesdesanluis.com\/wp-content\/uploads\/2024\/06\/HALLAZGO.png",543,302,false],"newsever-featured":["https:\/\/apuntesdesanluis.com\/wp-content\/uploads\/2024\/06\/HALLAZGO.png",543,302,false],"newsever-medium":["https:\/\/apuntesdesanluis.com\/wp-content\/uploads\/2024\/06\/HALLAZGO.png",543,302,false]},"author_info":{"display_name":"apuntesdesanluis.com","author_link":"https:\/\/apuntesdesanluis.com\/index.php\/author\/apuntesdesanluis-com\/"},"category_info":"<a href=\"https:\/\/apuntesdesanluis.com\/index.php\/category\/ciudad-provincia\/\" rel=\"category tag\">Ciudad\/Provincia<\/a>","tag_info":"Ciudad\/Provincia","comment_count":"0","_links":{"self":[{"href":"https:\/\/apuntesdesanluis.com\/index.php\/wp-json\/wp\/v2\/posts\/17247","targetHints":{"allow":["GET"]}}],"collection":[{"href":"https:\/\/apuntesdesanluis.com\/index.php\/wp-json\/wp\/v2\/posts"}],"about":[{"href":"https:\/\/apuntesdesanluis.com\/index.php\/wp-json\/wp\/v2\/types\/post"}],"author":[{"embeddable":true,"href":"https:\/\/apuntesdesanluis.com\/index.php\/wp-json\/wp\/v2\/users\/1"}],"replies":[{"embeddable":true,"href":"https:\/\/apuntesdesanluis.com\/index.php\/wp-json\/wp\/v2\/comments?post=17247"}],"version-history":[{"count":2,"href":"https:\/\/apuntesdesanluis.com\/index.php\/wp-json\/wp\/v2\/posts\/17247\/revisions"}],"predecessor-version":[{"id":17251,"href":"https:\/\/apuntesdesanluis.com\/index.php\/wp-json\/wp\/v2\/posts\/17247\/revisions\/17251"}],"wp:featuredmedia":[{"embeddable":true,"href":"https:\/\/apuntesdesanluis.com\/index.php\/wp-json\/wp\/v2\/media\/17248"}],"wp:attachment":[{"href":"https:\/\/apuntesdesanluis.com\/index.php\/wp-json\/wp\/v2\/media?parent=17247"}],"wp:term":[{"taxonomy":"category","embeddable":true,"href":"https:\/\/apuntesdesanluis.com\/index.php\/wp-json\/wp\/v2\/categories?post=17247"},{"taxonomy":"post_tag","embeddable":true,"href":"https:\/\/apuntesdesanluis.com\/index.php\/wp-json\/wp\/v2\/tags?post=17247"}],"curies":[{"name":"wp","href":"https:\/\/api.w.org\/{rel}","templated":true}]}}