{"id":17252,"date":"2024-06-02T20:36:00","date_gmt":"2024-06-02T23:36:00","guid":{"rendered":"https:\/\/apuntesdesanluis.com\/?p=17252"},"modified":"2024-06-02T20:39:39","modified_gmt":"2024-06-02T23:39:39","slug":"caso-anahi-robledo-yuvero-dictaron-prision-preventiva-al-imputado","status":"publish","type":"post","link":"https:\/\/apuntesdesanluis.com\/index.php\/2024\/06\/02\/caso-anahi-robledo-yuvero-dictaron-prision-preventiva-al-imputado\/","title":{"rendered":"CASO ANAH\u00cd ROBLEDO YUVERO: DICTARON PRISI\u00d3N PREVENTIVA AL IMPUTADO"},"content":{"rendered":"<h3>El Juez de Garant\u00eda N\u00ba 1\u00a0 dispuso el traslado al Servicio Penitenciario Provincial.<\/h3>\n<h3>Vencida la pr\u00f3rroga de detenci\u00f3n para el \u00fanico imputado por el homicidio de <strong>Anah\u00ed Robledo Yuvero<\/strong>, este domingo se desarroll\u00f3 una audiencia donde el juez de Garant\u00eda N\u00ba 1 \u2013 Dr. Alfredo Cuello \u2013 orden\u00f3 la prisi\u00f3n preventiva por el t\u00e9rmino de cuatro meses a cumplirse en el Servicio Penitenciario Provincial.<\/h3>\n<h3><strong>NUEVAS EVIDENCIAS <\/strong><\/h3>\n<h3>En primer lugar, el Ministerio P\u00fablico Fiscal de la Segunda Circunscripci\u00f3n Judicial, representado por el Dr. Leandro Estrada \u2013 fiscal de Instrucci\u00f3n N\u00ba 4 \u2013 y por las Dras. Laura Parisi y Gisela Milstein \u2013 fiscales adjuntas \u2013 explic\u00f3 que ampliar\u00eda los cargos formulados en virtud de las nuevas evidencias incorporadas a la investigaci\u00f3n.<\/h3>\n<h3>En ese sentido, se refiri\u00f3 al informe definitivo de la autopsia que arroj\u00f3 como causa de la muerte un shock hipovol\u00e9mico provocado por una doble herida de arma blanca, que caus\u00f3 una perforaci\u00f3n pulmonar.\u00a0 Precis\u00f3 que la v\u00edctima recibi\u00f3 numerosas heridas con un elemento punzo cortante.<\/h3>\n<h3>Luego relat\u00f3 una serie de condiciones ambientales y personales. Explic\u00f3 que al momento de la agresi\u00f3n la v\u00edctima se encontraba durmiendo. Asimismo, asegur\u00f3 que en\u00a0 la vivienda no exist\u00edan ventanas ni puertas violentadas, as\u00ed como tampoco encontraron rastros de desorden.<\/h3>\n<h3>Precis\u00f3 que, seg\u00fan su teor\u00eda del caso, el imputado ingres\u00f3 a la vivienda con una llave\u00a0 a la que accedi\u00f3 mientras ten\u00eda una relaci\u00f3n de pareja con la mam\u00e1 de la v\u00edctima.<\/h3>\n<p><img fetchpriority=\"high\" decoding=\"async\" class=\"wp-image-17256 aligncenter\" src=\"https:\/\/apuntesdesanluis.com\/wp-content\/uploads\/2024\/06\/DETENIDO-300x230.jpg\" alt=\"\" width=\"623\" height=\"478\" srcset=\"https:\/\/apuntesdesanluis.com\/wp-content\/uploads\/2024\/06\/DETENIDO-300x230.jpg 300w, https:\/\/apuntesdesanluis.com\/wp-content\/uploads\/2024\/06\/DETENIDO.jpg 581w\" sizes=\"(max-width: 623px) 100vw, 623px\" \/><\/p>\n<h4 style=\"text-align: center;\"><em>El imputado ya fue trasladado a la Penitenciar\u00eda Provincial.<\/em><\/h4>\n<h3>Asimismo, se refiri\u00f3 a la ubicaci\u00f3n de las heridas de defensa presentes en la v\u00edctima y explic\u00f3 que quien agredi\u00f3 a la adolescente es h\u00e1bil con su mano izquierda, caracter\u00edstica que coincide con el imputado. \u201cEntendemos que es un indicio muy importante de la autor\u00eda material\u201d, dijo.<\/h3>\n<h3>En relaci\u00f3n a la hora de muerte, precis\u00f3 que la misma se habr\u00eda producido doce horas antes del examen realizado por las m\u00e9dicas forenses, el cual se practic\u00f3 a las 19:30 del jueves 23 de mayo, con un margen de aproximaci\u00f3n de dos horas. Es decir, que el homicidio se habr\u00eda producido en una franja horaria que va desde las 5:30 a las 9:30 del jueves 23 de mayo.<\/h3>\n<h3>Asimismo, se refiri\u00f3 al hallazgo de manchas hem\u00e1ticas en una campera secuestrada al imputado durante un allanamiento y precis\u00f3 que los restos corresponden al mismo grupo sangu\u00edneo que al de la v\u00edctima.<\/h3>\n<h3>Tambi\u00e9n precis\u00f3, como lo hizo en la audiencia de formulaci\u00f3n de cargos, los movimientos desplegados por el imputado la ma\u00f1ana en la que ocurri\u00f3 el hecho, seg\u00fan el registro de diferentes c\u00e1maras de seguridad y precis\u00f3 que los mismos son indicios que refuerzan la teor\u00eda del Ministerio P\u00fablico Fiscal.<\/h3>\n<h3>Por otra parte, el Dr. Estrada mencion\u00f3 la ampliaci\u00f3n de algunas declaraciones testimoniales, entre ellas la de la madre de Anah\u00ed, quien mencion\u00f3 la sistem\u00e1tica ejecuci\u00f3n de actos de control y de celos que el imputado desplegaba sobre su persona.<\/h3>\n<h3>Luego de enumerar todas las evidencias incorporadas a la causa, el Fiscal solicit\u00f3 que se ampl\u00eden los cargos formulados y que el hecho sea encuadrado como un homicidio triplemente calificado por alevos\u00eda, ensa\u00f1amiento y femicidio transversal.<\/h3>\n<h3>La querella \u2013 representada por las Dras. Mar\u00eda Laura Rodr\u00edguez y Viviana Salinas \u2013 adhiri\u00f3 a la ampliaci\u00f3n de la formulaci\u00f3n de cargos y a la evidencia mencionada por el Ministerio P\u00fablico Fiscal.<\/h3>\n<p>&nbsp;<\/p>\n<p>&nbsp;<\/p>\n<p>&nbsp;<\/p>\n","protected":false},"excerpt":{"rendered":"<p>El Juez de Garant\u00eda N\u00ba 1\u00a0 dispuso el traslado al Servicio Penitenciario Provincial. Vencida la&#8230;<\/p>\n","protected":false},"author":1,"featured_media":17253,"comment_status":"closed","ping_status":"closed","sticky":false,"template":"","format":"standard","meta":{"footnotes":""},"categories":[6],"tags":[],"class_list":["post-17252","post","type-post","status-publish","format-standard","has-post-thumbnail","hentry","category-ciudad-provincia"],"yoast_head":"<!-- This site is optimized with the Yoast SEO plugin v26.1.1 - https:\/\/yoast.com\/wordpress\/plugins\/seo\/ -->\n<title>CASO ANAH\u00cd ROBLEDO YUVERO: DICTARON PRISI\u00d3N PREVENTIVA AL IMPUTADO - Apuntes de San Luis<\/title>\n<meta name=\"robots\" content=\"index, follow, max-snippet:-1, max-image-preview:large, max-video-preview:-1\" \/>\n<link rel=\"canonical\" href=\"https:\/\/apuntesdesanluis.com\/index.php\/2024\/06\/02\/caso-anahi-robledo-yuvero-dictaron-prision-preventiva-al-imputado\/\" \/>\n<meta property=\"og:locale\" content=\"es_ES\" \/>\n<meta property=\"og:type\" content=\"article\" \/>\n<meta property=\"og:title\" content=\"CASO ANAH\u00cd ROBLEDO YUVERO: DICTARON PRISI\u00d3N PREVENTIVA AL IMPUTADO - Apuntes de San Luis\" \/>\n<meta property=\"og:description\" content=\"El Juez de Garant\u00eda N\u00ba 1\u00a0 dispuso el traslado al Servicio Penitenciario Provincial. Vencida la...\" \/>\n<meta property=\"og:url\" content=\"https:\/\/apuntesdesanluis.com\/index.php\/2024\/06\/02\/caso-anahi-robledo-yuvero-dictaron-prision-preventiva-al-imputado\/\" \/>\n<meta property=\"og:site_name\" content=\"Apuntes de San Luis\" \/>\n<meta property=\"article:published_time\" content=\"2024-06-02T23:36:00+00:00\" \/>\n<meta property=\"article:modified_time\" content=\"2024-06-02T23:39:39+00:00\" \/>\n<meta property=\"og:image\" content=\"https:\/\/apuntesdesanluis.com\/wp-content\/uploads\/2024\/06\/ALFREDO-CUELLO.png\" \/>\n\t<meta property=\"og:image:width\" content=\"778\" \/>\n\t<meta property=\"og:image:height\" content=\"490\" \/>\n\t<meta property=\"og:image:type\" content=\"image\/png\" \/>\n<meta name=\"author\" content=\"apuntesdesanluis.com\" \/>\n<meta name=\"twitter:card\" content=\"summary_large_image\" \/>\n<meta name=\"twitter:label1\" content=\"Escrito por\" \/>\n\t<meta name=\"twitter:data1\" content=\"apuntesdesanluis.com\" \/>\n\t<meta name=\"twitter:label2\" content=\"Tiempo de lectura\" \/>\n\t<meta name=\"twitter:data2\" content=\"3 minutos\" \/>\n<script type=\"application\/ld+json\" class=\"yoast-schema-graph\">{\"@context\":\"https:\/\/schema.org\",\"@graph\":[{\"@type\":\"Article\",\"@id\":\"https:\/\/apuntesdesanluis.com\/index.php\/2024\/06\/02\/caso-anahi-robledo-yuvero-dictaron-prision-preventiva-al-imputado\/#article\",\"isPartOf\":{\"@id\":\"https:\/\/apuntesdesanluis.com\/index.php\/2024\/06\/02\/caso-anahi-robledo-yuvero-dictaron-prision-preventiva-al-imputado\/\"},\"author\":{\"name\":\"apuntesdesanluis.com\",\"@id\":\"https:\/\/apuntesdesanluis.com\/#\/schema\/person\/b55151d52296fcce64d1a72538a70b90\"},\"headline\":\"CASO ANAH\u00cd ROBLEDO YUVERO: DICTARON PRISI\u00d3N PREVENTIVA AL IMPUTADO\",\"datePublished\":\"2024-06-02T23:36:00+00:00\",\"dateModified\":\"2024-06-02T23:39:39+00:00\",\"mainEntityOfPage\":{\"@id\":\"https:\/\/apuntesdesanluis.com\/index.php\/2024\/06\/02\/caso-anahi-robledo-yuvero-dictaron-prision-preventiva-al-imputado\/\"},\"wordCount\":604,\"publisher\":{\"@id\":\"https:\/\/apuntesdesanluis.com\/#\/schema\/person\/b55151d52296fcce64d1a72538a70b90\"},\"image\":{\"@id\":\"https:\/\/apuntesdesanluis.com\/index.php\/2024\/06\/02\/caso-anahi-robledo-yuvero-dictaron-prision-preventiva-al-imputado\/#primaryimage\"},\"thumbnailUrl\":\"https:\/\/apuntesdesanluis.com\/wp-content\/uploads\/2024\/06\/ALFREDO-CUELLO.png\",\"articleSection\":[\"Ciudad\/Provincia\"],\"inLanguage\":\"es-AR\"},{\"@type\":\"WebPage\",\"@id\":\"https:\/\/apuntesdesanluis.com\/index.php\/2024\/06\/02\/caso-anahi-robledo-yuvero-dictaron-prision-preventiva-al-imputado\/\",\"url\":\"https:\/\/apuntesdesanluis.com\/index.php\/2024\/06\/02\/caso-anahi-robledo-yuvero-dictaron-prision-preventiva-al-imputado\/\",\"name\":\"CASO ANAH\u00cd ROBLEDO YUVERO: DICTARON PRISI\u00d3N PREVENTIVA AL IMPUTADO - Apuntes de San Luis\",\"isPartOf\":{\"@id\":\"https:\/\/apuntesdesanluis.com\/#website\"},\"primaryImageOfPage\":{\"@id\":\"https:\/\/apuntesdesanluis.com\/index.php\/2024\/06\/02\/caso-anahi-robledo-yuvero-dictaron-prision-preventiva-al-imputado\/#primaryimage\"},\"image\":{\"@id\":\"https:\/\/apuntesdesanluis.com\/index.php\/2024\/06\/02\/caso-anahi-robledo-yuvero-dictaron-prision-preventiva-al-imputado\/#primaryimage\"},\"thumbnailUrl\":\"https:\/\/apuntesdesanluis.com\/wp-content\/uploads\/2024\/06\/ALFREDO-CUELLO.png\",\"datePublished\":\"2024-06-02T23:36:00+00:00\",\"dateModified\":\"2024-06-02T23:39:39+00:00\",\"breadcrumb\":{\"@id\":\"https:\/\/apuntesdesanluis.com\/index.php\/2024\/06\/02\/caso-anahi-robledo-yuvero-dictaron-prision-preventiva-al-imputado\/#breadcrumb\"},\"inLanguage\":\"es-AR\",\"potentialAction\":[{\"@type\":\"ReadAction\",\"target\":[\"https:\/\/apuntesdesanluis.com\/index.php\/2024\/06\/02\/caso-anahi-robledo-yuvero-dictaron-prision-preventiva-al-imputado\/\"]}]},{\"@type\":\"ImageObject\",\"inLanguage\":\"es-AR\",\"@id\":\"https:\/\/apuntesdesanluis.com\/index.php\/2024\/06\/02\/caso-anahi-robledo-yuvero-dictaron-prision-preventiva-al-imputado\/#primaryimage\",\"url\":\"https:\/\/apuntesdesanluis.com\/wp-content\/uploads\/2024\/06\/ALFREDO-CUELLO.png\",\"contentUrl\":\"https:\/\/apuntesdesanluis.com\/wp-content\/uploads\/2024\/06\/ALFREDO-CUELLO.png\",\"width\":778,\"height\":490},{\"@type\":\"BreadcrumbList\",\"@id\":\"https:\/\/apuntesdesanluis.com\/index.php\/2024\/06\/02\/caso-anahi-robledo-yuvero-dictaron-prision-preventiva-al-imputado\/#breadcrumb\",\"itemListElement\":[{\"@type\":\"ListItem\",\"position\":1,\"name\":\"Inicio\",\"item\":\"https:\/\/apuntesdesanluis.com\/\"},{\"@type\":\"ListItem\",\"position\":2,\"name\":\"CASO ANAH\u00cd ROBLEDO YUVERO: DICTARON PRISI\u00d3N PREVENTIVA AL IMPUTADO\"}]},{\"@type\":\"WebSite\",\"@id\":\"https:\/\/apuntesdesanluis.com\/#website\",\"url\":\"https:\/\/apuntesdesanluis.com\/\",\"name\":\"Apuntes de San Luis\",\"description\":\"\",\"publisher\":{\"@id\":\"https:\/\/apuntesdesanluis.com\/#\/schema\/person\/b55151d52296fcce64d1a72538a70b90\"},\"potentialAction\":[{\"@type\":\"SearchAction\",\"target\":{\"@type\":\"EntryPoint\",\"urlTemplate\":\"https:\/\/apuntesdesanluis.com\/?s={search_term_string}\"},\"query-input\":{\"@type\":\"PropertyValueSpecification\",\"valueRequired\":true,\"valueName\":\"search_term_string\"}}],\"inLanguage\":\"es-AR\"},{\"@type\":[\"Person\",\"Organization\"],\"@id\":\"https:\/\/apuntesdesanluis.com\/#\/schema\/person\/b55151d52296fcce64d1a72538a70b90\",\"name\":\"apuntesdesanluis.com\",\"image\":{\"@type\":\"ImageObject\",\"inLanguage\":\"es-AR\",\"@id\":\"https:\/\/apuntesdesanluis.com\/#\/schema\/person\/image\/\",\"url\":\"https:\/\/apuntesdesanluis.com\/wp-content\/uploads\/2023\/07\/cropped-apuntesdesanluis.png\",\"contentUrl\":\"https:\/\/apuntesdesanluis.com\/wp-content\/uploads\/2023\/07\/cropped-apuntesdesanluis.png\",\"width\":450,\"height\":112,\"caption\":\"apuntesdesanluis.com\"},\"logo\":{\"@id\":\"https:\/\/apuntesdesanluis.com\/#\/schema\/person\/image\/\"},\"sameAs\":[\"https:\/\/apuntesdesanluis.com\"],\"url\":\"https:\/\/apuntesdesanluis.com\/index.php\/author\/apuntesdesanluis-com\/\"}]}<\/script>\n<!-- \/ Yoast SEO plugin. -->","yoast_head_json":{"title":"CASO ANAH\u00cd ROBLEDO YUVERO: DICTARON PRISI\u00d3N PREVENTIVA AL IMPUTADO - Apuntes de San Luis","robots":{"index":"index","follow":"follow","max-snippet":"max-snippet:-1","max-image-preview":"max-image-preview:large","max-video-preview":"max-video-preview:-1"},"canonical":"https:\/\/apuntesdesanluis.com\/index.php\/2024\/06\/02\/caso-anahi-robledo-yuvero-dictaron-prision-preventiva-al-imputado\/","og_locale":"es_ES","og_type":"article","og_title":"CASO ANAH\u00cd ROBLEDO YUVERO: DICTARON PRISI\u00d3N PREVENTIVA AL IMPUTADO - Apuntes de San Luis","og_description":"El Juez de Garant\u00eda N\u00ba 1\u00a0 dispuso el traslado al Servicio Penitenciario Provincial. Vencida la...","og_url":"https:\/\/apuntesdesanluis.com\/index.php\/2024\/06\/02\/caso-anahi-robledo-yuvero-dictaron-prision-preventiva-al-imputado\/","og_site_name":"Apuntes de San Luis","article_published_time":"2024-06-02T23:36:00+00:00","article_modified_time":"2024-06-02T23:39:39+00:00","og_image":[{"width":778,"height":490,"url":"https:\/\/apuntesdesanluis.com\/wp-content\/uploads\/2024\/06\/ALFREDO-CUELLO.png","type":"image\/png"}],"author":"apuntesdesanluis.com","twitter_card":"summary_large_image","twitter_misc":{"Escrito por":"apuntesdesanluis.com","Tiempo de lectura":"3 minutos"},"schema":{"@context":"https:\/\/schema.org","@graph":[{"@type":"Article","@id":"https:\/\/apuntesdesanluis.com\/index.php\/2024\/06\/02\/caso-anahi-robledo-yuvero-dictaron-prision-preventiva-al-imputado\/#article","isPartOf":{"@id":"https:\/\/apuntesdesanluis.com\/index.php\/2024\/06\/02\/caso-anahi-robledo-yuvero-dictaron-prision-preventiva-al-imputado\/"},"author":{"name":"apuntesdesanluis.com","@id":"https:\/\/apuntesdesanluis.com\/#\/schema\/person\/b55151d52296fcce64d1a72538a70b90"},"headline":"CASO ANAH\u00cd ROBLEDO YUVERO: DICTARON PRISI\u00d3N PREVENTIVA AL IMPUTADO","datePublished":"2024-06-02T23:36:00+00:00","dateModified":"2024-06-02T23:39:39+00:00","mainEntityOfPage":{"@id":"https:\/\/apuntesdesanluis.com\/index.php\/2024\/06\/02\/caso-anahi-robledo-yuvero-dictaron-prision-preventiva-al-imputado\/"},"wordCount":604,"publisher":{"@id":"https:\/\/apuntesdesanluis.com\/#\/schema\/person\/b55151d52296fcce64d1a72538a70b90"},"image":{"@id":"https:\/\/apuntesdesanluis.com\/index.php\/2024\/06\/02\/caso-anahi-robledo-yuvero-dictaron-prision-preventiva-al-imputado\/#primaryimage"},"thumbnailUrl":"https:\/\/apuntesdesanluis.com\/wp-content\/uploads\/2024\/06\/ALFREDO-CUELLO.png","articleSection":["Ciudad\/Provincia"],"inLanguage":"es-AR"},{"@type":"WebPage","@id":"https:\/\/apuntesdesanluis.com\/index.php\/2024\/06\/02\/caso-anahi-robledo-yuvero-dictaron-prision-preventiva-al-imputado\/","url":"https:\/\/apuntesdesanluis.com\/index.php\/2024\/06\/02\/caso-anahi-robledo-yuvero-dictaron-prision-preventiva-al-imputado\/","name":"CASO ANAH\u00cd ROBLEDO YUVERO: DICTARON PRISI\u00d3N PREVENTIVA AL IMPUTADO - Apuntes de San Luis","isPartOf":{"@id":"https:\/\/apuntesdesanluis.com\/#website"},"primaryImageOfPage":{"@id":"https:\/\/apuntesdesanluis.com\/index.php\/2024\/06\/02\/caso-anahi-robledo-yuvero-dictaron-prision-preventiva-al-imputado\/#primaryimage"},"image":{"@id":"https:\/\/apuntesdesanluis.com\/index.php\/2024\/06\/02\/caso-anahi-robledo-yuvero-dictaron-prision-preventiva-al-imputado\/#primaryimage"},"thumbnailUrl":"https:\/\/apuntesdesanluis.com\/wp-content\/uploads\/2024\/06\/ALFREDO-CUELLO.png","datePublished":"2024-06-02T23:36:00+00:00","dateModified":"2024-06-02T23:39:39+00:00","breadcrumb":{"@id":"https:\/\/apuntesdesanluis.com\/index.php\/2024\/06\/02\/caso-anahi-robledo-yuvero-dictaron-prision-preventiva-al-imputado\/#breadcrumb"},"inLanguage":"es-AR","potentialAction":[{"@type":"ReadAction","target":["https:\/\/apuntesdesanluis.com\/index.php\/2024\/06\/02\/caso-anahi-robledo-yuvero-dictaron-prision-preventiva-al-imputado\/"]}]},{"@type":"ImageObject","inLanguage":"es-AR","@id":"https:\/\/apuntesdesanluis.com\/index.php\/2024\/06\/02\/caso-anahi-robledo-yuvero-dictaron-prision-preventiva-al-imputado\/#primaryimage","url":"https:\/\/apuntesdesanluis.com\/wp-content\/uploads\/2024\/06\/ALFREDO-CUELLO.png","contentUrl":"https:\/\/apuntesdesanluis.com\/wp-content\/uploads\/2024\/06\/ALFREDO-CUELLO.png","width":778,"height":490},{"@type":"BreadcrumbList","@id":"https:\/\/apuntesdesanluis.com\/index.php\/2024\/06\/02\/caso-anahi-robledo-yuvero-dictaron-prision-preventiva-al-imputado\/#breadcrumb","itemListElement":[{"@type":"ListItem","position":1,"name":"Inicio","item":"https:\/\/apuntesdesanluis.com\/"},{"@type":"ListItem","position":2,"name":"CASO ANAH\u00cd ROBLEDO YUVERO: DICTARON PRISI\u00d3N PREVENTIVA AL IMPUTADO"}]},{"@type":"WebSite","@id":"https:\/\/apuntesdesanluis.com\/#website","url":"https:\/\/apuntesdesanluis.com\/","name":"Apuntes de San Luis","description":"","publisher":{"@id":"https:\/\/apuntesdesanluis.com\/#\/schema\/person\/b55151d52296fcce64d1a72538a70b90"},"potentialAction":[{"@type":"SearchAction","target":{"@type":"EntryPoint","urlTemplate":"https:\/\/apuntesdesanluis.com\/?s={search_term_string}"},"query-input":{"@type":"PropertyValueSpecification","valueRequired":true,"valueName":"search_term_string"}}],"inLanguage":"es-AR"},{"@type":["Person","Organization"],"@id":"https:\/\/apuntesdesanluis.com\/#\/schema\/person\/b55151d52296fcce64d1a72538a70b90","name":"apuntesdesanluis.com","image":{"@type":"ImageObject","inLanguage":"es-AR","@id":"https:\/\/apuntesdesanluis.com\/#\/schema\/person\/image\/","url":"https:\/\/apuntesdesanluis.com\/wp-content\/uploads\/2023\/07\/cropped-apuntesdesanluis.png","contentUrl":"https:\/\/apuntesdesanluis.com\/wp-content\/uploads\/2023\/07\/cropped-apuntesdesanluis.png","width":450,"height":112,"caption":"apuntesdesanluis.com"},"logo":{"@id":"https:\/\/apuntesdesanluis.com\/#\/schema\/person\/image\/"},"sameAs":["https:\/\/apuntesdesanluis.com"],"url":"https:\/\/apuntesdesanluis.com\/index.php\/author\/apuntesdesanluis-com\/"}]}},"featured_image_urls":{"full":["https:\/\/apuntesdesanluis.com\/wp-content\/uploads\/2024\/06\/ALFREDO-CUELLO.png",778,490,false],"thumbnail":["https:\/\/apuntesdesanluis.com\/wp-content\/uploads\/2024\/06\/ALFREDO-CUELLO-150x150.png",150,150,true],"medium":["https:\/\/apuntesdesanluis.com\/wp-content\/uploads\/2024\/06\/ALFREDO-CUELLO-300x189.png",300,189,true],"medium_large":["https:\/\/apuntesdesanluis.com\/wp-content\/uploads\/2024\/06\/ALFREDO-CUELLO-768x484.png",640,403,true],"large":["https:\/\/apuntesdesanluis.com\/wp-content\/uploads\/2024\/06\/ALFREDO-CUELLO.png",640,403,false],"1536x1536":["https:\/\/apuntesdesanluis.com\/wp-content\/uploads\/2024\/06\/ALFREDO-CUELLO.png",778,490,false],"2048x2048":["https:\/\/apuntesdesanluis.com\/wp-content\/uploads\/2024\/06\/ALFREDO-CUELLO.png",778,490,false],"newsever-slider-full":["https:\/\/apuntesdesanluis.com\/wp-content\/uploads\/2024\/06\/ALFREDO-CUELLO.png",778,490,false],"newsever-featured":["https:\/\/apuntesdesanluis.com\/wp-content\/uploads\/2024\/06\/ALFREDO-CUELLO.png",778,490,false],"newsever-medium":["https:\/\/apuntesdesanluis.com\/wp-content\/uploads\/2024\/06\/ALFREDO-CUELLO-720x475.png",720,475,true]},"author_info":{"display_name":"apuntesdesanluis.com","author_link":"https:\/\/apuntesdesanluis.com\/index.php\/author\/apuntesdesanluis-com\/"},"category_info":"<a href=\"https:\/\/apuntesdesanluis.com\/index.php\/category\/ciudad-provincia\/\" rel=\"category tag\">Ciudad\/Provincia<\/a>","tag_info":"Ciudad\/Provincia","comment_count":"0","_links":{"self":[{"href":"https:\/\/apuntesdesanluis.com\/index.php\/wp-json\/wp\/v2\/posts\/17252","targetHints":{"allow":["GET"]}}],"collection":[{"href":"https:\/\/apuntesdesanluis.com\/index.php\/wp-json\/wp\/v2\/posts"}],"about":[{"href":"https:\/\/apuntesdesanluis.com\/index.php\/wp-json\/wp\/v2\/types\/post"}],"author":[{"embeddable":true,"href":"https:\/\/apuntesdesanluis.com\/index.php\/wp-json\/wp\/v2\/users\/1"}],"replies":[{"embeddable":true,"href":"https:\/\/apuntesdesanluis.com\/index.php\/wp-json\/wp\/v2\/comments?post=17252"}],"version-history":[{"count":3,"href":"https:\/\/apuntesdesanluis.com\/index.php\/wp-json\/wp\/v2\/posts\/17252\/revisions"}],"predecessor-version":[{"id":17257,"href":"https:\/\/apuntesdesanluis.com\/index.php\/wp-json\/wp\/v2\/posts\/17252\/revisions\/17257"}],"wp:featuredmedia":[{"embeddable":true,"href":"https:\/\/apuntesdesanluis.com\/index.php\/wp-json\/wp\/v2\/media\/17253"}],"wp:attachment":[{"href":"https:\/\/apuntesdesanluis.com\/index.php\/wp-json\/wp\/v2\/media?parent=17252"}],"wp:term":[{"taxonomy":"category","embeddable":true,"href":"https:\/\/apuntesdesanluis.com\/index.php\/wp-json\/wp\/v2\/categories?post=17252"},{"taxonomy":"post_tag","embeddable":true,"href":"https:\/\/apuntesdesanluis.com\/index.php\/wp-json\/wp\/v2\/tags?post=17252"}],"curies":[{"name":"wp","href":"https:\/\/api.w.org\/{rel}","templated":true}]}}