{"id":17258,"date":"2024-06-01T21:44:39","date_gmt":"2024-06-02T00:44:39","guid":{"rendered":"https:\/\/apuntesdesanluis.com\/?p=17258"},"modified":"2024-06-02T21:48:05","modified_gmt":"2024-06-03T00:48:05","slug":"concluyeron-obras-de-iluminacion-en-el-predio-del-sindicato-de-la-carne","status":"publish","type":"post","link":"https:\/\/apuntesdesanluis.com\/index.php\/2024\/06\/01\/concluyeron-obras-de-iluminacion-en-el-predio-del-sindicato-de-la-carne\/","title":{"rendered":"CONCLUYERON OBRAS DE ILUMINACI\u00d3N EN EL PREDIO DEL SINDICATO DE LA CARNE"},"content":{"rendered":"<h3>\u201cEstamos muy felices de comunicarles que nuestro predio \u00b4Julio Mediavilla\u201d ha quedado excelente y ya se puede disfrutar a pleno\u201d, indic\u00f3 el Secretario General del Sindicato de la Carne, <strong>Marcelo Periale<\/strong>.<\/h3>\n<h3>Agreg\u00f3 que \u201cdesde hace un tiempo venimos sufriendo actos de vandalismos, algunos robos, lo que se suma al deterioro natural de las instalaciones. Por eso resolvimos llevar adelante una inversi\u00f3n muy necesaria, para poner en condiciones el predio\u201d.<\/h3>\n<p><img fetchpriority=\"high\" decoding=\"async\" class=\"wp-image-17260 aligncenter\" src=\"https:\/\/apuntesdesanluis.com\/wp-content\/uploads\/2024\/06\/Imagen-de-WhatsApp-2024-06-02-a-las-21.32.32_43c899d8-300x169.jpg\" alt=\"\" width=\"676\" height=\"381\" srcset=\"https:\/\/apuntesdesanluis.com\/wp-content\/uploads\/2024\/06\/Imagen-de-WhatsApp-2024-06-02-a-las-21.32.32_43c899d8-300x169.jpg 300w, https:\/\/apuntesdesanluis.com\/wp-content\/uploads\/2024\/06\/Imagen-de-WhatsApp-2024-06-02-a-las-21.32.32_43c899d8.jpg 600w\" sizes=\"(max-width: 676px) 100vw, 676px\" \/><\/p>\n<h3>B\u00e1sicamente lo que se hizo es un completo relevamiento de todas las instalaciones el\u00e9ctricas y el estado de juegos, asadores, sanitarios y dem\u00e1s. Pero lo m\u00e1s prioritario era el tema de la iluminaci\u00f3n, por lo que se compraron las luminarias faltantes y se arreglaron las roturas y desperfectos.<\/h3>\n<p><img decoding=\"async\" class=\"wp-image-17261 aligncenter\" src=\"https:\/\/apuntesdesanluis.com\/wp-content\/uploads\/2024\/06\/Imagen-de-WhatsApp-2024-06-02-a-las-21.32.41_09f2a447-300x169.jpg\" alt=\"\" width=\"675\" height=\"380\" srcset=\"https:\/\/apuntesdesanluis.com\/wp-content\/uploads\/2024\/06\/Imagen-de-WhatsApp-2024-06-02-a-las-21.32.41_09f2a447-300x169.jpg 300w, https:\/\/apuntesdesanluis.com\/wp-content\/uploads\/2024\/06\/Imagen-de-WhatsApp-2024-06-02-a-las-21.32.41_09f2a447.jpg 600w\" sizes=\"(max-width: 675px) 100vw, 675px\" \/><\/p>\n<h3>El dirigente se\u00f1al\u00f3 que \u201dpermanentemente estamos haciendo cosas y trabajando, desde cortar el paso hasta , sobre todo en estos momentos de tanta sequ\u00eda. Por supuesto esto nos insume un cierto presupuesto, pero es parte de nuestro patrimonio y es nuestra obligaci\u00f3n mantenerlo en las mejores condiciones\u201d.<\/h3>\n<h3>\u201cEl fin de semana efectuamos un recorrido y la verdad es que el predio ha quedado precioso, muy limpio y prolijo, como para que lo puedan disfrutar todos nuestros afiliados y sus familias todo el a\u00f1o\u201d, indic\u00f3 Periale.<\/h3>\n<p><img decoding=\"async\" class=\"wp-image-17262 aligncenter\" src=\"https:\/\/apuntesdesanluis.com\/wp-content\/uploads\/2024\/06\/Imagen-de-WhatsApp-2024-06-02-a-las-21.32.57_82a149a8-300x182.jpg\" alt=\"\" width=\"674\" height=\"409\" srcset=\"https:\/\/apuntesdesanluis.com\/wp-content\/uploads\/2024\/06\/Imagen-de-WhatsApp-2024-06-02-a-las-21.32.57_82a149a8-300x182.jpg 300w, https:\/\/apuntesdesanluis.com\/wp-content\/uploads\/2024\/06\/Imagen-de-WhatsApp-2024-06-02-a-las-21.32.57_82a149a8.jpg 556w\" sizes=\"(max-width: 674px) 100vw, 674px\" \/><\/p>\n<p>&nbsp;<\/p>\n<p>&nbsp;<\/p>\n<p>&nbsp;<\/p>\n<p>&nbsp;<\/p>\n<p>&nbsp;<\/p>\n<p>&nbsp;<\/p>\n","protected":false},"excerpt":{"rendered":"<p>\u201cEstamos muy felices de comunicarles que nuestro predio \u00b4Julio Mediavilla\u201d ha quedado excelente y ya&#8230;<\/p>\n","protected":false},"author":1,"featured_media":17259,"comment_status":"closed","ping_status":"closed","sticky":false,"template":"","format":"standard","meta":{"footnotes":""},"categories":[6],"tags":[],"class_list":["post-17258","post","type-post","status-publish","format-standard","has-post-thumbnail","hentry","category-ciudad-provincia"],"yoast_head":"<!-- This site is optimized with the Yoast SEO plugin v26.1.1 - https:\/\/yoast.com\/wordpress\/plugins\/seo\/ -->\n<title>CONCLUYERON OBRAS DE ILUMINACI\u00d3N EN EL PREDIO DEL SINDICATO DE LA CARNE - Apuntes de San Luis<\/title>\n<meta name=\"robots\" content=\"index, follow, max-snippet:-1, max-image-preview:large, max-video-preview:-1\" \/>\n<link rel=\"canonical\" href=\"https:\/\/apuntesdesanluis.com\/index.php\/2024\/06\/01\/concluyeron-obras-de-iluminacion-en-el-predio-del-sindicato-de-la-carne\/\" \/>\n<meta property=\"og:locale\" content=\"es_ES\" \/>\n<meta property=\"og:type\" content=\"article\" \/>\n<meta property=\"og:title\" content=\"CONCLUYERON OBRAS DE ILUMINACI\u00d3N EN EL PREDIO DEL SINDICATO DE LA CARNE - Apuntes de San Luis\" \/>\n<meta property=\"og:description\" content=\"\u201cEstamos muy felices de comunicarles que nuestro predio \u00b4Julio Mediavilla\u201d ha quedado excelente y ya...\" \/>\n<meta property=\"og:url\" content=\"https:\/\/apuntesdesanluis.com\/index.php\/2024\/06\/01\/concluyeron-obras-de-iluminacion-en-el-predio-del-sindicato-de-la-carne\/\" \/>\n<meta property=\"og:site_name\" content=\"Apuntes de San Luis\" \/>\n<meta property=\"article:published_time\" content=\"2024-06-02T00:44:39+00:00\" \/>\n<meta property=\"article:modified_time\" content=\"2024-06-03T00:48:05+00:00\" \/>\n<meta property=\"og:image\" content=\"https:\/\/apuntesdesanluis.com\/wp-content\/uploads\/2024\/06\/Imagen-de-WhatsApp-2024-06-02-a-las-21.32.48_9cdd9097.jpg\" \/>\n\t<meta property=\"og:image:width\" content=\"567\" \/>\n\t<meta property=\"og:image:height\" content=\"304\" \/>\n\t<meta property=\"og:image:type\" content=\"image\/jpeg\" \/>\n<meta name=\"author\" content=\"apuntesdesanluis.com\" \/>\n<meta name=\"twitter:card\" content=\"summary_large_image\" \/>\n<meta name=\"twitter:label1\" content=\"Escrito por\" \/>\n\t<meta name=\"twitter:data1\" content=\"apuntesdesanluis.com\" \/>\n\t<meta name=\"twitter:label2\" content=\"Tiempo de lectura\" \/>\n\t<meta name=\"twitter:data2\" content=\"2 minutos\" \/>\n<script type=\"application\/ld+json\" class=\"yoast-schema-graph\">{\"@context\":\"https:\/\/schema.org\",\"@graph\":[{\"@type\":\"Article\",\"@id\":\"https:\/\/apuntesdesanluis.com\/index.php\/2024\/06\/01\/concluyeron-obras-de-iluminacion-en-el-predio-del-sindicato-de-la-carne\/#article\",\"isPartOf\":{\"@id\":\"https:\/\/apuntesdesanluis.com\/index.php\/2024\/06\/01\/concluyeron-obras-de-iluminacion-en-el-predio-del-sindicato-de-la-carne\/\"},\"author\":{\"name\":\"apuntesdesanluis.com\",\"@id\":\"https:\/\/apuntesdesanluis.com\/#\/schema\/person\/b55151d52296fcce64d1a72538a70b90\"},\"headline\":\"CONCLUYERON OBRAS DE ILUMINACI\u00d3N EN EL PREDIO DEL SINDICATO DE LA CARNE\",\"datePublished\":\"2024-06-02T00:44:39+00:00\",\"dateModified\":\"2024-06-03T00:48:05+00:00\",\"mainEntityOfPage\":{\"@id\":\"https:\/\/apuntesdesanluis.com\/index.php\/2024\/06\/01\/concluyeron-obras-de-iluminacion-en-el-predio-del-sindicato-de-la-carne\/\"},\"wordCount\":230,\"publisher\":{\"@id\":\"https:\/\/apuntesdesanluis.com\/#\/schema\/person\/b55151d52296fcce64d1a72538a70b90\"},\"image\":{\"@id\":\"https:\/\/apuntesdesanluis.com\/index.php\/2024\/06\/01\/concluyeron-obras-de-iluminacion-en-el-predio-del-sindicato-de-la-carne\/#primaryimage\"},\"thumbnailUrl\":\"https:\/\/apuntesdesanluis.com\/wp-content\/uploads\/2024\/06\/Imagen-de-WhatsApp-2024-06-02-a-las-21.32.48_9cdd9097.jpg\",\"articleSection\":[\"Ciudad\/Provincia\"],\"inLanguage\":\"es-AR\"},{\"@type\":\"WebPage\",\"@id\":\"https:\/\/apuntesdesanluis.com\/index.php\/2024\/06\/01\/concluyeron-obras-de-iluminacion-en-el-predio-del-sindicato-de-la-carne\/\",\"url\":\"https:\/\/apuntesdesanluis.com\/index.php\/2024\/06\/01\/concluyeron-obras-de-iluminacion-en-el-predio-del-sindicato-de-la-carne\/\",\"name\":\"CONCLUYERON OBRAS DE ILUMINACI\u00d3N EN EL PREDIO DEL SINDICATO DE LA CARNE - Apuntes de San Luis\",\"isPartOf\":{\"@id\":\"https:\/\/apuntesdesanluis.com\/#website\"},\"primaryImageOfPage\":{\"@id\":\"https:\/\/apuntesdesanluis.com\/index.php\/2024\/06\/01\/concluyeron-obras-de-iluminacion-en-el-predio-del-sindicato-de-la-carne\/#primaryimage\"},\"image\":{\"@id\":\"https:\/\/apuntesdesanluis.com\/index.php\/2024\/06\/01\/concluyeron-obras-de-iluminacion-en-el-predio-del-sindicato-de-la-carne\/#primaryimage\"},\"thumbnailUrl\":\"https:\/\/apuntesdesanluis.com\/wp-content\/uploads\/2024\/06\/Imagen-de-WhatsApp-2024-06-02-a-las-21.32.48_9cdd9097.jpg\",\"datePublished\":\"2024-06-02T00:44:39+00:00\",\"dateModified\":\"2024-06-03T00:48:05+00:00\",\"breadcrumb\":{\"@id\":\"https:\/\/apuntesdesanluis.com\/index.php\/2024\/06\/01\/concluyeron-obras-de-iluminacion-en-el-predio-del-sindicato-de-la-carne\/#breadcrumb\"},\"inLanguage\":\"es-AR\",\"potentialAction\":[{\"@type\":\"ReadAction\",\"target\":[\"https:\/\/apuntesdesanluis.com\/index.php\/2024\/06\/01\/concluyeron-obras-de-iluminacion-en-el-predio-del-sindicato-de-la-carne\/\"]}]},{\"@type\":\"ImageObject\",\"inLanguage\":\"es-AR\",\"@id\":\"https:\/\/apuntesdesanluis.com\/index.php\/2024\/06\/01\/concluyeron-obras-de-iluminacion-en-el-predio-del-sindicato-de-la-carne\/#primaryimage\",\"url\":\"https:\/\/apuntesdesanluis.com\/wp-content\/uploads\/2024\/06\/Imagen-de-WhatsApp-2024-06-02-a-las-21.32.48_9cdd9097.jpg\",\"contentUrl\":\"https:\/\/apuntesdesanluis.com\/wp-content\/uploads\/2024\/06\/Imagen-de-WhatsApp-2024-06-02-a-las-21.32.48_9cdd9097.jpg\",\"width\":567,\"height\":304},{\"@type\":\"BreadcrumbList\",\"@id\":\"https:\/\/apuntesdesanluis.com\/index.php\/2024\/06\/01\/concluyeron-obras-de-iluminacion-en-el-predio-del-sindicato-de-la-carne\/#breadcrumb\",\"itemListElement\":[{\"@type\":\"ListItem\",\"position\":1,\"name\":\"Inicio\",\"item\":\"https:\/\/apuntesdesanluis.com\/\"},{\"@type\":\"ListItem\",\"position\":2,\"name\":\"CONCLUYERON OBRAS DE ILUMINACI\u00d3N EN EL PREDIO DEL SINDICATO DE LA CARNE\"}]},{\"@type\":\"WebSite\",\"@id\":\"https:\/\/apuntesdesanluis.com\/#website\",\"url\":\"https:\/\/apuntesdesanluis.com\/\",\"name\":\"Apuntes de San Luis\",\"description\":\"\",\"publisher\":{\"@id\":\"https:\/\/apuntesdesanluis.com\/#\/schema\/person\/b55151d52296fcce64d1a72538a70b90\"},\"potentialAction\":[{\"@type\":\"SearchAction\",\"target\":{\"@type\":\"EntryPoint\",\"urlTemplate\":\"https:\/\/apuntesdesanluis.com\/?s={search_term_string}\"},\"query-input\":{\"@type\":\"PropertyValueSpecification\",\"valueRequired\":true,\"valueName\":\"search_term_string\"}}],\"inLanguage\":\"es-AR\"},{\"@type\":[\"Person\",\"Organization\"],\"@id\":\"https:\/\/apuntesdesanluis.com\/#\/schema\/person\/b55151d52296fcce64d1a72538a70b90\",\"name\":\"apuntesdesanluis.com\",\"image\":{\"@type\":\"ImageObject\",\"inLanguage\":\"es-AR\",\"@id\":\"https:\/\/apuntesdesanluis.com\/#\/schema\/person\/image\/\",\"url\":\"https:\/\/apuntesdesanluis.com\/wp-content\/uploads\/2023\/07\/cropped-apuntesdesanluis.png\",\"contentUrl\":\"https:\/\/apuntesdesanluis.com\/wp-content\/uploads\/2023\/07\/cropped-apuntesdesanluis.png\",\"width\":450,\"height\":112,\"caption\":\"apuntesdesanluis.com\"},\"logo\":{\"@id\":\"https:\/\/apuntesdesanluis.com\/#\/schema\/person\/image\/\"},\"sameAs\":[\"https:\/\/apuntesdesanluis.com\"],\"url\":\"https:\/\/apuntesdesanluis.com\/index.php\/author\/apuntesdesanluis-com\/\"}]}<\/script>\n<!-- \/ Yoast SEO plugin. -->","yoast_head_json":{"title":"CONCLUYERON OBRAS DE ILUMINACI\u00d3N EN EL PREDIO DEL SINDICATO DE LA CARNE - Apuntes de San Luis","robots":{"index":"index","follow":"follow","max-snippet":"max-snippet:-1","max-image-preview":"max-image-preview:large","max-video-preview":"max-video-preview:-1"},"canonical":"https:\/\/apuntesdesanluis.com\/index.php\/2024\/06\/01\/concluyeron-obras-de-iluminacion-en-el-predio-del-sindicato-de-la-carne\/","og_locale":"es_ES","og_type":"article","og_title":"CONCLUYERON OBRAS DE ILUMINACI\u00d3N EN EL PREDIO DEL SINDICATO DE LA CARNE - Apuntes de San Luis","og_description":"\u201cEstamos muy felices de comunicarles que nuestro predio \u00b4Julio Mediavilla\u201d ha quedado excelente y ya...","og_url":"https:\/\/apuntesdesanluis.com\/index.php\/2024\/06\/01\/concluyeron-obras-de-iluminacion-en-el-predio-del-sindicato-de-la-carne\/","og_site_name":"Apuntes de San Luis","article_published_time":"2024-06-02T00:44:39+00:00","article_modified_time":"2024-06-03T00:48:05+00:00","og_image":[{"width":567,"height":304,"url":"https:\/\/apuntesdesanluis.com\/wp-content\/uploads\/2024\/06\/Imagen-de-WhatsApp-2024-06-02-a-las-21.32.48_9cdd9097.jpg","type":"image\/jpeg"}],"author":"apuntesdesanluis.com","twitter_card":"summary_large_image","twitter_misc":{"Escrito por":"apuntesdesanluis.com","Tiempo de lectura":"2 minutos"},"schema":{"@context":"https:\/\/schema.org","@graph":[{"@type":"Article","@id":"https:\/\/apuntesdesanluis.com\/index.php\/2024\/06\/01\/concluyeron-obras-de-iluminacion-en-el-predio-del-sindicato-de-la-carne\/#article","isPartOf":{"@id":"https:\/\/apuntesdesanluis.com\/index.php\/2024\/06\/01\/concluyeron-obras-de-iluminacion-en-el-predio-del-sindicato-de-la-carne\/"},"author":{"name":"apuntesdesanluis.com","@id":"https:\/\/apuntesdesanluis.com\/#\/schema\/person\/b55151d52296fcce64d1a72538a70b90"},"headline":"CONCLUYERON OBRAS DE ILUMINACI\u00d3N EN EL PREDIO DEL SINDICATO DE LA CARNE","datePublished":"2024-06-02T00:44:39+00:00","dateModified":"2024-06-03T00:48:05+00:00","mainEntityOfPage":{"@id":"https:\/\/apuntesdesanluis.com\/index.php\/2024\/06\/01\/concluyeron-obras-de-iluminacion-en-el-predio-del-sindicato-de-la-carne\/"},"wordCount":230,"publisher":{"@id":"https:\/\/apuntesdesanluis.com\/#\/schema\/person\/b55151d52296fcce64d1a72538a70b90"},"image":{"@id":"https:\/\/apuntesdesanluis.com\/index.php\/2024\/06\/01\/concluyeron-obras-de-iluminacion-en-el-predio-del-sindicato-de-la-carne\/#primaryimage"},"thumbnailUrl":"https:\/\/apuntesdesanluis.com\/wp-content\/uploads\/2024\/06\/Imagen-de-WhatsApp-2024-06-02-a-las-21.32.48_9cdd9097.jpg","articleSection":["Ciudad\/Provincia"],"inLanguage":"es-AR"},{"@type":"WebPage","@id":"https:\/\/apuntesdesanluis.com\/index.php\/2024\/06\/01\/concluyeron-obras-de-iluminacion-en-el-predio-del-sindicato-de-la-carne\/","url":"https:\/\/apuntesdesanluis.com\/index.php\/2024\/06\/01\/concluyeron-obras-de-iluminacion-en-el-predio-del-sindicato-de-la-carne\/","name":"CONCLUYERON OBRAS DE ILUMINACI\u00d3N EN EL PREDIO DEL SINDICATO DE LA CARNE - Apuntes de San Luis","isPartOf":{"@id":"https:\/\/apuntesdesanluis.com\/#website"},"primaryImageOfPage":{"@id":"https:\/\/apuntesdesanluis.com\/index.php\/2024\/06\/01\/concluyeron-obras-de-iluminacion-en-el-predio-del-sindicato-de-la-carne\/#primaryimage"},"image":{"@id":"https:\/\/apuntesdesanluis.com\/index.php\/2024\/06\/01\/concluyeron-obras-de-iluminacion-en-el-predio-del-sindicato-de-la-carne\/#primaryimage"},"thumbnailUrl":"https:\/\/apuntesdesanluis.com\/wp-content\/uploads\/2024\/06\/Imagen-de-WhatsApp-2024-06-02-a-las-21.32.48_9cdd9097.jpg","datePublished":"2024-06-02T00:44:39+00:00","dateModified":"2024-06-03T00:48:05+00:00","breadcrumb":{"@id":"https:\/\/apuntesdesanluis.com\/index.php\/2024\/06\/01\/concluyeron-obras-de-iluminacion-en-el-predio-del-sindicato-de-la-carne\/#breadcrumb"},"inLanguage":"es-AR","potentialAction":[{"@type":"ReadAction","target":["https:\/\/apuntesdesanluis.com\/index.php\/2024\/06\/01\/concluyeron-obras-de-iluminacion-en-el-predio-del-sindicato-de-la-carne\/"]}]},{"@type":"ImageObject","inLanguage":"es-AR","@id":"https:\/\/apuntesdesanluis.com\/index.php\/2024\/06\/01\/concluyeron-obras-de-iluminacion-en-el-predio-del-sindicato-de-la-carne\/#primaryimage","url":"https:\/\/apuntesdesanluis.com\/wp-content\/uploads\/2024\/06\/Imagen-de-WhatsApp-2024-06-02-a-las-21.32.48_9cdd9097.jpg","contentUrl":"https:\/\/apuntesdesanluis.com\/wp-content\/uploads\/2024\/06\/Imagen-de-WhatsApp-2024-06-02-a-las-21.32.48_9cdd9097.jpg","width":567,"height":304},{"@type":"BreadcrumbList","@id":"https:\/\/apuntesdesanluis.com\/index.php\/2024\/06\/01\/concluyeron-obras-de-iluminacion-en-el-predio-del-sindicato-de-la-carne\/#breadcrumb","itemListElement":[{"@type":"ListItem","position":1,"name":"Inicio","item":"https:\/\/apuntesdesanluis.com\/"},{"@type":"ListItem","position":2,"name":"CONCLUYERON OBRAS DE ILUMINACI\u00d3N EN EL PREDIO DEL SINDICATO DE LA CARNE"}]},{"@type":"WebSite","@id":"https:\/\/apuntesdesanluis.com\/#website","url":"https:\/\/apuntesdesanluis.com\/","name":"Apuntes de San Luis","description":"","publisher":{"@id":"https:\/\/apuntesdesanluis.com\/#\/schema\/person\/b55151d52296fcce64d1a72538a70b90"},"potentialAction":[{"@type":"SearchAction","target":{"@type":"EntryPoint","urlTemplate":"https:\/\/apuntesdesanluis.com\/?s={search_term_string}"},"query-input":{"@type":"PropertyValueSpecification","valueRequired":true,"valueName":"search_term_string"}}],"inLanguage":"es-AR"},{"@type":["Person","Organization"],"@id":"https:\/\/apuntesdesanluis.com\/#\/schema\/person\/b55151d52296fcce64d1a72538a70b90","name":"apuntesdesanluis.com","image":{"@type":"ImageObject","inLanguage":"es-AR","@id":"https:\/\/apuntesdesanluis.com\/#\/schema\/person\/image\/","url":"https:\/\/apuntesdesanluis.com\/wp-content\/uploads\/2023\/07\/cropped-apuntesdesanluis.png","contentUrl":"https:\/\/apuntesdesanluis.com\/wp-content\/uploads\/2023\/07\/cropped-apuntesdesanluis.png","width":450,"height":112,"caption":"apuntesdesanluis.com"},"logo":{"@id":"https:\/\/apuntesdesanluis.com\/#\/schema\/person\/image\/"},"sameAs":["https:\/\/apuntesdesanluis.com"],"url":"https:\/\/apuntesdesanluis.com\/index.php\/author\/apuntesdesanluis-com\/"}]}},"featured_image_urls":{"full":["https:\/\/apuntesdesanluis.com\/wp-content\/uploads\/2024\/06\/Imagen-de-WhatsApp-2024-06-02-a-las-21.32.48_9cdd9097.jpg",567,304,false],"thumbnail":["https:\/\/apuntesdesanluis.com\/wp-content\/uploads\/2024\/06\/Imagen-de-WhatsApp-2024-06-02-a-las-21.32.48_9cdd9097-150x150.jpg",150,150,true],"medium":["https:\/\/apuntesdesanluis.com\/wp-content\/uploads\/2024\/06\/Imagen-de-WhatsApp-2024-06-02-a-las-21.32.48_9cdd9097-300x161.jpg",300,161,true],"medium_large":["https:\/\/apuntesdesanluis.com\/wp-content\/uploads\/2024\/06\/Imagen-de-WhatsApp-2024-06-02-a-las-21.32.48_9cdd9097.jpg",567,304,false],"large":["https:\/\/apuntesdesanluis.com\/wp-content\/uploads\/2024\/06\/Imagen-de-WhatsApp-2024-06-02-a-las-21.32.48_9cdd9097.jpg",567,304,false],"1536x1536":["https:\/\/apuntesdesanluis.com\/wp-content\/uploads\/2024\/06\/Imagen-de-WhatsApp-2024-06-02-a-las-21.32.48_9cdd9097.jpg",567,304,false],"2048x2048":["https:\/\/apuntesdesanluis.com\/wp-content\/uploads\/2024\/06\/Imagen-de-WhatsApp-2024-06-02-a-las-21.32.48_9cdd9097.jpg",567,304,false],"newsever-slider-full":["https:\/\/apuntesdesanluis.com\/wp-content\/uploads\/2024\/06\/Imagen-de-WhatsApp-2024-06-02-a-las-21.32.48_9cdd9097.jpg",567,304,false],"newsever-featured":["https:\/\/apuntesdesanluis.com\/wp-content\/uploads\/2024\/06\/Imagen-de-WhatsApp-2024-06-02-a-las-21.32.48_9cdd9097.jpg",567,304,false],"newsever-medium":["https:\/\/apuntesdesanluis.com\/wp-content\/uploads\/2024\/06\/Imagen-de-WhatsApp-2024-06-02-a-las-21.32.48_9cdd9097.jpg",567,304,false]},"author_info":{"display_name":"apuntesdesanluis.com","author_link":"https:\/\/apuntesdesanluis.com\/index.php\/author\/apuntesdesanluis-com\/"},"category_info":"<a href=\"https:\/\/apuntesdesanluis.com\/index.php\/category\/ciudad-provincia\/\" rel=\"category tag\">Ciudad\/Provincia<\/a>","tag_info":"Ciudad\/Provincia","comment_count":"0","_links":{"self":[{"href":"https:\/\/apuntesdesanluis.com\/index.php\/wp-json\/wp\/v2\/posts\/17258","targetHints":{"allow":["GET"]}}],"collection":[{"href":"https:\/\/apuntesdesanluis.com\/index.php\/wp-json\/wp\/v2\/posts"}],"about":[{"href":"https:\/\/apuntesdesanluis.com\/index.php\/wp-json\/wp\/v2\/types\/post"}],"author":[{"embeddable":true,"href":"https:\/\/apuntesdesanluis.com\/index.php\/wp-json\/wp\/v2\/users\/1"}],"replies":[{"embeddable":true,"href":"https:\/\/apuntesdesanluis.com\/index.php\/wp-json\/wp\/v2\/comments?post=17258"}],"version-history":[{"count":1,"href":"https:\/\/apuntesdesanluis.com\/index.php\/wp-json\/wp\/v2\/posts\/17258\/revisions"}],"predecessor-version":[{"id":17263,"href":"https:\/\/apuntesdesanluis.com\/index.php\/wp-json\/wp\/v2\/posts\/17258\/revisions\/17263"}],"wp:featuredmedia":[{"embeddable":true,"href":"https:\/\/apuntesdesanluis.com\/index.php\/wp-json\/wp\/v2\/media\/17259"}],"wp:attachment":[{"href":"https:\/\/apuntesdesanluis.com\/index.php\/wp-json\/wp\/v2\/media?parent=17258"}],"wp:term":[{"taxonomy":"category","embeddable":true,"href":"https:\/\/apuntesdesanluis.com\/index.php\/wp-json\/wp\/v2\/categories?post=17258"},{"taxonomy":"post_tag","embeddable":true,"href":"https:\/\/apuntesdesanluis.com\/index.php\/wp-json\/wp\/v2\/tags?post=17258"}],"curies":[{"name":"wp","href":"https:\/\/api.w.org\/{rel}","templated":true}]}}