{"id":17269,"date":"2024-06-02T22:08:57","date_gmt":"2024-06-03T01:08:57","guid":{"rendered":"https:\/\/apuntesdesanluis.com\/?p=17269"},"modified":"2024-06-03T00:47:43","modified_gmt":"2024-06-03T03:47:43","slug":"gabinete-en-llamas-la-gestion-de-milei-suma-escandalos-y-lo-obliga-a-revisar-su-estructura","status":"publish","type":"post","link":"https:\/\/apuntesdesanluis.com\/index.php\/2024\/06\/02\/gabinete-en-llamas-la-gestion-de-milei-suma-escandalos-y-lo-obliga-a-revisar-su-estructura\/","title":{"rendered":"GABINETE EN LLAMAS: LA GESTI\u00d3N DE MILEI SUMA ESC\u00c1NDALOS Y LO OBLIGA A REVISAR SU ESTRUCTURA"},"content":{"rendered":"<h3>Mientras el mandatario acumula kil\u00f3metros internacionales y fotos con referentes en el exterior, la pol\u00edtica local y su equipo de trabajo no tiene un esquema claro. La anunciada salida de Posse y el ascenso de Guillermo Francos para intentar dar mayor cintura pol\u00edtica a un Ejecutivo que comenz\u00f3 intransigente y que con el correr de los meses debi\u00f3 suavizar algunas posiciones. El respaldo pleno a la ministra Pettovello y su cercan\u00eda con Adorni, los dos funcionarios con m\u00e1s llegada. El desabastecimiento de gas tambi\u00e9n dej\u00f3 al descubierto la falta de previsi\u00f3n y pone en el foco los postulados del oficialismo.<\/h3>\n<h3>Por <strong>Pablo Varela *<\/strong><\/h3>\n<h3>Cuando el presidente Javier Milei arribe hoy a la Argentina tras su gira por la costa oeste de los EE.UU. y su paso por El Salvador para asistir a la asunci\u00f3n de Nayib Bukele, se encontrar\u00e1 con un fierro caliente. Se trata de la peor crisis que atraviesa su Gabinete desde que asumi\u00f3 en diciembre del a\u00f1o pasado y que tuvo una semana para el olvido, la cual comenz\u00f3 con la renuncia de Nicol\u00e1s Posse y termin\u00f3 no solo con el esc\u00e1ndalo suscitado por la falta de reparto de los alimentos, sino tambi\u00e9n con denuncias cruzadas y la expulsi\u00f3n de un funcionario por supuesta creaci\u00f3n de una \u201ccaja pol\u00edtica\u201d en el Ministerio de Capital Humano.<\/h3>\n<h3>En paralelo, las usinas comunicacionales libertarias no han parado de destacar la potente agenda internacional del Presidente, quien el jueves pasado se reuni\u00f3 con el CEO de Meta, Mark Zuckerberg, en el intento de posicionar a la Argentina como un polo internacional para el desarrollo de la inteligencia artificial (IA), adem\u00e1s de otras reuniones con CEOs de Silicon Valley.<\/h3>\n<h3>La agenda internacional de Milei se extender\u00e1 en junio, cuando viaje al Viejo Continente para participar del G7, invitado por Giorgia Meloni, en donde tendr\u00e1 que verse cara a cara con el jefe del Gobierno de Espa\u00f1a, Pedro S\u00e1nchez. En principio, partir\u00e1 el 12 de este mes.<\/h3>\n<h3>Adem\u00e1s mantendr\u00e1 un encuentro bilateral con el presidente franc\u00e9s, Emmanuel Macron, y viajar\u00e1 a distintas ciudades (Madrid y Hamburgo) para recibir premios adem\u00e1s de participar de la cumbre de paz en Lucerna, Suiza. Tal como repiten en Casa Rosada, los itinerarios internacionales del Presidente son pasibles de ser modificados hasta \u00faltimo momento y es por eso que no se descarta que puedan sumarse nuevos destinos o nuevas reuniones durante el trayecto, o bien cancelarse.<\/h3>\n<h3>El Presidente, quien se muestra ajeno al d\u00eda a d\u00eda de la gesti\u00f3n y trabaja mayormente desde Olivos, mantiene mayor di\u00e1logo con dos de sus funcionarios. Por un lado, Sandra Pettovello, su amiga, a quien respalda 100% en medio de los esc\u00e1ndalos por los contratos truchos.<\/h3>\n<h3>Por otro lado, Manuel Adorni. Al vocero presidencial se lo vio caminar por los pasillos de la Casa Rosada con visible cansancio durante la semana por la diferencia horaria con la costa oeste de EE.UU., prueba de que el canal de di\u00e1logo est\u00e1 permanentemente abierto.<\/h3>\n<h3>La nutrida agenda de Milei en el exterior es la contracara de un gobierno que en las \u00faltimas semanas dej\u00f3 entrever todas las dificultades de la gesti\u00f3n y la descoordinaci\u00f3n para la ejecuci\u00f3n de pol\u00edticas p\u00fablicas. El reconocimiento mayor de dicho escenario fue la salida de Posse, que sum\u00f3 cr\u00edticas de todos los costados por la dilaci\u00f3n en la ejecuci\u00f3n de la gesti\u00f3n. En Casa Rosada lo atribuyeron al \u201cdise\u00f1o institucional\u201d, pero a su vez se rompi\u00f3 la confianza entre el Presidente y su amigo.<\/h3>\n<h3>El arribo de Guillermo Francos a la jefatura de la administraci\u00f3n no viene a agilizar la burocracia estatal, sino que viene a darle un nuevo dise\u00f1o de trabajo al Gobierno. El hombre que continuar\u00e1 conservando las atribuciones de ministro de Interior (di\u00e1logo con las provincias y rosca pol\u00edtica) se limitar\u00e1 a coordinar las distintas \u00e1reas y ministerios del gobierno otorg\u00e1ndoles en principio mayores m\u00e1rgenes de maniobra a cada una de las carteras.<\/h3>\n<h3>Tambi\u00e9n oficiar\u00e1 como vocero del gobierno, lo que ya ven\u00eda haciendo. Francos tiene en suspenso una serie de decisiones hasta el regreso del Presidente. Por caso, qu\u00e9 suceder\u00e1 con Mauricio Gonz\u00e1lez Botto, hombre a cargo de las empresas p\u00fablicas y que respond\u00eda a Posse. Hasta ac\u00e1 no se lo ha descontinuado para no perder su firma, lo que podr\u00eda derivar en mayores demoras administrativas. Tampoco est\u00e1 definida la suerte de Jorge Antelo, secretario estrat\u00e9gico, quien puso su renuncia a disposici\u00f3n.<\/h3>\n<h3>El vendaval que dej\u00f3 desnudo el funcionamiento del Gabinete fue tal, que hasta el secretario de Energ\u00eda, Eduardo Rodr\u00edguez Chirillo, un hombre de baj\u00edsimo perfil, sali\u00f3 a cruzar a Cristina Kirchner por el nivel de avance en las obras del gasoducto N\u00e9stor Kirchner.<\/h3>\n<h3>M\u00e1s all\u00e1 de la pirotecnia verbal, la falta de gesti\u00f3n y previsi\u00f3n qued\u00f3 al desnudo con el desabastecimiento. Hasta el Ministerio de Salud, conducido por el pr\u00e1cticamente desconocido Mario Russo, meti\u00f3 mano a su organigrama en la \u00faltima semana. En la cartera de Salud aducen que los cambios apuntan a mejorar la gesti\u00f3n.<\/h3>\n<h3>Las descoordinaciones volvieron a verse en la negociaci\u00f3n por la ley Bases y el Paquete Fiscal que acumularon cambios y firmas de disidencia. Adem\u00e1s, la fecha prevista para sesionar (la semana del 10 de junio) abre una ventana de tiempo que podr\u00eda jugar en contra. Mientras Milei estuvo fuera, el asesor Santiago Caputo se pase\u00f3 por la Casa Rosada con un pin de la \u201cMano del Rey\u201d, de la serie Games of Thrones, exhibiendo que \u00e9l ostenta el poder delegado. Caputo coincide en algo con CFK: su personaje favorito es Khaleesi, reina de los dragones.<\/h3>\n<h3><\/h3>\n<h4><span style=\"color: #3366ff;\"><em>* Columnista de Perfil.<\/em><\/span><\/h4>\n<p>&nbsp;<\/p>\n<p>&nbsp;<\/p>\n<p>&nbsp;<\/p>\n","protected":false},"excerpt":{"rendered":"<p>Mientras el mandatario acumula kil\u00f3metros internacionales y fotos con referentes en el exterior, la pol\u00edtica&#8230;<\/p>\n","protected":false},"author":1,"featured_media":17270,"comment_status":"closed","ping_status":"closed","sticky":false,"template":"","format":"standard","meta":{"footnotes":""},"categories":[9],"tags":[],"class_list":["post-17269","post","type-post","status-publish","format-standard","has-post-thumbnail","hentry","category-opinion"],"yoast_head":"<!-- This site is optimized with the Yoast SEO plugin v26.1.1 - https:\/\/yoast.com\/wordpress\/plugins\/seo\/ -->\n<title>GABINETE EN LLAMAS: LA GESTI\u00d3N DE MILEI SUMA ESC\u00c1NDALOS Y LO OBLIGA A REVISAR SU ESTRUCTURA - Apuntes de San Luis<\/title>\n<meta name=\"robots\" content=\"index, follow, max-snippet:-1, max-image-preview:large, max-video-preview:-1\" \/>\n<link rel=\"canonical\" href=\"https:\/\/apuntesdesanluis.com\/index.php\/2024\/06\/02\/gabinete-en-llamas-la-gestion-de-milei-suma-escandalos-y-lo-obliga-a-revisar-su-estructura\/\" \/>\n<meta property=\"og:locale\" content=\"es_ES\" \/>\n<meta property=\"og:type\" content=\"article\" \/>\n<meta property=\"og:title\" content=\"GABINETE EN LLAMAS: LA GESTI\u00d3N DE MILEI SUMA ESC\u00c1NDALOS Y LO OBLIGA A REVISAR SU ESTRUCTURA - Apuntes de San Luis\" \/>\n<meta property=\"og:description\" content=\"Mientras el mandatario acumula kil\u00f3metros internacionales y fotos con referentes en el exterior, la pol\u00edtica...\" \/>\n<meta property=\"og:url\" content=\"https:\/\/apuntesdesanluis.com\/index.php\/2024\/06\/02\/gabinete-en-llamas-la-gestion-de-milei-suma-escandalos-y-lo-obliga-a-revisar-su-estructura\/\" \/>\n<meta property=\"og:site_name\" content=\"Apuntes de San Luis\" \/>\n<meta property=\"article:published_time\" content=\"2024-06-03T01:08:57+00:00\" \/>\n<meta property=\"article:modified_time\" content=\"2024-06-03T03:47:43+00:00\" \/>\n<meta property=\"og:image\" content=\"https:\/\/apuntesdesanluis.com\/wp-content\/uploads\/2024\/06\/milei-en-llamas.png\" \/>\n\t<meta property=\"og:image:width\" content=\"744\" \/>\n\t<meta property=\"og:image:height\" content=\"494\" \/>\n\t<meta property=\"og:image:type\" content=\"image\/png\" \/>\n<meta name=\"author\" content=\"apuntesdesanluis.com\" \/>\n<meta name=\"twitter:card\" content=\"summary_large_image\" \/>\n<meta name=\"twitter:label1\" content=\"Escrito por\" \/>\n\t<meta name=\"twitter:data1\" content=\"apuntesdesanluis.com\" \/>\n\t<meta name=\"twitter:label2\" content=\"Tiempo de lectura\" \/>\n\t<meta name=\"twitter:data2\" content=\"5 minutos\" \/>\n<script type=\"application\/ld+json\" class=\"yoast-schema-graph\">{\"@context\":\"https:\/\/schema.org\",\"@graph\":[{\"@type\":\"Article\",\"@id\":\"https:\/\/apuntesdesanluis.com\/index.php\/2024\/06\/02\/gabinete-en-llamas-la-gestion-de-milei-suma-escandalos-y-lo-obliga-a-revisar-su-estructura\/#article\",\"isPartOf\":{\"@id\":\"https:\/\/apuntesdesanluis.com\/index.php\/2024\/06\/02\/gabinete-en-llamas-la-gestion-de-milei-suma-escandalos-y-lo-obliga-a-revisar-su-estructura\/\"},\"author\":{\"name\":\"apuntesdesanluis.com\",\"@id\":\"https:\/\/apuntesdesanluis.com\/#\/schema\/person\/b55151d52296fcce64d1a72538a70b90\"},\"headline\":\"GABINETE EN LLAMAS: LA GESTI\u00d3N DE MILEI SUMA ESC\u00c1NDALOS Y LO OBLIGA A REVISAR SU ESTRUCTURA\",\"datePublished\":\"2024-06-03T01:08:57+00:00\",\"dateModified\":\"2024-06-03T03:47:43+00:00\",\"mainEntityOfPage\":{\"@id\":\"https:\/\/apuntesdesanluis.com\/index.php\/2024\/06\/02\/gabinete-en-llamas-la-gestion-de-milei-suma-escandalos-y-lo-obliga-a-revisar-su-estructura\/\"},\"wordCount\":1003,\"publisher\":{\"@id\":\"https:\/\/apuntesdesanluis.com\/#\/schema\/person\/b55151d52296fcce64d1a72538a70b90\"},\"image\":{\"@id\":\"https:\/\/apuntesdesanluis.com\/index.php\/2024\/06\/02\/gabinete-en-llamas-la-gestion-de-milei-suma-escandalos-y-lo-obliga-a-revisar-su-estructura\/#primaryimage\"},\"thumbnailUrl\":\"https:\/\/apuntesdesanluis.com\/wp-content\/uploads\/2024\/06\/milei-en-llamas.png\",\"articleSection\":[\"Opini\u00f3n\"],\"inLanguage\":\"es-AR\"},{\"@type\":\"WebPage\",\"@id\":\"https:\/\/apuntesdesanluis.com\/index.php\/2024\/06\/02\/gabinete-en-llamas-la-gestion-de-milei-suma-escandalos-y-lo-obliga-a-revisar-su-estructura\/\",\"url\":\"https:\/\/apuntesdesanluis.com\/index.php\/2024\/06\/02\/gabinete-en-llamas-la-gestion-de-milei-suma-escandalos-y-lo-obliga-a-revisar-su-estructura\/\",\"name\":\"GABINETE EN LLAMAS: LA GESTI\u00d3N DE MILEI SUMA ESC\u00c1NDALOS Y LO OBLIGA A REVISAR SU ESTRUCTURA - Apuntes de San Luis\",\"isPartOf\":{\"@id\":\"https:\/\/apuntesdesanluis.com\/#website\"},\"primaryImageOfPage\":{\"@id\":\"https:\/\/apuntesdesanluis.com\/index.php\/2024\/06\/02\/gabinete-en-llamas-la-gestion-de-milei-suma-escandalos-y-lo-obliga-a-revisar-su-estructura\/#primaryimage\"},\"image\":{\"@id\":\"https:\/\/apuntesdesanluis.com\/index.php\/2024\/06\/02\/gabinete-en-llamas-la-gestion-de-milei-suma-escandalos-y-lo-obliga-a-revisar-su-estructura\/#primaryimage\"},\"thumbnailUrl\":\"https:\/\/apuntesdesanluis.com\/wp-content\/uploads\/2024\/06\/milei-en-llamas.png\",\"datePublished\":\"2024-06-03T01:08:57+00:00\",\"dateModified\":\"2024-06-03T03:47:43+00:00\",\"breadcrumb\":{\"@id\":\"https:\/\/apuntesdesanluis.com\/index.php\/2024\/06\/02\/gabinete-en-llamas-la-gestion-de-milei-suma-escandalos-y-lo-obliga-a-revisar-su-estructura\/#breadcrumb\"},\"inLanguage\":\"es-AR\",\"potentialAction\":[{\"@type\":\"ReadAction\",\"target\":[\"https:\/\/apuntesdesanluis.com\/index.php\/2024\/06\/02\/gabinete-en-llamas-la-gestion-de-milei-suma-escandalos-y-lo-obliga-a-revisar-su-estructura\/\"]}]},{\"@type\":\"ImageObject\",\"inLanguage\":\"es-AR\",\"@id\":\"https:\/\/apuntesdesanluis.com\/index.php\/2024\/06\/02\/gabinete-en-llamas-la-gestion-de-milei-suma-escandalos-y-lo-obliga-a-revisar-su-estructura\/#primaryimage\",\"url\":\"https:\/\/apuntesdesanluis.com\/wp-content\/uploads\/2024\/06\/milei-en-llamas.png\",\"contentUrl\":\"https:\/\/apuntesdesanluis.com\/wp-content\/uploads\/2024\/06\/milei-en-llamas.png\",\"width\":744,\"height\":494},{\"@type\":\"BreadcrumbList\",\"@id\":\"https:\/\/apuntesdesanluis.com\/index.php\/2024\/06\/02\/gabinete-en-llamas-la-gestion-de-milei-suma-escandalos-y-lo-obliga-a-revisar-su-estructura\/#breadcrumb\",\"itemListElement\":[{\"@type\":\"ListItem\",\"position\":1,\"name\":\"Inicio\",\"item\":\"https:\/\/apuntesdesanluis.com\/\"},{\"@type\":\"ListItem\",\"position\":2,\"name\":\"GABINETE EN LLAMAS: LA GESTI\u00d3N DE MILEI SUMA ESC\u00c1NDALOS Y LO OBLIGA A REVISAR SU ESTRUCTURA\"}]},{\"@type\":\"WebSite\",\"@id\":\"https:\/\/apuntesdesanluis.com\/#website\",\"url\":\"https:\/\/apuntesdesanluis.com\/\",\"name\":\"Apuntes de San Luis\",\"description\":\"\",\"publisher\":{\"@id\":\"https:\/\/apuntesdesanluis.com\/#\/schema\/person\/b55151d52296fcce64d1a72538a70b90\"},\"potentialAction\":[{\"@type\":\"SearchAction\",\"target\":{\"@type\":\"EntryPoint\",\"urlTemplate\":\"https:\/\/apuntesdesanluis.com\/?s={search_term_string}\"},\"query-input\":{\"@type\":\"PropertyValueSpecification\",\"valueRequired\":true,\"valueName\":\"search_term_string\"}}],\"inLanguage\":\"es-AR\"},{\"@type\":[\"Person\",\"Organization\"],\"@id\":\"https:\/\/apuntesdesanluis.com\/#\/schema\/person\/b55151d52296fcce64d1a72538a70b90\",\"name\":\"apuntesdesanluis.com\",\"image\":{\"@type\":\"ImageObject\",\"inLanguage\":\"es-AR\",\"@id\":\"https:\/\/apuntesdesanluis.com\/#\/schema\/person\/image\/\",\"url\":\"https:\/\/apuntesdesanluis.com\/wp-content\/uploads\/2023\/07\/cropped-apuntesdesanluis.png\",\"contentUrl\":\"https:\/\/apuntesdesanluis.com\/wp-content\/uploads\/2023\/07\/cropped-apuntesdesanluis.png\",\"width\":450,\"height\":112,\"caption\":\"apuntesdesanluis.com\"},\"logo\":{\"@id\":\"https:\/\/apuntesdesanluis.com\/#\/schema\/person\/image\/\"},\"sameAs\":[\"https:\/\/apuntesdesanluis.com\"],\"url\":\"https:\/\/apuntesdesanluis.com\/index.php\/author\/apuntesdesanluis-com\/\"}]}<\/script>\n<!-- \/ Yoast SEO plugin. -->","yoast_head_json":{"title":"GABINETE EN LLAMAS: LA GESTI\u00d3N DE MILEI SUMA ESC\u00c1NDALOS Y LO OBLIGA A REVISAR SU ESTRUCTURA - Apuntes de San Luis","robots":{"index":"index","follow":"follow","max-snippet":"max-snippet:-1","max-image-preview":"max-image-preview:large","max-video-preview":"max-video-preview:-1"},"canonical":"https:\/\/apuntesdesanluis.com\/index.php\/2024\/06\/02\/gabinete-en-llamas-la-gestion-de-milei-suma-escandalos-y-lo-obliga-a-revisar-su-estructura\/","og_locale":"es_ES","og_type":"article","og_title":"GABINETE EN LLAMAS: LA GESTI\u00d3N DE MILEI SUMA ESC\u00c1NDALOS Y LO OBLIGA A REVISAR SU ESTRUCTURA - Apuntes de San Luis","og_description":"Mientras el mandatario acumula kil\u00f3metros internacionales y fotos con referentes en el exterior, la pol\u00edtica...","og_url":"https:\/\/apuntesdesanluis.com\/index.php\/2024\/06\/02\/gabinete-en-llamas-la-gestion-de-milei-suma-escandalos-y-lo-obliga-a-revisar-su-estructura\/","og_site_name":"Apuntes de San Luis","article_published_time":"2024-06-03T01:08:57+00:00","article_modified_time":"2024-06-03T03:47:43+00:00","og_image":[{"width":744,"height":494,"url":"https:\/\/apuntesdesanluis.com\/wp-content\/uploads\/2024\/06\/milei-en-llamas.png","type":"image\/png"}],"author":"apuntesdesanluis.com","twitter_card":"summary_large_image","twitter_misc":{"Escrito por":"apuntesdesanluis.com","Tiempo de lectura":"5 minutos"},"schema":{"@context":"https:\/\/schema.org","@graph":[{"@type":"Article","@id":"https:\/\/apuntesdesanluis.com\/index.php\/2024\/06\/02\/gabinete-en-llamas-la-gestion-de-milei-suma-escandalos-y-lo-obliga-a-revisar-su-estructura\/#article","isPartOf":{"@id":"https:\/\/apuntesdesanluis.com\/index.php\/2024\/06\/02\/gabinete-en-llamas-la-gestion-de-milei-suma-escandalos-y-lo-obliga-a-revisar-su-estructura\/"},"author":{"name":"apuntesdesanluis.com","@id":"https:\/\/apuntesdesanluis.com\/#\/schema\/person\/b55151d52296fcce64d1a72538a70b90"},"headline":"GABINETE EN LLAMAS: LA GESTI\u00d3N DE MILEI SUMA ESC\u00c1NDALOS Y LO OBLIGA A REVISAR SU ESTRUCTURA","datePublished":"2024-06-03T01:08:57+00:00","dateModified":"2024-06-03T03:47:43+00:00","mainEntityOfPage":{"@id":"https:\/\/apuntesdesanluis.com\/index.php\/2024\/06\/02\/gabinete-en-llamas-la-gestion-de-milei-suma-escandalos-y-lo-obliga-a-revisar-su-estructura\/"},"wordCount":1003,"publisher":{"@id":"https:\/\/apuntesdesanluis.com\/#\/schema\/person\/b55151d52296fcce64d1a72538a70b90"},"image":{"@id":"https:\/\/apuntesdesanluis.com\/index.php\/2024\/06\/02\/gabinete-en-llamas-la-gestion-de-milei-suma-escandalos-y-lo-obliga-a-revisar-su-estructura\/#primaryimage"},"thumbnailUrl":"https:\/\/apuntesdesanluis.com\/wp-content\/uploads\/2024\/06\/milei-en-llamas.png","articleSection":["Opini\u00f3n"],"inLanguage":"es-AR"},{"@type":"WebPage","@id":"https:\/\/apuntesdesanluis.com\/index.php\/2024\/06\/02\/gabinete-en-llamas-la-gestion-de-milei-suma-escandalos-y-lo-obliga-a-revisar-su-estructura\/","url":"https:\/\/apuntesdesanluis.com\/index.php\/2024\/06\/02\/gabinete-en-llamas-la-gestion-de-milei-suma-escandalos-y-lo-obliga-a-revisar-su-estructura\/","name":"GABINETE EN LLAMAS: LA GESTI\u00d3N DE MILEI SUMA ESC\u00c1NDALOS Y LO OBLIGA A REVISAR SU ESTRUCTURA - Apuntes de San Luis","isPartOf":{"@id":"https:\/\/apuntesdesanluis.com\/#website"},"primaryImageOfPage":{"@id":"https:\/\/apuntesdesanluis.com\/index.php\/2024\/06\/02\/gabinete-en-llamas-la-gestion-de-milei-suma-escandalos-y-lo-obliga-a-revisar-su-estructura\/#primaryimage"},"image":{"@id":"https:\/\/apuntesdesanluis.com\/index.php\/2024\/06\/02\/gabinete-en-llamas-la-gestion-de-milei-suma-escandalos-y-lo-obliga-a-revisar-su-estructura\/#primaryimage"},"thumbnailUrl":"https:\/\/apuntesdesanluis.com\/wp-content\/uploads\/2024\/06\/milei-en-llamas.png","datePublished":"2024-06-03T01:08:57+00:00","dateModified":"2024-06-03T03:47:43+00:00","breadcrumb":{"@id":"https:\/\/apuntesdesanluis.com\/index.php\/2024\/06\/02\/gabinete-en-llamas-la-gestion-de-milei-suma-escandalos-y-lo-obliga-a-revisar-su-estructura\/#breadcrumb"},"inLanguage":"es-AR","potentialAction":[{"@type":"ReadAction","target":["https:\/\/apuntesdesanluis.com\/index.php\/2024\/06\/02\/gabinete-en-llamas-la-gestion-de-milei-suma-escandalos-y-lo-obliga-a-revisar-su-estructura\/"]}]},{"@type":"ImageObject","inLanguage":"es-AR","@id":"https:\/\/apuntesdesanluis.com\/index.php\/2024\/06\/02\/gabinete-en-llamas-la-gestion-de-milei-suma-escandalos-y-lo-obliga-a-revisar-su-estructura\/#primaryimage","url":"https:\/\/apuntesdesanluis.com\/wp-content\/uploads\/2024\/06\/milei-en-llamas.png","contentUrl":"https:\/\/apuntesdesanluis.com\/wp-content\/uploads\/2024\/06\/milei-en-llamas.png","width":744,"height":494},{"@type":"BreadcrumbList","@id":"https:\/\/apuntesdesanluis.com\/index.php\/2024\/06\/02\/gabinete-en-llamas-la-gestion-de-milei-suma-escandalos-y-lo-obliga-a-revisar-su-estructura\/#breadcrumb","itemListElement":[{"@type":"ListItem","position":1,"name":"Inicio","item":"https:\/\/apuntesdesanluis.com\/"},{"@type":"ListItem","position":2,"name":"GABINETE EN LLAMAS: LA GESTI\u00d3N DE MILEI SUMA ESC\u00c1NDALOS Y LO OBLIGA A REVISAR SU ESTRUCTURA"}]},{"@type":"WebSite","@id":"https:\/\/apuntesdesanluis.com\/#website","url":"https:\/\/apuntesdesanluis.com\/","name":"Apuntes de San Luis","description":"","publisher":{"@id":"https:\/\/apuntesdesanluis.com\/#\/schema\/person\/b55151d52296fcce64d1a72538a70b90"},"potentialAction":[{"@type":"SearchAction","target":{"@type":"EntryPoint","urlTemplate":"https:\/\/apuntesdesanluis.com\/?s={search_term_string}"},"query-input":{"@type":"PropertyValueSpecification","valueRequired":true,"valueName":"search_term_string"}}],"inLanguage":"es-AR"},{"@type":["Person","Organization"],"@id":"https:\/\/apuntesdesanluis.com\/#\/schema\/person\/b55151d52296fcce64d1a72538a70b90","name":"apuntesdesanluis.com","image":{"@type":"ImageObject","inLanguage":"es-AR","@id":"https:\/\/apuntesdesanluis.com\/#\/schema\/person\/image\/","url":"https:\/\/apuntesdesanluis.com\/wp-content\/uploads\/2023\/07\/cropped-apuntesdesanluis.png","contentUrl":"https:\/\/apuntesdesanluis.com\/wp-content\/uploads\/2023\/07\/cropped-apuntesdesanluis.png","width":450,"height":112,"caption":"apuntesdesanluis.com"},"logo":{"@id":"https:\/\/apuntesdesanluis.com\/#\/schema\/person\/image\/"},"sameAs":["https:\/\/apuntesdesanluis.com"],"url":"https:\/\/apuntesdesanluis.com\/index.php\/author\/apuntesdesanluis-com\/"}]}},"featured_image_urls":{"full":["https:\/\/apuntesdesanluis.com\/wp-content\/uploads\/2024\/06\/milei-en-llamas.png",744,494,false],"thumbnail":["https:\/\/apuntesdesanluis.com\/wp-content\/uploads\/2024\/06\/milei-en-llamas-150x150.png",150,150,true],"medium":["https:\/\/apuntesdesanluis.com\/wp-content\/uploads\/2024\/06\/milei-en-llamas-300x199.png",300,199,true],"medium_large":["https:\/\/apuntesdesanluis.com\/wp-content\/uploads\/2024\/06\/milei-en-llamas.png",640,425,false],"large":["https:\/\/apuntesdesanluis.com\/wp-content\/uploads\/2024\/06\/milei-en-llamas.png",640,425,false],"1536x1536":["https:\/\/apuntesdesanluis.com\/wp-content\/uploads\/2024\/06\/milei-en-llamas.png",744,494,false],"2048x2048":["https:\/\/apuntesdesanluis.com\/wp-content\/uploads\/2024\/06\/milei-en-llamas.png",744,494,false],"newsever-slider-full":["https:\/\/apuntesdesanluis.com\/wp-content\/uploads\/2024\/06\/milei-en-llamas.png",744,494,false],"newsever-featured":["https:\/\/apuntesdesanluis.com\/wp-content\/uploads\/2024\/06\/milei-en-llamas.png",744,494,false],"newsever-medium":["https:\/\/apuntesdesanluis.com\/wp-content\/uploads\/2024\/06\/milei-en-llamas-720x475.png",720,475,true]},"author_info":{"display_name":"apuntesdesanluis.com","author_link":"https:\/\/apuntesdesanluis.com\/index.php\/author\/apuntesdesanluis-com\/"},"category_info":"<a href=\"https:\/\/apuntesdesanluis.com\/index.php\/category\/opinion\/\" rel=\"category tag\">Opini\u00f3n<\/a>","tag_info":"Opini\u00f3n","comment_count":"0","_links":{"self":[{"href":"https:\/\/apuntesdesanluis.com\/index.php\/wp-json\/wp\/v2\/posts\/17269","targetHints":{"allow":["GET"]}}],"collection":[{"href":"https:\/\/apuntesdesanluis.com\/index.php\/wp-json\/wp\/v2\/posts"}],"about":[{"href":"https:\/\/apuntesdesanluis.com\/index.php\/wp-json\/wp\/v2\/types\/post"}],"author":[{"embeddable":true,"href":"https:\/\/apuntesdesanluis.com\/index.php\/wp-json\/wp\/v2\/users\/1"}],"replies":[{"embeddable":true,"href":"https:\/\/apuntesdesanluis.com\/index.php\/wp-json\/wp\/v2\/comments?post=17269"}],"version-history":[{"count":2,"href":"https:\/\/apuntesdesanluis.com\/index.php\/wp-json\/wp\/v2\/posts\/17269\/revisions"}],"predecessor-version":[{"id":17285,"href":"https:\/\/apuntesdesanluis.com\/index.php\/wp-json\/wp\/v2\/posts\/17269\/revisions\/17285"}],"wp:featuredmedia":[{"embeddable":true,"href":"https:\/\/apuntesdesanluis.com\/index.php\/wp-json\/wp\/v2\/media\/17270"}],"wp:attachment":[{"href":"https:\/\/apuntesdesanluis.com\/index.php\/wp-json\/wp\/v2\/media?parent=17269"}],"wp:term":[{"taxonomy":"category","embeddable":true,"href":"https:\/\/apuntesdesanluis.com\/index.php\/wp-json\/wp\/v2\/categories?post=17269"},{"taxonomy":"post_tag","embeddable":true,"href":"https:\/\/apuntesdesanluis.com\/index.php\/wp-json\/wp\/v2\/tags?post=17269"}],"curies":[{"name":"wp","href":"https:\/\/api.w.org\/{rel}","templated":true}]}}