{"id":17275,"date":"2024-06-02T23:25:20","date_gmt":"2024-06-03T02:25:20","guid":{"rendered":"https:\/\/apuntesdesanluis.com\/?p=17275"},"modified":"2024-06-02T23:25:20","modified_gmt":"2024-06-03T02:25:20","slug":"diputados-volvera-a-sesionar-esta-semana-y-tratara-la-movilidad-jubilatoria","status":"publish","type":"post","link":"https:\/\/apuntesdesanluis.com\/index.php\/2024\/06\/02\/diputados-volvera-a-sesionar-esta-semana-y-tratara-la-movilidad-jubilatoria\/","title":{"rendered":"DIPUTADOS VOLVER\u00c1 A SESIONAR ESTA SEMANA Y TRATAR\u00c1 LA MOVILIDAD JUBILATORIA"},"content":{"rendered":"<h3>La C\u00e1mara de Diputados volver\u00e1 al recinto este martes por la convocatoria a sesi\u00f3n especial pedida por Uni\u00f3n por la Patria para debatir los proyectos vinculados al financiamiento universitario y la restituci\u00f3n del Fondo Nacional de Incentivo Docente, por lo que habr\u00eda doble sesi\u00f3n.<\/h3>\n<h3>Esto es porque las autoridades de la C\u00e1mara baja ya hab\u00edan accedido a la solicitud de los bloques dialoguistas (UCR, Hacemos, Coalici\u00f3n C\u00edvica e Innovaci\u00f3n Federal) para citar al recinto para el mismo martes a las 11, es decir, tres horas antes de la nueva sesi\u00f3n, a las 14.<\/h3>\n<h3>Con este panorama, durante la ventana de tiempo que se abre desde ahora hasta el martes a primera hora de la ma\u00f1ana, cuando se desarrolle la reuni\u00f3n de Labor Parlamentaria, habr\u00e1 tiempo para analizar si se fusionan los temarios para unificar en una sola sesi\u00f3n (con un \u00fanico orden del d\u00eda) o si se mantendr\u00e1n las dos convocatorias por separado.<\/h3>\n<h3>Seg\u00fan pudo saber Noticias Argentinas, Uni\u00f3n por la Patria dar\u00e1 qu\u00f3rum a la primera sesi\u00f3n donde se tratar\u00e1n los dict\u00e1menes vinculados a encontrar una f\u00f3rmula de actualizaci\u00f3n de haberes previsionales superadora a la establecida por el DNU 274.<\/h3>\n<h3>Se trata de un tema que el bloque presidido por Germ\u00e1n Mart\u00ednez viene planteando desde marzo y de hecho hay negociaciones abiertas con los \u201cdialoguistas\u201d para unificar los dos dict\u00e1menes firmados en el plenario de comisiones, ya que las diferencias entre ambos no son para nada insalvables (UP rebaj\u00f3 sus expectativas para arrimarse a la propuesta del otro sector opositor).<\/h3>\n<h3>Sin embargo, no est\u00e1 para nada claro si los bloques que presiden Rodrigo De Loredo, Miguel Pichetto, Juan Manuel L\u00f3pez y Pamela Calletti responder\u00e1n con reciprocidad a la convocatoria de la sesi\u00f3n de la tarde.<\/h3>\n<h3>La UCR hab\u00eda participado activamente del emplazamiento de las comisiones de Educaci\u00f3n y Presupuesto para dictaminar, pero ahora duda de acompa\u00f1ar la sesi\u00f3n pedida por Mart\u00ednez por miedo a \u201cquedar pegados al kirchnerismo\u201d.<\/h3>\n<h3>Preferir\u00edan que los rectores nucleados en el Consejo Interuniversitario Nacional (CIN) rubriquen antes el acuerdo de palabra para aumentar en un 270% los gastos administrativos de funcionamiento, un parche que servir\u00eda para descomprimir la situaci\u00f3n para este a\u00f1o, pero sin comprometer al Gobierno en nada respecto a la recomposici\u00f3n de los salarios docentes y no docentes de las universidades nacionales p\u00fablicas.<\/h3>\n<h3>\u00a0En la balanza tendr\u00e1n que medir la presi\u00f3n que est\u00e1n ejerciendo los gremios universitarios docentes que anunciaron para el martes y mi\u00e9rcoles pr\u00f3ximo un paro nacional de 48 horas.<\/h3>\n<h3>Ning\u00fan escenario es c\u00f3modo para la UCR, ya que en caso de ausentarse a la sesi\u00f3n, quedar\u00e1n otra vez en offside con la comunidad acad\u00e9mica con la que tienen lazos hist\u00f3ricos, como ya sucedi\u00f3 el 24 de abril pasado cuando dejaron vac\u00edas las bancas en el recinto de Diputados despu\u00e9s de la colosal marcha universitaria que tuvo lugar en todo el pa\u00eds.<\/h3>\n<h3>\u201cVamos a estar todo el fin de semana viendo qu\u00e9 hacer. En todos los escenarios estamos inc\u00f3modos\u201d, confesaron las fuentes parlamentarias de la UCR consultadas por NA.<\/h3>\n<h3>Adem\u00e1s en el bloque de De Loredo ya saben que si deciden no agitar las aguas con el Gobierno, un sector importante de diputados del bloque no va a seguir ese curso de acci\u00f3n y dar\u00e1 qu\u00f3rum, y un segundo grupo obedecer\u00e1 la directiva de dejar vac\u00edas las bancas pero a desgano y a rega\u00f1adientes, tensando todav\u00eda m\u00e1s la interna.<\/h3>\n<h3>El mismo dilema atraviesa al bloque de Pichetto, quien tiene a\u00fan menor predicamento sobre la heterogeneidad del bloque que coordina. Los dos diputados socialistas, Natalia de la Sota y Margarita Stolbizer no siguen sus \u00f3rdenes y actuar\u00e1n conforme a sus propios criterios, probablemente dando qu\u00f3rum.<\/h3>\n<h3>Se trata, tanto en lo que refiere a la movilidad previsional como el presupuesto universitario y el restablecimiento del FONID de una agenda inc\u00f3moda para el Gobierno, que no quiere saber nada con iniciativas que modifiquen la ecuaci\u00f3n fiscal.<\/h3>\n<h3>De hecho, el presidente Javier Milei hizo saber que si la oposici\u00f3n lograba aprobar en ambas c\u00e1maras leyes que &#8220;rompieran la caja&#8221; y da\u00f1aran el equilibrio fiscal, no le iba a temblar el pulso a la hora de hacer uso de la facultad del veto.<\/h3>\n<h3>El martes pasado, la oposici\u00f3n hab\u00eda logrado asestarle un golpe al Gobierno desde el Congreso, al avanzar con la firma de dict\u00e1menes que propon\u00edan la reposici\u00f3n del FONID que el Poder Ejecutivo hab\u00eda eliminado a fines de marzo pasado.<\/h3>\n<h3>El jueves pasado la oposici\u00f3n ya hab\u00eda logrado que se dictaminaran los proyectos que plantean la actualizaci\u00f3n autom\u00e1tica del presupuesto universitario en el mismo plenario de las comisiones de Educaci\u00f3n y Presupuesto.<\/h3>\n<h3>En cuanto al FONID, el dictamen de mayor\u00eda result\u00f3 el de Uni\u00f3n por la Patria con 34 firmas, mientras que La Libertad Avanza junto al PRO, el MID y el bloque Independencia firmaron un dictamen de rechazo.<\/h3>\n<h3>La UCR, con doce firmas, rubric\u00f3 un dictamen de minor\u00eda en el que meti\u00f3 por la ventana la declaraci\u00f3n de la educaci\u00f3n como servicio esencial.<\/h3>\n<h3>Esta inclusi\u00f3n le cost\u00f3 el duro reproche de la Coalici\u00f3n C\u00edvica que a trav\u00e9s del diputado Maximiliano Ferraro acus\u00f3 con nombre y apellido al jefe de la bancada radical, Rodrigo De Loredo, de querer quedar como \u201cel abanderado\u201d de esa causa apurando de forma oportunista los tiempos de un prop\u00f3sito que comparten (la esencialidad educativa) pero que entienden que no era el eje de discusi\u00f3n en este plenario de comisiones.<\/h3>\n<h3>La Coalici\u00f3n C\u00edvica no firm\u00f3 ning\u00fan dictamen, mientras que Hacemos Coalici\u00f3n Federal suscribi\u00f3 un despacho con cuatro firmas y el Frente de Izquierda aval\u00f3 su propio proyecto con dos r\u00fabricas.<\/h3>\n<p>&nbsp;<\/p>\n<p>&nbsp;<\/p>\n<p>&nbsp;<\/p>\n<p>&nbsp;<\/p>\n<p>&nbsp;<\/p>\n","protected":false},"excerpt":{"rendered":"<p>La C\u00e1mara de Diputados volver\u00e1 al recinto este martes por la convocatoria a sesi\u00f3n especial&#8230;<\/p>\n","protected":false},"author":1,"featured_media":17276,"comment_status":"closed","ping_status":"closed","sticky":false,"template":"","format":"standard","meta":{"footnotes":""},"categories":[5],"tags":[],"class_list":["post-17275","post","type-post","status-publish","format-standard","has-post-thumbnail","hentry","category-nacionales-internacionales"],"yoast_head":"<!-- This site is optimized with the Yoast SEO plugin v26.1.1 - https:\/\/yoast.com\/wordpress\/plugins\/seo\/ -->\n<title>DIPUTADOS VOLVER\u00c1 A SESIONAR ESTA SEMANA Y TRATAR\u00c1 LA MOVILIDAD JUBILATORIA - Apuntes de San Luis<\/title>\n<meta name=\"robots\" content=\"index, follow, max-snippet:-1, max-image-preview:large, max-video-preview:-1\" \/>\n<link rel=\"canonical\" href=\"https:\/\/apuntesdesanluis.com\/index.php\/2024\/06\/02\/diputados-volvera-a-sesionar-esta-semana-y-tratara-la-movilidad-jubilatoria\/\" \/>\n<meta property=\"og:locale\" content=\"es_ES\" \/>\n<meta property=\"og:type\" content=\"article\" \/>\n<meta property=\"og:title\" content=\"DIPUTADOS VOLVER\u00c1 A SESIONAR ESTA SEMANA Y TRATAR\u00c1 LA MOVILIDAD JUBILATORIA - Apuntes de San Luis\" \/>\n<meta property=\"og:description\" content=\"La C\u00e1mara de Diputados volver\u00e1 al recinto este martes por la convocatoria a sesi\u00f3n especial...\" \/>\n<meta property=\"og:url\" content=\"https:\/\/apuntesdesanluis.com\/index.php\/2024\/06\/02\/diputados-volvera-a-sesionar-esta-semana-y-tratara-la-movilidad-jubilatoria\/\" \/>\n<meta property=\"og:site_name\" content=\"Apuntes de San Luis\" \/>\n<meta property=\"article:published_time\" content=\"2024-06-03T02:25:20+00:00\" \/>\n<meta property=\"og:image\" content=\"https:\/\/apuntesdesanluis.com\/wp-content\/uploads\/2024\/06\/DIPUTADOS.png\" \/>\n\t<meta property=\"og:image:width\" content=\"715\" \/>\n\t<meta property=\"og:image:height\" content=\"397\" \/>\n\t<meta property=\"og:image:type\" content=\"image\/png\" \/>\n<meta name=\"author\" content=\"apuntesdesanluis.com\" \/>\n<meta name=\"twitter:card\" content=\"summary_large_image\" \/>\n<meta name=\"twitter:label1\" content=\"Escrito por\" \/>\n\t<meta name=\"twitter:data1\" content=\"apuntesdesanluis.com\" \/>\n\t<meta name=\"twitter:label2\" content=\"Tiempo de lectura\" \/>\n\t<meta name=\"twitter:data2\" content=\"5 minutos\" \/>\n<script type=\"application\/ld+json\" class=\"yoast-schema-graph\">{\"@context\":\"https:\/\/schema.org\",\"@graph\":[{\"@type\":\"Article\",\"@id\":\"https:\/\/apuntesdesanluis.com\/index.php\/2024\/06\/02\/diputados-volvera-a-sesionar-esta-semana-y-tratara-la-movilidad-jubilatoria\/#article\",\"isPartOf\":{\"@id\":\"https:\/\/apuntesdesanluis.com\/index.php\/2024\/06\/02\/diputados-volvera-a-sesionar-esta-semana-y-tratara-la-movilidad-jubilatoria\/\"},\"author\":{\"name\":\"apuntesdesanluis.com\",\"@id\":\"https:\/\/apuntesdesanluis.com\/#\/schema\/person\/b55151d52296fcce64d1a72538a70b90\"},\"headline\":\"DIPUTADOS VOLVER\u00c1 A SESIONAR ESTA SEMANA Y TRATAR\u00c1 LA MOVILIDAD JUBILATORIA\",\"datePublished\":\"2024-06-03T02:25:20+00:00\",\"mainEntityOfPage\":{\"@id\":\"https:\/\/apuntesdesanluis.com\/index.php\/2024\/06\/02\/diputados-volvera-a-sesionar-esta-semana-y-tratara-la-movilidad-jubilatoria\/\"},\"wordCount\":1028,\"publisher\":{\"@id\":\"https:\/\/apuntesdesanluis.com\/#\/schema\/person\/b55151d52296fcce64d1a72538a70b90\"},\"image\":{\"@id\":\"https:\/\/apuntesdesanluis.com\/index.php\/2024\/06\/02\/diputados-volvera-a-sesionar-esta-semana-y-tratara-la-movilidad-jubilatoria\/#primaryimage\"},\"thumbnailUrl\":\"https:\/\/apuntesdesanluis.com\/wp-content\/uploads\/2024\/06\/DIPUTADOS.png\",\"articleSection\":[\"Nacionales\/Internacionales\"],\"inLanguage\":\"es-AR\"},{\"@type\":\"WebPage\",\"@id\":\"https:\/\/apuntesdesanluis.com\/index.php\/2024\/06\/02\/diputados-volvera-a-sesionar-esta-semana-y-tratara-la-movilidad-jubilatoria\/\",\"url\":\"https:\/\/apuntesdesanluis.com\/index.php\/2024\/06\/02\/diputados-volvera-a-sesionar-esta-semana-y-tratara-la-movilidad-jubilatoria\/\",\"name\":\"DIPUTADOS VOLVER\u00c1 A SESIONAR ESTA SEMANA Y TRATAR\u00c1 LA MOVILIDAD JUBILATORIA - Apuntes de San Luis\",\"isPartOf\":{\"@id\":\"https:\/\/apuntesdesanluis.com\/#website\"},\"primaryImageOfPage\":{\"@id\":\"https:\/\/apuntesdesanluis.com\/index.php\/2024\/06\/02\/diputados-volvera-a-sesionar-esta-semana-y-tratara-la-movilidad-jubilatoria\/#primaryimage\"},\"image\":{\"@id\":\"https:\/\/apuntesdesanluis.com\/index.php\/2024\/06\/02\/diputados-volvera-a-sesionar-esta-semana-y-tratara-la-movilidad-jubilatoria\/#primaryimage\"},\"thumbnailUrl\":\"https:\/\/apuntesdesanluis.com\/wp-content\/uploads\/2024\/06\/DIPUTADOS.png\",\"datePublished\":\"2024-06-03T02:25:20+00:00\",\"breadcrumb\":{\"@id\":\"https:\/\/apuntesdesanluis.com\/index.php\/2024\/06\/02\/diputados-volvera-a-sesionar-esta-semana-y-tratara-la-movilidad-jubilatoria\/#breadcrumb\"},\"inLanguage\":\"es-AR\",\"potentialAction\":[{\"@type\":\"ReadAction\",\"target\":[\"https:\/\/apuntesdesanluis.com\/index.php\/2024\/06\/02\/diputados-volvera-a-sesionar-esta-semana-y-tratara-la-movilidad-jubilatoria\/\"]}]},{\"@type\":\"ImageObject\",\"inLanguage\":\"es-AR\",\"@id\":\"https:\/\/apuntesdesanluis.com\/index.php\/2024\/06\/02\/diputados-volvera-a-sesionar-esta-semana-y-tratara-la-movilidad-jubilatoria\/#primaryimage\",\"url\":\"https:\/\/apuntesdesanluis.com\/wp-content\/uploads\/2024\/06\/DIPUTADOS.png\",\"contentUrl\":\"https:\/\/apuntesdesanluis.com\/wp-content\/uploads\/2024\/06\/DIPUTADOS.png\",\"width\":715,\"height\":397},{\"@type\":\"BreadcrumbList\",\"@id\":\"https:\/\/apuntesdesanluis.com\/index.php\/2024\/06\/02\/diputados-volvera-a-sesionar-esta-semana-y-tratara-la-movilidad-jubilatoria\/#breadcrumb\",\"itemListElement\":[{\"@type\":\"ListItem\",\"position\":1,\"name\":\"Inicio\",\"item\":\"https:\/\/apuntesdesanluis.com\/\"},{\"@type\":\"ListItem\",\"position\":2,\"name\":\"DIPUTADOS VOLVER\u00c1 A SESIONAR ESTA SEMANA Y TRATAR\u00c1 LA MOVILIDAD JUBILATORIA\"}]},{\"@type\":\"WebSite\",\"@id\":\"https:\/\/apuntesdesanluis.com\/#website\",\"url\":\"https:\/\/apuntesdesanluis.com\/\",\"name\":\"Apuntes de San Luis\",\"description\":\"\",\"publisher\":{\"@id\":\"https:\/\/apuntesdesanluis.com\/#\/schema\/person\/b55151d52296fcce64d1a72538a70b90\"},\"potentialAction\":[{\"@type\":\"SearchAction\",\"target\":{\"@type\":\"EntryPoint\",\"urlTemplate\":\"https:\/\/apuntesdesanluis.com\/?s={search_term_string}\"},\"query-input\":{\"@type\":\"PropertyValueSpecification\",\"valueRequired\":true,\"valueName\":\"search_term_string\"}}],\"inLanguage\":\"es-AR\"},{\"@type\":[\"Person\",\"Organization\"],\"@id\":\"https:\/\/apuntesdesanluis.com\/#\/schema\/person\/b55151d52296fcce64d1a72538a70b90\",\"name\":\"apuntesdesanluis.com\",\"image\":{\"@type\":\"ImageObject\",\"inLanguage\":\"es-AR\",\"@id\":\"https:\/\/apuntesdesanluis.com\/#\/schema\/person\/image\/\",\"url\":\"https:\/\/apuntesdesanluis.com\/wp-content\/uploads\/2023\/07\/cropped-apuntesdesanluis.png\",\"contentUrl\":\"https:\/\/apuntesdesanluis.com\/wp-content\/uploads\/2023\/07\/cropped-apuntesdesanluis.png\",\"width\":450,\"height\":112,\"caption\":\"apuntesdesanluis.com\"},\"logo\":{\"@id\":\"https:\/\/apuntesdesanluis.com\/#\/schema\/person\/image\/\"},\"sameAs\":[\"https:\/\/apuntesdesanluis.com\"],\"url\":\"https:\/\/apuntesdesanluis.com\/index.php\/author\/apuntesdesanluis-com\/\"}]}<\/script>\n<!-- \/ Yoast SEO plugin. -->","yoast_head_json":{"title":"DIPUTADOS VOLVER\u00c1 A SESIONAR ESTA SEMANA Y TRATAR\u00c1 LA MOVILIDAD JUBILATORIA - Apuntes de San Luis","robots":{"index":"index","follow":"follow","max-snippet":"max-snippet:-1","max-image-preview":"max-image-preview:large","max-video-preview":"max-video-preview:-1"},"canonical":"https:\/\/apuntesdesanluis.com\/index.php\/2024\/06\/02\/diputados-volvera-a-sesionar-esta-semana-y-tratara-la-movilidad-jubilatoria\/","og_locale":"es_ES","og_type":"article","og_title":"DIPUTADOS VOLVER\u00c1 A SESIONAR ESTA SEMANA Y TRATAR\u00c1 LA MOVILIDAD JUBILATORIA - Apuntes de San Luis","og_description":"La C\u00e1mara de Diputados volver\u00e1 al recinto este martes por la convocatoria a sesi\u00f3n especial...","og_url":"https:\/\/apuntesdesanluis.com\/index.php\/2024\/06\/02\/diputados-volvera-a-sesionar-esta-semana-y-tratara-la-movilidad-jubilatoria\/","og_site_name":"Apuntes de San Luis","article_published_time":"2024-06-03T02:25:20+00:00","og_image":[{"width":715,"height":397,"url":"https:\/\/apuntesdesanluis.com\/wp-content\/uploads\/2024\/06\/DIPUTADOS.png","type":"image\/png"}],"author":"apuntesdesanluis.com","twitter_card":"summary_large_image","twitter_misc":{"Escrito por":"apuntesdesanluis.com","Tiempo de lectura":"5 minutos"},"schema":{"@context":"https:\/\/schema.org","@graph":[{"@type":"Article","@id":"https:\/\/apuntesdesanluis.com\/index.php\/2024\/06\/02\/diputados-volvera-a-sesionar-esta-semana-y-tratara-la-movilidad-jubilatoria\/#article","isPartOf":{"@id":"https:\/\/apuntesdesanluis.com\/index.php\/2024\/06\/02\/diputados-volvera-a-sesionar-esta-semana-y-tratara-la-movilidad-jubilatoria\/"},"author":{"name":"apuntesdesanluis.com","@id":"https:\/\/apuntesdesanluis.com\/#\/schema\/person\/b55151d52296fcce64d1a72538a70b90"},"headline":"DIPUTADOS VOLVER\u00c1 A SESIONAR ESTA SEMANA Y TRATAR\u00c1 LA MOVILIDAD JUBILATORIA","datePublished":"2024-06-03T02:25:20+00:00","mainEntityOfPage":{"@id":"https:\/\/apuntesdesanluis.com\/index.php\/2024\/06\/02\/diputados-volvera-a-sesionar-esta-semana-y-tratara-la-movilidad-jubilatoria\/"},"wordCount":1028,"publisher":{"@id":"https:\/\/apuntesdesanluis.com\/#\/schema\/person\/b55151d52296fcce64d1a72538a70b90"},"image":{"@id":"https:\/\/apuntesdesanluis.com\/index.php\/2024\/06\/02\/diputados-volvera-a-sesionar-esta-semana-y-tratara-la-movilidad-jubilatoria\/#primaryimage"},"thumbnailUrl":"https:\/\/apuntesdesanluis.com\/wp-content\/uploads\/2024\/06\/DIPUTADOS.png","articleSection":["Nacionales\/Internacionales"],"inLanguage":"es-AR"},{"@type":"WebPage","@id":"https:\/\/apuntesdesanluis.com\/index.php\/2024\/06\/02\/diputados-volvera-a-sesionar-esta-semana-y-tratara-la-movilidad-jubilatoria\/","url":"https:\/\/apuntesdesanluis.com\/index.php\/2024\/06\/02\/diputados-volvera-a-sesionar-esta-semana-y-tratara-la-movilidad-jubilatoria\/","name":"DIPUTADOS VOLVER\u00c1 A SESIONAR ESTA SEMANA Y TRATAR\u00c1 LA MOVILIDAD JUBILATORIA - Apuntes de San Luis","isPartOf":{"@id":"https:\/\/apuntesdesanluis.com\/#website"},"primaryImageOfPage":{"@id":"https:\/\/apuntesdesanluis.com\/index.php\/2024\/06\/02\/diputados-volvera-a-sesionar-esta-semana-y-tratara-la-movilidad-jubilatoria\/#primaryimage"},"image":{"@id":"https:\/\/apuntesdesanluis.com\/index.php\/2024\/06\/02\/diputados-volvera-a-sesionar-esta-semana-y-tratara-la-movilidad-jubilatoria\/#primaryimage"},"thumbnailUrl":"https:\/\/apuntesdesanluis.com\/wp-content\/uploads\/2024\/06\/DIPUTADOS.png","datePublished":"2024-06-03T02:25:20+00:00","breadcrumb":{"@id":"https:\/\/apuntesdesanluis.com\/index.php\/2024\/06\/02\/diputados-volvera-a-sesionar-esta-semana-y-tratara-la-movilidad-jubilatoria\/#breadcrumb"},"inLanguage":"es-AR","potentialAction":[{"@type":"ReadAction","target":["https:\/\/apuntesdesanluis.com\/index.php\/2024\/06\/02\/diputados-volvera-a-sesionar-esta-semana-y-tratara-la-movilidad-jubilatoria\/"]}]},{"@type":"ImageObject","inLanguage":"es-AR","@id":"https:\/\/apuntesdesanluis.com\/index.php\/2024\/06\/02\/diputados-volvera-a-sesionar-esta-semana-y-tratara-la-movilidad-jubilatoria\/#primaryimage","url":"https:\/\/apuntesdesanluis.com\/wp-content\/uploads\/2024\/06\/DIPUTADOS.png","contentUrl":"https:\/\/apuntesdesanluis.com\/wp-content\/uploads\/2024\/06\/DIPUTADOS.png","width":715,"height":397},{"@type":"BreadcrumbList","@id":"https:\/\/apuntesdesanluis.com\/index.php\/2024\/06\/02\/diputados-volvera-a-sesionar-esta-semana-y-tratara-la-movilidad-jubilatoria\/#breadcrumb","itemListElement":[{"@type":"ListItem","position":1,"name":"Inicio","item":"https:\/\/apuntesdesanluis.com\/"},{"@type":"ListItem","position":2,"name":"DIPUTADOS VOLVER\u00c1 A SESIONAR ESTA SEMANA Y TRATAR\u00c1 LA MOVILIDAD JUBILATORIA"}]},{"@type":"WebSite","@id":"https:\/\/apuntesdesanluis.com\/#website","url":"https:\/\/apuntesdesanluis.com\/","name":"Apuntes de San Luis","description":"","publisher":{"@id":"https:\/\/apuntesdesanluis.com\/#\/schema\/person\/b55151d52296fcce64d1a72538a70b90"},"potentialAction":[{"@type":"SearchAction","target":{"@type":"EntryPoint","urlTemplate":"https:\/\/apuntesdesanluis.com\/?s={search_term_string}"},"query-input":{"@type":"PropertyValueSpecification","valueRequired":true,"valueName":"search_term_string"}}],"inLanguage":"es-AR"},{"@type":["Person","Organization"],"@id":"https:\/\/apuntesdesanluis.com\/#\/schema\/person\/b55151d52296fcce64d1a72538a70b90","name":"apuntesdesanluis.com","image":{"@type":"ImageObject","inLanguage":"es-AR","@id":"https:\/\/apuntesdesanluis.com\/#\/schema\/person\/image\/","url":"https:\/\/apuntesdesanluis.com\/wp-content\/uploads\/2023\/07\/cropped-apuntesdesanluis.png","contentUrl":"https:\/\/apuntesdesanluis.com\/wp-content\/uploads\/2023\/07\/cropped-apuntesdesanluis.png","width":450,"height":112,"caption":"apuntesdesanluis.com"},"logo":{"@id":"https:\/\/apuntesdesanluis.com\/#\/schema\/person\/image\/"},"sameAs":["https:\/\/apuntesdesanluis.com"],"url":"https:\/\/apuntesdesanluis.com\/index.php\/author\/apuntesdesanluis-com\/"}]}},"featured_image_urls":{"full":["https:\/\/apuntesdesanluis.com\/wp-content\/uploads\/2024\/06\/DIPUTADOS.png",715,397,false],"thumbnail":["https:\/\/apuntesdesanluis.com\/wp-content\/uploads\/2024\/06\/DIPUTADOS-150x150.png",150,150,true],"medium":["https:\/\/apuntesdesanluis.com\/wp-content\/uploads\/2024\/06\/DIPUTADOS-300x167.png",300,167,true],"medium_large":["https:\/\/apuntesdesanluis.com\/wp-content\/uploads\/2024\/06\/DIPUTADOS.png",640,355,false],"large":["https:\/\/apuntesdesanluis.com\/wp-content\/uploads\/2024\/06\/DIPUTADOS.png",640,355,false],"1536x1536":["https:\/\/apuntesdesanluis.com\/wp-content\/uploads\/2024\/06\/DIPUTADOS.png",715,397,false],"2048x2048":["https:\/\/apuntesdesanluis.com\/wp-content\/uploads\/2024\/06\/DIPUTADOS.png",715,397,false],"newsever-slider-full":["https:\/\/apuntesdesanluis.com\/wp-content\/uploads\/2024\/06\/DIPUTADOS.png",715,397,false],"newsever-featured":["https:\/\/apuntesdesanluis.com\/wp-content\/uploads\/2024\/06\/DIPUTADOS.png",715,397,false],"newsever-medium":["https:\/\/apuntesdesanluis.com\/wp-content\/uploads\/2024\/06\/DIPUTADOS.png",715,397,false]},"author_info":{"display_name":"apuntesdesanluis.com","author_link":"https:\/\/apuntesdesanluis.com\/index.php\/author\/apuntesdesanluis-com\/"},"category_info":"<a href=\"https:\/\/apuntesdesanluis.com\/index.php\/category\/nacionales-internacionales\/\" rel=\"category tag\">Nacionales\/Internacionales<\/a>","tag_info":"Nacionales\/Internacionales","comment_count":"0","_links":{"self":[{"href":"https:\/\/apuntesdesanluis.com\/index.php\/wp-json\/wp\/v2\/posts\/17275","targetHints":{"allow":["GET"]}}],"collection":[{"href":"https:\/\/apuntesdesanluis.com\/index.php\/wp-json\/wp\/v2\/posts"}],"about":[{"href":"https:\/\/apuntesdesanluis.com\/index.php\/wp-json\/wp\/v2\/types\/post"}],"author":[{"embeddable":true,"href":"https:\/\/apuntesdesanluis.com\/index.php\/wp-json\/wp\/v2\/users\/1"}],"replies":[{"embeddable":true,"href":"https:\/\/apuntesdesanluis.com\/index.php\/wp-json\/wp\/v2\/comments?post=17275"}],"version-history":[{"count":1,"href":"https:\/\/apuntesdesanluis.com\/index.php\/wp-json\/wp\/v2\/posts\/17275\/revisions"}],"predecessor-version":[{"id":17277,"href":"https:\/\/apuntesdesanluis.com\/index.php\/wp-json\/wp\/v2\/posts\/17275\/revisions\/17277"}],"wp:featuredmedia":[{"embeddable":true,"href":"https:\/\/apuntesdesanluis.com\/index.php\/wp-json\/wp\/v2\/media\/17276"}],"wp:attachment":[{"href":"https:\/\/apuntesdesanluis.com\/index.php\/wp-json\/wp\/v2\/media?parent=17275"}],"wp:term":[{"taxonomy":"category","embeddable":true,"href":"https:\/\/apuntesdesanluis.com\/index.php\/wp-json\/wp\/v2\/categories?post=17275"},{"taxonomy":"post_tag","embeddable":true,"href":"https:\/\/apuntesdesanluis.com\/index.php\/wp-json\/wp\/v2\/tags?post=17275"}],"curies":[{"name":"wp","href":"https:\/\/api.w.org\/{rel}","templated":true}]}}