{"id":17289,"date":"2024-06-03T12:52:23","date_gmt":"2024-06-03T15:52:23","guid":{"rendered":"https:\/\/apuntesdesanluis.com\/?p=17289"},"modified":"2024-06-03T12:52:23","modified_gmt":"2024-06-03T15:52:23","slug":"la-provincia-participa-de-las-deliberaciones-del-consejo-de-seguridad-interior","status":"publish","type":"post","link":"https:\/\/apuntesdesanluis.com\/index.php\/2024\/06\/03\/la-provincia-participa-de-las-deliberaciones-del-consejo-de-seguridad-interior\/","title":{"rendered":"LA PROVINCIA PARTICIPA DE LAS DELIBERACIONES DEL CONSEJO DE SEGURIDAD INTERIOR"},"content":{"rendered":"<h3>Este lunes la ministra de Seguridad, <strong>Nancy Sosa<\/strong>, y el jefe de la Polic\u00eda provincial, Comisario general (RV) <strong>Pablo Vieytes<\/strong>, asistieron a la sesi\u00f3n del <strong>Consejo de Seguridad del Interior<\/strong>, que se realiza en Mendoza.<\/h3>\n<h3>El encuentro del que participan las 24 jurisdicciones del pa\u00eds, es encabezado por la ministra de Seguridad de la Naci\u00f3n, Patricia Bullrich; el ministro de Defensa, Luis Petri; y el ministro de Justicia, Mariano C\u00faneo Libarona.<\/h3>\n<p><img fetchpriority=\"high\" decoding=\"async\" class=\"wp-image-17291 aligncenter\" src=\"https:\/\/apuntesdesanluis.com\/wp-content\/uploads\/2024\/06\/consejo-de-seguridad-interior-300x149.jpg\" alt=\"\" width=\"580\" height=\"288\" srcset=\"https:\/\/apuntesdesanluis.com\/wp-content\/uploads\/2024\/06\/consejo-de-seguridad-interior-300x149.jpg 300w, https:\/\/apuntesdesanluis.com\/wp-content\/uploads\/2024\/06\/consejo-de-seguridad-interior.jpg 700w\" sizes=\"(max-width: 580px) 100vw, 580px\" \/><\/p>\n<h3>La reuni\u00f3n, que inici\u00f3 pasadas las 10:00 y se extender\u00e1 durante toda la jornada, comenz\u00f3 con las palabras de los ministros nacionales, que destacaron la importancia del Consejo para la seguridad del pa\u00eds desde el trabajo conjunto de las jurisdicciones y los proyectos que llevan adelante cada una de las carteras.<\/h3>\n<p>&nbsp;<\/p>\n<p>&nbsp;<\/p>\n<p>&nbsp;<\/p>\n<p>&nbsp;<\/p>\n<p>&nbsp;<\/p>\n<p>&nbsp;<\/p>\n","protected":false},"excerpt":{"rendered":"<p>Este lunes la ministra de Seguridad, Nancy Sosa, y el jefe de la Polic\u00eda provincial,&#8230;<\/p>\n","protected":false},"author":1,"featured_media":17290,"comment_status":"closed","ping_status":"closed","sticky":false,"template":"","format":"standard","meta":{"footnotes":""},"categories":[6],"tags":[],"class_list":["post-17289","post","type-post","status-publish","format-standard","has-post-thumbnail","hentry","category-ciudad-provincia"],"yoast_head":"<!-- This site is optimized with the Yoast SEO plugin v26.1.1 - https:\/\/yoast.com\/wordpress\/plugins\/seo\/ -->\n<title>LA PROVINCIA PARTICIPA DE LAS DELIBERACIONES DEL CONSEJO DE SEGURIDAD INTERIOR - Apuntes de San Luis<\/title>\n<meta name=\"robots\" content=\"index, follow, max-snippet:-1, max-image-preview:large, max-video-preview:-1\" \/>\n<link rel=\"canonical\" href=\"https:\/\/apuntesdesanluis.com\/index.php\/2024\/06\/03\/la-provincia-participa-de-las-deliberaciones-del-consejo-de-seguridad-interior\/\" \/>\n<meta property=\"og:locale\" content=\"es_ES\" \/>\n<meta property=\"og:type\" content=\"article\" \/>\n<meta property=\"og:title\" content=\"LA PROVINCIA PARTICIPA DE LAS DELIBERACIONES DEL CONSEJO DE SEGURIDAD INTERIOR - Apuntes de San Luis\" \/>\n<meta property=\"og:description\" content=\"Este lunes la ministra de Seguridad, Nancy Sosa, y el jefe de la Polic\u00eda provincial,...\" \/>\n<meta property=\"og:url\" content=\"https:\/\/apuntesdesanluis.com\/index.php\/2024\/06\/03\/la-provincia-participa-de-las-deliberaciones-del-consejo-de-seguridad-interior\/\" \/>\n<meta property=\"og:site_name\" content=\"Apuntes de San Luis\" \/>\n<meta property=\"article:published_time\" content=\"2024-06-03T15:52:23+00:00\" \/>\n<meta property=\"og:image\" content=\"https:\/\/apuntesdesanluis.com\/wp-content\/uploads\/2024\/06\/ministra-nancy-sosa.jpg\" \/>\n\t<meta property=\"og:image:width\" content=\"700\" \/>\n\t<meta property=\"og:image:height\" content=\"394\" \/>\n\t<meta property=\"og:image:type\" content=\"image\/jpeg\" \/>\n<meta name=\"author\" content=\"apuntesdesanluis.com\" \/>\n<meta name=\"twitter:card\" content=\"summary_large_image\" \/>\n<meta name=\"twitter:label1\" content=\"Escrito por\" \/>\n\t<meta name=\"twitter:data1\" content=\"apuntesdesanluis.com\" \/>\n\t<meta name=\"twitter:label2\" content=\"Tiempo de lectura\" \/>\n\t<meta name=\"twitter:data2\" content=\"1 minuto\" \/>\n<script type=\"application\/ld+json\" class=\"yoast-schema-graph\">{\"@context\":\"https:\/\/schema.org\",\"@graph\":[{\"@type\":\"Article\",\"@id\":\"https:\/\/apuntesdesanluis.com\/index.php\/2024\/06\/03\/la-provincia-participa-de-las-deliberaciones-del-consejo-de-seguridad-interior\/#article\",\"isPartOf\":{\"@id\":\"https:\/\/apuntesdesanluis.com\/index.php\/2024\/06\/03\/la-provincia-participa-de-las-deliberaciones-del-consejo-de-seguridad-interior\/\"},\"author\":{\"name\":\"apuntesdesanluis.com\",\"@id\":\"https:\/\/apuntesdesanluis.com\/#\/schema\/person\/b55151d52296fcce64d1a72538a70b90\"},\"headline\":\"LA PROVINCIA PARTICIPA DE LAS DELIBERACIONES DEL CONSEJO DE SEGURIDAD INTERIOR\",\"datePublished\":\"2024-06-03T15:52:23+00:00\",\"mainEntityOfPage\":{\"@id\":\"https:\/\/apuntesdesanluis.com\/index.php\/2024\/06\/03\/la-provincia-participa-de-las-deliberaciones-del-consejo-de-seguridad-interior\/\"},\"wordCount\":144,\"publisher\":{\"@id\":\"https:\/\/apuntesdesanluis.com\/#\/schema\/person\/b55151d52296fcce64d1a72538a70b90\"},\"image\":{\"@id\":\"https:\/\/apuntesdesanluis.com\/index.php\/2024\/06\/03\/la-provincia-participa-de-las-deliberaciones-del-consejo-de-seguridad-interior\/#primaryimage\"},\"thumbnailUrl\":\"https:\/\/apuntesdesanluis.com\/wp-content\/uploads\/2024\/06\/ministra-nancy-sosa.jpg\",\"articleSection\":[\"Ciudad\/Provincia\"],\"inLanguage\":\"es-AR\"},{\"@type\":\"WebPage\",\"@id\":\"https:\/\/apuntesdesanluis.com\/index.php\/2024\/06\/03\/la-provincia-participa-de-las-deliberaciones-del-consejo-de-seguridad-interior\/\",\"url\":\"https:\/\/apuntesdesanluis.com\/index.php\/2024\/06\/03\/la-provincia-participa-de-las-deliberaciones-del-consejo-de-seguridad-interior\/\",\"name\":\"LA PROVINCIA PARTICIPA DE LAS DELIBERACIONES DEL CONSEJO DE SEGURIDAD INTERIOR - Apuntes de San Luis\",\"isPartOf\":{\"@id\":\"https:\/\/apuntesdesanluis.com\/#website\"},\"primaryImageOfPage\":{\"@id\":\"https:\/\/apuntesdesanluis.com\/index.php\/2024\/06\/03\/la-provincia-participa-de-las-deliberaciones-del-consejo-de-seguridad-interior\/#primaryimage\"},\"image\":{\"@id\":\"https:\/\/apuntesdesanluis.com\/index.php\/2024\/06\/03\/la-provincia-participa-de-las-deliberaciones-del-consejo-de-seguridad-interior\/#primaryimage\"},\"thumbnailUrl\":\"https:\/\/apuntesdesanluis.com\/wp-content\/uploads\/2024\/06\/ministra-nancy-sosa.jpg\",\"datePublished\":\"2024-06-03T15:52:23+00:00\",\"breadcrumb\":{\"@id\":\"https:\/\/apuntesdesanluis.com\/index.php\/2024\/06\/03\/la-provincia-participa-de-las-deliberaciones-del-consejo-de-seguridad-interior\/#breadcrumb\"},\"inLanguage\":\"es-AR\",\"potentialAction\":[{\"@type\":\"ReadAction\",\"target\":[\"https:\/\/apuntesdesanluis.com\/index.php\/2024\/06\/03\/la-provincia-participa-de-las-deliberaciones-del-consejo-de-seguridad-interior\/\"]}]},{\"@type\":\"ImageObject\",\"inLanguage\":\"es-AR\",\"@id\":\"https:\/\/apuntesdesanluis.com\/index.php\/2024\/06\/03\/la-provincia-participa-de-las-deliberaciones-del-consejo-de-seguridad-interior\/#primaryimage\",\"url\":\"https:\/\/apuntesdesanluis.com\/wp-content\/uploads\/2024\/06\/ministra-nancy-sosa.jpg\",\"contentUrl\":\"https:\/\/apuntesdesanluis.com\/wp-content\/uploads\/2024\/06\/ministra-nancy-sosa.jpg\",\"width\":700,\"height\":394},{\"@type\":\"BreadcrumbList\",\"@id\":\"https:\/\/apuntesdesanluis.com\/index.php\/2024\/06\/03\/la-provincia-participa-de-las-deliberaciones-del-consejo-de-seguridad-interior\/#breadcrumb\",\"itemListElement\":[{\"@type\":\"ListItem\",\"position\":1,\"name\":\"Inicio\",\"item\":\"https:\/\/apuntesdesanluis.com\/\"},{\"@type\":\"ListItem\",\"position\":2,\"name\":\"LA PROVINCIA PARTICIPA DE LAS DELIBERACIONES DEL CONSEJO DE SEGURIDAD INTERIOR\"}]},{\"@type\":\"WebSite\",\"@id\":\"https:\/\/apuntesdesanluis.com\/#website\",\"url\":\"https:\/\/apuntesdesanluis.com\/\",\"name\":\"Apuntes de San Luis\",\"description\":\"\",\"publisher\":{\"@id\":\"https:\/\/apuntesdesanluis.com\/#\/schema\/person\/b55151d52296fcce64d1a72538a70b90\"},\"potentialAction\":[{\"@type\":\"SearchAction\",\"target\":{\"@type\":\"EntryPoint\",\"urlTemplate\":\"https:\/\/apuntesdesanluis.com\/?s={search_term_string}\"},\"query-input\":{\"@type\":\"PropertyValueSpecification\",\"valueRequired\":true,\"valueName\":\"search_term_string\"}}],\"inLanguage\":\"es-AR\"},{\"@type\":[\"Person\",\"Organization\"],\"@id\":\"https:\/\/apuntesdesanluis.com\/#\/schema\/person\/b55151d52296fcce64d1a72538a70b90\",\"name\":\"apuntesdesanluis.com\",\"image\":{\"@type\":\"ImageObject\",\"inLanguage\":\"es-AR\",\"@id\":\"https:\/\/apuntesdesanluis.com\/#\/schema\/person\/image\/\",\"url\":\"https:\/\/apuntesdesanluis.com\/wp-content\/uploads\/2023\/07\/cropped-apuntesdesanluis.png\",\"contentUrl\":\"https:\/\/apuntesdesanluis.com\/wp-content\/uploads\/2023\/07\/cropped-apuntesdesanluis.png\",\"width\":450,\"height\":112,\"caption\":\"apuntesdesanluis.com\"},\"logo\":{\"@id\":\"https:\/\/apuntesdesanluis.com\/#\/schema\/person\/image\/\"},\"sameAs\":[\"https:\/\/apuntesdesanluis.com\"],\"url\":\"https:\/\/apuntesdesanluis.com\/index.php\/author\/apuntesdesanluis-com\/\"}]}<\/script>\n<!-- \/ Yoast SEO plugin. -->","yoast_head_json":{"title":"LA PROVINCIA PARTICIPA DE LAS DELIBERACIONES DEL CONSEJO DE SEGURIDAD INTERIOR - Apuntes de San Luis","robots":{"index":"index","follow":"follow","max-snippet":"max-snippet:-1","max-image-preview":"max-image-preview:large","max-video-preview":"max-video-preview:-1"},"canonical":"https:\/\/apuntesdesanluis.com\/index.php\/2024\/06\/03\/la-provincia-participa-de-las-deliberaciones-del-consejo-de-seguridad-interior\/","og_locale":"es_ES","og_type":"article","og_title":"LA PROVINCIA PARTICIPA DE LAS DELIBERACIONES DEL CONSEJO DE SEGURIDAD INTERIOR - Apuntes de San Luis","og_description":"Este lunes la ministra de Seguridad, Nancy Sosa, y el jefe de la Polic\u00eda provincial,...","og_url":"https:\/\/apuntesdesanluis.com\/index.php\/2024\/06\/03\/la-provincia-participa-de-las-deliberaciones-del-consejo-de-seguridad-interior\/","og_site_name":"Apuntes de San Luis","article_published_time":"2024-06-03T15:52:23+00:00","og_image":[{"width":700,"height":394,"url":"https:\/\/apuntesdesanluis.com\/wp-content\/uploads\/2024\/06\/ministra-nancy-sosa.jpg","type":"image\/jpeg"}],"author":"apuntesdesanluis.com","twitter_card":"summary_large_image","twitter_misc":{"Escrito por":"apuntesdesanluis.com","Tiempo de lectura":"1 minuto"},"schema":{"@context":"https:\/\/schema.org","@graph":[{"@type":"Article","@id":"https:\/\/apuntesdesanluis.com\/index.php\/2024\/06\/03\/la-provincia-participa-de-las-deliberaciones-del-consejo-de-seguridad-interior\/#article","isPartOf":{"@id":"https:\/\/apuntesdesanluis.com\/index.php\/2024\/06\/03\/la-provincia-participa-de-las-deliberaciones-del-consejo-de-seguridad-interior\/"},"author":{"name":"apuntesdesanluis.com","@id":"https:\/\/apuntesdesanluis.com\/#\/schema\/person\/b55151d52296fcce64d1a72538a70b90"},"headline":"LA PROVINCIA PARTICIPA DE LAS DELIBERACIONES DEL CONSEJO DE SEGURIDAD INTERIOR","datePublished":"2024-06-03T15:52:23+00:00","mainEntityOfPage":{"@id":"https:\/\/apuntesdesanluis.com\/index.php\/2024\/06\/03\/la-provincia-participa-de-las-deliberaciones-del-consejo-de-seguridad-interior\/"},"wordCount":144,"publisher":{"@id":"https:\/\/apuntesdesanluis.com\/#\/schema\/person\/b55151d52296fcce64d1a72538a70b90"},"image":{"@id":"https:\/\/apuntesdesanluis.com\/index.php\/2024\/06\/03\/la-provincia-participa-de-las-deliberaciones-del-consejo-de-seguridad-interior\/#primaryimage"},"thumbnailUrl":"https:\/\/apuntesdesanluis.com\/wp-content\/uploads\/2024\/06\/ministra-nancy-sosa.jpg","articleSection":["Ciudad\/Provincia"],"inLanguage":"es-AR"},{"@type":"WebPage","@id":"https:\/\/apuntesdesanluis.com\/index.php\/2024\/06\/03\/la-provincia-participa-de-las-deliberaciones-del-consejo-de-seguridad-interior\/","url":"https:\/\/apuntesdesanluis.com\/index.php\/2024\/06\/03\/la-provincia-participa-de-las-deliberaciones-del-consejo-de-seguridad-interior\/","name":"LA PROVINCIA PARTICIPA DE LAS DELIBERACIONES DEL CONSEJO DE SEGURIDAD INTERIOR - Apuntes de San Luis","isPartOf":{"@id":"https:\/\/apuntesdesanluis.com\/#website"},"primaryImageOfPage":{"@id":"https:\/\/apuntesdesanluis.com\/index.php\/2024\/06\/03\/la-provincia-participa-de-las-deliberaciones-del-consejo-de-seguridad-interior\/#primaryimage"},"image":{"@id":"https:\/\/apuntesdesanluis.com\/index.php\/2024\/06\/03\/la-provincia-participa-de-las-deliberaciones-del-consejo-de-seguridad-interior\/#primaryimage"},"thumbnailUrl":"https:\/\/apuntesdesanluis.com\/wp-content\/uploads\/2024\/06\/ministra-nancy-sosa.jpg","datePublished":"2024-06-03T15:52:23+00:00","breadcrumb":{"@id":"https:\/\/apuntesdesanluis.com\/index.php\/2024\/06\/03\/la-provincia-participa-de-las-deliberaciones-del-consejo-de-seguridad-interior\/#breadcrumb"},"inLanguage":"es-AR","potentialAction":[{"@type":"ReadAction","target":["https:\/\/apuntesdesanluis.com\/index.php\/2024\/06\/03\/la-provincia-participa-de-las-deliberaciones-del-consejo-de-seguridad-interior\/"]}]},{"@type":"ImageObject","inLanguage":"es-AR","@id":"https:\/\/apuntesdesanluis.com\/index.php\/2024\/06\/03\/la-provincia-participa-de-las-deliberaciones-del-consejo-de-seguridad-interior\/#primaryimage","url":"https:\/\/apuntesdesanluis.com\/wp-content\/uploads\/2024\/06\/ministra-nancy-sosa.jpg","contentUrl":"https:\/\/apuntesdesanluis.com\/wp-content\/uploads\/2024\/06\/ministra-nancy-sosa.jpg","width":700,"height":394},{"@type":"BreadcrumbList","@id":"https:\/\/apuntesdesanluis.com\/index.php\/2024\/06\/03\/la-provincia-participa-de-las-deliberaciones-del-consejo-de-seguridad-interior\/#breadcrumb","itemListElement":[{"@type":"ListItem","position":1,"name":"Inicio","item":"https:\/\/apuntesdesanluis.com\/"},{"@type":"ListItem","position":2,"name":"LA PROVINCIA PARTICIPA DE LAS DELIBERACIONES DEL CONSEJO DE SEGURIDAD INTERIOR"}]},{"@type":"WebSite","@id":"https:\/\/apuntesdesanluis.com\/#website","url":"https:\/\/apuntesdesanluis.com\/","name":"Apuntes de San Luis","description":"","publisher":{"@id":"https:\/\/apuntesdesanluis.com\/#\/schema\/person\/b55151d52296fcce64d1a72538a70b90"},"potentialAction":[{"@type":"SearchAction","target":{"@type":"EntryPoint","urlTemplate":"https:\/\/apuntesdesanluis.com\/?s={search_term_string}"},"query-input":{"@type":"PropertyValueSpecification","valueRequired":true,"valueName":"search_term_string"}}],"inLanguage":"es-AR"},{"@type":["Person","Organization"],"@id":"https:\/\/apuntesdesanluis.com\/#\/schema\/person\/b55151d52296fcce64d1a72538a70b90","name":"apuntesdesanluis.com","image":{"@type":"ImageObject","inLanguage":"es-AR","@id":"https:\/\/apuntesdesanluis.com\/#\/schema\/person\/image\/","url":"https:\/\/apuntesdesanluis.com\/wp-content\/uploads\/2023\/07\/cropped-apuntesdesanluis.png","contentUrl":"https:\/\/apuntesdesanluis.com\/wp-content\/uploads\/2023\/07\/cropped-apuntesdesanluis.png","width":450,"height":112,"caption":"apuntesdesanluis.com"},"logo":{"@id":"https:\/\/apuntesdesanluis.com\/#\/schema\/person\/image\/"},"sameAs":["https:\/\/apuntesdesanluis.com"],"url":"https:\/\/apuntesdesanluis.com\/index.php\/author\/apuntesdesanluis-com\/"}]}},"featured_image_urls":{"full":["https:\/\/apuntesdesanluis.com\/wp-content\/uploads\/2024\/06\/ministra-nancy-sosa.jpg",700,394,false],"thumbnail":["https:\/\/apuntesdesanluis.com\/wp-content\/uploads\/2024\/06\/ministra-nancy-sosa-150x150.jpg",150,150,true],"medium":["https:\/\/apuntesdesanluis.com\/wp-content\/uploads\/2024\/06\/ministra-nancy-sosa-300x169.jpg",300,169,true],"medium_large":["https:\/\/apuntesdesanluis.com\/wp-content\/uploads\/2024\/06\/ministra-nancy-sosa.jpg",640,360,false],"large":["https:\/\/apuntesdesanluis.com\/wp-content\/uploads\/2024\/06\/ministra-nancy-sosa.jpg",640,360,false],"1536x1536":["https:\/\/apuntesdesanluis.com\/wp-content\/uploads\/2024\/06\/ministra-nancy-sosa.jpg",700,394,false],"2048x2048":["https:\/\/apuntesdesanluis.com\/wp-content\/uploads\/2024\/06\/ministra-nancy-sosa.jpg",700,394,false],"newsever-slider-full":["https:\/\/apuntesdesanluis.com\/wp-content\/uploads\/2024\/06\/ministra-nancy-sosa.jpg",700,394,false],"newsever-featured":["https:\/\/apuntesdesanluis.com\/wp-content\/uploads\/2024\/06\/ministra-nancy-sosa.jpg",700,394,false],"newsever-medium":["https:\/\/apuntesdesanluis.com\/wp-content\/uploads\/2024\/06\/ministra-nancy-sosa.jpg",700,394,false]},"author_info":{"display_name":"apuntesdesanluis.com","author_link":"https:\/\/apuntesdesanluis.com\/index.php\/author\/apuntesdesanluis-com\/"},"category_info":"<a href=\"https:\/\/apuntesdesanluis.com\/index.php\/category\/ciudad-provincia\/\" rel=\"category tag\">Ciudad\/Provincia<\/a>","tag_info":"Ciudad\/Provincia","comment_count":"0","_links":{"self":[{"href":"https:\/\/apuntesdesanluis.com\/index.php\/wp-json\/wp\/v2\/posts\/17289","targetHints":{"allow":["GET"]}}],"collection":[{"href":"https:\/\/apuntesdesanluis.com\/index.php\/wp-json\/wp\/v2\/posts"}],"about":[{"href":"https:\/\/apuntesdesanluis.com\/index.php\/wp-json\/wp\/v2\/types\/post"}],"author":[{"embeddable":true,"href":"https:\/\/apuntesdesanluis.com\/index.php\/wp-json\/wp\/v2\/users\/1"}],"replies":[{"embeddable":true,"href":"https:\/\/apuntesdesanluis.com\/index.php\/wp-json\/wp\/v2\/comments?post=17289"}],"version-history":[{"count":1,"href":"https:\/\/apuntesdesanluis.com\/index.php\/wp-json\/wp\/v2\/posts\/17289\/revisions"}],"predecessor-version":[{"id":17292,"href":"https:\/\/apuntesdesanluis.com\/index.php\/wp-json\/wp\/v2\/posts\/17289\/revisions\/17292"}],"wp:featuredmedia":[{"embeddable":true,"href":"https:\/\/apuntesdesanluis.com\/index.php\/wp-json\/wp\/v2\/media\/17290"}],"wp:attachment":[{"href":"https:\/\/apuntesdesanluis.com\/index.php\/wp-json\/wp\/v2\/media?parent=17289"}],"wp:term":[{"taxonomy":"category","embeddable":true,"href":"https:\/\/apuntesdesanluis.com\/index.php\/wp-json\/wp\/v2\/categories?post=17289"},{"taxonomy":"post_tag","embeddable":true,"href":"https:\/\/apuntesdesanluis.com\/index.php\/wp-json\/wp\/v2\/tags?post=17289"}],"curies":[{"name":"wp","href":"https:\/\/api.w.org\/{rel}","templated":true}]}}