{"id":173,"date":"2023-07-16T20:34:30","date_gmt":"2023-07-16T23:34:30","guid":{"rendered":"https:\/\/apuntesdesanluis.com\/?p=173"},"modified":"2023-07-17T20:36:50","modified_gmt":"2023-07-17T23:36:50","slug":"atsa-homenajeo-a-los-padres-con-un-asado-de-camaraderia","status":"publish","type":"post","link":"https:\/\/apuntesdesanluis.com\/index.php\/2023\/07\/16\/atsa-homenajeo-a-los-padres-con-un-asado-de-camaraderia\/","title":{"rendered":"ATSA HOMENAJE\u00d3 A LOS PADRES CON UN ASADO DE CAMARADER\u00cdA"},"content":{"rendered":"<h3>Como es una tradici\u00f3n en la familia de los trabajadores de la salud, el pasado viernes un gran n\u00famero de afiliados pap\u00e1s se dieron cita en las instalaciones del c\u00e1mping de ATSA en Villa Mercedes, para compartir un grato momento y celebrar su d\u00eda.<\/h3>\n<h3>El Secretario General <strong>An\u00edbal G\u00f3mez<\/strong> salud\u00f3 a cada uno y les agradeci\u00f3 el permanente compromiso con la instituci\u00f3n, \u201cgracias a lo cual contamos con un gremio ordenado, que brinda servicios a los afiliados y a sus familias, lleva adelante la defensa de los derechos contemplados en nuestra legislaci\u00f3n y apuesta a la permanente capacitaci\u00f3n\u201d.<\/h3>\n<p><img fetchpriority=\"high\" decoding=\"async\" class=\"wp-image-175 aligncenter\" src=\"https:\/\/apuntesdesanluis.com\/wp-content\/uploads\/2023\/07\/asado-atsa-1-300x216.png\" alt=\"\" width=\"615\" height=\"443\" srcset=\"https:\/\/apuntesdesanluis.com\/wp-content\/uploads\/2023\/07\/asado-atsa-1-300x216.png 300w, https:\/\/apuntesdesanluis.com\/wp-content\/uploads\/2023\/07\/asado-atsa-1.png 580w\" sizes=\"(max-width: 615px) 100vw, 615px\" \/><\/p>\n<h3>\u201cNada de esto ser\u00eda posible sin el apoyo de ustedes, su confianza en la conducci\u00f3n y la unidad y solidaridad en la acci\u00f3n\u201d, sostuvo G\u00f3mez, al tiempo que propuso un brindis para celebrar el <strong>D\u00eda del Padre<\/strong>.<\/h3>\n<p><img decoding=\"async\" class=\"wp-image-176 aligncenter\" src=\"https:\/\/apuntesdesanluis.com\/wp-content\/uploads\/2023\/07\/asado-atsa-2-300x199.png\" alt=\"\" width=\"615\" height=\"408\" srcset=\"https:\/\/apuntesdesanluis.com\/wp-content\/uploads\/2023\/07\/asado-atsa-2-300x199.png 300w, https:\/\/apuntesdesanluis.com\/wp-content\/uploads\/2023\/07\/asado-atsa-2.png 572w\" sizes=\"(max-width: 615px) 100vw, 615px\" \/><\/p>\n","protected":false},"excerpt":{"rendered":"<p>Como es una tradici\u00f3n en la familia de los trabajadores de la salud, el pasado&#8230;<\/p>\n","protected":false},"author":1,"featured_media":174,"comment_status":"closed","ping_status":"closed","sticky":false,"template":"","format":"standard","meta":{"footnotes":""},"categories":[6],"tags":[],"class_list":["post-173","post","type-post","status-publish","format-standard","has-post-thumbnail","hentry","category-ciudad-provincia"],"yoast_head":"<!-- This site is optimized with the Yoast SEO plugin v26.1.1 - https:\/\/yoast.com\/wordpress\/plugins\/seo\/ -->\n<title>ATSA HOMENAJE\u00d3 A LOS PADRES CON UN ASADO DE CAMARADER\u00cdA - Apuntes de San Luis<\/title>\n<meta name=\"robots\" content=\"index, follow, max-snippet:-1, max-image-preview:large, max-video-preview:-1\" \/>\n<link rel=\"canonical\" href=\"https:\/\/apuntesdesanluis.com\/index.php\/2023\/07\/16\/atsa-homenajeo-a-los-padres-con-un-asado-de-camaraderia\/\" \/>\n<meta property=\"og:locale\" content=\"es_ES\" \/>\n<meta property=\"og:type\" content=\"article\" \/>\n<meta property=\"og:title\" content=\"ATSA HOMENAJE\u00d3 A LOS PADRES CON UN ASADO DE CAMARADER\u00cdA - Apuntes de San Luis\" \/>\n<meta property=\"og:description\" content=\"Como es una tradici\u00f3n en la familia de los trabajadores de la salud, el pasado...\" \/>\n<meta property=\"og:url\" content=\"https:\/\/apuntesdesanluis.com\/index.php\/2023\/07\/16\/atsa-homenajeo-a-los-padres-con-un-asado-de-camaraderia\/\" \/>\n<meta property=\"og:site_name\" content=\"Apuntes de San Luis\" \/>\n<meta property=\"article:published_time\" content=\"2023-07-16T23:34:30+00:00\" \/>\n<meta property=\"article:modified_time\" content=\"2023-07-17T23:36:50+00:00\" \/>\n<meta property=\"og:image\" content=\"https:\/\/apuntesdesanluis.com\/wp-content\/uploads\/2023\/07\/atsa-7.png\" \/>\n\t<meta property=\"og:image:width\" content=\"465\" \/>\n\t<meta property=\"og:image:height\" content=\"257\" \/>\n\t<meta property=\"og:image:type\" content=\"image\/png\" \/>\n<meta name=\"author\" content=\"apuntesdesanluis.com\" \/>\n<meta name=\"twitter:card\" content=\"summary_large_image\" \/>\n<meta name=\"twitter:label1\" content=\"Escrito por\" \/>\n\t<meta name=\"twitter:data1\" content=\"apuntesdesanluis.com\" \/>\n\t<meta name=\"twitter:label2\" content=\"Tiempo de lectura\" \/>\n\t<meta name=\"twitter:data2\" content=\"1 minuto\" \/>\n<script type=\"application\/ld+json\" class=\"yoast-schema-graph\">{\"@context\":\"https:\/\/schema.org\",\"@graph\":[{\"@type\":\"Article\",\"@id\":\"https:\/\/apuntesdesanluis.com\/index.php\/2023\/07\/16\/atsa-homenajeo-a-los-padres-con-un-asado-de-camaraderia\/#article\",\"isPartOf\":{\"@id\":\"https:\/\/apuntesdesanluis.com\/index.php\/2023\/07\/16\/atsa-homenajeo-a-los-padres-con-un-asado-de-camaraderia\/\"},\"author\":{\"name\":\"apuntesdesanluis.com\",\"@id\":\"https:\/\/apuntesdesanluis.com\/#\/schema\/person\/b55151d52296fcce64d1a72538a70b90\"},\"headline\":\"ATSA HOMENAJE\u00d3 A LOS PADRES CON UN ASADO DE CAMARADER\u00cdA\",\"datePublished\":\"2023-07-16T23:34:30+00:00\",\"dateModified\":\"2023-07-17T23:36:50+00:00\",\"mainEntityOfPage\":{\"@id\":\"https:\/\/apuntesdesanluis.com\/index.php\/2023\/07\/16\/atsa-homenajeo-a-los-padres-con-un-asado-de-camaraderia\/\"},\"wordCount\":161,\"publisher\":{\"@id\":\"https:\/\/apuntesdesanluis.com\/#\/schema\/person\/b55151d52296fcce64d1a72538a70b90\"},\"image\":{\"@id\":\"https:\/\/apuntesdesanluis.com\/index.php\/2023\/07\/16\/atsa-homenajeo-a-los-padres-con-un-asado-de-camaraderia\/#primaryimage\"},\"thumbnailUrl\":\"https:\/\/apuntesdesanluis.com\/wp-content\/uploads\/2023\/07\/atsa-7.png\",\"articleSection\":[\"Ciudad\/Provincia\"],\"inLanguage\":\"es-AR\"},{\"@type\":\"WebPage\",\"@id\":\"https:\/\/apuntesdesanluis.com\/index.php\/2023\/07\/16\/atsa-homenajeo-a-los-padres-con-un-asado-de-camaraderia\/\",\"url\":\"https:\/\/apuntesdesanluis.com\/index.php\/2023\/07\/16\/atsa-homenajeo-a-los-padres-con-un-asado-de-camaraderia\/\",\"name\":\"ATSA HOMENAJE\u00d3 A LOS PADRES CON UN ASADO DE CAMARADER\u00cdA - Apuntes de San Luis\",\"isPartOf\":{\"@id\":\"https:\/\/apuntesdesanluis.com\/#website\"},\"primaryImageOfPage\":{\"@id\":\"https:\/\/apuntesdesanluis.com\/index.php\/2023\/07\/16\/atsa-homenajeo-a-los-padres-con-un-asado-de-camaraderia\/#primaryimage\"},\"image\":{\"@id\":\"https:\/\/apuntesdesanluis.com\/index.php\/2023\/07\/16\/atsa-homenajeo-a-los-padres-con-un-asado-de-camaraderia\/#primaryimage\"},\"thumbnailUrl\":\"https:\/\/apuntesdesanluis.com\/wp-content\/uploads\/2023\/07\/atsa-7.png\",\"datePublished\":\"2023-07-16T23:34:30+00:00\",\"dateModified\":\"2023-07-17T23:36:50+00:00\",\"breadcrumb\":{\"@id\":\"https:\/\/apuntesdesanluis.com\/index.php\/2023\/07\/16\/atsa-homenajeo-a-los-padres-con-un-asado-de-camaraderia\/#breadcrumb\"},\"inLanguage\":\"es-AR\",\"potentialAction\":[{\"@type\":\"ReadAction\",\"target\":[\"https:\/\/apuntesdesanluis.com\/index.php\/2023\/07\/16\/atsa-homenajeo-a-los-padres-con-un-asado-de-camaraderia\/\"]}]},{\"@type\":\"ImageObject\",\"inLanguage\":\"es-AR\",\"@id\":\"https:\/\/apuntesdesanluis.com\/index.php\/2023\/07\/16\/atsa-homenajeo-a-los-padres-con-un-asado-de-camaraderia\/#primaryimage\",\"url\":\"https:\/\/apuntesdesanluis.com\/wp-content\/uploads\/2023\/07\/atsa-7.png\",\"contentUrl\":\"https:\/\/apuntesdesanluis.com\/wp-content\/uploads\/2023\/07\/atsa-7.png\",\"width\":465,\"height\":257},{\"@type\":\"BreadcrumbList\",\"@id\":\"https:\/\/apuntesdesanluis.com\/index.php\/2023\/07\/16\/atsa-homenajeo-a-los-padres-con-un-asado-de-camaraderia\/#breadcrumb\",\"itemListElement\":[{\"@type\":\"ListItem\",\"position\":1,\"name\":\"Inicio\",\"item\":\"https:\/\/apuntesdesanluis.com\/\"},{\"@type\":\"ListItem\",\"position\":2,\"name\":\"ATSA HOMENAJE\u00d3 A LOS PADRES CON UN ASADO DE CAMARADER\u00cdA\"}]},{\"@type\":\"WebSite\",\"@id\":\"https:\/\/apuntesdesanluis.com\/#website\",\"url\":\"https:\/\/apuntesdesanluis.com\/\",\"name\":\"Apuntes de San Luis\",\"description\":\"\",\"publisher\":{\"@id\":\"https:\/\/apuntesdesanluis.com\/#\/schema\/person\/b55151d52296fcce64d1a72538a70b90\"},\"potentialAction\":[{\"@type\":\"SearchAction\",\"target\":{\"@type\":\"EntryPoint\",\"urlTemplate\":\"https:\/\/apuntesdesanluis.com\/?s={search_term_string}\"},\"query-input\":{\"@type\":\"PropertyValueSpecification\",\"valueRequired\":true,\"valueName\":\"search_term_string\"}}],\"inLanguage\":\"es-AR\"},{\"@type\":[\"Person\",\"Organization\"],\"@id\":\"https:\/\/apuntesdesanluis.com\/#\/schema\/person\/b55151d52296fcce64d1a72538a70b90\",\"name\":\"apuntesdesanluis.com\",\"image\":{\"@type\":\"ImageObject\",\"inLanguage\":\"es-AR\",\"@id\":\"https:\/\/apuntesdesanluis.com\/#\/schema\/person\/image\/\",\"url\":\"https:\/\/apuntesdesanluis.com\/wp-content\/uploads\/2023\/07\/cropped-apuntesdesanluis.png\",\"contentUrl\":\"https:\/\/apuntesdesanluis.com\/wp-content\/uploads\/2023\/07\/cropped-apuntesdesanluis.png\",\"width\":450,\"height\":112,\"caption\":\"apuntesdesanluis.com\"},\"logo\":{\"@id\":\"https:\/\/apuntesdesanluis.com\/#\/schema\/person\/image\/\"},\"sameAs\":[\"https:\/\/apuntesdesanluis.com\"],\"url\":\"https:\/\/apuntesdesanluis.com\/index.php\/author\/apuntesdesanluis-com\/\"}]}<\/script>\n<!-- \/ Yoast SEO plugin. -->","yoast_head_json":{"title":"ATSA HOMENAJE\u00d3 A LOS PADRES CON UN ASADO DE CAMARADER\u00cdA - Apuntes de San Luis","robots":{"index":"index","follow":"follow","max-snippet":"max-snippet:-1","max-image-preview":"max-image-preview:large","max-video-preview":"max-video-preview:-1"},"canonical":"https:\/\/apuntesdesanluis.com\/index.php\/2023\/07\/16\/atsa-homenajeo-a-los-padres-con-un-asado-de-camaraderia\/","og_locale":"es_ES","og_type":"article","og_title":"ATSA HOMENAJE\u00d3 A LOS PADRES CON UN ASADO DE CAMARADER\u00cdA - Apuntes de San Luis","og_description":"Como es una tradici\u00f3n en la familia de los trabajadores de la salud, el pasado...","og_url":"https:\/\/apuntesdesanluis.com\/index.php\/2023\/07\/16\/atsa-homenajeo-a-los-padres-con-un-asado-de-camaraderia\/","og_site_name":"Apuntes de San Luis","article_published_time":"2023-07-16T23:34:30+00:00","article_modified_time":"2023-07-17T23:36:50+00:00","og_image":[{"width":465,"height":257,"url":"https:\/\/apuntesdesanluis.com\/wp-content\/uploads\/2023\/07\/atsa-7.png","type":"image\/png"}],"author":"apuntesdesanluis.com","twitter_card":"summary_large_image","twitter_misc":{"Escrito por":"apuntesdesanluis.com","Tiempo de lectura":"1 minuto"},"schema":{"@context":"https:\/\/schema.org","@graph":[{"@type":"Article","@id":"https:\/\/apuntesdesanluis.com\/index.php\/2023\/07\/16\/atsa-homenajeo-a-los-padres-con-un-asado-de-camaraderia\/#article","isPartOf":{"@id":"https:\/\/apuntesdesanluis.com\/index.php\/2023\/07\/16\/atsa-homenajeo-a-los-padres-con-un-asado-de-camaraderia\/"},"author":{"name":"apuntesdesanluis.com","@id":"https:\/\/apuntesdesanluis.com\/#\/schema\/person\/b55151d52296fcce64d1a72538a70b90"},"headline":"ATSA HOMENAJE\u00d3 A LOS PADRES CON UN ASADO DE CAMARADER\u00cdA","datePublished":"2023-07-16T23:34:30+00:00","dateModified":"2023-07-17T23:36:50+00:00","mainEntityOfPage":{"@id":"https:\/\/apuntesdesanluis.com\/index.php\/2023\/07\/16\/atsa-homenajeo-a-los-padres-con-un-asado-de-camaraderia\/"},"wordCount":161,"publisher":{"@id":"https:\/\/apuntesdesanluis.com\/#\/schema\/person\/b55151d52296fcce64d1a72538a70b90"},"image":{"@id":"https:\/\/apuntesdesanluis.com\/index.php\/2023\/07\/16\/atsa-homenajeo-a-los-padres-con-un-asado-de-camaraderia\/#primaryimage"},"thumbnailUrl":"https:\/\/apuntesdesanluis.com\/wp-content\/uploads\/2023\/07\/atsa-7.png","articleSection":["Ciudad\/Provincia"],"inLanguage":"es-AR"},{"@type":"WebPage","@id":"https:\/\/apuntesdesanluis.com\/index.php\/2023\/07\/16\/atsa-homenajeo-a-los-padres-con-un-asado-de-camaraderia\/","url":"https:\/\/apuntesdesanluis.com\/index.php\/2023\/07\/16\/atsa-homenajeo-a-los-padres-con-un-asado-de-camaraderia\/","name":"ATSA HOMENAJE\u00d3 A LOS PADRES CON UN ASADO DE CAMARADER\u00cdA - Apuntes de San Luis","isPartOf":{"@id":"https:\/\/apuntesdesanluis.com\/#website"},"primaryImageOfPage":{"@id":"https:\/\/apuntesdesanluis.com\/index.php\/2023\/07\/16\/atsa-homenajeo-a-los-padres-con-un-asado-de-camaraderia\/#primaryimage"},"image":{"@id":"https:\/\/apuntesdesanluis.com\/index.php\/2023\/07\/16\/atsa-homenajeo-a-los-padres-con-un-asado-de-camaraderia\/#primaryimage"},"thumbnailUrl":"https:\/\/apuntesdesanluis.com\/wp-content\/uploads\/2023\/07\/atsa-7.png","datePublished":"2023-07-16T23:34:30+00:00","dateModified":"2023-07-17T23:36:50+00:00","breadcrumb":{"@id":"https:\/\/apuntesdesanluis.com\/index.php\/2023\/07\/16\/atsa-homenajeo-a-los-padres-con-un-asado-de-camaraderia\/#breadcrumb"},"inLanguage":"es-AR","potentialAction":[{"@type":"ReadAction","target":["https:\/\/apuntesdesanluis.com\/index.php\/2023\/07\/16\/atsa-homenajeo-a-los-padres-con-un-asado-de-camaraderia\/"]}]},{"@type":"ImageObject","inLanguage":"es-AR","@id":"https:\/\/apuntesdesanluis.com\/index.php\/2023\/07\/16\/atsa-homenajeo-a-los-padres-con-un-asado-de-camaraderia\/#primaryimage","url":"https:\/\/apuntesdesanluis.com\/wp-content\/uploads\/2023\/07\/atsa-7.png","contentUrl":"https:\/\/apuntesdesanluis.com\/wp-content\/uploads\/2023\/07\/atsa-7.png","width":465,"height":257},{"@type":"BreadcrumbList","@id":"https:\/\/apuntesdesanluis.com\/index.php\/2023\/07\/16\/atsa-homenajeo-a-los-padres-con-un-asado-de-camaraderia\/#breadcrumb","itemListElement":[{"@type":"ListItem","position":1,"name":"Inicio","item":"https:\/\/apuntesdesanluis.com\/"},{"@type":"ListItem","position":2,"name":"ATSA HOMENAJE\u00d3 A LOS PADRES CON UN ASADO DE CAMARADER\u00cdA"}]},{"@type":"WebSite","@id":"https:\/\/apuntesdesanluis.com\/#website","url":"https:\/\/apuntesdesanluis.com\/","name":"Apuntes de San Luis","description":"","publisher":{"@id":"https:\/\/apuntesdesanluis.com\/#\/schema\/person\/b55151d52296fcce64d1a72538a70b90"},"potentialAction":[{"@type":"SearchAction","target":{"@type":"EntryPoint","urlTemplate":"https:\/\/apuntesdesanluis.com\/?s={search_term_string}"},"query-input":{"@type":"PropertyValueSpecification","valueRequired":true,"valueName":"search_term_string"}}],"inLanguage":"es-AR"},{"@type":["Person","Organization"],"@id":"https:\/\/apuntesdesanluis.com\/#\/schema\/person\/b55151d52296fcce64d1a72538a70b90","name":"apuntesdesanluis.com","image":{"@type":"ImageObject","inLanguage":"es-AR","@id":"https:\/\/apuntesdesanluis.com\/#\/schema\/person\/image\/","url":"https:\/\/apuntesdesanluis.com\/wp-content\/uploads\/2023\/07\/cropped-apuntesdesanluis.png","contentUrl":"https:\/\/apuntesdesanluis.com\/wp-content\/uploads\/2023\/07\/cropped-apuntesdesanluis.png","width":450,"height":112,"caption":"apuntesdesanluis.com"},"logo":{"@id":"https:\/\/apuntesdesanluis.com\/#\/schema\/person\/image\/"},"sameAs":["https:\/\/apuntesdesanluis.com"],"url":"https:\/\/apuntesdesanluis.com\/index.php\/author\/apuntesdesanluis-com\/"}]}},"featured_image_urls":{"full":["https:\/\/apuntesdesanluis.com\/wp-content\/uploads\/2023\/07\/atsa-7.png",465,257,false],"thumbnail":["https:\/\/apuntesdesanluis.com\/wp-content\/uploads\/2023\/07\/atsa-7-150x150.png",150,150,true],"medium":["https:\/\/apuntesdesanluis.com\/wp-content\/uploads\/2023\/07\/atsa-7-300x166.png",300,166,true],"medium_large":["https:\/\/apuntesdesanluis.com\/wp-content\/uploads\/2023\/07\/atsa-7.png",465,257,false],"large":["https:\/\/apuntesdesanluis.com\/wp-content\/uploads\/2023\/07\/atsa-7.png",465,257,false],"1536x1536":["https:\/\/apuntesdesanluis.com\/wp-content\/uploads\/2023\/07\/atsa-7.png",465,257,false],"2048x2048":["https:\/\/apuntesdesanluis.com\/wp-content\/uploads\/2023\/07\/atsa-7.png",465,257,false],"newsever-slider-full":["https:\/\/apuntesdesanluis.com\/wp-content\/uploads\/2023\/07\/atsa-7.png",465,257,false],"newsever-featured":["https:\/\/apuntesdesanluis.com\/wp-content\/uploads\/2023\/07\/atsa-7.png",465,257,false],"newsever-medium":["https:\/\/apuntesdesanluis.com\/wp-content\/uploads\/2023\/07\/atsa-7.png",465,257,false]},"author_info":{"display_name":"apuntesdesanluis.com","author_link":"https:\/\/apuntesdesanluis.com\/index.php\/author\/apuntesdesanluis-com\/"},"category_info":"<a href=\"https:\/\/apuntesdesanluis.com\/index.php\/category\/ciudad-provincia\/\" rel=\"category tag\">Ciudad\/Provincia<\/a>","tag_info":"Ciudad\/Provincia","comment_count":"0","_links":{"self":[{"href":"https:\/\/apuntesdesanluis.com\/index.php\/wp-json\/wp\/v2\/posts\/173","targetHints":{"allow":["GET"]}}],"collection":[{"href":"https:\/\/apuntesdesanluis.com\/index.php\/wp-json\/wp\/v2\/posts"}],"about":[{"href":"https:\/\/apuntesdesanluis.com\/index.php\/wp-json\/wp\/v2\/types\/post"}],"author":[{"embeddable":true,"href":"https:\/\/apuntesdesanluis.com\/index.php\/wp-json\/wp\/v2\/users\/1"}],"replies":[{"embeddable":true,"href":"https:\/\/apuntesdesanluis.com\/index.php\/wp-json\/wp\/v2\/comments?post=173"}],"version-history":[{"count":1,"href":"https:\/\/apuntesdesanluis.com\/index.php\/wp-json\/wp\/v2\/posts\/173\/revisions"}],"predecessor-version":[{"id":177,"href":"https:\/\/apuntesdesanluis.com\/index.php\/wp-json\/wp\/v2\/posts\/173\/revisions\/177"}],"wp:featuredmedia":[{"embeddable":true,"href":"https:\/\/apuntesdesanluis.com\/index.php\/wp-json\/wp\/v2\/media\/174"}],"wp:attachment":[{"href":"https:\/\/apuntesdesanluis.com\/index.php\/wp-json\/wp\/v2\/media?parent=173"}],"wp:term":[{"taxonomy":"category","embeddable":true,"href":"https:\/\/apuntesdesanluis.com\/index.php\/wp-json\/wp\/v2\/categories?post=173"},{"taxonomy":"post_tag","embeddable":true,"href":"https:\/\/apuntesdesanluis.com\/index.php\/wp-json\/wp\/v2\/tags?post=173"}],"curies":[{"name":"wp","href":"https:\/\/api.w.org\/{rel}","templated":true}]}}