{"id":1732,"date":"2023-08-17T20:42:44","date_gmt":"2023-08-17T23:42:44","guid":{"rendered":"https:\/\/apuntesdesanluis.com\/?p=1732"},"modified":"2023-08-17T20:42:44","modified_gmt":"2023-08-17T23:42:44","slug":"condenaron-a-los-autores-de-dos-violentos-asaltos-en-el-noreste-provincial","status":"publish","type":"post","link":"https:\/\/apuntesdesanluis.com\/index.php\/2023\/08\/17\/condenaron-a-los-autores-de-dos-violentos-asaltos-en-el-noreste-provincial\/","title":{"rendered":"CONDENARON A LOS AUTORES DE DOS VIOLENTOS ASALTOS EN EL NORESTE PROVINCIAL"},"content":{"rendered":"<h3 class=\"yiv7409174924ydp6329976emsonormal\" style=\"background: white;\"><span style=\"font-family: 'Arial','sans-serif'; color: #1d2228;\">Este jueves, Felipe Carmen Isaguirre y Claudio Javier Gim\u00e9nez fueron condenados como autores del delito de robo calificado en despoblado y en banda. Los hechos tuvieron lugar en 2018, en dos localidades del noreste provincial.<\/span><\/h3>\n<h3 class=\"yiv7409174924ydp6329976emsonormal\" style=\"background: white;\"><span style=\"font-family: 'Arial','sans-serif'; color: #1d2228;\">El primer asalto ocurri\u00f3 en abril de 2018 en Las Lagunas, cuando los delincuentes irrumpieron en una vivienda, golpearon y maniataron a sus moradores, llev\u00e1ndose dinero en efectivo, armas de fuego, herramientas y una camioneta pickup que, horas despu\u00e9s, fue encontrada en cercan\u00edas de La Toma.<\/span><\/h3>\n<h3 class=\"yiv7409174924ydp6329976emsonormal\" style=\"background: white;\"><span style=\"font-family: 'Arial','sans-serif'; color: #1d2228;\">El segundo hecho delictivo se perpetr\u00f3 en mayo ese a\u00f1o, en una propiedad de la zona rural de Naschel. En esa oportunidad, los malvivientes tambi\u00e9n redujeron a las v\u00edctimas de manera violenta, escapando del lugar con dinero, armas de distinto calibre, dos grupos electrog\u00e9nos, herramientas y una computadora.<\/span><\/h3>\n<h3 class=\"yiv7409174924ydp6329976emsonormal\" style=\"background: white;\"><span style=\"font-family: 'Arial','sans-serif'; color: #1d2228;\">Los dos imputados, con domicilio real en la ciudad de San Luis, fueron procesados con prisi\u00f3n preventiva y trasladados a la penitenciar\u00eda provincial a la espera del juicio para definir su situaci\u00f3n procesal.<\/span><\/h3>\n<h3 class=\"yiv7409174924ydp6329976emsonormal\" style=\"background: white;\"><span style=\"font-family: 'Arial','sans-serif'; color: #1d2228;\">Gim\u00e9nez, adem\u00e1s, fue posteriormente procesado como presunto autor del delito de portaci\u00f3n ilegal de arma de fuego de uso civil, por otro il\u00edcito ocurrido en Naschel en mayo de 2018.<\/span><\/h3>\n<h3 class=\"yiv7409174924ydp6329976emsonormal\" style=\"background: white;\"><span style=\"font-family: 'Arial','sans-serif'; color: #1d2228;\">Ambos acusados registran antecedentes penales y, en la actualidad, Gim\u00e9nez se encuentra cumpliendo condena por un robo consumado en marzo de 2017 en el Paraje San Ram\u00f3n, perteneciente al Departamento San Mart\u00edn (<a href=\"https:\/\/www.periodicojudicial.gov.ar\/siete-anos-de-carcel-para-el-autor-de-un-robo-en-el-paraje-san-ramon\/\">https:\/\/www.periodicojudicial.gov.ar\/siete-anos-de-carcel-para-el-autor-de-un-robo-en-el-paraje-san-ramon\/<\/a>).<\/span><\/h3>\n<p><img fetchpriority=\"high\" decoding=\"async\" class=\"wp-image-1734 aligncenter\" src=\"https:\/\/apuntesdesanluis.com\/wp-content\/uploads\/2023\/08\/cuatro-300x169.png\" alt=\"\" width=\"730\" height=\"411\" srcset=\"https:\/\/apuntesdesanluis.com\/wp-content\/uploads\/2023\/08\/cuatro-300x169.png 300w, https:\/\/apuntesdesanluis.com\/wp-content\/uploads\/2023\/08\/cuatro.png 630w\" sizes=\"(max-width: 730px) 100vw, 730px\" \/><\/p>\n<h3 class=\"yiv7409174924ydp6329976emsonormal\" style=\"background: white;\"><span style=\"font-family: 'Arial','sans-serif'; color: #1d2228;\">JUICIO ABREVIADO<\/span><\/h3>\n<h3 class=\"yiv7409174924ydp6329976emsonormal\" style=\"background: white;\"><span style=\"font-family: 'Arial','sans-serif'; color: #1d2228;\">En la audiencia desarrollada este 17 de agosto, el Fiscal de Juicio, Dr. Mario N\u00e9stor Zudaire inform\u00f3 que, junto con la defensa de los acusados, hab\u00edan arribado a un acuerdo de juicio abreviado.<\/span><\/h3>\n<h3 class=\"yiv7409174924ydp6329976emsonormal\" style=\"background: white;\"><span style=\"font-family: 'Arial','sans-serif'; color: #1d2228;\">Tanto los imputados como sus abogados defensores, \u2013Bautista Rivadera, en representaci\u00f3n de Isaguirre, y Marcos Ju\u00e1rez en representaci\u00f3n de Gim\u00e9nez- participaron del plenario de manera virtual, ratificando el referido acuerdo. A trav\u00e9s del mismo, los acusados reconocieron su autor\u00eda en los hechos y aceptaron la imposici\u00f3n de la pena privativa de la libertad all\u00ed dispuesta.<\/span><\/h3>\n<h3 class=\"yiv7409174924ydp6329976emsonormal\" style=\"background: white;\"><span style=\"font-family: 'Arial','sans-serif'; color: #1d2228;\">Luego de escuchar a las partes, la Dra. Mar\u00eda Claudia Uccello, quien result\u00f3 sorteada para dirigir el debate como jueza unipersonal; resolvi\u00f3 homologar el acuerdo de juicio abreviado, dictando en consecuencia el siguiente veredicto:<\/span><\/h3>\n<h3 class=\"yiv7409174924ydp6329976emsonormal\" style=\"background: white;\"><span style=\"font-family: 'Arial','sans-serif'; color: #1d2228;\">Declarar a Felipe Carmen Isaguirre culpable, como autor material y penalmente responsable del delito de robo en despoblado y en banda, en concurso real, dos hechos; conden\u00e1ndolo a sufrir la pena de siete a\u00f1os de prisi\u00f3n, accesorias legales y costas procesales.<\/span><\/h3>\n<h3 class=\"yiv7409174924ydp6329976emsonormal\" style=\"background: white;\"><span style=\"font-family: 'Arial','sans-serif'; color: #1d2228;\">Declarar a Claudio Javier Gim\u00e9nez culpable, como autor material y penalmente responsable del delito de robo en despoblado y en banda, en concurso real, dos hechos, y del delito de portaci\u00f3n ilegal de arma de fuego de uso civil; conden\u00e1ndolo a sufrir la pena de siete a\u00f1os y seis meses de prisi\u00f3n, accesorias legales y costas procesales.<\/span><\/h3>\n<h3 class=\"yiv7409174924ydp6329976emsonormal\" style=\"background: white;\"><span style=\"font-family: 'Arial','sans-serif'; color: #1d2228;\">La sentencia ser\u00e1 dictada en el t\u00e9rmino de Ley.<\/span><\/h3>\n<p class=\"yiv7409174924ydp6329976emsonormal\" style=\"background: white;\"><span style=\"font-family: 'Arial','sans-serif'; color: #1d2228;\">\u00a0<\/span><\/p>\n","protected":false},"excerpt":{"rendered":"<p>Este jueves, Felipe Carmen Isaguirre y Claudio Javier Gim\u00e9nez fueron condenados como autores del delito&#8230;<\/p>\n","protected":false},"author":1,"featured_media":1733,"comment_status":"closed","ping_status":"closed","sticky":false,"template":"","format":"standard","meta":{"footnotes":""},"categories":[6],"tags":[],"class_list":["post-1732","post","type-post","status-publish","format-standard","has-post-thumbnail","hentry","category-ciudad-provincia"],"yoast_head":"<!-- This site is optimized with the Yoast SEO plugin v26.1.1 - https:\/\/yoast.com\/wordpress\/plugins\/seo\/ -->\n<title>CONDENARON A LOS AUTORES DE DOS VIOLENTOS ASALTOS EN EL NORESTE PROVINCIAL - Apuntes de San Luis<\/title>\n<meta name=\"robots\" content=\"index, follow, max-snippet:-1, max-image-preview:large, max-video-preview:-1\" \/>\n<link rel=\"canonical\" href=\"https:\/\/apuntesdesanluis.com\/index.php\/2023\/08\/17\/condenaron-a-los-autores-de-dos-violentos-asaltos-en-el-noreste-provincial\/\" \/>\n<meta property=\"og:locale\" content=\"es_ES\" \/>\n<meta property=\"og:type\" content=\"article\" \/>\n<meta property=\"og:title\" content=\"CONDENARON A LOS AUTORES DE DOS VIOLENTOS ASALTOS EN EL NORESTE PROVINCIAL - Apuntes de San Luis\" \/>\n<meta property=\"og:description\" content=\"Este jueves, Felipe Carmen Isaguirre y Claudio Javier Gim\u00e9nez fueron condenados como autores del delito...\" \/>\n<meta property=\"og:url\" content=\"https:\/\/apuntesdesanluis.com\/index.php\/2023\/08\/17\/condenaron-a-los-autores-de-dos-violentos-asaltos-en-el-noreste-provincial\/\" \/>\n<meta property=\"og:site_name\" content=\"Apuntes de San Luis\" \/>\n<meta property=\"article:published_time\" content=\"2023-08-17T23:42:44+00:00\" \/>\n<meta property=\"og:image\" content=\"https:\/\/apuntesdesanluis.com\/wp-content\/uploads\/2023\/08\/presos.png\" \/>\n\t<meta property=\"og:image:width\" content=\"512\" \/>\n\t<meta property=\"og:image:height\" content=\"284\" \/>\n\t<meta property=\"og:image:type\" content=\"image\/png\" \/>\n<meta name=\"author\" content=\"apuntesdesanluis.com\" \/>\n<meta name=\"twitter:card\" content=\"summary_large_image\" \/>\n<meta name=\"twitter:label1\" content=\"Escrito por\" \/>\n\t<meta name=\"twitter:data1\" content=\"apuntesdesanluis.com\" \/>\n\t<meta name=\"twitter:label2\" content=\"Tiempo de lectura\" \/>\n\t<meta name=\"twitter:data2\" content=\"3 minutos\" \/>\n<script type=\"application\/ld+json\" class=\"yoast-schema-graph\">{\"@context\":\"https:\/\/schema.org\",\"@graph\":[{\"@type\":\"Article\",\"@id\":\"https:\/\/apuntesdesanluis.com\/index.php\/2023\/08\/17\/condenaron-a-los-autores-de-dos-violentos-asaltos-en-el-noreste-provincial\/#article\",\"isPartOf\":{\"@id\":\"https:\/\/apuntesdesanluis.com\/index.php\/2023\/08\/17\/condenaron-a-los-autores-de-dos-violentos-asaltos-en-el-noreste-provincial\/\"},\"author\":{\"name\":\"apuntesdesanluis.com\",\"@id\":\"https:\/\/apuntesdesanluis.com\/#\/schema\/person\/b55151d52296fcce64d1a72538a70b90\"},\"headline\":\"CONDENARON A LOS AUTORES DE DOS VIOLENTOS ASALTOS EN EL NORESTE PROVINCIAL\",\"datePublished\":\"2023-08-17T23:42:44+00:00\",\"mainEntityOfPage\":{\"@id\":\"https:\/\/apuntesdesanluis.com\/index.php\/2023\/08\/17\/condenaron-a-los-autores-de-dos-violentos-asaltos-en-el-noreste-provincial\/\"},\"wordCount\":505,\"publisher\":{\"@id\":\"https:\/\/apuntesdesanluis.com\/#\/schema\/person\/b55151d52296fcce64d1a72538a70b90\"},\"image\":{\"@id\":\"https:\/\/apuntesdesanluis.com\/index.php\/2023\/08\/17\/condenaron-a-los-autores-de-dos-violentos-asaltos-en-el-noreste-provincial\/#primaryimage\"},\"thumbnailUrl\":\"https:\/\/apuntesdesanluis.com\/wp-content\/uploads\/2023\/08\/presos.png\",\"articleSection\":[\"Ciudad\/Provincia\"],\"inLanguage\":\"es-AR\"},{\"@type\":\"WebPage\",\"@id\":\"https:\/\/apuntesdesanluis.com\/index.php\/2023\/08\/17\/condenaron-a-los-autores-de-dos-violentos-asaltos-en-el-noreste-provincial\/\",\"url\":\"https:\/\/apuntesdesanluis.com\/index.php\/2023\/08\/17\/condenaron-a-los-autores-de-dos-violentos-asaltos-en-el-noreste-provincial\/\",\"name\":\"CONDENARON A LOS AUTORES DE DOS VIOLENTOS ASALTOS EN EL NORESTE PROVINCIAL - Apuntes de San Luis\",\"isPartOf\":{\"@id\":\"https:\/\/apuntesdesanluis.com\/#website\"},\"primaryImageOfPage\":{\"@id\":\"https:\/\/apuntesdesanluis.com\/index.php\/2023\/08\/17\/condenaron-a-los-autores-de-dos-violentos-asaltos-en-el-noreste-provincial\/#primaryimage\"},\"image\":{\"@id\":\"https:\/\/apuntesdesanluis.com\/index.php\/2023\/08\/17\/condenaron-a-los-autores-de-dos-violentos-asaltos-en-el-noreste-provincial\/#primaryimage\"},\"thumbnailUrl\":\"https:\/\/apuntesdesanluis.com\/wp-content\/uploads\/2023\/08\/presos.png\",\"datePublished\":\"2023-08-17T23:42:44+00:00\",\"breadcrumb\":{\"@id\":\"https:\/\/apuntesdesanluis.com\/index.php\/2023\/08\/17\/condenaron-a-los-autores-de-dos-violentos-asaltos-en-el-noreste-provincial\/#breadcrumb\"},\"inLanguage\":\"es-AR\",\"potentialAction\":[{\"@type\":\"ReadAction\",\"target\":[\"https:\/\/apuntesdesanluis.com\/index.php\/2023\/08\/17\/condenaron-a-los-autores-de-dos-violentos-asaltos-en-el-noreste-provincial\/\"]}]},{\"@type\":\"ImageObject\",\"inLanguage\":\"es-AR\",\"@id\":\"https:\/\/apuntesdesanluis.com\/index.php\/2023\/08\/17\/condenaron-a-los-autores-de-dos-violentos-asaltos-en-el-noreste-provincial\/#primaryimage\",\"url\":\"https:\/\/apuntesdesanluis.com\/wp-content\/uploads\/2023\/08\/presos.png\",\"contentUrl\":\"https:\/\/apuntesdesanluis.com\/wp-content\/uploads\/2023\/08\/presos.png\",\"width\":512,\"height\":284},{\"@type\":\"BreadcrumbList\",\"@id\":\"https:\/\/apuntesdesanluis.com\/index.php\/2023\/08\/17\/condenaron-a-los-autores-de-dos-violentos-asaltos-en-el-noreste-provincial\/#breadcrumb\",\"itemListElement\":[{\"@type\":\"ListItem\",\"position\":1,\"name\":\"Inicio\",\"item\":\"https:\/\/apuntesdesanluis.com\/\"},{\"@type\":\"ListItem\",\"position\":2,\"name\":\"CONDENARON A LOS AUTORES DE DOS VIOLENTOS ASALTOS EN EL NORESTE PROVINCIAL\"}]},{\"@type\":\"WebSite\",\"@id\":\"https:\/\/apuntesdesanluis.com\/#website\",\"url\":\"https:\/\/apuntesdesanluis.com\/\",\"name\":\"Apuntes de San Luis\",\"description\":\"\",\"publisher\":{\"@id\":\"https:\/\/apuntesdesanluis.com\/#\/schema\/person\/b55151d52296fcce64d1a72538a70b90\"},\"potentialAction\":[{\"@type\":\"SearchAction\",\"target\":{\"@type\":\"EntryPoint\",\"urlTemplate\":\"https:\/\/apuntesdesanluis.com\/?s={search_term_string}\"},\"query-input\":{\"@type\":\"PropertyValueSpecification\",\"valueRequired\":true,\"valueName\":\"search_term_string\"}}],\"inLanguage\":\"es-AR\"},{\"@type\":[\"Person\",\"Organization\"],\"@id\":\"https:\/\/apuntesdesanluis.com\/#\/schema\/person\/b55151d52296fcce64d1a72538a70b90\",\"name\":\"apuntesdesanluis.com\",\"image\":{\"@type\":\"ImageObject\",\"inLanguage\":\"es-AR\",\"@id\":\"https:\/\/apuntesdesanluis.com\/#\/schema\/person\/image\/\",\"url\":\"https:\/\/apuntesdesanluis.com\/wp-content\/uploads\/2023\/07\/cropped-apuntesdesanluis.png\",\"contentUrl\":\"https:\/\/apuntesdesanluis.com\/wp-content\/uploads\/2023\/07\/cropped-apuntesdesanluis.png\",\"width\":450,\"height\":112,\"caption\":\"apuntesdesanluis.com\"},\"logo\":{\"@id\":\"https:\/\/apuntesdesanluis.com\/#\/schema\/person\/image\/\"},\"sameAs\":[\"https:\/\/apuntesdesanluis.com\"],\"url\":\"https:\/\/apuntesdesanluis.com\/index.php\/author\/apuntesdesanluis-com\/\"}]}<\/script>\n<!-- \/ Yoast SEO plugin. -->","yoast_head_json":{"title":"CONDENARON A LOS AUTORES DE DOS VIOLENTOS ASALTOS EN EL NORESTE PROVINCIAL - Apuntes de San Luis","robots":{"index":"index","follow":"follow","max-snippet":"max-snippet:-1","max-image-preview":"max-image-preview:large","max-video-preview":"max-video-preview:-1"},"canonical":"https:\/\/apuntesdesanluis.com\/index.php\/2023\/08\/17\/condenaron-a-los-autores-de-dos-violentos-asaltos-en-el-noreste-provincial\/","og_locale":"es_ES","og_type":"article","og_title":"CONDENARON A LOS AUTORES DE DOS VIOLENTOS ASALTOS EN EL NORESTE PROVINCIAL - Apuntes de San Luis","og_description":"Este jueves, Felipe Carmen Isaguirre y Claudio Javier Gim\u00e9nez fueron condenados como autores del delito...","og_url":"https:\/\/apuntesdesanluis.com\/index.php\/2023\/08\/17\/condenaron-a-los-autores-de-dos-violentos-asaltos-en-el-noreste-provincial\/","og_site_name":"Apuntes de San Luis","article_published_time":"2023-08-17T23:42:44+00:00","og_image":[{"width":512,"height":284,"url":"https:\/\/apuntesdesanluis.com\/wp-content\/uploads\/2023\/08\/presos.png","type":"image\/png"}],"author":"apuntesdesanluis.com","twitter_card":"summary_large_image","twitter_misc":{"Escrito por":"apuntesdesanluis.com","Tiempo de lectura":"3 minutos"},"schema":{"@context":"https:\/\/schema.org","@graph":[{"@type":"Article","@id":"https:\/\/apuntesdesanluis.com\/index.php\/2023\/08\/17\/condenaron-a-los-autores-de-dos-violentos-asaltos-en-el-noreste-provincial\/#article","isPartOf":{"@id":"https:\/\/apuntesdesanluis.com\/index.php\/2023\/08\/17\/condenaron-a-los-autores-de-dos-violentos-asaltos-en-el-noreste-provincial\/"},"author":{"name":"apuntesdesanluis.com","@id":"https:\/\/apuntesdesanluis.com\/#\/schema\/person\/b55151d52296fcce64d1a72538a70b90"},"headline":"CONDENARON A LOS AUTORES DE DOS VIOLENTOS ASALTOS EN EL NORESTE PROVINCIAL","datePublished":"2023-08-17T23:42:44+00:00","mainEntityOfPage":{"@id":"https:\/\/apuntesdesanluis.com\/index.php\/2023\/08\/17\/condenaron-a-los-autores-de-dos-violentos-asaltos-en-el-noreste-provincial\/"},"wordCount":505,"publisher":{"@id":"https:\/\/apuntesdesanluis.com\/#\/schema\/person\/b55151d52296fcce64d1a72538a70b90"},"image":{"@id":"https:\/\/apuntesdesanluis.com\/index.php\/2023\/08\/17\/condenaron-a-los-autores-de-dos-violentos-asaltos-en-el-noreste-provincial\/#primaryimage"},"thumbnailUrl":"https:\/\/apuntesdesanluis.com\/wp-content\/uploads\/2023\/08\/presos.png","articleSection":["Ciudad\/Provincia"],"inLanguage":"es-AR"},{"@type":"WebPage","@id":"https:\/\/apuntesdesanluis.com\/index.php\/2023\/08\/17\/condenaron-a-los-autores-de-dos-violentos-asaltos-en-el-noreste-provincial\/","url":"https:\/\/apuntesdesanluis.com\/index.php\/2023\/08\/17\/condenaron-a-los-autores-de-dos-violentos-asaltos-en-el-noreste-provincial\/","name":"CONDENARON A LOS AUTORES DE DOS VIOLENTOS ASALTOS EN EL NORESTE PROVINCIAL - Apuntes de San Luis","isPartOf":{"@id":"https:\/\/apuntesdesanluis.com\/#website"},"primaryImageOfPage":{"@id":"https:\/\/apuntesdesanluis.com\/index.php\/2023\/08\/17\/condenaron-a-los-autores-de-dos-violentos-asaltos-en-el-noreste-provincial\/#primaryimage"},"image":{"@id":"https:\/\/apuntesdesanluis.com\/index.php\/2023\/08\/17\/condenaron-a-los-autores-de-dos-violentos-asaltos-en-el-noreste-provincial\/#primaryimage"},"thumbnailUrl":"https:\/\/apuntesdesanluis.com\/wp-content\/uploads\/2023\/08\/presos.png","datePublished":"2023-08-17T23:42:44+00:00","breadcrumb":{"@id":"https:\/\/apuntesdesanluis.com\/index.php\/2023\/08\/17\/condenaron-a-los-autores-de-dos-violentos-asaltos-en-el-noreste-provincial\/#breadcrumb"},"inLanguage":"es-AR","potentialAction":[{"@type":"ReadAction","target":["https:\/\/apuntesdesanluis.com\/index.php\/2023\/08\/17\/condenaron-a-los-autores-de-dos-violentos-asaltos-en-el-noreste-provincial\/"]}]},{"@type":"ImageObject","inLanguage":"es-AR","@id":"https:\/\/apuntesdesanluis.com\/index.php\/2023\/08\/17\/condenaron-a-los-autores-de-dos-violentos-asaltos-en-el-noreste-provincial\/#primaryimage","url":"https:\/\/apuntesdesanluis.com\/wp-content\/uploads\/2023\/08\/presos.png","contentUrl":"https:\/\/apuntesdesanluis.com\/wp-content\/uploads\/2023\/08\/presos.png","width":512,"height":284},{"@type":"BreadcrumbList","@id":"https:\/\/apuntesdesanluis.com\/index.php\/2023\/08\/17\/condenaron-a-los-autores-de-dos-violentos-asaltos-en-el-noreste-provincial\/#breadcrumb","itemListElement":[{"@type":"ListItem","position":1,"name":"Inicio","item":"https:\/\/apuntesdesanluis.com\/"},{"@type":"ListItem","position":2,"name":"CONDENARON A LOS AUTORES DE DOS VIOLENTOS ASALTOS EN EL NORESTE PROVINCIAL"}]},{"@type":"WebSite","@id":"https:\/\/apuntesdesanluis.com\/#website","url":"https:\/\/apuntesdesanluis.com\/","name":"Apuntes de San Luis","description":"","publisher":{"@id":"https:\/\/apuntesdesanluis.com\/#\/schema\/person\/b55151d52296fcce64d1a72538a70b90"},"potentialAction":[{"@type":"SearchAction","target":{"@type":"EntryPoint","urlTemplate":"https:\/\/apuntesdesanluis.com\/?s={search_term_string}"},"query-input":{"@type":"PropertyValueSpecification","valueRequired":true,"valueName":"search_term_string"}}],"inLanguage":"es-AR"},{"@type":["Person","Organization"],"@id":"https:\/\/apuntesdesanluis.com\/#\/schema\/person\/b55151d52296fcce64d1a72538a70b90","name":"apuntesdesanluis.com","image":{"@type":"ImageObject","inLanguage":"es-AR","@id":"https:\/\/apuntesdesanluis.com\/#\/schema\/person\/image\/","url":"https:\/\/apuntesdesanluis.com\/wp-content\/uploads\/2023\/07\/cropped-apuntesdesanluis.png","contentUrl":"https:\/\/apuntesdesanluis.com\/wp-content\/uploads\/2023\/07\/cropped-apuntesdesanluis.png","width":450,"height":112,"caption":"apuntesdesanluis.com"},"logo":{"@id":"https:\/\/apuntesdesanluis.com\/#\/schema\/person\/image\/"},"sameAs":["https:\/\/apuntesdesanluis.com"],"url":"https:\/\/apuntesdesanluis.com\/index.php\/author\/apuntesdesanluis-com\/"}]}},"featured_image_urls":{"full":["https:\/\/apuntesdesanluis.com\/wp-content\/uploads\/2023\/08\/presos.png",512,284,false],"thumbnail":["https:\/\/apuntesdesanluis.com\/wp-content\/uploads\/2023\/08\/presos-150x150.png",150,150,true],"medium":["https:\/\/apuntesdesanluis.com\/wp-content\/uploads\/2023\/08\/presos-300x166.png",300,166,true],"medium_large":["https:\/\/apuntesdesanluis.com\/wp-content\/uploads\/2023\/08\/presos.png",512,284,false],"large":["https:\/\/apuntesdesanluis.com\/wp-content\/uploads\/2023\/08\/presos.png",512,284,false],"1536x1536":["https:\/\/apuntesdesanluis.com\/wp-content\/uploads\/2023\/08\/presos.png",512,284,false],"2048x2048":["https:\/\/apuntesdesanluis.com\/wp-content\/uploads\/2023\/08\/presos.png",512,284,false],"newsever-slider-full":["https:\/\/apuntesdesanluis.com\/wp-content\/uploads\/2023\/08\/presos.png",512,284,false],"newsever-featured":["https:\/\/apuntesdesanluis.com\/wp-content\/uploads\/2023\/08\/presos.png",512,284,false],"newsever-medium":["https:\/\/apuntesdesanluis.com\/wp-content\/uploads\/2023\/08\/presos.png",512,284,false]},"author_info":{"display_name":"apuntesdesanluis.com","author_link":"https:\/\/apuntesdesanluis.com\/index.php\/author\/apuntesdesanluis-com\/"},"category_info":"<a href=\"https:\/\/apuntesdesanluis.com\/index.php\/category\/ciudad-provincia\/\" rel=\"category tag\">Ciudad\/Provincia<\/a>","tag_info":"Ciudad\/Provincia","comment_count":"0","_links":{"self":[{"href":"https:\/\/apuntesdesanluis.com\/index.php\/wp-json\/wp\/v2\/posts\/1732","targetHints":{"allow":["GET"]}}],"collection":[{"href":"https:\/\/apuntesdesanluis.com\/index.php\/wp-json\/wp\/v2\/posts"}],"about":[{"href":"https:\/\/apuntesdesanluis.com\/index.php\/wp-json\/wp\/v2\/types\/post"}],"author":[{"embeddable":true,"href":"https:\/\/apuntesdesanluis.com\/index.php\/wp-json\/wp\/v2\/users\/1"}],"replies":[{"embeddable":true,"href":"https:\/\/apuntesdesanluis.com\/index.php\/wp-json\/wp\/v2\/comments?post=1732"}],"version-history":[{"count":1,"href":"https:\/\/apuntesdesanluis.com\/index.php\/wp-json\/wp\/v2\/posts\/1732\/revisions"}],"predecessor-version":[{"id":1735,"href":"https:\/\/apuntesdesanluis.com\/index.php\/wp-json\/wp\/v2\/posts\/1732\/revisions\/1735"}],"wp:featuredmedia":[{"embeddable":true,"href":"https:\/\/apuntesdesanluis.com\/index.php\/wp-json\/wp\/v2\/media\/1733"}],"wp:attachment":[{"href":"https:\/\/apuntesdesanluis.com\/index.php\/wp-json\/wp\/v2\/media?parent=1732"}],"wp:term":[{"taxonomy":"category","embeddable":true,"href":"https:\/\/apuntesdesanluis.com\/index.php\/wp-json\/wp\/v2\/categories?post=1732"},{"taxonomy":"post_tag","embeddable":true,"href":"https:\/\/apuntesdesanluis.com\/index.php\/wp-json\/wp\/v2\/tags?post=1732"}],"curies":[{"name":"wp","href":"https:\/\/api.w.org\/{rel}","templated":true}]}}