{"id":17322,"date":"2024-06-03T21:06:48","date_gmt":"2024-06-04T00:06:48","guid":{"rendered":"https:\/\/apuntesdesanluis.com\/?p=17322"},"modified":"2024-06-03T21:07:45","modified_gmt":"2024-06-04T00:07:45","slug":"tragedia-en-un-pelotero-de-venado-tuerto-una-nena-de-7-anos-se-cayo-de-un-toro-mecanico-y-murio","status":"publish","type":"post","link":"https:\/\/apuntesdesanluis.com\/index.php\/2024\/06\/03\/tragedia-en-un-pelotero-de-venado-tuerto-una-nena-de-7-anos-se-cayo-de-un-toro-mecanico-y-murio\/","title":{"rendered":"TRAGEDIA EN UN PELOTERO: UNA NENA DE 7 A\u00d1OS SE CAY\u00d3 DE UN TORO MEC\u00c1NICO Y MURI\u00d3"},"content":{"rendered":"<h3>La menor sali\u00f3 despedida del juego y su cabeza impact\u00f3 contra el suelo, fuera del \u00e1rea de cobertura del inflable.<\/h3>\n<h3>El accidente ocurri\u00f3 este domingo, alrededor de las 15 en un pelotero de la calle Moreno al 1100, donde la menor hab\u00eda asistido al festejo de un cumplea\u00f1os familiar.<\/h3>\n<h3>Testigos indicaron que la nena estaba subida a ese juego mec\u00e1nico cuando sali\u00f3 despedida y cay\u00f3 fuera del \u00e1rea de cobertura del inflable que lo rodeaba. La v\u00edctima termin\u00f3 impactando su cabeza contra el suelo, en un lugar sin protecci\u00f3n.<\/h3>\n<h3>Al advertir lo ocurrido, la ni\u00f1a fue traslada al hospital Alejandro Guti\u00e9rrez. Pese a las tareas de reanimaci\u00f3n que le practicaron, los m\u00e9dicos no pudieron salvarle la vida y muri\u00f3 como consecuencia de un traumatismo craneoencef\u00e1lico.<\/h3>\n<h3>El fiscal Dami\u00e1n Casullo inici\u00f3 una investigaci\u00f3n por homicidio culposo y requiri\u00f3 al Tribunal Municipal de Faltas la clausura provisoria del establecimiento, lo cual se concret\u00f3 en la tarde del domingo.<\/h3>\n<h3><img fetchpriority=\"high\" decoding=\"async\" class=\"wp-image-17324 aligncenter\" src=\"https:\/\/apuntesdesanluis.com\/wp-content\/uploads\/2024\/06\/toro-mecanico-300x195.png\" alt=\"\" width=\"705\" height=\"458\" srcset=\"https:\/\/apuntesdesanluis.com\/wp-content\/uploads\/2024\/06\/toro-mecanico-300x195.png 300w, https:\/\/apuntesdesanluis.com\/wp-content\/uploads\/2024\/06\/toro-mecanico.png 600w\" sizes=\"(max-width: 705px) 100vw, 705px\" \/><\/h3>\n<h4 style=\"text-align: center;\"><em>Este es el toro mec\u00e1nico al que se hab\u00eda subido la nena que muri\u00f3.<\/em><\/h4>\n<h3>En su p\u00e1gina de Facebook, el sal\u00f3n de fiestas -que est\u00e1 ubicado en plena zona c\u00e9ntrica- se promociona como un lugar de diversi\u00f3n para todas las edades: \u201dEn Big Party pod\u00e9s festejar tu cumple de 0 a 99 a\u00f1os!!! \u00a1Sal\u00f3n de Eventos Orientado a Pree Teens y Teens, es un lugar Ideal para toda la familia!\u201d. Incluso, hay una imagen del toro mec\u00e1nico en su fachada, ya que es una de sus principales atracciones.<\/h3>\n<h3>\u201cEl comercio contaba con la habilitaci\u00f3n y la autorizaci\u00f3n vigente de la municipalidad para funcionar\u201d, precis\u00f3 a TN el fiscal Casullo, quien adem\u00e1s confirm\u00f3 que al momento de la tragedia \u201cel toro mec\u00e1nico ten\u00eda la protecci\u00f3n inflable correspondiente para evitar las ca\u00eddas\u201d.<\/h3>\n<h3>Tras las pericias realizadas en el lugar, el fiscal imput\u00f3 al encargado del pelotero y al hombre que operaba el juego del cual sali\u00f3 despedida la menor.<\/h3>\n<p>&nbsp;<\/p>\n<p>&nbsp;<\/p>\n<p>&nbsp;<\/p>\n<p>&nbsp;<\/p>\n<p>&nbsp;<\/p>\n<p>&nbsp;<\/p>\n","protected":false},"excerpt":{"rendered":"<p>La menor sali\u00f3 despedida del juego y su cabeza impact\u00f3 contra el suelo, fuera del&#8230;<\/p>\n","protected":false},"author":1,"featured_media":17323,"comment_status":"closed","ping_status":"closed","sticky":false,"template":"","format":"standard","meta":{"footnotes":""},"categories":[5],"tags":[],"class_list":["post-17322","post","type-post","status-publish","format-standard","has-post-thumbnail","hentry","category-nacionales-internacionales"],"yoast_head":"<!-- This site is optimized with the Yoast SEO plugin v26.1.1 - https:\/\/yoast.com\/wordpress\/plugins\/seo\/ -->\n<title>TRAGEDIA EN UN PELOTERO: UNA NENA DE 7 A\u00d1OS SE CAY\u00d3 DE UN TORO MEC\u00c1NICO Y MURI\u00d3 - Apuntes de San Luis<\/title>\n<meta name=\"robots\" content=\"index, follow, max-snippet:-1, max-image-preview:large, max-video-preview:-1\" \/>\n<link rel=\"canonical\" href=\"https:\/\/apuntesdesanluis.com\/index.php\/2024\/06\/03\/tragedia-en-un-pelotero-de-venado-tuerto-una-nena-de-7-anos-se-cayo-de-un-toro-mecanico-y-murio\/\" \/>\n<meta property=\"og:locale\" content=\"es_ES\" \/>\n<meta property=\"og:type\" content=\"article\" \/>\n<meta property=\"og:title\" content=\"TRAGEDIA EN UN PELOTERO: UNA NENA DE 7 A\u00d1OS SE CAY\u00d3 DE UN TORO MEC\u00c1NICO Y MURI\u00d3 - Apuntes de San Luis\" \/>\n<meta property=\"og:description\" content=\"La menor sali\u00f3 despedida del juego y su cabeza impact\u00f3 contra el suelo, fuera del...\" \/>\n<meta property=\"og:url\" content=\"https:\/\/apuntesdesanluis.com\/index.php\/2024\/06\/03\/tragedia-en-un-pelotero-de-venado-tuerto-una-nena-de-7-anos-se-cayo-de-un-toro-mecanico-y-murio\/\" \/>\n<meta property=\"og:site_name\" content=\"Apuntes de San Luis\" \/>\n<meta property=\"article:published_time\" content=\"2024-06-04T00:06:48+00:00\" \/>\n<meta property=\"article:modified_time\" content=\"2024-06-04T00:07:45+00:00\" \/>\n<meta property=\"og:image\" content=\"https:\/\/apuntesdesanluis.com\/wp-content\/uploads\/2024\/06\/pelotero.png\" \/>\n\t<meta property=\"og:image:width\" content=\"508\" \/>\n\t<meta property=\"og:image:height\" content=\"317\" \/>\n\t<meta property=\"og:image:type\" content=\"image\/png\" \/>\n<meta name=\"author\" content=\"apuntesdesanluis.com\" \/>\n<meta name=\"twitter:card\" content=\"summary_large_image\" \/>\n<meta name=\"twitter:label1\" content=\"Escrito por\" \/>\n\t<meta name=\"twitter:data1\" content=\"apuntesdesanluis.com\" \/>\n\t<meta name=\"twitter:label2\" content=\"Tiempo de lectura\" \/>\n\t<meta name=\"twitter:data2\" content=\"2 minutos\" \/>\n<script type=\"application\/ld+json\" class=\"yoast-schema-graph\">{\"@context\":\"https:\/\/schema.org\",\"@graph\":[{\"@type\":\"Article\",\"@id\":\"https:\/\/apuntesdesanluis.com\/index.php\/2024\/06\/03\/tragedia-en-un-pelotero-de-venado-tuerto-una-nena-de-7-anos-se-cayo-de-un-toro-mecanico-y-murio\/#article\",\"isPartOf\":{\"@id\":\"https:\/\/apuntesdesanluis.com\/index.php\/2024\/06\/03\/tragedia-en-un-pelotero-de-venado-tuerto-una-nena-de-7-anos-se-cayo-de-un-toro-mecanico-y-murio\/\"},\"author\":{\"name\":\"apuntesdesanluis.com\",\"@id\":\"https:\/\/apuntesdesanluis.com\/#\/schema\/person\/b55151d52296fcce64d1a72538a70b90\"},\"headline\":\"TRAGEDIA EN UN PELOTERO: UNA NENA DE 7 A\u00d1OS SE CAY\u00d3 DE UN TORO MEC\u00c1NICO Y MURI\u00d3\",\"datePublished\":\"2024-06-04T00:06:48+00:00\",\"dateModified\":\"2024-06-04T00:07:45+00:00\",\"mainEntityOfPage\":{\"@id\":\"https:\/\/apuntesdesanluis.com\/index.php\/2024\/06\/03\/tragedia-en-un-pelotero-de-venado-tuerto-una-nena-de-7-anos-se-cayo-de-un-toro-mecanico-y-murio\/\"},\"wordCount\":362,\"publisher\":{\"@id\":\"https:\/\/apuntesdesanluis.com\/#\/schema\/person\/b55151d52296fcce64d1a72538a70b90\"},\"image\":{\"@id\":\"https:\/\/apuntesdesanluis.com\/index.php\/2024\/06\/03\/tragedia-en-un-pelotero-de-venado-tuerto-una-nena-de-7-anos-se-cayo-de-un-toro-mecanico-y-murio\/#primaryimage\"},\"thumbnailUrl\":\"https:\/\/apuntesdesanluis.com\/wp-content\/uploads\/2024\/06\/pelotero.png\",\"articleSection\":[\"Nacionales\/Internacionales\"],\"inLanguage\":\"es-AR\"},{\"@type\":\"WebPage\",\"@id\":\"https:\/\/apuntesdesanluis.com\/index.php\/2024\/06\/03\/tragedia-en-un-pelotero-de-venado-tuerto-una-nena-de-7-anos-se-cayo-de-un-toro-mecanico-y-murio\/\",\"url\":\"https:\/\/apuntesdesanluis.com\/index.php\/2024\/06\/03\/tragedia-en-un-pelotero-de-venado-tuerto-una-nena-de-7-anos-se-cayo-de-un-toro-mecanico-y-murio\/\",\"name\":\"TRAGEDIA EN UN PELOTERO: UNA NENA DE 7 A\u00d1OS SE CAY\u00d3 DE UN TORO MEC\u00c1NICO Y MURI\u00d3 - Apuntes de San Luis\",\"isPartOf\":{\"@id\":\"https:\/\/apuntesdesanluis.com\/#website\"},\"primaryImageOfPage\":{\"@id\":\"https:\/\/apuntesdesanluis.com\/index.php\/2024\/06\/03\/tragedia-en-un-pelotero-de-venado-tuerto-una-nena-de-7-anos-se-cayo-de-un-toro-mecanico-y-murio\/#primaryimage\"},\"image\":{\"@id\":\"https:\/\/apuntesdesanluis.com\/index.php\/2024\/06\/03\/tragedia-en-un-pelotero-de-venado-tuerto-una-nena-de-7-anos-se-cayo-de-un-toro-mecanico-y-murio\/#primaryimage\"},\"thumbnailUrl\":\"https:\/\/apuntesdesanluis.com\/wp-content\/uploads\/2024\/06\/pelotero.png\",\"datePublished\":\"2024-06-04T00:06:48+00:00\",\"dateModified\":\"2024-06-04T00:07:45+00:00\",\"breadcrumb\":{\"@id\":\"https:\/\/apuntesdesanluis.com\/index.php\/2024\/06\/03\/tragedia-en-un-pelotero-de-venado-tuerto-una-nena-de-7-anos-se-cayo-de-un-toro-mecanico-y-murio\/#breadcrumb\"},\"inLanguage\":\"es-AR\",\"potentialAction\":[{\"@type\":\"ReadAction\",\"target\":[\"https:\/\/apuntesdesanluis.com\/index.php\/2024\/06\/03\/tragedia-en-un-pelotero-de-venado-tuerto-una-nena-de-7-anos-se-cayo-de-un-toro-mecanico-y-murio\/\"]}]},{\"@type\":\"ImageObject\",\"inLanguage\":\"es-AR\",\"@id\":\"https:\/\/apuntesdesanluis.com\/index.php\/2024\/06\/03\/tragedia-en-un-pelotero-de-venado-tuerto-una-nena-de-7-anos-se-cayo-de-un-toro-mecanico-y-murio\/#primaryimage\",\"url\":\"https:\/\/apuntesdesanluis.com\/wp-content\/uploads\/2024\/06\/pelotero.png\",\"contentUrl\":\"https:\/\/apuntesdesanluis.com\/wp-content\/uploads\/2024\/06\/pelotero.png\",\"width\":508,\"height\":317},{\"@type\":\"BreadcrumbList\",\"@id\":\"https:\/\/apuntesdesanluis.com\/index.php\/2024\/06\/03\/tragedia-en-un-pelotero-de-venado-tuerto-una-nena-de-7-anos-se-cayo-de-un-toro-mecanico-y-murio\/#breadcrumb\",\"itemListElement\":[{\"@type\":\"ListItem\",\"position\":1,\"name\":\"Inicio\",\"item\":\"https:\/\/apuntesdesanluis.com\/\"},{\"@type\":\"ListItem\",\"position\":2,\"name\":\"TRAGEDIA EN UN PELOTERO: UNA NENA DE 7 A\u00d1OS SE CAY\u00d3 DE UN TORO MEC\u00c1NICO Y MURI\u00d3\"}]},{\"@type\":\"WebSite\",\"@id\":\"https:\/\/apuntesdesanluis.com\/#website\",\"url\":\"https:\/\/apuntesdesanluis.com\/\",\"name\":\"Apuntes de San Luis\",\"description\":\"\",\"publisher\":{\"@id\":\"https:\/\/apuntesdesanluis.com\/#\/schema\/person\/b55151d52296fcce64d1a72538a70b90\"},\"potentialAction\":[{\"@type\":\"SearchAction\",\"target\":{\"@type\":\"EntryPoint\",\"urlTemplate\":\"https:\/\/apuntesdesanluis.com\/?s={search_term_string}\"},\"query-input\":{\"@type\":\"PropertyValueSpecification\",\"valueRequired\":true,\"valueName\":\"search_term_string\"}}],\"inLanguage\":\"es-AR\"},{\"@type\":[\"Person\",\"Organization\"],\"@id\":\"https:\/\/apuntesdesanluis.com\/#\/schema\/person\/b55151d52296fcce64d1a72538a70b90\",\"name\":\"apuntesdesanluis.com\",\"image\":{\"@type\":\"ImageObject\",\"inLanguage\":\"es-AR\",\"@id\":\"https:\/\/apuntesdesanluis.com\/#\/schema\/person\/image\/\",\"url\":\"https:\/\/apuntesdesanluis.com\/wp-content\/uploads\/2023\/07\/cropped-apuntesdesanluis.png\",\"contentUrl\":\"https:\/\/apuntesdesanluis.com\/wp-content\/uploads\/2023\/07\/cropped-apuntesdesanluis.png\",\"width\":450,\"height\":112,\"caption\":\"apuntesdesanluis.com\"},\"logo\":{\"@id\":\"https:\/\/apuntesdesanluis.com\/#\/schema\/person\/image\/\"},\"sameAs\":[\"https:\/\/apuntesdesanluis.com\"],\"url\":\"https:\/\/apuntesdesanluis.com\/index.php\/author\/apuntesdesanluis-com\/\"}]}<\/script>\n<!-- \/ Yoast SEO plugin. -->","yoast_head_json":{"title":"TRAGEDIA EN UN PELOTERO: UNA NENA DE 7 A\u00d1OS SE CAY\u00d3 DE UN TORO MEC\u00c1NICO Y MURI\u00d3 - Apuntes de San Luis","robots":{"index":"index","follow":"follow","max-snippet":"max-snippet:-1","max-image-preview":"max-image-preview:large","max-video-preview":"max-video-preview:-1"},"canonical":"https:\/\/apuntesdesanluis.com\/index.php\/2024\/06\/03\/tragedia-en-un-pelotero-de-venado-tuerto-una-nena-de-7-anos-se-cayo-de-un-toro-mecanico-y-murio\/","og_locale":"es_ES","og_type":"article","og_title":"TRAGEDIA EN UN PELOTERO: UNA NENA DE 7 A\u00d1OS SE CAY\u00d3 DE UN TORO MEC\u00c1NICO Y MURI\u00d3 - Apuntes de San Luis","og_description":"La menor sali\u00f3 despedida del juego y su cabeza impact\u00f3 contra el suelo, fuera del...","og_url":"https:\/\/apuntesdesanluis.com\/index.php\/2024\/06\/03\/tragedia-en-un-pelotero-de-venado-tuerto-una-nena-de-7-anos-se-cayo-de-un-toro-mecanico-y-murio\/","og_site_name":"Apuntes de San Luis","article_published_time":"2024-06-04T00:06:48+00:00","article_modified_time":"2024-06-04T00:07:45+00:00","og_image":[{"width":508,"height":317,"url":"https:\/\/apuntesdesanluis.com\/wp-content\/uploads\/2024\/06\/pelotero.png","type":"image\/png"}],"author":"apuntesdesanluis.com","twitter_card":"summary_large_image","twitter_misc":{"Escrito por":"apuntesdesanluis.com","Tiempo de lectura":"2 minutos"},"schema":{"@context":"https:\/\/schema.org","@graph":[{"@type":"Article","@id":"https:\/\/apuntesdesanluis.com\/index.php\/2024\/06\/03\/tragedia-en-un-pelotero-de-venado-tuerto-una-nena-de-7-anos-se-cayo-de-un-toro-mecanico-y-murio\/#article","isPartOf":{"@id":"https:\/\/apuntesdesanluis.com\/index.php\/2024\/06\/03\/tragedia-en-un-pelotero-de-venado-tuerto-una-nena-de-7-anos-se-cayo-de-un-toro-mecanico-y-murio\/"},"author":{"name":"apuntesdesanluis.com","@id":"https:\/\/apuntesdesanluis.com\/#\/schema\/person\/b55151d52296fcce64d1a72538a70b90"},"headline":"TRAGEDIA EN UN PELOTERO: UNA NENA DE 7 A\u00d1OS SE CAY\u00d3 DE UN TORO MEC\u00c1NICO Y MURI\u00d3","datePublished":"2024-06-04T00:06:48+00:00","dateModified":"2024-06-04T00:07:45+00:00","mainEntityOfPage":{"@id":"https:\/\/apuntesdesanluis.com\/index.php\/2024\/06\/03\/tragedia-en-un-pelotero-de-venado-tuerto-una-nena-de-7-anos-se-cayo-de-un-toro-mecanico-y-murio\/"},"wordCount":362,"publisher":{"@id":"https:\/\/apuntesdesanluis.com\/#\/schema\/person\/b55151d52296fcce64d1a72538a70b90"},"image":{"@id":"https:\/\/apuntesdesanluis.com\/index.php\/2024\/06\/03\/tragedia-en-un-pelotero-de-venado-tuerto-una-nena-de-7-anos-se-cayo-de-un-toro-mecanico-y-murio\/#primaryimage"},"thumbnailUrl":"https:\/\/apuntesdesanluis.com\/wp-content\/uploads\/2024\/06\/pelotero.png","articleSection":["Nacionales\/Internacionales"],"inLanguage":"es-AR"},{"@type":"WebPage","@id":"https:\/\/apuntesdesanluis.com\/index.php\/2024\/06\/03\/tragedia-en-un-pelotero-de-venado-tuerto-una-nena-de-7-anos-se-cayo-de-un-toro-mecanico-y-murio\/","url":"https:\/\/apuntesdesanluis.com\/index.php\/2024\/06\/03\/tragedia-en-un-pelotero-de-venado-tuerto-una-nena-de-7-anos-se-cayo-de-un-toro-mecanico-y-murio\/","name":"TRAGEDIA EN UN PELOTERO: UNA NENA DE 7 A\u00d1OS SE CAY\u00d3 DE UN TORO MEC\u00c1NICO Y MURI\u00d3 - Apuntes de San Luis","isPartOf":{"@id":"https:\/\/apuntesdesanluis.com\/#website"},"primaryImageOfPage":{"@id":"https:\/\/apuntesdesanluis.com\/index.php\/2024\/06\/03\/tragedia-en-un-pelotero-de-venado-tuerto-una-nena-de-7-anos-se-cayo-de-un-toro-mecanico-y-murio\/#primaryimage"},"image":{"@id":"https:\/\/apuntesdesanluis.com\/index.php\/2024\/06\/03\/tragedia-en-un-pelotero-de-venado-tuerto-una-nena-de-7-anos-se-cayo-de-un-toro-mecanico-y-murio\/#primaryimage"},"thumbnailUrl":"https:\/\/apuntesdesanluis.com\/wp-content\/uploads\/2024\/06\/pelotero.png","datePublished":"2024-06-04T00:06:48+00:00","dateModified":"2024-06-04T00:07:45+00:00","breadcrumb":{"@id":"https:\/\/apuntesdesanluis.com\/index.php\/2024\/06\/03\/tragedia-en-un-pelotero-de-venado-tuerto-una-nena-de-7-anos-se-cayo-de-un-toro-mecanico-y-murio\/#breadcrumb"},"inLanguage":"es-AR","potentialAction":[{"@type":"ReadAction","target":["https:\/\/apuntesdesanluis.com\/index.php\/2024\/06\/03\/tragedia-en-un-pelotero-de-venado-tuerto-una-nena-de-7-anos-se-cayo-de-un-toro-mecanico-y-murio\/"]}]},{"@type":"ImageObject","inLanguage":"es-AR","@id":"https:\/\/apuntesdesanluis.com\/index.php\/2024\/06\/03\/tragedia-en-un-pelotero-de-venado-tuerto-una-nena-de-7-anos-se-cayo-de-un-toro-mecanico-y-murio\/#primaryimage","url":"https:\/\/apuntesdesanluis.com\/wp-content\/uploads\/2024\/06\/pelotero.png","contentUrl":"https:\/\/apuntesdesanluis.com\/wp-content\/uploads\/2024\/06\/pelotero.png","width":508,"height":317},{"@type":"BreadcrumbList","@id":"https:\/\/apuntesdesanluis.com\/index.php\/2024\/06\/03\/tragedia-en-un-pelotero-de-venado-tuerto-una-nena-de-7-anos-se-cayo-de-un-toro-mecanico-y-murio\/#breadcrumb","itemListElement":[{"@type":"ListItem","position":1,"name":"Inicio","item":"https:\/\/apuntesdesanluis.com\/"},{"@type":"ListItem","position":2,"name":"TRAGEDIA EN UN PELOTERO: UNA NENA DE 7 A\u00d1OS SE CAY\u00d3 DE UN TORO MEC\u00c1NICO Y MURI\u00d3"}]},{"@type":"WebSite","@id":"https:\/\/apuntesdesanluis.com\/#website","url":"https:\/\/apuntesdesanluis.com\/","name":"Apuntes de San Luis","description":"","publisher":{"@id":"https:\/\/apuntesdesanluis.com\/#\/schema\/person\/b55151d52296fcce64d1a72538a70b90"},"potentialAction":[{"@type":"SearchAction","target":{"@type":"EntryPoint","urlTemplate":"https:\/\/apuntesdesanluis.com\/?s={search_term_string}"},"query-input":{"@type":"PropertyValueSpecification","valueRequired":true,"valueName":"search_term_string"}}],"inLanguage":"es-AR"},{"@type":["Person","Organization"],"@id":"https:\/\/apuntesdesanluis.com\/#\/schema\/person\/b55151d52296fcce64d1a72538a70b90","name":"apuntesdesanluis.com","image":{"@type":"ImageObject","inLanguage":"es-AR","@id":"https:\/\/apuntesdesanluis.com\/#\/schema\/person\/image\/","url":"https:\/\/apuntesdesanluis.com\/wp-content\/uploads\/2023\/07\/cropped-apuntesdesanluis.png","contentUrl":"https:\/\/apuntesdesanluis.com\/wp-content\/uploads\/2023\/07\/cropped-apuntesdesanluis.png","width":450,"height":112,"caption":"apuntesdesanluis.com"},"logo":{"@id":"https:\/\/apuntesdesanluis.com\/#\/schema\/person\/image\/"},"sameAs":["https:\/\/apuntesdesanluis.com"],"url":"https:\/\/apuntesdesanluis.com\/index.php\/author\/apuntesdesanluis-com\/"}]}},"featured_image_urls":{"full":["https:\/\/apuntesdesanluis.com\/wp-content\/uploads\/2024\/06\/pelotero.png",508,317,false],"thumbnail":["https:\/\/apuntesdesanluis.com\/wp-content\/uploads\/2024\/06\/pelotero-150x150.png",150,150,true],"medium":["https:\/\/apuntesdesanluis.com\/wp-content\/uploads\/2024\/06\/pelotero-300x187.png",300,187,true],"medium_large":["https:\/\/apuntesdesanluis.com\/wp-content\/uploads\/2024\/06\/pelotero.png",508,317,false],"large":["https:\/\/apuntesdesanluis.com\/wp-content\/uploads\/2024\/06\/pelotero.png",508,317,false],"1536x1536":["https:\/\/apuntesdesanluis.com\/wp-content\/uploads\/2024\/06\/pelotero.png",508,317,false],"2048x2048":["https:\/\/apuntesdesanluis.com\/wp-content\/uploads\/2024\/06\/pelotero.png",508,317,false],"newsever-slider-full":["https:\/\/apuntesdesanluis.com\/wp-content\/uploads\/2024\/06\/pelotero.png",508,317,false],"newsever-featured":["https:\/\/apuntesdesanluis.com\/wp-content\/uploads\/2024\/06\/pelotero.png",508,317,false],"newsever-medium":["https:\/\/apuntesdesanluis.com\/wp-content\/uploads\/2024\/06\/pelotero.png",508,317,false]},"author_info":{"display_name":"apuntesdesanluis.com","author_link":"https:\/\/apuntesdesanluis.com\/index.php\/author\/apuntesdesanluis-com\/"},"category_info":"<a href=\"https:\/\/apuntesdesanluis.com\/index.php\/category\/nacionales-internacionales\/\" rel=\"category tag\">Nacionales\/Internacionales<\/a>","tag_info":"Nacionales\/Internacionales","comment_count":"0","_links":{"self":[{"href":"https:\/\/apuntesdesanluis.com\/index.php\/wp-json\/wp\/v2\/posts\/17322","targetHints":{"allow":["GET"]}}],"collection":[{"href":"https:\/\/apuntesdesanluis.com\/index.php\/wp-json\/wp\/v2\/posts"}],"about":[{"href":"https:\/\/apuntesdesanluis.com\/index.php\/wp-json\/wp\/v2\/types\/post"}],"author":[{"embeddable":true,"href":"https:\/\/apuntesdesanluis.com\/index.php\/wp-json\/wp\/v2\/users\/1"}],"replies":[{"embeddable":true,"href":"https:\/\/apuntesdesanluis.com\/index.php\/wp-json\/wp\/v2\/comments?post=17322"}],"version-history":[{"count":2,"href":"https:\/\/apuntesdesanluis.com\/index.php\/wp-json\/wp\/v2\/posts\/17322\/revisions"}],"predecessor-version":[{"id":17326,"href":"https:\/\/apuntesdesanluis.com\/index.php\/wp-json\/wp\/v2\/posts\/17322\/revisions\/17326"}],"wp:featuredmedia":[{"embeddable":true,"href":"https:\/\/apuntesdesanluis.com\/index.php\/wp-json\/wp\/v2\/media\/17323"}],"wp:attachment":[{"href":"https:\/\/apuntesdesanluis.com\/index.php\/wp-json\/wp\/v2\/media?parent=17322"}],"wp:term":[{"taxonomy":"category","embeddable":true,"href":"https:\/\/apuntesdesanluis.com\/index.php\/wp-json\/wp\/v2\/categories?post=17322"},{"taxonomy":"post_tag","embeddable":true,"href":"https:\/\/apuntesdesanluis.com\/index.php\/wp-json\/wp\/v2\/tags?post=17322"}],"curies":[{"name":"wp","href":"https:\/\/api.w.org\/{rel}","templated":true}]}}