{"id":17327,"date":"2024-06-03T21:15:31","date_gmt":"2024-06-04T00:15:31","guid":{"rendered":"https:\/\/apuntesdesanluis.com\/?p=17327"},"modified":"2024-06-03T21:15:31","modified_gmt":"2024-06-04T00:15:31","slug":"la-pobreza-trepo-al-555-en-el-primer-trimestre-y-afecta-a-casi-25-millones-de-argentinos","status":"publish","type":"post","link":"https:\/\/apuntesdesanluis.com\/index.php\/2024\/06\/03\/la-pobreza-trepo-al-555-en-el-primer-trimestre-y-afecta-a-casi-25-millones-de-argentinos\/","title":{"rendered":"LA POBREZA TREP\u00d3 AL 55,5% EN EL PRIMER TRIMESTRE Y AFECTA A CASI 25 MILLONES DE ARGENTINOS"},"content":{"rendered":"<h3>La pobreza aument\u00f3 a un alarmante 55,5% de la poblaci\u00f3n en el primer trimestre de 2024, de los cuales un 17,5% es indigente. As\u00ed lo estim\u00f3 el director del Observatorio de la Deuda Social de la <strong>Universidad Cat\u00f3lica Argentina<\/strong> (UCA), <strong>Agust\u00edn Salvia<\/strong>.<\/h3>\n<h3>Extrapolado a la poblaci\u00f3n de los 31 aglomerados urbanos, eso implica que alrededor de 25 millones de argentinos son pobres, de los cuales cerca de 8 millones se encuentran en estado de extrema pobreza, por debajo de la Canasta B\u00e1sica Alimentaria (CBA).<\/h3>\n<h3>El desglose de los \u00faltimos datos del <strong>Instituto Nacional de Estad\u00edsticas y Censos<\/strong> (INDEC) muestra que en el cuarto trimestre de 2023 la pobreza ascendi\u00f3 al 44,8%, mientras que la indigencia trep\u00f3 al 13,8%. Pero en diciembre, tras la devaluaci\u00f3n del 54% del peso, la primera escal\u00f3 al 45,2% y la segunda al 15,4%.<\/h3>\n<h3>\u201cLa inseguridad alimentaria total para \u00e1reas urbanas relevadas por la encuesta del ODSA-UCA, alcanza al 24,7% de las personas, al 20,8% de los hogares y al 32,2% de los ni\u00f1os, ni\u00f1as y adolescentes. Por otra parte, se encuentran en una situaci\u00f3n a\u00fan m\u00e1s grave, con inseguridad alimentaria severa el 10,9% de las personas, el 8,8% de los hogares y el 13,9% de los ni\u00f1os, ni\u00f1as y adolescentes (NNyA).<\/h3>\n<h3>Al considerar el AMBA, los valores de inseguridad alimentaria total se ubican en el 26,4% de las personas, el 21,8% de los hogares y el 35% de NNyA. Al considerar la inseguridad alimentaria severa se ubican en 9,9%, 12,7% y 16,5%, respectivamente\u201d, seg\u00fan consigna el informe que se titula \u201cDeudas sociales estructurales en la sociedad argentina\u201d.<\/h3>\n<p><img fetchpriority=\"high\" decoding=\"async\" class=\"wp-image-1103 aligncenter\" src=\"https:\/\/apuntesdesanluis.com\/wp-content\/uploads\/2023\/08\/pobreza-300x196.png\" alt=\"\" width=\"628\" height=\"410\" srcset=\"https:\/\/apuntesdesanluis.com\/wp-content\/uploads\/2023\/08\/pobreza-300x196.png 300w, https:\/\/apuntesdesanluis.com\/wp-content\/uploads\/2023\/08\/pobreza.png 600w\" sizes=\"(max-width: 628px) 100vw, 628px\" \/><\/p>\n<h3>En Argentina, el 20,6% de los hogares sufren insuficiencia alimentaria, y totalizan cerca de 3,7 millones de viviendas, que albergan a unos 11 millones de habitantes. Estos elevados valores de privaciones alimentarias que sufre la poblaci\u00f3n buscan ser compensados por diferentes acciones del Estado.<\/h3>\n<h3>\u201cConsiderando a los ni\u00f1os, ni\u00f1as y adolescentes, el 42,6% de ellos reside en hogares que reciben la AUH+Tarjeta Alimentaria, el 50% asiste a comedores escolares, el 36,7% recibe caja o bolsones de alimentos de comedores y el 11,1% recibe caja o bolsones de alimentos de comedor no escolar; sumando en muchos hogares m\u00e1s de un beneficio\u201d, indica el informe del ODSA-UCA.<\/h3>\n<h3>POBREZA E INDIGENCIA: PERSPECTIVAS PARA 2024<\/h3>\n<h3>En medio de un escenario recesivo, la baja de la pobreza para fines de 2024 depender\u00e1 de que la inflaci\u00f3n contin\u00fae en un sendero de desaceleraci\u00f3n, comiencen a llegar inversiones y se reactive la econom\u00eda. &#8220;Pero no sabemos cu\u00e1nto m\u00e1s durar\u00e1 esta recesi\u00f3n. Si la inflaci\u00f3n baja por los ajustes de tarifas y no se genera inversi\u00f3n, la pobreza seguir\u00e1 cercana al 50% y la indigencia en el 15%&#8221;, se\u00f1al\u00f3 Salvia.<\/h3>\n<h3>Aunque pronostic\u00f3 que para junio habr\u00e1 un &#8220;veranito&#8221; gracias al cobro del aguinaldo, y la suba de las jubilaciones y programas sociales, que reactivar\u00e1n un poco el consumo (viene en una fuerte curva descendente). Pero esto tambi\u00e9n puede traer una aceleraci\u00f3n inflacionaria.<\/h3>\n<h3>&#8220;Para que baje la pobreza, deber\u00eda ceder la inflaci\u00f3n y generarse nuevos puestos de trabajo con salarios que crezcan por encima del IPC, al igual que los programas sociales. As\u00ed, para fin de a\u00f1o, la proyecci\u00f3n de la pobreza estar\u00eda en un piso cercano al 38%\/40% y la indigencia del 12%, siempre y cuando se genere un contexto de baja de inflaci\u00f3n y reactivaci\u00f3n econ\u00f3mica&#8221;, evalu\u00f3 Salvia.<\/h3>\n<p>&nbsp;<\/p>\n<p>&nbsp;<\/p>\n<p>&nbsp;<\/p>\n<p>&nbsp;<\/p>\n<p>&nbsp;<\/p>\n<p>&nbsp;<\/p>\n","protected":false},"excerpt":{"rendered":"<p>La pobreza aument\u00f3 a un alarmante 55,5% de la poblaci\u00f3n en el primer trimestre de&#8230;<\/p>\n","protected":false},"author":1,"featured_media":17328,"comment_status":"closed","ping_status":"closed","sticky":false,"template":"","format":"standard","meta":{"footnotes":""},"categories":[5],"tags":[],"class_list":["post-17327","post","type-post","status-publish","format-standard","has-post-thumbnail","hentry","category-nacionales-internacionales"],"yoast_head":"<!-- This site is optimized with the Yoast SEO plugin v26.1.1 - https:\/\/yoast.com\/wordpress\/plugins\/seo\/ -->\n<title>LA POBREZA TREP\u00d3 AL 55,5% EN EL PRIMER TRIMESTRE Y AFECTA A CASI 25 MILLONES DE ARGENTINOS - Apuntes de San Luis<\/title>\n<meta name=\"robots\" content=\"index, follow, max-snippet:-1, max-image-preview:large, max-video-preview:-1\" \/>\n<link rel=\"canonical\" href=\"https:\/\/apuntesdesanluis.com\/index.php\/2024\/06\/03\/la-pobreza-trepo-al-555-en-el-primer-trimestre-y-afecta-a-casi-25-millones-de-argentinos\/\" \/>\n<meta property=\"og:locale\" content=\"es_ES\" \/>\n<meta property=\"og:type\" content=\"article\" \/>\n<meta property=\"og:title\" content=\"LA POBREZA TREP\u00d3 AL 55,5% EN EL PRIMER TRIMESTRE Y AFECTA A CASI 25 MILLONES DE ARGENTINOS - Apuntes de San Luis\" \/>\n<meta property=\"og:description\" content=\"La pobreza aument\u00f3 a un alarmante 55,5% de la poblaci\u00f3n en el primer trimestre de...\" \/>\n<meta property=\"og:url\" content=\"https:\/\/apuntesdesanluis.com\/index.php\/2024\/06\/03\/la-pobreza-trepo-al-555-en-el-primer-trimestre-y-afecta-a-casi-25-millones-de-argentinos\/\" \/>\n<meta property=\"og:site_name\" content=\"Apuntes de San Luis\" \/>\n<meta property=\"article:published_time\" content=\"2024-06-04T00:15:31+00:00\" \/>\n<meta property=\"og:image\" content=\"https:\/\/apuntesdesanluis.com\/wp-content\/uploads\/2024\/06\/GENTE-EN-LA-CALLE.png\" \/>\n\t<meta property=\"og:image:width\" content=\"700\" \/>\n\t<meta property=\"og:image:height\" content=\"419\" \/>\n\t<meta property=\"og:image:type\" content=\"image\/png\" \/>\n<meta name=\"author\" content=\"apuntesdesanluis.com\" \/>\n<meta name=\"twitter:card\" content=\"summary_large_image\" \/>\n<meta name=\"twitter:label1\" content=\"Escrito por\" \/>\n\t<meta name=\"twitter:data1\" content=\"apuntesdesanluis.com\" \/>\n\t<meta name=\"twitter:label2\" content=\"Tiempo de lectura\" \/>\n\t<meta name=\"twitter:data2\" content=\"3 minutos\" \/>\n<script type=\"application\/ld+json\" class=\"yoast-schema-graph\">{\"@context\":\"https:\/\/schema.org\",\"@graph\":[{\"@type\":\"Article\",\"@id\":\"https:\/\/apuntesdesanluis.com\/index.php\/2024\/06\/03\/la-pobreza-trepo-al-555-en-el-primer-trimestre-y-afecta-a-casi-25-millones-de-argentinos\/#article\",\"isPartOf\":{\"@id\":\"https:\/\/apuntesdesanluis.com\/index.php\/2024\/06\/03\/la-pobreza-trepo-al-555-en-el-primer-trimestre-y-afecta-a-casi-25-millones-de-argentinos\/\"},\"author\":{\"name\":\"apuntesdesanluis.com\",\"@id\":\"https:\/\/apuntesdesanluis.com\/#\/schema\/person\/b55151d52296fcce64d1a72538a70b90\"},\"headline\":\"LA POBREZA TREP\u00d3 AL 55,5% EN EL PRIMER TRIMESTRE Y AFECTA A CASI 25 MILLONES DE ARGENTINOS\",\"datePublished\":\"2024-06-04T00:15:31+00:00\",\"mainEntityOfPage\":{\"@id\":\"https:\/\/apuntesdesanluis.com\/index.php\/2024\/06\/03\/la-pobreza-trepo-al-555-en-el-primer-trimestre-y-afecta-a-casi-25-millones-de-argentinos\/\"},\"wordCount\":578,\"publisher\":{\"@id\":\"https:\/\/apuntesdesanluis.com\/#\/schema\/person\/b55151d52296fcce64d1a72538a70b90\"},\"image\":{\"@id\":\"https:\/\/apuntesdesanluis.com\/index.php\/2024\/06\/03\/la-pobreza-trepo-al-555-en-el-primer-trimestre-y-afecta-a-casi-25-millones-de-argentinos\/#primaryimage\"},\"thumbnailUrl\":\"https:\/\/apuntesdesanluis.com\/wp-content\/uploads\/2024\/06\/GENTE-EN-LA-CALLE.png\",\"articleSection\":[\"Nacionales\/Internacionales\"],\"inLanguage\":\"es-AR\"},{\"@type\":\"WebPage\",\"@id\":\"https:\/\/apuntesdesanluis.com\/index.php\/2024\/06\/03\/la-pobreza-trepo-al-555-en-el-primer-trimestre-y-afecta-a-casi-25-millones-de-argentinos\/\",\"url\":\"https:\/\/apuntesdesanluis.com\/index.php\/2024\/06\/03\/la-pobreza-trepo-al-555-en-el-primer-trimestre-y-afecta-a-casi-25-millones-de-argentinos\/\",\"name\":\"LA POBREZA TREP\u00d3 AL 55,5% EN EL PRIMER TRIMESTRE Y AFECTA A CASI 25 MILLONES DE ARGENTINOS - Apuntes de San Luis\",\"isPartOf\":{\"@id\":\"https:\/\/apuntesdesanluis.com\/#website\"},\"primaryImageOfPage\":{\"@id\":\"https:\/\/apuntesdesanluis.com\/index.php\/2024\/06\/03\/la-pobreza-trepo-al-555-en-el-primer-trimestre-y-afecta-a-casi-25-millones-de-argentinos\/#primaryimage\"},\"image\":{\"@id\":\"https:\/\/apuntesdesanluis.com\/index.php\/2024\/06\/03\/la-pobreza-trepo-al-555-en-el-primer-trimestre-y-afecta-a-casi-25-millones-de-argentinos\/#primaryimage\"},\"thumbnailUrl\":\"https:\/\/apuntesdesanluis.com\/wp-content\/uploads\/2024\/06\/GENTE-EN-LA-CALLE.png\",\"datePublished\":\"2024-06-04T00:15:31+00:00\",\"breadcrumb\":{\"@id\":\"https:\/\/apuntesdesanluis.com\/index.php\/2024\/06\/03\/la-pobreza-trepo-al-555-en-el-primer-trimestre-y-afecta-a-casi-25-millones-de-argentinos\/#breadcrumb\"},\"inLanguage\":\"es-AR\",\"potentialAction\":[{\"@type\":\"ReadAction\",\"target\":[\"https:\/\/apuntesdesanluis.com\/index.php\/2024\/06\/03\/la-pobreza-trepo-al-555-en-el-primer-trimestre-y-afecta-a-casi-25-millones-de-argentinos\/\"]}]},{\"@type\":\"ImageObject\",\"inLanguage\":\"es-AR\",\"@id\":\"https:\/\/apuntesdesanluis.com\/index.php\/2024\/06\/03\/la-pobreza-trepo-al-555-en-el-primer-trimestre-y-afecta-a-casi-25-millones-de-argentinos\/#primaryimage\",\"url\":\"https:\/\/apuntesdesanluis.com\/wp-content\/uploads\/2024\/06\/GENTE-EN-LA-CALLE.png\",\"contentUrl\":\"https:\/\/apuntesdesanluis.com\/wp-content\/uploads\/2024\/06\/GENTE-EN-LA-CALLE.png\",\"width\":700,\"height\":419},{\"@type\":\"BreadcrumbList\",\"@id\":\"https:\/\/apuntesdesanluis.com\/index.php\/2024\/06\/03\/la-pobreza-trepo-al-555-en-el-primer-trimestre-y-afecta-a-casi-25-millones-de-argentinos\/#breadcrumb\",\"itemListElement\":[{\"@type\":\"ListItem\",\"position\":1,\"name\":\"Inicio\",\"item\":\"https:\/\/apuntesdesanluis.com\/\"},{\"@type\":\"ListItem\",\"position\":2,\"name\":\"LA POBREZA TREP\u00d3 AL 55,5% EN EL PRIMER TRIMESTRE Y AFECTA A CASI 25 MILLONES DE ARGENTINOS\"}]},{\"@type\":\"WebSite\",\"@id\":\"https:\/\/apuntesdesanluis.com\/#website\",\"url\":\"https:\/\/apuntesdesanluis.com\/\",\"name\":\"Apuntes de San Luis\",\"description\":\"\",\"publisher\":{\"@id\":\"https:\/\/apuntesdesanluis.com\/#\/schema\/person\/b55151d52296fcce64d1a72538a70b90\"},\"potentialAction\":[{\"@type\":\"SearchAction\",\"target\":{\"@type\":\"EntryPoint\",\"urlTemplate\":\"https:\/\/apuntesdesanluis.com\/?s={search_term_string}\"},\"query-input\":{\"@type\":\"PropertyValueSpecification\",\"valueRequired\":true,\"valueName\":\"search_term_string\"}}],\"inLanguage\":\"es-AR\"},{\"@type\":[\"Person\",\"Organization\"],\"@id\":\"https:\/\/apuntesdesanluis.com\/#\/schema\/person\/b55151d52296fcce64d1a72538a70b90\",\"name\":\"apuntesdesanluis.com\",\"image\":{\"@type\":\"ImageObject\",\"inLanguage\":\"es-AR\",\"@id\":\"https:\/\/apuntesdesanluis.com\/#\/schema\/person\/image\/\",\"url\":\"https:\/\/apuntesdesanluis.com\/wp-content\/uploads\/2023\/07\/cropped-apuntesdesanluis.png\",\"contentUrl\":\"https:\/\/apuntesdesanluis.com\/wp-content\/uploads\/2023\/07\/cropped-apuntesdesanluis.png\",\"width\":450,\"height\":112,\"caption\":\"apuntesdesanluis.com\"},\"logo\":{\"@id\":\"https:\/\/apuntesdesanluis.com\/#\/schema\/person\/image\/\"},\"sameAs\":[\"https:\/\/apuntesdesanluis.com\"],\"url\":\"https:\/\/apuntesdesanluis.com\/index.php\/author\/apuntesdesanluis-com\/\"}]}<\/script>\n<!-- \/ Yoast SEO plugin. -->","yoast_head_json":{"title":"LA POBREZA TREP\u00d3 AL 55,5% EN EL PRIMER TRIMESTRE Y AFECTA A CASI 25 MILLONES DE ARGENTINOS - Apuntes de San Luis","robots":{"index":"index","follow":"follow","max-snippet":"max-snippet:-1","max-image-preview":"max-image-preview:large","max-video-preview":"max-video-preview:-1"},"canonical":"https:\/\/apuntesdesanluis.com\/index.php\/2024\/06\/03\/la-pobreza-trepo-al-555-en-el-primer-trimestre-y-afecta-a-casi-25-millones-de-argentinos\/","og_locale":"es_ES","og_type":"article","og_title":"LA POBREZA TREP\u00d3 AL 55,5% EN EL PRIMER TRIMESTRE Y AFECTA A CASI 25 MILLONES DE ARGENTINOS - Apuntes de San Luis","og_description":"La pobreza aument\u00f3 a un alarmante 55,5% de la poblaci\u00f3n en el primer trimestre de...","og_url":"https:\/\/apuntesdesanluis.com\/index.php\/2024\/06\/03\/la-pobreza-trepo-al-555-en-el-primer-trimestre-y-afecta-a-casi-25-millones-de-argentinos\/","og_site_name":"Apuntes de San Luis","article_published_time":"2024-06-04T00:15:31+00:00","og_image":[{"width":700,"height":419,"url":"https:\/\/apuntesdesanluis.com\/wp-content\/uploads\/2024\/06\/GENTE-EN-LA-CALLE.png","type":"image\/png"}],"author":"apuntesdesanluis.com","twitter_card":"summary_large_image","twitter_misc":{"Escrito por":"apuntesdesanluis.com","Tiempo de lectura":"3 minutos"},"schema":{"@context":"https:\/\/schema.org","@graph":[{"@type":"Article","@id":"https:\/\/apuntesdesanluis.com\/index.php\/2024\/06\/03\/la-pobreza-trepo-al-555-en-el-primer-trimestre-y-afecta-a-casi-25-millones-de-argentinos\/#article","isPartOf":{"@id":"https:\/\/apuntesdesanluis.com\/index.php\/2024\/06\/03\/la-pobreza-trepo-al-555-en-el-primer-trimestre-y-afecta-a-casi-25-millones-de-argentinos\/"},"author":{"name":"apuntesdesanluis.com","@id":"https:\/\/apuntesdesanluis.com\/#\/schema\/person\/b55151d52296fcce64d1a72538a70b90"},"headline":"LA POBREZA TREP\u00d3 AL 55,5% EN EL PRIMER TRIMESTRE Y AFECTA A CASI 25 MILLONES DE ARGENTINOS","datePublished":"2024-06-04T00:15:31+00:00","mainEntityOfPage":{"@id":"https:\/\/apuntesdesanluis.com\/index.php\/2024\/06\/03\/la-pobreza-trepo-al-555-en-el-primer-trimestre-y-afecta-a-casi-25-millones-de-argentinos\/"},"wordCount":578,"publisher":{"@id":"https:\/\/apuntesdesanluis.com\/#\/schema\/person\/b55151d52296fcce64d1a72538a70b90"},"image":{"@id":"https:\/\/apuntesdesanluis.com\/index.php\/2024\/06\/03\/la-pobreza-trepo-al-555-en-el-primer-trimestre-y-afecta-a-casi-25-millones-de-argentinos\/#primaryimage"},"thumbnailUrl":"https:\/\/apuntesdesanluis.com\/wp-content\/uploads\/2024\/06\/GENTE-EN-LA-CALLE.png","articleSection":["Nacionales\/Internacionales"],"inLanguage":"es-AR"},{"@type":"WebPage","@id":"https:\/\/apuntesdesanluis.com\/index.php\/2024\/06\/03\/la-pobreza-trepo-al-555-en-el-primer-trimestre-y-afecta-a-casi-25-millones-de-argentinos\/","url":"https:\/\/apuntesdesanluis.com\/index.php\/2024\/06\/03\/la-pobreza-trepo-al-555-en-el-primer-trimestre-y-afecta-a-casi-25-millones-de-argentinos\/","name":"LA POBREZA TREP\u00d3 AL 55,5% EN EL PRIMER TRIMESTRE Y AFECTA A CASI 25 MILLONES DE ARGENTINOS - Apuntes de San Luis","isPartOf":{"@id":"https:\/\/apuntesdesanluis.com\/#website"},"primaryImageOfPage":{"@id":"https:\/\/apuntesdesanluis.com\/index.php\/2024\/06\/03\/la-pobreza-trepo-al-555-en-el-primer-trimestre-y-afecta-a-casi-25-millones-de-argentinos\/#primaryimage"},"image":{"@id":"https:\/\/apuntesdesanluis.com\/index.php\/2024\/06\/03\/la-pobreza-trepo-al-555-en-el-primer-trimestre-y-afecta-a-casi-25-millones-de-argentinos\/#primaryimage"},"thumbnailUrl":"https:\/\/apuntesdesanluis.com\/wp-content\/uploads\/2024\/06\/GENTE-EN-LA-CALLE.png","datePublished":"2024-06-04T00:15:31+00:00","breadcrumb":{"@id":"https:\/\/apuntesdesanluis.com\/index.php\/2024\/06\/03\/la-pobreza-trepo-al-555-en-el-primer-trimestre-y-afecta-a-casi-25-millones-de-argentinos\/#breadcrumb"},"inLanguage":"es-AR","potentialAction":[{"@type":"ReadAction","target":["https:\/\/apuntesdesanluis.com\/index.php\/2024\/06\/03\/la-pobreza-trepo-al-555-en-el-primer-trimestre-y-afecta-a-casi-25-millones-de-argentinos\/"]}]},{"@type":"ImageObject","inLanguage":"es-AR","@id":"https:\/\/apuntesdesanluis.com\/index.php\/2024\/06\/03\/la-pobreza-trepo-al-555-en-el-primer-trimestre-y-afecta-a-casi-25-millones-de-argentinos\/#primaryimage","url":"https:\/\/apuntesdesanluis.com\/wp-content\/uploads\/2024\/06\/GENTE-EN-LA-CALLE.png","contentUrl":"https:\/\/apuntesdesanluis.com\/wp-content\/uploads\/2024\/06\/GENTE-EN-LA-CALLE.png","width":700,"height":419},{"@type":"BreadcrumbList","@id":"https:\/\/apuntesdesanluis.com\/index.php\/2024\/06\/03\/la-pobreza-trepo-al-555-en-el-primer-trimestre-y-afecta-a-casi-25-millones-de-argentinos\/#breadcrumb","itemListElement":[{"@type":"ListItem","position":1,"name":"Inicio","item":"https:\/\/apuntesdesanluis.com\/"},{"@type":"ListItem","position":2,"name":"LA POBREZA TREP\u00d3 AL 55,5% EN EL PRIMER TRIMESTRE Y AFECTA A CASI 25 MILLONES DE ARGENTINOS"}]},{"@type":"WebSite","@id":"https:\/\/apuntesdesanluis.com\/#website","url":"https:\/\/apuntesdesanluis.com\/","name":"Apuntes de San Luis","description":"","publisher":{"@id":"https:\/\/apuntesdesanluis.com\/#\/schema\/person\/b55151d52296fcce64d1a72538a70b90"},"potentialAction":[{"@type":"SearchAction","target":{"@type":"EntryPoint","urlTemplate":"https:\/\/apuntesdesanluis.com\/?s={search_term_string}"},"query-input":{"@type":"PropertyValueSpecification","valueRequired":true,"valueName":"search_term_string"}}],"inLanguage":"es-AR"},{"@type":["Person","Organization"],"@id":"https:\/\/apuntesdesanluis.com\/#\/schema\/person\/b55151d52296fcce64d1a72538a70b90","name":"apuntesdesanluis.com","image":{"@type":"ImageObject","inLanguage":"es-AR","@id":"https:\/\/apuntesdesanluis.com\/#\/schema\/person\/image\/","url":"https:\/\/apuntesdesanluis.com\/wp-content\/uploads\/2023\/07\/cropped-apuntesdesanluis.png","contentUrl":"https:\/\/apuntesdesanluis.com\/wp-content\/uploads\/2023\/07\/cropped-apuntesdesanluis.png","width":450,"height":112,"caption":"apuntesdesanluis.com"},"logo":{"@id":"https:\/\/apuntesdesanluis.com\/#\/schema\/person\/image\/"},"sameAs":["https:\/\/apuntesdesanluis.com"],"url":"https:\/\/apuntesdesanluis.com\/index.php\/author\/apuntesdesanluis-com\/"}]}},"featured_image_urls":{"full":["https:\/\/apuntesdesanluis.com\/wp-content\/uploads\/2024\/06\/GENTE-EN-LA-CALLE.png",700,419,false],"thumbnail":["https:\/\/apuntesdesanluis.com\/wp-content\/uploads\/2024\/06\/GENTE-EN-LA-CALLE-150x150.png",150,150,true],"medium":["https:\/\/apuntesdesanluis.com\/wp-content\/uploads\/2024\/06\/GENTE-EN-LA-CALLE-300x180.png",300,180,true],"medium_large":["https:\/\/apuntesdesanluis.com\/wp-content\/uploads\/2024\/06\/GENTE-EN-LA-CALLE.png",640,383,false],"large":["https:\/\/apuntesdesanluis.com\/wp-content\/uploads\/2024\/06\/GENTE-EN-LA-CALLE.png",640,383,false],"1536x1536":["https:\/\/apuntesdesanluis.com\/wp-content\/uploads\/2024\/06\/GENTE-EN-LA-CALLE.png",700,419,false],"2048x2048":["https:\/\/apuntesdesanluis.com\/wp-content\/uploads\/2024\/06\/GENTE-EN-LA-CALLE.png",700,419,false],"newsever-slider-full":["https:\/\/apuntesdesanluis.com\/wp-content\/uploads\/2024\/06\/GENTE-EN-LA-CALLE.png",700,419,false],"newsever-featured":["https:\/\/apuntesdesanluis.com\/wp-content\/uploads\/2024\/06\/GENTE-EN-LA-CALLE.png",700,419,false],"newsever-medium":["https:\/\/apuntesdesanluis.com\/wp-content\/uploads\/2024\/06\/GENTE-EN-LA-CALLE.png",700,419,false]},"author_info":{"display_name":"apuntesdesanluis.com","author_link":"https:\/\/apuntesdesanluis.com\/index.php\/author\/apuntesdesanluis-com\/"},"category_info":"<a href=\"https:\/\/apuntesdesanluis.com\/index.php\/category\/nacionales-internacionales\/\" rel=\"category tag\">Nacionales\/Internacionales<\/a>","tag_info":"Nacionales\/Internacionales","comment_count":"0","_links":{"self":[{"href":"https:\/\/apuntesdesanluis.com\/index.php\/wp-json\/wp\/v2\/posts\/17327","targetHints":{"allow":["GET"]}}],"collection":[{"href":"https:\/\/apuntesdesanluis.com\/index.php\/wp-json\/wp\/v2\/posts"}],"about":[{"href":"https:\/\/apuntesdesanluis.com\/index.php\/wp-json\/wp\/v2\/types\/post"}],"author":[{"embeddable":true,"href":"https:\/\/apuntesdesanluis.com\/index.php\/wp-json\/wp\/v2\/users\/1"}],"replies":[{"embeddable":true,"href":"https:\/\/apuntesdesanluis.com\/index.php\/wp-json\/wp\/v2\/comments?post=17327"}],"version-history":[{"count":1,"href":"https:\/\/apuntesdesanluis.com\/index.php\/wp-json\/wp\/v2\/posts\/17327\/revisions"}],"predecessor-version":[{"id":17329,"href":"https:\/\/apuntesdesanluis.com\/index.php\/wp-json\/wp\/v2\/posts\/17327\/revisions\/17329"}],"wp:featuredmedia":[{"embeddable":true,"href":"https:\/\/apuntesdesanluis.com\/index.php\/wp-json\/wp\/v2\/media\/17328"}],"wp:attachment":[{"href":"https:\/\/apuntesdesanluis.com\/index.php\/wp-json\/wp\/v2\/media?parent=17327"}],"wp:term":[{"taxonomy":"category","embeddable":true,"href":"https:\/\/apuntesdesanluis.com\/index.php\/wp-json\/wp\/v2\/categories?post=17327"},{"taxonomy":"post_tag","embeddable":true,"href":"https:\/\/apuntesdesanluis.com\/index.php\/wp-json\/wp\/v2\/tags?post=17327"}],"curies":[{"name":"wp","href":"https:\/\/api.w.org\/{rel}","templated":true}]}}