{"id":17338,"date":"2024-06-04T18:28:07","date_gmt":"2024-06-04T21:28:07","guid":{"rendered":"https:\/\/apuntesdesanluis.com\/?p=17338"},"modified":"2024-06-04T18:28:07","modified_gmt":"2024-06-04T21:28:07","slug":"comenzaron-a-firmarse-los-acuerdos-bilaterales-para-obras-en-municipios","status":"publish","type":"post","link":"https:\/\/apuntesdesanluis.com\/index.php\/2024\/06\/04\/comenzaron-a-firmarse-los-acuerdos-bilaterales-para-obras-en-municipios\/","title":{"rendered":"COMENZARON A FIRMARSE LOS ACUERDOS BILATERALES PARA OBRAS EN MUNICIPIOS"},"content":{"rendered":"<h3><strong>San Ger\u00f3nimo, Balde<\/strong> y <strong>Alto Pencoso<\/strong> fueron las tres primeras en rubricar los acuerdos del \u2018Construyendo con tu pueblo\u2019, por el cual el Gobierno junto con los municipios pactaron obras en pos del bienestar y la seguridad de los vecinos. As\u00ed garantizar\u00e1n puestos de trabajo, tendr\u00e1n como prioridad la compra local y la inversi\u00f3n de luminarias p\u00fablicas.<\/h3>\n<h3><strong>Gonzalo Amondarain<\/strong>, director de Asuntos Municipales, brind\u00f3 este martes una conferencia de prensa donde dio detalles del Plan \u2018Construyendo con tu pueblo\u2019: \u201cEl convenio se firm\u00f3 el s\u00e1bado con 58 intendentes, otros cinco que no pudieron asistir rubricar\u00e1n el acuerdo durante esta semana y s\u00f3lo tres han manifestado su voluntad de\u00a0 no firmar por distintas razones: se trata de Estancia Grande, Fort\u00edn El Patria y Buena Esperanza. El dinero destinado a ellos ser\u00e1 afectado presupuestariamente a otras situaciones que lo permitan\u201d, detall\u00f3.<\/h3>\n<h3>El convenio es un acuerdo por el cual la Municipalidad aporta un 10% del promedio de la coparticipaci\u00f3n bruta recibida entre enero y abril del presente a\u00f1o y el Gobierno duplica ese monto para que se realicen obras de car\u00e1cter municipal. \u201cEl que decide cu\u00e1les son las obras que se van a realizar es el intendente de cada localidad porque es quien conoce cu\u00e1les son las necesidades m\u00e1s urgentes\u201d, describi\u00f3 el funcionario.<\/h3>\n<h3>Detall\u00f3 adem\u00e1s que la Provincia pone como condici\u00f3n afectar espec\u00edficamente el 30% del fondo a obras p\u00fablicas que est\u00e9n vinculadas a aspectos que aporten a mejorar la seguridad de cada localidad. En ese sentido, sugiere la posibilidad de nuevos tendidos el\u00e9ctricos en aquellos barrios donde falta o no ha llegado bien la iluminaci\u00f3n, y tambi\u00e9n la posibilidad de un recambio de artefactos por nuevas tecnolog\u00edas que permitan un ahorro energ\u00e9tico.<\/h3>\n<p><iframe title=\"Gonzalo Amondara\u00edn, director de Asuntos Municipales\" width=\"640\" height=\"360\" src=\"https:\/\/www.youtube.com\/embed\/LUF5gbT_S8g?feature=oembed\" frameborder=\"0\" allow=\"accelerometer; autoplay; clipboard-write; encrypted-media; gyroscope; picture-in-picture; web-share\" referrerpolicy=\"strict-origin-when-cross-origin\" allowfullscreen><\/iframe><\/p>\n<h3>El procedimiento administrativo y la presentaci\u00f3n de proyectos por parte de cada Municipio deber\u00e1n basarse en una resoluci\u00f3n conjunta del ministerio de Gobierno y Hacienda e Infraestructura P\u00fablica. La presentaci\u00f3n de obras ser\u00e1 mediante Gobierno, quien se encargar\u00e1 del aspecto econ\u00f3mico; mientras el ministerio de Hacienda ser\u00e1 el que otorgue el apto t\u00e9cnico para la realizaci\u00f3n del proyecto.<\/h3>\n<p>&nbsp;<\/p>\n<p>&nbsp;<\/p>\n<p>&nbsp;<\/p>\n","protected":false},"excerpt":{"rendered":"<p>San Ger\u00f3nimo, Balde y Alto Pencoso fueron las tres primeras en rubricar los acuerdos del&#8230;<\/p>\n","protected":false},"author":1,"featured_media":17339,"comment_status":"closed","ping_status":"closed","sticky":false,"template":"","format":"standard","meta":{"footnotes":""},"categories":[6],"tags":[],"class_list":["post-17338","post","type-post","status-publish","format-standard","has-post-thumbnail","hentry","category-ciudad-provincia"],"yoast_head":"<!-- This site is optimized with the Yoast SEO plugin v26.1.1 - https:\/\/yoast.com\/wordpress\/plugins\/seo\/ -->\n<title>COMENZARON A FIRMARSE LOS ACUERDOS BILATERALES PARA OBRAS EN MUNICIPIOS - Apuntes de San Luis<\/title>\n<meta name=\"robots\" content=\"index, follow, max-snippet:-1, max-image-preview:large, max-video-preview:-1\" \/>\n<link rel=\"canonical\" href=\"https:\/\/apuntesdesanluis.com\/index.php\/2024\/06\/04\/comenzaron-a-firmarse-los-acuerdos-bilaterales-para-obras-en-municipios\/\" \/>\n<meta property=\"og:locale\" content=\"es_ES\" \/>\n<meta property=\"og:type\" content=\"article\" \/>\n<meta property=\"og:title\" content=\"COMENZARON A FIRMARSE LOS ACUERDOS BILATERALES PARA OBRAS EN MUNICIPIOS - Apuntes de San Luis\" \/>\n<meta property=\"og:description\" content=\"San Ger\u00f3nimo, Balde y Alto Pencoso fueron las tres primeras en rubricar los acuerdos del...\" \/>\n<meta property=\"og:url\" content=\"https:\/\/apuntesdesanluis.com\/index.php\/2024\/06\/04\/comenzaron-a-firmarse-los-acuerdos-bilaterales-para-obras-en-municipios\/\" \/>\n<meta property=\"og:site_name\" content=\"Apuntes de San Luis\" \/>\n<meta property=\"article:published_time\" content=\"2024-06-04T21:28:07+00:00\" \/>\n<meta property=\"og:image\" content=\"https:\/\/apuntesdesanluis.com\/wp-content\/uploads\/2024\/06\/centro-civico-alto-pencoso.png\" \/>\n\t<meta property=\"og:image:width\" content=\"600\" \/>\n\t<meta property=\"og:image:height\" content=\"395\" \/>\n\t<meta property=\"og:image:type\" content=\"image\/png\" \/>\n<meta name=\"author\" content=\"apuntesdesanluis.com\" \/>\n<meta name=\"twitter:card\" content=\"summary_large_image\" \/>\n<meta name=\"twitter:label1\" content=\"Escrito por\" \/>\n\t<meta name=\"twitter:data1\" content=\"apuntesdesanluis.com\" \/>\n\t<meta name=\"twitter:label2\" content=\"Tiempo de lectura\" \/>\n\t<meta name=\"twitter:data2\" content=\"2 minutos\" \/>\n<script type=\"application\/ld+json\" class=\"yoast-schema-graph\">{\"@context\":\"https:\/\/schema.org\",\"@graph\":[{\"@type\":\"Article\",\"@id\":\"https:\/\/apuntesdesanluis.com\/index.php\/2024\/06\/04\/comenzaron-a-firmarse-los-acuerdos-bilaterales-para-obras-en-municipios\/#article\",\"isPartOf\":{\"@id\":\"https:\/\/apuntesdesanluis.com\/index.php\/2024\/06\/04\/comenzaron-a-firmarse-los-acuerdos-bilaterales-para-obras-en-municipios\/\"},\"author\":{\"name\":\"apuntesdesanluis.com\",\"@id\":\"https:\/\/apuntesdesanluis.com\/#\/schema\/person\/b55151d52296fcce64d1a72538a70b90\"},\"headline\":\"COMENZARON A FIRMARSE LOS ACUERDOS BILATERALES PARA OBRAS EN MUNICIPIOS\",\"datePublished\":\"2024-06-04T21:28:07+00:00\",\"mainEntityOfPage\":{\"@id\":\"https:\/\/apuntesdesanluis.com\/index.php\/2024\/06\/04\/comenzaron-a-firmarse-los-acuerdos-bilaterales-para-obras-en-municipios\/\"},\"wordCount\":391,\"publisher\":{\"@id\":\"https:\/\/apuntesdesanluis.com\/#\/schema\/person\/b55151d52296fcce64d1a72538a70b90\"},\"image\":{\"@id\":\"https:\/\/apuntesdesanluis.com\/index.php\/2024\/06\/04\/comenzaron-a-firmarse-los-acuerdos-bilaterales-para-obras-en-municipios\/#primaryimage\"},\"thumbnailUrl\":\"https:\/\/apuntesdesanluis.com\/wp-content\/uploads\/2024\/06\/centro-civico-alto-pencoso.png\",\"articleSection\":[\"Ciudad\/Provincia\"],\"inLanguage\":\"es-AR\"},{\"@type\":\"WebPage\",\"@id\":\"https:\/\/apuntesdesanluis.com\/index.php\/2024\/06\/04\/comenzaron-a-firmarse-los-acuerdos-bilaterales-para-obras-en-municipios\/\",\"url\":\"https:\/\/apuntesdesanluis.com\/index.php\/2024\/06\/04\/comenzaron-a-firmarse-los-acuerdos-bilaterales-para-obras-en-municipios\/\",\"name\":\"COMENZARON A FIRMARSE LOS ACUERDOS BILATERALES PARA OBRAS EN MUNICIPIOS - Apuntes de San Luis\",\"isPartOf\":{\"@id\":\"https:\/\/apuntesdesanluis.com\/#website\"},\"primaryImageOfPage\":{\"@id\":\"https:\/\/apuntesdesanluis.com\/index.php\/2024\/06\/04\/comenzaron-a-firmarse-los-acuerdos-bilaterales-para-obras-en-municipios\/#primaryimage\"},\"image\":{\"@id\":\"https:\/\/apuntesdesanluis.com\/index.php\/2024\/06\/04\/comenzaron-a-firmarse-los-acuerdos-bilaterales-para-obras-en-municipios\/#primaryimage\"},\"thumbnailUrl\":\"https:\/\/apuntesdesanluis.com\/wp-content\/uploads\/2024\/06\/centro-civico-alto-pencoso.png\",\"datePublished\":\"2024-06-04T21:28:07+00:00\",\"breadcrumb\":{\"@id\":\"https:\/\/apuntesdesanluis.com\/index.php\/2024\/06\/04\/comenzaron-a-firmarse-los-acuerdos-bilaterales-para-obras-en-municipios\/#breadcrumb\"},\"inLanguage\":\"es-AR\",\"potentialAction\":[{\"@type\":\"ReadAction\",\"target\":[\"https:\/\/apuntesdesanluis.com\/index.php\/2024\/06\/04\/comenzaron-a-firmarse-los-acuerdos-bilaterales-para-obras-en-municipios\/\"]}]},{\"@type\":\"ImageObject\",\"inLanguage\":\"es-AR\",\"@id\":\"https:\/\/apuntesdesanluis.com\/index.php\/2024\/06\/04\/comenzaron-a-firmarse-los-acuerdos-bilaterales-para-obras-en-municipios\/#primaryimage\",\"url\":\"https:\/\/apuntesdesanluis.com\/wp-content\/uploads\/2024\/06\/centro-civico-alto-pencoso.png\",\"contentUrl\":\"https:\/\/apuntesdesanluis.com\/wp-content\/uploads\/2024\/06\/centro-civico-alto-pencoso.png\",\"width\":600,\"height\":395},{\"@type\":\"BreadcrumbList\",\"@id\":\"https:\/\/apuntesdesanluis.com\/index.php\/2024\/06\/04\/comenzaron-a-firmarse-los-acuerdos-bilaterales-para-obras-en-municipios\/#breadcrumb\",\"itemListElement\":[{\"@type\":\"ListItem\",\"position\":1,\"name\":\"Inicio\",\"item\":\"https:\/\/apuntesdesanluis.com\/\"},{\"@type\":\"ListItem\",\"position\":2,\"name\":\"COMENZARON A FIRMARSE LOS ACUERDOS BILATERALES PARA OBRAS EN MUNICIPIOS\"}]},{\"@type\":\"WebSite\",\"@id\":\"https:\/\/apuntesdesanluis.com\/#website\",\"url\":\"https:\/\/apuntesdesanluis.com\/\",\"name\":\"Apuntes de San Luis\",\"description\":\"\",\"publisher\":{\"@id\":\"https:\/\/apuntesdesanluis.com\/#\/schema\/person\/b55151d52296fcce64d1a72538a70b90\"},\"potentialAction\":[{\"@type\":\"SearchAction\",\"target\":{\"@type\":\"EntryPoint\",\"urlTemplate\":\"https:\/\/apuntesdesanluis.com\/?s={search_term_string}\"},\"query-input\":{\"@type\":\"PropertyValueSpecification\",\"valueRequired\":true,\"valueName\":\"search_term_string\"}}],\"inLanguage\":\"es-AR\"},{\"@type\":[\"Person\",\"Organization\"],\"@id\":\"https:\/\/apuntesdesanluis.com\/#\/schema\/person\/b55151d52296fcce64d1a72538a70b90\",\"name\":\"apuntesdesanluis.com\",\"image\":{\"@type\":\"ImageObject\",\"inLanguage\":\"es-AR\",\"@id\":\"https:\/\/apuntesdesanluis.com\/#\/schema\/person\/image\/\",\"url\":\"https:\/\/apuntesdesanluis.com\/wp-content\/uploads\/2023\/07\/cropped-apuntesdesanluis.png\",\"contentUrl\":\"https:\/\/apuntesdesanluis.com\/wp-content\/uploads\/2023\/07\/cropped-apuntesdesanluis.png\",\"width\":450,\"height\":112,\"caption\":\"apuntesdesanluis.com\"},\"logo\":{\"@id\":\"https:\/\/apuntesdesanluis.com\/#\/schema\/person\/image\/\"},\"sameAs\":[\"https:\/\/apuntesdesanluis.com\"],\"url\":\"https:\/\/apuntesdesanluis.com\/index.php\/author\/apuntesdesanluis-com\/\"}]}<\/script>\n<!-- \/ Yoast SEO plugin. -->","yoast_head_json":{"title":"COMENZARON A FIRMARSE LOS ACUERDOS BILATERALES PARA OBRAS EN MUNICIPIOS - Apuntes de San Luis","robots":{"index":"index","follow":"follow","max-snippet":"max-snippet:-1","max-image-preview":"max-image-preview:large","max-video-preview":"max-video-preview:-1"},"canonical":"https:\/\/apuntesdesanluis.com\/index.php\/2024\/06\/04\/comenzaron-a-firmarse-los-acuerdos-bilaterales-para-obras-en-municipios\/","og_locale":"es_ES","og_type":"article","og_title":"COMENZARON A FIRMARSE LOS ACUERDOS BILATERALES PARA OBRAS EN MUNICIPIOS - Apuntes de San Luis","og_description":"San Ger\u00f3nimo, Balde y Alto Pencoso fueron las tres primeras en rubricar los acuerdos del...","og_url":"https:\/\/apuntesdesanluis.com\/index.php\/2024\/06\/04\/comenzaron-a-firmarse-los-acuerdos-bilaterales-para-obras-en-municipios\/","og_site_name":"Apuntes de San Luis","article_published_time":"2024-06-04T21:28:07+00:00","og_image":[{"width":600,"height":395,"url":"https:\/\/apuntesdesanluis.com\/wp-content\/uploads\/2024\/06\/centro-civico-alto-pencoso.png","type":"image\/png"}],"author":"apuntesdesanluis.com","twitter_card":"summary_large_image","twitter_misc":{"Escrito por":"apuntesdesanluis.com","Tiempo de lectura":"2 minutos"},"schema":{"@context":"https:\/\/schema.org","@graph":[{"@type":"Article","@id":"https:\/\/apuntesdesanluis.com\/index.php\/2024\/06\/04\/comenzaron-a-firmarse-los-acuerdos-bilaterales-para-obras-en-municipios\/#article","isPartOf":{"@id":"https:\/\/apuntesdesanluis.com\/index.php\/2024\/06\/04\/comenzaron-a-firmarse-los-acuerdos-bilaterales-para-obras-en-municipios\/"},"author":{"name":"apuntesdesanluis.com","@id":"https:\/\/apuntesdesanluis.com\/#\/schema\/person\/b55151d52296fcce64d1a72538a70b90"},"headline":"COMENZARON A FIRMARSE LOS ACUERDOS BILATERALES PARA OBRAS EN MUNICIPIOS","datePublished":"2024-06-04T21:28:07+00:00","mainEntityOfPage":{"@id":"https:\/\/apuntesdesanluis.com\/index.php\/2024\/06\/04\/comenzaron-a-firmarse-los-acuerdos-bilaterales-para-obras-en-municipios\/"},"wordCount":391,"publisher":{"@id":"https:\/\/apuntesdesanluis.com\/#\/schema\/person\/b55151d52296fcce64d1a72538a70b90"},"image":{"@id":"https:\/\/apuntesdesanluis.com\/index.php\/2024\/06\/04\/comenzaron-a-firmarse-los-acuerdos-bilaterales-para-obras-en-municipios\/#primaryimage"},"thumbnailUrl":"https:\/\/apuntesdesanluis.com\/wp-content\/uploads\/2024\/06\/centro-civico-alto-pencoso.png","articleSection":["Ciudad\/Provincia"],"inLanguage":"es-AR"},{"@type":"WebPage","@id":"https:\/\/apuntesdesanluis.com\/index.php\/2024\/06\/04\/comenzaron-a-firmarse-los-acuerdos-bilaterales-para-obras-en-municipios\/","url":"https:\/\/apuntesdesanluis.com\/index.php\/2024\/06\/04\/comenzaron-a-firmarse-los-acuerdos-bilaterales-para-obras-en-municipios\/","name":"COMENZARON A FIRMARSE LOS ACUERDOS BILATERALES PARA OBRAS EN MUNICIPIOS - Apuntes de San Luis","isPartOf":{"@id":"https:\/\/apuntesdesanluis.com\/#website"},"primaryImageOfPage":{"@id":"https:\/\/apuntesdesanluis.com\/index.php\/2024\/06\/04\/comenzaron-a-firmarse-los-acuerdos-bilaterales-para-obras-en-municipios\/#primaryimage"},"image":{"@id":"https:\/\/apuntesdesanluis.com\/index.php\/2024\/06\/04\/comenzaron-a-firmarse-los-acuerdos-bilaterales-para-obras-en-municipios\/#primaryimage"},"thumbnailUrl":"https:\/\/apuntesdesanluis.com\/wp-content\/uploads\/2024\/06\/centro-civico-alto-pencoso.png","datePublished":"2024-06-04T21:28:07+00:00","breadcrumb":{"@id":"https:\/\/apuntesdesanluis.com\/index.php\/2024\/06\/04\/comenzaron-a-firmarse-los-acuerdos-bilaterales-para-obras-en-municipios\/#breadcrumb"},"inLanguage":"es-AR","potentialAction":[{"@type":"ReadAction","target":["https:\/\/apuntesdesanluis.com\/index.php\/2024\/06\/04\/comenzaron-a-firmarse-los-acuerdos-bilaterales-para-obras-en-municipios\/"]}]},{"@type":"ImageObject","inLanguage":"es-AR","@id":"https:\/\/apuntesdesanluis.com\/index.php\/2024\/06\/04\/comenzaron-a-firmarse-los-acuerdos-bilaterales-para-obras-en-municipios\/#primaryimage","url":"https:\/\/apuntesdesanluis.com\/wp-content\/uploads\/2024\/06\/centro-civico-alto-pencoso.png","contentUrl":"https:\/\/apuntesdesanluis.com\/wp-content\/uploads\/2024\/06\/centro-civico-alto-pencoso.png","width":600,"height":395},{"@type":"BreadcrumbList","@id":"https:\/\/apuntesdesanluis.com\/index.php\/2024\/06\/04\/comenzaron-a-firmarse-los-acuerdos-bilaterales-para-obras-en-municipios\/#breadcrumb","itemListElement":[{"@type":"ListItem","position":1,"name":"Inicio","item":"https:\/\/apuntesdesanluis.com\/"},{"@type":"ListItem","position":2,"name":"COMENZARON A FIRMARSE LOS ACUERDOS BILATERALES PARA OBRAS EN MUNICIPIOS"}]},{"@type":"WebSite","@id":"https:\/\/apuntesdesanluis.com\/#website","url":"https:\/\/apuntesdesanluis.com\/","name":"Apuntes de San Luis","description":"","publisher":{"@id":"https:\/\/apuntesdesanluis.com\/#\/schema\/person\/b55151d52296fcce64d1a72538a70b90"},"potentialAction":[{"@type":"SearchAction","target":{"@type":"EntryPoint","urlTemplate":"https:\/\/apuntesdesanluis.com\/?s={search_term_string}"},"query-input":{"@type":"PropertyValueSpecification","valueRequired":true,"valueName":"search_term_string"}}],"inLanguage":"es-AR"},{"@type":["Person","Organization"],"@id":"https:\/\/apuntesdesanluis.com\/#\/schema\/person\/b55151d52296fcce64d1a72538a70b90","name":"apuntesdesanluis.com","image":{"@type":"ImageObject","inLanguage":"es-AR","@id":"https:\/\/apuntesdesanluis.com\/#\/schema\/person\/image\/","url":"https:\/\/apuntesdesanluis.com\/wp-content\/uploads\/2023\/07\/cropped-apuntesdesanluis.png","contentUrl":"https:\/\/apuntesdesanluis.com\/wp-content\/uploads\/2023\/07\/cropped-apuntesdesanluis.png","width":450,"height":112,"caption":"apuntesdesanluis.com"},"logo":{"@id":"https:\/\/apuntesdesanluis.com\/#\/schema\/person\/image\/"},"sameAs":["https:\/\/apuntesdesanluis.com"],"url":"https:\/\/apuntesdesanluis.com\/index.php\/author\/apuntesdesanluis-com\/"}]}},"featured_image_urls":{"full":["https:\/\/apuntesdesanluis.com\/wp-content\/uploads\/2024\/06\/centro-civico-alto-pencoso.png",600,395,false],"thumbnail":["https:\/\/apuntesdesanluis.com\/wp-content\/uploads\/2024\/06\/centro-civico-alto-pencoso-150x150.png",150,150,true],"medium":["https:\/\/apuntesdesanluis.com\/wp-content\/uploads\/2024\/06\/centro-civico-alto-pencoso-300x198.png",300,198,true],"medium_large":["https:\/\/apuntesdesanluis.com\/wp-content\/uploads\/2024\/06\/centro-civico-alto-pencoso.png",600,395,false],"large":["https:\/\/apuntesdesanluis.com\/wp-content\/uploads\/2024\/06\/centro-civico-alto-pencoso.png",600,395,false],"1536x1536":["https:\/\/apuntesdesanluis.com\/wp-content\/uploads\/2024\/06\/centro-civico-alto-pencoso.png",600,395,false],"2048x2048":["https:\/\/apuntesdesanluis.com\/wp-content\/uploads\/2024\/06\/centro-civico-alto-pencoso.png",600,395,false],"newsever-slider-full":["https:\/\/apuntesdesanluis.com\/wp-content\/uploads\/2024\/06\/centro-civico-alto-pencoso.png",600,395,false],"newsever-featured":["https:\/\/apuntesdesanluis.com\/wp-content\/uploads\/2024\/06\/centro-civico-alto-pencoso.png",600,395,false],"newsever-medium":["https:\/\/apuntesdesanluis.com\/wp-content\/uploads\/2024\/06\/centro-civico-alto-pencoso.png",600,395,false]},"author_info":{"display_name":"apuntesdesanluis.com","author_link":"https:\/\/apuntesdesanluis.com\/index.php\/author\/apuntesdesanluis-com\/"},"category_info":"<a href=\"https:\/\/apuntesdesanluis.com\/index.php\/category\/ciudad-provincia\/\" rel=\"category tag\">Ciudad\/Provincia<\/a>","tag_info":"Ciudad\/Provincia","comment_count":"0","_links":{"self":[{"href":"https:\/\/apuntesdesanluis.com\/index.php\/wp-json\/wp\/v2\/posts\/17338","targetHints":{"allow":["GET"]}}],"collection":[{"href":"https:\/\/apuntesdesanluis.com\/index.php\/wp-json\/wp\/v2\/posts"}],"about":[{"href":"https:\/\/apuntesdesanluis.com\/index.php\/wp-json\/wp\/v2\/types\/post"}],"author":[{"embeddable":true,"href":"https:\/\/apuntesdesanluis.com\/index.php\/wp-json\/wp\/v2\/users\/1"}],"replies":[{"embeddable":true,"href":"https:\/\/apuntesdesanluis.com\/index.php\/wp-json\/wp\/v2\/comments?post=17338"}],"version-history":[{"count":1,"href":"https:\/\/apuntesdesanluis.com\/index.php\/wp-json\/wp\/v2\/posts\/17338\/revisions"}],"predecessor-version":[{"id":17340,"href":"https:\/\/apuntesdesanluis.com\/index.php\/wp-json\/wp\/v2\/posts\/17338\/revisions\/17340"}],"wp:featuredmedia":[{"embeddable":true,"href":"https:\/\/apuntesdesanluis.com\/index.php\/wp-json\/wp\/v2\/media\/17339"}],"wp:attachment":[{"href":"https:\/\/apuntesdesanluis.com\/index.php\/wp-json\/wp\/v2\/media?parent=17338"}],"wp:term":[{"taxonomy":"category","embeddable":true,"href":"https:\/\/apuntesdesanluis.com\/index.php\/wp-json\/wp\/v2\/categories?post=17338"},{"taxonomy":"post_tag","embeddable":true,"href":"https:\/\/apuntesdesanluis.com\/index.php\/wp-json\/wp\/v2\/tags?post=17338"}],"curies":[{"name":"wp","href":"https:\/\/api.w.org\/{rel}","templated":true}]}}