{"id":17341,"date":"2024-06-04T18:41:36","date_gmt":"2024-06-04T21:41:36","guid":{"rendered":"https:\/\/apuntesdesanluis.com\/?p=17341"},"modified":"2024-06-04T19:32:37","modified_gmt":"2024-06-04T22:32:37","slug":"diputados-pidieron-detalles-sobre-la-venta-de-la-suntuosa-casa-de-san-luis-en-buenos-aires","status":"publish","type":"post","link":"https:\/\/apuntesdesanluis.com\/index.php\/2024\/06\/04\/diputados-pidieron-detalles-sobre-la-venta-de-la-suntuosa-casa-de-san-luis-en-buenos-aires\/","title":{"rendered":"DIPUTADOS PIDIERON DETALLES SOBRE LA VENTA DE LA SUNTUOSA CASA DE SAN LUIS EN BUENOS AIRES"},"content":{"rendered":"<h3>El secretario de \u00c9tica P\u00fablica y Control de Gesti\u00f3n, <strong>Ricardo Bazla<\/strong>, particip\u00f3 de una reuni\u00f3n con las comisiones de Asuntos Constitucionales y Finanzas, Obras P\u00fablicas y Econom\u00eda de la Legislatura, en la que reiter\u00f3 que lo recaudado ir\u00e1 destinado a reparar el hospital regional de Villa Mercedes. y que sede continuar\u00eda funcionando en otro local menos costoso.<\/h3>\n<p><img fetchpriority=\"high\" decoding=\"async\" class=\"wp-image-17348 aligncenter\" src=\"https:\/\/apuntesdesanluis.com\/wp-content\/uploads\/2024\/06\/bazlita-300x172.png\" alt=\"\" width=\"581\" height=\"333\" srcset=\"https:\/\/apuntesdesanluis.com\/wp-content\/uploads\/2024\/06\/bazlita-300x172.png 300w, https:\/\/apuntesdesanluis.com\/wp-content\/uploads\/2024\/06\/bazlita.png 549w\" sizes=\"(max-width: 581px) 100vw, 581px\" \/><\/p>\n<h3><strong>Carlos Pereyra<\/strong> y <strong>Eugenia Gallardo<\/strong>, presidentes respectivos de las comisiones de Asuntos Constitucionales y de Finanzas, Obras P\u00fablicas y Econom\u00eda de la C\u00e1mara de Diputados, invitaron este martes al secretario de \u00c9tica P\u00fablica y Control de Gesti\u00f3n, Ricardo Bazla, a que participe de un encuentro en el cual pudo explicar y responder a los integrantes de cada comisi\u00f3n las consultas sobre la decisi\u00f3n de vender la Casa de San Luis en Buenos Aires.<\/h3>\n<h3>La misma est\u00e1 ubicada en Azcu\u00e9naga 1083, en Ciudad Aut\u00f3noma de Buenos Aires. Se trata de un petit hotel palaciego de tres plantas, cuyo interior se caracteriza por la aparici\u00f3n de arcos redondeados, ventanas y loggias (galer\u00edas exteriores conformadas por arcos sobre columnas, techadas y abiertas en uno o m\u00e1s lados), ornamentaciones florales y cornisas dentadas. En este palacio se usaron diferentes t\u00e9cnicas decorativas como estucos, frescos, relieves y magn\u00edficos vitrales con escenas de flores y delicadas figuras.<\/h3>\n<h3><img decoding=\"async\" class=\"wp-image-17343 aligncenter\" src=\"https:\/\/apuntesdesanluis.com\/wp-content\/uploads\/2024\/06\/bazla-1-300x168.png\" alt=\"\" width=\"648\" height=\"363\" srcset=\"https:\/\/apuntesdesanluis.com\/wp-content\/uploads\/2024\/06\/bazla-1-300x168.png 300w, https:\/\/apuntesdesanluis.com\/wp-content\/uploads\/2024\/06\/bazla-1.png 600w\" sizes=\"(max-width: 648px) 100vw, 648px\" \/><\/h3>\n<h3>El objetivo es destinar los fondos obtenidos por la venta a la reparaci\u00f3n del Policl\u00ednico Regional \u2018Juan Domingo Per\u00f3n\u2019 de Villa Mercedes, el cual fue severamente afectado por una tormenta de piedra en enero del a\u00f1o pasado.<\/h3>\n<h3>\u201cA ra\u00edz del estado de abandono en el que lo encontramos, necesita una urgente reparaci\u00f3n. A su vez, ante el estado cr\u00edtico de las finanzas de la Provincia, es necesario vender el inmueble que tiene una suntuosidad que no se compadece con la realidad que vivimos los sanluise\u00f1os. Cuando la Legislatura apruebe esa ley se pondr\u00e1 en venta el edificio donde funciona la Casa de San Luis, que seguir\u00e1 prestando servicios en otro inmueble. Con lo recaudado podremos reparar el hospital, que tiene alta demanda en toda la provincia\u201d, les dijo Bazla a los legisladores.<\/h3>\n<h3><strong>HISTORIA<\/strong><\/h3>\n<h3 data-adtags-visited=\"true\">El edificio donde hoy funciona la Casa de San Luis en Buenos Aires, fue construido en el a\u00f1o 1920 por Virginio Colombo, destacado arquitecto tra\u00eddo la Argentina por el Presidente Figueroa Alcorta.<\/h3>\n<h3 data-adtags-visited=\"true\">Cuando Carlos Lagomarsino, inmigrante Italiano dedicado a la industria textil, compr\u00f3 el terreno de la calle Azcu\u00e9naga al 1083\/87 solicit\u00f3 a Colombo la creaci\u00f3n de una casa con intenciones palaciegas, que dejara en manifiesto el nuevo rango social alcanzado. La familia, constituida por el matrimonio y cinco hijos, formaba parte de la burgues\u00eda industrial, clase social que ten\u00eda en su mayor\u00eda un origen muy humilde y fue creciendo hasta adquirir gran poder econ\u00f3mico y pol\u00edtico.<\/h3>\n<h3 data-adtags-visited=\"true\">Los salones del primer piso fueron utilizados solo para dos grandes eventos: el casamiento de la mayor de las hijas con un prestigioso m\u00e9dico y la comuni\u00f3n de la menor. Como todas las familias de la \u00e9poca, en la casa de realizaban los \u201cd\u00edas de visita\u201d: reuniones con t\u00e9 con sesiones de canto o de declamaci\u00f3n, a cargo de las hijas de Lagomarsino que se dedicaban a las artes, de hecho, la mayor hab\u00eda tejido dos gobelinos que decoraban el hall de recibo de la casa, donde hoy se emplazan dos grandes espejos.<\/h3>\n<p><img decoding=\"async\" class=\"wp-image-17347 aligncenter\" src=\"https:\/\/apuntesdesanluis.com\/wp-content\/uploads\/2024\/06\/salon-300x204.png\" alt=\"\" width=\"601\" height=\"409\" srcset=\"https:\/\/apuntesdesanluis.com\/wp-content\/uploads\/2024\/06\/salon-300x204.png 300w, https:\/\/apuntesdesanluis.com\/wp-content\/uploads\/2024\/06\/salon.png 533w\" sizes=\"(max-width: 601px) 100vw, 601px\" \/><\/p>\n<h3 data-adtags-visited=\"true\">La casa fue habitada por esta familia por solo cuatro a\u00f1os, ya que luego de la muerte de Carlos Lagomarsino, a causa de una afecci\u00f3n card\u00edaca, su esposa e hijos decidieron poner el edificio en venta, por lo que no tuvo la madurez hist\u00f3rica necesaria para ser conocida en sociedad como \u201cla vivienda de los Lagomarsino\u201d.<\/h3>\n<h3 data-adtags-visited=\"true\">El primer adquirente fue el Dr. Riguera, que utiliz\u00f3 la casa como consultorio m\u00e9dico. Posteriormente, entre 1960 y 1969, funcion\u00f3 en el edificio la primera Escuela de Aviaci\u00f3n y el servicio de Inteligencia de la Aeron\u00e1utica.<\/h3>\n<h3 data-adtags-visited=\"true\">A partir de 1973, se instal\u00f3 en la casa una sucursal del Banco Interamericano Regional, el Banco de la Mujer, llamado Juana de Arco, que estuvo all\u00ed durante casi una d\u00e9cada y realiz\u00f3 varias modificaciones edilicias, acondicionando la casa con espacios para oficinas, sanitarios, calefacci\u00f3n, un ascensor, el tesoro en la planta baja y un audit\u00f3rium en la terraza, manteniendo intacto todo el primer piso del edificio. Luego de una quiebra, el Banco Central se hizo cargo de todos los bienes y los subast\u00f3 por licitaci\u00f3n p\u00fablica cerca del a\u00f1o 1982. La casa fue comprada por una inmobiliaria llamada Las Espigas, que m\u00e1s tarde la vender\u00eda al Gobierno de la Provincia de San Luis. Inaugur\u00e1ndose oficialmente como Casa de San Luis en el a\u00f1o 1985.<\/h3>\n<h3 data-adtags-visited=\"true\">El Gobierno de la Provincia, consciente de la importancia de preservar el patrimonio, consider\u00f3 en el a\u00f1o 1997 la necesidad de restaurar el edificio y efectuar la adecuaci\u00f3n de los espacios para la realizaci\u00f3n de acciones que los nuevos tiempos demandaban, como la ampliaci\u00f3n del audit\u00f3rium en el \u00faltimo piso, agreg\u00e1ndose el sector de proyecci\u00f3n y sonido y mejorando el sistema de ventilaci\u00f3n del mismo. Se modific\u00f3 el sistema de iluminaci\u00f3n de toda la Casa, mostrando la fuerza de su belleza arquitect\u00f3nica.<\/h3>\n<p><img loading=\"lazy\" decoding=\"async\" class=\"wp-image-17344 aligncenter\" src=\"https:\/\/apuntesdesanluis.com\/wp-content\/uploads\/2024\/06\/casa-de-san-luis-281x300.png\" alt=\"\" width=\"647\" height=\"691\" srcset=\"https:\/\/apuntesdesanluis.com\/wp-content\/uploads\/2024\/06\/casa-de-san-luis-281x300.png 281w, https:\/\/apuntesdesanluis.com\/wp-content\/uploads\/2024\/06\/casa-de-san-luis.png 674w\" sizes=\"(max-width: 647px) 100vw, 647px\" \/><\/p>\n<h3 data-adtags-visited=\"true\">El arquitecto de esta casa, Virginio Colombo, se caracteriz\u00f3 por su conocimiento de profusas t\u00e9cnicas decorativas que iban de estucos a los vitrales, de los frescos a los relieves.<\/h3>\n<h3>As\u00ed es como el petit hotel que alberga actualmente a la Casa de San Luis resume y expone este conocimiento que debi\u00f3 ser tenido en cuenta para su restauraci\u00f3n a los fines de acompa\u00f1ar la misma con el ejercicio de distintas t\u00e9cnicas decorativas.<\/h3>\n<h3>En este sentido, se busc\u00f3 ser fiel a la voluntad del arquitecto Colombo, indag\u00e1ndolo a trav\u00e9s de los trazos que dej\u00f3 impreso en los materiales.<\/h3>\n<h3>La residencia cuenta con veinte ambientes, se suceden salas con delicados vitraux, guardas con motivos de dragones y pasillos estucados en varias tonalidades de m\u00e1rmol. Tambi\u00e9n cuenta con bellos y refinados pisos de madera de Eslovenia en mosaicos y marqueter\u00eda.<\/h3>\n<h3><strong>OPOSICI\u00d3N<\/strong><\/h3>\n<h3>Puede resultar cuestionable que el gobierno subordine\u00a0la reparaci\u00f3n de un hospital\u00a0a la venta de este inmueble , es cierto. No pueden faltar recursos para arreglar el principal nosocomio de Villa Mercedes, que atiende a todo el departamento y su regi\u00f3n de influencia.<\/h3>\n<h3>Pero lo que resulta irrefutable es anteponer la preservaci\u00f3n de este palacete, en el actual estado de cosas y con el exiguo presupuesto con que se maneja nuestra provincia, que depende en un 80% de los recursos federales.<\/h3>\n<h3>Algunos datos de esta rese\u00f1a de <span style=\"color: #3366ff;\"><strong>Apuntes de San Luis<\/strong> <\/span>fueron vertidos por <strong>Cintia D\u00e9bora Mart\u00ednez, docente e historiadora, a trav\u00e9s de una columna publicada en El Diario de la Rep\u00fablica (14\/04\/2024) que termina con su oposici\u00f3n a la venta: <\/strong><\/h3>\n<h3><em><strong>&#8220;Esta casona, es nuestra representaci\u00f3n m\u00e1s ilustre en Buenos Aires y debe ser defendida y preservada porque forma parte de nuestra identidad provincial y de la historia reciente de nuestra provincia. El anuncio del gobernador Poggi, nos llena de tristeza, porque si se concreta la venta de este inmueble, significar\u00e1 la p\u00e9rdida irreparable de una parte importante de nuestra historia y de nuestro patrimonio cultural: de un pedazo de nuestra San Luis en la ciudad capital de la Argentina&#8221;.<\/strong><\/em><\/h3>\n<h3>Sus razones son atendibles y respetables, claro est\u00e1. Salvo por un detalle: en el extremo de pobreza en que se encuentra la provincia, exhibir semejante fachada de pomposidad representa una ostentaci\u00f3n vomitiva.<\/h3>\n<h3 style=\"text-align: right;\"><span style=\"color: #3366ff;\">E.G.<\/span><\/h3>\n<p>&nbsp;<\/p>\n<p>&nbsp;<\/p>\n<p>&nbsp;<\/p>\n<p>&nbsp;<\/p>\n<p>&nbsp;<\/p>\n<p>&nbsp;<\/p>\n<p>&nbsp;<\/p>\n<p>&nbsp;<\/p>\n<p>&nbsp;<\/p>\n<p>&nbsp;<\/p>\n<p>&nbsp;<\/p>\n","protected":false},"excerpt":{"rendered":"<p>El secretario de \u00c9tica P\u00fablica y Control de Gesti\u00f3n, Ricardo Bazla, particip\u00f3 de una reuni\u00f3n&#8230;<\/p>\n","protected":false},"author":1,"featured_media":17342,"comment_status":"closed","ping_status":"closed","sticky":false,"template":"","format":"standard","meta":{"footnotes":""},"categories":[9],"tags":[],"class_list":["post-17341","post","type-post","status-publish","format-standard","has-post-thumbnail","hentry","category-opinion"],"yoast_head":"<!-- This site is optimized with the Yoast SEO plugin v26.1.1 - https:\/\/yoast.com\/wordpress\/plugins\/seo\/ -->\n<title>DIPUTADOS PIDIERON DETALLES SOBRE LA VENTA DE LA SUNTUOSA CASA DE SAN LUIS EN BUENOS AIRES - Apuntes de San Luis<\/title>\n<meta name=\"robots\" content=\"index, follow, max-snippet:-1, max-image-preview:large, max-video-preview:-1\" \/>\n<link rel=\"canonical\" href=\"https:\/\/apuntesdesanluis.com\/index.php\/2024\/06\/04\/diputados-pidieron-detalles-sobre-la-venta-de-la-suntuosa-casa-de-san-luis-en-buenos-aires\/\" \/>\n<meta property=\"og:locale\" content=\"es_ES\" \/>\n<meta property=\"og:type\" content=\"article\" \/>\n<meta property=\"og:title\" content=\"DIPUTADOS PIDIERON DETALLES SOBRE LA VENTA DE LA SUNTUOSA CASA DE SAN LUIS EN BUENOS AIRES - Apuntes de San Luis\" \/>\n<meta property=\"og:description\" content=\"El secretario de \u00c9tica P\u00fablica y Control de Gesti\u00f3n, Ricardo Bazla, particip\u00f3 de una reuni\u00f3n...\" \/>\n<meta property=\"og:url\" content=\"https:\/\/apuntesdesanluis.com\/index.php\/2024\/06\/04\/diputados-pidieron-detalles-sobre-la-venta-de-la-suntuosa-casa-de-san-luis-en-buenos-aires\/\" \/>\n<meta property=\"og:site_name\" content=\"Apuntes de San Luis\" \/>\n<meta property=\"article:published_time\" content=\"2024-06-04T21:41:36+00:00\" \/>\n<meta property=\"article:modified_time\" content=\"2024-06-04T22:32:37+00:00\" \/>\n<meta property=\"og:image\" content=\"https:\/\/apuntesdesanluis.com\/wp-content\/uploads\/2024\/06\/casa-de-san-luis-salon.png\" \/>\n\t<meta property=\"og:image:width\" content=\"453\" \/>\n\t<meta property=\"og:image:height\" content=\"275\" \/>\n\t<meta property=\"og:image:type\" content=\"image\/png\" \/>\n<meta name=\"author\" content=\"apuntesdesanluis.com\" \/>\n<meta name=\"twitter:card\" content=\"summary_large_image\" \/>\n<meta name=\"twitter:label1\" content=\"Escrito por\" \/>\n\t<meta name=\"twitter:data1\" content=\"apuntesdesanluis.com\" \/>\n\t<meta name=\"twitter:label2\" content=\"Tiempo de lectura\" \/>\n\t<meta name=\"twitter:data2\" content=\"7 minutos\" \/>\n<script type=\"application\/ld+json\" class=\"yoast-schema-graph\">{\"@context\":\"https:\/\/schema.org\",\"@graph\":[{\"@type\":\"Article\",\"@id\":\"https:\/\/apuntesdesanluis.com\/index.php\/2024\/06\/04\/diputados-pidieron-detalles-sobre-la-venta-de-la-suntuosa-casa-de-san-luis-en-buenos-aires\/#article\",\"isPartOf\":{\"@id\":\"https:\/\/apuntesdesanluis.com\/index.php\/2024\/06\/04\/diputados-pidieron-detalles-sobre-la-venta-de-la-suntuosa-casa-de-san-luis-en-buenos-aires\/\"},\"author\":{\"name\":\"apuntesdesanluis.com\",\"@id\":\"https:\/\/apuntesdesanluis.com\/#\/schema\/person\/b55151d52296fcce64d1a72538a70b90\"},\"headline\":\"DIPUTADOS PIDIERON DETALLES SOBRE LA VENTA DE LA SUNTUOSA CASA DE SAN LUIS EN BUENOS AIRES\",\"datePublished\":\"2024-06-04T21:41:36+00:00\",\"dateModified\":\"2024-06-04T22:32:37+00:00\",\"mainEntityOfPage\":{\"@id\":\"https:\/\/apuntesdesanluis.com\/index.php\/2024\/06\/04\/diputados-pidieron-detalles-sobre-la-venta-de-la-suntuosa-casa-de-san-luis-en-buenos-aires\/\"},\"wordCount\":1320,\"publisher\":{\"@id\":\"https:\/\/apuntesdesanluis.com\/#\/schema\/person\/b55151d52296fcce64d1a72538a70b90\"},\"image\":{\"@id\":\"https:\/\/apuntesdesanluis.com\/index.php\/2024\/06\/04\/diputados-pidieron-detalles-sobre-la-venta-de-la-suntuosa-casa-de-san-luis-en-buenos-aires\/#primaryimage\"},\"thumbnailUrl\":\"https:\/\/apuntesdesanluis.com\/wp-content\/uploads\/2024\/06\/casa-de-san-luis-salon.png\",\"articleSection\":[\"Opini\u00f3n\"],\"inLanguage\":\"es-AR\"},{\"@type\":\"WebPage\",\"@id\":\"https:\/\/apuntesdesanluis.com\/index.php\/2024\/06\/04\/diputados-pidieron-detalles-sobre-la-venta-de-la-suntuosa-casa-de-san-luis-en-buenos-aires\/\",\"url\":\"https:\/\/apuntesdesanluis.com\/index.php\/2024\/06\/04\/diputados-pidieron-detalles-sobre-la-venta-de-la-suntuosa-casa-de-san-luis-en-buenos-aires\/\",\"name\":\"DIPUTADOS PIDIERON DETALLES SOBRE LA VENTA DE LA SUNTUOSA CASA DE SAN LUIS EN BUENOS AIRES - Apuntes de San Luis\",\"isPartOf\":{\"@id\":\"https:\/\/apuntesdesanluis.com\/#website\"},\"primaryImageOfPage\":{\"@id\":\"https:\/\/apuntesdesanluis.com\/index.php\/2024\/06\/04\/diputados-pidieron-detalles-sobre-la-venta-de-la-suntuosa-casa-de-san-luis-en-buenos-aires\/#primaryimage\"},\"image\":{\"@id\":\"https:\/\/apuntesdesanluis.com\/index.php\/2024\/06\/04\/diputados-pidieron-detalles-sobre-la-venta-de-la-suntuosa-casa-de-san-luis-en-buenos-aires\/#primaryimage\"},\"thumbnailUrl\":\"https:\/\/apuntesdesanluis.com\/wp-content\/uploads\/2024\/06\/casa-de-san-luis-salon.png\",\"datePublished\":\"2024-06-04T21:41:36+00:00\",\"dateModified\":\"2024-06-04T22:32:37+00:00\",\"breadcrumb\":{\"@id\":\"https:\/\/apuntesdesanluis.com\/index.php\/2024\/06\/04\/diputados-pidieron-detalles-sobre-la-venta-de-la-suntuosa-casa-de-san-luis-en-buenos-aires\/#breadcrumb\"},\"inLanguage\":\"es-AR\",\"potentialAction\":[{\"@type\":\"ReadAction\",\"target\":[\"https:\/\/apuntesdesanluis.com\/index.php\/2024\/06\/04\/diputados-pidieron-detalles-sobre-la-venta-de-la-suntuosa-casa-de-san-luis-en-buenos-aires\/\"]}]},{\"@type\":\"ImageObject\",\"inLanguage\":\"es-AR\",\"@id\":\"https:\/\/apuntesdesanluis.com\/index.php\/2024\/06\/04\/diputados-pidieron-detalles-sobre-la-venta-de-la-suntuosa-casa-de-san-luis-en-buenos-aires\/#primaryimage\",\"url\":\"https:\/\/apuntesdesanluis.com\/wp-content\/uploads\/2024\/06\/casa-de-san-luis-salon.png\",\"contentUrl\":\"https:\/\/apuntesdesanluis.com\/wp-content\/uploads\/2024\/06\/casa-de-san-luis-salon.png\",\"width\":453,\"height\":275},{\"@type\":\"BreadcrumbList\",\"@id\":\"https:\/\/apuntesdesanluis.com\/index.php\/2024\/06\/04\/diputados-pidieron-detalles-sobre-la-venta-de-la-suntuosa-casa-de-san-luis-en-buenos-aires\/#breadcrumb\",\"itemListElement\":[{\"@type\":\"ListItem\",\"position\":1,\"name\":\"Inicio\",\"item\":\"https:\/\/apuntesdesanluis.com\/\"},{\"@type\":\"ListItem\",\"position\":2,\"name\":\"DIPUTADOS PIDIERON DETALLES SOBRE LA VENTA DE LA SUNTUOSA CASA DE SAN LUIS EN BUENOS AIRES\"}]},{\"@type\":\"WebSite\",\"@id\":\"https:\/\/apuntesdesanluis.com\/#website\",\"url\":\"https:\/\/apuntesdesanluis.com\/\",\"name\":\"Apuntes de San Luis\",\"description\":\"\",\"publisher\":{\"@id\":\"https:\/\/apuntesdesanluis.com\/#\/schema\/person\/b55151d52296fcce64d1a72538a70b90\"},\"potentialAction\":[{\"@type\":\"SearchAction\",\"target\":{\"@type\":\"EntryPoint\",\"urlTemplate\":\"https:\/\/apuntesdesanluis.com\/?s={search_term_string}\"},\"query-input\":{\"@type\":\"PropertyValueSpecification\",\"valueRequired\":true,\"valueName\":\"search_term_string\"}}],\"inLanguage\":\"es-AR\"},{\"@type\":[\"Person\",\"Organization\"],\"@id\":\"https:\/\/apuntesdesanluis.com\/#\/schema\/person\/b55151d52296fcce64d1a72538a70b90\",\"name\":\"apuntesdesanluis.com\",\"image\":{\"@type\":\"ImageObject\",\"inLanguage\":\"es-AR\",\"@id\":\"https:\/\/apuntesdesanluis.com\/#\/schema\/person\/image\/\",\"url\":\"https:\/\/apuntesdesanluis.com\/wp-content\/uploads\/2023\/07\/cropped-apuntesdesanluis.png\",\"contentUrl\":\"https:\/\/apuntesdesanluis.com\/wp-content\/uploads\/2023\/07\/cropped-apuntesdesanluis.png\",\"width\":450,\"height\":112,\"caption\":\"apuntesdesanluis.com\"},\"logo\":{\"@id\":\"https:\/\/apuntesdesanluis.com\/#\/schema\/person\/image\/\"},\"sameAs\":[\"https:\/\/apuntesdesanluis.com\"],\"url\":\"https:\/\/apuntesdesanluis.com\/index.php\/author\/apuntesdesanluis-com\/\"}]}<\/script>\n<!-- \/ Yoast SEO plugin. -->","yoast_head_json":{"title":"DIPUTADOS PIDIERON DETALLES SOBRE LA VENTA DE LA SUNTUOSA CASA DE SAN LUIS EN BUENOS AIRES - Apuntes de San Luis","robots":{"index":"index","follow":"follow","max-snippet":"max-snippet:-1","max-image-preview":"max-image-preview:large","max-video-preview":"max-video-preview:-1"},"canonical":"https:\/\/apuntesdesanluis.com\/index.php\/2024\/06\/04\/diputados-pidieron-detalles-sobre-la-venta-de-la-suntuosa-casa-de-san-luis-en-buenos-aires\/","og_locale":"es_ES","og_type":"article","og_title":"DIPUTADOS PIDIERON DETALLES SOBRE LA VENTA DE LA SUNTUOSA CASA DE SAN LUIS EN BUENOS AIRES - Apuntes de San Luis","og_description":"El secretario de \u00c9tica P\u00fablica y Control de Gesti\u00f3n, Ricardo Bazla, particip\u00f3 de una reuni\u00f3n...","og_url":"https:\/\/apuntesdesanluis.com\/index.php\/2024\/06\/04\/diputados-pidieron-detalles-sobre-la-venta-de-la-suntuosa-casa-de-san-luis-en-buenos-aires\/","og_site_name":"Apuntes de San Luis","article_published_time":"2024-06-04T21:41:36+00:00","article_modified_time":"2024-06-04T22:32:37+00:00","og_image":[{"width":453,"height":275,"url":"https:\/\/apuntesdesanluis.com\/wp-content\/uploads\/2024\/06\/casa-de-san-luis-salon.png","type":"image\/png"}],"author":"apuntesdesanluis.com","twitter_card":"summary_large_image","twitter_misc":{"Escrito por":"apuntesdesanluis.com","Tiempo de lectura":"7 minutos"},"schema":{"@context":"https:\/\/schema.org","@graph":[{"@type":"Article","@id":"https:\/\/apuntesdesanluis.com\/index.php\/2024\/06\/04\/diputados-pidieron-detalles-sobre-la-venta-de-la-suntuosa-casa-de-san-luis-en-buenos-aires\/#article","isPartOf":{"@id":"https:\/\/apuntesdesanluis.com\/index.php\/2024\/06\/04\/diputados-pidieron-detalles-sobre-la-venta-de-la-suntuosa-casa-de-san-luis-en-buenos-aires\/"},"author":{"name":"apuntesdesanluis.com","@id":"https:\/\/apuntesdesanluis.com\/#\/schema\/person\/b55151d52296fcce64d1a72538a70b90"},"headline":"DIPUTADOS PIDIERON DETALLES SOBRE LA VENTA DE LA SUNTUOSA CASA DE SAN LUIS EN BUENOS AIRES","datePublished":"2024-06-04T21:41:36+00:00","dateModified":"2024-06-04T22:32:37+00:00","mainEntityOfPage":{"@id":"https:\/\/apuntesdesanluis.com\/index.php\/2024\/06\/04\/diputados-pidieron-detalles-sobre-la-venta-de-la-suntuosa-casa-de-san-luis-en-buenos-aires\/"},"wordCount":1320,"publisher":{"@id":"https:\/\/apuntesdesanluis.com\/#\/schema\/person\/b55151d52296fcce64d1a72538a70b90"},"image":{"@id":"https:\/\/apuntesdesanluis.com\/index.php\/2024\/06\/04\/diputados-pidieron-detalles-sobre-la-venta-de-la-suntuosa-casa-de-san-luis-en-buenos-aires\/#primaryimage"},"thumbnailUrl":"https:\/\/apuntesdesanluis.com\/wp-content\/uploads\/2024\/06\/casa-de-san-luis-salon.png","articleSection":["Opini\u00f3n"],"inLanguage":"es-AR"},{"@type":"WebPage","@id":"https:\/\/apuntesdesanluis.com\/index.php\/2024\/06\/04\/diputados-pidieron-detalles-sobre-la-venta-de-la-suntuosa-casa-de-san-luis-en-buenos-aires\/","url":"https:\/\/apuntesdesanluis.com\/index.php\/2024\/06\/04\/diputados-pidieron-detalles-sobre-la-venta-de-la-suntuosa-casa-de-san-luis-en-buenos-aires\/","name":"DIPUTADOS PIDIERON DETALLES SOBRE LA VENTA DE LA SUNTUOSA CASA DE SAN LUIS EN BUENOS AIRES - Apuntes de San Luis","isPartOf":{"@id":"https:\/\/apuntesdesanluis.com\/#website"},"primaryImageOfPage":{"@id":"https:\/\/apuntesdesanluis.com\/index.php\/2024\/06\/04\/diputados-pidieron-detalles-sobre-la-venta-de-la-suntuosa-casa-de-san-luis-en-buenos-aires\/#primaryimage"},"image":{"@id":"https:\/\/apuntesdesanluis.com\/index.php\/2024\/06\/04\/diputados-pidieron-detalles-sobre-la-venta-de-la-suntuosa-casa-de-san-luis-en-buenos-aires\/#primaryimage"},"thumbnailUrl":"https:\/\/apuntesdesanluis.com\/wp-content\/uploads\/2024\/06\/casa-de-san-luis-salon.png","datePublished":"2024-06-04T21:41:36+00:00","dateModified":"2024-06-04T22:32:37+00:00","breadcrumb":{"@id":"https:\/\/apuntesdesanluis.com\/index.php\/2024\/06\/04\/diputados-pidieron-detalles-sobre-la-venta-de-la-suntuosa-casa-de-san-luis-en-buenos-aires\/#breadcrumb"},"inLanguage":"es-AR","potentialAction":[{"@type":"ReadAction","target":["https:\/\/apuntesdesanluis.com\/index.php\/2024\/06\/04\/diputados-pidieron-detalles-sobre-la-venta-de-la-suntuosa-casa-de-san-luis-en-buenos-aires\/"]}]},{"@type":"ImageObject","inLanguage":"es-AR","@id":"https:\/\/apuntesdesanluis.com\/index.php\/2024\/06\/04\/diputados-pidieron-detalles-sobre-la-venta-de-la-suntuosa-casa-de-san-luis-en-buenos-aires\/#primaryimage","url":"https:\/\/apuntesdesanluis.com\/wp-content\/uploads\/2024\/06\/casa-de-san-luis-salon.png","contentUrl":"https:\/\/apuntesdesanluis.com\/wp-content\/uploads\/2024\/06\/casa-de-san-luis-salon.png","width":453,"height":275},{"@type":"BreadcrumbList","@id":"https:\/\/apuntesdesanluis.com\/index.php\/2024\/06\/04\/diputados-pidieron-detalles-sobre-la-venta-de-la-suntuosa-casa-de-san-luis-en-buenos-aires\/#breadcrumb","itemListElement":[{"@type":"ListItem","position":1,"name":"Inicio","item":"https:\/\/apuntesdesanluis.com\/"},{"@type":"ListItem","position":2,"name":"DIPUTADOS PIDIERON DETALLES SOBRE LA VENTA DE LA SUNTUOSA CASA DE SAN LUIS EN BUENOS AIRES"}]},{"@type":"WebSite","@id":"https:\/\/apuntesdesanluis.com\/#website","url":"https:\/\/apuntesdesanluis.com\/","name":"Apuntes de San Luis","description":"","publisher":{"@id":"https:\/\/apuntesdesanluis.com\/#\/schema\/person\/b55151d52296fcce64d1a72538a70b90"},"potentialAction":[{"@type":"SearchAction","target":{"@type":"EntryPoint","urlTemplate":"https:\/\/apuntesdesanluis.com\/?s={search_term_string}"},"query-input":{"@type":"PropertyValueSpecification","valueRequired":true,"valueName":"search_term_string"}}],"inLanguage":"es-AR"},{"@type":["Person","Organization"],"@id":"https:\/\/apuntesdesanluis.com\/#\/schema\/person\/b55151d52296fcce64d1a72538a70b90","name":"apuntesdesanluis.com","image":{"@type":"ImageObject","inLanguage":"es-AR","@id":"https:\/\/apuntesdesanluis.com\/#\/schema\/person\/image\/","url":"https:\/\/apuntesdesanluis.com\/wp-content\/uploads\/2023\/07\/cropped-apuntesdesanluis.png","contentUrl":"https:\/\/apuntesdesanluis.com\/wp-content\/uploads\/2023\/07\/cropped-apuntesdesanluis.png","width":450,"height":112,"caption":"apuntesdesanluis.com"},"logo":{"@id":"https:\/\/apuntesdesanluis.com\/#\/schema\/person\/image\/"},"sameAs":["https:\/\/apuntesdesanluis.com"],"url":"https:\/\/apuntesdesanluis.com\/index.php\/author\/apuntesdesanluis-com\/"}]}},"featured_image_urls":{"full":["https:\/\/apuntesdesanluis.com\/wp-content\/uploads\/2024\/06\/casa-de-san-luis-salon.png",453,275,false],"thumbnail":["https:\/\/apuntesdesanluis.com\/wp-content\/uploads\/2024\/06\/casa-de-san-luis-salon-150x150.png",150,150,true],"medium":["https:\/\/apuntesdesanluis.com\/wp-content\/uploads\/2024\/06\/casa-de-san-luis-salon-300x182.png",300,182,true],"medium_large":["https:\/\/apuntesdesanluis.com\/wp-content\/uploads\/2024\/06\/casa-de-san-luis-salon.png",453,275,false],"large":["https:\/\/apuntesdesanluis.com\/wp-content\/uploads\/2024\/06\/casa-de-san-luis-salon.png",453,275,false],"1536x1536":["https:\/\/apuntesdesanluis.com\/wp-content\/uploads\/2024\/06\/casa-de-san-luis-salon.png",453,275,false],"2048x2048":["https:\/\/apuntesdesanluis.com\/wp-content\/uploads\/2024\/06\/casa-de-san-luis-salon.png",453,275,false],"newsever-slider-full":["https:\/\/apuntesdesanluis.com\/wp-content\/uploads\/2024\/06\/casa-de-san-luis-salon.png",453,275,false],"newsever-featured":["https:\/\/apuntesdesanluis.com\/wp-content\/uploads\/2024\/06\/casa-de-san-luis-salon.png",453,275,false],"newsever-medium":["https:\/\/apuntesdesanluis.com\/wp-content\/uploads\/2024\/06\/casa-de-san-luis-salon.png",453,275,false]},"author_info":{"display_name":"apuntesdesanluis.com","author_link":"https:\/\/apuntesdesanluis.com\/index.php\/author\/apuntesdesanluis-com\/"},"category_info":"<a href=\"https:\/\/apuntesdesanluis.com\/index.php\/category\/opinion\/\" rel=\"category tag\">Opini\u00f3n<\/a>","tag_info":"Opini\u00f3n","comment_count":"0","_links":{"self":[{"href":"https:\/\/apuntesdesanluis.com\/index.php\/wp-json\/wp\/v2\/posts\/17341","targetHints":{"allow":["GET"]}}],"collection":[{"href":"https:\/\/apuntesdesanluis.com\/index.php\/wp-json\/wp\/v2\/posts"}],"about":[{"href":"https:\/\/apuntesdesanluis.com\/index.php\/wp-json\/wp\/v2\/types\/post"}],"author":[{"embeddable":true,"href":"https:\/\/apuntesdesanluis.com\/index.php\/wp-json\/wp\/v2\/users\/1"}],"replies":[{"embeddable":true,"href":"https:\/\/apuntesdesanluis.com\/index.php\/wp-json\/wp\/v2\/comments?post=17341"}],"version-history":[{"count":5,"href":"https:\/\/apuntesdesanluis.com\/index.php\/wp-json\/wp\/v2\/posts\/17341\/revisions"}],"predecessor-version":[{"id":17351,"href":"https:\/\/apuntesdesanluis.com\/index.php\/wp-json\/wp\/v2\/posts\/17341\/revisions\/17351"}],"wp:featuredmedia":[{"embeddable":true,"href":"https:\/\/apuntesdesanluis.com\/index.php\/wp-json\/wp\/v2\/media\/17342"}],"wp:attachment":[{"href":"https:\/\/apuntesdesanluis.com\/index.php\/wp-json\/wp\/v2\/media?parent=17341"}],"wp:term":[{"taxonomy":"category","embeddable":true,"href":"https:\/\/apuntesdesanluis.com\/index.php\/wp-json\/wp\/v2\/categories?post=17341"},{"taxonomy":"post_tag","embeddable":true,"href":"https:\/\/apuntesdesanluis.com\/index.php\/wp-json\/wp\/v2\/tags?post=17341"}],"curies":[{"name":"wp","href":"https:\/\/api.w.org\/{rel}","templated":true}]}}