{"id":17352,"date":"2024-06-04T19:50:11","date_gmt":"2024-06-04T22:50:11","guid":{"rendered":"https:\/\/apuntesdesanluis.com\/?p=17352"},"modified":"2024-06-04T19:51:07","modified_gmt":"2024-06-04T22:51:07","slug":"un-paso-decisivo-en-la-lucha-contra-la-inseguridad","status":"publish","type":"post","link":"https:\/\/apuntesdesanluis.com\/index.php\/2024\/06\/04\/un-paso-decisivo-en-la-lucha-contra-la-inseguridad\/","title":{"rendered":"UN PASO DECISIVO EN LA LUCHA CONTRA LA INSEGURIDAD"},"content":{"rendered":"<h3>Por <strong>Adolfo Castro Luna *<\/strong><\/h3>\n<h3><img fetchpriority=\"high\" decoding=\"async\" class=\"wp-image-17353 aligncenter\" src=\"https:\/\/apuntesdesanluis.com\/wp-content\/uploads\/2024\/06\/ADOLFO-CASTRO-LUNA-300x273.png\" alt=\"\" width=\"562\" height=\"511\" srcset=\"https:\/\/apuntesdesanluis.com\/wp-content\/uploads\/2024\/06\/ADOLFO-CASTRO-LUNA-300x273.png 300w, https:\/\/apuntesdesanluis.com\/wp-content\/uploads\/2024\/06\/ADOLFO-CASTRO-LUNA.png 561w\" sizes=\"(max-width: 562px) 100vw, 562px\" \/><\/h3>\n<h3>El Senado de la provincia acaba de dar media sanci\u00f3n al proyecto de modificaci\u00f3n del C\u00f3digo Procesal Penal, una norma fundamental en el camino hacia la consolidaci\u00f3n del segundo eje del gobierno del Contador Claudio Poggi: el ataque frontal y directo a la inseguridad.<\/h3>\n<h3>Con este proyecto, el Ejecutivo busca poner fin a la &#8220;puerta giratoria&#8221; de los delincuentes en la justicia. Despu\u00e9s de muchos a\u00f1os de la aplicaci\u00f3n de la doctrina Zaffaroni, estoy convencido de que la modificaci\u00f3n del c\u00f3digo procesal penal de la provincia est\u00e1 en sinton\u00eda con la voluntad de una sociedad cansada de ver a los delincuentes entrar por una puerta y salir por otra.<\/h3>\n<h3>La modificaci\u00f3n introduce dos cuestiones fundamentales. Por un lado, se incorpora el inciso f) en el art\u00edculo 203, el concepto de &#8220;reiterancia&#8221;, que textualmente indica: <em>&#8220;Se presume el riesgo de fuga ante la posibilidad de una condena de prisi\u00f3n de cumplimiento efectivo, la posibilidad de declaraci\u00f3n de reincidencia por delitos dolosos, o en aquellos casos que el imputado hubiera incurrido en reiterancia delictiva, por hab\u00e9rsele formulado cargos por delito doloso en otro proceso&#8221;.<\/em><\/h3>\n<h3>Esto implica que, adem\u00e1s de los tres supuestos que el fiscal debe evaluar para pedir la prisi\u00f3n preventiva del acusado (la posibilidad de fuga, la posibilidad de intervenci\u00f3n en el proceso \u2014como presi\u00f3n sobre testigos, manipulaci\u00f3n de pruebas, etc.\u2014 y la reincidencia \u2014condena previa\u2014), ahora se a\u00f1ade el instrumento de la cantidad de causas abiertas (o reiterancia) que pesen sobre el acusado.<\/h3>\n<h3>Es cuesti\u00f3n de recorrer cualquier barrio de la provincia para encontrarse con vecinos que conocen a quienes los asaltan y, luego de sus aprehensiones, inmediatamente regresan al barrio en pleno goce de su libertad, provocando una enorme frustraci\u00f3n. Lo mismo sucede con los miembros de las fuerzas de seguridad, que ven c\u00f3mo sus esfuerzos en la detenci\u00f3n y elaboraci\u00f3n de documentaci\u00f3n para colaborar con el debido proceso son infructuosos al observar que esos detenidos gozan nuevamente y r\u00e1pidamente de su libertad.<\/h3>\n<h3>Hay numerosos casos de personas que, en los \u00faltimos tres meses de este a\u00f1o, han tenido hasta 3 ingresos a comisar\u00edas por hechos delictivos, como robos o hurtos, y las tres veces se les ha concedido libertad, y seguramente reiterar\u00e1n esa conducta si no es disuadida de alguna manera, la incorporaci\u00f3n del elemento de la reiterancia da un claro mensaje a quienes tienen procesos abiertos para que cesen en su actitud.<\/h3>\n<h3>El otro concepto que introduce el proyecto con media sanci\u00f3n es la modificaci\u00f3n del art\u00edculo 181 del mismo c\u00f3digo. En casos de restituci\u00f3n de propiedades inmuebles usurpadas, ante los elementos proporcionados por sus leg\u00edtimos due\u00f1os, el juez de instrucci\u00f3n en lo penal podr\u00e1 dictar un desalojo en tiempo y forma l\u00f3gicos, dado que actualmente esto recae sobre el fuero civil, demorando entre 5 y hasta 10 a\u00f1os en el dictado de esta medida.<\/h3>\n<h3>Personalmente, considero que la iniciativa del Ejecutivo, acompa\u00f1ada por la mayor\u00eda de los senadores, es un paso en la direcci\u00f3n correcta para otorgarle herramientas al Ministerio P\u00fablico Fiscal en materia de lucha contra el delito y para que las fuerzas de seguridad tengan el respaldo suficiente a la hora de actuar.<\/h3>\n<p>&nbsp;<\/p>\n<h4><span style=\"color: #3366ff;\"><strong><em>* Senador por el Departamento Pedernera<\/em><\/strong><\/span><\/h4>\n<p>&nbsp;<\/p>\n<p>&nbsp;<\/p>\n<p>&nbsp;<\/p>\n<p>&nbsp;<\/p>\n","protected":false},"excerpt":{"rendered":"<p>Por Adolfo Castro Luna * El Senado de la provincia acaba de dar media sanci\u00f3n&#8230;<\/p>\n","protected":false},"author":1,"featured_media":17354,"comment_status":"closed","ping_status":"closed","sticky":false,"template":"","format":"standard","meta":{"footnotes":""},"categories":[9],"tags":[],"class_list":["post-17352","post","type-post","status-publish","format-standard","has-post-thumbnail","hentry","category-opinion"],"yoast_head":"<!-- This site is optimized with the Yoast SEO plugin v26.1.1 - https:\/\/yoast.com\/wordpress\/plugins\/seo\/ -->\n<title>UN PASO DECISIVO EN LA LUCHA CONTRA LA INSEGURIDAD - Apuntes de San Luis<\/title>\n<meta name=\"robots\" content=\"index, follow, max-snippet:-1, max-image-preview:large, max-video-preview:-1\" \/>\n<link rel=\"canonical\" href=\"https:\/\/apuntesdesanluis.com\/index.php\/2024\/06\/04\/un-paso-decisivo-en-la-lucha-contra-la-inseguridad\/\" \/>\n<meta property=\"og:locale\" content=\"es_ES\" \/>\n<meta property=\"og:type\" content=\"article\" \/>\n<meta property=\"og:title\" content=\"UN PASO DECISIVO EN LA LUCHA CONTRA LA INSEGURIDAD - Apuntes de San Luis\" \/>\n<meta property=\"og:description\" content=\"Por Adolfo Castro Luna * El Senado de la provincia acaba de dar media sanci\u00f3n...\" \/>\n<meta property=\"og:url\" content=\"https:\/\/apuntesdesanluis.com\/index.php\/2024\/06\/04\/un-paso-decisivo-en-la-lucha-contra-la-inseguridad\/\" \/>\n<meta property=\"og:site_name\" content=\"Apuntes de San Luis\" \/>\n<meta property=\"article:published_time\" content=\"2024-06-04T22:50:11+00:00\" \/>\n<meta property=\"article:modified_time\" content=\"2024-06-04T22:51:07+00:00\" \/>\n<meta property=\"og:image\" content=\"https:\/\/apuntesdesanluis.com\/wp-content\/uploads\/2024\/06\/CAMARA-DE-SENADORES.png\" \/>\n\t<meta property=\"og:image:width\" content=\"977\" \/>\n\t<meta property=\"og:image:height\" content=\"568\" \/>\n\t<meta property=\"og:image:type\" content=\"image\/png\" \/>\n<meta name=\"author\" content=\"apuntesdesanluis.com\" \/>\n<meta name=\"twitter:card\" content=\"summary_large_image\" \/>\n<meta name=\"twitter:label1\" content=\"Escrito por\" \/>\n\t<meta name=\"twitter:data1\" content=\"apuntesdesanluis.com\" \/>\n\t<meta name=\"twitter:label2\" content=\"Tiempo de lectura\" \/>\n\t<meta name=\"twitter:data2\" content=\"3 minutos\" \/>\n<script type=\"application\/ld+json\" class=\"yoast-schema-graph\">{\"@context\":\"https:\/\/schema.org\",\"@graph\":[{\"@type\":\"Article\",\"@id\":\"https:\/\/apuntesdesanluis.com\/index.php\/2024\/06\/04\/un-paso-decisivo-en-la-lucha-contra-la-inseguridad\/#article\",\"isPartOf\":{\"@id\":\"https:\/\/apuntesdesanluis.com\/index.php\/2024\/06\/04\/un-paso-decisivo-en-la-lucha-contra-la-inseguridad\/\"},\"author\":{\"name\":\"apuntesdesanluis.com\",\"@id\":\"https:\/\/apuntesdesanluis.com\/#\/schema\/person\/b55151d52296fcce64d1a72538a70b90\"},\"headline\":\"UN PASO DECISIVO EN LA LUCHA CONTRA LA INSEGURIDAD\",\"datePublished\":\"2024-06-04T22:50:11+00:00\",\"dateModified\":\"2024-06-04T22:51:07+00:00\",\"mainEntityOfPage\":{\"@id\":\"https:\/\/apuntesdesanluis.com\/index.php\/2024\/06\/04\/un-paso-decisivo-en-la-lucha-contra-la-inseguridad\/\"},\"wordCount\":584,\"publisher\":{\"@id\":\"https:\/\/apuntesdesanluis.com\/#\/schema\/person\/b55151d52296fcce64d1a72538a70b90\"},\"image\":{\"@id\":\"https:\/\/apuntesdesanluis.com\/index.php\/2024\/06\/04\/un-paso-decisivo-en-la-lucha-contra-la-inseguridad\/#primaryimage\"},\"thumbnailUrl\":\"https:\/\/apuntesdesanluis.com\/wp-content\/uploads\/2024\/06\/CAMARA-DE-SENADORES.png\",\"articleSection\":[\"Opini\u00f3n\"],\"inLanguage\":\"es-AR\"},{\"@type\":\"WebPage\",\"@id\":\"https:\/\/apuntesdesanluis.com\/index.php\/2024\/06\/04\/un-paso-decisivo-en-la-lucha-contra-la-inseguridad\/\",\"url\":\"https:\/\/apuntesdesanluis.com\/index.php\/2024\/06\/04\/un-paso-decisivo-en-la-lucha-contra-la-inseguridad\/\",\"name\":\"UN PASO DECISIVO EN LA LUCHA CONTRA LA INSEGURIDAD - Apuntes de San Luis\",\"isPartOf\":{\"@id\":\"https:\/\/apuntesdesanluis.com\/#website\"},\"primaryImageOfPage\":{\"@id\":\"https:\/\/apuntesdesanluis.com\/index.php\/2024\/06\/04\/un-paso-decisivo-en-la-lucha-contra-la-inseguridad\/#primaryimage\"},\"image\":{\"@id\":\"https:\/\/apuntesdesanluis.com\/index.php\/2024\/06\/04\/un-paso-decisivo-en-la-lucha-contra-la-inseguridad\/#primaryimage\"},\"thumbnailUrl\":\"https:\/\/apuntesdesanluis.com\/wp-content\/uploads\/2024\/06\/CAMARA-DE-SENADORES.png\",\"datePublished\":\"2024-06-04T22:50:11+00:00\",\"dateModified\":\"2024-06-04T22:51:07+00:00\",\"breadcrumb\":{\"@id\":\"https:\/\/apuntesdesanluis.com\/index.php\/2024\/06\/04\/un-paso-decisivo-en-la-lucha-contra-la-inseguridad\/#breadcrumb\"},\"inLanguage\":\"es-AR\",\"potentialAction\":[{\"@type\":\"ReadAction\",\"target\":[\"https:\/\/apuntesdesanluis.com\/index.php\/2024\/06\/04\/un-paso-decisivo-en-la-lucha-contra-la-inseguridad\/\"]}]},{\"@type\":\"ImageObject\",\"inLanguage\":\"es-AR\",\"@id\":\"https:\/\/apuntesdesanluis.com\/index.php\/2024\/06\/04\/un-paso-decisivo-en-la-lucha-contra-la-inseguridad\/#primaryimage\",\"url\":\"https:\/\/apuntesdesanluis.com\/wp-content\/uploads\/2024\/06\/CAMARA-DE-SENADORES.png\",\"contentUrl\":\"https:\/\/apuntesdesanluis.com\/wp-content\/uploads\/2024\/06\/CAMARA-DE-SENADORES.png\",\"width\":977,\"height\":568},{\"@type\":\"BreadcrumbList\",\"@id\":\"https:\/\/apuntesdesanluis.com\/index.php\/2024\/06\/04\/un-paso-decisivo-en-la-lucha-contra-la-inseguridad\/#breadcrumb\",\"itemListElement\":[{\"@type\":\"ListItem\",\"position\":1,\"name\":\"Inicio\",\"item\":\"https:\/\/apuntesdesanluis.com\/\"},{\"@type\":\"ListItem\",\"position\":2,\"name\":\"UN PASO DECISIVO EN LA LUCHA CONTRA LA INSEGURIDAD\"}]},{\"@type\":\"WebSite\",\"@id\":\"https:\/\/apuntesdesanluis.com\/#website\",\"url\":\"https:\/\/apuntesdesanluis.com\/\",\"name\":\"Apuntes de San Luis\",\"description\":\"\",\"publisher\":{\"@id\":\"https:\/\/apuntesdesanluis.com\/#\/schema\/person\/b55151d52296fcce64d1a72538a70b90\"},\"potentialAction\":[{\"@type\":\"SearchAction\",\"target\":{\"@type\":\"EntryPoint\",\"urlTemplate\":\"https:\/\/apuntesdesanluis.com\/?s={search_term_string}\"},\"query-input\":{\"@type\":\"PropertyValueSpecification\",\"valueRequired\":true,\"valueName\":\"search_term_string\"}}],\"inLanguage\":\"es-AR\"},{\"@type\":[\"Person\",\"Organization\"],\"@id\":\"https:\/\/apuntesdesanluis.com\/#\/schema\/person\/b55151d52296fcce64d1a72538a70b90\",\"name\":\"apuntesdesanluis.com\",\"image\":{\"@type\":\"ImageObject\",\"inLanguage\":\"es-AR\",\"@id\":\"https:\/\/apuntesdesanluis.com\/#\/schema\/person\/image\/\",\"url\":\"https:\/\/apuntesdesanluis.com\/wp-content\/uploads\/2023\/07\/cropped-apuntesdesanluis.png\",\"contentUrl\":\"https:\/\/apuntesdesanluis.com\/wp-content\/uploads\/2023\/07\/cropped-apuntesdesanluis.png\",\"width\":450,\"height\":112,\"caption\":\"apuntesdesanluis.com\"},\"logo\":{\"@id\":\"https:\/\/apuntesdesanluis.com\/#\/schema\/person\/image\/\"},\"sameAs\":[\"https:\/\/apuntesdesanluis.com\"],\"url\":\"https:\/\/apuntesdesanluis.com\/index.php\/author\/apuntesdesanluis-com\/\"}]}<\/script>\n<!-- \/ Yoast SEO plugin. -->","yoast_head_json":{"title":"UN PASO DECISIVO EN LA LUCHA CONTRA LA INSEGURIDAD - Apuntes de San Luis","robots":{"index":"index","follow":"follow","max-snippet":"max-snippet:-1","max-image-preview":"max-image-preview:large","max-video-preview":"max-video-preview:-1"},"canonical":"https:\/\/apuntesdesanluis.com\/index.php\/2024\/06\/04\/un-paso-decisivo-en-la-lucha-contra-la-inseguridad\/","og_locale":"es_ES","og_type":"article","og_title":"UN PASO DECISIVO EN LA LUCHA CONTRA LA INSEGURIDAD - Apuntes de San Luis","og_description":"Por Adolfo Castro Luna * El Senado de la provincia acaba de dar media sanci\u00f3n...","og_url":"https:\/\/apuntesdesanluis.com\/index.php\/2024\/06\/04\/un-paso-decisivo-en-la-lucha-contra-la-inseguridad\/","og_site_name":"Apuntes de San Luis","article_published_time":"2024-06-04T22:50:11+00:00","article_modified_time":"2024-06-04T22:51:07+00:00","og_image":[{"width":977,"height":568,"url":"https:\/\/apuntesdesanluis.com\/wp-content\/uploads\/2024\/06\/CAMARA-DE-SENADORES.png","type":"image\/png"}],"author":"apuntesdesanluis.com","twitter_card":"summary_large_image","twitter_misc":{"Escrito por":"apuntesdesanluis.com","Tiempo de lectura":"3 minutos"},"schema":{"@context":"https:\/\/schema.org","@graph":[{"@type":"Article","@id":"https:\/\/apuntesdesanluis.com\/index.php\/2024\/06\/04\/un-paso-decisivo-en-la-lucha-contra-la-inseguridad\/#article","isPartOf":{"@id":"https:\/\/apuntesdesanluis.com\/index.php\/2024\/06\/04\/un-paso-decisivo-en-la-lucha-contra-la-inseguridad\/"},"author":{"name":"apuntesdesanluis.com","@id":"https:\/\/apuntesdesanluis.com\/#\/schema\/person\/b55151d52296fcce64d1a72538a70b90"},"headline":"UN PASO DECISIVO EN LA LUCHA CONTRA LA INSEGURIDAD","datePublished":"2024-06-04T22:50:11+00:00","dateModified":"2024-06-04T22:51:07+00:00","mainEntityOfPage":{"@id":"https:\/\/apuntesdesanluis.com\/index.php\/2024\/06\/04\/un-paso-decisivo-en-la-lucha-contra-la-inseguridad\/"},"wordCount":584,"publisher":{"@id":"https:\/\/apuntesdesanluis.com\/#\/schema\/person\/b55151d52296fcce64d1a72538a70b90"},"image":{"@id":"https:\/\/apuntesdesanluis.com\/index.php\/2024\/06\/04\/un-paso-decisivo-en-la-lucha-contra-la-inseguridad\/#primaryimage"},"thumbnailUrl":"https:\/\/apuntesdesanluis.com\/wp-content\/uploads\/2024\/06\/CAMARA-DE-SENADORES.png","articleSection":["Opini\u00f3n"],"inLanguage":"es-AR"},{"@type":"WebPage","@id":"https:\/\/apuntesdesanluis.com\/index.php\/2024\/06\/04\/un-paso-decisivo-en-la-lucha-contra-la-inseguridad\/","url":"https:\/\/apuntesdesanluis.com\/index.php\/2024\/06\/04\/un-paso-decisivo-en-la-lucha-contra-la-inseguridad\/","name":"UN PASO DECISIVO EN LA LUCHA CONTRA LA INSEGURIDAD - Apuntes de San Luis","isPartOf":{"@id":"https:\/\/apuntesdesanluis.com\/#website"},"primaryImageOfPage":{"@id":"https:\/\/apuntesdesanluis.com\/index.php\/2024\/06\/04\/un-paso-decisivo-en-la-lucha-contra-la-inseguridad\/#primaryimage"},"image":{"@id":"https:\/\/apuntesdesanluis.com\/index.php\/2024\/06\/04\/un-paso-decisivo-en-la-lucha-contra-la-inseguridad\/#primaryimage"},"thumbnailUrl":"https:\/\/apuntesdesanluis.com\/wp-content\/uploads\/2024\/06\/CAMARA-DE-SENADORES.png","datePublished":"2024-06-04T22:50:11+00:00","dateModified":"2024-06-04T22:51:07+00:00","breadcrumb":{"@id":"https:\/\/apuntesdesanluis.com\/index.php\/2024\/06\/04\/un-paso-decisivo-en-la-lucha-contra-la-inseguridad\/#breadcrumb"},"inLanguage":"es-AR","potentialAction":[{"@type":"ReadAction","target":["https:\/\/apuntesdesanluis.com\/index.php\/2024\/06\/04\/un-paso-decisivo-en-la-lucha-contra-la-inseguridad\/"]}]},{"@type":"ImageObject","inLanguage":"es-AR","@id":"https:\/\/apuntesdesanluis.com\/index.php\/2024\/06\/04\/un-paso-decisivo-en-la-lucha-contra-la-inseguridad\/#primaryimage","url":"https:\/\/apuntesdesanluis.com\/wp-content\/uploads\/2024\/06\/CAMARA-DE-SENADORES.png","contentUrl":"https:\/\/apuntesdesanluis.com\/wp-content\/uploads\/2024\/06\/CAMARA-DE-SENADORES.png","width":977,"height":568},{"@type":"BreadcrumbList","@id":"https:\/\/apuntesdesanluis.com\/index.php\/2024\/06\/04\/un-paso-decisivo-en-la-lucha-contra-la-inseguridad\/#breadcrumb","itemListElement":[{"@type":"ListItem","position":1,"name":"Inicio","item":"https:\/\/apuntesdesanluis.com\/"},{"@type":"ListItem","position":2,"name":"UN PASO DECISIVO EN LA LUCHA CONTRA LA INSEGURIDAD"}]},{"@type":"WebSite","@id":"https:\/\/apuntesdesanluis.com\/#website","url":"https:\/\/apuntesdesanluis.com\/","name":"Apuntes de San Luis","description":"","publisher":{"@id":"https:\/\/apuntesdesanluis.com\/#\/schema\/person\/b55151d52296fcce64d1a72538a70b90"},"potentialAction":[{"@type":"SearchAction","target":{"@type":"EntryPoint","urlTemplate":"https:\/\/apuntesdesanluis.com\/?s={search_term_string}"},"query-input":{"@type":"PropertyValueSpecification","valueRequired":true,"valueName":"search_term_string"}}],"inLanguage":"es-AR"},{"@type":["Person","Organization"],"@id":"https:\/\/apuntesdesanluis.com\/#\/schema\/person\/b55151d52296fcce64d1a72538a70b90","name":"apuntesdesanluis.com","image":{"@type":"ImageObject","inLanguage":"es-AR","@id":"https:\/\/apuntesdesanluis.com\/#\/schema\/person\/image\/","url":"https:\/\/apuntesdesanluis.com\/wp-content\/uploads\/2023\/07\/cropped-apuntesdesanluis.png","contentUrl":"https:\/\/apuntesdesanluis.com\/wp-content\/uploads\/2023\/07\/cropped-apuntesdesanluis.png","width":450,"height":112,"caption":"apuntesdesanluis.com"},"logo":{"@id":"https:\/\/apuntesdesanluis.com\/#\/schema\/person\/image\/"},"sameAs":["https:\/\/apuntesdesanluis.com"],"url":"https:\/\/apuntesdesanluis.com\/index.php\/author\/apuntesdesanluis-com\/"}]}},"featured_image_urls":{"full":["https:\/\/apuntesdesanluis.com\/wp-content\/uploads\/2024\/06\/CAMARA-DE-SENADORES.png",977,568,false],"thumbnail":["https:\/\/apuntesdesanluis.com\/wp-content\/uploads\/2024\/06\/CAMARA-DE-SENADORES-150x150.png",150,150,true],"medium":["https:\/\/apuntesdesanluis.com\/wp-content\/uploads\/2024\/06\/CAMARA-DE-SENADORES-300x174.png",300,174,true],"medium_large":["https:\/\/apuntesdesanluis.com\/wp-content\/uploads\/2024\/06\/CAMARA-DE-SENADORES-768x446.png",640,372,true],"large":["https:\/\/apuntesdesanluis.com\/wp-content\/uploads\/2024\/06\/CAMARA-DE-SENADORES.png",640,372,false],"1536x1536":["https:\/\/apuntesdesanluis.com\/wp-content\/uploads\/2024\/06\/CAMARA-DE-SENADORES.png",977,568,false],"2048x2048":["https:\/\/apuntesdesanluis.com\/wp-content\/uploads\/2024\/06\/CAMARA-DE-SENADORES.png",977,568,false],"newsever-slider-full":["https:\/\/apuntesdesanluis.com\/wp-content\/uploads\/2024\/06\/CAMARA-DE-SENADORES.png",977,568,false],"newsever-featured":["https:\/\/apuntesdesanluis.com\/wp-content\/uploads\/2024\/06\/CAMARA-DE-SENADORES.png",977,568,false],"newsever-medium":["https:\/\/apuntesdesanluis.com\/wp-content\/uploads\/2024\/06\/CAMARA-DE-SENADORES-720x475.png",720,475,true]},"author_info":{"display_name":"apuntesdesanluis.com","author_link":"https:\/\/apuntesdesanluis.com\/index.php\/author\/apuntesdesanluis-com\/"},"category_info":"<a href=\"https:\/\/apuntesdesanluis.com\/index.php\/category\/opinion\/\" rel=\"category tag\">Opini\u00f3n<\/a>","tag_info":"Opini\u00f3n","comment_count":"0","_links":{"self":[{"href":"https:\/\/apuntesdesanluis.com\/index.php\/wp-json\/wp\/v2\/posts\/17352","targetHints":{"allow":["GET"]}}],"collection":[{"href":"https:\/\/apuntesdesanluis.com\/index.php\/wp-json\/wp\/v2\/posts"}],"about":[{"href":"https:\/\/apuntesdesanluis.com\/index.php\/wp-json\/wp\/v2\/types\/post"}],"author":[{"embeddable":true,"href":"https:\/\/apuntesdesanluis.com\/index.php\/wp-json\/wp\/v2\/users\/1"}],"replies":[{"embeddable":true,"href":"https:\/\/apuntesdesanluis.com\/index.php\/wp-json\/wp\/v2\/comments?post=17352"}],"version-history":[{"count":3,"href":"https:\/\/apuntesdesanluis.com\/index.php\/wp-json\/wp\/v2\/posts\/17352\/revisions"}],"predecessor-version":[{"id":17357,"href":"https:\/\/apuntesdesanluis.com\/index.php\/wp-json\/wp\/v2\/posts\/17352\/revisions\/17357"}],"wp:featuredmedia":[{"embeddable":true,"href":"https:\/\/apuntesdesanluis.com\/index.php\/wp-json\/wp\/v2\/media\/17354"}],"wp:attachment":[{"href":"https:\/\/apuntesdesanluis.com\/index.php\/wp-json\/wp\/v2\/media?parent=17352"}],"wp:term":[{"taxonomy":"category","embeddable":true,"href":"https:\/\/apuntesdesanluis.com\/index.php\/wp-json\/wp\/v2\/categories?post=17352"},{"taxonomy":"post_tag","embeddable":true,"href":"https:\/\/apuntesdesanluis.com\/index.php\/wp-json\/wp\/v2\/tags?post=17352"}],"curies":[{"name":"wp","href":"https:\/\/api.w.org\/{rel}","templated":true}]}}