{"id":17358,"date":"2024-06-04T20:12:34","date_gmt":"2024-06-04T23:12:34","guid":{"rendered":"https:\/\/apuntesdesanluis.com\/?p=17358"},"modified":"2024-06-04T20:12:34","modified_gmt":"2024-06-04T23:12:34","slug":"quedo-inaugurado-el-nuevo-edificio-del-juzgado-federal-de-villa-mercedes","status":"publish","type":"post","link":"https:\/\/apuntesdesanluis.com\/index.php\/2024\/06\/04\/quedo-inaugurado-el-nuevo-edificio-del-juzgado-federal-de-villa-mercedes\/","title":{"rendered":"QUED\u00d3 INAUGURADO EL NUEVO EDIFICIO DEL JUZGADO FEDERAL DE VILLA MERCEDES"},"content":{"rendered":"<h3>La nueva sede ubicada en Mitre 559 fue formalmente inaugurada este martes al mediod\u00eda, con el corte de cinta a cargo del juez federal <strong>Juan Carlos Nacul<\/strong>.<\/h3>\n<h3>El acto cont\u00f3 con la presencia del Dr. <strong>Alberto Nanzer<\/strong>, Subsecretario de Pol\u00edtica Criminal del Ministerio de Justicia de la Naci\u00f3n; el gobernador <strong>Claudio Poggi<\/strong>, el intendente municipal <strong>Maximiliano Frontera<\/strong>, representantes del Superior Tribunal de Justicia de la provincia, el rector de la UNViMe <strong>Marcelo Sosa<\/strong> y autoridades de la justicia federal de San Luis, Mendoza y San Juan.<\/h3>\n<p><img fetchpriority=\"high\" decoding=\"async\" class=\"wp-image-17359 aligncenter\" src=\"https:\/\/apuntesdesanluis.com\/wp-content\/uploads\/2024\/06\/SALUDOS-300x118.png\" alt=\"\" width=\"595\" height=\"234\" srcset=\"https:\/\/apuntesdesanluis.com\/wp-content\/uploads\/2024\/06\/SALUDOS-300x118.png 300w, https:\/\/apuntesdesanluis.com\/wp-content\/uploads\/2024\/06\/SALUDOS.png 570w\" sizes=\"(max-width: 595px) 100vw, 595px\" \/><\/p>\n<h3>Tambi\u00e9n asisti\u00f3 como invitado especial el abogado y dirigente <strong>Julio Piumatto<\/strong>, Secretario General de la Uni\u00f3n de Empleados Judiciales de la naci\u00f3n.<\/h3>\n<h3>Los instrumentos de la banda musical de la V Brigada A\u00e9rea rompieron el silencio del mediod\u00eda en Villa Mercedes para recibir al gobernador y numerosos funcionarios que lo acompa\u00f1an en la gira institucional que realiz\u00f3 por localidades del Departamento Pedernera.<\/h3>\n<h3>Tras los saludos protocolares, entonaron las estrofas del Himno Nacional y luego Nacul dio unas palabras de bienvenida. \u201cHoy es un d\u00eda tan especial, de mucha felicidad, mucha emoci\u00f3n. Cientos de recuerdos pasan en este momento como una memoria fotogr\u00e1fica. Hoy, 4 de junio de 2024, marca un hito trascendental en la puesta en marcha de este Juzgado Federal de Villa Mercedes. Este es un d\u00eda muy importante en mi vida porque significa la culminaci\u00f3n de todo un proceso que llev\u00f3 a\u00f1os\u201d, expres\u00f3 el juez Nacul, e hizo un repaso de lo que implic\u00f3 llegar a tener un flamante espacio propio.<\/h3>\n<h3>\u00a0<img decoding=\"async\" class=\"wp-image-17361 aligncenter\" src=\"https:\/\/apuntesdesanluis.com\/wp-content\/uploads\/2024\/06\/autoridades-300x180.png\" alt=\"\" width=\"712\" height=\"427\" srcset=\"https:\/\/apuntesdesanluis.com\/wp-content\/uploads\/2024\/06\/autoridades-300x180.png 300w, https:\/\/apuntesdesanluis.com\/wp-content\/uploads\/2024\/06\/autoridades.png 600w\" sizes=\"(max-width: 712px) 100vw, 712px\" \/><\/h3>\n<h3>\u201cAgradecido eternamente por el gesto de la Provincia, por el gesto del Superior Tribunal de Justicia que nos aguant\u00f3 m\u00e1s de cuatro a\u00f1os\u201d, expres\u00f3.<\/h3>\n<h3>Luego hicieron entrega de presentes, entre ellos banderas de ceremonia y placas recordatorias. Tras la firma del acta fundacional y el corte de cinta, el padre Alejandro Salinas bendijo las instalaciones y a todos los que trabajan en el juzgado \u201cpara que procuren el bien general de toda la sociedad\u201d, dijo.<\/h3>\n<p><iframe title=\"Inaguraci\u00f3n del Juzgado Federal en Villa Mercedes\" width=\"640\" height=\"360\" src=\"https:\/\/www.youtube.com\/embed\/piUoMNj1xTU?feature=oembed\" frameborder=\"0\" allow=\"accelerometer; autoplay; clipboard-write; encrypted-media; gyroscope; picture-in-picture; web-share\" referrerpolicy=\"strict-origin-when-cross-origin\" allowfullscreen><\/iframe><\/p>\n<p>&nbsp;<\/p>\n<p>&nbsp;<\/p>\n<p>&nbsp;<\/p>\n<p>&nbsp;<\/p>\n","protected":false},"excerpt":{"rendered":"<p>La nueva sede ubicada en Mitre 559 fue formalmente inaugurada este martes al mediod\u00eda, con&#8230;<\/p>\n","protected":false},"author":1,"featured_media":17360,"comment_status":"closed","ping_status":"closed","sticky":false,"template":"","format":"standard","meta":{"footnotes":""},"categories":[6],"tags":[],"class_list":["post-17358","post","type-post","status-publish","format-standard","has-post-thumbnail","hentry","category-ciudad-provincia"],"yoast_head":"<!-- This site is optimized with the Yoast SEO plugin v26.1.1 - https:\/\/yoast.com\/wordpress\/plugins\/seo\/ -->\n<title>QUED\u00d3 INAUGURADO EL NUEVO EDIFICIO DEL JUZGADO FEDERAL DE VILLA MERCEDES - Apuntes de San Luis<\/title>\n<meta name=\"robots\" content=\"index, follow, max-snippet:-1, max-image-preview:large, max-video-preview:-1\" \/>\n<link rel=\"canonical\" href=\"https:\/\/apuntesdesanluis.com\/index.php\/2024\/06\/04\/quedo-inaugurado-el-nuevo-edificio-del-juzgado-federal-de-villa-mercedes\/\" \/>\n<meta property=\"og:locale\" content=\"es_ES\" \/>\n<meta property=\"og:type\" content=\"article\" \/>\n<meta property=\"og:title\" content=\"QUED\u00d3 INAUGURADO EL NUEVO EDIFICIO DEL JUZGADO FEDERAL DE VILLA MERCEDES - Apuntes de San Luis\" \/>\n<meta property=\"og:description\" content=\"La nueva sede ubicada en Mitre 559 fue formalmente inaugurada este martes al mediod\u00eda, con...\" \/>\n<meta property=\"og:url\" content=\"https:\/\/apuntesdesanluis.com\/index.php\/2024\/06\/04\/quedo-inaugurado-el-nuevo-edificio-del-juzgado-federal-de-villa-mercedes\/\" \/>\n<meta property=\"og:site_name\" content=\"Apuntes de San Luis\" \/>\n<meta property=\"article:published_time\" content=\"2024-06-04T23:12:34+00:00\" \/>\n<meta property=\"og:image\" content=\"https:\/\/apuntesdesanluis.com\/wp-content\/uploads\/2024\/06\/CORTE-DE-CINTAS.png\" \/>\n\t<meta property=\"og:image:width\" content=\"923\" \/>\n\t<meta property=\"og:image:height\" content=\"562\" \/>\n\t<meta property=\"og:image:type\" content=\"image\/png\" \/>\n<meta name=\"author\" content=\"apuntesdesanluis.com\" \/>\n<meta name=\"twitter:card\" content=\"summary_large_image\" \/>\n<meta name=\"twitter:label1\" content=\"Escrito por\" \/>\n\t<meta name=\"twitter:data1\" content=\"apuntesdesanluis.com\" \/>\n\t<meta name=\"twitter:label2\" content=\"Tiempo de lectura\" \/>\n\t<meta name=\"twitter:data2\" content=\"3 minutos\" \/>\n<script type=\"application\/ld+json\" class=\"yoast-schema-graph\">{\"@context\":\"https:\/\/schema.org\",\"@graph\":[{\"@type\":\"Article\",\"@id\":\"https:\/\/apuntesdesanluis.com\/index.php\/2024\/06\/04\/quedo-inaugurado-el-nuevo-edificio-del-juzgado-federal-de-villa-mercedes\/#article\",\"isPartOf\":{\"@id\":\"https:\/\/apuntesdesanluis.com\/index.php\/2024\/06\/04\/quedo-inaugurado-el-nuevo-edificio-del-juzgado-federal-de-villa-mercedes\/\"},\"author\":{\"name\":\"apuntesdesanluis.com\",\"@id\":\"https:\/\/apuntesdesanluis.com\/#\/schema\/person\/b55151d52296fcce64d1a72538a70b90\"},\"headline\":\"QUED\u00d3 INAUGURADO EL NUEVO EDIFICIO DEL JUZGADO FEDERAL DE VILLA MERCEDES\",\"datePublished\":\"2024-06-04T23:12:34+00:00\",\"mainEntityOfPage\":{\"@id\":\"https:\/\/apuntesdesanluis.com\/index.php\/2024\/06\/04\/quedo-inaugurado-el-nuevo-edificio-del-juzgado-federal-de-villa-mercedes\/\"},\"wordCount\":360,\"publisher\":{\"@id\":\"https:\/\/apuntesdesanluis.com\/#\/schema\/person\/b55151d52296fcce64d1a72538a70b90\"},\"image\":{\"@id\":\"https:\/\/apuntesdesanluis.com\/index.php\/2024\/06\/04\/quedo-inaugurado-el-nuevo-edificio-del-juzgado-federal-de-villa-mercedes\/#primaryimage\"},\"thumbnailUrl\":\"https:\/\/apuntesdesanluis.com\/wp-content\/uploads\/2024\/06\/CORTE-DE-CINTAS.png\",\"articleSection\":[\"Ciudad\/Provincia\"],\"inLanguage\":\"es-AR\"},{\"@type\":\"WebPage\",\"@id\":\"https:\/\/apuntesdesanluis.com\/index.php\/2024\/06\/04\/quedo-inaugurado-el-nuevo-edificio-del-juzgado-federal-de-villa-mercedes\/\",\"url\":\"https:\/\/apuntesdesanluis.com\/index.php\/2024\/06\/04\/quedo-inaugurado-el-nuevo-edificio-del-juzgado-federal-de-villa-mercedes\/\",\"name\":\"QUED\u00d3 INAUGURADO EL NUEVO EDIFICIO DEL JUZGADO FEDERAL DE VILLA MERCEDES - Apuntes de San Luis\",\"isPartOf\":{\"@id\":\"https:\/\/apuntesdesanluis.com\/#website\"},\"primaryImageOfPage\":{\"@id\":\"https:\/\/apuntesdesanluis.com\/index.php\/2024\/06\/04\/quedo-inaugurado-el-nuevo-edificio-del-juzgado-federal-de-villa-mercedes\/#primaryimage\"},\"image\":{\"@id\":\"https:\/\/apuntesdesanluis.com\/index.php\/2024\/06\/04\/quedo-inaugurado-el-nuevo-edificio-del-juzgado-federal-de-villa-mercedes\/#primaryimage\"},\"thumbnailUrl\":\"https:\/\/apuntesdesanluis.com\/wp-content\/uploads\/2024\/06\/CORTE-DE-CINTAS.png\",\"datePublished\":\"2024-06-04T23:12:34+00:00\",\"breadcrumb\":{\"@id\":\"https:\/\/apuntesdesanluis.com\/index.php\/2024\/06\/04\/quedo-inaugurado-el-nuevo-edificio-del-juzgado-federal-de-villa-mercedes\/#breadcrumb\"},\"inLanguage\":\"es-AR\",\"potentialAction\":[{\"@type\":\"ReadAction\",\"target\":[\"https:\/\/apuntesdesanluis.com\/index.php\/2024\/06\/04\/quedo-inaugurado-el-nuevo-edificio-del-juzgado-federal-de-villa-mercedes\/\"]}]},{\"@type\":\"ImageObject\",\"inLanguage\":\"es-AR\",\"@id\":\"https:\/\/apuntesdesanluis.com\/index.php\/2024\/06\/04\/quedo-inaugurado-el-nuevo-edificio-del-juzgado-federal-de-villa-mercedes\/#primaryimage\",\"url\":\"https:\/\/apuntesdesanluis.com\/wp-content\/uploads\/2024\/06\/CORTE-DE-CINTAS.png\",\"contentUrl\":\"https:\/\/apuntesdesanluis.com\/wp-content\/uploads\/2024\/06\/CORTE-DE-CINTAS.png\",\"width\":923,\"height\":562},{\"@type\":\"BreadcrumbList\",\"@id\":\"https:\/\/apuntesdesanluis.com\/index.php\/2024\/06\/04\/quedo-inaugurado-el-nuevo-edificio-del-juzgado-federal-de-villa-mercedes\/#breadcrumb\",\"itemListElement\":[{\"@type\":\"ListItem\",\"position\":1,\"name\":\"Inicio\",\"item\":\"https:\/\/apuntesdesanluis.com\/\"},{\"@type\":\"ListItem\",\"position\":2,\"name\":\"QUED\u00d3 INAUGURADO EL NUEVO EDIFICIO DEL JUZGADO FEDERAL DE VILLA MERCEDES\"}]},{\"@type\":\"WebSite\",\"@id\":\"https:\/\/apuntesdesanluis.com\/#website\",\"url\":\"https:\/\/apuntesdesanluis.com\/\",\"name\":\"Apuntes de San Luis\",\"description\":\"\",\"publisher\":{\"@id\":\"https:\/\/apuntesdesanluis.com\/#\/schema\/person\/b55151d52296fcce64d1a72538a70b90\"},\"potentialAction\":[{\"@type\":\"SearchAction\",\"target\":{\"@type\":\"EntryPoint\",\"urlTemplate\":\"https:\/\/apuntesdesanluis.com\/?s={search_term_string}\"},\"query-input\":{\"@type\":\"PropertyValueSpecification\",\"valueRequired\":true,\"valueName\":\"search_term_string\"}}],\"inLanguage\":\"es-AR\"},{\"@type\":[\"Person\",\"Organization\"],\"@id\":\"https:\/\/apuntesdesanluis.com\/#\/schema\/person\/b55151d52296fcce64d1a72538a70b90\",\"name\":\"apuntesdesanluis.com\",\"image\":{\"@type\":\"ImageObject\",\"inLanguage\":\"es-AR\",\"@id\":\"https:\/\/apuntesdesanluis.com\/#\/schema\/person\/image\/\",\"url\":\"https:\/\/apuntesdesanluis.com\/wp-content\/uploads\/2023\/07\/cropped-apuntesdesanluis.png\",\"contentUrl\":\"https:\/\/apuntesdesanluis.com\/wp-content\/uploads\/2023\/07\/cropped-apuntesdesanluis.png\",\"width\":450,\"height\":112,\"caption\":\"apuntesdesanluis.com\"},\"logo\":{\"@id\":\"https:\/\/apuntesdesanluis.com\/#\/schema\/person\/image\/\"},\"sameAs\":[\"https:\/\/apuntesdesanluis.com\"],\"url\":\"https:\/\/apuntesdesanluis.com\/index.php\/author\/apuntesdesanluis-com\/\"}]}<\/script>\n<!-- \/ Yoast SEO plugin. -->","yoast_head_json":{"title":"QUED\u00d3 INAUGURADO EL NUEVO EDIFICIO DEL JUZGADO FEDERAL DE VILLA MERCEDES - Apuntes de San Luis","robots":{"index":"index","follow":"follow","max-snippet":"max-snippet:-1","max-image-preview":"max-image-preview:large","max-video-preview":"max-video-preview:-1"},"canonical":"https:\/\/apuntesdesanluis.com\/index.php\/2024\/06\/04\/quedo-inaugurado-el-nuevo-edificio-del-juzgado-federal-de-villa-mercedes\/","og_locale":"es_ES","og_type":"article","og_title":"QUED\u00d3 INAUGURADO EL NUEVO EDIFICIO DEL JUZGADO FEDERAL DE VILLA MERCEDES - Apuntes de San Luis","og_description":"La nueva sede ubicada en Mitre 559 fue formalmente inaugurada este martes al mediod\u00eda, con...","og_url":"https:\/\/apuntesdesanluis.com\/index.php\/2024\/06\/04\/quedo-inaugurado-el-nuevo-edificio-del-juzgado-federal-de-villa-mercedes\/","og_site_name":"Apuntes de San Luis","article_published_time":"2024-06-04T23:12:34+00:00","og_image":[{"width":923,"height":562,"url":"https:\/\/apuntesdesanluis.com\/wp-content\/uploads\/2024\/06\/CORTE-DE-CINTAS.png","type":"image\/png"}],"author":"apuntesdesanluis.com","twitter_card":"summary_large_image","twitter_misc":{"Escrito por":"apuntesdesanluis.com","Tiempo de lectura":"3 minutos"},"schema":{"@context":"https:\/\/schema.org","@graph":[{"@type":"Article","@id":"https:\/\/apuntesdesanluis.com\/index.php\/2024\/06\/04\/quedo-inaugurado-el-nuevo-edificio-del-juzgado-federal-de-villa-mercedes\/#article","isPartOf":{"@id":"https:\/\/apuntesdesanluis.com\/index.php\/2024\/06\/04\/quedo-inaugurado-el-nuevo-edificio-del-juzgado-federal-de-villa-mercedes\/"},"author":{"name":"apuntesdesanluis.com","@id":"https:\/\/apuntesdesanluis.com\/#\/schema\/person\/b55151d52296fcce64d1a72538a70b90"},"headline":"QUED\u00d3 INAUGURADO EL NUEVO EDIFICIO DEL JUZGADO FEDERAL DE VILLA MERCEDES","datePublished":"2024-06-04T23:12:34+00:00","mainEntityOfPage":{"@id":"https:\/\/apuntesdesanluis.com\/index.php\/2024\/06\/04\/quedo-inaugurado-el-nuevo-edificio-del-juzgado-federal-de-villa-mercedes\/"},"wordCount":360,"publisher":{"@id":"https:\/\/apuntesdesanluis.com\/#\/schema\/person\/b55151d52296fcce64d1a72538a70b90"},"image":{"@id":"https:\/\/apuntesdesanluis.com\/index.php\/2024\/06\/04\/quedo-inaugurado-el-nuevo-edificio-del-juzgado-federal-de-villa-mercedes\/#primaryimage"},"thumbnailUrl":"https:\/\/apuntesdesanluis.com\/wp-content\/uploads\/2024\/06\/CORTE-DE-CINTAS.png","articleSection":["Ciudad\/Provincia"],"inLanguage":"es-AR"},{"@type":"WebPage","@id":"https:\/\/apuntesdesanluis.com\/index.php\/2024\/06\/04\/quedo-inaugurado-el-nuevo-edificio-del-juzgado-federal-de-villa-mercedes\/","url":"https:\/\/apuntesdesanluis.com\/index.php\/2024\/06\/04\/quedo-inaugurado-el-nuevo-edificio-del-juzgado-federal-de-villa-mercedes\/","name":"QUED\u00d3 INAUGURADO EL NUEVO EDIFICIO DEL JUZGADO FEDERAL DE VILLA MERCEDES - Apuntes de San Luis","isPartOf":{"@id":"https:\/\/apuntesdesanluis.com\/#website"},"primaryImageOfPage":{"@id":"https:\/\/apuntesdesanluis.com\/index.php\/2024\/06\/04\/quedo-inaugurado-el-nuevo-edificio-del-juzgado-federal-de-villa-mercedes\/#primaryimage"},"image":{"@id":"https:\/\/apuntesdesanluis.com\/index.php\/2024\/06\/04\/quedo-inaugurado-el-nuevo-edificio-del-juzgado-federal-de-villa-mercedes\/#primaryimage"},"thumbnailUrl":"https:\/\/apuntesdesanluis.com\/wp-content\/uploads\/2024\/06\/CORTE-DE-CINTAS.png","datePublished":"2024-06-04T23:12:34+00:00","breadcrumb":{"@id":"https:\/\/apuntesdesanluis.com\/index.php\/2024\/06\/04\/quedo-inaugurado-el-nuevo-edificio-del-juzgado-federal-de-villa-mercedes\/#breadcrumb"},"inLanguage":"es-AR","potentialAction":[{"@type":"ReadAction","target":["https:\/\/apuntesdesanluis.com\/index.php\/2024\/06\/04\/quedo-inaugurado-el-nuevo-edificio-del-juzgado-federal-de-villa-mercedes\/"]}]},{"@type":"ImageObject","inLanguage":"es-AR","@id":"https:\/\/apuntesdesanluis.com\/index.php\/2024\/06\/04\/quedo-inaugurado-el-nuevo-edificio-del-juzgado-federal-de-villa-mercedes\/#primaryimage","url":"https:\/\/apuntesdesanluis.com\/wp-content\/uploads\/2024\/06\/CORTE-DE-CINTAS.png","contentUrl":"https:\/\/apuntesdesanluis.com\/wp-content\/uploads\/2024\/06\/CORTE-DE-CINTAS.png","width":923,"height":562},{"@type":"BreadcrumbList","@id":"https:\/\/apuntesdesanluis.com\/index.php\/2024\/06\/04\/quedo-inaugurado-el-nuevo-edificio-del-juzgado-federal-de-villa-mercedes\/#breadcrumb","itemListElement":[{"@type":"ListItem","position":1,"name":"Inicio","item":"https:\/\/apuntesdesanluis.com\/"},{"@type":"ListItem","position":2,"name":"QUED\u00d3 INAUGURADO EL NUEVO EDIFICIO DEL JUZGADO FEDERAL DE VILLA MERCEDES"}]},{"@type":"WebSite","@id":"https:\/\/apuntesdesanluis.com\/#website","url":"https:\/\/apuntesdesanluis.com\/","name":"Apuntes de San Luis","description":"","publisher":{"@id":"https:\/\/apuntesdesanluis.com\/#\/schema\/person\/b55151d52296fcce64d1a72538a70b90"},"potentialAction":[{"@type":"SearchAction","target":{"@type":"EntryPoint","urlTemplate":"https:\/\/apuntesdesanluis.com\/?s={search_term_string}"},"query-input":{"@type":"PropertyValueSpecification","valueRequired":true,"valueName":"search_term_string"}}],"inLanguage":"es-AR"},{"@type":["Person","Organization"],"@id":"https:\/\/apuntesdesanluis.com\/#\/schema\/person\/b55151d52296fcce64d1a72538a70b90","name":"apuntesdesanluis.com","image":{"@type":"ImageObject","inLanguage":"es-AR","@id":"https:\/\/apuntesdesanluis.com\/#\/schema\/person\/image\/","url":"https:\/\/apuntesdesanluis.com\/wp-content\/uploads\/2023\/07\/cropped-apuntesdesanluis.png","contentUrl":"https:\/\/apuntesdesanluis.com\/wp-content\/uploads\/2023\/07\/cropped-apuntesdesanluis.png","width":450,"height":112,"caption":"apuntesdesanluis.com"},"logo":{"@id":"https:\/\/apuntesdesanluis.com\/#\/schema\/person\/image\/"},"sameAs":["https:\/\/apuntesdesanluis.com"],"url":"https:\/\/apuntesdesanluis.com\/index.php\/author\/apuntesdesanluis-com\/"}]}},"featured_image_urls":{"full":["https:\/\/apuntesdesanluis.com\/wp-content\/uploads\/2024\/06\/CORTE-DE-CINTAS.png",923,562,false],"thumbnail":["https:\/\/apuntesdesanluis.com\/wp-content\/uploads\/2024\/06\/CORTE-DE-CINTAS-150x150.png",150,150,true],"medium":["https:\/\/apuntesdesanluis.com\/wp-content\/uploads\/2024\/06\/CORTE-DE-CINTAS-300x183.png",300,183,true],"medium_large":["https:\/\/apuntesdesanluis.com\/wp-content\/uploads\/2024\/06\/CORTE-DE-CINTAS-768x468.png",640,390,true],"large":["https:\/\/apuntesdesanluis.com\/wp-content\/uploads\/2024\/06\/CORTE-DE-CINTAS.png",640,390,false],"1536x1536":["https:\/\/apuntesdesanluis.com\/wp-content\/uploads\/2024\/06\/CORTE-DE-CINTAS.png",923,562,false],"2048x2048":["https:\/\/apuntesdesanluis.com\/wp-content\/uploads\/2024\/06\/CORTE-DE-CINTAS.png",923,562,false],"newsever-slider-full":["https:\/\/apuntesdesanluis.com\/wp-content\/uploads\/2024\/06\/CORTE-DE-CINTAS.png",923,562,false],"newsever-featured":["https:\/\/apuntesdesanluis.com\/wp-content\/uploads\/2024\/06\/CORTE-DE-CINTAS.png",923,562,false],"newsever-medium":["https:\/\/apuntesdesanluis.com\/wp-content\/uploads\/2024\/06\/CORTE-DE-CINTAS-720x475.png",720,475,true]},"author_info":{"display_name":"apuntesdesanluis.com","author_link":"https:\/\/apuntesdesanluis.com\/index.php\/author\/apuntesdesanluis-com\/"},"category_info":"<a href=\"https:\/\/apuntesdesanluis.com\/index.php\/category\/ciudad-provincia\/\" rel=\"category tag\">Ciudad\/Provincia<\/a>","tag_info":"Ciudad\/Provincia","comment_count":"0","_links":{"self":[{"href":"https:\/\/apuntesdesanluis.com\/index.php\/wp-json\/wp\/v2\/posts\/17358","targetHints":{"allow":["GET"]}}],"collection":[{"href":"https:\/\/apuntesdesanluis.com\/index.php\/wp-json\/wp\/v2\/posts"}],"about":[{"href":"https:\/\/apuntesdesanluis.com\/index.php\/wp-json\/wp\/v2\/types\/post"}],"author":[{"embeddable":true,"href":"https:\/\/apuntesdesanluis.com\/index.php\/wp-json\/wp\/v2\/users\/1"}],"replies":[{"embeddable":true,"href":"https:\/\/apuntesdesanluis.com\/index.php\/wp-json\/wp\/v2\/comments?post=17358"}],"version-history":[{"count":1,"href":"https:\/\/apuntesdesanluis.com\/index.php\/wp-json\/wp\/v2\/posts\/17358\/revisions"}],"predecessor-version":[{"id":17362,"href":"https:\/\/apuntesdesanluis.com\/index.php\/wp-json\/wp\/v2\/posts\/17358\/revisions\/17362"}],"wp:featuredmedia":[{"embeddable":true,"href":"https:\/\/apuntesdesanluis.com\/index.php\/wp-json\/wp\/v2\/media\/17360"}],"wp:attachment":[{"href":"https:\/\/apuntesdesanluis.com\/index.php\/wp-json\/wp\/v2\/media?parent=17358"}],"wp:term":[{"taxonomy":"category","embeddable":true,"href":"https:\/\/apuntesdesanluis.com\/index.php\/wp-json\/wp\/v2\/categories?post=17358"},{"taxonomy":"post_tag","embeddable":true,"href":"https:\/\/apuntesdesanluis.com\/index.php\/wp-json\/wp\/v2\/tags?post=17358"}],"curies":[{"name":"wp","href":"https:\/\/api.w.org\/{rel}","templated":true}]}}