{"id":17382,"date":"2024-06-04T21:24:09","date_gmt":"2024-06-05T00:24:09","guid":{"rendered":"https:\/\/apuntesdesanluis.com\/?p=17382"},"modified":"2024-06-04T21:24:09","modified_gmt":"2024-06-05T00:24:09","slug":"cuneo-libarona-denuncio-a-dos-periodistas-por-instigacion-a-cometer-delitos","status":"publish","type":"post","link":"https:\/\/apuntesdesanluis.com\/index.php\/2024\/06\/04\/cuneo-libarona-denuncio-a-dos-periodistas-por-instigacion-a-cometer-delitos\/","title":{"rendered":"C\u00daNEO LIBARONA DENUNCI\u00d3 A DOS PERIODISTAS POR \u201cINSTIGACI\u00d3N A COMETER DELITOS\u201d"},"content":{"rendered":"<h3>El ministro de Justicia,<strong> Mariano C\u00faneo Libarona<\/strong>, denunci\u00f3 penalmente a los periodistas <strong>Dar\u00edo Villarruel<\/strong> y <strong>Nancy Pazos<\/strong> por \u201cinstigaci\u00f3n a cometer delitos\u201d.<\/h3>\n<h3>La agencia Noticias Argentinas consult\u00f3 con fuentes del Ministerio para determinar cu\u00e1les son los hechos imputados a los periodistas, pero hasta el momento de la redacci\u00f3n de este despacho no obtuvo respuestas.<\/h3>\n<h3>Ambas denuncias est\u00e1n consignadas a t\u00edtulo personal por C\u00faneo Libarona y no invocan al Ministerio.<\/h3>\n<p><img fetchpriority=\"high\" decoding=\"async\" class=\"wp-image-17383 aligncenter\" src=\"https:\/\/apuntesdesanluis.com\/wp-content\/uploads\/2024\/06\/CUNEO-300x173.png\" alt=\"\" width=\"657\" height=\"379\" srcset=\"https:\/\/apuntesdesanluis.com\/wp-content\/uploads\/2024\/06\/CUNEO-300x173.png 300w, https:\/\/apuntesdesanluis.com\/wp-content\/uploads\/2024\/06\/CUNEO-768x442.png 768w, https:\/\/apuntesdesanluis.com\/wp-content\/uploads\/2024\/06\/CUNEO.png 784w\" sizes=\"(max-width: 657px) 100vw, 657px\" \/><\/p>\n<h3>La denuncia contra Pazos qued\u00f3 registrada con el n\u00famero 2129\/2024 y recay\u00f3 por sorteo en el juzgado federal a cargo de Ariel Lijo, el candidato del gobierno a ocupar una de las dos vacantes de la Corte Suprema. En esa denuncia intervendr\u00e1 el fiscal Ramiro Gonz\u00e1lez.<\/h3>\n<h3>Pazos trabaja actualmente en las radios Mega y 10 y en los canales de TV Telef\u00e9 y C5N.<\/h3>\n<h3>En tanto, la denuncia contra Villarruel, por el mismo delito, qued\u00f3 registrada con el n\u00famero 2106\/2024 y recay\u00f3 en el juzgado federal n\u00famero dos, a cargo de Sebasti\u00e1n Ramos. En ese expediente, el fiscal ser\u00e1 Eduardo Taiano.<\/h3>\n<h3>En declaraciones a Radio Splendid, Villarruel dijo: &#8220;No entiendo, no fue tan contundente el editorial para que busquen amedrentarme mediante este mecanismo. (\u2026) Esto va a ser un derrotero judicial y medi\u00e1tico. Muchos periodistas van a tener miedo&#8221;.<\/h3>\n<h3>En ese contexto, reconoci\u00f3 que desconoce el contenido de la denuncia, pero advirti\u00f3: &#8220;En un gobierno en el que rige la palabra \u2018libertad\u2019, ejerciendo el periodismo y siendo abogado, estoy totalmente anonadado desde el punto de vista jur\u00eddico&#8221;.<\/h3>\n<h3>Villarruel trabaja actualmente en las radios 10 y El Destape y en el canal de noticias C5N.<\/h3>\n<h3><strong>POL\u00c9MICA POR LOS ALIMENTOS<\/strong><\/h3>\n<h3>Si bien no se conocen los detalles por los que el ministro de Justicia denunci\u00f3 a Villarruel, la presentaci\u00f3n judicial se da en el marco del conflicto por los alimentos acopiados en dos dep\u00f3sitos del Ministerio de Capital Humano y luego que el periodista se\u00f1alara en una editorial que la gente \u201cno iba a morirse de hambre sin hacer nada\u201d.<\/h3>\n<h3>En la editorial que se\u00f1ala la denuncia de C\u00faneo, Villarruel expres\u00f3: \u201c\u00bfSab\u00e9s lo que va a hacer la gente para no morirse de hambre? Va a ir a Tucum\u00e1n, va a ir a Villa Martelli. Ojal\u00e1 que lo organicen r\u00e1pido, ojal\u00e1 que lo organicen los pol\u00edticos, un gobernador, un intendente, un diputado o un senador. Ojo, porque el Presidente no est\u00e1 cumpliendo con la manda de Estado de generar bienestar para la poblaci\u00f3n, pero la comida est\u00e1 ah\u00ed alcance de la mano\u201d.<\/h3>\n<h3>Y continu\u00f3: \u201cPor ahora el Estado la tiene escondida, pero \u00bfsabe qu\u00e9? los supermercados la tienen a simple vista\u201d. M\u00e1s tarde cerr\u00f3: \u201cLe pregunto a usted qu\u00e9 es m\u00e1s f\u00e1cil para la gente que tiene hambre: \u00bfir a buscar la comida a los supermercados o ir a buscar la comida que tiene secuestrada el Estado de Javier Milei?\u201d.<\/h3>\n<h3>En declaraciones radiales con AM750, el periodista Villarruel se\u00f1al\u00f3: \u201cEst\u00e1 la denuncia porque est\u00e1 el registro. S\u00e9 que es por instigaci\u00f3n a cometer delitos. No s\u00e9 con qu\u00e9 pude haber instigado al delito con mis comentarios en este contexto pol\u00edtico\u201d. Y agreg\u00f3: \u201cJam\u00e1s tuve una sola denuncia por calumnias en mi carrera. Estoy sorprendido\u201d.<\/h3>\n<h3>En ese contexto, reconoci\u00f3 que desconoce el contenido de la denuncia, pero advirti\u00f3: \u00abEn un gobierno en el que rige la palabra \u2018libertad\u2019, ejerciendo el periodismo y siendo abogado, estoy totalmente anonadado desde el punto de vista jur\u00eddico\u00bb.<\/h3>\n<h3>En el caso de Nancy Pazos, la periodista tambi\u00e9n realiz\u00f3 este martes un descargo en su editorial en Radio 10, e interpel\u00f3 al ministro de Justicia y al presidente. En su editorial expres\u00f3: \u201cMilei explic\u00f3 que no ten\u00eda por qu\u00e9 resolver las externalidades negativas del consumo. La externalidad negativa son \u2018los que no consumen, es decir, los pobres, los que no venden ni compran\u2019. Si el Presidente dice \u2018que se arreglen ellos\u2019, los que \u2018se van a morir de hambre\u2019, yo dije \u2018la verdad, esta gente tiene un mont\u00f3n de alimentos en galpones que compramos entre todos algo parecido a decir si van a buscar los alimentos yo los aplaudo\u2019. Esto fue una construcci\u00f3n intelectual sobre lo que dijo Milei. Que el problema del hambre no era un problema de \u00e9l\u201d.<\/h3>\n<h3>Y a\u00f1adi\u00f3: \u201cYo no quiero ser una hero\u00edna ni la protagonista de la informaci\u00f3n, s\u00f3lo quiero hacer mi laburo. Presidente, que su ministro de Justicia me lleve a tribunales, es coartar mi libertad de opini\u00f3n. Me est\u00e1n enjuiciando por opinar y es un absurdo. No me gusta estar en esta situaci\u00f3n. Me da miedo. Lo de C\u00faneo Libarona es amedrentamiento\u201d.<\/h3>\n<p>&nbsp;<\/p>\n<p>&nbsp;<\/p>\n<p>&nbsp;<\/p>\n<p>&nbsp;<\/p>\n<p>&nbsp;<\/p>\n<p>&nbsp;<\/p>\n","protected":false},"excerpt":{"rendered":"<p>El ministro de Justicia, Mariano C\u00faneo Libarona, denunci\u00f3 penalmente a los periodistas Dar\u00edo Villarruel y&#8230;<\/p>\n","protected":false},"author":1,"featured_media":17384,"comment_status":"closed","ping_status":"closed","sticky":false,"template":"","format":"standard","meta":{"footnotes":""},"categories":[5],"tags":[],"class_list":["post-17382","post","type-post","status-publish","format-standard","has-post-thumbnail","hentry","category-nacionales-internacionales"],"yoast_head":"<!-- This site is optimized with the Yoast SEO plugin v26.1.1 - https:\/\/yoast.com\/wordpress\/plugins\/seo\/ -->\n<title>C\u00daNEO LIBARONA DENUNCI\u00d3 A DOS PERIODISTAS POR \u201cINSTIGACI\u00d3N A COMETER DELITOS\u201d - Apuntes de San Luis<\/title>\n<meta name=\"robots\" content=\"index, follow, max-snippet:-1, max-image-preview:large, max-video-preview:-1\" \/>\n<link rel=\"canonical\" href=\"https:\/\/apuntesdesanluis.com\/index.php\/2024\/06\/04\/cuneo-libarona-denuncio-a-dos-periodistas-por-instigacion-a-cometer-delitos\/\" \/>\n<meta property=\"og:locale\" content=\"es_ES\" \/>\n<meta property=\"og:type\" content=\"article\" \/>\n<meta property=\"og:title\" content=\"C\u00daNEO LIBARONA DENUNCI\u00d3 A DOS PERIODISTAS POR \u201cINSTIGACI\u00d3N A COMETER DELITOS\u201d - Apuntes de San Luis\" \/>\n<meta property=\"og:description\" content=\"El ministro de Justicia, Mariano C\u00faneo Libarona, denunci\u00f3 penalmente a los periodistas Dar\u00edo Villarruel y...\" \/>\n<meta property=\"og:url\" content=\"https:\/\/apuntesdesanluis.com\/index.php\/2024\/06\/04\/cuneo-libarona-denuncio-a-dos-periodistas-por-instigacion-a-cometer-delitos\/\" \/>\n<meta property=\"og:site_name\" content=\"Apuntes de San Luis\" \/>\n<meta property=\"article:published_time\" content=\"2024-06-05T00:24:09+00:00\" \/>\n<meta property=\"og:image\" content=\"https:\/\/apuntesdesanluis.com\/wp-content\/uploads\/2024\/06\/CUNEO-Y-PERIODISTAS.png\" \/>\n\t<meta property=\"og:image:width\" content=\"719\" \/>\n\t<meta property=\"og:image:height\" content=\"392\" \/>\n\t<meta property=\"og:image:type\" content=\"image\/png\" \/>\n<meta name=\"author\" content=\"apuntesdesanluis.com\" \/>\n<meta name=\"twitter:card\" content=\"summary_large_image\" \/>\n<meta name=\"twitter:label1\" content=\"Escrito por\" \/>\n\t<meta name=\"twitter:data1\" content=\"apuntesdesanluis.com\" \/>\n\t<meta name=\"twitter:label2\" content=\"Tiempo de lectura\" \/>\n\t<meta name=\"twitter:data2\" content=\"4 minutos\" \/>\n<script type=\"application\/ld+json\" class=\"yoast-schema-graph\">{\"@context\":\"https:\/\/schema.org\",\"@graph\":[{\"@type\":\"Article\",\"@id\":\"https:\/\/apuntesdesanluis.com\/index.php\/2024\/06\/04\/cuneo-libarona-denuncio-a-dos-periodistas-por-instigacion-a-cometer-delitos\/#article\",\"isPartOf\":{\"@id\":\"https:\/\/apuntesdesanluis.com\/index.php\/2024\/06\/04\/cuneo-libarona-denuncio-a-dos-periodistas-por-instigacion-a-cometer-delitos\/\"},\"author\":{\"name\":\"apuntesdesanluis.com\",\"@id\":\"https:\/\/apuntesdesanluis.com\/#\/schema\/person\/b55151d52296fcce64d1a72538a70b90\"},\"headline\":\"C\u00daNEO LIBARONA DENUNCI\u00d3 A DOS PERIODISTAS POR \u201cINSTIGACI\u00d3N A COMETER DELITOS\u201d\",\"datePublished\":\"2024-06-05T00:24:09+00:00\",\"mainEntityOfPage\":{\"@id\":\"https:\/\/apuntesdesanluis.com\/index.php\/2024\/06\/04\/cuneo-libarona-denuncio-a-dos-periodistas-por-instigacion-a-cometer-delitos\/\"},\"wordCount\":811,\"publisher\":{\"@id\":\"https:\/\/apuntesdesanluis.com\/#\/schema\/person\/b55151d52296fcce64d1a72538a70b90\"},\"image\":{\"@id\":\"https:\/\/apuntesdesanluis.com\/index.php\/2024\/06\/04\/cuneo-libarona-denuncio-a-dos-periodistas-por-instigacion-a-cometer-delitos\/#primaryimage\"},\"thumbnailUrl\":\"https:\/\/apuntesdesanluis.com\/wp-content\/uploads\/2024\/06\/CUNEO-Y-PERIODISTAS.png\",\"articleSection\":[\"Nacionales\/Internacionales\"],\"inLanguage\":\"es-AR\"},{\"@type\":\"WebPage\",\"@id\":\"https:\/\/apuntesdesanluis.com\/index.php\/2024\/06\/04\/cuneo-libarona-denuncio-a-dos-periodistas-por-instigacion-a-cometer-delitos\/\",\"url\":\"https:\/\/apuntesdesanluis.com\/index.php\/2024\/06\/04\/cuneo-libarona-denuncio-a-dos-periodistas-por-instigacion-a-cometer-delitos\/\",\"name\":\"C\u00daNEO LIBARONA DENUNCI\u00d3 A DOS PERIODISTAS POR \u201cINSTIGACI\u00d3N A COMETER DELITOS\u201d - Apuntes de San Luis\",\"isPartOf\":{\"@id\":\"https:\/\/apuntesdesanluis.com\/#website\"},\"primaryImageOfPage\":{\"@id\":\"https:\/\/apuntesdesanluis.com\/index.php\/2024\/06\/04\/cuneo-libarona-denuncio-a-dos-periodistas-por-instigacion-a-cometer-delitos\/#primaryimage\"},\"image\":{\"@id\":\"https:\/\/apuntesdesanluis.com\/index.php\/2024\/06\/04\/cuneo-libarona-denuncio-a-dos-periodistas-por-instigacion-a-cometer-delitos\/#primaryimage\"},\"thumbnailUrl\":\"https:\/\/apuntesdesanluis.com\/wp-content\/uploads\/2024\/06\/CUNEO-Y-PERIODISTAS.png\",\"datePublished\":\"2024-06-05T00:24:09+00:00\",\"breadcrumb\":{\"@id\":\"https:\/\/apuntesdesanluis.com\/index.php\/2024\/06\/04\/cuneo-libarona-denuncio-a-dos-periodistas-por-instigacion-a-cometer-delitos\/#breadcrumb\"},\"inLanguage\":\"es-AR\",\"potentialAction\":[{\"@type\":\"ReadAction\",\"target\":[\"https:\/\/apuntesdesanluis.com\/index.php\/2024\/06\/04\/cuneo-libarona-denuncio-a-dos-periodistas-por-instigacion-a-cometer-delitos\/\"]}]},{\"@type\":\"ImageObject\",\"inLanguage\":\"es-AR\",\"@id\":\"https:\/\/apuntesdesanluis.com\/index.php\/2024\/06\/04\/cuneo-libarona-denuncio-a-dos-periodistas-por-instigacion-a-cometer-delitos\/#primaryimage\",\"url\":\"https:\/\/apuntesdesanluis.com\/wp-content\/uploads\/2024\/06\/CUNEO-Y-PERIODISTAS.png\",\"contentUrl\":\"https:\/\/apuntesdesanluis.com\/wp-content\/uploads\/2024\/06\/CUNEO-Y-PERIODISTAS.png\",\"width\":719,\"height\":392},{\"@type\":\"BreadcrumbList\",\"@id\":\"https:\/\/apuntesdesanluis.com\/index.php\/2024\/06\/04\/cuneo-libarona-denuncio-a-dos-periodistas-por-instigacion-a-cometer-delitos\/#breadcrumb\",\"itemListElement\":[{\"@type\":\"ListItem\",\"position\":1,\"name\":\"Inicio\",\"item\":\"https:\/\/apuntesdesanluis.com\/\"},{\"@type\":\"ListItem\",\"position\":2,\"name\":\"C\u00daNEO LIBARONA DENUNCI\u00d3 A DOS PERIODISTAS POR \u201cINSTIGACI\u00d3N A COMETER DELITOS\u201d\"}]},{\"@type\":\"WebSite\",\"@id\":\"https:\/\/apuntesdesanluis.com\/#website\",\"url\":\"https:\/\/apuntesdesanluis.com\/\",\"name\":\"Apuntes de San Luis\",\"description\":\"\",\"publisher\":{\"@id\":\"https:\/\/apuntesdesanluis.com\/#\/schema\/person\/b55151d52296fcce64d1a72538a70b90\"},\"potentialAction\":[{\"@type\":\"SearchAction\",\"target\":{\"@type\":\"EntryPoint\",\"urlTemplate\":\"https:\/\/apuntesdesanluis.com\/?s={search_term_string}\"},\"query-input\":{\"@type\":\"PropertyValueSpecification\",\"valueRequired\":true,\"valueName\":\"search_term_string\"}}],\"inLanguage\":\"es-AR\"},{\"@type\":[\"Person\",\"Organization\"],\"@id\":\"https:\/\/apuntesdesanluis.com\/#\/schema\/person\/b55151d52296fcce64d1a72538a70b90\",\"name\":\"apuntesdesanluis.com\",\"image\":{\"@type\":\"ImageObject\",\"inLanguage\":\"es-AR\",\"@id\":\"https:\/\/apuntesdesanluis.com\/#\/schema\/person\/image\/\",\"url\":\"https:\/\/apuntesdesanluis.com\/wp-content\/uploads\/2023\/07\/cropped-apuntesdesanluis.png\",\"contentUrl\":\"https:\/\/apuntesdesanluis.com\/wp-content\/uploads\/2023\/07\/cropped-apuntesdesanluis.png\",\"width\":450,\"height\":112,\"caption\":\"apuntesdesanluis.com\"},\"logo\":{\"@id\":\"https:\/\/apuntesdesanluis.com\/#\/schema\/person\/image\/\"},\"sameAs\":[\"https:\/\/apuntesdesanluis.com\"],\"url\":\"https:\/\/apuntesdesanluis.com\/index.php\/author\/apuntesdesanluis-com\/\"}]}<\/script>\n<!-- \/ Yoast SEO plugin. -->","yoast_head_json":{"title":"C\u00daNEO LIBARONA DENUNCI\u00d3 A DOS PERIODISTAS POR \u201cINSTIGACI\u00d3N A COMETER DELITOS\u201d - Apuntes de San Luis","robots":{"index":"index","follow":"follow","max-snippet":"max-snippet:-1","max-image-preview":"max-image-preview:large","max-video-preview":"max-video-preview:-1"},"canonical":"https:\/\/apuntesdesanluis.com\/index.php\/2024\/06\/04\/cuneo-libarona-denuncio-a-dos-periodistas-por-instigacion-a-cometer-delitos\/","og_locale":"es_ES","og_type":"article","og_title":"C\u00daNEO LIBARONA DENUNCI\u00d3 A DOS PERIODISTAS POR \u201cINSTIGACI\u00d3N A COMETER DELITOS\u201d - Apuntes de San Luis","og_description":"El ministro de Justicia, Mariano C\u00faneo Libarona, denunci\u00f3 penalmente a los periodistas Dar\u00edo Villarruel y...","og_url":"https:\/\/apuntesdesanluis.com\/index.php\/2024\/06\/04\/cuneo-libarona-denuncio-a-dos-periodistas-por-instigacion-a-cometer-delitos\/","og_site_name":"Apuntes de San Luis","article_published_time":"2024-06-05T00:24:09+00:00","og_image":[{"width":719,"height":392,"url":"https:\/\/apuntesdesanluis.com\/wp-content\/uploads\/2024\/06\/CUNEO-Y-PERIODISTAS.png","type":"image\/png"}],"author":"apuntesdesanluis.com","twitter_card":"summary_large_image","twitter_misc":{"Escrito por":"apuntesdesanluis.com","Tiempo de lectura":"4 minutos"},"schema":{"@context":"https:\/\/schema.org","@graph":[{"@type":"Article","@id":"https:\/\/apuntesdesanluis.com\/index.php\/2024\/06\/04\/cuneo-libarona-denuncio-a-dos-periodistas-por-instigacion-a-cometer-delitos\/#article","isPartOf":{"@id":"https:\/\/apuntesdesanluis.com\/index.php\/2024\/06\/04\/cuneo-libarona-denuncio-a-dos-periodistas-por-instigacion-a-cometer-delitos\/"},"author":{"name":"apuntesdesanluis.com","@id":"https:\/\/apuntesdesanluis.com\/#\/schema\/person\/b55151d52296fcce64d1a72538a70b90"},"headline":"C\u00daNEO LIBARONA DENUNCI\u00d3 A DOS PERIODISTAS POR \u201cINSTIGACI\u00d3N A COMETER DELITOS\u201d","datePublished":"2024-06-05T00:24:09+00:00","mainEntityOfPage":{"@id":"https:\/\/apuntesdesanluis.com\/index.php\/2024\/06\/04\/cuneo-libarona-denuncio-a-dos-periodistas-por-instigacion-a-cometer-delitos\/"},"wordCount":811,"publisher":{"@id":"https:\/\/apuntesdesanluis.com\/#\/schema\/person\/b55151d52296fcce64d1a72538a70b90"},"image":{"@id":"https:\/\/apuntesdesanluis.com\/index.php\/2024\/06\/04\/cuneo-libarona-denuncio-a-dos-periodistas-por-instigacion-a-cometer-delitos\/#primaryimage"},"thumbnailUrl":"https:\/\/apuntesdesanluis.com\/wp-content\/uploads\/2024\/06\/CUNEO-Y-PERIODISTAS.png","articleSection":["Nacionales\/Internacionales"],"inLanguage":"es-AR"},{"@type":"WebPage","@id":"https:\/\/apuntesdesanluis.com\/index.php\/2024\/06\/04\/cuneo-libarona-denuncio-a-dos-periodistas-por-instigacion-a-cometer-delitos\/","url":"https:\/\/apuntesdesanluis.com\/index.php\/2024\/06\/04\/cuneo-libarona-denuncio-a-dos-periodistas-por-instigacion-a-cometer-delitos\/","name":"C\u00daNEO LIBARONA DENUNCI\u00d3 A DOS PERIODISTAS POR \u201cINSTIGACI\u00d3N A COMETER DELITOS\u201d - Apuntes de San Luis","isPartOf":{"@id":"https:\/\/apuntesdesanluis.com\/#website"},"primaryImageOfPage":{"@id":"https:\/\/apuntesdesanluis.com\/index.php\/2024\/06\/04\/cuneo-libarona-denuncio-a-dos-periodistas-por-instigacion-a-cometer-delitos\/#primaryimage"},"image":{"@id":"https:\/\/apuntesdesanluis.com\/index.php\/2024\/06\/04\/cuneo-libarona-denuncio-a-dos-periodistas-por-instigacion-a-cometer-delitos\/#primaryimage"},"thumbnailUrl":"https:\/\/apuntesdesanluis.com\/wp-content\/uploads\/2024\/06\/CUNEO-Y-PERIODISTAS.png","datePublished":"2024-06-05T00:24:09+00:00","breadcrumb":{"@id":"https:\/\/apuntesdesanluis.com\/index.php\/2024\/06\/04\/cuneo-libarona-denuncio-a-dos-periodistas-por-instigacion-a-cometer-delitos\/#breadcrumb"},"inLanguage":"es-AR","potentialAction":[{"@type":"ReadAction","target":["https:\/\/apuntesdesanluis.com\/index.php\/2024\/06\/04\/cuneo-libarona-denuncio-a-dos-periodistas-por-instigacion-a-cometer-delitos\/"]}]},{"@type":"ImageObject","inLanguage":"es-AR","@id":"https:\/\/apuntesdesanluis.com\/index.php\/2024\/06\/04\/cuneo-libarona-denuncio-a-dos-periodistas-por-instigacion-a-cometer-delitos\/#primaryimage","url":"https:\/\/apuntesdesanluis.com\/wp-content\/uploads\/2024\/06\/CUNEO-Y-PERIODISTAS.png","contentUrl":"https:\/\/apuntesdesanluis.com\/wp-content\/uploads\/2024\/06\/CUNEO-Y-PERIODISTAS.png","width":719,"height":392},{"@type":"BreadcrumbList","@id":"https:\/\/apuntesdesanluis.com\/index.php\/2024\/06\/04\/cuneo-libarona-denuncio-a-dos-periodistas-por-instigacion-a-cometer-delitos\/#breadcrumb","itemListElement":[{"@type":"ListItem","position":1,"name":"Inicio","item":"https:\/\/apuntesdesanluis.com\/"},{"@type":"ListItem","position":2,"name":"C\u00daNEO LIBARONA DENUNCI\u00d3 A DOS PERIODISTAS POR \u201cINSTIGACI\u00d3N A COMETER DELITOS\u201d"}]},{"@type":"WebSite","@id":"https:\/\/apuntesdesanluis.com\/#website","url":"https:\/\/apuntesdesanluis.com\/","name":"Apuntes de San Luis","description":"","publisher":{"@id":"https:\/\/apuntesdesanluis.com\/#\/schema\/person\/b55151d52296fcce64d1a72538a70b90"},"potentialAction":[{"@type":"SearchAction","target":{"@type":"EntryPoint","urlTemplate":"https:\/\/apuntesdesanluis.com\/?s={search_term_string}"},"query-input":{"@type":"PropertyValueSpecification","valueRequired":true,"valueName":"search_term_string"}}],"inLanguage":"es-AR"},{"@type":["Person","Organization"],"@id":"https:\/\/apuntesdesanluis.com\/#\/schema\/person\/b55151d52296fcce64d1a72538a70b90","name":"apuntesdesanluis.com","image":{"@type":"ImageObject","inLanguage":"es-AR","@id":"https:\/\/apuntesdesanluis.com\/#\/schema\/person\/image\/","url":"https:\/\/apuntesdesanluis.com\/wp-content\/uploads\/2023\/07\/cropped-apuntesdesanluis.png","contentUrl":"https:\/\/apuntesdesanluis.com\/wp-content\/uploads\/2023\/07\/cropped-apuntesdesanluis.png","width":450,"height":112,"caption":"apuntesdesanluis.com"},"logo":{"@id":"https:\/\/apuntesdesanluis.com\/#\/schema\/person\/image\/"},"sameAs":["https:\/\/apuntesdesanluis.com"],"url":"https:\/\/apuntesdesanluis.com\/index.php\/author\/apuntesdesanluis-com\/"}]}},"featured_image_urls":{"full":["https:\/\/apuntesdesanluis.com\/wp-content\/uploads\/2024\/06\/CUNEO-Y-PERIODISTAS.png",719,392,false],"thumbnail":["https:\/\/apuntesdesanluis.com\/wp-content\/uploads\/2024\/06\/CUNEO-Y-PERIODISTAS-150x150.png",150,150,true],"medium":["https:\/\/apuntesdesanluis.com\/wp-content\/uploads\/2024\/06\/CUNEO-Y-PERIODISTAS-300x164.png",300,164,true],"medium_large":["https:\/\/apuntesdesanluis.com\/wp-content\/uploads\/2024\/06\/CUNEO-Y-PERIODISTAS.png",640,349,false],"large":["https:\/\/apuntesdesanluis.com\/wp-content\/uploads\/2024\/06\/CUNEO-Y-PERIODISTAS.png",640,349,false],"1536x1536":["https:\/\/apuntesdesanluis.com\/wp-content\/uploads\/2024\/06\/CUNEO-Y-PERIODISTAS.png",719,392,false],"2048x2048":["https:\/\/apuntesdesanluis.com\/wp-content\/uploads\/2024\/06\/CUNEO-Y-PERIODISTAS.png",719,392,false],"newsever-slider-full":["https:\/\/apuntesdesanluis.com\/wp-content\/uploads\/2024\/06\/CUNEO-Y-PERIODISTAS.png",719,392,false],"newsever-featured":["https:\/\/apuntesdesanluis.com\/wp-content\/uploads\/2024\/06\/CUNEO-Y-PERIODISTAS.png",719,392,false],"newsever-medium":["https:\/\/apuntesdesanluis.com\/wp-content\/uploads\/2024\/06\/CUNEO-Y-PERIODISTAS.png",719,392,false]},"author_info":{"display_name":"apuntesdesanluis.com","author_link":"https:\/\/apuntesdesanluis.com\/index.php\/author\/apuntesdesanluis-com\/"},"category_info":"<a href=\"https:\/\/apuntesdesanluis.com\/index.php\/category\/nacionales-internacionales\/\" rel=\"category tag\">Nacionales\/Internacionales<\/a>","tag_info":"Nacionales\/Internacionales","comment_count":"0","_links":{"self":[{"href":"https:\/\/apuntesdesanluis.com\/index.php\/wp-json\/wp\/v2\/posts\/17382","targetHints":{"allow":["GET"]}}],"collection":[{"href":"https:\/\/apuntesdesanluis.com\/index.php\/wp-json\/wp\/v2\/posts"}],"about":[{"href":"https:\/\/apuntesdesanluis.com\/index.php\/wp-json\/wp\/v2\/types\/post"}],"author":[{"embeddable":true,"href":"https:\/\/apuntesdesanluis.com\/index.php\/wp-json\/wp\/v2\/users\/1"}],"replies":[{"embeddable":true,"href":"https:\/\/apuntesdesanluis.com\/index.php\/wp-json\/wp\/v2\/comments?post=17382"}],"version-history":[{"count":1,"href":"https:\/\/apuntesdesanluis.com\/index.php\/wp-json\/wp\/v2\/posts\/17382\/revisions"}],"predecessor-version":[{"id":17385,"href":"https:\/\/apuntesdesanluis.com\/index.php\/wp-json\/wp\/v2\/posts\/17382\/revisions\/17385"}],"wp:featuredmedia":[{"embeddable":true,"href":"https:\/\/apuntesdesanluis.com\/index.php\/wp-json\/wp\/v2\/media\/17384"}],"wp:attachment":[{"href":"https:\/\/apuntesdesanluis.com\/index.php\/wp-json\/wp\/v2\/media?parent=17382"}],"wp:term":[{"taxonomy":"category","embeddable":true,"href":"https:\/\/apuntesdesanluis.com\/index.php\/wp-json\/wp\/v2\/categories?post=17382"},{"taxonomy":"post_tag","embeddable":true,"href":"https:\/\/apuntesdesanluis.com\/index.php\/wp-json\/wp\/v2\/tags?post=17382"}],"curies":[{"name":"wp","href":"https:\/\/api.w.org\/{rel}","templated":true}]}}