{"id":1739,"date":"2023-08-17T20:59:01","date_gmt":"2023-08-17T23:59:01","guid":{"rendered":"https:\/\/apuntesdesanluis.com\/?p=1739"},"modified":"2023-08-17T20:59:01","modified_gmt":"2023-08-17T23:59:01","slug":"emotivo-tributo-en-justo-daract-en-el-tradicional-homenaje-a-jose-de-san-martin","status":"publish","type":"post","link":"https:\/\/apuntesdesanluis.com\/index.php\/2023\/08\/17\/emotivo-tributo-en-justo-daract-en-el-tradicional-homenaje-a-jose-de-san-martin\/","title":{"rendered":"EMOTIVO TRIBUTO EN JUSTO DARACT EN EL TRADICIONAL HOMENAJE A JOS\u00c9 DE SAN MART\u00cdN"},"content":{"rendered":"<h3><span>El jueves por la tarde, un espect\u00e1culo lleno de color y tradici\u00f3n se despleg\u00f3 en la Avenida Hip\u00f3lito Yrigoyen, circundando la Plaza San Mart\u00edn, cuando los habitantes locales y grupos gauchescos se unieron en un vibrante desfile. Con ansias palpables, las familias se sumaron al paso de las distintas instituciones.<\/span><\/h3>\n<h3><span>La jornada, largamente esperada por la comunidad, se inici\u00f3 temprano, incluso a pesar del fr\u00edo, con los preparativos para rendir homenaje al Padre de la Patria. Como ya es costumbre, los vecinos aplaudieron con fervor a los centros educativos, grupos sociales, equipos deportivos y expresiones art\u00edsticas que recorrieron las principales arterias de la urbe.<\/span><\/h3>\n<h3><span>La apertura del desfile estuvo a cargo del Centro Tradicionalista Gaucho &#8220;Franco C. Sombra&#8221; de Justo Daract. El l\u00edder de la agrupaci\u00f3n, Ismael Sombra, emocionado, comparti\u00f3 su felicidad por participar en este evento: &#8220;Hace doce a\u00f1os que fundamos esta asociaci\u00f3n, que en la actualidad cuenta con 25 miembros de todas las edades&#8221;. Para Ismael, uno de los veteranos del grupo, el d\u00eda es sumamente especial, ya que desfila junto a su agrupaci\u00f3n mientras recuerda a su hijo, quien tendr\u00e1 en esa misma fecha. &#8220;Es una emoci\u00f3n profunda estar en nuestro pueblo, en un grupo de gauchos que se esfuerza por preservar esta valiosa tradici\u00f3n&#8221;, manifest\u00f3 con sinceridad.<\/span><\/h3>\n<p><img fetchpriority=\"high\" decoding=\"async\" class=\"wp-image-1741 aligncenter\" src=\"https:\/\/apuntesdesanluis.com\/wp-content\/uploads\/2023\/08\/DESFILE-DARACT-300x179.png\" alt=\"\" width=\"731\" height=\"436\" srcset=\"https:\/\/apuntesdesanluis.com\/wp-content\/uploads\/2023\/08\/DESFILE-DARACT-300x179.png 300w, https:\/\/apuntesdesanluis.com\/wp-content\/uploads\/2023\/08\/DESFILE-DARACT-1024x610.png 1024w, https:\/\/apuntesdesanluis.com\/wp-content\/uploads\/2023\/08\/DESFILE-DARACT-768x457.png 768w, https:\/\/apuntesdesanluis.com\/wp-content\/uploads\/2023\/08\/DESFILE-DARACT.png 1219w\" sizes=\"(max-width: 731px) 100vw, 731px\" \/><\/p>\n<h3><span>Diana Centeno, vecina de Justo Daract, asisti\u00f3 con su beb\u00e9 para observar a su hijo, quien asiste al jard\u00edn de infantes de 4 a\u00f1os. &#8220;Para los ni\u00f1os, es extremadamente importante experimentar este desfile con su escuela. Cuando somos j\u00f3venes, quiz\u00e1s no le damos la debida importancia, pero con el tiempo comprendemos el valor de esta celebraci\u00f3n&#8221;, reflexion\u00f3 la vecina con sensatez.<\/span><\/h3>\n<h3><span>La magnitud del evento trascendi\u00f3 las fronteras de la ciudad, atrayendo a visitantes de los alrededores, como Carmen Barzola de Villa Mercedes, quien irradi\u00f3 orgullo por su nieto que particip\u00f3 en el desfile como parte de la Polic\u00eda. &#8220;Siempre estoy presente en los desfiles. A mis 63 a\u00f1os, traje a mi nieto m\u00e1s peque\u00f1o para que tambi\u00e9n sea testigo y aprenda de esta experiencia&#8221;, comparti\u00f3 con alegr\u00eda.<\/span><\/h3>\n<h3><span>La jornada de tradici\u00f3n y unidad, marcada por el calor de la comunidad, dej\u00f3 huellas imborrables en los corazones de quienes participaron y presenciaron el desfile en honor a la historia y la identidad de la regi\u00f3n.<\/span><\/h3>\n","protected":false},"excerpt":{"rendered":"<p>El jueves por la tarde, un espect\u00e1culo lleno de color y tradici\u00f3n se despleg\u00f3 en&#8230;<\/p>\n","protected":false},"author":1,"featured_media":1740,"comment_status":"closed","ping_status":"closed","sticky":false,"template":"","format":"standard","meta":{"footnotes":""},"categories":[6],"tags":[],"class_list":["post-1739","post","type-post","status-publish","format-standard","has-post-thumbnail","hentry","category-ciudad-provincia"],"yoast_head":"<!-- This site is optimized with the Yoast SEO plugin v26.1.1 - https:\/\/yoast.com\/wordpress\/plugins\/seo\/ -->\n<title>EMOTIVO TRIBUTO EN JUSTO DARACT EN EL TRADICIONAL HOMENAJE A JOS\u00c9 DE SAN MART\u00cdN - Apuntes de San Luis<\/title>\n<meta name=\"robots\" content=\"index, follow, max-snippet:-1, max-image-preview:large, max-video-preview:-1\" \/>\n<link rel=\"canonical\" href=\"https:\/\/apuntesdesanluis.com\/index.php\/2023\/08\/17\/emotivo-tributo-en-justo-daract-en-el-tradicional-homenaje-a-jose-de-san-martin\/\" \/>\n<meta property=\"og:locale\" content=\"es_ES\" \/>\n<meta property=\"og:type\" content=\"article\" \/>\n<meta property=\"og:title\" content=\"EMOTIVO TRIBUTO EN JUSTO DARACT EN EL TRADICIONAL HOMENAJE A JOS\u00c9 DE SAN MART\u00cdN - Apuntes de San Luis\" \/>\n<meta property=\"og:description\" content=\"El jueves por la tarde, un espect\u00e1culo lleno de color y tradici\u00f3n se despleg\u00f3 en...\" \/>\n<meta property=\"og:url\" content=\"https:\/\/apuntesdesanluis.com\/index.php\/2023\/08\/17\/emotivo-tributo-en-justo-daract-en-el-tradicional-homenaje-a-jose-de-san-martin\/\" \/>\n<meta property=\"og:site_name\" content=\"Apuntes de San Luis\" \/>\n<meta property=\"article:published_time\" content=\"2023-08-17T23:59:01+00:00\" \/>\n<meta property=\"og:image\" content=\"https:\/\/apuntesdesanluis.com\/wp-content\/uploads\/2023\/08\/AGRARIA-1024x636.png\" \/>\n\t<meta property=\"og:image:width\" content=\"1024\" \/>\n\t<meta property=\"og:image:height\" content=\"636\" \/>\n\t<meta property=\"og:image:type\" content=\"image\/png\" \/>\n<meta name=\"author\" content=\"apuntesdesanluis.com\" \/>\n<meta name=\"twitter:card\" content=\"summary_large_image\" \/>\n<meta name=\"twitter:label1\" content=\"Escrito por\" \/>\n\t<meta name=\"twitter:data1\" content=\"apuntesdesanluis.com\" \/>\n\t<meta name=\"twitter:label2\" content=\"Tiempo de lectura\" \/>\n\t<meta name=\"twitter:data2\" content=\"2 minutos\" \/>\n<script type=\"application\/ld+json\" class=\"yoast-schema-graph\">{\"@context\":\"https:\/\/schema.org\",\"@graph\":[{\"@type\":\"Article\",\"@id\":\"https:\/\/apuntesdesanluis.com\/index.php\/2023\/08\/17\/emotivo-tributo-en-justo-daract-en-el-tradicional-homenaje-a-jose-de-san-martin\/#article\",\"isPartOf\":{\"@id\":\"https:\/\/apuntesdesanluis.com\/index.php\/2023\/08\/17\/emotivo-tributo-en-justo-daract-en-el-tradicional-homenaje-a-jose-de-san-martin\/\"},\"author\":{\"name\":\"apuntesdesanluis.com\",\"@id\":\"https:\/\/apuntesdesanluis.com\/#\/schema\/person\/b55151d52296fcce64d1a72538a70b90\"},\"headline\":\"EMOTIVO TRIBUTO EN JUSTO DARACT EN EL TRADICIONAL HOMENAJE A JOS\u00c9 DE SAN MART\u00cdN\",\"datePublished\":\"2023-08-17T23:59:01+00:00\",\"mainEntityOfPage\":{\"@id\":\"https:\/\/apuntesdesanluis.com\/index.php\/2023\/08\/17\/emotivo-tributo-en-justo-daract-en-el-tradicional-homenaje-a-jose-de-san-martin\/\"},\"wordCount\":416,\"publisher\":{\"@id\":\"https:\/\/apuntesdesanluis.com\/#\/schema\/person\/b55151d52296fcce64d1a72538a70b90\"},\"image\":{\"@id\":\"https:\/\/apuntesdesanluis.com\/index.php\/2023\/08\/17\/emotivo-tributo-en-justo-daract-en-el-tradicional-homenaje-a-jose-de-san-martin\/#primaryimage\"},\"thumbnailUrl\":\"https:\/\/apuntesdesanluis.com\/wp-content\/uploads\/2023\/08\/AGRARIA.png\",\"articleSection\":[\"Ciudad\/Provincia\"],\"inLanguage\":\"es-AR\"},{\"@type\":\"WebPage\",\"@id\":\"https:\/\/apuntesdesanluis.com\/index.php\/2023\/08\/17\/emotivo-tributo-en-justo-daract-en-el-tradicional-homenaje-a-jose-de-san-martin\/\",\"url\":\"https:\/\/apuntesdesanluis.com\/index.php\/2023\/08\/17\/emotivo-tributo-en-justo-daract-en-el-tradicional-homenaje-a-jose-de-san-martin\/\",\"name\":\"EMOTIVO TRIBUTO EN JUSTO DARACT EN EL TRADICIONAL HOMENAJE A JOS\u00c9 DE SAN MART\u00cdN - Apuntes de San Luis\",\"isPartOf\":{\"@id\":\"https:\/\/apuntesdesanluis.com\/#website\"},\"primaryImageOfPage\":{\"@id\":\"https:\/\/apuntesdesanluis.com\/index.php\/2023\/08\/17\/emotivo-tributo-en-justo-daract-en-el-tradicional-homenaje-a-jose-de-san-martin\/#primaryimage\"},\"image\":{\"@id\":\"https:\/\/apuntesdesanluis.com\/index.php\/2023\/08\/17\/emotivo-tributo-en-justo-daract-en-el-tradicional-homenaje-a-jose-de-san-martin\/#primaryimage\"},\"thumbnailUrl\":\"https:\/\/apuntesdesanluis.com\/wp-content\/uploads\/2023\/08\/AGRARIA.png\",\"datePublished\":\"2023-08-17T23:59:01+00:00\",\"breadcrumb\":{\"@id\":\"https:\/\/apuntesdesanluis.com\/index.php\/2023\/08\/17\/emotivo-tributo-en-justo-daract-en-el-tradicional-homenaje-a-jose-de-san-martin\/#breadcrumb\"},\"inLanguage\":\"es-AR\",\"potentialAction\":[{\"@type\":\"ReadAction\",\"target\":[\"https:\/\/apuntesdesanluis.com\/index.php\/2023\/08\/17\/emotivo-tributo-en-justo-daract-en-el-tradicional-homenaje-a-jose-de-san-martin\/\"]}]},{\"@type\":\"ImageObject\",\"inLanguage\":\"es-AR\",\"@id\":\"https:\/\/apuntesdesanluis.com\/index.php\/2023\/08\/17\/emotivo-tributo-en-justo-daract-en-el-tradicional-homenaje-a-jose-de-san-martin\/#primaryimage\",\"url\":\"https:\/\/apuntesdesanluis.com\/wp-content\/uploads\/2023\/08\/AGRARIA.png\",\"contentUrl\":\"https:\/\/apuntesdesanluis.com\/wp-content\/uploads\/2023\/08\/AGRARIA.png\",\"width\":1142,\"height\":709},{\"@type\":\"BreadcrumbList\",\"@id\":\"https:\/\/apuntesdesanluis.com\/index.php\/2023\/08\/17\/emotivo-tributo-en-justo-daract-en-el-tradicional-homenaje-a-jose-de-san-martin\/#breadcrumb\",\"itemListElement\":[{\"@type\":\"ListItem\",\"position\":1,\"name\":\"Inicio\",\"item\":\"https:\/\/apuntesdesanluis.com\/\"},{\"@type\":\"ListItem\",\"position\":2,\"name\":\"EMOTIVO TRIBUTO EN JUSTO DARACT EN EL TRADICIONAL HOMENAJE A JOS\u00c9 DE SAN MART\u00cdN\"}]},{\"@type\":\"WebSite\",\"@id\":\"https:\/\/apuntesdesanluis.com\/#website\",\"url\":\"https:\/\/apuntesdesanluis.com\/\",\"name\":\"Apuntes de San Luis\",\"description\":\"\",\"publisher\":{\"@id\":\"https:\/\/apuntesdesanluis.com\/#\/schema\/person\/b55151d52296fcce64d1a72538a70b90\"},\"potentialAction\":[{\"@type\":\"SearchAction\",\"target\":{\"@type\":\"EntryPoint\",\"urlTemplate\":\"https:\/\/apuntesdesanluis.com\/?s={search_term_string}\"},\"query-input\":{\"@type\":\"PropertyValueSpecification\",\"valueRequired\":true,\"valueName\":\"search_term_string\"}}],\"inLanguage\":\"es-AR\"},{\"@type\":[\"Person\",\"Organization\"],\"@id\":\"https:\/\/apuntesdesanluis.com\/#\/schema\/person\/b55151d52296fcce64d1a72538a70b90\",\"name\":\"apuntesdesanluis.com\",\"image\":{\"@type\":\"ImageObject\",\"inLanguage\":\"es-AR\",\"@id\":\"https:\/\/apuntesdesanluis.com\/#\/schema\/person\/image\/\",\"url\":\"https:\/\/apuntesdesanluis.com\/wp-content\/uploads\/2023\/07\/cropped-apuntesdesanluis.png\",\"contentUrl\":\"https:\/\/apuntesdesanluis.com\/wp-content\/uploads\/2023\/07\/cropped-apuntesdesanluis.png\",\"width\":450,\"height\":112,\"caption\":\"apuntesdesanluis.com\"},\"logo\":{\"@id\":\"https:\/\/apuntesdesanluis.com\/#\/schema\/person\/image\/\"},\"sameAs\":[\"https:\/\/apuntesdesanluis.com\"],\"url\":\"https:\/\/apuntesdesanluis.com\/index.php\/author\/apuntesdesanluis-com\/\"}]}<\/script>\n<!-- \/ Yoast SEO plugin. -->","yoast_head_json":{"title":"EMOTIVO TRIBUTO EN JUSTO DARACT EN EL TRADICIONAL HOMENAJE A JOS\u00c9 DE SAN MART\u00cdN - Apuntes de San Luis","robots":{"index":"index","follow":"follow","max-snippet":"max-snippet:-1","max-image-preview":"max-image-preview:large","max-video-preview":"max-video-preview:-1"},"canonical":"https:\/\/apuntesdesanluis.com\/index.php\/2023\/08\/17\/emotivo-tributo-en-justo-daract-en-el-tradicional-homenaje-a-jose-de-san-martin\/","og_locale":"es_ES","og_type":"article","og_title":"EMOTIVO TRIBUTO EN JUSTO DARACT EN EL TRADICIONAL HOMENAJE A JOS\u00c9 DE SAN MART\u00cdN - Apuntes de San Luis","og_description":"El jueves por la tarde, un espect\u00e1culo lleno de color y tradici\u00f3n se despleg\u00f3 en...","og_url":"https:\/\/apuntesdesanluis.com\/index.php\/2023\/08\/17\/emotivo-tributo-en-justo-daract-en-el-tradicional-homenaje-a-jose-de-san-martin\/","og_site_name":"Apuntes de San Luis","article_published_time":"2023-08-17T23:59:01+00:00","og_image":[{"width":1024,"height":636,"url":"https:\/\/apuntesdesanluis.com\/wp-content\/uploads\/2023\/08\/AGRARIA-1024x636.png","type":"image\/png"}],"author":"apuntesdesanluis.com","twitter_card":"summary_large_image","twitter_misc":{"Escrito por":"apuntesdesanluis.com","Tiempo de lectura":"2 minutos"},"schema":{"@context":"https:\/\/schema.org","@graph":[{"@type":"Article","@id":"https:\/\/apuntesdesanluis.com\/index.php\/2023\/08\/17\/emotivo-tributo-en-justo-daract-en-el-tradicional-homenaje-a-jose-de-san-martin\/#article","isPartOf":{"@id":"https:\/\/apuntesdesanluis.com\/index.php\/2023\/08\/17\/emotivo-tributo-en-justo-daract-en-el-tradicional-homenaje-a-jose-de-san-martin\/"},"author":{"name":"apuntesdesanluis.com","@id":"https:\/\/apuntesdesanluis.com\/#\/schema\/person\/b55151d52296fcce64d1a72538a70b90"},"headline":"EMOTIVO TRIBUTO EN JUSTO DARACT EN EL TRADICIONAL HOMENAJE A JOS\u00c9 DE SAN MART\u00cdN","datePublished":"2023-08-17T23:59:01+00:00","mainEntityOfPage":{"@id":"https:\/\/apuntesdesanluis.com\/index.php\/2023\/08\/17\/emotivo-tributo-en-justo-daract-en-el-tradicional-homenaje-a-jose-de-san-martin\/"},"wordCount":416,"publisher":{"@id":"https:\/\/apuntesdesanluis.com\/#\/schema\/person\/b55151d52296fcce64d1a72538a70b90"},"image":{"@id":"https:\/\/apuntesdesanluis.com\/index.php\/2023\/08\/17\/emotivo-tributo-en-justo-daract-en-el-tradicional-homenaje-a-jose-de-san-martin\/#primaryimage"},"thumbnailUrl":"https:\/\/apuntesdesanluis.com\/wp-content\/uploads\/2023\/08\/AGRARIA.png","articleSection":["Ciudad\/Provincia"],"inLanguage":"es-AR"},{"@type":"WebPage","@id":"https:\/\/apuntesdesanluis.com\/index.php\/2023\/08\/17\/emotivo-tributo-en-justo-daract-en-el-tradicional-homenaje-a-jose-de-san-martin\/","url":"https:\/\/apuntesdesanluis.com\/index.php\/2023\/08\/17\/emotivo-tributo-en-justo-daract-en-el-tradicional-homenaje-a-jose-de-san-martin\/","name":"EMOTIVO TRIBUTO EN JUSTO DARACT EN EL TRADICIONAL HOMENAJE A JOS\u00c9 DE SAN MART\u00cdN - Apuntes de San Luis","isPartOf":{"@id":"https:\/\/apuntesdesanluis.com\/#website"},"primaryImageOfPage":{"@id":"https:\/\/apuntesdesanluis.com\/index.php\/2023\/08\/17\/emotivo-tributo-en-justo-daract-en-el-tradicional-homenaje-a-jose-de-san-martin\/#primaryimage"},"image":{"@id":"https:\/\/apuntesdesanluis.com\/index.php\/2023\/08\/17\/emotivo-tributo-en-justo-daract-en-el-tradicional-homenaje-a-jose-de-san-martin\/#primaryimage"},"thumbnailUrl":"https:\/\/apuntesdesanluis.com\/wp-content\/uploads\/2023\/08\/AGRARIA.png","datePublished":"2023-08-17T23:59:01+00:00","breadcrumb":{"@id":"https:\/\/apuntesdesanluis.com\/index.php\/2023\/08\/17\/emotivo-tributo-en-justo-daract-en-el-tradicional-homenaje-a-jose-de-san-martin\/#breadcrumb"},"inLanguage":"es-AR","potentialAction":[{"@type":"ReadAction","target":["https:\/\/apuntesdesanluis.com\/index.php\/2023\/08\/17\/emotivo-tributo-en-justo-daract-en-el-tradicional-homenaje-a-jose-de-san-martin\/"]}]},{"@type":"ImageObject","inLanguage":"es-AR","@id":"https:\/\/apuntesdesanluis.com\/index.php\/2023\/08\/17\/emotivo-tributo-en-justo-daract-en-el-tradicional-homenaje-a-jose-de-san-martin\/#primaryimage","url":"https:\/\/apuntesdesanluis.com\/wp-content\/uploads\/2023\/08\/AGRARIA.png","contentUrl":"https:\/\/apuntesdesanluis.com\/wp-content\/uploads\/2023\/08\/AGRARIA.png","width":1142,"height":709},{"@type":"BreadcrumbList","@id":"https:\/\/apuntesdesanluis.com\/index.php\/2023\/08\/17\/emotivo-tributo-en-justo-daract-en-el-tradicional-homenaje-a-jose-de-san-martin\/#breadcrumb","itemListElement":[{"@type":"ListItem","position":1,"name":"Inicio","item":"https:\/\/apuntesdesanluis.com\/"},{"@type":"ListItem","position":2,"name":"EMOTIVO TRIBUTO EN JUSTO DARACT EN EL TRADICIONAL HOMENAJE A JOS\u00c9 DE SAN MART\u00cdN"}]},{"@type":"WebSite","@id":"https:\/\/apuntesdesanluis.com\/#website","url":"https:\/\/apuntesdesanluis.com\/","name":"Apuntes de San Luis","description":"","publisher":{"@id":"https:\/\/apuntesdesanluis.com\/#\/schema\/person\/b55151d52296fcce64d1a72538a70b90"},"potentialAction":[{"@type":"SearchAction","target":{"@type":"EntryPoint","urlTemplate":"https:\/\/apuntesdesanluis.com\/?s={search_term_string}"},"query-input":{"@type":"PropertyValueSpecification","valueRequired":true,"valueName":"search_term_string"}}],"inLanguage":"es-AR"},{"@type":["Person","Organization"],"@id":"https:\/\/apuntesdesanluis.com\/#\/schema\/person\/b55151d52296fcce64d1a72538a70b90","name":"apuntesdesanluis.com","image":{"@type":"ImageObject","inLanguage":"es-AR","@id":"https:\/\/apuntesdesanluis.com\/#\/schema\/person\/image\/","url":"https:\/\/apuntesdesanluis.com\/wp-content\/uploads\/2023\/07\/cropped-apuntesdesanluis.png","contentUrl":"https:\/\/apuntesdesanluis.com\/wp-content\/uploads\/2023\/07\/cropped-apuntesdesanluis.png","width":450,"height":112,"caption":"apuntesdesanluis.com"},"logo":{"@id":"https:\/\/apuntesdesanluis.com\/#\/schema\/person\/image\/"},"sameAs":["https:\/\/apuntesdesanluis.com"],"url":"https:\/\/apuntesdesanluis.com\/index.php\/author\/apuntesdesanluis-com\/"}]}},"featured_image_urls":{"full":["https:\/\/apuntesdesanluis.com\/wp-content\/uploads\/2023\/08\/AGRARIA.png",1142,709,false],"thumbnail":["https:\/\/apuntesdesanluis.com\/wp-content\/uploads\/2023\/08\/AGRARIA-150x150.png",150,150,true],"medium":["https:\/\/apuntesdesanluis.com\/wp-content\/uploads\/2023\/08\/AGRARIA-300x186.png",300,186,true],"medium_large":["https:\/\/apuntesdesanluis.com\/wp-content\/uploads\/2023\/08\/AGRARIA-768x477.png",640,398,true],"large":["https:\/\/apuntesdesanluis.com\/wp-content\/uploads\/2023\/08\/AGRARIA-1024x636.png",640,398,true],"1536x1536":["https:\/\/apuntesdesanluis.com\/wp-content\/uploads\/2023\/08\/AGRARIA.png",1142,709,false],"2048x2048":["https:\/\/apuntesdesanluis.com\/wp-content\/uploads\/2023\/08\/AGRARIA.png",1142,709,false],"newsever-slider-full":["https:\/\/apuntesdesanluis.com\/wp-content\/uploads\/2023\/08\/AGRARIA.png",1142,709,false],"newsever-featured":["https:\/\/apuntesdesanluis.com\/wp-content\/uploads\/2023\/08\/AGRARIA-1024x636.png",1024,636,true],"newsever-medium":["https:\/\/apuntesdesanluis.com\/wp-content\/uploads\/2023\/08\/AGRARIA-720x475.png",720,475,true]},"author_info":{"display_name":"apuntesdesanluis.com","author_link":"https:\/\/apuntesdesanluis.com\/index.php\/author\/apuntesdesanluis-com\/"},"category_info":"<a href=\"https:\/\/apuntesdesanluis.com\/index.php\/category\/ciudad-provincia\/\" rel=\"category tag\">Ciudad\/Provincia<\/a>","tag_info":"Ciudad\/Provincia","comment_count":"0","_links":{"self":[{"href":"https:\/\/apuntesdesanluis.com\/index.php\/wp-json\/wp\/v2\/posts\/1739","targetHints":{"allow":["GET"]}}],"collection":[{"href":"https:\/\/apuntesdesanluis.com\/index.php\/wp-json\/wp\/v2\/posts"}],"about":[{"href":"https:\/\/apuntesdesanluis.com\/index.php\/wp-json\/wp\/v2\/types\/post"}],"author":[{"embeddable":true,"href":"https:\/\/apuntesdesanluis.com\/index.php\/wp-json\/wp\/v2\/users\/1"}],"replies":[{"embeddable":true,"href":"https:\/\/apuntesdesanluis.com\/index.php\/wp-json\/wp\/v2\/comments?post=1739"}],"version-history":[{"count":1,"href":"https:\/\/apuntesdesanluis.com\/index.php\/wp-json\/wp\/v2\/posts\/1739\/revisions"}],"predecessor-version":[{"id":1742,"href":"https:\/\/apuntesdesanluis.com\/index.php\/wp-json\/wp\/v2\/posts\/1739\/revisions\/1742"}],"wp:featuredmedia":[{"embeddable":true,"href":"https:\/\/apuntesdesanluis.com\/index.php\/wp-json\/wp\/v2\/media\/1740"}],"wp:attachment":[{"href":"https:\/\/apuntesdesanluis.com\/index.php\/wp-json\/wp\/v2\/media?parent=1739"}],"wp:term":[{"taxonomy":"category","embeddable":true,"href":"https:\/\/apuntesdesanluis.com\/index.php\/wp-json\/wp\/v2\/categories?post=1739"},{"taxonomy":"post_tag","embeddable":true,"href":"https:\/\/apuntesdesanluis.com\/index.php\/wp-json\/wp\/v2\/tags?post=1739"}],"curies":[{"name":"wp","href":"https:\/\/api.w.org\/{rel}","templated":true}]}}