{"id":17391,"date":"2024-06-04T22:14:16","date_gmt":"2024-06-05T01:14:16","guid":{"rendered":"https:\/\/apuntesdesanluis.com\/?p=17391"},"modified":"2024-06-04T22:14:16","modified_gmt":"2024-06-05T01:14:16","slug":"javier-milei-oficializo-al-tuitero-juan-doe-como-director-de-comunicacion-oficial-de-la-presidencia","status":"publish","type":"post","link":"https:\/\/apuntesdesanluis.com\/index.php\/2024\/06\/04\/javier-milei-oficializo-al-tuitero-juan-doe-como-director-de-comunicacion-oficial-de-la-presidencia\/","title":{"rendered":"JAVIER MILEI OFICIALIZ\u00d3 AL TUITERO &#8220;JUAN DOE&#8221; COMO DIRECTOR DE COMUNICACI\u00d3N OFICIAL DE LA PRESIDENCIA"},"content":{"rendered":"<h3>El cargo de <strong>Juan Pablo Carreira<\/strong>, reconocido militante libertario, fue formalizado a trav\u00e9s de un decreto que lleva la firma del Presidente y el Jefe de Gabinete, <strong>Guillermo Francos<\/strong>.<\/h3>\n<h3>Luego del desplazamiento de<strong> I\u00f1aki Gutierrez<\/strong>, que administr\u00f3 las plataformas digitales de La Libertad Avanza durante la campa\u00f1a y tras la asunci\u00f3n de <strong>Javier Milei<\/strong>, el Presidente nombr\u00f3 oficialmente a Juan Pablo Carreira como director de Comunicaci\u00f3n Digital. Se trata de uno de los &#8220;tuiteros&#8221; libertarios m\u00e1s conocidos en la red social &#8220;X&#8221;, mejor conocido con el nombre de &#8220;<strong>Juan Doe<\/strong>&#8220;.<\/h3>\n<h3>En el decreto 482\/2024, que lleva la firma del propio Milei y del Jefe de Gabinete, Guillermo Francos, qued\u00f3 formalizado el cargo de Carreira, cuya cuenta en la red social antes conocida como Twitter es @jdoedoe101101, y que depende de la Secretar\u00eda General de Presidencia, que conduce Karina Milei, y de la subsecretar\u00eda de Vocer\u00eda y Comunicaci\u00f3n, dirigida por Manuel Adorni.<\/h3>\n<h3>&#8220;Des\u00edgnase con car\u00e1cter transitorio, a partir del 10 de abril de 2024 y por el t\u00e9rmino de ciento ochenta (180) d\u00edas h\u00e1biles, al se\u00f1or Juan Pablo Carreira en el cargo de Director Nacional de Comunicaci\u00f3n Digital de la Presidencia de la Naci\u00f3n&#8221;, dice la resoluci\u00f3n que fue publicada este martes en el Bolet\u00edn Oficial.<\/h3>\n<h3>&#8220;El gasto que demande el cumplimiento de la presente medida ser\u00e1 atendido con cargo a las partidas espec\u00edficas de la Jurisdicci\u00f3n 20 \u2013 01 &#8211; Secretar\u00eda General de la Presidencia de la Naci\u00f3n&#8221;, a\u00f1ade el documento.<\/h3>\n<p><img fetchpriority=\"high\" decoding=\"async\" class=\"wp-image-17393 aligncenter\" src=\"https:\/\/apuntesdesanluis.com\/wp-content\/uploads\/2024\/06\/carreira-300x174.png\" alt=\"\" width=\"681\" height=\"395\" srcset=\"https:\/\/apuntesdesanluis.com\/wp-content\/uploads\/2024\/06\/carreira-300x174.png 300w, https:\/\/apuntesdesanluis.com\/wp-content\/uploads\/2024\/06\/carreira.png 586w\" sizes=\"(max-width: 681px) 100vw, 681px\" \/><\/p>\n<h3>Cabe se\u00f1alar que el sueldo aproximado para el cargo de Director, es de dos millones y medio de pesos, en promedio.<\/h3>\n<h3>El Poder Ejecutivo aclar\u00f3 que \u201cla cobertura transitoria del cargo aludido no constituye asignaci\u00f3n de recurso extraordinario\u201d.<\/h3>\n<h3>El propio Carreira hab\u00eda informado el pasado 20 de febrero, por medio de su cuenta de &#8220;X&#8221;, que pasar\u00eda informar esta \u00e1rea de la Subsecretar\u00eda de Vocer\u00eda. &#8220;Tengo el honor de contarles que pronto voy a estar asumiendo como Director General de Comunicaci\u00f3n Digital de la Presidencia&#8221;, hab\u00eda escrito.<\/h3>\n<h3>&#8220;Despu\u00e9s de dos meses de trabajo conformando un equipo impresionante, habiendo sido un engranaje dentro de la mejor campa\u00f1a de la historia y de ocho a\u00f1os convencido que a este pa\u00eds lo salvamos nosotros, es hora de entrar a la cancha&#8221;, expres\u00f3 antes de darle las gracias a Javier Milei.<\/h3>\n<h3>Antes, el joven influencer I\u00f1aki Guti\u00e9rrez hab\u00eda ocupado un lugar central en la comunicaci\u00f3n junto a su novia, Eugenia Rol\u00f3n. Ninguno de los dos hab\u00eda llegado a ser designado de forma oficial, pero sus funciones fueron limitadas a comienzos de a\u00f1o dentro del equipo que conduce el asesor Santiago Caputo, presuntamente tras haber cometido un error.<\/h3>\n<h3>Seg\u00fan trascendi\u00f3 en ese momento, los j\u00f3venes influencers replicaron una foto propia desde la cuenta oficial de la Casa Rosada para hacer un saludo de A\u00f1o Nuevo, por lo que habr\u00eda sido designado a manejar solo la cuenta de TikTok luego de causar un enojo entre los funcionarios.<\/h3>\n<h3>En su cuenta de &#8220;X&#8221;, Carreira tiene m\u00e1s de 155.000 seguidores y all\u00ed se define como \u201cingeniero industrial. Liberal y republicano\u201d. Adem\u00e1s, indica que forma parte del &#8220;Club de los Viernes Argentina&#8221;, una organizaci\u00f3n que dice defender las libertades civiles, propiedad privada y el Estado m\u00ednimo, y de &#8220;La Derecha Diario&#8221;.<\/h3>\n<h3>Precisamente se desempe\u00f1aba como editor en jefe de este medio de comunicaci\u00f3n desde su fundaci\u00f3n, el 6 de septiembre de 2019. Su designaci\u00f3n oficial fue celebrada por Fernando Cerimedo, que se estima que es due\u00f1o de este portal, y por el legislador provincial de La Libertad Avanza Agust\u00edn Romo.<\/h3>\n<h3>&#8220;Juan Doe&#8221; se identifica por tener un lenguaje agresivo en las redes, donde adem\u00e1s de ser uno de los \u201cinfluencers libertarios\u201d tambi\u00e9n fue catalogado como \u201ctroll\u201d. Entre algunos mensajes pol\u00e9micos, insult\u00f3 anteriormente a la actual ministra de Seguridad, Patricia Bullrich, a quien llam\u00f3 &#8220;montonera asesina&#8221;, y ha criticado de manera constante a los trabajadores estatales.<\/h3>\n<p><img decoding=\"async\" class=\"wp-image-17394 aligncenter\" src=\"https:\/\/apuntesdesanluis.com\/wp-content\/uploads\/2024\/06\/juan-doe-huevon-198x300.png\" alt=\"\" width=\"591\" height=\"895\" srcset=\"https:\/\/apuntesdesanluis.com\/wp-content\/uploads\/2024\/06\/juan-doe-huevon-198x300.png 198w, https:\/\/apuntesdesanluis.com\/wp-content\/uploads\/2024\/06\/juan-doe-huevon.png 503w\" sizes=\"(max-width: 591px) 100vw, 591px\" \/><\/p>\n<h3>\u201cYo no trabajo en el Estado, nunca trabaj\u00e9 en el Estado ni quiero trabajar en el Estado\u201d y \u201cSi vos, kirchnerista culo roto que viene de perder por doce puntos, dec\u00eds que soy el m\u00e1s pelotudo, evidentemente debo ser de los m\u00e1s valiosos. No me pagan del gobierno, con verlos llorar a ustedes es m\u00e1s que suficiente\u201d, son algunos de los posteos que escribi\u00f3 y que habitualmente le se\u00f1alan tras haber aceptado su nuevo cargo.<\/h3>\n<p>&nbsp;<\/p>\n<p>&nbsp;<\/p>\n<p>&nbsp;<\/p>\n<p>&nbsp;<\/p>\n<p>&nbsp;<\/p>\n<p>&nbsp;<\/p>\n<p>&nbsp;<\/p>\n<p>&nbsp;<\/p>\n<p>&nbsp;<\/p>\n<p>&nbsp;<\/p>\n<p>&nbsp;<\/p>\n<p>&nbsp;<\/p>\n","protected":false},"excerpt":{"rendered":"<p>El cargo de Juan Pablo Carreira, reconocido militante libertario, fue formalizado a trav\u00e9s de un&#8230;<\/p>\n","protected":false},"author":1,"featured_media":17392,"comment_status":"closed","ping_status":"closed","sticky":false,"template":"","format":"standard","meta":{"footnotes":""},"categories":[5],"tags":[],"class_list":["post-17391","post","type-post","status-publish","format-standard","has-post-thumbnail","hentry","category-nacionales-internacionales"],"yoast_head":"<!-- This site is optimized with the Yoast SEO plugin v26.1.1 - https:\/\/yoast.com\/wordpress\/plugins\/seo\/ -->\n<title>JAVIER MILEI OFICIALIZ\u00d3 AL TUITERO &quot;JUAN DOE&quot; COMO DIRECTOR DE COMUNICACI\u00d3N OFICIAL DE LA PRESIDENCIA - Apuntes de San Luis<\/title>\n<meta name=\"robots\" content=\"index, follow, max-snippet:-1, max-image-preview:large, max-video-preview:-1\" \/>\n<link rel=\"canonical\" href=\"https:\/\/apuntesdesanluis.com\/index.php\/2024\/06\/04\/javier-milei-oficializo-al-tuitero-juan-doe-como-director-de-comunicacion-oficial-de-la-presidencia\/\" \/>\n<meta property=\"og:locale\" content=\"es_ES\" \/>\n<meta property=\"og:type\" content=\"article\" \/>\n<meta property=\"og:title\" content=\"JAVIER MILEI OFICIALIZ\u00d3 AL TUITERO &quot;JUAN DOE&quot; COMO DIRECTOR DE COMUNICACI\u00d3N OFICIAL DE LA PRESIDENCIA - Apuntes de San Luis\" \/>\n<meta property=\"og:description\" content=\"El cargo de Juan Pablo Carreira, reconocido militante libertario, fue formalizado a trav\u00e9s de un...\" \/>\n<meta property=\"og:url\" content=\"https:\/\/apuntesdesanluis.com\/index.php\/2024\/06\/04\/javier-milei-oficializo-al-tuitero-juan-doe-como-director-de-comunicacion-oficial-de-la-presidencia\/\" \/>\n<meta property=\"og:site_name\" content=\"Apuntes de San Luis\" \/>\n<meta property=\"article:published_time\" content=\"2024-06-05T01:14:16+00:00\" \/>\n<meta property=\"og:image\" content=\"https:\/\/apuntesdesanluis.com\/wp-content\/uploads\/2024\/06\/milei-y-carreira.png\" \/>\n\t<meta property=\"og:image:width\" content=\"700\" \/>\n\t<meta property=\"og:image:height\" content=\"402\" \/>\n\t<meta property=\"og:image:type\" content=\"image\/png\" \/>\n<meta name=\"author\" content=\"apuntesdesanluis.com\" \/>\n<meta name=\"twitter:card\" content=\"summary_large_image\" \/>\n<meta name=\"twitter:label1\" content=\"Escrito por\" \/>\n\t<meta name=\"twitter:data1\" content=\"apuntesdesanluis.com\" \/>\n\t<meta name=\"twitter:label2\" content=\"Tiempo de lectura\" \/>\n\t<meta name=\"twitter:data2\" content=\"4 minutos\" \/>\n<script type=\"application\/ld+json\" class=\"yoast-schema-graph\">{\"@context\":\"https:\/\/schema.org\",\"@graph\":[{\"@type\":\"Article\",\"@id\":\"https:\/\/apuntesdesanluis.com\/index.php\/2024\/06\/04\/javier-milei-oficializo-al-tuitero-juan-doe-como-director-de-comunicacion-oficial-de-la-presidencia\/#article\",\"isPartOf\":{\"@id\":\"https:\/\/apuntesdesanluis.com\/index.php\/2024\/06\/04\/javier-milei-oficializo-al-tuitero-juan-doe-como-director-de-comunicacion-oficial-de-la-presidencia\/\"},\"author\":{\"name\":\"apuntesdesanluis.com\",\"@id\":\"https:\/\/apuntesdesanluis.com\/#\/schema\/person\/b55151d52296fcce64d1a72538a70b90\"},\"headline\":\"JAVIER MILEI OFICIALIZ\u00d3 AL TUITERO &#8220;JUAN DOE&#8221; COMO DIRECTOR DE COMUNICACI\u00d3N OFICIAL DE LA PRESIDENCIA\",\"datePublished\":\"2024-06-05T01:14:16+00:00\",\"mainEntityOfPage\":{\"@id\":\"https:\/\/apuntesdesanluis.com\/index.php\/2024\/06\/04\/javier-milei-oficializo-al-tuitero-juan-doe-como-director-de-comunicacion-oficial-de-la-presidencia\/\"},\"wordCount\":795,\"publisher\":{\"@id\":\"https:\/\/apuntesdesanluis.com\/#\/schema\/person\/b55151d52296fcce64d1a72538a70b90\"},\"image\":{\"@id\":\"https:\/\/apuntesdesanluis.com\/index.php\/2024\/06\/04\/javier-milei-oficializo-al-tuitero-juan-doe-como-director-de-comunicacion-oficial-de-la-presidencia\/#primaryimage\"},\"thumbnailUrl\":\"https:\/\/apuntesdesanluis.com\/wp-content\/uploads\/2024\/06\/milei-y-carreira.png\",\"articleSection\":[\"Nacionales\/Internacionales\"],\"inLanguage\":\"es-AR\"},{\"@type\":\"WebPage\",\"@id\":\"https:\/\/apuntesdesanluis.com\/index.php\/2024\/06\/04\/javier-milei-oficializo-al-tuitero-juan-doe-como-director-de-comunicacion-oficial-de-la-presidencia\/\",\"url\":\"https:\/\/apuntesdesanluis.com\/index.php\/2024\/06\/04\/javier-milei-oficializo-al-tuitero-juan-doe-como-director-de-comunicacion-oficial-de-la-presidencia\/\",\"name\":\"JAVIER MILEI OFICIALIZ\u00d3 AL TUITERO \\\"JUAN DOE\\\" COMO DIRECTOR DE COMUNICACI\u00d3N OFICIAL DE LA PRESIDENCIA - Apuntes de San Luis\",\"isPartOf\":{\"@id\":\"https:\/\/apuntesdesanluis.com\/#website\"},\"primaryImageOfPage\":{\"@id\":\"https:\/\/apuntesdesanluis.com\/index.php\/2024\/06\/04\/javier-milei-oficializo-al-tuitero-juan-doe-como-director-de-comunicacion-oficial-de-la-presidencia\/#primaryimage\"},\"image\":{\"@id\":\"https:\/\/apuntesdesanluis.com\/index.php\/2024\/06\/04\/javier-milei-oficializo-al-tuitero-juan-doe-como-director-de-comunicacion-oficial-de-la-presidencia\/#primaryimage\"},\"thumbnailUrl\":\"https:\/\/apuntesdesanluis.com\/wp-content\/uploads\/2024\/06\/milei-y-carreira.png\",\"datePublished\":\"2024-06-05T01:14:16+00:00\",\"breadcrumb\":{\"@id\":\"https:\/\/apuntesdesanluis.com\/index.php\/2024\/06\/04\/javier-milei-oficializo-al-tuitero-juan-doe-como-director-de-comunicacion-oficial-de-la-presidencia\/#breadcrumb\"},\"inLanguage\":\"es-AR\",\"potentialAction\":[{\"@type\":\"ReadAction\",\"target\":[\"https:\/\/apuntesdesanluis.com\/index.php\/2024\/06\/04\/javier-milei-oficializo-al-tuitero-juan-doe-como-director-de-comunicacion-oficial-de-la-presidencia\/\"]}]},{\"@type\":\"ImageObject\",\"inLanguage\":\"es-AR\",\"@id\":\"https:\/\/apuntesdesanluis.com\/index.php\/2024\/06\/04\/javier-milei-oficializo-al-tuitero-juan-doe-como-director-de-comunicacion-oficial-de-la-presidencia\/#primaryimage\",\"url\":\"https:\/\/apuntesdesanluis.com\/wp-content\/uploads\/2024\/06\/milei-y-carreira.png\",\"contentUrl\":\"https:\/\/apuntesdesanluis.com\/wp-content\/uploads\/2024\/06\/milei-y-carreira.png\",\"width\":700,\"height\":402},{\"@type\":\"BreadcrumbList\",\"@id\":\"https:\/\/apuntesdesanluis.com\/index.php\/2024\/06\/04\/javier-milei-oficializo-al-tuitero-juan-doe-como-director-de-comunicacion-oficial-de-la-presidencia\/#breadcrumb\",\"itemListElement\":[{\"@type\":\"ListItem\",\"position\":1,\"name\":\"Inicio\",\"item\":\"https:\/\/apuntesdesanluis.com\/\"},{\"@type\":\"ListItem\",\"position\":2,\"name\":\"JAVIER MILEI OFICIALIZ\u00d3 AL TUITERO &#8220;JUAN DOE&#8221; COMO DIRECTOR DE COMUNICACI\u00d3N OFICIAL DE LA PRESIDENCIA\"}]},{\"@type\":\"WebSite\",\"@id\":\"https:\/\/apuntesdesanluis.com\/#website\",\"url\":\"https:\/\/apuntesdesanluis.com\/\",\"name\":\"Apuntes de San Luis\",\"description\":\"\",\"publisher\":{\"@id\":\"https:\/\/apuntesdesanluis.com\/#\/schema\/person\/b55151d52296fcce64d1a72538a70b90\"},\"potentialAction\":[{\"@type\":\"SearchAction\",\"target\":{\"@type\":\"EntryPoint\",\"urlTemplate\":\"https:\/\/apuntesdesanluis.com\/?s={search_term_string}\"},\"query-input\":{\"@type\":\"PropertyValueSpecification\",\"valueRequired\":true,\"valueName\":\"search_term_string\"}}],\"inLanguage\":\"es-AR\"},{\"@type\":[\"Person\",\"Organization\"],\"@id\":\"https:\/\/apuntesdesanluis.com\/#\/schema\/person\/b55151d52296fcce64d1a72538a70b90\",\"name\":\"apuntesdesanluis.com\",\"image\":{\"@type\":\"ImageObject\",\"inLanguage\":\"es-AR\",\"@id\":\"https:\/\/apuntesdesanluis.com\/#\/schema\/person\/image\/\",\"url\":\"https:\/\/apuntesdesanluis.com\/wp-content\/uploads\/2023\/07\/cropped-apuntesdesanluis.png\",\"contentUrl\":\"https:\/\/apuntesdesanluis.com\/wp-content\/uploads\/2023\/07\/cropped-apuntesdesanluis.png\",\"width\":450,\"height\":112,\"caption\":\"apuntesdesanluis.com\"},\"logo\":{\"@id\":\"https:\/\/apuntesdesanluis.com\/#\/schema\/person\/image\/\"},\"sameAs\":[\"https:\/\/apuntesdesanluis.com\"],\"url\":\"https:\/\/apuntesdesanluis.com\/index.php\/author\/apuntesdesanluis-com\/\"}]}<\/script>\n<!-- \/ Yoast SEO plugin. -->","yoast_head_json":{"title":"JAVIER MILEI OFICIALIZ\u00d3 AL TUITERO \"JUAN DOE\" COMO DIRECTOR DE COMUNICACI\u00d3N OFICIAL DE LA PRESIDENCIA - Apuntes de San Luis","robots":{"index":"index","follow":"follow","max-snippet":"max-snippet:-1","max-image-preview":"max-image-preview:large","max-video-preview":"max-video-preview:-1"},"canonical":"https:\/\/apuntesdesanluis.com\/index.php\/2024\/06\/04\/javier-milei-oficializo-al-tuitero-juan-doe-como-director-de-comunicacion-oficial-de-la-presidencia\/","og_locale":"es_ES","og_type":"article","og_title":"JAVIER MILEI OFICIALIZ\u00d3 AL TUITERO \"JUAN DOE\" COMO DIRECTOR DE COMUNICACI\u00d3N OFICIAL DE LA PRESIDENCIA - Apuntes de San Luis","og_description":"El cargo de Juan Pablo Carreira, reconocido militante libertario, fue formalizado a trav\u00e9s de un...","og_url":"https:\/\/apuntesdesanluis.com\/index.php\/2024\/06\/04\/javier-milei-oficializo-al-tuitero-juan-doe-como-director-de-comunicacion-oficial-de-la-presidencia\/","og_site_name":"Apuntes de San Luis","article_published_time":"2024-06-05T01:14:16+00:00","og_image":[{"width":700,"height":402,"url":"https:\/\/apuntesdesanluis.com\/wp-content\/uploads\/2024\/06\/milei-y-carreira.png","type":"image\/png"}],"author":"apuntesdesanluis.com","twitter_card":"summary_large_image","twitter_misc":{"Escrito por":"apuntesdesanluis.com","Tiempo de lectura":"4 minutos"},"schema":{"@context":"https:\/\/schema.org","@graph":[{"@type":"Article","@id":"https:\/\/apuntesdesanluis.com\/index.php\/2024\/06\/04\/javier-milei-oficializo-al-tuitero-juan-doe-como-director-de-comunicacion-oficial-de-la-presidencia\/#article","isPartOf":{"@id":"https:\/\/apuntesdesanluis.com\/index.php\/2024\/06\/04\/javier-milei-oficializo-al-tuitero-juan-doe-como-director-de-comunicacion-oficial-de-la-presidencia\/"},"author":{"name":"apuntesdesanluis.com","@id":"https:\/\/apuntesdesanluis.com\/#\/schema\/person\/b55151d52296fcce64d1a72538a70b90"},"headline":"JAVIER MILEI OFICIALIZ\u00d3 AL TUITERO &#8220;JUAN DOE&#8221; COMO DIRECTOR DE COMUNICACI\u00d3N OFICIAL DE LA PRESIDENCIA","datePublished":"2024-06-05T01:14:16+00:00","mainEntityOfPage":{"@id":"https:\/\/apuntesdesanluis.com\/index.php\/2024\/06\/04\/javier-milei-oficializo-al-tuitero-juan-doe-como-director-de-comunicacion-oficial-de-la-presidencia\/"},"wordCount":795,"publisher":{"@id":"https:\/\/apuntesdesanluis.com\/#\/schema\/person\/b55151d52296fcce64d1a72538a70b90"},"image":{"@id":"https:\/\/apuntesdesanluis.com\/index.php\/2024\/06\/04\/javier-milei-oficializo-al-tuitero-juan-doe-como-director-de-comunicacion-oficial-de-la-presidencia\/#primaryimage"},"thumbnailUrl":"https:\/\/apuntesdesanluis.com\/wp-content\/uploads\/2024\/06\/milei-y-carreira.png","articleSection":["Nacionales\/Internacionales"],"inLanguage":"es-AR"},{"@type":"WebPage","@id":"https:\/\/apuntesdesanluis.com\/index.php\/2024\/06\/04\/javier-milei-oficializo-al-tuitero-juan-doe-como-director-de-comunicacion-oficial-de-la-presidencia\/","url":"https:\/\/apuntesdesanluis.com\/index.php\/2024\/06\/04\/javier-milei-oficializo-al-tuitero-juan-doe-como-director-de-comunicacion-oficial-de-la-presidencia\/","name":"JAVIER MILEI OFICIALIZ\u00d3 AL TUITERO \"JUAN DOE\" COMO DIRECTOR DE COMUNICACI\u00d3N OFICIAL DE LA PRESIDENCIA - Apuntes de San Luis","isPartOf":{"@id":"https:\/\/apuntesdesanluis.com\/#website"},"primaryImageOfPage":{"@id":"https:\/\/apuntesdesanluis.com\/index.php\/2024\/06\/04\/javier-milei-oficializo-al-tuitero-juan-doe-como-director-de-comunicacion-oficial-de-la-presidencia\/#primaryimage"},"image":{"@id":"https:\/\/apuntesdesanluis.com\/index.php\/2024\/06\/04\/javier-milei-oficializo-al-tuitero-juan-doe-como-director-de-comunicacion-oficial-de-la-presidencia\/#primaryimage"},"thumbnailUrl":"https:\/\/apuntesdesanluis.com\/wp-content\/uploads\/2024\/06\/milei-y-carreira.png","datePublished":"2024-06-05T01:14:16+00:00","breadcrumb":{"@id":"https:\/\/apuntesdesanluis.com\/index.php\/2024\/06\/04\/javier-milei-oficializo-al-tuitero-juan-doe-como-director-de-comunicacion-oficial-de-la-presidencia\/#breadcrumb"},"inLanguage":"es-AR","potentialAction":[{"@type":"ReadAction","target":["https:\/\/apuntesdesanluis.com\/index.php\/2024\/06\/04\/javier-milei-oficializo-al-tuitero-juan-doe-como-director-de-comunicacion-oficial-de-la-presidencia\/"]}]},{"@type":"ImageObject","inLanguage":"es-AR","@id":"https:\/\/apuntesdesanluis.com\/index.php\/2024\/06\/04\/javier-milei-oficializo-al-tuitero-juan-doe-como-director-de-comunicacion-oficial-de-la-presidencia\/#primaryimage","url":"https:\/\/apuntesdesanluis.com\/wp-content\/uploads\/2024\/06\/milei-y-carreira.png","contentUrl":"https:\/\/apuntesdesanluis.com\/wp-content\/uploads\/2024\/06\/milei-y-carreira.png","width":700,"height":402},{"@type":"BreadcrumbList","@id":"https:\/\/apuntesdesanluis.com\/index.php\/2024\/06\/04\/javier-milei-oficializo-al-tuitero-juan-doe-como-director-de-comunicacion-oficial-de-la-presidencia\/#breadcrumb","itemListElement":[{"@type":"ListItem","position":1,"name":"Inicio","item":"https:\/\/apuntesdesanluis.com\/"},{"@type":"ListItem","position":2,"name":"JAVIER MILEI OFICIALIZ\u00d3 AL TUITERO &#8220;JUAN DOE&#8221; COMO DIRECTOR DE COMUNICACI\u00d3N OFICIAL DE LA PRESIDENCIA"}]},{"@type":"WebSite","@id":"https:\/\/apuntesdesanluis.com\/#website","url":"https:\/\/apuntesdesanluis.com\/","name":"Apuntes de San Luis","description":"","publisher":{"@id":"https:\/\/apuntesdesanluis.com\/#\/schema\/person\/b55151d52296fcce64d1a72538a70b90"},"potentialAction":[{"@type":"SearchAction","target":{"@type":"EntryPoint","urlTemplate":"https:\/\/apuntesdesanluis.com\/?s={search_term_string}"},"query-input":{"@type":"PropertyValueSpecification","valueRequired":true,"valueName":"search_term_string"}}],"inLanguage":"es-AR"},{"@type":["Person","Organization"],"@id":"https:\/\/apuntesdesanluis.com\/#\/schema\/person\/b55151d52296fcce64d1a72538a70b90","name":"apuntesdesanluis.com","image":{"@type":"ImageObject","inLanguage":"es-AR","@id":"https:\/\/apuntesdesanluis.com\/#\/schema\/person\/image\/","url":"https:\/\/apuntesdesanluis.com\/wp-content\/uploads\/2023\/07\/cropped-apuntesdesanluis.png","contentUrl":"https:\/\/apuntesdesanluis.com\/wp-content\/uploads\/2023\/07\/cropped-apuntesdesanluis.png","width":450,"height":112,"caption":"apuntesdesanluis.com"},"logo":{"@id":"https:\/\/apuntesdesanluis.com\/#\/schema\/person\/image\/"},"sameAs":["https:\/\/apuntesdesanluis.com"],"url":"https:\/\/apuntesdesanluis.com\/index.php\/author\/apuntesdesanluis-com\/"}]}},"featured_image_urls":{"full":["https:\/\/apuntesdesanluis.com\/wp-content\/uploads\/2024\/06\/milei-y-carreira.png",700,402,false],"thumbnail":["https:\/\/apuntesdesanluis.com\/wp-content\/uploads\/2024\/06\/milei-y-carreira-150x150.png",150,150,true],"medium":["https:\/\/apuntesdesanluis.com\/wp-content\/uploads\/2024\/06\/milei-y-carreira-300x172.png",300,172,true],"medium_large":["https:\/\/apuntesdesanluis.com\/wp-content\/uploads\/2024\/06\/milei-y-carreira.png",640,368,false],"large":["https:\/\/apuntesdesanluis.com\/wp-content\/uploads\/2024\/06\/milei-y-carreira.png",640,368,false],"1536x1536":["https:\/\/apuntesdesanluis.com\/wp-content\/uploads\/2024\/06\/milei-y-carreira.png",700,402,false],"2048x2048":["https:\/\/apuntesdesanluis.com\/wp-content\/uploads\/2024\/06\/milei-y-carreira.png",700,402,false],"newsever-slider-full":["https:\/\/apuntesdesanluis.com\/wp-content\/uploads\/2024\/06\/milei-y-carreira.png",700,402,false],"newsever-featured":["https:\/\/apuntesdesanluis.com\/wp-content\/uploads\/2024\/06\/milei-y-carreira.png",700,402,false],"newsever-medium":["https:\/\/apuntesdesanluis.com\/wp-content\/uploads\/2024\/06\/milei-y-carreira.png",700,402,false]},"author_info":{"display_name":"apuntesdesanluis.com","author_link":"https:\/\/apuntesdesanluis.com\/index.php\/author\/apuntesdesanluis-com\/"},"category_info":"<a href=\"https:\/\/apuntesdesanluis.com\/index.php\/category\/nacionales-internacionales\/\" rel=\"category tag\">Nacionales\/Internacionales<\/a>","tag_info":"Nacionales\/Internacionales","comment_count":"0","_links":{"self":[{"href":"https:\/\/apuntesdesanluis.com\/index.php\/wp-json\/wp\/v2\/posts\/17391","targetHints":{"allow":["GET"]}}],"collection":[{"href":"https:\/\/apuntesdesanluis.com\/index.php\/wp-json\/wp\/v2\/posts"}],"about":[{"href":"https:\/\/apuntesdesanluis.com\/index.php\/wp-json\/wp\/v2\/types\/post"}],"author":[{"embeddable":true,"href":"https:\/\/apuntesdesanluis.com\/index.php\/wp-json\/wp\/v2\/users\/1"}],"replies":[{"embeddable":true,"href":"https:\/\/apuntesdesanluis.com\/index.php\/wp-json\/wp\/v2\/comments?post=17391"}],"version-history":[{"count":1,"href":"https:\/\/apuntesdesanluis.com\/index.php\/wp-json\/wp\/v2\/posts\/17391\/revisions"}],"predecessor-version":[{"id":17395,"href":"https:\/\/apuntesdesanluis.com\/index.php\/wp-json\/wp\/v2\/posts\/17391\/revisions\/17395"}],"wp:featuredmedia":[{"embeddable":true,"href":"https:\/\/apuntesdesanluis.com\/index.php\/wp-json\/wp\/v2\/media\/17392"}],"wp:attachment":[{"href":"https:\/\/apuntesdesanluis.com\/index.php\/wp-json\/wp\/v2\/media?parent=17391"}],"wp:term":[{"taxonomy":"category","embeddable":true,"href":"https:\/\/apuntesdesanluis.com\/index.php\/wp-json\/wp\/v2\/categories?post=17391"},{"taxonomy":"post_tag","embeddable":true,"href":"https:\/\/apuntesdesanluis.com\/index.php\/wp-json\/wp\/v2\/tags?post=17391"}],"curies":[{"name":"wp","href":"https:\/\/api.w.org\/{rel}","templated":true}]}}