{"id":17410,"date":"2024-06-05T00:55:42","date_gmt":"2024-06-05T03:55:42","guid":{"rendered":"https:\/\/apuntesdesanluis.com\/?p=17410"},"modified":"2024-06-05T00:56:44","modified_gmt":"2024-06-05T03:56:44","slug":"temor-por-cierre-o-venta-de-la-panalera-atsa-en-estado-de-alerta","status":"publish","type":"post","link":"https:\/\/apuntesdesanluis.com\/index.php\/2024\/06\/05\/temor-por-cierre-o-venta-de-la-panalera-atsa-en-estado-de-alerta\/","title":{"rendered":"TEMOR POR CIERRE O VENTA DE LA PA\u00d1ALERA: ATSA EN ESTADO DE ALERTA"},"content":{"rendered":"<h3>En las \u00faltimas semanas arrecian las versiones que ponen en duda la continuidad de la empresa <strong>Procter &amp; Gamble<\/strong> (P&amp;G), multinacional que tiene una de sus empresas en Villa Mercedes.<\/h3>\n<h3>Este martes el secretario General de ATSA San Luis, <strong>An\u00edbal G\u00f3mez<\/strong>, y otros miembros de la comisi\u00f3n directiva, mantuvieron reuniones con directivos y personal de la empresa, para tratar de tener un panorama cierto, pero por ahora reina una marcada incertidumbre.<\/h3>\n<p><img fetchpriority=\"high\" decoding=\"async\" class=\"wp-image-17412 aligncenter\" src=\"https:\/\/apuntesdesanluis.com\/wp-content\/uploads\/2024\/06\/gomez-con-directivos-300x162.png\" alt=\"\" width=\"596\" height=\"322\" srcset=\"https:\/\/apuntesdesanluis.com\/wp-content\/uploads\/2024\/06\/gomez-con-directivos-300x162.png 300w, https:\/\/apuntesdesanluis.com\/wp-content\/uploads\/2024\/06\/gomez-con-directivos-1024x554.png 1024w, https:\/\/apuntesdesanluis.com\/wp-content\/uploads\/2024\/06\/gomez-con-directivos-768x416.png 768w, https:\/\/apuntesdesanluis.com\/wp-content\/uploads\/2024\/06\/gomez-con-directivos.png 1114w\" sizes=\"(max-width: 596px) 100vw, 596px\" \/><\/p>\n<h3>\u201cLos trabajadores est\u00e1n angustiados y molestos por esta situaci\u00f3n y es comprensible. No podemos saber con certeza cu\u00e1l va a ser el destino de esta importante empresa. S\u00ed sabemos que hay versiones sobre que se habr\u00eda vendido, pero todo en el aire, no hay una comunicaci\u00f3n oficial\u201d, reconoci\u00f3 el titular de la sanidad.<\/h3>\n<h3>A\u00f1adi\u00f3 que \u201cni los propios directivos locales conocen a ciencia cierta qu\u00e9 se ha dispuesto. No obstante nos permitieron ingresar a la f\u00e1brica para reunirnos con el personal y dialogar sobre las dudas y planteos que tienen. Los trabajadores est\u00e1n molestos, porque no se les informa qu\u00e9 va a suceder con las fuentes de trabajo, si la planta va a seguir funcionando o si va a cerrar sus puertas. Si pasara esto \u00faltimo, si van a cobrar sus indemnizaciones y dem\u00e1s\u201d.<\/h3>\n<p><img decoding=\"async\" class=\"wp-image-17413 aligncenter\" src=\"https:\/\/apuntesdesanluis.com\/wp-content\/uploads\/2024\/06\/gomez-asamblea-300x186.png\" alt=\"\" width=\"594\" height=\"368\" srcset=\"https:\/\/apuntesdesanluis.com\/wp-content\/uploads\/2024\/06\/gomez-asamblea-300x186.png 300w, https:\/\/apuntesdesanluis.com\/wp-content\/uploads\/2024\/06\/gomez-asamblea-768x476.png 768w, https:\/\/apuntesdesanluis.com\/wp-content\/uploads\/2024\/06\/gomez-asamblea.png 982w\" sizes=\"(max-width: 594px) 100vw, 594px\" \/><\/p>\n<h3>\u201cNosotros tratamos de evacuar las dudas de los trabajadores y les expresamos todo nuestro apoyo y solidaridad. ATSA en pleno se encuentra en estado de alerta en defensa de las fuentes de trabajo. Vamos a hacer todo lo que est\u00e9 a nuestro alcance en ese sentido, pero tambi\u00e9n sabemos que hay decisiones empresarias que se toman en el m\u00e1s alto nivel y eso nos supera. De todos modos, pedimos respeto para con los trabajadores y exigimos que se informe qu\u00e9 est\u00e1 pasando, no que se juegue con la necesidad de los empleados, que sufren esta angustia de no saber si van a poder conservar su trabajo\u201d.<\/h3>\n<p><img decoding=\"async\" class=\"wp-image-17414 aligncenter\" src=\"https:\/\/apuntesdesanluis.com\/wp-content\/uploads\/2024\/06\/gomez-saludo-300x185.png\" alt=\"\" width=\"594\" height=\"366\" srcset=\"https:\/\/apuntesdesanluis.com\/wp-content\/uploads\/2024\/06\/gomez-saludo-300x185.png 300w, https:\/\/apuntesdesanluis.com\/wp-content\/uploads\/2024\/06\/gomez-saludo.png 738w\" sizes=\"(max-width: 594px) 100vw, 594px\" \/><\/p>\n<h3>Finalmente G\u00f3mez sostuvo: &#8220;Desde ATSA estamos acompa\u00f1ando a todos los trabajadores en este momento de tantas dudas e inestabilidad. Les expresamos nuestra solidaridad y apoyo en esta lucha por la defensa de los puestos de trabajo. Debemos estar fuertes y unidos, impedir que se produzca cualquier intento\u00a0 de vaciamiento o de salida de m\u00e1quinas y exigir que se nos diga la verdad acerca de cu\u00e1l va a ser el futuro de esta empresa&#8221;, enfatiz\u00f3.<\/h3>\n<p>&nbsp;<\/p>\n<p>&nbsp;<\/p>\n<p>&nbsp;<\/p>\n<p>&nbsp;<\/p>\n<p>&nbsp;<\/p>\n","protected":false},"excerpt":{"rendered":"<p>En las \u00faltimas semanas arrecian las versiones que ponen en duda la continuidad de la&#8230;<\/p>\n","protected":false},"author":1,"featured_media":17411,"comment_status":"closed","ping_status":"closed","sticky":false,"template":"","format":"standard","meta":{"footnotes":""},"categories":[6],"tags":[],"class_list":["post-17410","post","type-post","status-publish","format-standard","has-post-thumbnail","hentry","category-ciudad-provincia"],"yoast_head":"<!-- This site is optimized with the Yoast SEO plugin v26.1.1 - https:\/\/yoast.com\/wordpress\/plugins\/seo\/ -->\n<title>TEMOR POR CIERRE O VENTA DE LA PA\u00d1ALERA: ATSA EN ESTADO DE ALERTA - Apuntes de San Luis<\/title>\n<meta name=\"robots\" content=\"index, follow, max-snippet:-1, max-image-preview:large, max-video-preview:-1\" \/>\n<link rel=\"canonical\" href=\"https:\/\/apuntesdesanluis.com\/index.php\/2024\/06\/05\/temor-por-cierre-o-venta-de-la-panalera-atsa-en-estado-de-alerta\/\" \/>\n<meta property=\"og:locale\" content=\"es_ES\" \/>\n<meta property=\"og:type\" content=\"article\" \/>\n<meta property=\"og:title\" content=\"TEMOR POR CIERRE O VENTA DE LA PA\u00d1ALERA: ATSA EN ESTADO DE ALERTA - Apuntes de San Luis\" \/>\n<meta property=\"og:description\" content=\"En las \u00faltimas semanas arrecian las versiones que ponen en duda la continuidad de la...\" \/>\n<meta property=\"og:url\" content=\"https:\/\/apuntesdesanluis.com\/index.php\/2024\/06\/05\/temor-por-cierre-o-venta-de-la-panalera-atsa-en-estado-de-alerta\/\" \/>\n<meta property=\"og:site_name\" content=\"Apuntes de San Luis\" \/>\n<meta property=\"article:published_time\" content=\"2024-06-05T03:55:42+00:00\" \/>\n<meta property=\"article:modified_time\" content=\"2024-06-05T03:56:44+00:00\" \/>\n<meta property=\"og:image\" content=\"https:\/\/apuntesdesanluis.com\/wp-content\/uploads\/2024\/06\/procter.png\" \/>\n\t<meta property=\"og:image:width\" content=\"831\" \/>\n\t<meta property=\"og:image:height\" content=\"480\" \/>\n\t<meta property=\"og:image:type\" content=\"image\/png\" \/>\n<meta name=\"author\" content=\"apuntesdesanluis.com\" \/>\n<meta name=\"twitter:card\" content=\"summary_large_image\" \/>\n<meta name=\"twitter:label1\" content=\"Escrito por\" \/>\n\t<meta name=\"twitter:data1\" content=\"apuntesdesanluis.com\" \/>\n\t<meta name=\"twitter:label2\" content=\"Tiempo de lectura\" \/>\n\t<meta name=\"twitter:data2\" content=\"3 minutos\" \/>\n<script type=\"application\/ld+json\" class=\"yoast-schema-graph\">{\"@context\":\"https:\/\/schema.org\",\"@graph\":[{\"@type\":\"Article\",\"@id\":\"https:\/\/apuntesdesanluis.com\/index.php\/2024\/06\/05\/temor-por-cierre-o-venta-de-la-panalera-atsa-en-estado-de-alerta\/#article\",\"isPartOf\":{\"@id\":\"https:\/\/apuntesdesanluis.com\/index.php\/2024\/06\/05\/temor-por-cierre-o-venta-de-la-panalera-atsa-en-estado-de-alerta\/\"},\"author\":{\"name\":\"apuntesdesanluis.com\",\"@id\":\"https:\/\/apuntesdesanluis.com\/#\/schema\/person\/b55151d52296fcce64d1a72538a70b90\"},\"headline\":\"TEMOR POR CIERRE O VENTA DE LA PA\u00d1ALERA: ATSA EN ESTADO DE ALERTA\",\"datePublished\":\"2024-06-05T03:55:42+00:00\",\"dateModified\":\"2024-06-05T03:56:44+00:00\",\"mainEntityOfPage\":{\"@id\":\"https:\/\/apuntesdesanluis.com\/index.php\/2024\/06\/05\/temor-por-cierre-o-venta-de-la-panalera-atsa-en-estado-de-alerta\/\"},\"wordCount\":424,\"publisher\":{\"@id\":\"https:\/\/apuntesdesanluis.com\/#\/schema\/person\/b55151d52296fcce64d1a72538a70b90\"},\"image\":{\"@id\":\"https:\/\/apuntesdesanluis.com\/index.php\/2024\/06\/05\/temor-por-cierre-o-venta-de-la-panalera-atsa-en-estado-de-alerta\/#primaryimage\"},\"thumbnailUrl\":\"https:\/\/apuntesdesanluis.com\/wp-content\/uploads\/2024\/06\/procter.png\",\"articleSection\":[\"Ciudad\/Provincia\"],\"inLanguage\":\"es-AR\"},{\"@type\":\"WebPage\",\"@id\":\"https:\/\/apuntesdesanluis.com\/index.php\/2024\/06\/05\/temor-por-cierre-o-venta-de-la-panalera-atsa-en-estado-de-alerta\/\",\"url\":\"https:\/\/apuntesdesanluis.com\/index.php\/2024\/06\/05\/temor-por-cierre-o-venta-de-la-panalera-atsa-en-estado-de-alerta\/\",\"name\":\"TEMOR POR CIERRE O VENTA DE LA PA\u00d1ALERA: ATSA EN ESTADO DE ALERTA - Apuntes de San Luis\",\"isPartOf\":{\"@id\":\"https:\/\/apuntesdesanluis.com\/#website\"},\"primaryImageOfPage\":{\"@id\":\"https:\/\/apuntesdesanluis.com\/index.php\/2024\/06\/05\/temor-por-cierre-o-venta-de-la-panalera-atsa-en-estado-de-alerta\/#primaryimage\"},\"image\":{\"@id\":\"https:\/\/apuntesdesanluis.com\/index.php\/2024\/06\/05\/temor-por-cierre-o-venta-de-la-panalera-atsa-en-estado-de-alerta\/#primaryimage\"},\"thumbnailUrl\":\"https:\/\/apuntesdesanluis.com\/wp-content\/uploads\/2024\/06\/procter.png\",\"datePublished\":\"2024-06-05T03:55:42+00:00\",\"dateModified\":\"2024-06-05T03:56:44+00:00\",\"breadcrumb\":{\"@id\":\"https:\/\/apuntesdesanluis.com\/index.php\/2024\/06\/05\/temor-por-cierre-o-venta-de-la-panalera-atsa-en-estado-de-alerta\/#breadcrumb\"},\"inLanguage\":\"es-AR\",\"potentialAction\":[{\"@type\":\"ReadAction\",\"target\":[\"https:\/\/apuntesdesanluis.com\/index.php\/2024\/06\/05\/temor-por-cierre-o-venta-de-la-panalera-atsa-en-estado-de-alerta\/\"]}]},{\"@type\":\"ImageObject\",\"inLanguage\":\"es-AR\",\"@id\":\"https:\/\/apuntesdesanluis.com\/index.php\/2024\/06\/05\/temor-por-cierre-o-venta-de-la-panalera-atsa-en-estado-de-alerta\/#primaryimage\",\"url\":\"https:\/\/apuntesdesanluis.com\/wp-content\/uploads\/2024\/06\/procter.png\",\"contentUrl\":\"https:\/\/apuntesdesanluis.com\/wp-content\/uploads\/2024\/06\/procter.png\",\"width\":831,\"height\":480},{\"@type\":\"BreadcrumbList\",\"@id\":\"https:\/\/apuntesdesanluis.com\/index.php\/2024\/06\/05\/temor-por-cierre-o-venta-de-la-panalera-atsa-en-estado-de-alerta\/#breadcrumb\",\"itemListElement\":[{\"@type\":\"ListItem\",\"position\":1,\"name\":\"Inicio\",\"item\":\"https:\/\/apuntesdesanluis.com\/\"},{\"@type\":\"ListItem\",\"position\":2,\"name\":\"TEMOR POR CIERRE O VENTA DE LA PA\u00d1ALERA: ATSA EN ESTADO DE ALERTA\"}]},{\"@type\":\"WebSite\",\"@id\":\"https:\/\/apuntesdesanluis.com\/#website\",\"url\":\"https:\/\/apuntesdesanluis.com\/\",\"name\":\"Apuntes de San Luis\",\"description\":\"\",\"publisher\":{\"@id\":\"https:\/\/apuntesdesanluis.com\/#\/schema\/person\/b55151d52296fcce64d1a72538a70b90\"},\"potentialAction\":[{\"@type\":\"SearchAction\",\"target\":{\"@type\":\"EntryPoint\",\"urlTemplate\":\"https:\/\/apuntesdesanluis.com\/?s={search_term_string}\"},\"query-input\":{\"@type\":\"PropertyValueSpecification\",\"valueRequired\":true,\"valueName\":\"search_term_string\"}}],\"inLanguage\":\"es-AR\"},{\"@type\":[\"Person\",\"Organization\"],\"@id\":\"https:\/\/apuntesdesanluis.com\/#\/schema\/person\/b55151d52296fcce64d1a72538a70b90\",\"name\":\"apuntesdesanluis.com\",\"image\":{\"@type\":\"ImageObject\",\"inLanguage\":\"es-AR\",\"@id\":\"https:\/\/apuntesdesanluis.com\/#\/schema\/person\/image\/\",\"url\":\"https:\/\/apuntesdesanluis.com\/wp-content\/uploads\/2023\/07\/cropped-apuntesdesanluis.png\",\"contentUrl\":\"https:\/\/apuntesdesanluis.com\/wp-content\/uploads\/2023\/07\/cropped-apuntesdesanluis.png\",\"width\":450,\"height\":112,\"caption\":\"apuntesdesanluis.com\"},\"logo\":{\"@id\":\"https:\/\/apuntesdesanluis.com\/#\/schema\/person\/image\/\"},\"sameAs\":[\"https:\/\/apuntesdesanluis.com\"],\"url\":\"https:\/\/apuntesdesanluis.com\/index.php\/author\/apuntesdesanluis-com\/\"}]}<\/script>\n<!-- \/ Yoast SEO plugin. -->","yoast_head_json":{"title":"TEMOR POR CIERRE O VENTA DE LA PA\u00d1ALERA: ATSA EN ESTADO DE ALERTA - Apuntes de San Luis","robots":{"index":"index","follow":"follow","max-snippet":"max-snippet:-1","max-image-preview":"max-image-preview:large","max-video-preview":"max-video-preview:-1"},"canonical":"https:\/\/apuntesdesanluis.com\/index.php\/2024\/06\/05\/temor-por-cierre-o-venta-de-la-panalera-atsa-en-estado-de-alerta\/","og_locale":"es_ES","og_type":"article","og_title":"TEMOR POR CIERRE O VENTA DE LA PA\u00d1ALERA: ATSA EN ESTADO DE ALERTA - Apuntes de San Luis","og_description":"En las \u00faltimas semanas arrecian las versiones que ponen en duda la continuidad de la...","og_url":"https:\/\/apuntesdesanluis.com\/index.php\/2024\/06\/05\/temor-por-cierre-o-venta-de-la-panalera-atsa-en-estado-de-alerta\/","og_site_name":"Apuntes de San Luis","article_published_time":"2024-06-05T03:55:42+00:00","article_modified_time":"2024-06-05T03:56:44+00:00","og_image":[{"width":831,"height":480,"url":"https:\/\/apuntesdesanluis.com\/wp-content\/uploads\/2024\/06\/procter.png","type":"image\/png"}],"author":"apuntesdesanluis.com","twitter_card":"summary_large_image","twitter_misc":{"Escrito por":"apuntesdesanluis.com","Tiempo de lectura":"3 minutos"},"schema":{"@context":"https:\/\/schema.org","@graph":[{"@type":"Article","@id":"https:\/\/apuntesdesanluis.com\/index.php\/2024\/06\/05\/temor-por-cierre-o-venta-de-la-panalera-atsa-en-estado-de-alerta\/#article","isPartOf":{"@id":"https:\/\/apuntesdesanluis.com\/index.php\/2024\/06\/05\/temor-por-cierre-o-venta-de-la-panalera-atsa-en-estado-de-alerta\/"},"author":{"name":"apuntesdesanluis.com","@id":"https:\/\/apuntesdesanluis.com\/#\/schema\/person\/b55151d52296fcce64d1a72538a70b90"},"headline":"TEMOR POR CIERRE O VENTA DE LA PA\u00d1ALERA: ATSA EN ESTADO DE ALERTA","datePublished":"2024-06-05T03:55:42+00:00","dateModified":"2024-06-05T03:56:44+00:00","mainEntityOfPage":{"@id":"https:\/\/apuntesdesanluis.com\/index.php\/2024\/06\/05\/temor-por-cierre-o-venta-de-la-panalera-atsa-en-estado-de-alerta\/"},"wordCount":424,"publisher":{"@id":"https:\/\/apuntesdesanluis.com\/#\/schema\/person\/b55151d52296fcce64d1a72538a70b90"},"image":{"@id":"https:\/\/apuntesdesanluis.com\/index.php\/2024\/06\/05\/temor-por-cierre-o-venta-de-la-panalera-atsa-en-estado-de-alerta\/#primaryimage"},"thumbnailUrl":"https:\/\/apuntesdesanluis.com\/wp-content\/uploads\/2024\/06\/procter.png","articleSection":["Ciudad\/Provincia"],"inLanguage":"es-AR"},{"@type":"WebPage","@id":"https:\/\/apuntesdesanluis.com\/index.php\/2024\/06\/05\/temor-por-cierre-o-venta-de-la-panalera-atsa-en-estado-de-alerta\/","url":"https:\/\/apuntesdesanluis.com\/index.php\/2024\/06\/05\/temor-por-cierre-o-venta-de-la-panalera-atsa-en-estado-de-alerta\/","name":"TEMOR POR CIERRE O VENTA DE LA PA\u00d1ALERA: ATSA EN ESTADO DE ALERTA - Apuntes de San Luis","isPartOf":{"@id":"https:\/\/apuntesdesanluis.com\/#website"},"primaryImageOfPage":{"@id":"https:\/\/apuntesdesanluis.com\/index.php\/2024\/06\/05\/temor-por-cierre-o-venta-de-la-panalera-atsa-en-estado-de-alerta\/#primaryimage"},"image":{"@id":"https:\/\/apuntesdesanluis.com\/index.php\/2024\/06\/05\/temor-por-cierre-o-venta-de-la-panalera-atsa-en-estado-de-alerta\/#primaryimage"},"thumbnailUrl":"https:\/\/apuntesdesanluis.com\/wp-content\/uploads\/2024\/06\/procter.png","datePublished":"2024-06-05T03:55:42+00:00","dateModified":"2024-06-05T03:56:44+00:00","breadcrumb":{"@id":"https:\/\/apuntesdesanluis.com\/index.php\/2024\/06\/05\/temor-por-cierre-o-venta-de-la-panalera-atsa-en-estado-de-alerta\/#breadcrumb"},"inLanguage":"es-AR","potentialAction":[{"@type":"ReadAction","target":["https:\/\/apuntesdesanluis.com\/index.php\/2024\/06\/05\/temor-por-cierre-o-venta-de-la-panalera-atsa-en-estado-de-alerta\/"]}]},{"@type":"ImageObject","inLanguage":"es-AR","@id":"https:\/\/apuntesdesanluis.com\/index.php\/2024\/06\/05\/temor-por-cierre-o-venta-de-la-panalera-atsa-en-estado-de-alerta\/#primaryimage","url":"https:\/\/apuntesdesanluis.com\/wp-content\/uploads\/2024\/06\/procter.png","contentUrl":"https:\/\/apuntesdesanluis.com\/wp-content\/uploads\/2024\/06\/procter.png","width":831,"height":480},{"@type":"BreadcrumbList","@id":"https:\/\/apuntesdesanluis.com\/index.php\/2024\/06\/05\/temor-por-cierre-o-venta-de-la-panalera-atsa-en-estado-de-alerta\/#breadcrumb","itemListElement":[{"@type":"ListItem","position":1,"name":"Inicio","item":"https:\/\/apuntesdesanluis.com\/"},{"@type":"ListItem","position":2,"name":"TEMOR POR CIERRE O VENTA DE LA PA\u00d1ALERA: ATSA EN ESTADO DE ALERTA"}]},{"@type":"WebSite","@id":"https:\/\/apuntesdesanluis.com\/#website","url":"https:\/\/apuntesdesanluis.com\/","name":"Apuntes de San Luis","description":"","publisher":{"@id":"https:\/\/apuntesdesanluis.com\/#\/schema\/person\/b55151d52296fcce64d1a72538a70b90"},"potentialAction":[{"@type":"SearchAction","target":{"@type":"EntryPoint","urlTemplate":"https:\/\/apuntesdesanluis.com\/?s={search_term_string}"},"query-input":{"@type":"PropertyValueSpecification","valueRequired":true,"valueName":"search_term_string"}}],"inLanguage":"es-AR"},{"@type":["Person","Organization"],"@id":"https:\/\/apuntesdesanluis.com\/#\/schema\/person\/b55151d52296fcce64d1a72538a70b90","name":"apuntesdesanluis.com","image":{"@type":"ImageObject","inLanguage":"es-AR","@id":"https:\/\/apuntesdesanluis.com\/#\/schema\/person\/image\/","url":"https:\/\/apuntesdesanluis.com\/wp-content\/uploads\/2023\/07\/cropped-apuntesdesanluis.png","contentUrl":"https:\/\/apuntesdesanluis.com\/wp-content\/uploads\/2023\/07\/cropped-apuntesdesanluis.png","width":450,"height":112,"caption":"apuntesdesanluis.com"},"logo":{"@id":"https:\/\/apuntesdesanluis.com\/#\/schema\/person\/image\/"},"sameAs":["https:\/\/apuntesdesanluis.com"],"url":"https:\/\/apuntesdesanluis.com\/index.php\/author\/apuntesdesanluis-com\/"}]}},"featured_image_urls":{"full":["https:\/\/apuntesdesanluis.com\/wp-content\/uploads\/2024\/06\/procter.png",831,480,false],"thumbnail":["https:\/\/apuntesdesanluis.com\/wp-content\/uploads\/2024\/06\/procter-150x150.png",150,150,true],"medium":["https:\/\/apuntesdesanluis.com\/wp-content\/uploads\/2024\/06\/procter-300x173.png",300,173,true],"medium_large":["https:\/\/apuntesdesanluis.com\/wp-content\/uploads\/2024\/06\/procter-768x444.png",640,370,true],"large":["https:\/\/apuntesdesanluis.com\/wp-content\/uploads\/2024\/06\/procter.png",640,370,false],"1536x1536":["https:\/\/apuntesdesanluis.com\/wp-content\/uploads\/2024\/06\/procter.png",831,480,false],"2048x2048":["https:\/\/apuntesdesanluis.com\/wp-content\/uploads\/2024\/06\/procter.png",831,480,false],"newsever-slider-full":["https:\/\/apuntesdesanluis.com\/wp-content\/uploads\/2024\/06\/procter.png",831,480,false],"newsever-featured":["https:\/\/apuntesdesanluis.com\/wp-content\/uploads\/2024\/06\/procter.png",831,480,false],"newsever-medium":["https:\/\/apuntesdesanluis.com\/wp-content\/uploads\/2024\/06\/procter-720x475.png",720,475,true]},"author_info":{"display_name":"apuntesdesanluis.com","author_link":"https:\/\/apuntesdesanluis.com\/index.php\/author\/apuntesdesanluis-com\/"},"category_info":"<a href=\"https:\/\/apuntesdesanluis.com\/index.php\/category\/ciudad-provincia\/\" rel=\"category tag\">Ciudad\/Provincia<\/a>","tag_info":"Ciudad\/Provincia","comment_count":"0","_links":{"self":[{"href":"https:\/\/apuntesdesanluis.com\/index.php\/wp-json\/wp\/v2\/posts\/17410","targetHints":{"allow":["GET"]}}],"collection":[{"href":"https:\/\/apuntesdesanluis.com\/index.php\/wp-json\/wp\/v2\/posts"}],"about":[{"href":"https:\/\/apuntesdesanluis.com\/index.php\/wp-json\/wp\/v2\/types\/post"}],"author":[{"embeddable":true,"href":"https:\/\/apuntesdesanluis.com\/index.php\/wp-json\/wp\/v2\/users\/1"}],"replies":[{"embeddable":true,"href":"https:\/\/apuntesdesanluis.com\/index.php\/wp-json\/wp\/v2\/comments?post=17410"}],"version-history":[{"count":2,"href":"https:\/\/apuntesdesanluis.com\/index.php\/wp-json\/wp\/v2\/posts\/17410\/revisions"}],"predecessor-version":[{"id":17416,"href":"https:\/\/apuntesdesanluis.com\/index.php\/wp-json\/wp\/v2\/posts\/17410\/revisions\/17416"}],"wp:featuredmedia":[{"embeddable":true,"href":"https:\/\/apuntesdesanluis.com\/index.php\/wp-json\/wp\/v2\/media\/17411"}],"wp:attachment":[{"href":"https:\/\/apuntesdesanluis.com\/index.php\/wp-json\/wp\/v2\/media?parent=17410"}],"wp:term":[{"taxonomy":"category","embeddable":true,"href":"https:\/\/apuntesdesanluis.com\/index.php\/wp-json\/wp\/v2\/categories?post=17410"},{"taxonomy":"post_tag","embeddable":true,"href":"https:\/\/apuntesdesanluis.com\/index.php\/wp-json\/wp\/v2\/tags?post=17410"}],"curies":[{"name":"wp","href":"https:\/\/api.w.org\/{rel}","templated":true}]}}