{"id":17419,"date":"2024-06-05T22:36:28","date_gmt":"2024-06-06T01:36:28","guid":{"rendered":"https:\/\/apuntesdesanluis.com\/?p=17419"},"modified":"2024-06-05T22:36:28","modified_gmt":"2024-06-06T01:36:28","slug":"alvarez-pinto-presento-los-logros-y-objetivos-de-la-gestion-ambiental-2024","status":"publish","type":"post","link":"https:\/\/apuntesdesanluis.com\/index.php\/2024\/06\/05\/alvarez-pinto-presento-los-logros-y-objetivos-de-la-gestion-ambiental-2024\/","title":{"rendered":"\u00c1LVAREZ PINTO PRESENT\u00d3 LOS LOGROS Y OBJETIVOS DE LA GESTI\u00d3N AMBIENTAL 2024"},"content":{"rendered":"<h3>Este martes en el marco del <strong>D\u00eda Mundial del Medio Ambiente<\/strong>, la actual gesti\u00f3n municipal, con la presencia del intendente <strong>Juan \u00c1lvarez Pinto<\/strong> junto al\u00a0Secretario de Ambiente, Producci\u00f3n y Desarrollo Sustentable y su equipo, ofrecieron una conferencia de prensa para compartir el \u00e9xito de las estrategias desarrolladas y las metas planteadas en materia ecol\u00f3gica para este 2024.<\/h3>\n<h3>El Municipio de Villa de Merlo y su comunidad han demostrado siempre un compromiso con el cuidado del medio ambiente. Reconocida por su dedicaci\u00f3n a la sostenibilidad, la ciudad ha implementado una serie de iniciativas que reflejan el arduo trabajo y la colaboraci\u00f3n entre el gobierno local y los vecinos.<\/h3>\n<h3>\u201cEste esfuerzo conjunto ha permitido alcanzar resultados significativos y continuar avanzando hacia una ciudad m\u00e1s verde y consciente, por lo que agradecemos a cada vecino\/a por su constante apoyo y participaci\u00f3n activa en la preservaci\u00f3n de nuestro entorno\u201d, indic\u00f3 el jefe comunal.<\/h3>\n<h3>En el marco del D\u00eda Mundial del Ambiente, desde la Secretar\u00eda de Ambiente, Producci\u00f3n y Desarrollo sustentable se mencionaron las bases fundamentales en las que, a trav\u00e9s de sus direcciones, se ha estado trabajando con el compromiso de la gesti\u00f3n municipal en estos procesos.<\/h3>\n<p><img fetchpriority=\"high\" decoding=\"async\" class=\"wp-image-17421 aligncenter\" src=\"https:\/\/apuntesdesanluis.com\/wp-content\/uploads\/2024\/06\/e56c6716-de15-4e11-bcab-1956cf46aaac-300x200.jpg\" alt=\"\" width=\"584\" height=\"389\" srcset=\"https:\/\/apuntesdesanluis.com\/wp-content\/uploads\/2024\/06\/e56c6716-de15-4e11-bcab-1956cf46aaac-300x200.jpg 300w, https:\/\/apuntesdesanluis.com\/wp-content\/uploads\/2024\/06\/e56c6716-de15-4e11-bcab-1956cf46aaac-1024x682.jpg 1024w, https:\/\/apuntesdesanluis.com\/wp-content\/uploads\/2024\/06\/e56c6716-de15-4e11-bcab-1956cf46aaac-768x512.jpg 768w, https:\/\/apuntesdesanluis.com\/wp-content\/uploads\/2024\/06\/e56c6716-de15-4e11-bcab-1956cf46aaac-1536x1023.jpg 1536w, https:\/\/apuntesdesanluis.com\/wp-content\/uploads\/2024\/06\/e56c6716-de15-4e11-bcab-1956cf46aaac.jpg 1600w\" sizes=\"(max-width: 584px) 100vw, 584px\" \/><\/p>\n<h3>A trav\u00e9s de estas acciones, el Municipio de Villa de Merlo reafirma su compromiso con el medio ambiente, trabajando incansablemente para crear una comunidad m\u00e1s sostenible y consciente:<\/h3>\n<h3><strong>&#8211;<\/strong> El <strong>programa de recolecci\u00f3n diferenciada de residuos<\/strong>, iniciado el 6 de mayo, ha mostrado un notable crecimiento en la participaci\u00f3n ciudadana. En su primera recolecci\u00f3n el 7 de mayo, se logr\u00f3 un 30% de material reciclable, cifra que ha aumentado progresivamente hasta superar el 50% y acercarse al 60% en las \u00faltimas semanas. Este avance refleja el compromiso de los vecinos de los barrios involucrados en la iniciativa.<\/h3>\n<h3><strong>&#8211; <\/strong>En octubre, se lanzar\u00e1 la <strong>segunda etapa del programa <\/strong>en los barrios Las Moreras 1 y La Arbolada. Los promotores ambientales visitar\u00e1n cada hogar durante un mes para educar a los residentes sobre la correcta separaci\u00f3n de residuos, preparando el terreno para la implementaci\u00f3n de la recolecci\u00f3n diferenciada.<\/h3>\n<h3><strong>&#8211;<\/strong> En colaboraci\u00f3n con la Secretar\u00eda de Ambiente de la provincia, el Municipio de Villa de Merlo organiza <strong>ECO MERLO 2024, un festival ambiental integral <\/strong>que incluir\u00e1:<\/h3>\n<ul>\n<li>\n<h3>Espect\u00e1culos art\u00edsticos.<\/h3>\n<\/li>\n<li>\n<h3>Mesas de debate.<\/h3>\n<\/li>\n<li>\n<h3>Stands de ONG e instituciones relacionadas.<\/h3>\n<\/li>\n<li>\n<h3>Emprendimientos sustentables.<\/h3>\n<\/li>\n<li>\n<h3>Entrega de semillas por parte de la Escuela de Agroecolog\u00eda, con una capacidad reforzada para satisfacer la demanda.<\/h3>\n<\/li>\n<li>\n<h3>Cursos pr\u00f3ximos a Realizarse.<\/h3>\n<\/li>\n<li>\n<h3>Expropiaci\u00f3n de la Reserva \u201cEl Viejo Molino\u201d, inaugurado oficialmente como un espacio natural propio de todos los merlinos.<\/h3>\n<\/li>\n<\/ul>\n<h3><strong>&#8211; <\/strong>Adem\u00e1s, se anunci\u00f3 la <strong>2da edici\u00f3n del concurso Re Promos, destinado a j\u00f3venes de 6to a\u00f1o de diferentes instituciones educativas locales<\/strong>. Se realiza con el objetivo de continuar generando acciones de promoci\u00f3n del Centro Municipal de Reciclado, como una manera de incentivar la participaci\u00f3n del cuidado en el medio ambiente.<\/h3>\n<h3><strong>&#8211; Plan de Separaci\u00f3n de Residuos en Edificios Municipales<\/strong>. La Direcci\u00f3n de Producci\u00f3n Sostenible y Triple Impacto implementar\u00e1 la separaci\u00f3n de residuos en todos los edificios municipales, entregando cestos diferenciados para facilitar el proceso.<\/h3>\n<h3><strong>&#8211; <\/strong>La Direcci\u00f3n de Control Ambiental liderar\u00e1 un <strong>proyecto de forestaci\u00f3n en el Barrio 18 Viviendas <\/strong>utilizando especies aut\u00f3ctonas como aguaribay, acacias y cina cina. Este proyecto no solo busca embellecer el barrio sino tambi\u00e9n crear cortinas biol\u00f3gicas con especies seleccionadas seg\u00fan la orientaci\u00f3n cardinal.<\/h3>\n<h3><strong>&#8211; <\/strong>Por otro lado, a trav\u00e9s de la Direcci\u00f3n de Zoonosis y Enfermedades Transmitidas por Vectores, este a\u00f1o, se han realizado <strong>cerca de 500 castraciones<\/strong>, demostrando una alta demanda y compromiso del \u00e1rea. Se busca ampliar el staff de veterinarios para continuar ofreciendo este servicio crucial. Adem\u00e1s, se mantendr\u00e1n los operativos en barrios con el quir\u00f3fano m\u00f3vil y campa\u00f1as de vacunaci\u00f3n antirr\u00e1bica y desparasitaci\u00f3n.<\/h3>\n<h3>Se presentaron varios proyectos de ordenanzas para la Sesi\u00f3n Verde, entre ellos:<\/h3>\n<ul>\n<li>\n<h3>Monumentos Biol\u00f3gicos Municipales.<\/h3>\n<\/li>\n<li>\n<h3>Re Promos.<\/h3>\n<\/li>\n<li>\n<h3>Modificaci\u00f3n de tiempos de espera para la limpieza de terrenos bald\u00edos.<\/h3>\n<\/li>\n<li>\n<h3>Iluminaci\u00f3n LED en loteos, subdivisiones y parcelamientos, con especificaciones t\u00e9cnicas detalladas para asegurar eficiencia y durabilidad.<\/h3>\n<\/li>\n<\/ul>\n<h3><strong>&#8211; <\/strong>La gesti\u00f3n tambi\u00e9n ha anunciado una serie de cursos para la comunidad, que incluyen:<\/h3>\n<ul>\n<li>\n<h3>Contexto Hist\u00f3rico y Socio Productivo de la Regi\u00f3n<\/h3>\n<\/li>\n<li>\n<h3>Suelos<\/h3>\n<\/li>\n<li>\n<h3>Biodiversidad de las Sierras de los Comechingones<\/h3>\n<\/li>\n<li>\n<h3>Poda de Frutales<\/h3>\n<\/li>\n<li>\n<h3>Fruticultura<\/h3>\n<\/li>\n<\/ul>\n<p>&nbsp;<\/p>\n<p>&nbsp;<\/p>\n<p>&nbsp;<\/p>\n<p>&nbsp;<\/p>\n","protected":false},"excerpt":{"rendered":"<p>Este martes en el marco del D\u00eda Mundial del Medio Ambiente, la actual gesti\u00f3n municipal,&#8230;<\/p>\n","protected":false},"author":1,"featured_media":17420,"comment_status":"closed","ping_status":"closed","sticky":false,"template":"","format":"standard","meta":{"footnotes":""},"categories":[6],"tags":[],"class_list":["post-17419","post","type-post","status-publish","format-standard","has-post-thumbnail","hentry","category-ciudad-provincia"],"yoast_head":"<!-- This site is optimized with the Yoast SEO plugin v26.1.1 - https:\/\/yoast.com\/wordpress\/plugins\/seo\/ -->\n<title>\u00c1LVAREZ PINTO PRESENT\u00d3 LOS LOGROS Y OBJETIVOS DE LA GESTI\u00d3N AMBIENTAL 2024 - Apuntes de San Luis<\/title>\n<meta name=\"robots\" content=\"index, follow, max-snippet:-1, max-image-preview:large, max-video-preview:-1\" \/>\n<link rel=\"canonical\" href=\"https:\/\/apuntesdesanluis.com\/index.php\/2024\/06\/05\/alvarez-pinto-presento-los-logros-y-objetivos-de-la-gestion-ambiental-2024\/\" \/>\n<meta property=\"og:locale\" content=\"es_ES\" \/>\n<meta property=\"og:type\" content=\"article\" \/>\n<meta property=\"og:title\" content=\"\u00c1LVAREZ PINTO PRESENT\u00d3 LOS LOGROS Y OBJETIVOS DE LA GESTI\u00d3N AMBIENTAL 2024 - Apuntes de San Luis\" \/>\n<meta property=\"og:description\" content=\"Este martes en el marco del D\u00eda Mundial del Medio Ambiente, la actual gesti\u00f3n municipal,...\" \/>\n<meta property=\"og:url\" content=\"https:\/\/apuntesdesanluis.com\/index.php\/2024\/06\/05\/alvarez-pinto-presento-los-logros-y-objetivos-de-la-gestion-ambiental-2024\/\" \/>\n<meta property=\"og:site_name\" content=\"Apuntes de San Luis\" \/>\n<meta property=\"article:published_time\" content=\"2024-06-06T01:36:28+00:00\" \/>\n<meta property=\"og:image\" content=\"https:\/\/apuntesdesanluis.com\/wp-content\/uploads\/2024\/06\/6a634e16-6e92-4cc2-970f-736c727c001f.jpg\" \/>\n\t<meta property=\"og:image:width\" content=\"1600\" \/>\n\t<meta property=\"og:image:height\" content=\"1066\" \/>\n\t<meta property=\"og:image:type\" content=\"image\/jpeg\" \/>\n<meta name=\"author\" content=\"apuntesdesanluis.com\" \/>\n<meta name=\"twitter:card\" content=\"summary_large_image\" \/>\n<meta name=\"twitter:label1\" content=\"Escrito por\" \/>\n\t<meta name=\"twitter:data1\" content=\"apuntesdesanluis.com\" \/>\n\t<meta name=\"twitter:label2\" content=\"Tiempo de lectura\" \/>\n\t<meta name=\"twitter:data2\" content=\"4 minutos\" \/>\n<script type=\"application\/ld+json\" class=\"yoast-schema-graph\">{\"@context\":\"https:\/\/schema.org\",\"@graph\":[{\"@type\":\"Article\",\"@id\":\"https:\/\/apuntesdesanluis.com\/index.php\/2024\/06\/05\/alvarez-pinto-presento-los-logros-y-objetivos-de-la-gestion-ambiental-2024\/#article\",\"isPartOf\":{\"@id\":\"https:\/\/apuntesdesanluis.com\/index.php\/2024\/06\/05\/alvarez-pinto-presento-los-logros-y-objetivos-de-la-gestion-ambiental-2024\/\"},\"author\":{\"name\":\"apuntesdesanluis.com\",\"@id\":\"https:\/\/apuntesdesanluis.com\/#\/schema\/person\/b55151d52296fcce64d1a72538a70b90\"},\"headline\":\"\u00c1LVAREZ PINTO PRESENT\u00d3 LOS LOGROS Y OBJETIVOS DE LA GESTI\u00d3N AMBIENTAL 2024\",\"datePublished\":\"2024-06-06T01:36:28+00:00\",\"mainEntityOfPage\":{\"@id\":\"https:\/\/apuntesdesanluis.com\/index.php\/2024\/06\/05\/alvarez-pinto-presento-los-logros-y-objetivos-de-la-gestion-ambiental-2024\/\"},\"wordCount\":768,\"publisher\":{\"@id\":\"https:\/\/apuntesdesanluis.com\/#\/schema\/person\/b55151d52296fcce64d1a72538a70b90\"},\"image\":{\"@id\":\"https:\/\/apuntesdesanluis.com\/index.php\/2024\/06\/05\/alvarez-pinto-presento-los-logros-y-objetivos-de-la-gestion-ambiental-2024\/#primaryimage\"},\"thumbnailUrl\":\"https:\/\/apuntesdesanluis.com\/wp-content\/uploads\/2024\/06\/6a634e16-6e92-4cc2-970f-736c727c001f.jpg\",\"articleSection\":[\"Ciudad\/Provincia\"],\"inLanguage\":\"es-AR\"},{\"@type\":\"WebPage\",\"@id\":\"https:\/\/apuntesdesanluis.com\/index.php\/2024\/06\/05\/alvarez-pinto-presento-los-logros-y-objetivos-de-la-gestion-ambiental-2024\/\",\"url\":\"https:\/\/apuntesdesanluis.com\/index.php\/2024\/06\/05\/alvarez-pinto-presento-los-logros-y-objetivos-de-la-gestion-ambiental-2024\/\",\"name\":\"\u00c1LVAREZ PINTO PRESENT\u00d3 LOS LOGROS Y OBJETIVOS DE LA GESTI\u00d3N AMBIENTAL 2024 - Apuntes de San Luis\",\"isPartOf\":{\"@id\":\"https:\/\/apuntesdesanluis.com\/#website\"},\"primaryImageOfPage\":{\"@id\":\"https:\/\/apuntesdesanluis.com\/index.php\/2024\/06\/05\/alvarez-pinto-presento-los-logros-y-objetivos-de-la-gestion-ambiental-2024\/#primaryimage\"},\"image\":{\"@id\":\"https:\/\/apuntesdesanluis.com\/index.php\/2024\/06\/05\/alvarez-pinto-presento-los-logros-y-objetivos-de-la-gestion-ambiental-2024\/#primaryimage\"},\"thumbnailUrl\":\"https:\/\/apuntesdesanluis.com\/wp-content\/uploads\/2024\/06\/6a634e16-6e92-4cc2-970f-736c727c001f.jpg\",\"datePublished\":\"2024-06-06T01:36:28+00:00\",\"breadcrumb\":{\"@id\":\"https:\/\/apuntesdesanluis.com\/index.php\/2024\/06\/05\/alvarez-pinto-presento-los-logros-y-objetivos-de-la-gestion-ambiental-2024\/#breadcrumb\"},\"inLanguage\":\"es-AR\",\"potentialAction\":[{\"@type\":\"ReadAction\",\"target\":[\"https:\/\/apuntesdesanluis.com\/index.php\/2024\/06\/05\/alvarez-pinto-presento-los-logros-y-objetivos-de-la-gestion-ambiental-2024\/\"]}]},{\"@type\":\"ImageObject\",\"inLanguage\":\"es-AR\",\"@id\":\"https:\/\/apuntesdesanluis.com\/index.php\/2024\/06\/05\/alvarez-pinto-presento-los-logros-y-objetivos-de-la-gestion-ambiental-2024\/#primaryimage\",\"url\":\"https:\/\/apuntesdesanluis.com\/wp-content\/uploads\/2024\/06\/6a634e16-6e92-4cc2-970f-736c727c001f.jpg\",\"contentUrl\":\"https:\/\/apuntesdesanluis.com\/wp-content\/uploads\/2024\/06\/6a634e16-6e92-4cc2-970f-736c727c001f.jpg\",\"width\":1600,\"height\":1066},{\"@type\":\"BreadcrumbList\",\"@id\":\"https:\/\/apuntesdesanluis.com\/index.php\/2024\/06\/05\/alvarez-pinto-presento-los-logros-y-objetivos-de-la-gestion-ambiental-2024\/#breadcrumb\",\"itemListElement\":[{\"@type\":\"ListItem\",\"position\":1,\"name\":\"Inicio\",\"item\":\"https:\/\/apuntesdesanluis.com\/\"},{\"@type\":\"ListItem\",\"position\":2,\"name\":\"\u00c1LVAREZ PINTO PRESENT\u00d3 LOS LOGROS Y OBJETIVOS DE LA GESTI\u00d3N AMBIENTAL 2024\"}]},{\"@type\":\"WebSite\",\"@id\":\"https:\/\/apuntesdesanluis.com\/#website\",\"url\":\"https:\/\/apuntesdesanluis.com\/\",\"name\":\"Apuntes de San Luis\",\"description\":\"\",\"publisher\":{\"@id\":\"https:\/\/apuntesdesanluis.com\/#\/schema\/person\/b55151d52296fcce64d1a72538a70b90\"},\"potentialAction\":[{\"@type\":\"SearchAction\",\"target\":{\"@type\":\"EntryPoint\",\"urlTemplate\":\"https:\/\/apuntesdesanluis.com\/?s={search_term_string}\"},\"query-input\":{\"@type\":\"PropertyValueSpecification\",\"valueRequired\":true,\"valueName\":\"search_term_string\"}}],\"inLanguage\":\"es-AR\"},{\"@type\":[\"Person\",\"Organization\"],\"@id\":\"https:\/\/apuntesdesanluis.com\/#\/schema\/person\/b55151d52296fcce64d1a72538a70b90\",\"name\":\"apuntesdesanluis.com\",\"image\":{\"@type\":\"ImageObject\",\"inLanguage\":\"es-AR\",\"@id\":\"https:\/\/apuntesdesanluis.com\/#\/schema\/person\/image\/\",\"url\":\"https:\/\/apuntesdesanluis.com\/wp-content\/uploads\/2023\/07\/cropped-apuntesdesanluis.png\",\"contentUrl\":\"https:\/\/apuntesdesanluis.com\/wp-content\/uploads\/2023\/07\/cropped-apuntesdesanluis.png\",\"width\":450,\"height\":112,\"caption\":\"apuntesdesanluis.com\"},\"logo\":{\"@id\":\"https:\/\/apuntesdesanluis.com\/#\/schema\/person\/image\/\"},\"sameAs\":[\"https:\/\/apuntesdesanluis.com\"],\"url\":\"https:\/\/apuntesdesanluis.com\/index.php\/author\/apuntesdesanluis-com\/\"}]}<\/script>\n<!-- \/ Yoast SEO plugin. -->","yoast_head_json":{"title":"\u00c1LVAREZ PINTO PRESENT\u00d3 LOS LOGROS Y OBJETIVOS DE LA GESTI\u00d3N AMBIENTAL 2024 - Apuntes de San Luis","robots":{"index":"index","follow":"follow","max-snippet":"max-snippet:-1","max-image-preview":"max-image-preview:large","max-video-preview":"max-video-preview:-1"},"canonical":"https:\/\/apuntesdesanluis.com\/index.php\/2024\/06\/05\/alvarez-pinto-presento-los-logros-y-objetivos-de-la-gestion-ambiental-2024\/","og_locale":"es_ES","og_type":"article","og_title":"\u00c1LVAREZ PINTO PRESENT\u00d3 LOS LOGROS Y OBJETIVOS DE LA GESTI\u00d3N AMBIENTAL 2024 - Apuntes de San Luis","og_description":"Este martes en el marco del D\u00eda Mundial del Medio Ambiente, la actual gesti\u00f3n municipal,...","og_url":"https:\/\/apuntesdesanluis.com\/index.php\/2024\/06\/05\/alvarez-pinto-presento-los-logros-y-objetivos-de-la-gestion-ambiental-2024\/","og_site_name":"Apuntes de San Luis","article_published_time":"2024-06-06T01:36:28+00:00","og_image":[{"width":1600,"height":1066,"url":"https:\/\/apuntesdesanluis.com\/wp-content\/uploads\/2024\/06\/6a634e16-6e92-4cc2-970f-736c727c001f.jpg","type":"image\/jpeg"}],"author":"apuntesdesanluis.com","twitter_card":"summary_large_image","twitter_misc":{"Escrito por":"apuntesdesanluis.com","Tiempo de lectura":"4 minutos"},"schema":{"@context":"https:\/\/schema.org","@graph":[{"@type":"Article","@id":"https:\/\/apuntesdesanluis.com\/index.php\/2024\/06\/05\/alvarez-pinto-presento-los-logros-y-objetivos-de-la-gestion-ambiental-2024\/#article","isPartOf":{"@id":"https:\/\/apuntesdesanluis.com\/index.php\/2024\/06\/05\/alvarez-pinto-presento-los-logros-y-objetivos-de-la-gestion-ambiental-2024\/"},"author":{"name":"apuntesdesanluis.com","@id":"https:\/\/apuntesdesanluis.com\/#\/schema\/person\/b55151d52296fcce64d1a72538a70b90"},"headline":"\u00c1LVAREZ PINTO PRESENT\u00d3 LOS LOGROS Y OBJETIVOS DE LA GESTI\u00d3N AMBIENTAL 2024","datePublished":"2024-06-06T01:36:28+00:00","mainEntityOfPage":{"@id":"https:\/\/apuntesdesanluis.com\/index.php\/2024\/06\/05\/alvarez-pinto-presento-los-logros-y-objetivos-de-la-gestion-ambiental-2024\/"},"wordCount":768,"publisher":{"@id":"https:\/\/apuntesdesanluis.com\/#\/schema\/person\/b55151d52296fcce64d1a72538a70b90"},"image":{"@id":"https:\/\/apuntesdesanluis.com\/index.php\/2024\/06\/05\/alvarez-pinto-presento-los-logros-y-objetivos-de-la-gestion-ambiental-2024\/#primaryimage"},"thumbnailUrl":"https:\/\/apuntesdesanluis.com\/wp-content\/uploads\/2024\/06\/6a634e16-6e92-4cc2-970f-736c727c001f.jpg","articleSection":["Ciudad\/Provincia"],"inLanguage":"es-AR"},{"@type":"WebPage","@id":"https:\/\/apuntesdesanluis.com\/index.php\/2024\/06\/05\/alvarez-pinto-presento-los-logros-y-objetivos-de-la-gestion-ambiental-2024\/","url":"https:\/\/apuntesdesanluis.com\/index.php\/2024\/06\/05\/alvarez-pinto-presento-los-logros-y-objetivos-de-la-gestion-ambiental-2024\/","name":"\u00c1LVAREZ PINTO PRESENT\u00d3 LOS LOGROS Y OBJETIVOS DE LA GESTI\u00d3N AMBIENTAL 2024 - Apuntes de San Luis","isPartOf":{"@id":"https:\/\/apuntesdesanluis.com\/#website"},"primaryImageOfPage":{"@id":"https:\/\/apuntesdesanluis.com\/index.php\/2024\/06\/05\/alvarez-pinto-presento-los-logros-y-objetivos-de-la-gestion-ambiental-2024\/#primaryimage"},"image":{"@id":"https:\/\/apuntesdesanluis.com\/index.php\/2024\/06\/05\/alvarez-pinto-presento-los-logros-y-objetivos-de-la-gestion-ambiental-2024\/#primaryimage"},"thumbnailUrl":"https:\/\/apuntesdesanluis.com\/wp-content\/uploads\/2024\/06\/6a634e16-6e92-4cc2-970f-736c727c001f.jpg","datePublished":"2024-06-06T01:36:28+00:00","breadcrumb":{"@id":"https:\/\/apuntesdesanluis.com\/index.php\/2024\/06\/05\/alvarez-pinto-presento-los-logros-y-objetivos-de-la-gestion-ambiental-2024\/#breadcrumb"},"inLanguage":"es-AR","potentialAction":[{"@type":"ReadAction","target":["https:\/\/apuntesdesanluis.com\/index.php\/2024\/06\/05\/alvarez-pinto-presento-los-logros-y-objetivos-de-la-gestion-ambiental-2024\/"]}]},{"@type":"ImageObject","inLanguage":"es-AR","@id":"https:\/\/apuntesdesanluis.com\/index.php\/2024\/06\/05\/alvarez-pinto-presento-los-logros-y-objetivos-de-la-gestion-ambiental-2024\/#primaryimage","url":"https:\/\/apuntesdesanluis.com\/wp-content\/uploads\/2024\/06\/6a634e16-6e92-4cc2-970f-736c727c001f.jpg","contentUrl":"https:\/\/apuntesdesanluis.com\/wp-content\/uploads\/2024\/06\/6a634e16-6e92-4cc2-970f-736c727c001f.jpg","width":1600,"height":1066},{"@type":"BreadcrumbList","@id":"https:\/\/apuntesdesanluis.com\/index.php\/2024\/06\/05\/alvarez-pinto-presento-los-logros-y-objetivos-de-la-gestion-ambiental-2024\/#breadcrumb","itemListElement":[{"@type":"ListItem","position":1,"name":"Inicio","item":"https:\/\/apuntesdesanluis.com\/"},{"@type":"ListItem","position":2,"name":"\u00c1LVAREZ PINTO PRESENT\u00d3 LOS LOGROS Y OBJETIVOS DE LA GESTI\u00d3N AMBIENTAL 2024"}]},{"@type":"WebSite","@id":"https:\/\/apuntesdesanluis.com\/#website","url":"https:\/\/apuntesdesanluis.com\/","name":"Apuntes de San Luis","description":"","publisher":{"@id":"https:\/\/apuntesdesanluis.com\/#\/schema\/person\/b55151d52296fcce64d1a72538a70b90"},"potentialAction":[{"@type":"SearchAction","target":{"@type":"EntryPoint","urlTemplate":"https:\/\/apuntesdesanluis.com\/?s={search_term_string}"},"query-input":{"@type":"PropertyValueSpecification","valueRequired":true,"valueName":"search_term_string"}}],"inLanguage":"es-AR"},{"@type":["Person","Organization"],"@id":"https:\/\/apuntesdesanluis.com\/#\/schema\/person\/b55151d52296fcce64d1a72538a70b90","name":"apuntesdesanluis.com","image":{"@type":"ImageObject","inLanguage":"es-AR","@id":"https:\/\/apuntesdesanluis.com\/#\/schema\/person\/image\/","url":"https:\/\/apuntesdesanluis.com\/wp-content\/uploads\/2023\/07\/cropped-apuntesdesanluis.png","contentUrl":"https:\/\/apuntesdesanluis.com\/wp-content\/uploads\/2023\/07\/cropped-apuntesdesanluis.png","width":450,"height":112,"caption":"apuntesdesanluis.com"},"logo":{"@id":"https:\/\/apuntesdesanluis.com\/#\/schema\/person\/image\/"},"sameAs":["https:\/\/apuntesdesanluis.com"],"url":"https:\/\/apuntesdesanluis.com\/index.php\/author\/apuntesdesanluis-com\/"}]}},"featured_image_urls":{"full":["https:\/\/apuntesdesanluis.com\/wp-content\/uploads\/2024\/06\/6a634e16-6e92-4cc2-970f-736c727c001f.jpg",1600,1066,false],"thumbnail":["https:\/\/apuntesdesanluis.com\/wp-content\/uploads\/2024\/06\/6a634e16-6e92-4cc2-970f-736c727c001f-150x150.jpg",150,150,true],"medium":["https:\/\/apuntesdesanluis.com\/wp-content\/uploads\/2024\/06\/6a634e16-6e92-4cc2-970f-736c727c001f-300x200.jpg",300,200,true],"medium_large":["https:\/\/apuntesdesanluis.com\/wp-content\/uploads\/2024\/06\/6a634e16-6e92-4cc2-970f-736c727c001f-768x512.jpg",640,427,true],"large":["https:\/\/apuntesdesanluis.com\/wp-content\/uploads\/2024\/06\/6a634e16-6e92-4cc2-970f-736c727c001f-1024x682.jpg",640,426,true],"1536x1536":["https:\/\/apuntesdesanluis.com\/wp-content\/uploads\/2024\/06\/6a634e16-6e92-4cc2-970f-736c727c001f-1536x1023.jpg",1536,1023,true],"2048x2048":["https:\/\/apuntesdesanluis.com\/wp-content\/uploads\/2024\/06\/6a634e16-6e92-4cc2-970f-736c727c001f.jpg",1600,1066,false],"newsever-slider-full":["https:\/\/apuntesdesanluis.com\/wp-content\/uploads\/2024\/06\/6a634e16-6e92-4cc2-970f-736c727c001f-1280x845.jpg",1280,845,true],"newsever-featured":["https:\/\/apuntesdesanluis.com\/wp-content\/uploads\/2024\/06\/6a634e16-6e92-4cc2-970f-736c727c001f-1024x682.jpg",1024,682,true],"newsever-medium":["https:\/\/apuntesdesanluis.com\/wp-content\/uploads\/2024\/06\/6a634e16-6e92-4cc2-970f-736c727c001f-720x475.jpg",720,475,true]},"author_info":{"display_name":"apuntesdesanluis.com","author_link":"https:\/\/apuntesdesanluis.com\/index.php\/author\/apuntesdesanluis-com\/"},"category_info":"<a href=\"https:\/\/apuntesdesanluis.com\/index.php\/category\/ciudad-provincia\/\" rel=\"category tag\">Ciudad\/Provincia<\/a>","tag_info":"Ciudad\/Provincia","comment_count":"0","_links":{"self":[{"href":"https:\/\/apuntesdesanluis.com\/index.php\/wp-json\/wp\/v2\/posts\/17419","targetHints":{"allow":["GET"]}}],"collection":[{"href":"https:\/\/apuntesdesanluis.com\/index.php\/wp-json\/wp\/v2\/posts"}],"about":[{"href":"https:\/\/apuntesdesanluis.com\/index.php\/wp-json\/wp\/v2\/types\/post"}],"author":[{"embeddable":true,"href":"https:\/\/apuntesdesanluis.com\/index.php\/wp-json\/wp\/v2\/users\/1"}],"replies":[{"embeddable":true,"href":"https:\/\/apuntesdesanluis.com\/index.php\/wp-json\/wp\/v2\/comments?post=17419"}],"version-history":[{"count":1,"href":"https:\/\/apuntesdesanluis.com\/index.php\/wp-json\/wp\/v2\/posts\/17419\/revisions"}],"predecessor-version":[{"id":17422,"href":"https:\/\/apuntesdesanluis.com\/index.php\/wp-json\/wp\/v2\/posts\/17419\/revisions\/17422"}],"wp:featuredmedia":[{"embeddable":true,"href":"https:\/\/apuntesdesanluis.com\/index.php\/wp-json\/wp\/v2\/media\/17420"}],"wp:attachment":[{"href":"https:\/\/apuntesdesanluis.com\/index.php\/wp-json\/wp\/v2\/media?parent=17419"}],"wp:term":[{"taxonomy":"category","embeddable":true,"href":"https:\/\/apuntesdesanluis.com\/index.php\/wp-json\/wp\/v2\/categories?post=17419"},{"taxonomy":"post_tag","embeddable":true,"href":"https:\/\/apuntesdesanluis.com\/index.php\/wp-json\/wp\/v2\/tags?post=17419"}],"curies":[{"name":"wp","href":"https:\/\/api.w.org\/{rel}","templated":true}]}}