{"id":17423,"date":"2024-06-05T22:47:32","date_gmt":"2024-06-06T01:47:32","guid":{"rendered":"https:\/\/apuntesdesanluis.com\/?p=17423"},"modified":"2024-06-05T22:47:32","modified_gmt":"2024-06-06T01:47:32","slug":"funcionario-provincial-salio-a-rebatir-al-procurador-luis-martinez","status":"publish","type":"post","link":"https:\/\/apuntesdesanluis.com\/index.php\/2024\/06\/05\/funcionario-provincial-salio-a-rebatir-al-procurador-luis-martinez\/","title":{"rendered":"FUNCIONARIO PROVINCIAL SALI\u00d3 A REBATIR AL PROCURADOR LUIS MARTINEZ"},"content":{"rendered":"<h3>\u201cEl Procurador falta a la verdad cuando habla de la ley de narcomenudeo\u201d, consider\u00f3 el director de Relaciones Institucionales del ministerio de Seguridad, <strong>Rafael Berruezo<\/strong>, respecto a la suspensi\u00f3n de esa norma, que no trajo efectos beneficiosos en provincias como Mendoza y Santa Fe. El Gobierno busca eliminarla en el proyecto de modificaci\u00f3n del C\u00f3digo Procesal Penal que envi\u00f3 al Senado y logr\u00f3 media sanci\u00f3n.<\/h3>\n<h3>Las leyes deben ser herramientas din\u00e1micas, que est\u00e9n al servicio de la sociedad y de su bienestar. Cuando dejan de ser \u00fatiles para resolver problemas sociales, tienen que ser transformadas o reformuladas. El Ejecutivo provincial envi\u00f3 al Senado un proyecto de modificaci\u00f3n del C\u00f3digo Procesal Penal, que este martes ser\u00e1 tratado por los legisladores. La modificaci\u00f3n \u201ces importante para dar un mensaje; hoy el mensaje es \u2018pod\u00e9s robar que no te pasa nada, en cinco horas sal\u00eds y qued\u00e1s en libertad\u2019. Si desde el Estado no se hace algo, desde la Justicia, gran ausente en este tema, no se hace nada, se va a seguir robando. Ese mensaje hay que revertirlo, vas a ir preso por dos o tres meses, lo ver\u00e1 cada juez, que tratar\u00e1 de obtener una r\u00e1pida condena\u201d, plante\u00f3 el director de Relaciones Institucionales del ministerio de Seguridad, Rafael Berruezo.<\/h3>\n<h3>Al ser consultado por la prensa por las declaraciones del Procurador <strong>Luis Mart\u00ednez<\/strong> luego de que la ministra de Seguridad, <strong>Nancy Sosa<\/strong>, diera algunas estad\u00edsticas y cuestionara al Poder Judicial, las calific\u00f3 como \u201cbastante desafortunadas\u201d. Refiri\u00f3 que en estos seis meses de gesti\u00f3n, la Polic\u00eda de la provincia concret\u00f3 1.087 arrestos y las autoridades judiciales solo formularon cargos a 117 personas. De ese total, \u201csolo al 50 por ciento se le ha dictado (prisi\u00f3n) preventiva\u201d, hab\u00eda asegurado Sosa.<\/h3>\n<h3>\u201cNo sabemos por qu\u00e9 el Poder Judicial, y sobre todo en este caso el jefe de fiscales (Mart\u00ednez), como bien le ha reclamado la ministra Sosa, no est\u00e1n a la altura de las circunstancias. La Justicia no le puede echar la culpa a la Polic\u00eda, porque la Polic\u00eda est\u00e1 actuando. Detiene personas, las pone a disposici\u00f3n de los fiscales y los fiscales no hacen nada. Me parecieron bastante desafortunadas las apreciaciones del Procurador. En primer lugar, porque la trata (a la Ministro) como si no conociera la situaci\u00f3n, cuando en realidad sabe mucho. Me parece que quien no conoce la situaci\u00f3n es \u00e9l, porque habla de que el presupuesto del Poder Judicial es del 4%. Sin embargo, al presupuesto lo arma el Poder Judicial, no lo arma el Ejecutivo. Si ellos no tienen plata, es problema de ellos. Si no act\u00faan los fiscales y no est\u00e1n capacitados como corresponde, es problema de ellos. No los est\u00e1n formando\u201d, refiri\u00f3 Berruezo.<\/h3>\n<p><iframe title=\"Rafael Berruezo, director de Relaciones Institucionales\" width=\"640\" height=\"360\" src=\"https:\/\/www.youtube.com\/embed\/Zj2e6EX-hbc?feature=oembed\" frameborder=\"0\" allow=\"accelerometer; autoplay; clipboard-write; encrypted-media; gyroscope; picture-in-picture; web-share\" referrerpolicy=\"strict-origin-when-cross-origin\" allowfullscreen><\/iframe><\/p>\n<h3>Adem\u00e1s, \u201cMart\u00ednez dice que la Justicia entra cuando los dem\u00e1s controles sociales fallan. Entonces \u00e9l mismo reconoce que la gesti\u00f3n anterior fall\u00f3 en educaci\u00f3n, salud, seguridad\u201d, afirm\u00f3.<\/h3>\n<h3>Por otro lado, dijo que el Procurador falta a la verdad respecto a la ley de Narcomenudeo. Asegur\u00f3 que desde el Ejecutivo nunca se argument\u00f3 que se suspend\u00eda la norma porque lleva a mucha gente presa. \u201cLa ley se suspende por otra raz\u00f3n, que es la demostraci\u00f3n estad\u00edstica de que en las provincias que tienen la investigaci\u00f3n de esos delitos es donde m\u00e1s aument\u00f3 el tr\u00e1fico y el consumo de drogas, como Mendoza y Santa Fe\u201d, explic\u00f3 el funcionario.<\/h3>\n<p>&nbsp;<\/p>\n<p>&nbsp;<\/p>\n<p>&nbsp;<\/p>\n<p>&nbsp;<\/p>\n","protected":false},"excerpt":{"rendered":"<p>\u201cEl Procurador falta a la verdad cuando habla de la ley de narcomenudeo\u201d, consider\u00f3 el&#8230;<\/p>\n","protected":false},"author":1,"featured_media":17424,"comment_status":"closed","ping_status":"closed","sticky":false,"template":"","format":"standard","meta":{"footnotes":""},"categories":[6],"tags":[],"class_list":["post-17423","post","type-post","status-publish","format-standard","has-post-thumbnail","hentry","category-ciudad-provincia"],"yoast_head":"<!-- This site is optimized with the Yoast SEO plugin v26.1.1 - https:\/\/yoast.com\/wordpress\/plugins\/seo\/ -->\n<title>FUNCIONARIO PROVINCIAL SALI\u00d3 A REBATIR AL PROCURADOR LUIS MARTINEZ - Apuntes de San Luis<\/title>\n<meta name=\"robots\" content=\"index, follow, max-snippet:-1, max-image-preview:large, max-video-preview:-1\" \/>\n<link rel=\"canonical\" href=\"https:\/\/apuntesdesanluis.com\/index.php\/2024\/06\/05\/funcionario-provincial-salio-a-rebatir-al-procurador-luis-martinez\/\" \/>\n<meta property=\"og:locale\" content=\"es_ES\" \/>\n<meta property=\"og:type\" content=\"article\" \/>\n<meta property=\"og:title\" content=\"FUNCIONARIO PROVINCIAL SALI\u00d3 A REBATIR AL PROCURADOR LUIS MARTINEZ - Apuntes de San Luis\" \/>\n<meta property=\"og:description\" content=\"\u201cEl Procurador falta a la verdad cuando habla de la ley de narcomenudeo\u201d, consider\u00f3 el...\" \/>\n<meta property=\"og:url\" content=\"https:\/\/apuntesdesanluis.com\/index.php\/2024\/06\/05\/funcionario-provincial-salio-a-rebatir-al-procurador-luis-martinez\/\" \/>\n<meta property=\"og:site_name\" content=\"Apuntes de San Luis\" \/>\n<meta property=\"article:published_time\" content=\"2024-06-06T01:47:32+00:00\" \/>\n<meta property=\"og:image\" content=\"https:\/\/apuntesdesanluis.com\/wp-content\/uploads\/2024\/06\/berruezo.png\" \/>\n\t<meta property=\"og:image:width\" content=\"704\" \/>\n\t<meta property=\"og:image:height\" content=\"423\" \/>\n\t<meta property=\"og:image:type\" content=\"image\/png\" \/>\n<meta name=\"author\" content=\"apuntesdesanluis.com\" \/>\n<meta name=\"twitter:card\" content=\"summary_large_image\" \/>\n<meta name=\"twitter:label1\" content=\"Escrito por\" \/>\n\t<meta name=\"twitter:data1\" content=\"apuntesdesanluis.com\" \/>\n\t<meta name=\"twitter:label2\" content=\"Tiempo de lectura\" \/>\n\t<meta name=\"twitter:data2\" content=\"3 minutos\" \/>\n<script type=\"application\/ld+json\" class=\"yoast-schema-graph\">{\"@context\":\"https:\/\/schema.org\",\"@graph\":[{\"@type\":\"Article\",\"@id\":\"https:\/\/apuntesdesanluis.com\/index.php\/2024\/06\/05\/funcionario-provincial-salio-a-rebatir-al-procurador-luis-martinez\/#article\",\"isPartOf\":{\"@id\":\"https:\/\/apuntesdesanluis.com\/index.php\/2024\/06\/05\/funcionario-provincial-salio-a-rebatir-al-procurador-luis-martinez\/\"},\"author\":{\"name\":\"apuntesdesanluis.com\",\"@id\":\"https:\/\/apuntesdesanluis.com\/#\/schema\/person\/b55151d52296fcce64d1a72538a70b90\"},\"headline\":\"FUNCIONARIO PROVINCIAL SALI\u00d3 A REBATIR AL PROCURADOR LUIS MARTINEZ\",\"datePublished\":\"2024-06-06T01:47:32+00:00\",\"mainEntityOfPage\":{\"@id\":\"https:\/\/apuntesdesanluis.com\/index.php\/2024\/06\/05\/funcionario-provincial-salio-a-rebatir-al-procurador-luis-martinez\/\"},\"wordCount\":609,\"publisher\":{\"@id\":\"https:\/\/apuntesdesanluis.com\/#\/schema\/person\/b55151d52296fcce64d1a72538a70b90\"},\"image\":{\"@id\":\"https:\/\/apuntesdesanluis.com\/index.php\/2024\/06\/05\/funcionario-provincial-salio-a-rebatir-al-procurador-luis-martinez\/#primaryimage\"},\"thumbnailUrl\":\"https:\/\/apuntesdesanluis.com\/wp-content\/uploads\/2024\/06\/berruezo.png\",\"articleSection\":[\"Ciudad\/Provincia\"],\"inLanguage\":\"es-AR\"},{\"@type\":\"WebPage\",\"@id\":\"https:\/\/apuntesdesanluis.com\/index.php\/2024\/06\/05\/funcionario-provincial-salio-a-rebatir-al-procurador-luis-martinez\/\",\"url\":\"https:\/\/apuntesdesanluis.com\/index.php\/2024\/06\/05\/funcionario-provincial-salio-a-rebatir-al-procurador-luis-martinez\/\",\"name\":\"FUNCIONARIO PROVINCIAL SALI\u00d3 A REBATIR AL PROCURADOR LUIS MARTINEZ - Apuntes de San Luis\",\"isPartOf\":{\"@id\":\"https:\/\/apuntesdesanluis.com\/#website\"},\"primaryImageOfPage\":{\"@id\":\"https:\/\/apuntesdesanluis.com\/index.php\/2024\/06\/05\/funcionario-provincial-salio-a-rebatir-al-procurador-luis-martinez\/#primaryimage\"},\"image\":{\"@id\":\"https:\/\/apuntesdesanluis.com\/index.php\/2024\/06\/05\/funcionario-provincial-salio-a-rebatir-al-procurador-luis-martinez\/#primaryimage\"},\"thumbnailUrl\":\"https:\/\/apuntesdesanluis.com\/wp-content\/uploads\/2024\/06\/berruezo.png\",\"datePublished\":\"2024-06-06T01:47:32+00:00\",\"breadcrumb\":{\"@id\":\"https:\/\/apuntesdesanluis.com\/index.php\/2024\/06\/05\/funcionario-provincial-salio-a-rebatir-al-procurador-luis-martinez\/#breadcrumb\"},\"inLanguage\":\"es-AR\",\"potentialAction\":[{\"@type\":\"ReadAction\",\"target\":[\"https:\/\/apuntesdesanluis.com\/index.php\/2024\/06\/05\/funcionario-provincial-salio-a-rebatir-al-procurador-luis-martinez\/\"]}]},{\"@type\":\"ImageObject\",\"inLanguage\":\"es-AR\",\"@id\":\"https:\/\/apuntesdesanluis.com\/index.php\/2024\/06\/05\/funcionario-provincial-salio-a-rebatir-al-procurador-luis-martinez\/#primaryimage\",\"url\":\"https:\/\/apuntesdesanluis.com\/wp-content\/uploads\/2024\/06\/berruezo.png\",\"contentUrl\":\"https:\/\/apuntesdesanluis.com\/wp-content\/uploads\/2024\/06\/berruezo.png\",\"width\":704,\"height\":423},{\"@type\":\"BreadcrumbList\",\"@id\":\"https:\/\/apuntesdesanluis.com\/index.php\/2024\/06\/05\/funcionario-provincial-salio-a-rebatir-al-procurador-luis-martinez\/#breadcrumb\",\"itemListElement\":[{\"@type\":\"ListItem\",\"position\":1,\"name\":\"Inicio\",\"item\":\"https:\/\/apuntesdesanluis.com\/\"},{\"@type\":\"ListItem\",\"position\":2,\"name\":\"FUNCIONARIO PROVINCIAL SALI\u00d3 A REBATIR AL PROCURADOR LUIS MARTINEZ\"}]},{\"@type\":\"WebSite\",\"@id\":\"https:\/\/apuntesdesanluis.com\/#website\",\"url\":\"https:\/\/apuntesdesanluis.com\/\",\"name\":\"Apuntes de San Luis\",\"description\":\"\",\"publisher\":{\"@id\":\"https:\/\/apuntesdesanluis.com\/#\/schema\/person\/b55151d52296fcce64d1a72538a70b90\"},\"potentialAction\":[{\"@type\":\"SearchAction\",\"target\":{\"@type\":\"EntryPoint\",\"urlTemplate\":\"https:\/\/apuntesdesanluis.com\/?s={search_term_string}\"},\"query-input\":{\"@type\":\"PropertyValueSpecification\",\"valueRequired\":true,\"valueName\":\"search_term_string\"}}],\"inLanguage\":\"es-AR\"},{\"@type\":[\"Person\",\"Organization\"],\"@id\":\"https:\/\/apuntesdesanluis.com\/#\/schema\/person\/b55151d52296fcce64d1a72538a70b90\",\"name\":\"apuntesdesanluis.com\",\"image\":{\"@type\":\"ImageObject\",\"inLanguage\":\"es-AR\",\"@id\":\"https:\/\/apuntesdesanluis.com\/#\/schema\/person\/image\/\",\"url\":\"https:\/\/apuntesdesanluis.com\/wp-content\/uploads\/2023\/07\/cropped-apuntesdesanluis.png\",\"contentUrl\":\"https:\/\/apuntesdesanluis.com\/wp-content\/uploads\/2023\/07\/cropped-apuntesdesanluis.png\",\"width\":450,\"height\":112,\"caption\":\"apuntesdesanluis.com\"},\"logo\":{\"@id\":\"https:\/\/apuntesdesanluis.com\/#\/schema\/person\/image\/\"},\"sameAs\":[\"https:\/\/apuntesdesanluis.com\"],\"url\":\"https:\/\/apuntesdesanluis.com\/index.php\/author\/apuntesdesanluis-com\/\"}]}<\/script>\n<!-- \/ Yoast SEO plugin. -->","yoast_head_json":{"title":"FUNCIONARIO PROVINCIAL SALI\u00d3 A REBATIR AL PROCURADOR LUIS MARTINEZ - Apuntes de San Luis","robots":{"index":"index","follow":"follow","max-snippet":"max-snippet:-1","max-image-preview":"max-image-preview:large","max-video-preview":"max-video-preview:-1"},"canonical":"https:\/\/apuntesdesanluis.com\/index.php\/2024\/06\/05\/funcionario-provincial-salio-a-rebatir-al-procurador-luis-martinez\/","og_locale":"es_ES","og_type":"article","og_title":"FUNCIONARIO PROVINCIAL SALI\u00d3 A REBATIR AL PROCURADOR LUIS MARTINEZ - Apuntes de San Luis","og_description":"\u201cEl Procurador falta a la verdad cuando habla de la ley de narcomenudeo\u201d, consider\u00f3 el...","og_url":"https:\/\/apuntesdesanluis.com\/index.php\/2024\/06\/05\/funcionario-provincial-salio-a-rebatir-al-procurador-luis-martinez\/","og_site_name":"Apuntes de San Luis","article_published_time":"2024-06-06T01:47:32+00:00","og_image":[{"width":704,"height":423,"url":"https:\/\/apuntesdesanluis.com\/wp-content\/uploads\/2024\/06\/berruezo.png","type":"image\/png"}],"author":"apuntesdesanluis.com","twitter_card":"summary_large_image","twitter_misc":{"Escrito por":"apuntesdesanluis.com","Tiempo de lectura":"3 minutos"},"schema":{"@context":"https:\/\/schema.org","@graph":[{"@type":"Article","@id":"https:\/\/apuntesdesanluis.com\/index.php\/2024\/06\/05\/funcionario-provincial-salio-a-rebatir-al-procurador-luis-martinez\/#article","isPartOf":{"@id":"https:\/\/apuntesdesanluis.com\/index.php\/2024\/06\/05\/funcionario-provincial-salio-a-rebatir-al-procurador-luis-martinez\/"},"author":{"name":"apuntesdesanluis.com","@id":"https:\/\/apuntesdesanluis.com\/#\/schema\/person\/b55151d52296fcce64d1a72538a70b90"},"headline":"FUNCIONARIO PROVINCIAL SALI\u00d3 A REBATIR AL PROCURADOR LUIS MARTINEZ","datePublished":"2024-06-06T01:47:32+00:00","mainEntityOfPage":{"@id":"https:\/\/apuntesdesanluis.com\/index.php\/2024\/06\/05\/funcionario-provincial-salio-a-rebatir-al-procurador-luis-martinez\/"},"wordCount":609,"publisher":{"@id":"https:\/\/apuntesdesanluis.com\/#\/schema\/person\/b55151d52296fcce64d1a72538a70b90"},"image":{"@id":"https:\/\/apuntesdesanluis.com\/index.php\/2024\/06\/05\/funcionario-provincial-salio-a-rebatir-al-procurador-luis-martinez\/#primaryimage"},"thumbnailUrl":"https:\/\/apuntesdesanluis.com\/wp-content\/uploads\/2024\/06\/berruezo.png","articleSection":["Ciudad\/Provincia"],"inLanguage":"es-AR"},{"@type":"WebPage","@id":"https:\/\/apuntesdesanluis.com\/index.php\/2024\/06\/05\/funcionario-provincial-salio-a-rebatir-al-procurador-luis-martinez\/","url":"https:\/\/apuntesdesanluis.com\/index.php\/2024\/06\/05\/funcionario-provincial-salio-a-rebatir-al-procurador-luis-martinez\/","name":"FUNCIONARIO PROVINCIAL SALI\u00d3 A REBATIR AL PROCURADOR LUIS MARTINEZ - Apuntes de San Luis","isPartOf":{"@id":"https:\/\/apuntesdesanluis.com\/#website"},"primaryImageOfPage":{"@id":"https:\/\/apuntesdesanluis.com\/index.php\/2024\/06\/05\/funcionario-provincial-salio-a-rebatir-al-procurador-luis-martinez\/#primaryimage"},"image":{"@id":"https:\/\/apuntesdesanluis.com\/index.php\/2024\/06\/05\/funcionario-provincial-salio-a-rebatir-al-procurador-luis-martinez\/#primaryimage"},"thumbnailUrl":"https:\/\/apuntesdesanluis.com\/wp-content\/uploads\/2024\/06\/berruezo.png","datePublished":"2024-06-06T01:47:32+00:00","breadcrumb":{"@id":"https:\/\/apuntesdesanluis.com\/index.php\/2024\/06\/05\/funcionario-provincial-salio-a-rebatir-al-procurador-luis-martinez\/#breadcrumb"},"inLanguage":"es-AR","potentialAction":[{"@type":"ReadAction","target":["https:\/\/apuntesdesanluis.com\/index.php\/2024\/06\/05\/funcionario-provincial-salio-a-rebatir-al-procurador-luis-martinez\/"]}]},{"@type":"ImageObject","inLanguage":"es-AR","@id":"https:\/\/apuntesdesanluis.com\/index.php\/2024\/06\/05\/funcionario-provincial-salio-a-rebatir-al-procurador-luis-martinez\/#primaryimage","url":"https:\/\/apuntesdesanluis.com\/wp-content\/uploads\/2024\/06\/berruezo.png","contentUrl":"https:\/\/apuntesdesanluis.com\/wp-content\/uploads\/2024\/06\/berruezo.png","width":704,"height":423},{"@type":"BreadcrumbList","@id":"https:\/\/apuntesdesanluis.com\/index.php\/2024\/06\/05\/funcionario-provincial-salio-a-rebatir-al-procurador-luis-martinez\/#breadcrumb","itemListElement":[{"@type":"ListItem","position":1,"name":"Inicio","item":"https:\/\/apuntesdesanluis.com\/"},{"@type":"ListItem","position":2,"name":"FUNCIONARIO PROVINCIAL SALI\u00d3 A REBATIR AL PROCURADOR LUIS MARTINEZ"}]},{"@type":"WebSite","@id":"https:\/\/apuntesdesanluis.com\/#website","url":"https:\/\/apuntesdesanluis.com\/","name":"Apuntes de San Luis","description":"","publisher":{"@id":"https:\/\/apuntesdesanluis.com\/#\/schema\/person\/b55151d52296fcce64d1a72538a70b90"},"potentialAction":[{"@type":"SearchAction","target":{"@type":"EntryPoint","urlTemplate":"https:\/\/apuntesdesanluis.com\/?s={search_term_string}"},"query-input":{"@type":"PropertyValueSpecification","valueRequired":true,"valueName":"search_term_string"}}],"inLanguage":"es-AR"},{"@type":["Person","Organization"],"@id":"https:\/\/apuntesdesanluis.com\/#\/schema\/person\/b55151d52296fcce64d1a72538a70b90","name":"apuntesdesanluis.com","image":{"@type":"ImageObject","inLanguage":"es-AR","@id":"https:\/\/apuntesdesanluis.com\/#\/schema\/person\/image\/","url":"https:\/\/apuntesdesanluis.com\/wp-content\/uploads\/2023\/07\/cropped-apuntesdesanluis.png","contentUrl":"https:\/\/apuntesdesanluis.com\/wp-content\/uploads\/2023\/07\/cropped-apuntesdesanluis.png","width":450,"height":112,"caption":"apuntesdesanluis.com"},"logo":{"@id":"https:\/\/apuntesdesanluis.com\/#\/schema\/person\/image\/"},"sameAs":["https:\/\/apuntesdesanluis.com"],"url":"https:\/\/apuntesdesanluis.com\/index.php\/author\/apuntesdesanluis-com\/"}]}},"featured_image_urls":{"full":["https:\/\/apuntesdesanluis.com\/wp-content\/uploads\/2024\/06\/berruezo.png",704,423,false],"thumbnail":["https:\/\/apuntesdesanluis.com\/wp-content\/uploads\/2024\/06\/berruezo-150x150.png",150,150,true],"medium":["https:\/\/apuntesdesanluis.com\/wp-content\/uploads\/2024\/06\/berruezo-300x180.png",300,180,true],"medium_large":["https:\/\/apuntesdesanluis.com\/wp-content\/uploads\/2024\/06\/berruezo.png",640,385,false],"large":["https:\/\/apuntesdesanluis.com\/wp-content\/uploads\/2024\/06\/berruezo.png",640,385,false],"1536x1536":["https:\/\/apuntesdesanluis.com\/wp-content\/uploads\/2024\/06\/berruezo.png",704,423,false],"2048x2048":["https:\/\/apuntesdesanluis.com\/wp-content\/uploads\/2024\/06\/berruezo.png",704,423,false],"newsever-slider-full":["https:\/\/apuntesdesanluis.com\/wp-content\/uploads\/2024\/06\/berruezo.png",704,423,false],"newsever-featured":["https:\/\/apuntesdesanluis.com\/wp-content\/uploads\/2024\/06\/berruezo.png",704,423,false],"newsever-medium":["https:\/\/apuntesdesanluis.com\/wp-content\/uploads\/2024\/06\/berruezo.png",704,423,false]},"author_info":{"display_name":"apuntesdesanluis.com","author_link":"https:\/\/apuntesdesanluis.com\/index.php\/author\/apuntesdesanluis-com\/"},"category_info":"<a href=\"https:\/\/apuntesdesanluis.com\/index.php\/category\/ciudad-provincia\/\" rel=\"category tag\">Ciudad\/Provincia<\/a>","tag_info":"Ciudad\/Provincia","comment_count":"0","_links":{"self":[{"href":"https:\/\/apuntesdesanluis.com\/index.php\/wp-json\/wp\/v2\/posts\/17423","targetHints":{"allow":["GET"]}}],"collection":[{"href":"https:\/\/apuntesdesanluis.com\/index.php\/wp-json\/wp\/v2\/posts"}],"about":[{"href":"https:\/\/apuntesdesanluis.com\/index.php\/wp-json\/wp\/v2\/types\/post"}],"author":[{"embeddable":true,"href":"https:\/\/apuntesdesanluis.com\/index.php\/wp-json\/wp\/v2\/users\/1"}],"replies":[{"embeddable":true,"href":"https:\/\/apuntesdesanluis.com\/index.php\/wp-json\/wp\/v2\/comments?post=17423"}],"version-history":[{"count":1,"href":"https:\/\/apuntesdesanluis.com\/index.php\/wp-json\/wp\/v2\/posts\/17423\/revisions"}],"predecessor-version":[{"id":17425,"href":"https:\/\/apuntesdesanluis.com\/index.php\/wp-json\/wp\/v2\/posts\/17423\/revisions\/17425"}],"wp:featuredmedia":[{"embeddable":true,"href":"https:\/\/apuntesdesanluis.com\/index.php\/wp-json\/wp\/v2\/media\/17424"}],"wp:attachment":[{"href":"https:\/\/apuntesdesanluis.com\/index.php\/wp-json\/wp\/v2\/media?parent=17423"}],"wp:term":[{"taxonomy":"category","embeddable":true,"href":"https:\/\/apuntesdesanluis.com\/index.php\/wp-json\/wp\/v2\/categories?post=17423"},{"taxonomy":"post_tag","embeddable":true,"href":"https:\/\/apuntesdesanluis.com\/index.php\/wp-json\/wp\/v2\/tags?post=17423"}],"curies":[{"name":"wp","href":"https:\/\/api.w.org\/{rel}","templated":true}]}}