{"id":17426,"date":"2024-06-05T22:58:10","date_gmt":"2024-06-06T01:58:10","guid":{"rendered":"https:\/\/apuntesdesanluis.com\/?p=17426"},"modified":"2024-06-05T22:58:10","modified_gmt":"2024-06-06T01:58:10","slug":"el-gobierno-insiste-en-sus-criticas-hacia-la-ineficiencia-del-poder-judicial","status":"publish","type":"post","link":"https:\/\/apuntesdesanluis.com\/index.php\/2024\/06\/05\/el-gobierno-insiste-en-sus-criticas-hacia-la-ineficiencia-del-poder-judicial\/","title":{"rendered":"EL GOBIERNO INSISTE EN SUS CR\u00cdTICAS HACIA LA INEFICIENCIA DEL PODER JUDICIAL"},"content":{"rendered":"<h3>\u201cCualquier dato, mata cualquier relato\u201d, afirm\u00f3 la ministra de Seguridad <strong>Nancy Sosa<\/strong>, al referirse nuevamente a la necesidad de abordar la problem\u00e1tica de la inseguridad y la reincidencia con datos reales y trabajar en conjunto para llevar tranquilidad a los sanluise\u00f1os.<\/h3>\n<h3>D\u00edas atr\u00e1s la funcionaria inform\u00f3 que en estos seis meses de gesti\u00f3n la Polic\u00eda de la Provincia concret\u00f3 1.087 arrestos y las autoridades judiciales solo formularon cargos a 117 personas. De ese total, \u201csolo al 50 por ciento se le ha dictado (prisi\u00f3n) preventiva\u201d, datos que tambi\u00e9n verti\u00f3 por separado el director de Relaciones Institucionales del ministerio de Seguridad, Rafael Berruezo.<\/h3>\n<h3>En un nuevo contacto con la prensa, la funcionaria reiter\u00f3 que desde su cartera se trabaja para llevar soluciones a la ciudadan\u00eda; y consultada sobre las voces que se alzaron desde la Justicia luego de que brind\u00f3 datos sobre la reincidencia expres\u00f3: \u201cLa verdad que no me interesa ampliar porque creo que nosotros tenemos una responsabilidad desde el Ministerio y tambi\u00e9n la Justicia. B\u00e1sicamente lo m\u00edo fue en un marco muy respetuoso y fueron solo datos, y como ya sabemos, cualquier dato mata cualquier relato\u201d.<\/h3>\n<h3>Pero Sosa fue m\u00e1s all\u00e1 y aclar\u00f3 que \u201cel delito crece de jueves a domingo y con esto yo quiero significar que ah\u00ed es donde tenemos que poner el trabajo, si se quiere, con mayor dedicaci\u00f3n y mayor importancia para poder dar soluciones\u201d.<\/h3>\n<h3><strong>DATOS CONTUNDENTES<\/strong><\/h3>\n<h3>Sosa inform\u00f3 que hay datos que reflejan la eficiencia de los ministerios p\u00fablicos fiscales y \u201cf\u00edjense que, en el a\u00f1o 2021, que es lo que est\u00e1 resuelto, miren en qu\u00e9 lugar est\u00e1 San Luis con el 1,39% de eficiencia en lo que hace el Ministerio P\u00fablico Fiscal. Esto no lo digo yo, lo dicen quienes analizan esto, no est\u00e1n los datos de 2022 ni 2023, pero me parece que en este sentido la intenci\u00f3n es de mayor responsabilidad\u201d.<\/h3>\n<h3>Y agreg\u00f3 \u201c\u00bfCu\u00e1l es la funci\u00f3n b\u00e1sicamente del Ministerio P\u00fablico Fiscal? Es actuar en defensa de los ciudadanos y creo que en esto tenemos que coordinar acciones, nada m\u00e1s que eso\u201d.<\/h3>\n<h3>La titular de Seguridad subray\u00f3 la importancia de trabajar con datos certeros y con la verdad. \u201cYo creo que la verdad siempre causa estas cuestiones, pero me parece que, si no la abordamos desde lo que es, es muy dif\u00edcil. Si nos mentimos, si le mentimos a la ciudadan\u00eda nunca vamos a poder hacer un diagn\u00f3stico real de lo que est\u00e1 pasando\u201d, dispar\u00f3.<\/h3>\n<h3>La funcionaria record\u00f3 el trabajo realizado desde el primer d\u00eda de su gesti\u00f3n, que comenz\u00f3 con el reordenamiento de los recursos humanos, la compra de equipamiento, patrulleros y las capacitaciones, todo esto en menos de seis meses.<\/h3>\n<h3>\u201cSeguimos analizando el flujo y vemos que eso se mantiene. \u00bfY d\u00f3nde est\u00e1n las fallas? Estiramos un poco m\u00e1s el an\u00e1lisis. Tenemos tantas preventivas de tantas detenciones. Bien, y a su vez, el dato penitenciario es que el 50% de esas preventivas luego se dan de baja y se espera juicio en el domicilio. Entonces, vuelve a caer otra vez el sistema\u201d, reflexion\u00f3.<\/h3>\n<h3>Finalmente insisti\u00f3 en la necesidad de lograr mayor celeridad en las decisiones judiciales: \u201cTenemos una ca\u00edda ac\u00e1 porque no se formulan los cargos, y una ca\u00edda despu\u00e9s, cuando se han formulado preventivas y luego se decide acortar el plazo de la preventiva y que el juicio se espera en libertad. Bueno, esas decisiones son judiciales y ese flujo vuelve otra vez a aumentar, porque obviamente no se toman las medidas judiciales que se podr\u00edan tomar\u201d.<\/h3>\n<p>&nbsp;<\/p>\n<p>&nbsp;<\/p>\n<p>&nbsp;<\/p>\n<p>&nbsp;<\/p>\n<p>&nbsp;<\/p>\n<p>&nbsp;<\/p>\n","protected":false},"excerpt":{"rendered":"<p>\u201cCualquier dato, mata cualquier relato\u201d, afirm\u00f3 la ministra de Seguridad Nancy Sosa, al referirse nuevamente&#8230;<\/p>\n","protected":false},"author":1,"featured_media":17427,"comment_status":"closed","ping_status":"closed","sticky":false,"template":"","format":"standard","meta":{"footnotes":""},"categories":[6],"tags":[],"class_list":["post-17426","post","type-post","status-publish","format-standard","has-post-thumbnail","hentry","category-ciudad-provincia"],"yoast_head":"<!-- This site is optimized with the Yoast SEO plugin v26.1.1 - https:\/\/yoast.com\/wordpress\/plugins\/seo\/ -->\n<title>EL GOBIERNO INSISTE EN SUS CR\u00cdTICAS HACIA LA INEFICIENCIA DEL PODER JUDICIAL - Apuntes de San Luis<\/title>\n<meta name=\"robots\" content=\"index, follow, max-snippet:-1, max-image-preview:large, max-video-preview:-1\" \/>\n<link rel=\"canonical\" href=\"https:\/\/apuntesdesanluis.com\/index.php\/2024\/06\/05\/el-gobierno-insiste-en-sus-criticas-hacia-la-ineficiencia-del-poder-judicial\/\" \/>\n<meta property=\"og:locale\" content=\"es_ES\" \/>\n<meta property=\"og:type\" content=\"article\" \/>\n<meta property=\"og:title\" content=\"EL GOBIERNO INSISTE EN SUS CR\u00cdTICAS HACIA LA INEFICIENCIA DEL PODER JUDICIAL - Apuntes de San Luis\" \/>\n<meta property=\"og:description\" content=\"\u201cCualquier dato, mata cualquier relato\u201d, afirm\u00f3 la ministra de Seguridad Nancy Sosa, al referirse nuevamente...\" \/>\n<meta property=\"og:url\" content=\"https:\/\/apuntesdesanluis.com\/index.php\/2024\/06\/05\/el-gobierno-insiste-en-sus-criticas-hacia-la-ineficiencia-del-poder-judicial\/\" \/>\n<meta property=\"og:site_name\" content=\"Apuntes de San Luis\" \/>\n<meta property=\"article:published_time\" content=\"2024-06-06T01:58:10+00:00\" \/>\n<meta property=\"og:image\" content=\"https:\/\/apuntesdesanluis.com\/wp-content\/uploads\/2024\/06\/nancy-sosa.png\" \/>\n\t<meta property=\"og:image:width\" content=\"843\" \/>\n\t<meta property=\"og:image:height\" content=\"451\" \/>\n\t<meta property=\"og:image:type\" content=\"image\/png\" \/>\n<meta name=\"author\" content=\"apuntesdesanluis.com\" \/>\n<meta name=\"twitter:card\" content=\"summary_large_image\" \/>\n<meta name=\"twitter:label1\" content=\"Escrito por\" \/>\n\t<meta name=\"twitter:data1\" content=\"apuntesdesanluis.com\" \/>\n\t<meta name=\"twitter:label2\" content=\"Tiempo de lectura\" \/>\n\t<meta name=\"twitter:data2\" content=\"3 minutos\" \/>\n<script type=\"application\/ld+json\" class=\"yoast-schema-graph\">{\"@context\":\"https:\/\/schema.org\",\"@graph\":[{\"@type\":\"Article\",\"@id\":\"https:\/\/apuntesdesanluis.com\/index.php\/2024\/06\/05\/el-gobierno-insiste-en-sus-criticas-hacia-la-ineficiencia-del-poder-judicial\/#article\",\"isPartOf\":{\"@id\":\"https:\/\/apuntesdesanluis.com\/index.php\/2024\/06\/05\/el-gobierno-insiste-en-sus-criticas-hacia-la-ineficiencia-del-poder-judicial\/\"},\"author\":{\"name\":\"apuntesdesanluis.com\",\"@id\":\"https:\/\/apuntesdesanluis.com\/#\/schema\/person\/b55151d52296fcce64d1a72538a70b90\"},\"headline\":\"EL GOBIERNO INSISTE EN SUS CR\u00cdTICAS HACIA LA INEFICIENCIA DEL PODER JUDICIAL\",\"datePublished\":\"2024-06-06T01:58:10+00:00\",\"mainEntityOfPage\":{\"@id\":\"https:\/\/apuntesdesanluis.com\/index.php\/2024\/06\/05\/el-gobierno-insiste-en-sus-criticas-hacia-la-ineficiencia-del-poder-judicial\/\"},\"wordCount\":628,\"publisher\":{\"@id\":\"https:\/\/apuntesdesanluis.com\/#\/schema\/person\/b55151d52296fcce64d1a72538a70b90\"},\"image\":{\"@id\":\"https:\/\/apuntesdesanluis.com\/index.php\/2024\/06\/05\/el-gobierno-insiste-en-sus-criticas-hacia-la-ineficiencia-del-poder-judicial\/#primaryimage\"},\"thumbnailUrl\":\"https:\/\/apuntesdesanluis.com\/wp-content\/uploads\/2024\/06\/nancy-sosa.png\",\"articleSection\":[\"Ciudad\/Provincia\"],\"inLanguage\":\"es-AR\"},{\"@type\":\"WebPage\",\"@id\":\"https:\/\/apuntesdesanluis.com\/index.php\/2024\/06\/05\/el-gobierno-insiste-en-sus-criticas-hacia-la-ineficiencia-del-poder-judicial\/\",\"url\":\"https:\/\/apuntesdesanluis.com\/index.php\/2024\/06\/05\/el-gobierno-insiste-en-sus-criticas-hacia-la-ineficiencia-del-poder-judicial\/\",\"name\":\"EL GOBIERNO INSISTE EN SUS CR\u00cdTICAS HACIA LA INEFICIENCIA DEL PODER JUDICIAL - Apuntes de San Luis\",\"isPartOf\":{\"@id\":\"https:\/\/apuntesdesanluis.com\/#website\"},\"primaryImageOfPage\":{\"@id\":\"https:\/\/apuntesdesanluis.com\/index.php\/2024\/06\/05\/el-gobierno-insiste-en-sus-criticas-hacia-la-ineficiencia-del-poder-judicial\/#primaryimage\"},\"image\":{\"@id\":\"https:\/\/apuntesdesanluis.com\/index.php\/2024\/06\/05\/el-gobierno-insiste-en-sus-criticas-hacia-la-ineficiencia-del-poder-judicial\/#primaryimage\"},\"thumbnailUrl\":\"https:\/\/apuntesdesanluis.com\/wp-content\/uploads\/2024\/06\/nancy-sosa.png\",\"datePublished\":\"2024-06-06T01:58:10+00:00\",\"breadcrumb\":{\"@id\":\"https:\/\/apuntesdesanluis.com\/index.php\/2024\/06\/05\/el-gobierno-insiste-en-sus-criticas-hacia-la-ineficiencia-del-poder-judicial\/#breadcrumb\"},\"inLanguage\":\"es-AR\",\"potentialAction\":[{\"@type\":\"ReadAction\",\"target\":[\"https:\/\/apuntesdesanluis.com\/index.php\/2024\/06\/05\/el-gobierno-insiste-en-sus-criticas-hacia-la-ineficiencia-del-poder-judicial\/\"]}]},{\"@type\":\"ImageObject\",\"inLanguage\":\"es-AR\",\"@id\":\"https:\/\/apuntesdesanluis.com\/index.php\/2024\/06\/05\/el-gobierno-insiste-en-sus-criticas-hacia-la-ineficiencia-del-poder-judicial\/#primaryimage\",\"url\":\"https:\/\/apuntesdesanluis.com\/wp-content\/uploads\/2024\/06\/nancy-sosa.png\",\"contentUrl\":\"https:\/\/apuntesdesanluis.com\/wp-content\/uploads\/2024\/06\/nancy-sosa.png\",\"width\":843,\"height\":451},{\"@type\":\"BreadcrumbList\",\"@id\":\"https:\/\/apuntesdesanluis.com\/index.php\/2024\/06\/05\/el-gobierno-insiste-en-sus-criticas-hacia-la-ineficiencia-del-poder-judicial\/#breadcrumb\",\"itemListElement\":[{\"@type\":\"ListItem\",\"position\":1,\"name\":\"Inicio\",\"item\":\"https:\/\/apuntesdesanluis.com\/\"},{\"@type\":\"ListItem\",\"position\":2,\"name\":\"EL GOBIERNO INSISTE EN SUS CR\u00cdTICAS HACIA LA INEFICIENCIA DEL PODER JUDICIAL\"}]},{\"@type\":\"WebSite\",\"@id\":\"https:\/\/apuntesdesanluis.com\/#website\",\"url\":\"https:\/\/apuntesdesanluis.com\/\",\"name\":\"Apuntes de San Luis\",\"description\":\"\",\"publisher\":{\"@id\":\"https:\/\/apuntesdesanluis.com\/#\/schema\/person\/b55151d52296fcce64d1a72538a70b90\"},\"potentialAction\":[{\"@type\":\"SearchAction\",\"target\":{\"@type\":\"EntryPoint\",\"urlTemplate\":\"https:\/\/apuntesdesanluis.com\/?s={search_term_string}\"},\"query-input\":{\"@type\":\"PropertyValueSpecification\",\"valueRequired\":true,\"valueName\":\"search_term_string\"}}],\"inLanguage\":\"es-AR\"},{\"@type\":[\"Person\",\"Organization\"],\"@id\":\"https:\/\/apuntesdesanluis.com\/#\/schema\/person\/b55151d52296fcce64d1a72538a70b90\",\"name\":\"apuntesdesanluis.com\",\"image\":{\"@type\":\"ImageObject\",\"inLanguage\":\"es-AR\",\"@id\":\"https:\/\/apuntesdesanluis.com\/#\/schema\/person\/image\/\",\"url\":\"https:\/\/apuntesdesanluis.com\/wp-content\/uploads\/2023\/07\/cropped-apuntesdesanluis.png\",\"contentUrl\":\"https:\/\/apuntesdesanluis.com\/wp-content\/uploads\/2023\/07\/cropped-apuntesdesanluis.png\",\"width\":450,\"height\":112,\"caption\":\"apuntesdesanluis.com\"},\"logo\":{\"@id\":\"https:\/\/apuntesdesanluis.com\/#\/schema\/person\/image\/\"},\"sameAs\":[\"https:\/\/apuntesdesanluis.com\"],\"url\":\"https:\/\/apuntesdesanluis.com\/index.php\/author\/apuntesdesanluis-com\/\"}]}<\/script>\n<!-- \/ Yoast SEO plugin. -->","yoast_head_json":{"title":"EL GOBIERNO INSISTE EN SUS CR\u00cdTICAS HACIA LA INEFICIENCIA DEL PODER JUDICIAL - Apuntes de San Luis","robots":{"index":"index","follow":"follow","max-snippet":"max-snippet:-1","max-image-preview":"max-image-preview:large","max-video-preview":"max-video-preview:-1"},"canonical":"https:\/\/apuntesdesanluis.com\/index.php\/2024\/06\/05\/el-gobierno-insiste-en-sus-criticas-hacia-la-ineficiencia-del-poder-judicial\/","og_locale":"es_ES","og_type":"article","og_title":"EL GOBIERNO INSISTE EN SUS CR\u00cdTICAS HACIA LA INEFICIENCIA DEL PODER JUDICIAL - Apuntes de San Luis","og_description":"\u201cCualquier dato, mata cualquier relato\u201d, afirm\u00f3 la ministra de Seguridad Nancy Sosa, al referirse nuevamente...","og_url":"https:\/\/apuntesdesanluis.com\/index.php\/2024\/06\/05\/el-gobierno-insiste-en-sus-criticas-hacia-la-ineficiencia-del-poder-judicial\/","og_site_name":"Apuntes de San Luis","article_published_time":"2024-06-06T01:58:10+00:00","og_image":[{"width":843,"height":451,"url":"https:\/\/apuntesdesanluis.com\/wp-content\/uploads\/2024\/06\/nancy-sosa.png","type":"image\/png"}],"author":"apuntesdesanluis.com","twitter_card":"summary_large_image","twitter_misc":{"Escrito por":"apuntesdesanluis.com","Tiempo de lectura":"3 minutos"},"schema":{"@context":"https:\/\/schema.org","@graph":[{"@type":"Article","@id":"https:\/\/apuntesdesanluis.com\/index.php\/2024\/06\/05\/el-gobierno-insiste-en-sus-criticas-hacia-la-ineficiencia-del-poder-judicial\/#article","isPartOf":{"@id":"https:\/\/apuntesdesanluis.com\/index.php\/2024\/06\/05\/el-gobierno-insiste-en-sus-criticas-hacia-la-ineficiencia-del-poder-judicial\/"},"author":{"name":"apuntesdesanluis.com","@id":"https:\/\/apuntesdesanluis.com\/#\/schema\/person\/b55151d52296fcce64d1a72538a70b90"},"headline":"EL GOBIERNO INSISTE EN SUS CR\u00cdTICAS HACIA LA INEFICIENCIA DEL PODER JUDICIAL","datePublished":"2024-06-06T01:58:10+00:00","mainEntityOfPage":{"@id":"https:\/\/apuntesdesanluis.com\/index.php\/2024\/06\/05\/el-gobierno-insiste-en-sus-criticas-hacia-la-ineficiencia-del-poder-judicial\/"},"wordCount":628,"publisher":{"@id":"https:\/\/apuntesdesanluis.com\/#\/schema\/person\/b55151d52296fcce64d1a72538a70b90"},"image":{"@id":"https:\/\/apuntesdesanluis.com\/index.php\/2024\/06\/05\/el-gobierno-insiste-en-sus-criticas-hacia-la-ineficiencia-del-poder-judicial\/#primaryimage"},"thumbnailUrl":"https:\/\/apuntesdesanluis.com\/wp-content\/uploads\/2024\/06\/nancy-sosa.png","articleSection":["Ciudad\/Provincia"],"inLanguage":"es-AR"},{"@type":"WebPage","@id":"https:\/\/apuntesdesanluis.com\/index.php\/2024\/06\/05\/el-gobierno-insiste-en-sus-criticas-hacia-la-ineficiencia-del-poder-judicial\/","url":"https:\/\/apuntesdesanluis.com\/index.php\/2024\/06\/05\/el-gobierno-insiste-en-sus-criticas-hacia-la-ineficiencia-del-poder-judicial\/","name":"EL GOBIERNO INSISTE EN SUS CR\u00cdTICAS HACIA LA INEFICIENCIA DEL PODER JUDICIAL - Apuntes de San Luis","isPartOf":{"@id":"https:\/\/apuntesdesanluis.com\/#website"},"primaryImageOfPage":{"@id":"https:\/\/apuntesdesanluis.com\/index.php\/2024\/06\/05\/el-gobierno-insiste-en-sus-criticas-hacia-la-ineficiencia-del-poder-judicial\/#primaryimage"},"image":{"@id":"https:\/\/apuntesdesanluis.com\/index.php\/2024\/06\/05\/el-gobierno-insiste-en-sus-criticas-hacia-la-ineficiencia-del-poder-judicial\/#primaryimage"},"thumbnailUrl":"https:\/\/apuntesdesanluis.com\/wp-content\/uploads\/2024\/06\/nancy-sosa.png","datePublished":"2024-06-06T01:58:10+00:00","breadcrumb":{"@id":"https:\/\/apuntesdesanluis.com\/index.php\/2024\/06\/05\/el-gobierno-insiste-en-sus-criticas-hacia-la-ineficiencia-del-poder-judicial\/#breadcrumb"},"inLanguage":"es-AR","potentialAction":[{"@type":"ReadAction","target":["https:\/\/apuntesdesanluis.com\/index.php\/2024\/06\/05\/el-gobierno-insiste-en-sus-criticas-hacia-la-ineficiencia-del-poder-judicial\/"]}]},{"@type":"ImageObject","inLanguage":"es-AR","@id":"https:\/\/apuntesdesanluis.com\/index.php\/2024\/06\/05\/el-gobierno-insiste-en-sus-criticas-hacia-la-ineficiencia-del-poder-judicial\/#primaryimage","url":"https:\/\/apuntesdesanluis.com\/wp-content\/uploads\/2024\/06\/nancy-sosa.png","contentUrl":"https:\/\/apuntesdesanluis.com\/wp-content\/uploads\/2024\/06\/nancy-sosa.png","width":843,"height":451},{"@type":"BreadcrumbList","@id":"https:\/\/apuntesdesanluis.com\/index.php\/2024\/06\/05\/el-gobierno-insiste-en-sus-criticas-hacia-la-ineficiencia-del-poder-judicial\/#breadcrumb","itemListElement":[{"@type":"ListItem","position":1,"name":"Inicio","item":"https:\/\/apuntesdesanluis.com\/"},{"@type":"ListItem","position":2,"name":"EL GOBIERNO INSISTE EN SUS CR\u00cdTICAS HACIA LA INEFICIENCIA DEL PODER JUDICIAL"}]},{"@type":"WebSite","@id":"https:\/\/apuntesdesanluis.com\/#website","url":"https:\/\/apuntesdesanluis.com\/","name":"Apuntes de San Luis","description":"","publisher":{"@id":"https:\/\/apuntesdesanluis.com\/#\/schema\/person\/b55151d52296fcce64d1a72538a70b90"},"potentialAction":[{"@type":"SearchAction","target":{"@type":"EntryPoint","urlTemplate":"https:\/\/apuntesdesanluis.com\/?s={search_term_string}"},"query-input":{"@type":"PropertyValueSpecification","valueRequired":true,"valueName":"search_term_string"}}],"inLanguage":"es-AR"},{"@type":["Person","Organization"],"@id":"https:\/\/apuntesdesanluis.com\/#\/schema\/person\/b55151d52296fcce64d1a72538a70b90","name":"apuntesdesanluis.com","image":{"@type":"ImageObject","inLanguage":"es-AR","@id":"https:\/\/apuntesdesanluis.com\/#\/schema\/person\/image\/","url":"https:\/\/apuntesdesanluis.com\/wp-content\/uploads\/2023\/07\/cropped-apuntesdesanluis.png","contentUrl":"https:\/\/apuntesdesanluis.com\/wp-content\/uploads\/2023\/07\/cropped-apuntesdesanluis.png","width":450,"height":112,"caption":"apuntesdesanluis.com"},"logo":{"@id":"https:\/\/apuntesdesanluis.com\/#\/schema\/person\/image\/"},"sameAs":["https:\/\/apuntesdesanluis.com"],"url":"https:\/\/apuntesdesanluis.com\/index.php\/author\/apuntesdesanluis-com\/"}]}},"featured_image_urls":{"full":["https:\/\/apuntesdesanluis.com\/wp-content\/uploads\/2024\/06\/nancy-sosa.png",843,451,false],"thumbnail":["https:\/\/apuntesdesanluis.com\/wp-content\/uploads\/2024\/06\/nancy-sosa-150x150.png",150,150,true],"medium":["https:\/\/apuntesdesanluis.com\/wp-content\/uploads\/2024\/06\/nancy-sosa-300x160.png",300,160,true],"medium_large":["https:\/\/apuntesdesanluis.com\/wp-content\/uploads\/2024\/06\/nancy-sosa-768x411.png",640,343,true],"large":["https:\/\/apuntesdesanluis.com\/wp-content\/uploads\/2024\/06\/nancy-sosa.png",640,342,false],"1536x1536":["https:\/\/apuntesdesanluis.com\/wp-content\/uploads\/2024\/06\/nancy-sosa.png",843,451,false],"2048x2048":["https:\/\/apuntesdesanluis.com\/wp-content\/uploads\/2024\/06\/nancy-sosa.png",843,451,false],"newsever-slider-full":["https:\/\/apuntesdesanluis.com\/wp-content\/uploads\/2024\/06\/nancy-sosa.png",843,451,false],"newsever-featured":["https:\/\/apuntesdesanluis.com\/wp-content\/uploads\/2024\/06\/nancy-sosa.png",843,451,false],"newsever-medium":["https:\/\/apuntesdesanluis.com\/wp-content\/uploads\/2024\/06\/nancy-sosa-720x451.png",720,451,true]},"author_info":{"display_name":"apuntesdesanluis.com","author_link":"https:\/\/apuntesdesanluis.com\/index.php\/author\/apuntesdesanluis-com\/"},"category_info":"<a href=\"https:\/\/apuntesdesanluis.com\/index.php\/category\/ciudad-provincia\/\" rel=\"category tag\">Ciudad\/Provincia<\/a>","tag_info":"Ciudad\/Provincia","comment_count":"0","_links":{"self":[{"href":"https:\/\/apuntesdesanluis.com\/index.php\/wp-json\/wp\/v2\/posts\/17426","targetHints":{"allow":["GET"]}}],"collection":[{"href":"https:\/\/apuntesdesanluis.com\/index.php\/wp-json\/wp\/v2\/posts"}],"about":[{"href":"https:\/\/apuntesdesanluis.com\/index.php\/wp-json\/wp\/v2\/types\/post"}],"author":[{"embeddable":true,"href":"https:\/\/apuntesdesanluis.com\/index.php\/wp-json\/wp\/v2\/users\/1"}],"replies":[{"embeddable":true,"href":"https:\/\/apuntesdesanluis.com\/index.php\/wp-json\/wp\/v2\/comments?post=17426"}],"version-history":[{"count":1,"href":"https:\/\/apuntesdesanluis.com\/index.php\/wp-json\/wp\/v2\/posts\/17426\/revisions"}],"predecessor-version":[{"id":17428,"href":"https:\/\/apuntesdesanluis.com\/index.php\/wp-json\/wp\/v2\/posts\/17426\/revisions\/17428"}],"wp:featuredmedia":[{"embeddable":true,"href":"https:\/\/apuntesdesanluis.com\/index.php\/wp-json\/wp\/v2\/media\/17427"}],"wp:attachment":[{"href":"https:\/\/apuntesdesanluis.com\/index.php\/wp-json\/wp\/v2\/media?parent=17426"}],"wp:term":[{"taxonomy":"category","embeddable":true,"href":"https:\/\/apuntesdesanluis.com\/index.php\/wp-json\/wp\/v2\/categories?post=17426"},{"taxonomy":"post_tag","embeddable":true,"href":"https:\/\/apuntesdesanluis.com\/index.php\/wp-json\/wp\/v2\/tags?post=17426"}],"curies":[{"name":"wp","href":"https:\/\/api.w.org\/{rel}","templated":true}]}}