{"id":17429,"date":"2024-06-05T23:14:36","date_gmt":"2024-06-06T02:14:36","guid":{"rendered":"https:\/\/apuntesdesanluis.com\/?p=17429"},"modified":"2024-06-05T23:14:36","modified_gmt":"2024-06-06T02:14:36","slug":"polemica-condena-a-conductor-que-embistio-y-ocasiono-la-muerte-de-un-motociclista","status":"publish","type":"post","link":"https:\/\/apuntesdesanluis.com\/index.php\/2024\/06\/05\/polemica-condena-a-conductor-que-embistio-y-ocasiono-la-muerte-de-un-motociclista\/","title":{"rendered":"POL\u00c9MICA CONDENA A CONDUCTOR QUE EMBISTI\u00d3 Y OCASION\u00d3 LA MUERTE DE UN MOTOCICLISTA"},"content":{"rendered":"<h3><strong>Gilberto Palacios<\/strong> fue condenado a tres a\u00f1os de prisi\u00f3n en suspenso y siete a\u00f1os de inhabilitaci\u00f3n especial para conducir automotores. Por unanimidad, un tribunal integrado por jueces del Colegio de la ciudad de San Luis emiti\u00f3 este mi\u00e9rcoles al mediod\u00eda su veredicto en contra del automovilista de 62 a\u00f1os por el delito de homicidio culposo por la conducci\u00f3n de un veh\u00edculo automotor (Art. 84 bis-1\u00ba p\u00e1rrafo del C\u00f3digo Penal).<\/h3>\n<h3>La v\u00edctima fue <strong>Brayan D\u00edaz<\/strong>, de 27 a\u00f1os, quien circulaba en su motocicleta KTM modelo Duke por la Avenida Portezuelo cuando fue embestido por el Renault Fluence gris que manejaba Palacios, quien cruz\u00f3 el carril contrario y embisti\u00f3 de frente con el motociclista. El impacto sucedi\u00f3 a la altura de la planta potabilizadora, entre los postes 12 y 13 de la autov\u00eda, y el motociclista falleci\u00f3 en el lugar. El hecho ocurri\u00f3 el 25 de septiembre de 2022 a las 17:50 horas.<\/h3>\n<h3>Adem\u00e1s de la pena en suspenso y de la inhabilitaci\u00f3n, el tribunal le impuso pautas de conducta a Palacios consistentes en:<\/h3>\n<h3>a) Comunicar al Juzgado de Ejecuciones Penales todo cambio de residencia que efectuare.<\/h3>\n<h3>b) No salir del pa\u00eds sin previa autorizaci\u00f3n tramitada por ante el Juzgado de control.<\/h3>\n<h3>c) Someterse al cuidado del Instituto Provincial de Reinserci\u00f3n Social dependiente del PEP.<\/h3>\n<h3>d) Abstenerse de usar estupefacientes o de abusar de bebidas alcoh\u00f3licas.<\/h3>\n<h3>e) No cometer nuevos hechos il\u00edcitos, todo ello bajo apercibimiento de revocarse la condicionalidad de la condena.<\/h3>\n<h3>Tambi\u00e9n se le hizo saber que, en caso de incurrir en la comisi\u00f3n de un nuevo delito dentro del t\u00e9rmino de 4 a\u00f1os a contar desde la fecha de la sentencia firme, podr\u00e1 hacerse efectiva la pena impuesta.<\/h3>\n<p><img fetchpriority=\"high\" decoding=\"async\" class=\"wp-image-17433 aligncenter\" src=\"https:\/\/apuntesdesanluis.com\/wp-content\/uploads\/2024\/06\/FISCAL-VIRGINIA-PALACIOS-300x162.png\" alt=\"\" width=\"619\" height=\"334\" srcset=\"https:\/\/apuntesdesanluis.com\/wp-content\/uploads\/2024\/06\/FISCAL-VIRGINIA-PALACIOS-300x162.png 300w, https:\/\/apuntesdesanluis.com\/wp-content\/uploads\/2024\/06\/FISCAL-VIRGINIA-PALACIOS-768x416.png 768w, https:\/\/apuntesdesanluis.com\/wp-content\/uploads\/2024\/06\/FISCAL-VIRGINIA-PALACIOS.png 831w\" sizes=\"(max-width: 619px) 100vw, 619px\" \/><\/p>\n<h3>En la etapa de alegatos, la Fiscal de Juicio N\u00b0 1, Virginia Palacios, solicit\u00f3 que al imputado sea condenado por homicidio culposo mientras que la abogada Carolina D\u00edaz Alba, representante de la familia de la v\u00edctima, dijo que se deb\u00eda declarar la culpabilidad por homicidio simple con dolo eventual; y en caso de que fuera condenado a tres a\u00f1os de prisi\u00f3n como solicit\u00f3 el Ministerio P\u00fablico Fiscal, que sean de cumplimiento efectivo.<\/h3>\n<h3>La defensa del acusado, a cargo de Mar\u00eda Bel\u00e9n y Guillermo Levingston, dijo que el hecho fue un accidente, que Palacios no tuvo intenci\u00f3n de matar y deb\u00eda conden\u00e1rselo por homicidio culposo por lo que le pidieron al tribunal la pena de dos a\u00f1os en suspenso.<\/h3>\n<p><img decoding=\"async\" class=\"wp-image-17431 aligncenter\" src=\"https:\/\/apuntesdesanluis.com\/wp-content\/uploads\/2024\/06\/ACUSADO-300x166.png\" alt=\"\" width=\"537\" height=\"297\" srcset=\"https:\/\/apuntesdesanluis.com\/wp-content\/uploads\/2024\/06\/ACUSADO-300x166.png 300w, https:\/\/apuntesdesanluis.com\/wp-content\/uploads\/2024\/06\/ACUSADO.png 600w\" sizes=\"(max-width: 537px) 100vw, 537px\" \/><\/p>\n<h3>El homicidio culposo es un delito que ocurre cuando una persona causa la muerte de otra sin tener la intenci\u00f3n de hacerlo. Est\u00e1 contenido en el art\u00edculo 84 del C\u00f3digo Penal Argentino. A diferencia del doloso, donde hay una intenci\u00f3n clara de matar, el homicidio culposo se caracteriza por la falta de intencionalidad y se produce generalmente por negligencia, imprudencia o falta de cuidado. En definitiva, el homicidio culposo es un delito grave que implica causar la muerte de otra persona sin intenci\u00f3n generalmente debido a una conducta negligente o imprudente.<\/h3>\n<h3><strong>\u201cTE EXTRA\u00d1AMOS TODOS LOS D\u00cdAS\u201d<\/strong><\/h3>\n<h3>Antes de retirarse a deliberar, los jueces escucharon a Dahiana D\u00edaz, hermana de Brayan: \u201cTen\u00eda solamente 27 a\u00f1os. Ese d\u00eda sali\u00f3 a dar una vuelta en su moto que con mucho sacrificio pagaba mes a mes. Ese 25 de septiembre cambi\u00f3 nuestras vidas por completo y este proceso judicial se nos hizo largo. \u00bfPorque Palacios no se baj\u00f3 del auto, ni busc\u00f3 ayuda, porque no dijo nada en las audiencias cuando le dieron la posibilidad de hablar? Solo recibimos mentiras, nada m\u00e1s. A Brayan los extra\u00f1amos todos los d\u00edas\u201d.<\/h3>\n<p><img decoding=\"async\" class=\"wp-image-17434 aligncenter\" src=\"https:\/\/apuntesdesanluis.com\/wp-content\/uploads\/2024\/06\/HERMANITA-300x166.png\" alt=\"\" width=\"582\" height=\"322\" srcset=\"https:\/\/apuntesdesanluis.com\/wp-content\/uploads\/2024\/06\/HERMANITA-300x166.png 300w, https:\/\/apuntesdesanluis.com\/wp-content\/uploads\/2024\/06\/HERMANITA.png 600w\" sizes=\"(max-width: 582px) 100vw, 582px\" \/><\/p>\n<h3><strong>COLEGIO DE JUECES<\/strong><\/h3>\n<h3>El tribunal a cargo estuvo compuesto por magistrados del Colegio de Jueces, bajo la presidencia de Hugo Guillermo Saa Petrino e integraci\u00f3n de Fernando Julio De Viana y Eugenia Zabala Chacur.<\/h3>\n<p>&nbsp;<\/p>\n<p>&nbsp;<\/p>\n<p>&nbsp;<\/p>\n<p>&nbsp;<\/p>\n<p>&nbsp;<\/p>\n<p>&nbsp;<\/p>\n","protected":false},"excerpt":{"rendered":"<p>Gilberto Palacios fue condenado a tres a\u00f1os de prisi\u00f3n en suspenso y siete a\u00f1os de&#8230;<\/p>\n","protected":false},"author":1,"featured_media":17430,"comment_status":"closed","ping_status":"closed","sticky":false,"template":"","format":"standard","meta":{"footnotes":""},"categories":[6],"tags":[],"class_list":["post-17429","post","type-post","status-publish","format-standard","has-post-thumbnail","hentry","category-ciudad-provincia"],"yoast_head":"<!-- This site is optimized with the Yoast SEO plugin v26.1.1 - https:\/\/yoast.com\/wordpress\/plugins\/seo\/ -->\n<title>POL\u00c9MICA CONDENA A CONDUCTOR QUE EMBISTI\u00d3 Y OCASION\u00d3 LA MUERTE DE UN MOTOCICLISTA - Apuntes de San Luis<\/title>\n<meta name=\"robots\" content=\"index, follow, max-snippet:-1, max-image-preview:large, max-video-preview:-1\" \/>\n<link rel=\"canonical\" href=\"https:\/\/apuntesdesanluis.com\/index.php\/2024\/06\/05\/polemica-condena-a-conductor-que-embistio-y-ocasiono-la-muerte-de-un-motociclista\/\" \/>\n<meta property=\"og:locale\" content=\"es_ES\" \/>\n<meta property=\"og:type\" content=\"article\" \/>\n<meta property=\"og:title\" content=\"POL\u00c9MICA CONDENA A CONDUCTOR QUE EMBISTI\u00d3 Y OCASION\u00d3 LA MUERTE DE UN MOTOCICLISTA - Apuntes de San Luis\" \/>\n<meta property=\"og:description\" content=\"Gilberto Palacios fue condenado a tres a\u00f1os de prisi\u00f3n en suspenso y siete a\u00f1os de...\" \/>\n<meta property=\"og:url\" content=\"https:\/\/apuntesdesanluis.com\/index.php\/2024\/06\/05\/polemica-condena-a-conductor-que-embistio-y-ocasiono-la-muerte-de-un-motociclista\/\" \/>\n<meta property=\"og:site_name\" content=\"Apuntes de San Luis\" \/>\n<meta property=\"article:published_time\" content=\"2024-06-06T02:14:36+00:00\" \/>\n<meta property=\"og:image\" content=\"https:\/\/apuntesdesanluis.com\/wp-content\/uploads\/2024\/06\/JUEZ-SAA-PETRINO.png\" \/>\n\t<meta property=\"og:image:width\" content=\"600\" \/>\n\t<meta property=\"og:image:height\" content=\"335\" \/>\n\t<meta property=\"og:image:type\" content=\"image\/png\" \/>\n<meta name=\"author\" content=\"apuntesdesanluis.com\" \/>\n<meta name=\"twitter:card\" content=\"summary_large_image\" \/>\n<meta name=\"twitter:label1\" content=\"Escrito por\" \/>\n\t<meta name=\"twitter:data1\" content=\"apuntesdesanluis.com\" \/>\n\t<meta name=\"twitter:label2\" content=\"Tiempo de lectura\" \/>\n\t<meta name=\"twitter:data2\" content=\"4 minutos\" \/>\n<script type=\"application\/ld+json\" class=\"yoast-schema-graph\">{\"@context\":\"https:\/\/schema.org\",\"@graph\":[{\"@type\":\"Article\",\"@id\":\"https:\/\/apuntesdesanluis.com\/index.php\/2024\/06\/05\/polemica-condena-a-conductor-que-embistio-y-ocasiono-la-muerte-de-un-motociclista\/#article\",\"isPartOf\":{\"@id\":\"https:\/\/apuntesdesanluis.com\/index.php\/2024\/06\/05\/polemica-condena-a-conductor-que-embistio-y-ocasiono-la-muerte-de-un-motociclista\/\"},\"author\":{\"name\":\"apuntesdesanluis.com\",\"@id\":\"https:\/\/apuntesdesanluis.com\/#\/schema\/person\/b55151d52296fcce64d1a72538a70b90\"},\"headline\":\"POL\u00c9MICA CONDENA A CONDUCTOR QUE EMBISTI\u00d3 Y OCASION\u00d3 LA MUERTE DE UN MOTOCICLISTA\",\"datePublished\":\"2024-06-06T02:14:36+00:00\",\"mainEntityOfPage\":{\"@id\":\"https:\/\/apuntesdesanluis.com\/index.php\/2024\/06\/05\/polemica-condena-a-conductor-que-embistio-y-ocasiono-la-muerte-de-un-motociclista\/\"},\"wordCount\":676,\"publisher\":{\"@id\":\"https:\/\/apuntesdesanluis.com\/#\/schema\/person\/b55151d52296fcce64d1a72538a70b90\"},\"image\":{\"@id\":\"https:\/\/apuntesdesanluis.com\/index.php\/2024\/06\/05\/polemica-condena-a-conductor-que-embistio-y-ocasiono-la-muerte-de-un-motociclista\/#primaryimage\"},\"thumbnailUrl\":\"https:\/\/apuntesdesanluis.com\/wp-content\/uploads\/2024\/06\/JUEZ-SAA-PETRINO.png\",\"articleSection\":[\"Ciudad\/Provincia\"],\"inLanguage\":\"es-AR\"},{\"@type\":\"WebPage\",\"@id\":\"https:\/\/apuntesdesanluis.com\/index.php\/2024\/06\/05\/polemica-condena-a-conductor-que-embistio-y-ocasiono-la-muerte-de-un-motociclista\/\",\"url\":\"https:\/\/apuntesdesanluis.com\/index.php\/2024\/06\/05\/polemica-condena-a-conductor-que-embistio-y-ocasiono-la-muerte-de-un-motociclista\/\",\"name\":\"POL\u00c9MICA CONDENA A CONDUCTOR QUE EMBISTI\u00d3 Y OCASION\u00d3 LA MUERTE DE UN MOTOCICLISTA - Apuntes de San Luis\",\"isPartOf\":{\"@id\":\"https:\/\/apuntesdesanluis.com\/#website\"},\"primaryImageOfPage\":{\"@id\":\"https:\/\/apuntesdesanluis.com\/index.php\/2024\/06\/05\/polemica-condena-a-conductor-que-embistio-y-ocasiono-la-muerte-de-un-motociclista\/#primaryimage\"},\"image\":{\"@id\":\"https:\/\/apuntesdesanluis.com\/index.php\/2024\/06\/05\/polemica-condena-a-conductor-que-embistio-y-ocasiono-la-muerte-de-un-motociclista\/#primaryimage\"},\"thumbnailUrl\":\"https:\/\/apuntesdesanluis.com\/wp-content\/uploads\/2024\/06\/JUEZ-SAA-PETRINO.png\",\"datePublished\":\"2024-06-06T02:14:36+00:00\",\"breadcrumb\":{\"@id\":\"https:\/\/apuntesdesanluis.com\/index.php\/2024\/06\/05\/polemica-condena-a-conductor-que-embistio-y-ocasiono-la-muerte-de-un-motociclista\/#breadcrumb\"},\"inLanguage\":\"es-AR\",\"potentialAction\":[{\"@type\":\"ReadAction\",\"target\":[\"https:\/\/apuntesdesanluis.com\/index.php\/2024\/06\/05\/polemica-condena-a-conductor-que-embistio-y-ocasiono-la-muerte-de-un-motociclista\/\"]}]},{\"@type\":\"ImageObject\",\"inLanguage\":\"es-AR\",\"@id\":\"https:\/\/apuntesdesanluis.com\/index.php\/2024\/06\/05\/polemica-condena-a-conductor-que-embistio-y-ocasiono-la-muerte-de-un-motociclista\/#primaryimage\",\"url\":\"https:\/\/apuntesdesanluis.com\/wp-content\/uploads\/2024\/06\/JUEZ-SAA-PETRINO.png\",\"contentUrl\":\"https:\/\/apuntesdesanluis.com\/wp-content\/uploads\/2024\/06\/JUEZ-SAA-PETRINO.png\",\"width\":600,\"height\":335},{\"@type\":\"BreadcrumbList\",\"@id\":\"https:\/\/apuntesdesanluis.com\/index.php\/2024\/06\/05\/polemica-condena-a-conductor-que-embistio-y-ocasiono-la-muerte-de-un-motociclista\/#breadcrumb\",\"itemListElement\":[{\"@type\":\"ListItem\",\"position\":1,\"name\":\"Inicio\",\"item\":\"https:\/\/apuntesdesanluis.com\/\"},{\"@type\":\"ListItem\",\"position\":2,\"name\":\"POL\u00c9MICA CONDENA A CONDUCTOR QUE EMBISTI\u00d3 Y OCASION\u00d3 LA MUERTE DE UN MOTOCICLISTA\"}]},{\"@type\":\"WebSite\",\"@id\":\"https:\/\/apuntesdesanluis.com\/#website\",\"url\":\"https:\/\/apuntesdesanluis.com\/\",\"name\":\"Apuntes de San Luis\",\"description\":\"\",\"publisher\":{\"@id\":\"https:\/\/apuntesdesanluis.com\/#\/schema\/person\/b55151d52296fcce64d1a72538a70b90\"},\"potentialAction\":[{\"@type\":\"SearchAction\",\"target\":{\"@type\":\"EntryPoint\",\"urlTemplate\":\"https:\/\/apuntesdesanluis.com\/?s={search_term_string}\"},\"query-input\":{\"@type\":\"PropertyValueSpecification\",\"valueRequired\":true,\"valueName\":\"search_term_string\"}}],\"inLanguage\":\"es-AR\"},{\"@type\":[\"Person\",\"Organization\"],\"@id\":\"https:\/\/apuntesdesanluis.com\/#\/schema\/person\/b55151d52296fcce64d1a72538a70b90\",\"name\":\"apuntesdesanluis.com\",\"image\":{\"@type\":\"ImageObject\",\"inLanguage\":\"es-AR\",\"@id\":\"https:\/\/apuntesdesanluis.com\/#\/schema\/person\/image\/\",\"url\":\"https:\/\/apuntesdesanluis.com\/wp-content\/uploads\/2023\/07\/cropped-apuntesdesanluis.png\",\"contentUrl\":\"https:\/\/apuntesdesanluis.com\/wp-content\/uploads\/2023\/07\/cropped-apuntesdesanluis.png\",\"width\":450,\"height\":112,\"caption\":\"apuntesdesanluis.com\"},\"logo\":{\"@id\":\"https:\/\/apuntesdesanluis.com\/#\/schema\/person\/image\/\"},\"sameAs\":[\"https:\/\/apuntesdesanluis.com\"],\"url\":\"https:\/\/apuntesdesanluis.com\/index.php\/author\/apuntesdesanluis-com\/\"}]}<\/script>\n<!-- \/ Yoast SEO plugin. -->","yoast_head_json":{"title":"POL\u00c9MICA CONDENA A CONDUCTOR QUE EMBISTI\u00d3 Y OCASION\u00d3 LA MUERTE DE UN MOTOCICLISTA - Apuntes de San Luis","robots":{"index":"index","follow":"follow","max-snippet":"max-snippet:-1","max-image-preview":"max-image-preview:large","max-video-preview":"max-video-preview:-1"},"canonical":"https:\/\/apuntesdesanluis.com\/index.php\/2024\/06\/05\/polemica-condena-a-conductor-que-embistio-y-ocasiono-la-muerte-de-un-motociclista\/","og_locale":"es_ES","og_type":"article","og_title":"POL\u00c9MICA CONDENA A CONDUCTOR QUE EMBISTI\u00d3 Y OCASION\u00d3 LA MUERTE DE UN MOTOCICLISTA - Apuntes de San Luis","og_description":"Gilberto Palacios fue condenado a tres a\u00f1os de prisi\u00f3n en suspenso y siete a\u00f1os de...","og_url":"https:\/\/apuntesdesanluis.com\/index.php\/2024\/06\/05\/polemica-condena-a-conductor-que-embistio-y-ocasiono-la-muerte-de-un-motociclista\/","og_site_name":"Apuntes de San Luis","article_published_time":"2024-06-06T02:14:36+00:00","og_image":[{"width":600,"height":335,"url":"https:\/\/apuntesdesanluis.com\/wp-content\/uploads\/2024\/06\/JUEZ-SAA-PETRINO.png","type":"image\/png"}],"author":"apuntesdesanluis.com","twitter_card":"summary_large_image","twitter_misc":{"Escrito por":"apuntesdesanluis.com","Tiempo de lectura":"4 minutos"},"schema":{"@context":"https:\/\/schema.org","@graph":[{"@type":"Article","@id":"https:\/\/apuntesdesanluis.com\/index.php\/2024\/06\/05\/polemica-condena-a-conductor-que-embistio-y-ocasiono-la-muerte-de-un-motociclista\/#article","isPartOf":{"@id":"https:\/\/apuntesdesanluis.com\/index.php\/2024\/06\/05\/polemica-condena-a-conductor-que-embistio-y-ocasiono-la-muerte-de-un-motociclista\/"},"author":{"name":"apuntesdesanluis.com","@id":"https:\/\/apuntesdesanluis.com\/#\/schema\/person\/b55151d52296fcce64d1a72538a70b90"},"headline":"POL\u00c9MICA CONDENA A CONDUCTOR QUE EMBISTI\u00d3 Y OCASION\u00d3 LA MUERTE DE UN MOTOCICLISTA","datePublished":"2024-06-06T02:14:36+00:00","mainEntityOfPage":{"@id":"https:\/\/apuntesdesanluis.com\/index.php\/2024\/06\/05\/polemica-condena-a-conductor-que-embistio-y-ocasiono-la-muerte-de-un-motociclista\/"},"wordCount":676,"publisher":{"@id":"https:\/\/apuntesdesanluis.com\/#\/schema\/person\/b55151d52296fcce64d1a72538a70b90"},"image":{"@id":"https:\/\/apuntesdesanluis.com\/index.php\/2024\/06\/05\/polemica-condena-a-conductor-que-embistio-y-ocasiono-la-muerte-de-un-motociclista\/#primaryimage"},"thumbnailUrl":"https:\/\/apuntesdesanluis.com\/wp-content\/uploads\/2024\/06\/JUEZ-SAA-PETRINO.png","articleSection":["Ciudad\/Provincia"],"inLanguage":"es-AR"},{"@type":"WebPage","@id":"https:\/\/apuntesdesanluis.com\/index.php\/2024\/06\/05\/polemica-condena-a-conductor-que-embistio-y-ocasiono-la-muerte-de-un-motociclista\/","url":"https:\/\/apuntesdesanluis.com\/index.php\/2024\/06\/05\/polemica-condena-a-conductor-que-embistio-y-ocasiono-la-muerte-de-un-motociclista\/","name":"POL\u00c9MICA CONDENA A CONDUCTOR QUE EMBISTI\u00d3 Y OCASION\u00d3 LA MUERTE DE UN MOTOCICLISTA - Apuntes de San Luis","isPartOf":{"@id":"https:\/\/apuntesdesanluis.com\/#website"},"primaryImageOfPage":{"@id":"https:\/\/apuntesdesanluis.com\/index.php\/2024\/06\/05\/polemica-condena-a-conductor-que-embistio-y-ocasiono-la-muerte-de-un-motociclista\/#primaryimage"},"image":{"@id":"https:\/\/apuntesdesanluis.com\/index.php\/2024\/06\/05\/polemica-condena-a-conductor-que-embistio-y-ocasiono-la-muerte-de-un-motociclista\/#primaryimage"},"thumbnailUrl":"https:\/\/apuntesdesanluis.com\/wp-content\/uploads\/2024\/06\/JUEZ-SAA-PETRINO.png","datePublished":"2024-06-06T02:14:36+00:00","breadcrumb":{"@id":"https:\/\/apuntesdesanluis.com\/index.php\/2024\/06\/05\/polemica-condena-a-conductor-que-embistio-y-ocasiono-la-muerte-de-un-motociclista\/#breadcrumb"},"inLanguage":"es-AR","potentialAction":[{"@type":"ReadAction","target":["https:\/\/apuntesdesanluis.com\/index.php\/2024\/06\/05\/polemica-condena-a-conductor-que-embistio-y-ocasiono-la-muerte-de-un-motociclista\/"]}]},{"@type":"ImageObject","inLanguage":"es-AR","@id":"https:\/\/apuntesdesanluis.com\/index.php\/2024\/06\/05\/polemica-condena-a-conductor-que-embistio-y-ocasiono-la-muerte-de-un-motociclista\/#primaryimage","url":"https:\/\/apuntesdesanluis.com\/wp-content\/uploads\/2024\/06\/JUEZ-SAA-PETRINO.png","contentUrl":"https:\/\/apuntesdesanluis.com\/wp-content\/uploads\/2024\/06\/JUEZ-SAA-PETRINO.png","width":600,"height":335},{"@type":"BreadcrumbList","@id":"https:\/\/apuntesdesanluis.com\/index.php\/2024\/06\/05\/polemica-condena-a-conductor-que-embistio-y-ocasiono-la-muerte-de-un-motociclista\/#breadcrumb","itemListElement":[{"@type":"ListItem","position":1,"name":"Inicio","item":"https:\/\/apuntesdesanluis.com\/"},{"@type":"ListItem","position":2,"name":"POL\u00c9MICA CONDENA A CONDUCTOR QUE EMBISTI\u00d3 Y OCASION\u00d3 LA MUERTE DE UN MOTOCICLISTA"}]},{"@type":"WebSite","@id":"https:\/\/apuntesdesanluis.com\/#website","url":"https:\/\/apuntesdesanluis.com\/","name":"Apuntes de San Luis","description":"","publisher":{"@id":"https:\/\/apuntesdesanluis.com\/#\/schema\/person\/b55151d52296fcce64d1a72538a70b90"},"potentialAction":[{"@type":"SearchAction","target":{"@type":"EntryPoint","urlTemplate":"https:\/\/apuntesdesanluis.com\/?s={search_term_string}"},"query-input":{"@type":"PropertyValueSpecification","valueRequired":true,"valueName":"search_term_string"}}],"inLanguage":"es-AR"},{"@type":["Person","Organization"],"@id":"https:\/\/apuntesdesanluis.com\/#\/schema\/person\/b55151d52296fcce64d1a72538a70b90","name":"apuntesdesanluis.com","image":{"@type":"ImageObject","inLanguage":"es-AR","@id":"https:\/\/apuntesdesanluis.com\/#\/schema\/person\/image\/","url":"https:\/\/apuntesdesanluis.com\/wp-content\/uploads\/2023\/07\/cropped-apuntesdesanluis.png","contentUrl":"https:\/\/apuntesdesanluis.com\/wp-content\/uploads\/2023\/07\/cropped-apuntesdesanluis.png","width":450,"height":112,"caption":"apuntesdesanluis.com"},"logo":{"@id":"https:\/\/apuntesdesanluis.com\/#\/schema\/person\/image\/"},"sameAs":["https:\/\/apuntesdesanluis.com"],"url":"https:\/\/apuntesdesanluis.com\/index.php\/author\/apuntesdesanluis-com\/"}]}},"featured_image_urls":{"full":["https:\/\/apuntesdesanluis.com\/wp-content\/uploads\/2024\/06\/JUEZ-SAA-PETRINO.png",600,335,false],"thumbnail":["https:\/\/apuntesdesanluis.com\/wp-content\/uploads\/2024\/06\/JUEZ-SAA-PETRINO-150x150.png",150,150,true],"medium":["https:\/\/apuntesdesanluis.com\/wp-content\/uploads\/2024\/06\/JUEZ-SAA-PETRINO-300x168.png",300,168,true],"medium_large":["https:\/\/apuntesdesanluis.com\/wp-content\/uploads\/2024\/06\/JUEZ-SAA-PETRINO.png",600,335,false],"large":["https:\/\/apuntesdesanluis.com\/wp-content\/uploads\/2024\/06\/JUEZ-SAA-PETRINO.png",600,335,false],"1536x1536":["https:\/\/apuntesdesanluis.com\/wp-content\/uploads\/2024\/06\/JUEZ-SAA-PETRINO.png",600,335,false],"2048x2048":["https:\/\/apuntesdesanluis.com\/wp-content\/uploads\/2024\/06\/JUEZ-SAA-PETRINO.png",600,335,false],"newsever-slider-full":["https:\/\/apuntesdesanluis.com\/wp-content\/uploads\/2024\/06\/JUEZ-SAA-PETRINO.png",600,335,false],"newsever-featured":["https:\/\/apuntesdesanluis.com\/wp-content\/uploads\/2024\/06\/JUEZ-SAA-PETRINO.png",600,335,false],"newsever-medium":["https:\/\/apuntesdesanluis.com\/wp-content\/uploads\/2024\/06\/JUEZ-SAA-PETRINO.png",600,335,false]},"author_info":{"display_name":"apuntesdesanluis.com","author_link":"https:\/\/apuntesdesanluis.com\/index.php\/author\/apuntesdesanluis-com\/"},"category_info":"<a href=\"https:\/\/apuntesdesanluis.com\/index.php\/category\/ciudad-provincia\/\" rel=\"category tag\">Ciudad\/Provincia<\/a>","tag_info":"Ciudad\/Provincia","comment_count":"0","_links":{"self":[{"href":"https:\/\/apuntesdesanluis.com\/index.php\/wp-json\/wp\/v2\/posts\/17429","targetHints":{"allow":["GET"]}}],"collection":[{"href":"https:\/\/apuntesdesanluis.com\/index.php\/wp-json\/wp\/v2\/posts"}],"about":[{"href":"https:\/\/apuntesdesanluis.com\/index.php\/wp-json\/wp\/v2\/types\/post"}],"author":[{"embeddable":true,"href":"https:\/\/apuntesdesanluis.com\/index.php\/wp-json\/wp\/v2\/users\/1"}],"replies":[{"embeddable":true,"href":"https:\/\/apuntesdesanluis.com\/index.php\/wp-json\/wp\/v2\/comments?post=17429"}],"version-history":[{"count":1,"href":"https:\/\/apuntesdesanluis.com\/index.php\/wp-json\/wp\/v2\/posts\/17429\/revisions"}],"predecessor-version":[{"id":17435,"href":"https:\/\/apuntesdesanluis.com\/index.php\/wp-json\/wp\/v2\/posts\/17429\/revisions\/17435"}],"wp:featuredmedia":[{"embeddable":true,"href":"https:\/\/apuntesdesanluis.com\/index.php\/wp-json\/wp\/v2\/media\/17430"}],"wp:attachment":[{"href":"https:\/\/apuntesdesanluis.com\/index.php\/wp-json\/wp\/v2\/media?parent=17429"}],"wp:term":[{"taxonomy":"category","embeddable":true,"href":"https:\/\/apuntesdesanluis.com\/index.php\/wp-json\/wp\/v2\/categories?post=17429"},{"taxonomy":"post_tag","embeddable":true,"href":"https:\/\/apuntesdesanluis.com\/index.php\/wp-json\/wp\/v2\/tags?post=17429"}],"curies":[{"name":"wp","href":"https:\/\/api.w.org\/{rel}","templated":true}]}}