{"id":17458,"date":"2024-06-06T00:32:20","date_gmt":"2024-06-06T03:32:20","guid":{"rendered":"https:\/\/apuntesdesanluis.com\/?p=17458"},"modified":"2024-06-06T00:32:31","modified_gmt":"2024-06-06T03:32:31","slug":"dura-critica-de-carolina-piparo-a-la-libertad-avanza-enjambre-de-violentos-ignorantes-e-intolerantes","status":"publish","type":"post","link":"https:\/\/apuntesdesanluis.com\/index.php\/2024\/06\/06\/dura-critica-de-carolina-piparo-a-la-libertad-avanza-enjambre-de-violentos-ignorantes-e-intolerantes\/","title":{"rendered":"DURA CR\u00cdTICA DE CAROLINA P\u00cdPARO A LA LIBERTAD AVANZA: \u201cENJAMBRE DE VIOLENTOS, IGNORANTES E INTOLERANTES\u201d"},"content":{"rendered":"<h3>La diputada, quien integr\u00f3 la fuerza que llev\u00f3 a <strong>Javier Milei<\/strong> a la Presidencia, marc\u00f3 su distanciamiento definitivo luego de la media sanci\u00f3n del proyecto de nueva f\u00f3rmula jubilatoria, que no acompa\u00f1\u00f3.<\/h3>\n<h3>La diputada <strong>Carolina P\u00edparo<\/strong>, excandidata a gobernadora de la provincia de Buenos Aires por La Libertad Avanza, est\u00e1 cada vez m\u00e1s lejos de esa fuerza y esta madrugada dej\u00f3 un fuerte mensaje en redes sociales que va en esa direcci\u00f3n.<\/h3>\n<h3>Pese a votar en contra del proyecto que establece una nueva f\u00f3rmula jubilatoria, que recibi\u00f3 media sanci\u00f3n en la C\u00e1mara de Diputados, la legisladora apunt\u00f3 contra los \u201cliberales\u201d, a los que acus\u00f3 de \u201cviolentos, ignorantes e intolerantes\u201d.<\/h3>\n<h3>\u201cResulta que desde que se lleg\u00f3 al gobierno, y les recuerdo que trabaj\u00e9 mucho para que eso suceda, no se puede disentir en una sola coma con los \u201cliberales\u201d, se convirtieron en un enjambre de violentos, ignorantes e intolerantes que defienden lo indefendible y creen que pueden cambiar algo desde un teclado\u201d, escribi\u00f3 la excandidata a gobernadora bonaerense por LLA.<\/h3>\n<h3>\u00a0\u201cSe est\u00e1n convirtiendo en todo lo que ya vimos y rechazamos. El fanatismo mancha las ideas indefectiblemente, reflexionen porque no es por ah\u00ed. Hasta pronto\u201d, agreg\u00f3 la diputada en su mensaje en X.<\/h3>\n<p><img fetchpriority=\"high\" decoding=\"async\" class=\"wp-image-17460 aligncenter\" src=\"https:\/\/apuntesdesanluis.com\/wp-content\/uploads\/2024\/06\/CAROLINA-Y-MILEI-300x184.png\" alt=\"\" width=\"587\" height=\"360\" srcset=\"https:\/\/apuntesdesanluis.com\/wp-content\/uploads\/2024\/06\/CAROLINA-Y-MILEI-300x184.png 300w, https:\/\/apuntesdesanluis.com\/wp-content\/uploads\/2024\/06\/CAROLINA-Y-MILEI-768x471.png 768w, https:\/\/apuntesdesanluis.com\/wp-content\/uploads\/2024\/06\/CAROLINA-Y-MILEI.png 795w\" sizes=\"(max-width: 587px) 100vw, 587px\" \/><\/p>\n<h3>Tras el triunfo electoral en el balotaje presidencial del 19 de noviembre, Javier Milei comenz\u00f3 a darle forma a su equipo de gobierno, y el nombre de Carolina P\u00edparo son\u00f3 con mucha fuerza para estar al frente de la ANSeS. Sin embargo, fue una de las primeras bajas antes de asumir, hecho que comenz\u00f3 a distanciarla de los libertarios.<\/h3>\n<h3>La relaci\u00f3n se enfri\u00f3 a\u00fan m\u00e1s cuando la integrante del bloque Buenos Aires Libre vot\u00f3 en contra de cuatro art\u00edculos de la primera versi\u00f3n de la Ley Bases, lo que provoc\u00f3 que el Ejecutivo la incluyera en la lista de \u201ctraidores\u201d que difundi\u00f3 p\u00fablicamente tras el fallido debate en la C\u00e1mara baja durante las sesiones extraordinarias de febrero.<\/h3>\n<h3>\u201cEl bloque Buenos Aires Libre vot\u00f3 a favor de todas las emergencias y de todas las facultades delegadas solicitadas por el poder ejecutivo. El \u00fanico voto negativo fue a un inciso, inciso H del art\u00edculo 4 (compuesto por ocho incisos). Espec\u00edficamente, votamos en contra de una modificaci\u00f3n propuesta por otro bloque sobre fideicomisos\u201d, replic\u00f3 P\u00edparo tras aquella lista, tambi\u00e9n en las redes sociales. Y ampli\u00f3: \u201cLe deseamos templanza al gobierno para llevar tranquilidad a los argentinos que tan mal la pasan hace tanto tiempo\u201d.<\/h3>\n<h3>La diputada nacional ya hab\u00eda mostrado sus diferencias con algunos apartados de la ley \u00f3mnibus durante las negociaciones parlamentarias que se realizaron en enero. \u201cLamento que algunos hayan tomado mal mis cr\u00edticas a este proyecto que siempre fueron constructivas y con el fin de defender el rol de este Congreso y sus facultades como, por ejemplo, no convalidar la reestructuraci\u00f3n de deuda a sola firma de ministros, no apoyar que queden en manos privadas algunas empresas del estado como el Banco Naci\u00f3n, no convalidar la venta de acciones del Fondo de Garant\u00edas, no aumentar impuestos o marcar la urgencia de debatir una nueva f\u00f3rmula jubilatoria\u201d, sostuvo en el recinto del Congreso duante aquel debate.<\/h3>\n<h3>Sin embargo, los embates oficiales contra P\u00edparo no se detuvieron: luego de algunos d\u00edas de aquel fallido debate, el propio presidente Javier Milei volvi\u00f3 a utilizar las redes sociales para criticar a la legisladora y le dio un \u201cme gusta\u201d a un mensaje que ped\u00eda la renuncia de la diputada.<\/h3>\n<h3>\u201cCampa\u00f1a masiva de likes y comentarios para que renuncie Carolina P\u00edparo\u201d, dec\u00eda uno de los tuits al que Milei le dio \u201cme gusta\u201d en sus redes sociales aquella vez. Junto a la frase, una moci\u00f3n que el mandatario pareci\u00f3 apoyar, est\u00e1 adjunta una foto de la legisladora que dice \u201ctraidora\u201d.<\/h3>\n<p>&nbsp;<\/p>\n<p>&nbsp;<\/p>\n<p>&nbsp;<\/p>\n<p>&nbsp;<\/p>\n<p>&nbsp;<\/p>\n<p>&nbsp;<\/p>\n","protected":false},"excerpt":{"rendered":"<p>La diputada, quien integr\u00f3 la fuerza que llev\u00f3 a Javier Milei a la Presidencia, marc\u00f3&#8230;<\/p>\n","protected":false},"author":1,"featured_media":17459,"comment_status":"closed","ping_status":"closed","sticky":false,"template":"","format":"standard","meta":{"footnotes":""},"categories":[5],"tags":[],"class_list":["post-17458","post","type-post","status-publish","format-standard","has-post-thumbnail","hentry","category-nacionales-internacionales"],"yoast_head":"<!-- This site is optimized with the Yoast SEO plugin v26.1.1 - https:\/\/yoast.com\/wordpress\/plugins\/seo\/ -->\n<title>DURA CR\u00cdTICA DE CAROLINA P\u00cdPARO A LA LIBERTAD AVANZA: \u201cENJAMBRE DE VIOLENTOS, IGNORANTES E INTOLERANTES\u201d - Apuntes de San Luis<\/title>\n<meta name=\"robots\" content=\"index, follow, max-snippet:-1, max-image-preview:large, max-video-preview:-1\" \/>\n<link rel=\"canonical\" href=\"https:\/\/apuntesdesanluis.com\/index.php\/2024\/06\/06\/dura-critica-de-carolina-piparo-a-la-libertad-avanza-enjambre-de-violentos-ignorantes-e-intolerantes\/\" \/>\n<meta property=\"og:locale\" content=\"es_ES\" \/>\n<meta property=\"og:type\" content=\"article\" \/>\n<meta property=\"og:title\" content=\"DURA CR\u00cdTICA DE CAROLINA P\u00cdPARO A LA LIBERTAD AVANZA: \u201cENJAMBRE DE VIOLENTOS, IGNORANTES E INTOLERANTES\u201d - Apuntes de San Luis\" \/>\n<meta property=\"og:description\" content=\"La diputada, quien integr\u00f3 la fuerza que llev\u00f3 a Javier Milei a la Presidencia, marc\u00f3...\" \/>\n<meta property=\"og:url\" content=\"https:\/\/apuntesdesanluis.com\/index.php\/2024\/06\/06\/dura-critica-de-carolina-piparo-a-la-libertad-avanza-enjambre-de-violentos-ignorantes-e-intolerantes\/\" \/>\n<meta property=\"og:site_name\" content=\"Apuntes de San Luis\" \/>\n<meta property=\"article:published_time\" content=\"2024-06-06T03:32:20+00:00\" \/>\n<meta property=\"article:modified_time\" content=\"2024-06-06T03:32:31+00:00\" \/>\n<meta property=\"og:image\" content=\"https:\/\/apuntesdesanluis.com\/wp-content\/uploads\/2024\/06\/CAROLINA-PIPARO.png\" \/>\n\t<meta property=\"og:image:width\" content=\"737\" \/>\n\t<meta property=\"og:image:height\" content=\"448\" \/>\n\t<meta property=\"og:image:type\" content=\"image\/png\" \/>\n<meta name=\"author\" content=\"apuntesdesanluis.com\" \/>\n<meta name=\"twitter:card\" content=\"summary_large_image\" \/>\n<meta name=\"twitter:label1\" content=\"Escrito por\" \/>\n\t<meta name=\"twitter:data1\" content=\"apuntesdesanluis.com\" \/>\n\t<meta name=\"twitter:label2\" content=\"Tiempo de lectura\" \/>\n\t<meta name=\"twitter:data2\" content=\"4 minutos\" \/>\n<script type=\"application\/ld+json\" class=\"yoast-schema-graph\">{\"@context\":\"https:\/\/schema.org\",\"@graph\":[{\"@type\":\"Article\",\"@id\":\"https:\/\/apuntesdesanluis.com\/index.php\/2024\/06\/06\/dura-critica-de-carolina-piparo-a-la-libertad-avanza-enjambre-de-violentos-ignorantes-e-intolerantes\/#article\",\"isPartOf\":{\"@id\":\"https:\/\/apuntesdesanluis.com\/index.php\/2024\/06\/06\/dura-critica-de-carolina-piparo-a-la-libertad-avanza-enjambre-de-violentos-ignorantes-e-intolerantes\/\"},\"author\":{\"name\":\"apuntesdesanluis.com\",\"@id\":\"https:\/\/apuntesdesanluis.com\/#\/schema\/person\/b55151d52296fcce64d1a72538a70b90\"},\"headline\":\"DURA CR\u00cdTICA DE CAROLINA P\u00cdPARO A LA LIBERTAD AVANZA: \u201cENJAMBRE DE VIOLENTOS, IGNORANTES E INTOLERANTES\u201d\",\"datePublished\":\"2024-06-06T03:32:20+00:00\",\"dateModified\":\"2024-06-06T03:32:31+00:00\",\"mainEntityOfPage\":{\"@id\":\"https:\/\/apuntesdesanluis.com\/index.php\/2024\/06\/06\/dura-critica-de-carolina-piparo-a-la-libertad-avanza-enjambre-de-violentos-ignorantes-e-intolerantes\/\"},\"wordCount\":673,\"publisher\":{\"@id\":\"https:\/\/apuntesdesanluis.com\/#\/schema\/person\/b55151d52296fcce64d1a72538a70b90\"},\"image\":{\"@id\":\"https:\/\/apuntesdesanluis.com\/index.php\/2024\/06\/06\/dura-critica-de-carolina-piparo-a-la-libertad-avanza-enjambre-de-violentos-ignorantes-e-intolerantes\/#primaryimage\"},\"thumbnailUrl\":\"https:\/\/apuntesdesanluis.com\/wp-content\/uploads\/2024\/06\/CAROLINA-PIPARO.png\",\"articleSection\":[\"Nacionales\/Internacionales\"],\"inLanguage\":\"es-AR\"},{\"@type\":\"WebPage\",\"@id\":\"https:\/\/apuntesdesanluis.com\/index.php\/2024\/06\/06\/dura-critica-de-carolina-piparo-a-la-libertad-avanza-enjambre-de-violentos-ignorantes-e-intolerantes\/\",\"url\":\"https:\/\/apuntesdesanluis.com\/index.php\/2024\/06\/06\/dura-critica-de-carolina-piparo-a-la-libertad-avanza-enjambre-de-violentos-ignorantes-e-intolerantes\/\",\"name\":\"DURA CR\u00cdTICA DE CAROLINA P\u00cdPARO A LA LIBERTAD AVANZA: \u201cENJAMBRE DE VIOLENTOS, IGNORANTES E INTOLERANTES\u201d - Apuntes de San Luis\",\"isPartOf\":{\"@id\":\"https:\/\/apuntesdesanluis.com\/#website\"},\"primaryImageOfPage\":{\"@id\":\"https:\/\/apuntesdesanluis.com\/index.php\/2024\/06\/06\/dura-critica-de-carolina-piparo-a-la-libertad-avanza-enjambre-de-violentos-ignorantes-e-intolerantes\/#primaryimage\"},\"image\":{\"@id\":\"https:\/\/apuntesdesanluis.com\/index.php\/2024\/06\/06\/dura-critica-de-carolina-piparo-a-la-libertad-avanza-enjambre-de-violentos-ignorantes-e-intolerantes\/#primaryimage\"},\"thumbnailUrl\":\"https:\/\/apuntesdesanluis.com\/wp-content\/uploads\/2024\/06\/CAROLINA-PIPARO.png\",\"datePublished\":\"2024-06-06T03:32:20+00:00\",\"dateModified\":\"2024-06-06T03:32:31+00:00\",\"breadcrumb\":{\"@id\":\"https:\/\/apuntesdesanluis.com\/index.php\/2024\/06\/06\/dura-critica-de-carolina-piparo-a-la-libertad-avanza-enjambre-de-violentos-ignorantes-e-intolerantes\/#breadcrumb\"},\"inLanguage\":\"es-AR\",\"potentialAction\":[{\"@type\":\"ReadAction\",\"target\":[\"https:\/\/apuntesdesanluis.com\/index.php\/2024\/06\/06\/dura-critica-de-carolina-piparo-a-la-libertad-avanza-enjambre-de-violentos-ignorantes-e-intolerantes\/\"]}]},{\"@type\":\"ImageObject\",\"inLanguage\":\"es-AR\",\"@id\":\"https:\/\/apuntesdesanluis.com\/index.php\/2024\/06\/06\/dura-critica-de-carolina-piparo-a-la-libertad-avanza-enjambre-de-violentos-ignorantes-e-intolerantes\/#primaryimage\",\"url\":\"https:\/\/apuntesdesanluis.com\/wp-content\/uploads\/2024\/06\/CAROLINA-PIPARO.png\",\"contentUrl\":\"https:\/\/apuntesdesanluis.com\/wp-content\/uploads\/2024\/06\/CAROLINA-PIPARO.png\",\"width\":737,\"height\":448},{\"@type\":\"BreadcrumbList\",\"@id\":\"https:\/\/apuntesdesanluis.com\/index.php\/2024\/06\/06\/dura-critica-de-carolina-piparo-a-la-libertad-avanza-enjambre-de-violentos-ignorantes-e-intolerantes\/#breadcrumb\",\"itemListElement\":[{\"@type\":\"ListItem\",\"position\":1,\"name\":\"Inicio\",\"item\":\"https:\/\/apuntesdesanluis.com\/\"},{\"@type\":\"ListItem\",\"position\":2,\"name\":\"DURA CR\u00cdTICA DE CAROLINA P\u00cdPARO A LA LIBERTAD AVANZA: \u201cENJAMBRE DE VIOLENTOS, IGNORANTES E INTOLERANTES\u201d\"}]},{\"@type\":\"WebSite\",\"@id\":\"https:\/\/apuntesdesanluis.com\/#website\",\"url\":\"https:\/\/apuntesdesanluis.com\/\",\"name\":\"Apuntes de San Luis\",\"description\":\"\",\"publisher\":{\"@id\":\"https:\/\/apuntesdesanluis.com\/#\/schema\/person\/b55151d52296fcce64d1a72538a70b90\"},\"potentialAction\":[{\"@type\":\"SearchAction\",\"target\":{\"@type\":\"EntryPoint\",\"urlTemplate\":\"https:\/\/apuntesdesanluis.com\/?s={search_term_string}\"},\"query-input\":{\"@type\":\"PropertyValueSpecification\",\"valueRequired\":true,\"valueName\":\"search_term_string\"}}],\"inLanguage\":\"es-AR\"},{\"@type\":[\"Person\",\"Organization\"],\"@id\":\"https:\/\/apuntesdesanluis.com\/#\/schema\/person\/b55151d52296fcce64d1a72538a70b90\",\"name\":\"apuntesdesanluis.com\",\"image\":{\"@type\":\"ImageObject\",\"inLanguage\":\"es-AR\",\"@id\":\"https:\/\/apuntesdesanluis.com\/#\/schema\/person\/image\/\",\"url\":\"https:\/\/apuntesdesanluis.com\/wp-content\/uploads\/2023\/07\/cropped-apuntesdesanluis.png\",\"contentUrl\":\"https:\/\/apuntesdesanluis.com\/wp-content\/uploads\/2023\/07\/cropped-apuntesdesanluis.png\",\"width\":450,\"height\":112,\"caption\":\"apuntesdesanluis.com\"},\"logo\":{\"@id\":\"https:\/\/apuntesdesanluis.com\/#\/schema\/person\/image\/\"},\"sameAs\":[\"https:\/\/apuntesdesanluis.com\"],\"url\":\"https:\/\/apuntesdesanluis.com\/index.php\/author\/apuntesdesanluis-com\/\"}]}<\/script>\n<!-- \/ Yoast SEO plugin. -->","yoast_head_json":{"title":"DURA CR\u00cdTICA DE CAROLINA P\u00cdPARO A LA LIBERTAD AVANZA: \u201cENJAMBRE DE VIOLENTOS, IGNORANTES E INTOLERANTES\u201d - Apuntes de San Luis","robots":{"index":"index","follow":"follow","max-snippet":"max-snippet:-1","max-image-preview":"max-image-preview:large","max-video-preview":"max-video-preview:-1"},"canonical":"https:\/\/apuntesdesanluis.com\/index.php\/2024\/06\/06\/dura-critica-de-carolina-piparo-a-la-libertad-avanza-enjambre-de-violentos-ignorantes-e-intolerantes\/","og_locale":"es_ES","og_type":"article","og_title":"DURA CR\u00cdTICA DE CAROLINA P\u00cdPARO A LA LIBERTAD AVANZA: \u201cENJAMBRE DE VIOLENTOS, IGNORANTES E INTOLERANTES\u201d - Apuntes de San Luis","og_description":"La diputada, quien integr\u00f3 la fuerza que llev\u00f3 a Javier Milei a la Presidencia, marc\u00f3...","og_url":"https:\/\/apuntesdesanluis.com\/index.php\/2024\/06\/06\/dura-critica-de-carolina-piparo-a-la-libertad-avanza-enjambre-de-violentos-ignorantes-e-intolerantes\/","og_site_name":"Apuntes de San Luis","article_published_time":"2024-06-06T03:32:20+00:00","article_modified_time":"2024-06-06T03:32:31+00:00","og_image":[{"width":737,"height":448,"url":"https:\/\/apuntesdesanluis.com\/wp-content\/uploads\/2024\/06\/CAROLINA-PIPARO.png","type":"image\/png"}],"author":"apuntesdesanluis.com","twitter_card":"summary_large_image","twitter_misc":{"Escrito por":"apuntesdesanluis.com","Tiempo de lectura":"4 minutos"},"schema":{"@context":"https:\/\/schema.org","@graph":[{"@type":"Article","@id":"https:\/\/apuntesdesanluis.com\/index.php\/2024\/06\/06\/dura-critica-de-carolina-piparo-a-la-libertad-avanza-enjambre-de-violentos-ignorantes-e-intolerantes\/#article","isPartOf":{"@id":"https:\/\/apuntesdesanluis.com\/index.php\/2024\/06\/06\/dura-critica-de-carolina-piparo-a-la-libertad-avanza-enjambre-de-violentos-ignorantes-e-intolerantes\/"},"author":{"name":"apuntesdesanluis.com","@id":"https:\/\/apuntesdesanluis.com\/#\/schema\/person\/b55151d52296fcce64d1a72538a70b90"},"headline":"DURA CR\u00cdTICA DE CAROLINA P\u00cdPARO A LA LIBERTAD AVANZA: \u201cENJAMBRE DE VIOLENTOS, IGNORANTES E INTOLERANTES\u201d","datePublished":"2024-06-06T03:32:20+00:00","dateModified":"2024-06-06T03:32:31+00:00","mainEntityOfPage":{"@id":"https:\/\/apuntesdesanluis.com\/index.php\/2024\/06\/06\/dura-critica-de-carolina-piparo-a-la-libertad-avanza-enjambre-de-violentos-ignorantes-e-intolerantes\/"},"wordCount":673,"publisher":{"@id":"https:\/\/apuntesdesanluis.com\/#\/schema\/person\/b55151d52296fcce64d1a72538a70b90"},"image":{"@id":"https:\/\/apuntesdesanluis.com\/index.php\/2024\/06\/06\/dura-critica-de-carolina-piparo-a-la-libertad-avanza-enjambre-de-violentos-ignorantes-e-intolerantes\/#primaryimage"},"thumbnailUrl":"https:\/\/apuntesdesanluis.com\/wp-content\/uploads\/2024\/06\/CAROLINA-PIPARO.png","articleSection":["Nacionales\/Internacionales"],"inLanguage":"es-AR"},{"@type":"WebPage","@id":"https:\/\/apuntesdesanluis.com\/index.php\/2024\/06\/06\/dura-critica-de-carolina-piparo-a-la-libertad-avanza-enjambre-de-violentos-ignorantes-e-intolerantes\/","url":"https:\/\/apuntesdesanluis.com\/index.php\/2024\/06\/06\/dura-critica-de-carolina-piparo-a-la-libertad-avanza-enjambre-de-violentos-ignorantes-e-intolerantes\/","name":"DURA CR\u00cdTICA DE CAROLINA P\u00cdPARO A LA LIBERTAD AVANZA: \u201cENJAMBRE DE VIOLENTOS, IGNORANTES E INTOLERANTES\u201d - Apuntes de San Luis","isPartOf":{"@id":"https:\/\/apuntesdesanluis.com\/#website"},"primaryImageOfPage":{"@id":"https:\/\/apuntesdesanluis.com\/index.php\/2024\/06\/06\/dura-critica-de-carolina-piparo-a-la-libertad-avanza-enjambre-de-violentos-ignorantes-e-intolerantes\/#primaryimage"},"image":{"@id":"https:\/\/apuntesdesanluis.com\/index.php\/2024\/06\/06\/dura-critica-de-carolina-piparo-a-la-libertad-avanza-enjambre-de-violentos-ignorantes-e-intolerantes\/#primaryimage"},"thumbnailUrl":"https:\/\/apuntesdesanluis.com\/wp-content\/uploads\/2024\/06\/CAROLINA-PIPARO.png","datePublished":"2024-06-06T03:32:20+00:00","dateModified":"2024-06-06T03:32:31+00:00","breadcrumb":{"@id":"https:\/\/apuntesdesanluis.com\/index.php\/2024\/06\/06\/dura-critica-de-carolina-piparo-a-la-libertad-avanza-enjambre-de-violentos-ignorantes-e-intolerantes\/#breadcrumb"},"inLanguage":"es-AR","potentialAction":[{"@type":"ReadAction","target":["https:\/\/apuntesdesanluis.com\/index.php\/2024\/06\/06\/dura-critica-de-carolina-piparo-a-la-libertad-avanza-enjambre-de-violentos-ignorantes-e-intolerantes\/"]}]},{"@type":"ImageObject","inLanguage":"es-AR","@id":"https:\/\/apuntesdesanluis.com\/index.php\/2024\/06\/06\/dura-critica-de-carolina-piparo-a-la-libertad-avanza-enjambre-de-violentos-ignorantes-e-intolerantes\/#primaryimage","url":"https:\/\/apuntesdesanluis.com\/wp-content\/uploads\/2024\/06\/CAROLINA-PIPARO.png","contentUrl":"https:\/\/apuntesdesanluis.com\/wp-content\/uploads\/2024\/06\/CAROLINA-PIPARO.png","width":737,"height":448},{"@type":"BreadcrumbList","@id":"https:\/\/apuntesdesanluis.com\/index.php\/2024\/06\/06\/dura-critica-de-carolina-piparo-a-la-libertad-avanza-enjambre-de-violentos-ignorantes-e-intolerantes\/#breadcrumb","itemListElement":[{"@type":"ListItem","position":1,"name":"Inicio","item":"https:\/\/apuntesdesanluis.com\/"},{"@type":"ListItem","position":2,"name":"DURA CR\u00cdTICA DE CAROLINA P\u00cdPARO A LA LIBERTAD AVANZA: \u201cENJAMBRE DE VIOLENTOS, IGNORANTES E INTOLERANTES\u201d"}]},{"@type":"WebSite","@id":"https:\/\/apuntesdesanluis.com\/#website","url":"https:\/\/apuntesdesanluis.com\/","name":"Apuntes de San Luis","description":"","publisher":{"@id":"https:\/\/apuntesdesanluis.com\/#\/schema\/person\/b55151d52296fcce64d1a72538a70b90"},"potentialAction":[{"@type":"SearchAction","target":{"@type":"EntryPoint","urlTemplate":"https:\/\/apuntesdesanluis.com\/?s={search_term_string}"},"query-input":{"@type":"PropertyValueSpecification","valueRequired":true,"valueName":"search_term_string"}}],"inLanguage":"es-AR"},{"@type":["Person","Organization"],"@id":"https:\/\/apuntesdesanluis.com\/#\/schema\/person\/b55151d52296fcce64d1a72538a70b90","name":"apuntesdesanluis.com","image":{"@type":"ImageObject","inLanguage":"es-AR","@id":"https:\/\/apuntesdesanluis.com\/#\/schema\/person\/image\/","url":"https:\/\/apuntesdesanluis.com\/wp-content\/uploads\/2023\/07\/cropped-apuntesdesanluis.png","contentUrl":"https:\/\/apuntesdesanluis.com\/wp-content\/uploads\/2023\/07\/cropped-apuntesdesanluis.png","width":450,"height":112,"caption":"apuntesdesanluis.com"},"logo":{"@id":"https:\/\/apuntesdesanluis.com\/#\/schema\/person\/image\/"},"sameAs":["https:\/\/apuntesdesanluis.com"],"url":"https:\/\/apuntesdesanluis.com\/index.php\/author\/apuntesdesanluis-com\/"}]}},"featured_image_urls":{"full":["https:\/\/apuntesdesanluis.com\/wp-content\/uploads\/2024\/06\/CAROLINA-PIPARO.png",737,448,false],"thumbnail":["https:\/\/apuntesdesanluis.com\/wp-content\/uploads\/2024\/06\/CAROLINA-PIPARO-150x150.png",150,150,true],"medium":["https:\/\/apuntesdesanluis.com\/wp-content\/uploads\/2024\/06\/CAROLINA-PIPARO-300x182.png",300,182,true],"medium_large":["https:\/\/apuntesdesanluis.com\/wp-content\/uploads\/2024\/06\/CAROLINA-PIPARO.png",640,389,false],"large":["https:\/\/apuntesdesanluis.com\/wp-content\/uploads\/2024\/06\/CAROLINA-PIPARO.png",640,389,false],"1536x1536":["https:\/\/apuntesdesanluis.com\/wp-content\/uploads\/2024\/06\/CAROLINA-PIPARO.png",737,448,false],"2048x2048":["https:\/\/apuntesdesanluis.com\/wp-content\/uploads\/2024\/06\/CAROLINA-PIPARO.png",737,448,false],"newsever-slider-full":["https:\/\/apuntesdesanluis.com\/wp-content\/uploads\/2024\/06\/CAROLINA-PIPARO.png",737,448,false],"newsever-featured":["https:\/\/apuntesdesanluis.com\/wp-content\/uploads\/2024\/06\/CAROLINA-PIPARO.png",737,448,false],"newsever-medium":["https:\/\/apuntesdesanluis.com\/wp-content\/uploads\/2024\/06\/CAROLINA-PIPARO-720x448.png",720,448,true]},"author_info":{"display_name":"apuntesdesanluis.com","author_link":"https:\/\/apuntesdesanluis.com\/index.php\/author\/apuntesdesanluis-com\/"},"category_info":"<a href=\"https:\/\/apuntesdesanluis.com\/index.php\/category\/nacionales-internacionales\/\" rel=\"category tag\">Nacionales\/Internacionales<\/a>","tag_info":"Nacionales\/Internacionales","comment_count":"0","_links":{"self":[{"href":"https:\/\/apuntesdesanluis.com\/index.php\/wp-json\/wp\/v2\/posts\/17458","targetHints":{"allow":["GET"]}}],"collection":[{"href":"https:\/\/apuntesdesanluis.com\/index.php\/wp-json\/wp\/v2\/posts"}],"about":[{"href":"https:\/\/apuntesdesanluis.com\/index.php\/wp-json\/wp\/v2\/types\/post"}],"author":[{"embeddable":true,"href":"https:\/\/apuntesdesanluis.com\/index.php\/wp-json\/wp\/v2\/users\/1"}],"replies":[{"embeddable":true,"href":"https:\/\/apuntesdesanluis.com\/index.php\/wp-json\/wp\/v2\/comments?post=17458"}],"version-history":[{"count":2,"href":"https:\/\/apuntesdesanluis.com\/index.php\/wp-json\/wp\/v2\/posts\/17458\/revisions"}],"predecessor-version":[{"id":17462,"href":"https:\/\/apuntesdesanluis.com\/index.php\/wp-json\/wp\/v2\/posts\/17458\/revisions\/17462"}],"wp:featuredmedia":[{"embeddable":true,"href":"https:\/\/apuntesdesanluis.com\/index.php\/wp-json\/wp\/v2\/media\/17459"}],"wp:attachment":[{"href":"https:\/\/apuntesdesanluis.com\/index.php\/wp-json\/wp\/v2\/media?parent=17458"}],"wp:term":[{"taxonomy":"category","embeddable":true,"href":"https:\/\/apuntesdesanluis.com\/index.php\/wp-json\/wp\/v2\/categories?post=17458"},{"taxonomy":"post_tag","embeddable":true,"href":"https:\/\/apuntesdesanluis.com\/index.php\/wp-json\/wp\/v2\/tags?post=17458"}],"curies":[{"name":"wp","href":"https:\/\/api.w.org\/{rel}","templated":true}]}}