{"id":1748,"date":"2023-08-17T21:34:28","date_gmt":"2023-08-18T00:34:28","guid":{"rendered":"https:\/\/apuntesdesanluis.com\/?p=1748"},"modified":"2023-08-17T21:34:28","modified_gmt":"2023-08-18T00:34:28","slug":"inundaciones-destrozos-y-vecinos-evacuados-dejo-el-fuerte-temporal-que-azoto-al-amba","status":"publish","type":"post","link":"https:\/\/apuntesdesanluis.com\/index.php\/2023\/08\/17\/inundaciones-destrozos-y-vecinos-evacuados-dejo-el-fuerte-temporal-que-azoto-al-amba\/","title":{"rendered":"INUNDACIONES, DESTROZOS Y VECINOS EVACUADOS DEJ\u00d3 EL FUERTE TEMPORAL QUE AZOT\u00d3 AL AMBA"},"content":{"rendered":"<h3 class=\"yiv7409174924ydp6329976emsonormal\" style=\"background: white;\"><span style=\"font-family: 'Arial','sans-serif'; color: #1d2228;\">Las lluvias y tormentas provocaron importantes da\u00f1os materiales. La Plata fue una de las zonas m\u00e1s afectadas, pero tambi\u00e9n se registraron incidentes en Tigre, San Isidro y CABA, entre otros lugares<\/span><\/h3>\n<h3 class=\"yiv7409174924ydp6329976emsonormal\" style=\"background: white;\"><span style=\"font-family: 'Arial','sans-serif'; color: #1d2228;\">El temporal de lluvia que azot\u00f3 en las \u00faltimas horas a la ciudad y la provincia de Buenos Aires provoc\u00f3 voladuras de techos, cortes de luz, ca\u00edda de \u00e1rboles, calles anegadas y otros destrozos en varias zonas del \u00e1rea metropolitana. Tambi\u00e9n gener\u00f3 problemas con los vuelos en Ezeiza y Aeroparque.<\/span><\/h3>\n<h3 class=\"yiv7409174924ydp6329976emsonormal\" style=\"background: white;\"><span style=\"font-family: 'Arial','sans-serif'; color: #1d2228;\">Uno de los partidos m\u00e1s afectados fue La Plata. La abundante ca\u00edda de agua y del granizo en diversos barrios de la capital bonaerense oblig\u00f3 a muchas personas a abandonar sus casas. Seg\u00fan inform\u00f3 el Ministerio de Desarrollo de la Comunidad, m\u00e1s de 1000 familias tuvieron que ser asistidas, mientras se organizaban los tres centros de evacuaci\u00f3n: Centro Fomento Los Hornos: 137 y 63, Club Circunvalaci\u00f3n en Avenida 7 entre 77 y 78, y Melchor Romero el de calle 517 entre 171 y 172.<\/span><\/h3>\n<p><iframe title=\"LA PLATA I Cayeron m\u00e1s de 100 mil\u00edmetros de lluvia. Defensa Civil evac\u00faa vecinos afectados\" width=\"640\" height=\"360\" src=\"https:\/\/www.youtube.com\/embed\/0rryxofHPsw?start=1&#038;feature=oembed\" frameborder=\"0\" allow=\"accelerometer; autoplay; clipboard-write; encrypted-media; gyroscope; picture-in-picture; web-share\" referrerpolicy=\"strict-origin-when-cross-origin\" allowfullscreen><\/iframe><\/p>\n<h3 class=\"yiv7409174924ydp6329976emsonormal\" style=\"background: white;\"><span style=\"font-family: 'Arial','sans-serif'; color: #1d2228;\">Desde las primeras horas de este jueves, las lluvias tomaron por sorpresa a los platenses, quienes recurrieron a las redes sociales para compartir im\u00e1genes y videos que capturaron la magnitud del evento clim\u00e1tico. Las escenas de calles intransitables, viviendas inundadas y autom\u00f3viles varados comenzaron a viralizarse r\u00e1pidamente.<\/span><\/h3>\n<h3 class=\"yiv7409174924ydp6329976emsonormal\" style=\"background: white;\"><span style=\"font-family: 'Arial','sans-serif'; color: #1d2228;\">De acuerdo a registros oficiales, cayeron m\u00e1s de 130 mil\u00edmetros de agua entre la noche de ayer y la madrugada de hoy. \u201cHemos roto los r\u00e9cords de precipitaci\u00f3n en 24 horas para la ciudad, con el agravante de que la mayor parte de esas precipitaciones se han dado en un rango de 8 horas\u201d, dijo el director de la Direcci\u00f3n de Hidrometeorolog\u00eda de La Plata, Mauricio Saldivar.<\/span><\/h3>\n<h3 class=\"yiv7409174924ydp6329976emsonormal\" style=\"background: white;\"><span style=\"font-family: 'Arial','sans-serif'; color: #1d2228;\">Frente a este escenario, ese organismo elev\u00f3 a nivel naranja el nivel de atenci\u00f3n del riesgo por precipitaciones. Mientras tanto, se intensificaron las tareas de prevenci\u00f3n en la v\u00eda p\u00fablica y continuaron los trabajos en la desobstrucci\u00f3n de zanjas y desag\u00fces, con asistencia a familias afectadas por los anegamientos.<\/span><\/h3>\n<h3 class=\"yiv7409174924ydp6329976emsonormal\" style=\"background: white;\"><span style=\"font-family: 'Arial','sans-serif'; color: #1d2228;\">En la Ciudad de Buenos Aires, en tanto, reg\u00eda hasta esta tarde una alerta amarilla. El gobierno porte\u00f1o despleg\u00f3 un servicio con el trabajo en conjunto de Defensa Civil, Bomberos, Polic\u00eda de la Ciudad, Log\u00edstica, Voluntarios, Tr\u00e1nsito, Pluviales y otras direcciones que act\u00faan en estos casos.<\/span><\/h3>\n<h3 class=\"yiv7409174924ydp6329976emsonormal\" style=\"background: white;\"><span style=\"font-family: 'Arial','sans-serif'; color: #1d2228;\">\u201cSe alinearon varias tormentas y dejaron un c\u00famulo de agua agrande. La zona norte es la m\u00e1s complicada, es la m\u00e1s baja de la Ciudad y estamos teniendo algunos problemas que los estamos abordando con Emergencias. Pero, hay una bajante en el R\u00edo de la Plata que nos permite que el agua drene con facilidad\u201d, detall\u00f3 el panorama el director de Defensa Civil, Alberto Carita.<\/span><\/h3>\n<p><img fetchpriority=\"high\" decoding=\"async\" class=\"wp-image-1750 aligncenter\" src=\"https:\/\/apuntesdesanluis.com\/wp-content\/uploads\/2023\/08\/INUNDACION-300x185.png\" alt=\"\" width=\"718\" height=\"443\" srcset=\"https:\/\/apuntesdesanluis.com\/wp-content\/uploads\/2023\/08\/INUNDACION-300x185.png 300w, https:\/\/apuntesdesanluis.com\/wp-content\/uploads\/2023\/08\/INUNDACION.png 661w\" sizes=\"(max-width: 718px) 100vw, 718px\" \/><\/p>\n<h3 class=\"yiv7409174924ydp6329976emsonormal\" style=\"background: white;\"><span style=\"font-family: 'Arial','sans-serif'; color: #1d2228;\">Las condiciones clim\u00e1ticas provocaron cortes de calles de modo total y parcial en los distintos barrios. Se montaron operativos por ocho \u00e1rboles ca\u00eddos, cuatro de los cuales terminaron impactando sobre veh\u00edculos. Uno de estos accidentes tuvo lugar en Olleros y Forest, donde un Honda Civic qued\u00f3 aplastado y completamente destruido.<\/span><\/h3>\n<h3 class=\"yiv7409174924ydp6329976emsonormal\" style=\"background: white;\"><span style=\"font-family: 'Arial','sans-serif'; color: #1d2228;\">Los equipos de emergencias implementaron un dispositivo de seguridad y perimetr\u00f3 la zona de Santo Tom\u00e9 al 3000, ya que otro \u00e1rbol result\u00f3 con peligro de derrumbe. Adem\u00e1s, concurrieron a la esquina de Brasil y Defensa, en San Telmo, por la ca\u00edda de cerco de chapa y poste de alumbrado sobre un veh\u00edculo; a Gasc\u00f3n al 500, en Almagro, por el desprendimiento de una ventana; y a Alsina al 180, en Avellaneda, por el desprendimiento de mamposter\u00eda de un edificio lindero a la Biblioteca del Congreso de la Naci\u00f3n.<\/span><\/h3>\n<h3 class=\"yiv7409174924ydp6329976emsonormal\" style=\"background: white;\"><span style=\"font-family: 'Arial','sans-serif'; color: #1d2228;\">L\u00f3gicamente, las calles anegadas y los operativos desembocaron en inconvenientes para circular, agreg\u00e1ndose dificultades para los usuarios del subte. M\u00e1s all\u00e1 de todo ello, hacia esta tarde, afortunadamente, no se hab\u00edan registrado personas heridas de gravedad en el \u00e1mbito porte\u00f1o.<\/span><\/h3>\n<h3 class=\"yiv7409174924ydp6329976emsonormal\" style=\"background: white;\"><span style=\"font-family: 'Arial','sans-serif'; color: #1d2228;\">A lo largo de la jornada se reportaron incidentes en otras zonas bonaerenses. En Berazategui se vol\u00f3 el techo de chapa de una casa en construcci\u00f3n debido a las intensas r\u00e1fagas del temporal. En el \u201cT\u00fanel del Bicentenario\u201d del partido de Tigre el agua llen\u00f3 las calles como una extensi\u00f3n de los canales y afect\u00f3 a varios autos que quedaron sumergidos o flotando.<\/span><\/h3>\n<h3 class=\"yiv7409174924ydp6329976emsonormal\" style=\"background: white;\"><span style=\"font-family: 'Arial','sans-serif'; color: #1d2228;\">Algo similar sucedi\u00f3 en San Isidro, donde el paso bajo nivel que conecta la avenida Roque S\u00e1enz Pe\u00f1a con la avenida M\u00e1rquez, como as\u00ed tambi\u00e9n en la avenida del Libertador, qued\u00f3 inundado. De hecho, un video permite observar a dos autos estancados en ese lugar.<\/span><\/h3>\n<h3 class=\"yiv7409174924ydp6329976emsonormal\" style=\"background: white;\"><span style=\"font-family: 'Arial','sans-serif'; color: #1d2228;\">Otra filmaci\u00f3n que se difundi\u00f3 en las redes, muestra los pasajeros de un colectivo levantando sus piernas para evitar mojarse, ya que el agua hab\u00eda llegado hasta el piso del veh\u00edculo. Esa situaci\u00f3n ocurri\u00f3 en una unidad de la l\u00ednea 371, mientras circulaba por las calles de Virreyes, localidad de San Fernando.<\/span><\/h3>\n","protected":false},"excerpt":{"rendered":"<p>Las lluvias y tormentas provocaron importantes da\u00f1os materiales. La Plata fue una de las zonas&#8230;<\/p>\n","protected":false},"author":1,"featured_media":1749,"comment_status":"closed","ping_status":"closed","sticky":false,"template":"","format":"standard","meta":{"footnotes":""},"categories":[5],"tags":[],"class_list":["post-1748","post","type-post","status-publish","format-standard","has-post-thumbnail","hentry","category-nacionales-internacionales"],"yoast_head":"<!-- This site is optimized with the Yoast SEO plugin v26.1.1 - https:\/\/yoast.com\/wordpress\/plugins\/seo\/ -->\n<title>INUNDACIONES, DESTROZOS Y VECINOS EVACUADOS DEJ\u00d3 EL FUERTE TEMPORAL QUE AZOT\u00d3 AL AMBA - Apuntes de San Luis<\/title>\n<meta name=\"robots\" content=\"index, follow, max-snippet:-1, max-image-preview:large, max-video-preview:-1\" \/>\n<link rel=\"canonical\" href=\"https:\/\/apuntesdesanluis.com\/index.php\/2023\/08\/17\/inundaciones-destrozos-y-vecinos-evacuados-dejo-el-fuerte-temporal-que-azoto-al-amba\/\" \/>\n<meta property=\"og:locale\" content=\"es_ES\" \/>\n<meta property=\"og:type\" content=\"article\" \/>\n<meta property=\"og:title\" content=\"INUNDACIONES, DESTROZOS Y VECINOS EVACUADOS DEJ\u00d3 EL FUERTE TEMPORAL QUE AZOT\u00d3 AL AMBA - Apuntes de San Luis\" \/>\n<meta property=\"og:description\" content=\"Las lluvias y tormentas provocaron importantes da\u00f1os materiales. La Plata fue una de las zonas...\" \/>\n<meta property=\"og:url\" content=\"https:\/\/apuntesdesanluis.com\/index.php\/2023\/08\/17\/inundaciones-destrozos-y-vecinos-evacuados-dejo-el-fuerte-temporal-que-azoto-al-amba\/\" \/>\n<meta property=\"og:site_name\" content=\"Apuntes de San Luis\" \/>\n<meta property=\"article:published_time\" content=\"2023-08-18T00:34:28+00:00\" \/>\n<meta property=\"og:image\" content=\"https:\/\/apuntesdesanluis.com\/wp-content\/uploads\/2023\/08\/AUTO.png\" \/>\n\t<meta property=\"og:image:width\" content=\"806\" \/>\n\t<meta property=\"og:image:height\" content=\"454\" \/>\n\t<meta property=\"og:image:type\" content=\"image\/png\" \/>\n<meta name=\"author\" content=\"apuntesdesanluis.com\" \/>\n<meta name=\"twitter:card\" content=\"summary_large_image\" \/>\n<meta name=\"twitter:label1\" content=\"Escrito por\" \/>\n\t<meta name=\"twitter:data1\" content=\"apuntesdesanluis.com\" \/>\n\t<meta name=\"twitter:label2\" content=\"Tiempo de lectura\" \/>\n\t<meta name=\"twitter:data2\" content=\"4 minutos\" \/>\n<script type=\"application\/ld+json\" class=\"yoast-schema-graph\">{\"@context\":\"https:\/\/schema.org\",\"@graph\":[{\"@type\":\"Article\",\"@id\":\"https:\/\/apuntesdesanluis.com\/index.php\/2023\/08\/17\/inundaciones-destrozos-y-vecinos-evacuados-dejo-el-fuerte-temporal-que-azoto-al-amba\/#article\",\"isPartOf\":{\"@id\":\"https:\/\/apuntesdesanluis.com\/index.php\/2023\/08\/17\/inundaciones-destrozos-y-vecinos-evacuados-dejo-el-fuerte-temporal-que-azoto-al-amba\/\"},\"author\":{\"name\":\"apuntesdesanluis.com\",\"@id\":\"https:\/\/apuntesdesanluis.com\/#\/schema\/person\/b55151d52296fcce64d1a72538a70b90\"},\"headline\":\"INUNDACIONES, DESTROZOS Y VECINOS EVACUADOS DEJ\u00d3 EL FUERTE TEMPORAL QUE AZOT\u00d3 AL AMBA\",\"datePublished\":\"2023-08-18T00:34:28+00:00\",\"mainEntityOfPage\":{\"@id\":\"https:\/\/apuntesdesanluis.com\/index.php\/2023\/08\/17\/inundaciones-destrozos-y-vecinos-evacuados-dejo-el-fuerte-temporal-que-azoto-al-amba\/\"},\"wordCount\":846,\"publisher\":{\"@id\":\"https:\/\/apuntesdesanluis.com\/#\/schema\/person\/b55151d52296fcce64d1a72538a70b90\"},\"image\":{\"@id\":\"https:\/\/apuntesdesanluis.com\/index.php\/2023\/08\/17\/inundaciones-destrozos-y-vecinos-evacuados-dejo-el-fuerte-temporal-que-azoto-al-amba\/#primaryimage\"},\"thumbnailUrl\":\"https:\/\/apuntesdesanluis.com\/wp-content\/uploads\/2023\/08\/AUTO.png\",\"articleSection\":[\"Nacionales\/Internacionales\"],\"inLanguage\":\"es-AR\"},{\"@type\":\"WebPage\",\"@id\":\"https:\/\/apuntesdesanluis.com\/index.php\/2023\/08\/17\/inundaciones-destrozos-y-vecinos-evacuados-dejo-el-fuerte-temporal-que-azoto-al-amba\/\",\"url\":\"https:\/\/apuntesdesanluis.com\/index.php\/2023\/08\/17\/inundaciones-destrozos-y-vecinos-evacuados-dejo-el-fuerte-temporal-que-azoto-al-amba\/\",\"name\":\"INUNDACIONES, DESTROZOS Y VECINOS EVACUADOS DEJ\u00d3 EL FUERTE TEMPORAL QUE AZOT\u00d3 AL AMBA - Apuntes de San Luis\",\"isPartOf\":{\"@id\":\"https:\/\/apuntesdesanluis.com\/#website\"},\"primaryImageOfPage\":{\"@id\":\"https:\/\/apuntesdesanluis.com\/index.php\/2023\/08\/17\/inundaciones-destrozos-y-vecinos-evacuados-dejo-el-fuerte-temporal-que-azoto-al-amba\/#primaryimage\"},\"image\":{\"@id\":\"https:\/\/apuntesdesanluis.com\/index.php\/2023\/08\/17\/inundaciones-destrozos-y-vecinos-evacuados-dejo-el-fuerte-temporal-que-azoto-al-amba\/#primaryimage\"},\"thumbnailUrl\":\"https:\/\/apuntesdesanluis.com\/wp-content\/uploads\/2023\/08\/AUTO.png\",\"datePublished\":\"2023-08-18T00:34:28+00:00\",\"breadcrumb\":{\"@id\":\"https:\/\/apuntesdesanluis.com\/index.php\/2023\/08\/17\/inundaciones-destrozos-y-vecinos-evacuados-dejo-el-fuerte-temporal-que-azoto-al-amba\/#breadcrumb\"},\"inLanguage\":\"es-AR\",\"potentialAction\":[{\"@type\":\"ReadAction\",\"target\":[\"https:\/\/apuntesdesanluis.com\/index.php\/2023\/08\/17\/inundaciones-destrozos-y-vecinos-evacuados-dejo-el-fuerte-temporal-que-azoto-al-amba\/\"]}]},{\"@type\":\"ImageObject\",\"inLanguage\":\"es-AR\",\"@id\":\"https:\/\/apuntesdesanluis.com\/index.php\/2023\/08\/17\/inundaciones-destrozos-y-vecinos-evacuados-dejo-el-fuerte-temporal-que-azoto-al-amba\/#primaryimage\",\"url\":\"https:\/\/apuntesdesanluis.com\/wp-content\/uploads\/2023\/08\/AUTO.png\",\"contentUrl\":\"https:\/\/apuntesdesanluis.com\/wp-content\/uploads\/2023\/08\/AUTO.png\",\"width\":806,\"height\":454},{\"@type\":\"BreadcrumbList\",\"@id\":\"https:\/\/apuntesdesanluis.com\/index.php\/2023\/08\/17\/inundaciones-destrozos-y-vecinos-evacuados-dejo-el-fuerte-temporal-que-azoto-al-amba\/#breadcrumb\",\"itemListElement\":[{\"@type\":\"ListItem\",\"position\":1,\"name\":\"Inicio\",\"item\":\"https:\/\/apuntesdesanluis.com\/\"},{\"@type\":\"ListItem\",\"position\":2,\"name\":\"INUNDACIONES, DESTROZOS Y VECINOS EVACUADOS DEJ\u00d3 EL FUERTE TEMPORAL QUE AZOT\u00d3 AL AMBA\"}]},{\"@type\":\"WebSite\",\"@id\":\"https:\/\/apuntesdesanluis.com\/#website\",\"url\":\"https:\/\/apuntesdesanluis.com\/\",\"name\":\"Apuntes de San Luis\",\"description\":\"\",\"publisher\":{\"@id\":\"https:\/\/apuntesdesanluis.com\/#\/schema\/person\/b55151d52296fcce64d1a72538a70b90\"},\"potentialAction\":[{\"@type\":\"SearchAction\",\"target\":{\"@type\":\"EntryPoint\",\"urlTemplate\":\"https:\/\/apuntesdesanluis.com\/?s={search_term_string}\"},\"query-input\":{\"@type\":\"PropertyValueSpecification\",\"valueRequired\":true,\"valueName\":\"search_term_string\"}}],\"inLanguage\":\"es-AR\"},{\"@type\":[\"Person\",\"Organization\"],\"@id\":\"https:\/\/apuntesdesanluis.com\/#\/schema\/person\/b55151d52296fcce64d1a72538a70b90\",\"name\":\"apuntesdesanluis.com\",\"image\":{\"@type\":\"ImageObject\",\"inLanguage\":\"es-AR\",\"@id\":\"https:\/\/apuntesdesanluis.com\/#\/schema\/person\/image\/\",\"url\":\"https:\/\/apuntesdesanluis.com\/wp-content\/uploads\/2023\/07\/cropped-apuntesdesanluis.png\",\"contentUrl\":\"https:\/\/apuntesdesanluis.com\/wp-content\/uploads\/2023\/07\/cropped-apuntesdesanluis.png\",\"width\":450,\"height\":112,\"caption\":\"apuntesdesanluis.com\"},\"logo\":{\"@id\":\"https:\/\/apuntesdesanluis.com\/#\/schema\/person\/image\/\"},\"sameAs\":[\"https:\/\/apuntesdesanluis.com\"],\"url\":\"https:\/\/apuntesdesanluis.com\/index.php\/author\/apuntesdesanluis-com\/\"}]}<\/script>\n<!-- \/ Yoast SEO plugin. -->","yoast_head_json":{"title":"INUNDACIONES, DESTROZOS Y VECINOS EVACUADOS DEJ\u00d3 EL FUERTE TEMPORAL QUE AZOT\u00d3 AL AMBA - Apuntes de San Luis","robots":{"index":"index","follow":"follow","max-snippet":"max-snippet:-1","max-image-preview":"max-image-preview:large","max-video-preview":"max-video-preview:-1"},"canonical":"https:\/\/apuntesdesanluis.com\/index.php\/2023\/08\/17\/inundaciones-destrozos-y-vecinos-evacuados-dejo-el-fuerte-temporal-que-azoto-al-amba\/","og_locale":"es_ES","og_type":"article","og_title":"INUNDACIONES, DESTROZOS Y VECINOS EVACUADOS DEJ\u00d3 EL FUERTE TEMPORAL QUE AZOT\u00d3 AL AMBA - Apuntes de San Luis","og_description":"Las lluvias y tormentas provocaron importantes da\u00f1os materiales. La Plata fue una de las zonas...","og_url":"https:\/\/apuntesdesanluis.com\/index.php\/2023\/08\/17\/inundaciones-destrozos-y-vecinos-evacuados-dejo-el-fuerte-temporal-que-azoto-al-amba\/","og_site_name":"Apuntes de San Luis","article_published_time":"2023-08-18T00:34:28+00:00","og_image":[{"width":806,"height":454,"url":"https:\/\/apuntesdesanluis.com\/wp-content\/uploads\/2023\/08\/AUTO.png","type":"image\/png"}],"author":"apuntesdesanluis.com","twitter_card":"summary_large_image","twitter_misc":{"Escrito por":"apuntesdesanluis.com","Tiempo de lectura":"4 minutos"},"schema":{"@context":"https:\/\/schema.org","@graph":[{"@type":"Article","@id":"https:\/\/apuntesdesanluis.com\/index.php\/2023\/08\/17\/inundaciones-destrozos-y-vecinos-evacuados-dejo-el-fuerte-temporal-que-azoto-al-amba\/#article","isPartOf":{"@id":"https:\/\/apuntesdesanluis.com\/index.php\/2023\/08\/17\/inundaciones-destrozos-y-vecinos-evacuados-dejo-el-fuerte-temporal-que-azoto-al-amba\/"},"author":{"name":"apuntesdesanluis.com","@id":"https:\/\/apuntesdesanluis.com\/#\/schema\/person\/b55151d52296fcce64d1a72538a70b90"},"headline":"INUNDACIONES, DESTROZOS Y VECINOS EVACUADOS DEJ\u00d3 EL FUERTE TEMPORAL QUE AZOT\u00d3 AL AMBA","datePublished":"2023-08-18T00:34:28+00:00","mainEntityOfPage":{"@id":"https:\/\/apuntesdesanluis.com\/index.php\/2023\/08\/17\/inundaciones-destrozos-y-vecinos-evacuados-dejo-el-fuerte-temporal-que-azoto-al-amba\/"},"wordCount":846,"publisher":{"@id":"https:\/\/apuntesdesanluis.com\/#\/schema\/person\/b55151d52296fcce64d1a72538a70b90"},"image":{"@id":"https:\/\/apuntesdesanluis.com\/index.php\/2023\/08\/17\/inundaciones-destrozos-y-vecinos-evacuados-dejo-el-fuerte-temporal-que-azoto-al-amba\/#primaryimage"},"thumbnailUrl":"https:\/\/apuntesdesanluis.com\/wp-content\/uploads\/2023\/08\/AUTO.png","articleSection":["Nacionales\/Internacionales"],"inLanguage":"es-AR"},{"@type":"WebPage","@id":"https:\/\/apuntesdesanluis.com\/index.php\/2023\/08\/17\/inundaciones-destrozos-y-vecinos-evacuados-dejo-el-fuerte-temporal-que-azoto-al-amba\/","url":"https:\/\/apuntesdesanluis.com\/index.php\/2023\/08\/17\/inundaciones-destrozos-y-vecinos-evacuados-dejo-el-fuerte-temporal-que-azoto-al-amba\/","name":"INUNDACIONES, DESTROZOS Y VECINOS EVACUADOS DEJ\u00d3 EL FUERTE TEMPORAL QUE AZOT\u00d3 AL AMBA - Apuntes de San Luis","isPartOf":{"@id":"https:\/\/apuntesdesanluis.com\/#website"},"primaryImageOfPage":{"@id":"https:\/\/apuntesdesanluis.com\/index.php\/2023\/08\/17\/inundaciones-destrozos-y-vecinos-evacuados-dejo-el-fuerte-temporal-que-azoto-al-amba\/#primaryimage"},"image":{"@id":"https:\/\/apuntesdesanluis.com\/index.php\/2023\/08\/17\/inundaciones-destrozos-y-vecinos-evacuados-dejo-el-fuerte-temporal-que-azoto-al-amba\/#primaryimage"},"thumbnailUrl":"https:\/\/apuntesdesanluis.com\/wp-content\/uploads\/2023\/08\/AUTO.png","datePublished":"2023-08-18T00:34:28+00:00","breadcrumb":{"@id":"https:\/\/apuntesdesanluis.com\/index.php\/2023\/08\/17\/inundaciones-destrozos-y-vecinos-evacuados-dejo-el-fuerte-temporal-que-azoto-al-amba\/#breadcrumb"},"inLanguage":"es-AR","potentialAction":[{"@type":"ReadAction","target":["https:\/\/apuntesdesanluis.com\/index.php\/2023\/08\/17\/inundaciones-destrozos-y-vecinos-evacuados-dejo-el-fuerte-temporal-que-azoto-al-amba\/"]}]},{"@type":"ImageObject","inLanguage":"es-AR","@id":"https:\/\/apuntesdesanluis.com\/index.php\/2023\/08\/17\/inundaciones-destrozos-y-vecinos-evacuados-dejo-el-fuerte-temporal-que-azoto-al-amba\/#primaryimage","url":"https:\/\/apuntesdesanluis.com\/wp-content\/uploads\/2023\/08\/AUTO.png","contentUrl":"https:\/\/apuntesdesanluis.com\/wp-content\/uploads\/2023\/08\/AUTO.png","width":806,"height":454},{"@type":"BreadcrumbList","@id":"https:\/\/apuntesdesanluis.com\/index.php\/2023\/08\/17\/inundaciones-destrozos-y-vecinos-evacuados-dejo-el-fuerte-temporal-que-azoto-al-amba\/#breadcrumb","itemListElement":[{"@type":"ListItem","position":1,"name":"Inicio","item":"https:\/\/apuntesdesanluis.com\/"},{"@type":"ListItem","position":2,"name":"INUNDACIONES, DESTROZOS Y VECINOS EVACUADOS DEJ\u00d3 EL FUERTE TEMPORAL QUE AZOT\u00d3 AL AMBA"}]},{"@type":"WebSite","@id":"https:\/\/apuntesdesanluis.com\/#website","url":"https:\/\/apuntesdesanluis.com\/","name":"Apuntes de San Luis","description":"","publisher":{"@id":"https:\/\/apuntesdesanluis.com\/#\/schema\/person\/b55151d52296fcce64d1a72538a70b90"},"potentialAction":[{"@type":"SearchAction","target":{"@type":"EntryPoint","urlTemplate":"https:\/\/apuntesdesanluis.com\/?s={search_term_string}"},"query-input":{"@type":"PropertyValueSpecification","valueRequired":true,"valueName":"search_term_string"}}],"inLanguage":"es-AR"},{"@type":["Person","Organization"],"@id":"https:\/\/apuntesdesanluis.com\/#\/schema\/person\/b55151d52296fcce64d1a72538a70b90","name":"apuntesdesanluis.com","image":{"@type":"ImageObject","inLanguage":"es-AR","@id":"https:\/\/apuntesdesanluis.com\/#\/schema\/person\/image\/","url":"https:\/\/apuntesdesanluis.com\/wp-content\/uploads\/2023\/07\/cropped-apuntesdesanluis.png","contentUrl":"https:\/\/apuntesdesanluis.com\/wp-content\/uploads\/2023\/07\/cropped-apuntesdesanluis.png","width":450,"height":112,"caption":"apuntesdesanluis.com"},"logo":{"@id":"https:\/\/apuntesdesanluis.com\/#\/schema\/person\/image\/"},"sameAs":["https:\/\/apuntesdesanluis.com"],"url":"https:\/\/apuntesdesanluis.com\/index.php\/author\/apuntesdesanluis-com\/"}]}},"featured_image_urls":{"full":["https:\/\/apuntesdesanluis.com\/wp-content\/uploads\/2023\/08\/AUTO.png",806,454,false],"thumbnail":["https:\/\/apuntesdesanluis.com\/wp-content\/uploads\/2023\/08\/AUTO-150x150.png",150,150,true],"medium":["https:\/\/apuntesdesanluis.com\/wp-content\/uploads\/2023\/08\/AUTO-300x169.png",300,169,true],"medium_large":["https:\/\/apuntesdesanluis.com\/wp-content\/uploads\/2023\/08\/AUTO-768x433.png",640,361,true],"large":["https:\/\/apuntesdesanluis.com\/wp-content\/uploads\/2023\/08\/AUTO.png",640,360,false],"1536x1536":["https:\/\/apuntesdesanluis.com\/wp-content\/uploads\/2023\/08\/AUTO.png",806,454,false],"2048x2048":["https:\/\/apuntesdesanluis.com\/wp-content\/uploads\/2023\/08\/AUTO.png",806,454,false],"newsever-slider-full":["https:\/\/apuntesdesanluis.com\/wp-content\/uploads\/2023\/08\/AUTO.png",806,454,false],"newsever-featured":["https:\/\/apuntesdesanluis.com\/wp-content\/uploads\/2023\/08\/AUTO.png",806,454,false],"newsever-medium":["https:\/\/apuntesdesanluis.com\/wp-content\/uploads\/2023\/08\/AUTO-720x454.png",720,454,true]},"author_info":{"display_name":"apuntesdesanluis.com","author_link":"https:\/\/apuntesdesanluis.com\/index.php\/author\/apuntesdesanluis-com\/"},"category_info":"<a href=\"https:\/\/apuntesdesanluis.com\/index.php\/category\/nacionales-internacionales\/\" rel=\"category tag\">Nacionales\/Internacionales<\/a>","tag_info":"Nacionales\/Internacionales","comment_count":"0","_links":{"self":[{"href":"https:\/\/apuntesdesanluis.com\/index.php\/wp-json\/wp\/v2\/posts\/1748","targetHints":{"allow":["GET"]}}],"collection":[{"href":"https:\/\/apuntesdesanluis.com\/index.php\/wp-json\/wp\/v2\/posts"}],"about":[{"href":"https:\/\/apuntesdesanluis.com\/index.php\/wp-json\/wp\/v2\/types\/post"}],"author":[{"embeddable":true,"href":"https:\/\/apuntesdesanluis.com\/index.php\/wp-json\/wp\/v2\/users\/1"}],"replies":[{"embeddable":true,"href":"https:\/\/apuntesdesanluis.com\/index.php\/wp-json\/wp\/v2\/comments?post=1748"}],"version-history":[{"count":1,"href":"https:\/\/apuntesdesanluis.com\/index.php\/wp-json\/wp\/v2\/posts\/1748\/revisions"}],"predecessor-version":[{"id":1751,"href":"https:\/\/apuntesdesanluis.com\/index.php\/wp-json\/wp\/v2\/posts\/1748\/revisions\/1751"}],"wp:featuredmedia":[{"embeddable":true,"href":"https:\/\/apuntesdesanluis.com\/index.php\/wp-json\/wp\/v2\/media\/1749"}],"wp:attachment":[{"href":"https:\/\/apuntesdesanluis.com\/index.php\/wp-json\/wp\/v2\/media?parent=1748"}],"wp:term":[{"taxonomy":"category","embeddable":true,"href":"https:\/\/apuntesdesanluis.com\/index.php\/wp-json\/wp\/v2\/categories?post=1748"},{"taxonomy":"post_tag","embeddable":true,"href":"https:\/\/apuntesdesanluis.com\/index.php\/wp-json\/wp\/v2\/tags?post=1748"}],"curies":[{"name":"wp","href":"https:\/\/api.w.org\/{rel}","templated":true}]}}