{"id":17496,"date":"2024-06-06T21:52:21","date_gmt":"2024-06-07T00:52:21","guid":{"rendered":"https:\/\/apuntesdesanluis.com\/?p=17496"},"modified":"2024-06-06T21:54:39","modified_gmt":"2024-06-07T00:54:39","slug":"fundamentalmente-buscamos-tener-cercania-con-los-vecinos-y-autoridades-del-interior","status":"publish","type":"post","link":"https:\/\/apuntesdesanluis.com\/index.php\/2024\/06\/06\/fundamentalmente-buscamos-tener-cercania-con-los-vecinos-y-autoridades-del-interior\/","title":{"rendered":"\u201cFUNDAMENTALMENTE, BUSCAMOS TENER CERCAN\u00cdA CON LOS VECINOS Y AUTORIDADES DEL INTERIOR\u201d"},"content":{"rendered":"<h3>En Candelaria, una vez culminada la \u00faltima actividad del cuarto d\u00eda recorriendo pueblos y parajes del territorio provincial, el gobernador <strong>Claudio Poggi<\/strong> reflexion\u00f3 sobre las ventajas de visitar personalmente cada localidad y record\u00f3 algunas de las iniciativas que ha inaugurado junto con los municipios.<\/h3>\n<h3>La cuarta jornada de la gira institucional que encabeza el gobernador, Claudio Poggi, incluy\u00f3 visitas a Luj\u00e1n, Quines y Candelaria. En cada pueblo, el Mandatario y su gabinete conversaron con dirigentes y ciudadanos para conocer la realidad de cada pueblo, prestando o\u00eddo para dar cuenta de sus necesidades e inquietudes, y comenzar a trabajar para solucionarlas. Este jueves, concretaron pol\u00edticas referidas a renovaciones de terminales de \u00f3mnibus, obras p\u00fablicas, escrituras de viviendas, arreglos de servicios b\u00e1sicos, visita a comunidades educativas y empresas de la regi\u00f3n, y la inauguraci\u00f3n de una estaci\u00f3n de servicio.<\/h3>\n<h3>\u201cEl objetivo es ir acompa\u00f1ando a cada intendente y a cada localidad en sus proyectos. Fundamentalmente, queremos estar cerca de los vecinos y autoridades porque es un componente que nos permite trabajar mejor\u201d, inici\u00f3 Poggi. Destac\u00f3 el acompa\u00f1amiento de su equipo de ministros y secretarios, en tanto permite dar respuesta inmediata y efectiva ante la aparici\u00f3n de problemas de distinta \u00edndole y remarc\u00f3 que \u201ces importante que conozcamos los lugares con los que trabajamos, sus instituciones y su gente\u201d.<\/h3>\n<h3>Al ser consultado sobre las implicancias de trabajar con intendentes que provienen de diferentes partidos pol\u00edticos, el Jefe de Estado se\u00f1al\u00f3 que \u201cno cambia absolutamente nada porque uno es respetuoso de la voluntad popular. Tenemos la obligaci\u00f3n de trabajar en conjunto, en beneficio del vecino. Personalmente, \u00e9sa es mi predisposici\u00f3n y tambi\u00e9n la de cada intendente\u201d.<\/h3>\n<p style=\"text-align: center;\">&#8230;&#8230;&#8230;&#8230;&#8230;&#8230;&#8230;.<\/p>\n<h3><span style=\"color: #3366ff;\"><strong><span style=\"color: #000000;\">En la Agencia Noticias San Luis se brinda diariamente un completo informe de la actividad diaria que cumple el gobernador en cada localidad que visita.<\/span> (<span style=\"color: #3366ff;\">Ver:\u00a0<\/span><a href=\"https:\/\/agenciasanluis.com\/)\" target=\"_blank\" rel=\"noopener\"><span style=\"color: #3366ff;\">https:\/\/agenciasanluis.com\/<\/span>)<\/a><\/strong><\/span><\/h3>\n<p>&nbsp;<\/p>\n<p>&nbsp;<\/p>\n<p>&nbsp;<\/p>\n<p>&nbsp;<\/p>\n<p>&nbsp;<\/p>\n<p>&nbsp;<\/p>\n<p>&nbsp;<\/p>\n<p>&nbsp;<\/p>\n<p>&nbsp;<\/p>\n<p>&nbsp;<\/p>\n<p>&nbsp;<\/p>\n","protected":false},"excerpt":{"rendered":"<p>En Candelaria, una vez culminada la \u00faltima actividad del cuarto d\u00eda recorriendo pueblos y parajes&#8230;<\/p>\n","protected":false},"author":1,"featured_media":17497,"comment_status":"closed","ping_status":"closed","sticky":false,"template":"","format":"standard","meta":{"footnotes":""},"categories":[6],"tags":[],"class_list":["post-17496","post","type-post","status-publish","format-standard","has-post-thumbnail","hentry","category-ciudad-provincia"],"yoast_head":"<!-- This site is optimized with the Yoast SEO plugin v26.1.1 - https:\/\/yoast.com\/wordpress\/plugins\/seo\/ -->\n<title>\u201cFUNDAMENTALMENTE, BUSCAMOS TENER CERCAN\u00cdA CON LOS VECINOS Y AUTORIDADES DEL INTERIOR\u201d - Apuntes de San Luis<\/title>\n<meta name=\"robots\" content=\"index, follow, max-snippet:-1, max-image-preview:large, max-video-preview:-1\" \/>\n<link rel=\"canonical\" href=\"https:\/\/apuntesdesanluis.com\/index.php\/2024\/06\/06\/fundamentalmente-buscamos-tener-cercania-con-los-vecinos-y-autoridades-del-interior\/\" \/>\n<meta property=\"og:locale\" content=\"es_ES\" \/>\n<meta property=\"og:type\" content=\"article\" \/>\n<meta property=\"og:title\" content=\"\u201cFUNDAMENTALMENTE, BUSCAMOS TENER CERCAN\u00cdA CON LOS VECINOS Y AUTORIDADES DEL INTERIOR\u201d - Apuntes de San Luis\" \/>\n<meta property=\"og:description\" content=\"En Candelaria, una vez culminada la \u00faltima actividad del cuarto d\u00eda recorriendo pueblos y parajes...\" \/>\n<meta property=\"og:url\" content=\"https:\/\/apuntesdesanluis.com\/index.php\/2024\/06\/06\/fundamentalmente-buscamos-tener-cercania-con-los-vecinos-y-autoridades-del-interior\/\" \/>\n<meta property=\"og:site_name\" content=\"Apuntes de San Luis\" \/>\n<meta property=\"article:published_time\" content=\"2024-06-07T00:52:21+00:00\" \/>\n<meta property=\"article:modified_time\" content=\"2024-06-07T00:54:39+00:00\" \/>\n<meta property=\"og:image\" content=\"https:\/\/apuntesdesanluis.com\/wp-content\/uploads\/2024\/06\/claudio-poggi.png\" \/>\n\t<meta property=\"og:image:width\" content=\"600\" \/>\n\t<meta property=\"og:image:height\" content=\"377\" \/>\n\t<meta property=\"og:image:type\" content=\"image\/png\" \/>\n<meta name=\"author\" content=\"apuntesdesanluis.com\" \/>\n<meta name=\"twitter:card\" content=\"summary_large_image\" \/>\n<meta name=\"twitter:label1\" content=\"Escrito por\" \/>\n\t<meta name=\"twitter:data1\" content=\"apuntesdesanluis.com\" \/>\n\t<meta name=\"twitter:label2\" content=\"Tiempo de lectura\" \/>\n\t<meta name=\"twitter:data2\" content=\"2 minutos\" \/>\n<script type=\"application\/ld+json\" class=\"yoast-schema-graph\">{\"@context\":\"https:\/\/schema.org\",\"@graph\":[{\"@type\":\"Article\",\"@id\":\"https:\/\/apuntesdesanluis.com\/index.php\/2024\/06\/06\/fundamentalmente-buscamos-tener-cercania-con-los-vecinos-y-autoridades-del-interior\/#article\",\"isPartOf\":{\"@id\":\"https:\/\/apuntesdesanluis.com\/index.php\/2024\/06\/06\/fundamentalmente-buscamos-tener-cercania-con-los-vecinos-y-autoridades-del-interior\/\"},\"author\":{\"name\":\"apuntesdesanluis.com\",\"@id\":\"https:\/\/apuntesdesanluis.com\/#\/schema\/person\/b55151d52296fcce64d1a72538a70b90\"},\"headline\":\"\u201cFUNDAMENTALMENTE, BUSCAMOS TENER CERCAN\u00cdA CON LOS VECINOS Y AUTORIDADES DEL INTERIOR\u201d\",\"datePublished\":\"2024-06-07T00:52:21+00:00\",\"dateModified\":\"2024-06-07T00:54:39+00:00\",\"mainEntityOfPage\":{\"@id\":\"https:\/\/apuntesdesanluis.com\/index.php\/2024\/06\/06\/fundamentalmente-buscamos-tener-cercania-con-los-vecinos-y-autoridades-del-interior\/\"},\"wordCount\":341,\"publisher\":{\"@id\":\"https:\/\/apuntesdesanluis.com\/#\/schema\/person\/b55151d52296fcce64d1a72538a70b90\"},\"image\":{\"@id\":\"https:\/\/apuntesdesanluis.com\/index.php\/2024\/06\/06\/fundamentalmente-buscamos-tener-cercania-con-los-vecinos-y-autoridades-del-interior\/#primaryimage\"},\"thumbnailUrl\":\"https:\/\/apuntesdesanluis.com\/wp-content\/uploads\/2024\/06\/claudio-poggi.png\",\"articleSection\":[\"Ciudad\/Provincia\"],\"inLanguage\":\"es-AR\"},{\"@type\":\"WebPage\",\"@id\":\"https:\/\/apuntesdesanluis.com\/index.php\/2024\/06\/06\/fundamentalmente-buscamos-tener-cercania-con-los-vecinos-y-autoridades-del-interior\/\",\"url\":\"https:\/\/apuntesdesanluis.com\/index.php\/2024\/06\/06\/fundamentalmente-buscamos-tener-cercania-con-los-vecinos-y-autoridades-del-interior\/\",\"name\":\"\u201cFUNDAMENTALMENTE, BUSCAMOS TENER CERCAN\u00cdA CON LOS VECINOS Y AUTORIDADES DEL INTERIOR\u201d - Apuntes de San Luis\",\"isPartOf\":{\"@id\":\"https:\/\/apuntesdesanluis.com\/#website\"},\"primaryImageOfPage\":{\"@id\":\"https:\/\/apuntesdesanluis.com\/index.php\/2024\/06\/06\/fundamentalmente-buscamos-tener-cercania-con-los-vecinos-y-autoridades-del-interior\/#primaryimage\"},\"image\":{\"@id\":\"https:\/\/apuntesdesanluis.com\/index.php\/2024\/06\/06\/fundamentalmente-buscamos-tener-cercania-con-los-vecinos-y-autoridades-del-interior\/#primaryimage\"},\"thumbnailUrl\":\"https:\/\/apuntesdesanluis.com\/wp-content\/uploads\/2024\/06\/claudio-poggi.png\",\"datePublished\":\"2024-06-07T00:52:21+00:00\",\"dateModified\":\"2024-06-07T00:54:39+00:00\",\"breadcrumb\":{\"@id\":\"https:\/\/apuntesdesanluis.com\/index.php\/2024\/06\/06\/fundamentalmente-buscamos-tener-cercania-con-los-vecinos-y-autoridades-del-interior\/#breadcrumb\"},\"inLanguage\":\"es-AR\",\"potentialAction\":[{\"@type\":\"ReadAction\",\"target\":[\"https:\/\/apuntesdesanluis.com\/index.php\/2024\/06\/06\/fundamentalmente-buscamos-tener-cercania-con-los-vecinos-y-autoridades-del-interior\/\"]}]},{\"@type\":\"ImageObject\",\"inLanguage\":\"es-AR\",\"@id\":\"https:\/\/apuntesdesanluis.com\/index.php\/2024\/06\/06\/fundamentalmente-buscamos-tener-cercania-con-los-vecinos-y-autoridades-del-interior\/#primaryimage\",\"url\":\"https:\/\/apuntesdesanluis.com\/wp-content\/uploads\/2024\/06\/claudio-poggi.png\",\"contentUrl\":\"https:\/\/apuntesdesanluis.com\/wp-content\/uploads\/2024\/06\/claudio-poggi.png\",\"width\":600,\"height\":377},{\"@type\":\"BreadcrumbList\",\"@id\":\"https:\/\/apuntesdesanluis.com\/index.php\/2024\/06\/06\/fundamentalmente-buscamos-tener-cercania-con-los-vecinos-y-autoridades-del-interior\/#breadcrumb\",\"itemListElement\":[{\"@type\":\"ListItem\",\"position\":1,\"name\":\"Inicio\",\"item\":\"https:\/\/apuntesdesanluis.com\/\"},{\"@type\":\"ListItem\",\"position\":2,\"name\":\"\u201cFUNDAMENTALMENTE, BUSCAMOS TENER CERCAN\u00cdA CON LOS VECINOS Y AUTORIDADES DEL INTERIOR\u201d\"}]},{\"@type\":\"WebSite\",\"@id\":\"https:\/\/apuntesdesanluis.com\/#website\",\"url\":\"https:\/\/apuntesdesanluis.com\/\",\"name\":\"Apuntes de San Luis\",\"description\":\"\",\"publisher\":{\"@id\":\"https:\/\/apuntesdesanluis.com\/#\/schema\/person\/b55151d52296fcce64d1a72538a70b90\"},\"potentialAction\":[{\"@type\":\"SearchAction\",\"target\":{\"@type\":\"EntryPoint\",\"urlTemplate\":\"https:\/\/apuntesdesanluis.com\/?s={search_term_string}\"},\"query-input\":{\"@type\":\"PropertyValueSpecification\",\"valueRequired\":true,\"valueName\":\"search_term_string\"}}],\"inLanguage\":\"es-AR\"},{\"@type\":[\"Person\",\"Organization\"],\"@id\":\"https:\/\/apuntesdesanluis.com\/#\/schema\/person\/b55151d52296fcce64d1a72538a70b90\",\"name\":\"apuntesdesanluis.com\",\"image\":{\"@type\":\"ImageObject\",\"inLanguage\":\"es-AR\",\"@id\":\"https:\/\/apuntesdesanluis.com\/#\/schema\/person\/image\/\",\"url\":\"https:\/\/apuntesdesanluis.com\/wp-content\/uploads\/2023\/07\/cropped-apuntesdesanluis.png\",\"contentUrl\":\"https:\/\/apuntesdesanluis.com\/wp-content\/uploads\/2023\/07\/cropped-apuntesdesanluis.png\",\"width\":450,\"height\":112,\"caption\":\"apuntesdesanluis.com\"},\"logo\":{\"@id\":\"https:\/\/apuntesdesanluis.com\/#\/schema\/person\/image\/\"},\"sameAs\":[\"https:\/\/apuntesdesanluis.com\"],\"url\":\"https:\/\/apuntesdesanluis.com\/index.php\/author\/apuntesdesanluis-com\/\"}]}<\/script>\n<!-- \/ Yoast SEO plugin. -->","yoast_head_json":{"title":"\u201cFUNDAMENTALMENTE, BUSCAMOS TENER CERCAN\u00cdA CON LOS VECINOS Y AUTORIDADES DEL INTERIOR\u201d - Apuntes de San Luis","robots":{"index":"index","follow":"follow","max-snippet":"max-snippet:-1","max-image-preview":"max-image-preview:large","max-video-preview":"max-video-preview:-1"},"canonical":"https:\/\/apuntesdesanluis.com\/index.php\/2024\/06\/06\/fundamentalmente-buscamos-tener-cercania-con-los-vecinos-y-autoridades-del-interior\/","og_locale":"es_ES","og_type":"article","og_title":"\u201cFUNDAMENTALMENTE, BUSCAMOS TENER CERCAN\u00cdA CON LOS VECINOS Y AUTORIDADES DEL INTERIOR\u201d - Apuntes de San Luis","og_description":"En Candelaria, una vez culminada la \u00faltima actividad del cuarto d\u00eda recorriendo pueblos y parajes...","og_url":"https:\/\/apuntesdesanluis.com\/index.php\/2024\/06\/06\/fundamentalmente-buscamos-tener-cercania-con-los-vecinos-y-autoridades-del-interior\/","og_site_name":"Apuntes de San Luis","article_published_time":"2024-06-07T00:52:21+00:00","article_modified_time":"2024-06-07T00:54:39+00:00","og_image":[{"width":600,"height":377,"url":"https:\/\/apuntesdesanluis.com\/wp-content\/uploads\/2024\/06\/claudio-poggi.png","type":"image\/png"}],"author":"apuntesdesanluis.com","twitter_card":"summary_large_image","twitter_misc":{"Escrito por":"apuntesdesanluis.com","Tiempo de lectura":"2 minutos"},"schema":{"@context":"https:\/\/schema.org","@graph":[{"@type":"Article","@id":"https:\/\/apuntesdesanluis.com\/index.php\/2024\/06\/06\/fundamentalmente-buscamos-tener-cercania-con-los-vecinos-y-autoridades-del-interior\/#article","isPartOf":{"@id":"https:\/\/apuntesdesanluis.com\/index.php\/2024\/06\/06\/fundamentalmente-buscamos-tener-cercania-con-los-vecinos-y-autoridades-del-interior\/"},"author":{"name":"apuntesdesanluis.com","@id":"https:\/\/apuntesdesanluis.com\/#\/schema\/person\/b55151d52296fcce64d1a72538a70b90"},"headline":"\u201cFUNDAMENTALMENTE, BUSCAMOS TENER CERCAN\u00cdA CON LOS VECINOS Y AUTORIDADES DEL INTERIOR\u201d","datePublished":"2024-06-07T00:52:21+00:00","dateModified":"2024-06-07T00:54:39+00:00","mainEntityOfPage":{"@id":"https:\/\/apuntesdesanluis.com\/index.php\/2024\/06\/06\/fundamentalmente-buscamos-tener-cercania-con-los-vecinos-y-autoridades-del-interior\/"},"wordCount":341,"publisher":{"@id":"https:\/\/apuntesdesanluis.com\/#\/schema\/person\/b55151d52296fcce64d1a72538a70b90"},"image":{"@id":"https:\/\/apuntesdesanluis.com\/index.php\/2024\/06\/06\/fundamentalmente-buscamos-tener-cercania-con-los-vecinos-y-autoridades-del-interior\/#primaryimage"},"thumbnailUrl":"https:\/\/apuntesdesanluis.com\/wp-content\/uploads\/2024\/06\/claudio-poggi.png","articleSection":["Ciudad\/Provincia"],"inLanguage":"es-AR"},{"@type":"WebPage","@id":"https:\/\/apuntesdesanluis.com\/index.php\/2024\/06\/06\/fundamentalmente-buscamos-tener-cercania-con-los-vecinos-y-autoridades-del-interior\/","url":"https:\/\/apuntesdesanluis.com\/index.php\/2024\/06\/06\/fundamentalmente-buscamos-tener-cercania-con-los-vecinos-y-autoridades-del-interior\/","name":"\u201cFUNDAMENTALMENTE, BUSCAMOS TENER CERCAN\u00cdA CON LOS VECINOS Y AUTORIDADES DEL INTERIOR\u201d - Apuntes de San Luis","isPartOf":{"@id":"https:\/\/apuntesdesanluis.com\/#website"},"primaryImageOfPage":{"@id":"https:\/\/apuntesdesanluis.com\/index.php\/2024\/06\/06\/fundamentalmente-buscamos-tener-cercania-con-los-vecinos-y-autoridades-del-interior\/#primaryimage"},"image":{"@id":"https:\/\/apuntesdesanluis.com\/index.php\/2024\/06\/06\/fundamentalmente-buscamos-tener-cercania-con-los-vecinos-y-autoridades-del-interior\/#primaryimage"},"thumbnailUrl":"https:\/\/apuntesdesanluis.com\/wp-content\/uploads\/2024\/06\/claudio-poggi.png","datePublished":"2024-06-07T00:52:21+00:00","dateModified":"2024-06-07T00:54:39+00:00","breadcrumb":{"@id":"https:\/\/apuntesdesanluis.com\/index.php\/2024\/06\/06\/fundamentalmente-buscamos-tener-cercania-con-los-vecinos-y-autoridades-del-interior\/#breadcrumb"},"inLanguage":"es-AR","potentialAction":[{"@type":"ReadAction","target":["https:\/\/apuntesdesanluis.com\/index.php\/2024\/06\/06\/fundamentalmente-buscamos-tener-cercania-con-los-vecinos-y-autoridades-del-interior\/"]}]},{"@type":"ImageObject","inLanguage":"es-AR","@id":"https:\/\/apuntesdesanluis.com\/index.php\/2024\/06\/06\/fundamentalmente-buscamos-tener-cercania-con-los-vecinos-y-autoridades-del-interior\/#primaryimage","url":"https:\/\/apuntesdesanluis.com\/wp-content\/uploads\/2024\/06\/claudio-poggi.png","contentUrl":"https:\/\/apuntesdesanluis.com\/wp-content\/uploads\/2024\/06\/claudio-poggi.png","width":600,"height":377},{"@type":"BreadcrumbList","@id":"https:\/\/apuntesdesanluis.com\/index.php\/2024\/06\/06\/fundamentalmente-buscamos-tener-cercania-con-los-vecinos-y-autoridades-del-interior\/#breadcrumb","itemListElement":[{"@type":"ListItem","position":1,"name":"Inicio","item":"https:\/\/apuntesdesanluis.com\/"},{"@type":"ListItem","position":2,"name":"\u201cFUNDAMENTALMENTE, BUSCAMOS TENER CERCAN\u00cdA CON LOS VECINOS Y AUTORIDADES DEL INTERIOR\u201d"}]},{"@type":"WebSite","@id":"https:\/\/apuntesdesanluis.com\/#website","url":"https:\/\/apuntesdesanluis.com\/","name":"Apuntes de San Luis","description":"","publisher":{"@id":"https:\/\/apuntesdesanluis.com\/#\/schema\/person\/b55151d52296fcce64d1a72538a70b90"},"potentialAction":[{"@type":"SearchAction","target":{"@type":"EntryPoint","urlTemplate":"https:\/\/apuntesdesanluis.com\/?s={search_term_string}"},"query-input":{"@type":"PropertyValueSpecification","valueRequired":true,"valueName":"search_term_string"}}],"inLanguage":"es-AR"},{"@type":["Person","Organization"],"@id":"https:\/\/apuntesdesanluis.com\/#\/schema\/person\/b55151d52296fcce64d1a72538a70b90","name":"apuntesdesanluis.com","image":{"@type":"ImageObject","inLanguage":"es-AR","@id":"https:\/\/apuntesdesanluis.com\/#\/schema\/person\/image\/","url":"https:\/\/apuntesdesanluis.com\/wp-content\/uploads\/2023\/07\/cropped-apuntesdesanluis.png","contentUrl":"https:\/\/apuntesdesanluis.com\/wp-content\/uploads\/2023\/07\/cropped-apuntesdesanluis.png","width":450,"height":112,"caption":"apuntesdesanluis.com"},"logo":{"@id":"https:\/\/apuntesdesanluis.com\/#\/schema\/person\/image\/"},"sameAs":["https:\/\/apuntesdesanluis.com"],"url":"https:\/\/apuntesdesanluis.com\/index.php\/author\/apuntesdesanluis-com\/"}]}},"featured_image_urls":{"full":["https:\/\/apuntesdesanluis.com\/wp-content\/uploads\/2024\/06\/claudio-poggi.png",600,377,false],"thumbnail":["https:\/\/apuntesdesanluis.com\/wp-content\/uploads\/2024\/06\/claudio-poggi-150x150.png",150,150,true],"medium":["https:\/\/apuntesdesanluis.com\/wp-content\/uploads\/2024\/06\/claudio-poggi-300x189.png",300,189,true],"medium_large":["https:\/\/apuntesdesanluis.com\/wp-content\/uploads\/2024\/06\/claudio-poggi.png",600,377,false],"large":["https:\/\/apuntesdesanluis.com\/wp-content\/uploads\/2024\/06\/claudio-poggi.png",600,377,false],"1536x1536":["https:\/\/apuntesdesanluis.com\/wp-content\/uploads\/2024\/06\/claudio-poggi.png",600,377,false],"2048x2048":["https:\/\/apuntesdesanluis.com\/wp-content\/uploads\/2024\/06\/claudio-poggi.png",600,377,false],"newsever-slider-full":["https:\/\/apuntesdesanluis.com\/wp-content\/uploads\/2024\/06\/claudio-poggi.png",600,377,false],"newsever-featured":["https:\/\/apuntesdesanluis.com\/wp-content\/uploads\/2024\/06\/claudio-poggi.png",600,377,false],"newsever-medium":["https:\/\/apuntesdesanluis.com\/wp-content\/uploads\/2024\/06\/claudio-poggi.png",600,377,false]},"author_info":{"display_name":"apuntesdesanluis.com","author_link":"https:\/\/apuntesdesanluis.com\/index.php\/author\/apuntesdesanluis-com\/"},"category_info":"<a href=\"https:\/\/apuntesdesanluis.com\/index.php\/category\/ciudad-provincia\/\" rel=\"category tag\">Ciudad\/Provincia<\/a>","tag_info":"Ciudad\/Provincia","comment_count":"0","_links":{"self":[{"href":"https:\/\/apuntesdesanluis.com\/index.php\/wp-json\/wp\/v2\/posts\/17496","targetHints":{"allow":["GET"]}}],"collection":[{"href":"https:\/\/apuntesdesanluis.com\/index.php\/wp-json\/wp\/v2\/posts"}],"about":[{"href":"https:\/\/apuntesdesanluis.com\/index.php\/wp-json\/wp\/v2\/types\/post"}],"author":[{"embeddable":true,"href":"https:\/\/apuntesdesanluis.com\/index.php\/wp-json\/wp\/v2\/users\/1"}],"replies":[{"embeddable":true,"href":"https:\/\/apuntesdesanluis.com\/index.php\/wp-json\/wp\/v2\/comments?post=17496"}],"version-history":[{"count":3,"href":"https:\/\/apuntesdesanluis.com\/index.php\/wp-json\/wp\/v2\/posts\/17496\/revisions"}],"predecessor-version":[{"id":17500,"href":"https:\/\/apuntesdesanluis.com\/index.php\/wp-json\/wp\/v2\/posts\/17496\/revisions\/17500"}],"wp:featuredmedia":[{"embeddable":true,"href":"https:\/\/apuntesdesanluis.com\/index.php\/wp-json\/wp\/v2\/media\/17497"}],"wp:attachment":[{"href":"https:\/\/apuntesdesanluis.com\/index.php\/wp-json\/wp\/v2\/media?parent=17496"}],"wp:term":[{"taxonomy":"category","embeddable":true,"href":"https:\/\/apuntesdesanluis.com\/index.php\/wp-json\/wp\/v2\/categories?post=17496"},{"taxonomy":"post_tag","embeddable":true,"href":"https:\/\/apuntesdesanluis.com\/index.php\/wp-json\/wp\/v2\/tags?post=17496"}],"curies":[{"name":"wp","href":"https:\/\/api.w.org\/{rel}","templated":true}]}}