{"id":17501,"date":"2024-06-06T22:21:42","date_gmt":"2024-06-07T01:21:42","guid":{"rendered":"https:\/\/apuntesdesanluis.com\/?p=17501"},"modified":"2024-06-06T22:21:42","modified_gmt":"2024-06-07T01:21:42","slug":"pre-inscripcion-abierta-de-la-carrera-martillero-y-corredor-publico-en-la-fcejs","status":"publish","type":"post","link":"https:\/\/apuntesdesanluis.com\/index.php\/2024\/06\/06\/pre-inscripcion-abierta-de-la-carrera-martillero-y-corredor-publico-en-la-fcejs\/","title":{"rendered":"PRE-INSCRIPCI\u00d3N ABIERTA DE LA CARRERA MARTILLERO Y CORREDOR P\u00daBLICO EN LA FCEJS"},"content":{"rendered":"<h3>La Secretar\u00eda Acad\u00e9mica de la Facultad de Ciencias Econ\u00f3micas Jur\u00eddicas y Sociales (UNSL-FCEJS) record\u00f3 que desde el 3 de junio al 31 de julio de 2024 se encuentra habilitado el formulario online de pre-inscripci\u00f3n para los Aspirantes a Ingresar a la Carrera de Martillero y Corredor P\u00fablico para el ciclo lectivo 2024.<\/h3>\n<h3>Los\/as interesados\/as deber\u00e1n ingresar a carreras.unsl.edu.ar e iniciar un proceso de tres (3) pasos: elegir una carrera, realizar la preinscripci\u00f3n online, y presentar la documentaci\u00f3n en el Departamento de Alumnos a partir del lunes 22 de julio hasta el 31 de agosto de 2024.<\/h3>\n<h3>En la ficha de preinscripci\u00f3n se debe colocar con claridad: n\u00famero de celular, direcci\u00f3n de mail (con extensi\u00f3n @gmail.com \u00a0preferentemente, NO se admitir\u00e1n mails institucionales) y un domicilio vigente. Estos datos son esenciales para que las dependencias acad\u00e9micas de la UNSL puedan contactarse con el\/la interesado\/a en caso de requerirlo.<\/h3>\n<p><img fetchpriority=\"high\" decoding=\"async\" class=\"wp-image-17503 aligncenter\" src=\"https:\/\/apuntesdesanluis.com\/wp-content\/uploads\/2024\/06\/martillero-300x147.png\" alt=\"\" width=\"627\" height=\"307\" srcset=\"https:\/\/apuntesdesanluis.com\/wp-content\/uploads\/2024\/06\/martillero-300x147.png 300w, https:\/\/apuntesdesanluis.com\/wp-content\/uploads\/2024\/06\/martillero.png 600w\" sizes=\"(max-width: 627px) 100vw, 627px\" \/><\/p>\n<h3><strong>REQUISITOS PARA LA INSCRIPCI\u00d3N<\/strong><\/h3>\n<h3>En el Departamento Alumnos de la Facultad donde se cursa la carrera elegida se deber\u00e1 presentar con la siguiente documentaci\u00f3n:<\/h3>\n<h3>1- Formulario de Preinscripci\u00f3n<\/h3>\n<h3>Deber\u00e1 ser completado via web e impreso. Deber\u00e1 constar en el mismo el \u00faltimo domicilio vigente.<\/h3>\n<h3>2- Fotocopia del documento de identidad<\/h3>\n<h3>Se pide fotocopia COLOR del anverso y reverso del nuevo formato tarjeta de DNI, deber\u00e1 constar el domicilio actualizado.<\/h3>\n<h3>3- Comprobante o constancia de finalizaci\u00f3n de estudios secundarios<\/h3>\n<h3>Copia de Certificado Anal\u00edtico \u2013 Certificada por el colegio. Los aspirantes que terminaron el secundario en el ciclo lectivo 2023 deber\u00e1n traer Comprobante o constancia de finalizaci\u00f3n de estudios secundarios, indicando cantidad de materias que adeuda. No podr\u00e1 adeudar m\u00e1s de tres (3) materias, hasta que reciba el certificado analitico.<\/h3>\n<h3>4- Partida o acta de nacimiento actualizada y legalizada. (Registro Civil)<\/h3>\n<h3>Ser\u00e1 admitida la partida de nacimiento o acta de nacimiento legalizada con no m\u00e1s de 6 meses de antig\u00fcedad. No ser\u00e1 admitida copia certificada por la polic\u00eda.<\/h3>\n<h3>5- Dos fotos<\/h3>\n<h3>4\u00d74 tipo carnet.<\/h3>\n<h3>6- Certificado de Buena Salud<\/h3>\n<h3>El mismo podr\u00e1 ser emitido por el Centro de Salud Estudiantil; o en su defecto por Entidad p\u00fablica, en cuyo caso debe ser visado administrativamente por el Centro de Salud Estudiantil con sede en Villa Mercedes: Jun\u00edn N\u00ba 269 de 8:00Hs a 13:00Hs. Para informaci\u00f3n de los interesados escribir a: <span style=\"color: #3366ff;\"><a style=\"color: #3366ff;\" href=\"mailto:cuseunsl@gmail.com\" target=\"_blank\" rel=\"noopener\">cuseunsl@gmail.com<\/a><\/span><\/h3>\n<p>&nbsp;<\/p>\n<p>&nbsp;<\/p>\n<p>&nbsp;<\/p>\n<p>&nbsp;<\/p>\n","protected":false},"excerpt":{"rendered":"<p>La Secretar\u00eda Acad\u00e9mica de la Facultad de Ciencias Econ\u00f3micas Jur\u00eddicas y Sociales (UNSL-FCEJS) record\u00f3 que&#8230;<\/p>\n","protected":false},"author":1,"featured_media":17502,"comment_status":"closed","ping_status":"closed","sticky":false,"template":"","format":"standard","meta":{"footnotes":""},"categories":[6],"tags":[],"class_list":["post-17501","post","type-post","status-publish","format-standard","has-post-thumbnail","hentry","category-ciudad-provincia"],"yoast_head":"<!-- This site is optimized with the Yoast SEO plugin v26.1.1 - https:\/\/yoast.com\/wordpress\/plugins\/seo\/ -->\n<title>PRE-INSCRIPCI\u00d3N ABIERTA DE LA CARRERA MARTILLERO Y CORREDOR P\u00daBLICO EN LA FCEJS - Apuntes de San Luis<\/title>\n<meta name=\"robots\" content=\"index, follow, max-snippet:-1, max-image-preview:large, max-video-preview:-1\" \/>\n<link rel=\"canonical\" href=\"https:\/\/apuntesdesanluis.com\/index.php\/2024\/06\/06\/pre-inscripcion-abierta-de-la-carrera-martillero-y-corredor-publico-en-la-fcejs\/\" \/>\n<meta property=\"og:locale\" content=\"es_ES\" \/>\n<meta property=\"og:type\" content=\"article\" \/>\n<meta property=\"og:title\" content=\"PRE-INSCRIPCI\u00d3N ABIERTA DE LA CARRERA MARTILLERO Y CORREDOR P\u00daBLICO EN LA FCEJS - Apuntes de San Luis\" \/>\n<meta property=\"og:description\" content=\"La Secretar\u00eda Acad\u00e9mica de la Facultad de Ciencias Econ\u00f3micas Jur\u00eddicas y Sociales (UNSL-FCEJS) record\u00f3 que...\" \/>\n<meta property=\"og:url\" content=\"https:\/\/apuntesdesanluis.com\/index.php\/2024\/06\/06\/pre-inscripcion-abierta-de-la-carrera-martillero-y-corredor-publico-en-la-fcejs\/\" \/>\n<meta property=\"og:site_name\" content=\"Apuntes de San Luis\" \/>\n<meta property=\"article:published_time\" content=\"2024-06-07T01:21:42+00:00\" \/>\n<meta property=\"og:image\" content=\"https:\/\/apuntesdesanluis.com\/wp-content\/uploads\/2024\/06\/martillero-en-fcejs.png\" \/>\n\t<meta property=\"og:image:width\" content=\"537\" \/>\n\t<meta property=\"og:image:height\" content=\"305\" \/>\n\t<meta property=\"og:image:type\" content=\"image\/png\" \/>\n<meta name=\"author\" content=\"apuntesdesanluis.com\" \/>\n<meta name=\"twitter:card\" content=\"summary_large_image\" \/>\n<meta name=\"twitter:label1\" content=\"Escrito por\" \/>\n\t<meta name=\"twitter:data1\" content=\"apuntesdesanluis.com\" \/>\n\t<meta name=\"twitter:label2\" content=\"Tiempo de lectura\" \/>\n\t<meta name=\"twitter:data2\" content=\"3 minutos\" \/>\n<script type=\"application\/ld+json\" class=\"yoast-schema-graph\">{\"@context\":\"https:\/\/schema.org\",\"@graph\":[{\"@type\":\"Article\",\"@id\":\"https:\/\/apuntesdesanluis.com\/index.php\/2024\/06\/06\/pre-inscripcion-abierta-de-la-carrera-martillero-y-corredor-publico-en-la-fcejs\/#article\",\"isPartOf\":{\"@id\":\"https:\/\/apuntesdesanluis.com\/index.php\/2024\/06\/06\/pre-inscripcion-abierta-de-la-carrera-martillero-y-corredor-publico-en-la-fcejs\/\"},\"author\":{\"name\":\"apuntesdesanluis.com\",\"@id\":\"https:\/\/apuntesdesanluis.com\/#\/schema\/person\/b55151d52296fcce64d1a72538a70b90\"},\"headline\":\"PRE-INSCRIPCI\u00d3N ABIERTA DE LA CARRERA MARTILLERO Y CORREDOR P\u00daBLICO EN LA FCEJS\",\"datePublished\":\"2024-06-07T01:21:42+00:00\",\"mainEntityOfPage\":{\"@id\":\"https:\/\/apuntesdesanluis.com\/index.php\/2024\/06\/06\/pre-inscripcion-abierta-de-la-carrera-martillero-y-corredor-publico-en-la-fcejs\/\"},\"wordCount\":417,\"publisher\":{\"@id\":\"https:\/\/apuntesdesanluis.com\/#\/schema\/person\/b55151d52296fcce64d1a72538a70b90\"},\"image\":{\"@id\":\"https:\/\/apuntesdesanluis.com\/index.php\/2024\/06\/06\/pre-inscripcion-abierta-de-la-carrera-martillero-y-corredor-publico-en-la-fcejs\/#primaryimage\"},\"thumbnailUrl\":\"https:\/\/apuntesdesanluis.com\/wp-content\/uploads\/2024\/06\/martillero-en-fcejs.png\",\"articleSection\":[\"Ciudad\/Provincia\"],\"inLanguage\":\"es-AR\"},{\"@type\":\"WebPage\",\"@id\":\"https:\/\/apuntesdesanluis.com\/index.php\/2024\/06\/06\/pre-inscripcion-abierta-de-la-carrera-martillero-y-corredor-publico-en-la-fcejs\/\",\"url\":\"https:\/\/apuntesdesanluis.com\/index.php\/2024\/06\/06\/pre-inscripcion-abierta-de-la-carrera-martillero-y-corredor-publico-en-la-fcejs\/\",\"name\":\"PRE-INSCRIPCI\u00d3N ABIERTA DE LA CARRERA MARTILLERO Y CORREDOR P\u00daBLICO EN LA FCEJS - Apuntes de San Luis\",\"isPartOf\":{\"@id\":\"https:\/\/apuntesdesanluis.com\/#website\"},\"primaryImageOfPage\":{\"@id\":\"https:\/\/apuntesdesanluis.com\/index.php\/2024\/06\/06\/pre-inscripcion-abierta-de-la-carrera-martillero-y-corredor-publico-en-la-fcejs\/#primaryimage\"},\"image\":{\"@id\":\"https:\/\/apuntesdesanluis.com\/index.php\/2024\/06\/06\/pre-inscripcion-abierta-de-la-carrera-martillero-y-corredor-publico-en-la-fcejs\/#primaryimage\"},\"thumbnailUrl\":\"https:\/\/apuntesdesanluis.com\/wp-content\/uploads\/2024\/06\/martillero-en-fcejs.png\",\"datePublished\":\"2024-06-07T01:21:42+00:00\",\"breadcrumb\":{\"@id\":\"https:\/\/apuntesdesanluis.com\/index.php\/2024\/06\/06\/pre-inscripcion-abierta-de-la-carrera-martillero-y-corredor-publico-en-la-fcejs\/#breadcrumb\"},\"inLanguage\":\"es-AR\",\"potentialAction\":[{\"@type\":\"ReadAction\",\"target\":[\"https:\/\/apuntesdesanluis.com\/index.php\/2024\/06\/06\/pre-inscripcion-abierta-de-la-carrera-martillero-y-corredor-publico-en-la-fcejs\/\"]}]},{\"@type\":\"ImageObject\",\"inLanguage\":\"es-AR\",\"@id\":\"https:\/\/apuntesdesanluis.com\/index.php\/2024\/06\/06\/pre-inscripcion-abierta-de-la-carrera-martillero-y-corredor-publico-en-la-fcejs\/#primaryimage\",\"url\":\"https:\/\/apuntesdesanluis.com\/wp-content\/uploads\/2024\/06\/martillero-en-fcejs.png\",\"contentUrl\":\"https:\/\/apuntesdesanluis.com\/wp-content\/uploads\/2024\/06\/martillero-en-fcejs.png\",\"width\":537,\"height\":305},{\"@type\":\"BreadcrumbList\",\"@id\":\"https:\/\/apuntesdesanluis.com\/index.php\/2024\/06\/06\/pre-inscripcion-abierta-de-la-carrera-martillero-y-corredor-publico-en-la-fcejs\/#breadcrumb\",\"itemListElement\":[{\"@type\":\"ListItem\",\"position\":1,\"name\":\"Inicio\",\"item\":\"https:\/\/apuntesdesanluis.com\/\"},{\"@type\":\"ListItem\",\"position\":2,\"name\":\"PRE-INSCRIPCI\u00d3N ABIERTA DE LA CARRERA MARTILLERO Y CORREDOR P\u00daBLICO EN LA FCEJS\"}]},{\"@type\":\"WebSite\",\"@id\":\"https:\/\/apuntesdesanluis.com\/#website\",\"url\":\"https:\/\/apuntesdesanluis.com\/\",\"name\":\"Apuntes de San Luis\",\"description\":\"\",\"publisher\":{\"@id\":\"https:\/\/apuntesdesanluis.com\/#\/schema\/person\/b55151d52296fcce64d1a72538a70b90\"},\"potentialAction\":[{\"@type\":\"SearchAction\",\"target\":{\"@type\":\"EntryPoint\",\"urlTemplate\":\"https:\/\/apuntesdesanluis.com\/?s={search_term_string}\"},\"query-input\":{\"@type\":\"PropertyValueSpecification\",\"valueRequired\":true,\"valueName\":\"search_term_string\"}}],\"inLanguage\":\"es-AR\"},{\"@type\":[\"Person\",\"Organization\"],\"@id\":\"https:\/\/apuntesdesanluis.com\/#\/schema\/person\/b55151d52296fcce64d1a72538a70b90\",\"name\":\"apuntesdesanluis.com\",\"image\":{\"@type\":\"ImageObject\",\"inLanguage\":\"es-AR\",\"@id\":\"https:\/\/apuntesdesanluis.com\/#\/schema\/person\/image\/\",\"url\":\"https:\/\/apuntesdesanluis.com\/wp-content\/uploads\/2023\/07\/cropped-apuntesdesanluis.png\",\"contentUrl\":\"https:\/\/apuntesdesanluis.com\/wp-content\/uploads\/2023\/07\/cropped-apuntesdesanluis.png\",\"width\":450,\"height\":112,\"caption\":\"apuntesdesanluis.com\"},\"logo\":{\"@id\":\"https:\/\/apuntesdesanluis.com\/#\/schema\/person\/image\/\"},\"sameAs\":[\"https:\/\/apuntesdesanluis.com\"],\"url\":\"https:\/\/apuntesdesanluis.com\/index.php\/author\/apuntesdesanluis-com\/\"}]}<\/script>\n<!-- \/ Yoast SEO plugin. -->","yoast_head_json":{"title":"PRE-INSCRIPCI\u00d3N ABIERTA DE LA CARRERA MARTILLERO Y CORREDOR P\u00daBLICO EN LA FCEJS - Apuntes de San Luis","robots":{"index":"index","follow":"follow","max-snippet":"max-snippet:-1","max-image-preview":"max-image-preview:large","max-video-preview":"max-video-preview:-1"},"canonical":"https:\/\/apuntesdesanluis.com\/index.php\/2024\/06\/06\/pre-inscripcion-abierta-de-la-carrera-martillero-y-corredor-publico-en-la-fcejs\/","og_locale":"es_ES","og_type":"article","og_title":"PRE-INSCRIPCI\u00d3N ABIERTA DE LA CARRERA MARTILLERO Y CORREDOR P\u00daBLICO EN LA FCEJS - Apuntes de San Luis","og_description":"La Secretar\u00eda Acad\u00e9mica de la Facultad de Ciencias Econ\u00f3micas Jur\u00eddicas y Sociales (UNSL-FCEJS) record\u00f3 que...","og_url":"https:\/\/apuntesdesanluis.com\/index.php\/2024\/06\/06\/pre-inscripcion-abierta-de-la-carrera-martillero-y-corredor-publico-en-la-fcejs\/","og_site_name":"Apuntes de San Luis","article_published_time":"2024-06-07T01:21:42+00:00","og_image":[{"width":537,"height":305,"url":"https:\/\/apuntesdesanluis.com\/wp-content\/uploads\/2024\/06\/martillero-en-fcejs.png","type":"image\/png"}],"author":"apuntesdesanluis.com","twitter_card":"summary_large_image","twitter_misc":{"Escrito por":"apuntesdesanluis.com","Tiempo de lectura":"3 minutos"},"schema":{"@context":"https:\/\/schema.org","@graph":[{"@type":"Article","@id":"https:\/\/apuntesdesanluis.com\/index.php\/2024\/06\/06\/pre-inscripcion-abierta-de-la-carrera-martillero-y-corredor-publico-en-la-fcejs\/#article","isPartOf":{"@id":"https:\/\/apuntesdesanluis.com\/index.php\/2024\/06\/06\/pre-inscripcion-abierta-de-la-carrera-martillero-y-corredor-publico-en-la-fcejs\/"},"author":{"name":"apuntesdesanluis.com","@id":"https:\/\/apuntesdesanluis.com\/#\/schema\/person\/b55151d52296fcce64d1a72538a70b90"},"headline":"PRE-INSCRIPCI\u00d3N ABIERTA DE LA CARRERA MARTILLERO Y CORREDOR P\u00daBLICO EN LA FCEJS","datePublished":"2024-06-07T01:21:42+00:00","mainEntityOfPage":{"@id":"https:\/\/apuntesdesanluis.com\/index.php\/2024\/06\/06\/pre-inscripcion-abierta-de-la-carrera-martillero-y-corredor-publico-en-la-fcejs\/"},"wordCount":417,"publisher":{"@id":"https:\/\/apuntesdesanluis.com\/#\/schema\/person\/b55151d52296fcce64d1a72538a70b90"},"image":{"@id":"https:\/\/apuntesdesanluis.com\/index.php\/2024\/06\/06\/pre-inscripcion-abierta-de-la-carrera-martillero-y-corredor-publico-en-la-fcejs\/#primaryimage"},"thumbnailUrl":"https:\/\/apuntesdesanluis.com\/wp-content\/uploads\/2024\/06\/martillero-en-fcejs.png","articleSection":["Ciudad\/Provincia"],"inLanguage":"es-AR"},{"@type":"WebPage","@id":"https:\/\/apuntesdesanluis.com\/index.php\/2024\/06\/06\/pre-inscripcion-abierta-de-la-carrera-martillero-y-corredor-publico-en-la-fcejs\/","url":"https:\/\/apuntesdesanluis.com\/index.php\/2024\/06\/06\/pre-inscripcion-abierta-de-la-carrera-martillero-y-corredor-publico-en-la-fcejs\/","name":"PRE-INSCRIPCI\u00d3N ABIERTA DE LA CARRERA MARTILLERO Y CORREDOR P\u00daBLICO EN LA FCEJS - Apuntes de San Luis","isPartOf":{"@id":"https:\/\/apuntesdesanluis.com\/#website"},"primaryImageOfPage":{"@id":"https:\/\/apuntesdesanluis.com\/index.php\/2024\/06\/06\/pre-inscripcion-abierta-de-la-carrera-martillero-y-corredor-publico-en-la-fcejs\/#primaryimage"},"image":{"@id":"https:\/\/apuntesdesanluis.com\/index.php\/2024\/06\/06\/pre-inscripcion-abierta-de-la-carrera-martillero-y-corredor-publico-en-la-fcejs\/#primaryimage"},"thumbnailUrl":"https:\/\/apuntesdesanluis.com\/wp-content\/uploads\/2024\/06\/martillero-en-fcejs.png","datePublished":"2024-06-07T01:21:42+00:00","breadcrumb":{"@id":"https:\/\/apuntesdesanluis.com\/index.php\/2024\/06\/06\/pre-inscripcion-abierta-de-la-carrera-martillero-y-corredor-publico-en-la-fcejs\/#breadcrumb"},"inLanguage":"es-AR","potentialAction":[{"@type":"ReadAction","target":["https:\/\/apuntesdesanluis.com\/index.php\/2024\/06\/06\/pre-inscripcion-abierta-de-la-carrera-martillero-y-corredor-publico-en-la-fcejs\/"]}]},{"@type":"ImageObject","inLanguage":"es-AR","@id":"https:\/\/apuntesdesanluis.com\/index.php\/2024\/06\/06\/pre-inscripcion-abierta-de-la-carrera-martillero-y-corredor-publico-en-la-fcejs\/#primaryimage","url":"https:\/\/apuntesdesanluis.com\/wp-content\/uploads\/2024\/06\/martillero-en-fcejs.png","contentUrl":"https:\/\/apuntesdesanluis.com\/wp-content\/uploads\/2024\/06\/martillero-en-fcejs.png","width":537,"height":305},{"@type":"BreadcrumbList","@id":"https:\/\/apuntesdesanluis.com\/index.php\/2024\/06\/06\/pre-inscripcion-abierta-de-la-carrera-martillero-y-corredor-publico-en-la-fcejs\/#breadcrumb","itemListElement":[{"@type":"ListItem","position":1,"name":"Inicio","item":"https:\/\/apuntesdesanluis.com\/"},{"@type":"ListItem","position":2,"name":"PRE-INSCRIPCI\u00d3N ABIERTA DE LA CARRERA MARTILLERO Y CORREDOR P\u00daBLICO EN LA FCEJS"}]},{"@type":"WebSite","@id":"https:\/\/apuntesdesanluis.com\/#website","url":"https:\/\/apuntesdesanluis.com\/","name":"Apuntes de San Luis","description":"","publisher":{"@id":"https:\/\/apuntesdesanluis.com\/#\/schema\/person\/b55151d52296fcce64d1a72538a70b90"},"potentialAction":[{"@type":"SearchAction","target":{"@type":"EntryPoint","urlTemplate":"https:\/\/apuntesdesanluis.com\/?s={search_term_string}"},"query-input":{"@type":"PropertyValueSpecification","valueRequired":true,"valueName":"search_term_string"}}],"inLanguage":"es-AR"},{"@type":["Person","Organization"],"@id":"https:\/\/apuntesdesanluis.com\/#\/schema\/person\/b55151d52296fcce64d1a72538a70b90","name":"apuntesdesanluis.com","image":{"@type":"ImageObject","inLanguage":"es-AR","@id":"https:\/\/apuntesdesanluis.com\/#\/schema\/person\/image\/","url":"https:\/\/apuntesdesanluis.com\/wp-content\/uploads\/2023\/07\/cropped-apuntesdesanluis.png","contentUrl":"https:\/\/apuntesdesanluis.com\/wp-content\/uploads\/2023\/07\/cropped-apuntesdesanluis.png","width":450,"height":112,"caption":"apuntesdesanluis.com"},"logo":{"@id":"https:\/\/apuntesdesanluis.com\/#\/schema\/person\/image\/"},"sameAs":["https:\/\/apuntesdesanluis.com"],"url":"https:\/\/apuntesdesanluis.com\/index.php\/author\/apuntesdesanluis-com\/"}]}},"featured_image_urls":{"full":["https:\/\/apuntesdesanluis.com\/wp-content\/uploads\/2024\/06\/martillero-en-fcejs.png",537,305,false],"thumbnail":["https:\/\/apuntesdesanluis.com\/wp-content\/uploads\/2024\/06\/martillero-en-fcejs-150x150.png",150,150,true],"medium":["https:\/\/apuntesdesanluis.com\/wp-content\/uploads\/2024\/06\/martillero-en-fcejs-300x170.png",300,170,true],"medium_large":["https:\/\/apuntesdesanluis.com\/wp-content\/uploads\/2024\/06\/martillero-en-fcejs.png",537,305,false],"large":["https:\/\/apuntesdesanluis.com\/wp-content\/uploads\/2024\/06\/martillero-en-fcejs.png",537,305,false],"1536x1536":["https:\/\/apuntesdesanluis.com\/wp-content\/uploads\/2024\/06\/martillero-en-fcejs.png",537,305,false],"2048x2048":["https:\/\/apuntesdesanluis.com\/wp-content\/uploads\/2024\/06\/martillero-en-fcejs.png",537,305,false],"newsever-slider-full":["https:\/\/apuntesdesanluis.com\/wp-content\/uploads\/2024\/06\/martillero-en-fcejs.png",537,305,false],"newsever-featured":["https:\/\/apuntesdesanluis.com\/wp-content\/uploads\/2024\/06\/martillero-en-fcejs.png",537,305,false],"newsever-medium":["https:\/\/apuntesdesanluis.com\/wp-content\/uploads\/2024\/06\/martillero-en-fcejs.png",537,305,false]},"author_info":{"display_name":"apuntesdesanluis.com","author_link":"https:\/\/apuntesdesanluis.com\/index.php\/author\/apuntesdesanluis-com\/"},"category_info":"<a href=\"https:\/\/apuntesdesanluis.com\/index.php\/category\/ciudad-provincia\/\" rel=\"category tag\">Ciudad\/Provincia<\/a>","tag_info":"Ciudad\/Provincia","comment_count":"0","_links":{"self":[{"href":"https:\/\/apuntesdesanluis.com\/index.php\/wp-json\/wp\/v2\/posts\/17501","targetHints":{"allow":["GET"]}}],"collection":[{"href":"https:\/\/apuntesdesanluis.com\/index.php\/wp-json\/wp\/v2\/posts"}],"about":[{"href":"https:\/\/apuntesdesanluis.com\/index.php\/wp-json\/wp\/v2\/types\/post"}],"author":[{"embeddable":true,"href":"https:\/\/apuntesdesanluis.com\/index.php\/wp-json\/wp\/v2\/users\/1"}],"replies":[{"embeddable":true,"href":"https:\/\/apuntesdesanluis.com\/index.php\/wp-json\/wp\/v2\/comments?post=17501"}],"version-history":[{"count":1,"href":"https:\/\/apuntesdesanluis.com\/index.php\/wp-json\/wp\/v2\/posts\/17501\/revisions"}],"predecessor-version":[{"id":17504,"href":"https:\/\/apuntesdesanluis.com\/index.php\/wp-json\/wp\/v2\/posts\/17501\/revisions\/17504"}],"wp:featuredmedia":[{"embeddable":true,"href":"https:\/\/apuntesdesanluis.com\/index.php\/wp-json\/wp\/v2\/media\/17502"}],"wp:attachment":[{"href":"https:\/\/apuntesdesanluis.com\/index.php\/wp-json\/wp\/v2\/media?parent=17501"}],"wp:term":[{"taxonomy":"category","embeddable":true,"href":"https:\/\/apuntesdesanluis.com\/index.php\/wp-json\/wp\/v2\/categories?post=17501"},{"taxonomy":"post_tag","embeddable":true,"href":"https:\/\/apuntesdesanluis.com\/index.php\/wp-json\/wp\/v2\/tags?post=17501"}],"curies":[{"name":"wp","href":"https:\/\/api.w.org\/{rel}","templated":true}]}}