{"id":17518,"date":"2024-06-07T00:27:26","date_gmt":"2024-06-07T03:27:26","guid":{"rendered":"https:\/\/apuntesdesanluis.com\/?p=17518"},"modified":"2024-06-07T00:47:25","modified_gmt":"2024-06-07T03:47:25","slug":"dejame-un-titulo-silvina-galetto-a-las-corridas","status":"publish","type":"post","link":"https:\/\/apuntesdesanluis.com\/index.php\/2024\/06\/07\/dejame-un-titulo-silvina-galetto-a-las-corridas\/","title":{"rendered":"DEJAME UN T\u00cdTULO: \u201cSILVINA GALETTO, A LAS CORRIDAS\u201d"},"content":{"rendered":"<h3>La Viceintendenta reconoce que a veces le cuesta \u201cseguirle el ritmo al intendente\u201d <strong>Maximiliano Frontera<\/strong>. \u201cCuesta un poco, trato de acompa\u00f1ar a Maxi en su agenda. A veces me sale mejor y a veces peor, pero tambi\u00e9n tratando de marcar una agenda propia del Concejo Deliberante, que no es f\u00e1cil, porque hay que trabajar la reinstitucionalizaci\u00f3n de la figura de la viceintendenta presidiendo el cuerpo\u201d.<\/h3>\n<h3>En t\u00e9rminos de la relaci\u00f3n pol\u00edtica con la oposici\u00f3n, que en otros momentos fue tumultuosa, admite que en estos momentos \u201chay una estabilidad en la gobernabilidad, que tiene que ver con acuerdos, articulaciones, negociaci\u00f3n, di\u00e1logo y construcci\u00f3n de consensos\u201d.<\/h3>\n<h3>Por provenir del \u00e1mbito acad\u00e9mico (UNSL), no oculta en que la adaptaci\u00f3n a las lides pol\u00edtico-partidarias le cuesta \u201ca diario\u201d, pero asume que \u201cla din\u00e1mica del Concejo Deliberante la aprende todos los d\u00edas, con un trabajo muy cercano con todo el personal administrativo, de consulta permanente\u201d, en el que se respalda.<\/h3>\n<h3>\u201cA veces no tener ciertas credenciales te desacredita\u201d, dice en referencia a no compartir ciertos c\u00f3digos propios de la pol\u00edtica.<\/h3>\n<p><img fetchpriority=\"high\" decoding=\"async\" class=\"wp-image-17523 aligncenter\" src=\"https:\/\/apuntesdesanluis.com\/wp-content\/uploads\/2024\/06\/DEJAME-300x125.png\" alt=\"\" width=\"578\" height=\"241\" srcset=\"https:\/\/apuntesdesanluis.com\/wp-content\/uploads\/2024\/06\/DEJAME-300x125.png 300w, https:\/\/apuntesdesanluis.com\/wp-content\/uploads\/2024\/06\/DEJAME.png 626w\" sizes=\"(max-width: 578px) 100vw, 578px\" \/><\/p>\n<h3>Durante la entrevista con <strong><span style=\"color: #3366ff;\">\u201cDejame un t\u00edtulo\u201d<\/span><\/strong>, casi en tono intimista, <strong>Silvina Galetto<\/strong> acepta las cr\u00edticas y las asume como \u201cun aprendizaje\u201d que la ayuda a crecer.<\/h3>\n<h3>Consultada su opini\u00f3n sobre el gobierno nacional y particularmente <strong>Milei<\/strong>, reafirma ser \u201cmuy respetuosa del voto popular, porque la democracia es el mejor sistema que hemos conseguido y que debemos cuidar\u201d, aunque aclara que el resultado de la elecci\u00f3n no siente que la represente. \u201cNo fue mi elecci\u00f3n. Me preocupa un mont\u00f3n. Ojal\u00e1 la esperanza de todos los que votaron a este gobierno, no termine siendo la desesperaci\u00f3n de muchos\u201d, sentencia.<\/h3>\n<h3>Claramente tiende a quebrarse cuando la entrevista discurre hacia la esfera familiar y la manera en que compatibiliza su entrega a la funci\u00f3n p\u00fablica, con el rol de mujer y mam\u00e1. All\u00ed aparecen Camilo (12) y Amanda (9), sus hijos. \u201cEs un ejercicio complicado, no es f\u00e1cil\u201d, y confiesa que por ello este a\u00f1o decidi\u00f3 \u201cvolver a terapia, buscando ayuda\u201d para superar las presiones.<\/h3>\n<h3>Casi como una an\u00e9cdota, rememora un episodio que atraves\u00f3 recientemente con su hijo, cuando \u00e9ste le reproch\u00f3: \u201c\u00bfPod\u00e9s no mandar audios mientras te estoy contando algo? Y fue un cachetazo\u2026 porque vos dec\u00eds, ten\u00e9s raz\u00f3n, disculpame\u201d, cont\u00f3 mientras sus ojos se llenaban de l\u00e1grimas con el solo recuerdo.<\/h3>\n<h3>Justamente por esa tensi\u00f3n permanente en que navega, entre las obligaciones p\u00fablicas y las responsabilidades como madre, que trata de no desatender, a la hora de dejar un t\u00edtulo se define en tercera persona: <span style=\"color: #3366ff;\"><strong>\u201cSilvina Galetto, a las corridas\u201d<\/strong><\/span>.<\/h3>\n<p>&nbsp;<\/p>\n<p><iframe title=\"SILVINA GALETTO. Viceintendenta de Villa Mercedes\" width=\"640\" height=\"360\" src=\"https:\/\/www.youtube.com\/embed\/FlXtOqmrYO8?feature=oembed\" frameborder=\"0\" allow=\"accelerometer; autoplay; clipboard-write; encrypted-media; gyroscope; picture-in-picture; web-share\" referrerpolicy=\"strict-origin-when-cross-origin\" allowfullscreen><\/iframe><\/p>\n<p>&nbsp;<\/p>\n<p>&nbsp;<\/p>\n<p>&nbsp;<\/p>\n","protected":false},"excerpt":{"rendered":"<p>La Viceintendenta reconoce que a veces le cuesta \u201cseguirle el ritmo al intendente\u201d Maximiliano Frontera&#8230;.<\/p>\n","protected":false},"author":1,"featured_media":17519,"comment_status":"closed","ping_status":"closed","sticky":false,"template":"","format":"standard","meta":{"footnotes":""},"categories":[9],"tags":[],"class_list":["post-17518","post","type-post","status-publish","format-standard","has-post-thumbnail","hentry","category-opinion"],"yoast_head":"<!-- This site is optimized with the Yoast SEO plugin v26.1.1 - https:\/\/yoast.com\/wordpress\/plugins\/seo\/ -->\n<title>DEJAME UN T\u00cdTULO: \u201cSILVINA GALETTO, A LAS CORRIDAS\u201d - Apuntes de San Luis<\/title>\n<meta name=\"robots\" content=\"index, follow, max-snippet:-1, max-image-preview:large, max-video-preview:-1\" \/>\n<link rel=\"canonical\" href=\"https:\/\/apuntesdesanluis.com\/index.php\/2024\/06\/07\/dejame-un-titulo-silvina-galetto-a-las-corridas\/\" \/>\n<meta property=\"og:locale\" content=\"es_ES\" \/>\n<meta property=\"og:type\" content=\"article\" \/>\n<meta property=\"og:title\" content=\"DEJAME UN T\u00cdTULO: \u201cSILVINA GALETTO, A LAS CORRIDAS\u201d - Apuntes de San Luis\" \/>\n<meta property=\"og:description\" content=\"La Viceintendenta reconoce que a veces le cuesta \u201cseguirle el ritmo al intendente\u201d Maximiliano Frontera....\" \/>\n<meta property=\"og:url\" content=\"https:\/\/apuntesdesanluis.com\/index.php\/2024\/06\/07\/dejame-un-titulo-silvina-galetto-a-las-corridas\/\" \/>\n<meta property=\"og:site_name\" content=\"Apuntes de San Luis\" \/>\n<meta property=\"article:published_time\" content=\"2024-06-07T03:27:26+00:00\" \/>\n<meta property=\"article:modified_time\" content=\"2024-06-07T03:47:25+00:00\" \/>\n<meta property=\"og:image\" content=\"https:\/\/apuntesdesanluis.com\/wp-content\/uploads\/2024\/06\/silvina-galetto.png\" \/>\n\t<meta property=\"og:image:width\" content=\"700\" \/>\n\t<meta property=\"og:image:height\" content=\"411\" \/>\n\t<meta property=\"og:image:type\" content=\"image\/png\" \/>\n<meta name=\"author\" content=\"apuntesdesanluis.com\" \/>\n<meta name=\"twitter:card\" content=\"summary_large_image\" \/>\n<meta name=\"twitter:label1\" content=\"Escrito por\" \/>\n\t<meta name=\"twitter:data1\" content=\"apuntesdesanluis.com\" \/>\n\t<meta name=\"twitter:label2\" content=\"Tiempo de lectura\" \/>\n\t<meta name=\"twitter:data2\" content=\"3 minutos\" \/>\n<script type=\"application\/ld+json\" class=\"yoast-schema-graph\">{\"@context\":\"https:\/\/schema.org\",\"@graph\":[{\"@type\":\"Article\",\"@id\":\"https:\/\/apuntesdesanluis.com\/index.php\/2024\/06\/07\/dejame-un-titulo-silvina-galetto-a-las-corridas\/#article\",\"isPartOf\":{\"@id\":\"https:\/\/apuntesdesanluis.com\/index.php\/2024\/06\/07\/dejame-un-titulo-silvina-galetto-a-las-corridas\/\"},\"author\":{\"name\":\"apuntesdesanluis.com\",\"@id\":\"https:\/\/apuntesdesanluis.com\/#\/schema\/person\/b55151d52296fcce64d1a72538a70b90\"},\"headline\":\"DEJAME UN T\u00cdTULO: \u201cSILVINA GALETTO, A LAS CORRIDAS\u201d\",\"datePublished\":\"2024-06-07T03:27:26+00:00\",\"dateModified\":\"2024-06-07T03:47:25+00:00\",\"mainEntityOfPage\":{\"@id\":\"https:\/\/apuntesdesanluis.com\/index.php\/2024\/06\/07\/dejame-un-titulo-silvina-galetto-a-las-corridas\/\"},\"wordCount\":482,\"publisher\":{\"@id\":\"https:\/\/apuntesdesanluis.com\/#\/schema\/person\/b55151d52296fcce64d1a72538a70b90\"},\"image\":{\"@id\":\"https:\/\/apuntesdesanluis.com\/index.php\/2024\/06\/07\/dejame-un-titulo-silvina-galetto-a-las-corridas\/#primaryimage\"},\"thumbnailUrl\":\"https:\/\/apuntesdesanluis.com\/wp-content\/uploads\/2024\/06\/silvina-galetto.png\",\"articleSection\":[\"Opini\u00f3n\"],\"inLanguage\":\"es-AR\"},{\"@type\":\"WebPage\",\"@id\":\"https:\/\/apuntesdesanluis.com\/index.php\/2024\/06\/07\/dejame-un-titulo-silvina-galetto-a-las-corridas\/\",\"url\":\"https:\/\/apuntesdesanluis.com\/index.php\/2024\/06\/07\/dejame-un-titulo-silvina-galetto-a-las-corridas\/\",\"name\":\"DEJAME UN T\u00cdTULO: \u201cSILVINA GALETTO, A LAS CORRIDAS\u201d - Apuntes de San Luis\",\"isPartOf\":{\"@id\":\"https:\/\/apuntesdesanluis.com\/#website\"},\"primaryImageOfPage\":{\"@id\":\"https:\/\/apuntesdesanluis.com\/index.php\/2024\/06\/07\/dejame-un-titulo-silvina-galetto-a-las-corridas\/#primaryimage\"},\"image\":{\"@id\":\"https:\/\/apuntesdesanluis.com\/index.php\/2024\/06\/07\/dejame-un-titulo-silvina-galetto-a-las-corridas\/#primaryimage\"},\"thumbnailUrl\":\"https:\/\/apuntesdesanluis.com\/wp-content\/uploads\/2024\/06\/silvina-galetto.png\",\"datePublished\":\"2024-06-07T03:27:26+00:00\",\"dateModified\":\"2024-06-07T03:47:25+00:00\",\"breadcrumb\":{\"@id\":\"https:\/\/apuntesdesanluis.com\/index.php\/2024\/06\/07\/dejame-un-titulo-silvina-galetto-a-las-corridas\/#breadcrumb\"},\"inLanguage\":\"es-AR\",\"potentialAction\":[{\"@type\":\"ReadAction\",\"target\":[\"https:\/\/apuntesdesanluis.com\/index.php\/2024\/06\/07\/dejame-un-titulo-silvina-galetto-a-las-corridas\/\"]}]},{\"@type\":\"ImageObject\",\"inLanguage\":\"es-AR\",\"@id\":\"https:\/\/apuntesdesanluis.com\/index.php\/2024\/06\/07\/dejame-un-titulo-silvina-galetto-a-las-corridas\/#primaryimage\",\"url\":\"https:\/\/apuntesdesanluis.com\/wp-content\/uploads\/2024\/06\/silvina-galetto.png\",\"contentUrl\":\"https:\/\/apuntesdesanluis.com\/wp-content\/uploads\/2024\/06\/silvina-galetto.png\",\"width\":700,\"height\":411},{\"@type\":\"BreadcrumbList\",\"@id\":\"https:\/\/apuntesdesanluis.com\/index.php\/2024\/06\/07\/dejame-un-titulo-silvina-galetto-a-las-corridas\/#breadcrumb\",\"itemListElement\":[{\"@type\":\"ListItem\",\"position\":1,\"name\":\"Inicio\",\"item\":\"https:\/\/apuntesdesanluis.com\/\"},{\"@type\":\"ListItem\",\"position\":2,\"name\":\"DEJAME UN T\u00cdTULO: \u201cSILVINA GALETTO, A LAS CORRIDAS\u201d\"}]},{\"@type\":\"WebSite\",\"@id\":\"https:\/\/apuntesdesanluis.com\/#website\",\"url\":\"https:\/\/apuntesdesanluis.com\/\",\"name\":\"Apuntes de San Luis\",\"description\":\"\",\"publisher\":{\"@id\":\"https:\/\/apuntesdesanluis.com\/#\/schema\/person\/b55151d52296fcce64d1a72538a70b90\"},\"potentialAction\":[{\"@type\":\"SearchAction\",\"target\":{\"@type\":\"EntryPoint\",\"urlTemplate\":\"https:\/\/apuntesdesanluis.com\/?s={search_term_string}\"},\"query-input\":{\"@type\":\"PropertyValueSpecification\",\"valueRequired\":true,\"valueName\":\"search_term_string\"}}],\"inLanguage\":\"es-AR\"},{\"@type\":[\"Person\",\"Organization\"],\"@id\":\"https:\/\/apuntesdesanluis.com\/#\/schema\/person\/b55151d52296fcce64d1a72538a70b90\",\"name\":\"apuntesdesanluis.com\",\"image\":{\"@type\":\"ImageObject\",\"inLanguage\":\"es-AR\",\"@id\":\"https:\/\/apuntesdesanluis.com\/#\/schema\/person\/image\/\",\"url\":\"https:\/\/apuntesdesanluis.com\/wp-content\/uploads\/2023\/07\/cropped-apuntesdesanluis.png\",\"contentUrl\":\"https:\/\/apuntesdesanluis.com\/wp-content\/uploads\/2023\/07\/cropped-apuntesdesanluis.png\",\"width\":450,\"height\":112,\"caption\":\"apuntesdesanluis.com\"},\"logo\":{\"@id\":\"https:\/\/apuntesdesanluis.com\/#\/schema\/person\/image\/\"},\"sameAs\":[\"https:\/\/apuntesdesanluis.com\"],\"url\":\"https:\/\/apuntesdesanluis.com\/index.php\/author\/apuntesdesanluis-com\/\"}]}<\/script>\n<!-- \/ Yoast SEO plugin. -->","yoast_head_json":{"title":"DEJAME UN T\u00cdTULO: \u201cSILVINA GALETTO, A LAS CORRIDAS\u201d - Apuntes de San Luis","robots":{"index":"index","follow":"follow","max-snippet":"max-snippet:-1","max-image-preview":"max-image-preview:large","max-video-preview":"max-video-preview:-1"},"canonical":"https:\/\/apuntesdesanluis.com\/index.php\/2024\/06\/07\/dejame-un-titulo-silvina-galetto-a-las-corridas\/","og_locale":"es_ES","og_type":"article","og_title":"DEJAME UN T\u00cdTULO: \u201cSILVINA GALETTO, A LAS CORRIDAS\u201d - Apuntes de San Luis","og_description":"La Viceintendenta reconoce que a veces le cuesta \u201cseguirle el ritmo al intendente\u201d Maximiliano Frontera....","og_url":"https:\/\/apuntesdesanluis.com\/index.php\/2024\/06\/07\/dejame-un-titulo-silvina-galetto-a-las-corridas\/","og_site_name":"Apuntes de San Luis","article_published_time":"2024-06-07T03:27:26+00:00","article_modified_time":"2024-06-07T03:47:25+00:00","og_image":[{"width":700,"height":411,"url":"https:\/\/apuntesdesanluis.com\/wp-content\/uploads\/2024\/06\/silvina-galetto.png","type":"image\/png"}],"author":"apuntesdesanluis.com","twitter_card":"summary_large_image","twitter_misc":{"Escrito por":"apuntesdesanluis.com","Tiempo de lectura":"3 minutos"},"schema":{"@context":"https:\/\/schema.org","@graph":[{"@type":"Article","@id":"https:\/\/apuntesdesanluis.com\/index.php\/2024\/06\/07\/dejame-un-titulo-silvina-galetto-a-las-corridas\/#article","isPartOf":{"@id":"https:\/\/apuntesdesanluis.com\/index.php\/2024\/06\/07\/dejame-un-titulo-silvina-galetto-a-las-corridas\/"},"author":{"name":"apuntesdesanluis.com","@id":"https:\/\/apuntesdesanluis.com\/#\/schema\/person\/b55151d52296fcce64d1a72538a70b90"},"headline":"DEJAME UN T\u00cdTULO: \u201cSILVINA GALETTO, A LAS CORRIDAS\u201d","datePublished":"2024-06-07T03:27:26+00:00","dateModified":"2024-06-07T03:47:25+00:00","mainEntityOfPage":{"@id":"https:\/\/apuntesdesanluis.com\/index.php\/2024\/06\/07\/dejame-un-titulo-silvina-galetto-a-las-corridas\/"},"wordCount":482,"publisher":{"@id":"https:\/\/apuntesdesanluis.com\/#\/schema\/person\/b55151d52296fcce64d1a72538a70b90"},"image":{"@id":"https:\/\/apuntesdesanluis.com\/index.php\/2024\/06\/07\/dejame-un-titulo-silvina-galetto-a-las-corridas\/#primaryimage"},"thumbnailUrl":"https:\/\/apuntesdesanluis.com\/wp-content\/uploads\/2024\/06\/silvina-galetto.png","articleSection":["Opini\u00f3n"],"inLanguage":"es-AR"},{"@type":"WebPage","@id":"https:\/\/apuntesdesanluis.com\/index.php\/2024\/06\/07\/dejame-un-titulo-silvina-galetto-a-las-corridas\/","url":"https:\/\/apuntesdesanluis.com\/index.php\/2024\/06\/07\/dejame-un-titulo-silvina-galetto-a-las-corridas\/","name":"DEJAME UN T\u00cdTULO: \u201cSILVINA GALETTO, A LAS CORRIDAS\u201d - Apuntes de San Luis","isPartOf":{"@id":"https:\/\/apuntesdesanluis.com\/#website"},"primaryImageOfPage":{"@id":"https:\/\/apuntesdesanluis.com\/index.php\/2024\/06\/07\/dejame-un-titulo-silvina-galetto-a-las-corridas\/#primaryimage"},"image":{"@id":"https:\/\/apuntesdesanluis.com\/index.php\/2024\/06\/07\/dejame-un-titulo-silvina-galetto-a-las-corridas\/#primaryimage"},"thumbnailUrl":"https:\/\/apuntesdesanluis.com\/wp-content\/uploads\/2024\/06\/silvina-galetto.png","datePublished":"2024-06-07T03:27:26+00:00","dateModified":"2024-06-07T03:47:25+00:00","breadcrumb":{"@id":"https:\/\/apuntesdesanluis.com\/index.php\/2024\/06\/07\/dejame-un-titulo-silvina-galetto-a-las-corridas\/#breadcrumb"},"inLanguage":"es-AR","potentialAction":[{"@type":"ReadAction","target":["https:\/\/apuntesdesanluis.com\/index.php\/2024\/06\/07\/dejame-un-titulo-silvina-galetto-a-las-corridas\/"]}]},{"@type":"ImageObject","inLanguage":"es-AR","@id":"https:\/\/apuntesdesanluis.com\/index.php\/2024\/06\/07\/dejame-un-titulo-silvina-galetto-a-las-corridas\/#primaryimage","url":"https:\/\/apuntesdesanluis.com\/wp-content\/uploads\/2024\/06\/silvina-galetto.png","contentUrl":"https:\/\/apuntesdesanluis.com\/wp-content\/uploads\/2024\/06\/silvina-galetto.png","width":700,"height":411},{"@type":"BreadcrumbList","@id":"https:\/\/apuntesdesanluis.com\/index.php\/2024\/06\/07\/dejame-un-titulo-silvina-galetto-a-las-corridas\/#breadcrumb","itemListElement":[{"@type":"ListItem","position":1,"name":"Inicio","item":"https:\/\/apuntesdesanluis.com\/"},{"@type":"ListItem","position":2,"name":"DEJAME UN T\u00cdTULO: \u201cSILVINA GALETTO, A LAS CORRIDAS\u201d"}]},{"@type":"WebSite","@id":"https:\/\/apuntesdesanluis.com\/#website","url":"https:\/\/apuntesdesanluis.com\/","name":"Apuntes de San Luis","description":"","publisher":{"@id":"https:\/\/apuntesdesanluis.com\/#\/schema\/person\/b55151d52296fcce64d1a72538a70b90"},"potentialAction":[{"@type":"SearchAction","target":{"@type":"EntryPoint","urlTemplate":"https:\/\/apuntesdesanluis.com\/?s={search_term_string}"},"query-input":{"@type":"PropertyValueSpecification","valueRequired":true,"valueName":"search_term_string"}}],"inLanguage":"es-AR"},{"@type":["Person","Organization"],"@id":"https:\/\/apuntesdesanluis.com\/#\/schema\/person\/b55151d52296fcce64d1a72538a70b90","name":"apuntesdesanluis.com","image":{"@type":"ImageObject","inLanguage":"es-AR","@id":"https:\/\/apuntesdesanluis.com\/#\/schema\/person\/image\/","url":"https:\/\/apuntesdesanluis.com\/wp-content\/uploads\/2023\/07\/cropped-apuntesdesanluis.png","contentUrl":"https:\/\/apuntesdesanluis.com\/wp-content\/uploads\/2023\/07\/cropped-apuntesdesanluis.png","width":450,"height":112,"caption":"apuntesdesanluis.com"},"logo":{"@id":"https:\/\/apuntesdesanluis.com\/#\/schema\/person\/image\/"},"sameAs":["https:\/\/apuntesdesanluis.com"],"url":"https:\/\/apuntesdesanluis.com\/index.php\/author\/apuntesdesanluis-com\/"}]}},"featured_image_urls":{"full":["https:\/\/apuntesdesanluis.com\/wp-content\/uploads\/2024\/06\/silvina-galetto.png",700,411,false],"thumbnail":["https:\/\/apuntesdesanluis.com\/wp-content\/uploads\/2024\/06\/silvina-galetto-150x150.png",150,150,true],"medium":["https:\/\/apuntesdesanluis.com\/wp-content\/uploads\/2024\/06\/silvina-galetto-300x176.png",300,176,true],"medium_large":["https:\/\/apuntesdesanluis.com\/wp-content\/uploads\/2024\/06\/silvina-galetto.png",640,376,false],"large":["https:\/\/apuntesdesanluis.com\/wp-content\/uploads\/2024\/06\/silvina-galetto.png",640,376,false],"1536x1536":["https:\/\/apuntesdesanluis.com\/wp-content\/uploads\/2024\/06\/silvina-galetto.png",700,411,false],"2048x2048":["https:\/\/apuntesdesanluis.com\/wp-content\/uploads\/2024\/06\/silvina-galetto.png",700,411,false],"newsever-slider-full":["https:\/\/apuntesdesanluis.com\/wp-content\/uploads\/2024\/06\/silvina-galetto.png",700,411,false],"newsever-featured":["https:\/\/apuntesdesanluis.com\/wp-content\/uploads\/2024\/06\/silvina-galetto.png",700,411,false],"newsever-medium":["https:\/\/apuntesdesanluis.com\/wp-content\/uploads\/2024\/06\/silvina-galetto.png",700,411,false]},"author_info":{"display_name":"apuntesdesanluis.com","author_link":"https:\/\/apuntesdesanluis.com\/index.php\/author\/apuntesdesanluis-com\/"},"category_info":"<a href=\"https:\/\/apuntesdesanluis.com\/index.php\/category\/opinion\/\" rel=\"category tag\">Opini\u00f3n<\/a>","tag_info":"Opini\u00f3n","comment_count":"0","_links":{"self":[{"href":"https:\/\/apuntesdesanluis.com\/index.php\/wp-json\/wp\/v2\/posts\/17518","targetHints":{"allow":["GET"]}}],"collection":[{"href":"https:\/\/apuntesdesanluis.com\/index.php\/wp-json\/wp\/v2\/posts"}],"about":[{"href":"https:\/\/apuntesdesanluis.com\/index.php\/wp-json\/wp\/v2\/types\/post"}],"author":[{"embeddable":true,"href":"https:\/\/apuntesdesanluis.com\/index.php\/wp-json\/wp\/v2\/users\/1"}],"replies":[{"embeddable":true,"href":"https:\/\/apuntesdesanluis.com\/index.php\/wp-json\/wp\/v2\/comments?post=17518"}],"version-history":[{"count":4,"href":"https:\/\/apuntesdesanluis.com\/index.php\/wp-json\/wp\/v2\/posts\/17518\/revisions"}],"predecessor-version":[{"id":17524,"href":"https:\/\/apuntesdesanluis.com\/index.php\/wp-json\/wp\/v2\/posts\/17518\/revisions\/17524"}],"wp:featuredmedia":[{"embeddable":true,"href":"https:\/\/apuntesdesanluis.com\/index.php\/wp-json\/wp\/v2\/media\/17519"}],"wp:attachment":[{"href":"https:\/\/apuntesdesanluis.com\/index.php\/wp-json\/wp\/v2\/media?parent=17518"}],"wp:term":[{"taxonomy":"category","embeddable":true,"href":"https:\/\/apuntesdesanluis.com\/index.php\/wp-json\/wp\/v2\/categories?post=17518"},{"taxonomy":"post_tag","embeddable":true,"href":"https:\/\/apuntesdesanluis.com\/index.php\/wp-json\/wp\/v2\/tags?post=17518"}],"curies":[{"name":"wp","href":"https:\/\/api.w.org\/{rel}","templated":true}]}}