{"id":17525,"date":"2024-06-07T01:10:14","date_gmt":"2024-06-07T04:10:14","guid":{"rendered":"https:\/\/apuntesdesanluis.com\/?p=17525"},"modified":"2024-06-07T01:10:14","modified_gmt":"2024-06-07T04:10:14","slug":"el-senado-convoco-oficialmente-a-sesionar-por-la-ley-bases-y-el-paquete-fiscal-el-miercoles-12-de-junio","status":"publish","type":"post","link":"https:\/\/apuntesdesanluis.com\/index.php\/2024\/06\/07\/el-senado-convoco-oficialmente-a-sesionar-por-la-ley-bases-y-el-paquete-fiscal-el-miercoles-12-de-junio\/","title":{"rendered":"EL SENADO CONVOC\u00d3 OFICIALMENTE A SESIONAR POR LA LEY BASES Y EL PAQUETE FISCAL EL MI\u00c9RCOLES 12 DE JUNIO"},"content":{"rendered":"<h3>Finalmente el Senado de la Naci\u00f3n convoc\u00f3 oficialmente a sesionar por la <strong>Ley Bases y el paquete fiscal el mi\u00e9rcoles 12 de junio a las 10 horas<\/strong>, tal como pudo confirmar Infobae en la noche de este jueves. El anuncio se realiz\u00f3 a trav\u00e9s de un documento emitido por la propia C\u00e1mara Alta.<\/h3>\n<h3>La noticia se conoce en el marco de las negociaciones y escenarios que se piensan en el recinto para las votaciones de ambas iniciativas. En ese contexto, el oficialismo encendi\u00f3 las alarmas en las \u00faltimas horas por un panorama delicado en Diputados: La Libertad Avanza teme que las derrotas casi aseguradas en algunos art\u00edculos no puedan ser revertidas en la C\u00e1mara baja, ante un regreso en segunda revisi\u00f3n de las iniciativas.<\/h3>\n<h3>En las \u00faltimas 48 horas, funcionarios del Gobierno asistieron al Senado para finalizar el punteo de lo que ser\u00edan las votaciones de los art\u00edculos. Por caso, anteayer estuvieron el vicejefe de Gabinete, Jos\u00e9 Rolandi; y la secretaria de Planeamiento Estrat\u00e9gico, Mar\u00eda Ibarz\u00e1bal Murphy. Las p\u00e9rdidas de algunos art\u00edculos, por ahora, no ser\u00edan por dos tercios, algo que liquidar\u00eda el asunto y bloquear\u00eda a Diputados.<\/h3>\n<h3>La Libertad Avanza ya sabe que el punto m\u00e1s cr\u00edtico es, en el art\u00edculo de privatizaciones, Aerol\u00edneas Argentinas. Tambi\u00e9n se agrega el Correo Argentino a este lote. En el punteo de las votaciones tambi\u00e9n se sumaron serias advertencias sobre las facultades delegadas, algunos \u00edtems del R\u00e9gimen de Incentivo para Grandes Inversiones (RIGI) y la reinstauraci\u00f3n del impuesto a las Ganancias, pese a mejoras otorgadas a patag\u00f3nicos en el \u00faltimo tema.<\/h3>\n<h3>De hecho, durante el transcurso de esta semana, algunos senadores sugirieron m\u00e1s cambios al oficialismo, una puerta por ahora descartada desde el Ejecutivo. La idea del Gobierno es ir a votar con los dict\u00e1menes obtenidos d\u00edas atr\u00e1s y apostar a revertir las derrotas en Diputados. El problema es la masa cr\u00edtica que comenz\u00f3 a germinar en la C\u00e1mara baja y las cr\u00edticas de Javier Milei a varios bloques. Sobre todo, tras la aprobaci\u00f3n horas atr\u00e1s de un nuevo proyecto sobre jubilaciones, y la posterior disputa sobre un veto y una insistencia con dos tercios.<\/h3>\n<h3>\u00a0\u201cNosotros abrimos la negociaci\u00f3n en el Senado, nos juntamos con todos y muchas cosas que no se pudieron cambiar en Diputados, se modificaron ac\u00e1. Mucho m\u00e1s no podemos hacer. En Diputados, varios nos prestaron los votos para destrabar una discusi\u00f3n muy demorada all\u00e1. La cuesti\u00f3n es que, si seguimos pele\u00e1ndonos, con raz\u00f3n o no, con los que nos tienen que dar de nuevo las adhesiones para revertir lo que se pueda perder ac\u00e1, se nos va a complicar. Y ya hay varios que nos lo dijeron\u201d, reconocieron desde un despacho libertario en el Congreso.<\/h3>\n<h3>En el Senado todav\u00eda resta la presentaci\u00f3n del dictamen propio que prometi\u00f3 el radical y titular del centenario partido, Mart\u00edn Lousteau, quien celebr\u00f3 lo ocurrido en Diputados con la nueva ley previsional. En una situaci\u00f3n parecida se encuentra el Frente de Todos, aunque ambos no est\u00e1n obligados a formalizar despachos de minor\u00eda.<\/h3>\n<p>&nbsp;<\/p>\n<p>&nbsp;<\/p>\n<p>&nbsp;<\/p>\n<p>&nbsp;<\/p>\n<p>&nbsp;<\/p>\n<p>&nbsp;<\/p>\n","protected":false},"excerpt":{"rendered":"<p>Finalmente el Senado de la Naci\u00f3n convoc\u00f3 oficialmente a sesionar por la Ley Bases y&#8230;<\/p>\n","protected":false},"author":1,"featured_media":17055,"comment_status":"closed","ping_status":"closed","sticky":false,"template":"","format":"standard","meta":{"footnotes":""},"categories":[5],"tags":[],"class_list":["post-17525","post","type-post","status-publish","format-standard","has-post-thumbnail","hentry","category-nacionales-internacionales"],"yoast_head":"<!-- This site is optimized with the Yoast SEO plugin v26.1.1 - https:\/\/yoast.com\/wordpress\/plugins\/seo\/ -->\n<title>EL SENADO CONVOC\u00d3 OFICIALMENTE A SESIONAR POR LA LEY BASES Y EL PAQUETE FISCAL EL MI\u00c9RCOLES 12 DE JUNIO - Apuntes de San Luis<\/title>\n<meta name=\"robots\" content=\"index, follow, max-snippet:-1, max-image-preview:large, max-video-preview:-1\" \/>\n<link rel=\"canonical\" href=\"https:\/\/apuntesdesanluis.com\/index.php\/2024\/06\/07\/el-senado-convoco-oficialmente-a-sesionar-por-la-ley-bases-y-el-paquete-fiscal-el-miercoles-12-de-junio\/\" \/>\n<meta property=\"og:locale\" content=\"es_ES\" \/>\n<meta property=\"og:type\" content=\"article\" \/>\n<meta property=\"og:title\" content=\"EL SENADO CONVOC\u00d3 OFICIALMENTE A SESIONAR POR LA LEY BASES Y EL PAQUETE FISCAL EL MI\u00c9RCOLES 12 DE JUNIO - Apuntes de San Luis\" \/>\n<meta property=\"og:description\" content=\"Finalmente el Senado de la Naci\u00f3n convoc\u00f3 oficialmente a sesionar por la Ley Bases y...\" \/>\n<meta property=\"og:url\" content=\"https:\/\/apuntesdesanluis.com\/index.php\/2024\/06\/07\/el-senado-convoco-oficialmente-a-sesionar-por-la-ley-bases-y-el-paquete-fiscal-el-miercoles-12-de-junio\/\" \/>\n<meta property=\"og:site_name\" content=\"Apuntes de San Luis\" \/>\n<meta property=\"article:published_time\" content=\"2024-06-07T04:10:14+00:00\" \/>\n<meta property=\"og:image\" content=\"https:\/\/apuntesdesanluis.com\/wp-content\/uploads\/2024\/05\/senado-1.png\" \/>\n\t<meta property=\"og:image:width\" content=\"700\" \/>\n\t<meta property=\"og:image:height\" content=\"423\" \/>\n\t<meta property=\"og:image:type\" content=\"image\/png\" \/>\n<meta name=\"author\" content=\"apuntesdesanluis.com\" \/>\n<meta name=\"twitter:card\" content=\"summary_large_image\" \/>\n<meta name=\"twitter:label1\" content=\"Escrito por\" \/>\n\t<meta name=\"twitter:data1\" content=\"apuntesdesanluis.com\" \/>\n\t<meta name=\"twitter:label2\" content=\"Tiempo de lectura\" \/>\n\t<meta name=\"twitter:data2\" content=\"3 minutos\" \/>\n<script type=\"application\/ld+json\" class=\"yoast-schema-graph\">{\"@context\":\"https:\/\/schema.org\",\"@graph\":[{\"@type\":\"Article\",\"@id\":\"https:\/\/apuntesdesanluis.com\/index.php\/2024\/06\/07\/el-senado-convoco-oficialmente-a-sesionar-por-la-ley-bases-y-el-paquete-fiscal-el-miercoles-12-de-junio\/#article\",\"isPartOf\":{\"@id\":\"https:\/\/apuntesdesanluis.com\/index.php\/2024\/06\/07\/el-senado-convoco-oficialmente-a-sesionar-por-la-ley-bases-y-el-paquete-fiscal-el-miercoles-12-de-junio\/\"},\"author\":{\"name\":\"apuntesdesanluis.com\",\"@id\":\"https:\/\/apuntesdesanluis.com\/#\/schema\/person\/b55151d52296fcce64d1a72538a70b90\"},\"headline\":\"EL SENADO CONVOC\u00d3 OFICIALMENTE A SESIONAR POR LA LEY BASES Y EL PAQUETE FISCAL EL MI\u00c9RCOLES 12 DE JUNIO\",\"datePublished\":\"2024-06-07T04:10:14+00:00\",\"mainEntityOfPage\":{\"@id\":\"https:\/\/apuntesdesanluis.com\/index.php\/2024\/06\/07\/el-senado-convoco-oficialmente-a-sesionar-por-la-ley-bases-y-el-paquete-fiscal-el-miercoles-12-de-junio\/\"},\"wordCount\":567,\"publisher\":{\"@id\":\"https:\/\/apuntesdesanluis.com\/#\/schema\/person\/b55151d52296fcce64d1a72538a70b90\"},\"image\":{\"@id\":\"https:\/\/apuntesdesanluis.com\/index.php\/2024\/06\/07\/el-senado-convoco-oficialmente-a-sesionar-por-la-ley-bases-y-el-paquete-fiscal-el-miercoles-12-de-junio\/#primaryimage\"},\"thumbnailUrl\":\"https:\/\/apuntesdesanluis.com\/wp-content\/uploads\/2024\/05\/senado-1.png\",\"articleSection\":[\"Nacionales\/Internacionales\"],\"inLanguage\":\"es-AR\"},{\"@type\":\"WebPage\",\"@id\":\"https:\/\/apuntesdesanluis.com\/index.php\/2024\/06\/07\/el-senado-convoco-oficialmente-a-sesionar-por-la-ley-bases-y-el-paquete-fiscal-el-miercoles-12-de-junio\/\",\"url\":\"https:\/\/apuntesdesanluis.com\/index.php\/2024\/06\/07\/el-senado-convoco-oficialmente-a-sesionar-por-la-ley-bases-y-el-paquete-fiscal-el-miercoles-12-de-junio\/\",\"name\":\"EL SENADO CONVOC\u00d3 OFICIALMENTE A SESIONAR POR LA LEY BASES Y EL PAQUETE FISCAL EL MI\u00c9RCOLES 12 DE JUNIO - Apuntes de San Luis\",\"isPartOf\":{\"@id\":\"https:\/\/apuntesdesanluis.com\/#website\"},\"primaryImageOfPage\":{\"@id\":\"https:\/\/apuntesdesanluis.com\/index.php\/2024\/06\/07\/el-senado-convoco-oficialmente-a-sesionar-por-la-ley-bases-y-el-paquete-fiscal-el-miercoles-12-de-junio\/#primaryimage\"},\"image\":{\"@id\":\"https:\/\/apuntesdesanluis.com\/index.php\/2024\/06\/07\/el-senado-convoco-oficialmente-a-sesionar-por-la-ley-bases-y-el-paquete-fiscal-el-miercoles-12-de-junio\/#primaryimage\"},\"thumbnailUrl\":\"https:\/\/apuntesdesanluis.com\/wp-content\/uploads\/2024\/05\/senado-1.png\",\"datePublished\":\"2024-06-07T04:10:14+00:00\",\"breadcrumb\":{\"@id\":\"https:\/\/apuntesdesanluis.com\/index.php\/2024\/06\/07\/el-senado-convoco-oficialmente-a-sesionar-por-la-ley-bases-y-el-paquete-fiscal-el-miercoles-12-de-junio\/#breadcrumb\"},\"inLanguage\":\"es-AR\",\"potentialAction\":[{\"@type\":\"ReadAction\",\"target\":[\"https:\/\/apuntesdesanluis.com\/index.php\/2024\/06\/07\/el-senado-convoco-oficialmente-a-sesionar-por-la-ley-bases-y-el-paquete-fiscal-el-miercoles-12-de-junio\/\"]}]},{\"@type\":\"ImageObject\",\"inLanguage\":\"es-AR\",\"@id\":\"https:\/\/apuntesdesanluis.com\/index.php\/2024\/06\/07\/el-senado-convoco-oficialmente-a-sesionar-por-la-ley-bases-y-el-paquete-fiscal-el-miercoles-12-de-junio\/#primaryimage\",\"url\":\"https:\/\/apuntesdesanluis.com\/wp-content\/uploads\/2024\/05\/senado-1.png\",\"contentUrl\":\"https:\/\/apuntesdesanluis.com\/wp-content\/uploads\/2024\/05\/senado-1.png\",\"width\":700,\"height\":423},{\"@type\":\"BreadcrumbList\",\"@id\":\"https:\/\/apuntesdesanluis.com\/index.php\/2024\/06\/07\/el-senado-convoco-oficialmente-a-sesionar-por-la-ley-bases-y-el-paquete-fiscal-el-miercoles-12-de-junio\/#breadcrumb\",\"itemListElement\":[{\"@type\":\"ListItem\",\"position\":1,\"name\":\"Inicio\",\"item\":\"https:\/\/apuntesdesanluis.com\/\"},{\"@type\":\"ListItem\",\"position\":2,\"name\":\"EL SENADO CONVOC\u00d3 OFICIALMENTE A SESIONAR POR LA LEY BASES Y EL PAQUETE FISCAL EL MI\u00c9RCOLES 12 DE JUNIO\"}]},{\"@type\":\"WebSite\",\"@id\":\"https:\/\/apuntesdesanluis.com\/#website\",\"url\":\"https:\/\/apuntesdesanluis.com\/\",\"name\":\"Apuntes de San Luis\",\"description\":\"\",\"publisher\":{\"@id\":\"https:\/\/apuntesdesanluis.com\/#\/schema\/person\/b55151d52296fcce64d1a72538a70b90\"},\"potentialAction\":[{\"@type\":\"SearchAction\",\"target\":{\"@type\":\"EntryPoint\",\"urlTemplate\":\"https:\/\/apuntesdesanluis.com\/?s={search_term_string}\"},\"query-input\":{\"@type\":\"PropertyValueSpecification\",\"valueRequired\":true,\"valueName\":\"search_term_string\"}}],\"inLanguage\":\"es-AR\"},{\"@type\":[\"Person\",\"Organization\"],\"@id\":\"https:\/\/apuntesdesanluis.com\/#\/schema\/person\/b55151d52296fcce64d1a72538a70b90\",\"name\":\"apuntesdesanluis.com\",\"image\":{\"@type\":\"ImageObject\",\"inLanguage\":\"es-AR\",\"@id\":\"https:\/\/apuntesdesanluis.com\/#\/schema\/person\/image\/\",\"url\":\"https:\/\/apuntesdesanluis.com\/wp-content\/uploads\/2023\/07\/cropped-apuntesdesanluis.png\",\"contentUrl\":\"https:\/\/apuntesdesanluis.com\/wp-content\/uploads\/2023\/07\/cropped-apuntesdesanluis.png\",\"width\":450,\"height\":112,\"caption\":\"apuntesdesanluis.com\"},\"logo\":{\"@id\":\"https:\/\/apuntesdesanluis.com\/#\/schema\/person\/image\/\"},\"sameAs\":[\"https:\/\/apuntesdesanluis.com\"],\"url\":\"https:\/\/apuntesdesanluis.com\/index.php\/author\/apuntesdesanluis-com\/\"}]}<\/script>\n<!-- \/ Yoast SEO plugin. -->","yoast_head_json":{"title":"EL SENADO CONVOC\u00d3 OFICIALMENTE A SESIONAR POR LA LEY BASES Y EL PAQUETE FISCAL EL MI\u00c9RCOLES 12 DE JUNIO - Apuntes de San Luis","robots":{"index":"index","follow":"follow","max-snippet":"max-snippet:-1","max-image-preview":"max-image-preview:large","max-video-preview":"max-video-preview:-1"},"canonical":"https:\/\/apuntesdesanluis.com\/index.php\/2024\/06\/07\/el-senado-convoco-oficialmente-a-sesionar-por-la-ley-bases-y-el-paquete-fiscal-el-miercoles-12-de-junio\/","og_locale":"es_ES","og_type":"article","og_title":"EL SENADO CONVOC\u00d3 OFICIALMENTE A SESIONAR POR LA LEY BASES Y EL PAQUETE FISCAL EL MI\u00c9RCOLES 12 DE JUNIO - Apuntes de San Luis","og_description":"Finalmente el Senado de la Naci\u00f3n convoc\u00f3 oficialmente a sesionar por la Ley Bases y...","og_url":"https:\/\/apuntesdesanluis.com\/index.php\/2024\/06\/07\/el-senado-convoco-oficialmente-a-sesionar-por-la-ley-bases-y-el-paquete-fiscal-el-miercoles-12-de-junio\/","og_site_name":"Apuntes de San Luis","article_published_time":"2024-06-07T04:10:14+00:00","og_image":[{"width":700,"height":423,"url":"https:\/\/apuntesdesanluis.com\/wp-content\/uploads\/2024\/05\/senado-1.png","type":"image\/png"}],"author":"apuntesdesanluis.com","twitter_card":"summary_large_image","twitter_misc":{"Escrito por":"apuntesdesanluis.com","Tiempo de lectura":"3 minutos"},"schema":{"@context":"https:\/\/schema.org","@graph":[{"@type":"Article","@id":"https:\/\/apuntesdesanluis.com\/index.php\/2024\/06\/07\/el-senado-convoco-oficialmente-a-sesionar-por-la-ley-bases-y-el-paquete-fiscal-el-miercoles-12-de-junio\/#article","isPartOf":{"@id":"https:\/\/apuntesdesanluis.com\/index.php\/2024\/06\/07\/el-senado-convoco-oficialmente-a-sesionar-por-la-ley-bases-y-el-paquete-fiscal-el-miercoles-12-de-junio\/"},"author":{"name":"apuntesdesanluis.com","@id":"https:\/\/apuntesdesanluis.com\/#\/schema\/person\/b55151d52296fcce64d1a72538a70b90"},"headline":"EL SENADO CONVOC\u00d3 OFICIALMENTE A SESIONAR POR LA LEY BASES Y EL PAQUETE FISCAL EL MI\u00c9RCOLES 12 DE JUNIO","datePublished":"2024-06-07T04:10:14+00:00","mainEntityOfPage":{"@id":"https:\/\/apuntesdesanluis.com\/index.php\/2024\/06\/07\/el-senado-convoco-oficialmente-a-sesionar-por-la-ley-bases-y-el-paquete-fiscal-el-miercoles-12-de-junio\/"},"wordCount":567,"publisher":{"@id":"https:\/\/apuntesdesanluis.com\/#\/schema\/person\/b55151d52296fcce64d1a72538a70b90"},"image":{"@id":"https:\/\/apuntesdesanluis.com\/index.php\/2024\/06\/07\/el-senado-convoco-oficialmente-a-sesionar-por-la-ley-bases-y-el-paquete-fiscal-el-miercoles-12-de-junio\/#primaryimage"},"thumbnailUrl":"https:\/\/apuntesdesanluis.com\/wp-content\/uploads\/2024\/05\/senado-1.png","articleSection":["Nacionales\/Internacionales"],"inLanguage":"es-AR"},{"@type":"WebPage","@id":"https:\/\/apuntesdesanluis.com\/index.php\/2024\/06\/07\/el-senado-convoco-oficialmente-a-sesionar-por-la-ley-bases-y-el-paquete-fiscal-el-miercoles-12-de-junio\/","url":"https:\/\/apuntesdesanluis.com\/index.php\/2024\/06\/07\/el-senado-convoco-oficialmente-a-sesionar-por-la-ley-bases-y-el-paquete-fiscal-el-miercoles-12-de-junio\/","name":"EL SENADO CONVOC\u00d3 OFICIALMENTE A SESIONAR POR LA LEY BASES Y EL PAQUETE FISCAL EL MI\u00c9RCOLES 12 DE JUNIO - Apuntes de San Luis","isPartOf":{"@id":"https:\/\/apuntesdesanluis.com\/#website"},"primaryImageOfPage":{"@id":"https:\/\/apuntesdesanluis.com\/index.php\/2024\/06\/07\/el-senado-convoco-oficialmente-a-sesionar-por-la-ley-bases-y-el-paquete-fiscal-el-miercoles-12-de-junio\/#primaryimage"},"image":{"@id":"https:\/\/apuntesdesanluis.com\/index.php\/2024\/06\/07\/el-senado-convoco-oficialmente-a-sesionar-por-la-ley-bases-y-el-paquete-fiscal-el-miercoles-12-de-junio\/#primaryimage"},"thumbnailUrl":"https:\/\/apuntesdesanluis.com\/wp-content\/uploads\/2024\/05\/senado-1.png","datePublished":"2024-06-07T04:10:14+00:00","breadcrumb":{"@id":"https:\/\/apuntesdesanluis.com\/index.php\/2024\/06\/07\/el-senado-convoco-oficialmente-a-sesionar-por-la-ley-bases-y-el-paquete-fiscal-el-miercoles-12-de-junio\/#breadcrumb"},"inLanguage":"es-AR","potentialAction":[{"@type":"ReadAction","target":["https:\/\/apuntesdesanluis.com\/index.php\/2024\/06\/07\/el-senado-convoco-oficialmente-a-sesionar-por-la-ley-bases-y-el-paquete-fiscal-el-miercoles-12-de-junio\/"]}]},{"@type":"ImageObject","inLanguage":"es-AR","@id":"https:\/\/apuntesdesanluis.com\/index.php\/2024\/06\/07\/el-senado-convoco-oficialmente-a-sesionar-por-la-ley-bases-y-el-paquete-fiscal-el-miercoles-12-de-junio\/#primaryimage","url":"https:\/\/apuntesdesanluis.com\/wp-content\/uploads\/2024\/05\/senado-1.png","contentUrl":"https:\/\/apuntesdesanluis.com\/wp-content\/uploads\/2024\/05\/senado-1.png","width":700,"height":423},{"@type":"BreadcrumbList","@id":"https:\/\/apuntesdesanluis.com\/index.php\/2024\/06\/07\/el-senado-convoco-oficialmente-a-sesionar-por-la-ley-bases-y-el-paquete-fiscal-el-miercoles-12-de-junio\/#breadcrumb","itemListElement":[{"@type":"ListItem","position":1,"name":"Inicio","item":"https:\/\/apuntesdesanluis.com\/"},{"@type":"ListItem","position":2,"name":"EL SENADO CONVOC\u00d3 OFICIALMENTE A SESIONAR POR LA LEY BASES Y EL PAQUETE FISCAL EL MI\u00c9RCOLES 12 DE JUNIO"}]},{"@type":"WebSite","@id":"https:\/\/apuntesdesanluis.com\/#website","url":"https:\/\/apuntesdesanluis.com\/","name":"Apuntes de San Luis","description":"","publisher":{"@id":"https:\/\/apuntesdesanluis.com\/#\/schema\/person\/b55151d52296fcce64d1a72538a70b90"},"potentialAction":[{"@type":"SearchAction","target":{"@type":"EntryPoint","urlTemplate":"https:\/\/apuntesdesanluis.com\/?s={search_term_string}"},"query-input":{"@type":"PropertyValueSpecification","valueRequired":true,"valueName":"search_term_string"}}],"inLanguage":"es-AR"},{"@type":["Person","Organization"],"@id":"https:\/\/apuntesdesanluis.com\/#\/schema\/person\/b55151d52296fcce64d1a72538a70b90","name":"apuntesdesanluis.com","image":{"@type":"ImageObject","inLanguage":"es-AR","@id":"https:\/\/apuntesdesanluis.com\/#\/schema\/person\/image\/","url":"https:\/\/apuntesdesanluis.com\/wp-content\/uploads\/2023\/07\/cropped-apuntesdesanluis.png","contentUrl":"https:\/\/apuntesdesanluis.com\/wp-content\/uploads\/2023\/07\/cropped-apuntesdesanluis.png","width":450,"height":112,"caption":"apuntesdesanluis.com"},"logo":{"@id":"https:\/\/apuntesdesanluis.com\/#\/schema\/person\/image\/"},"sameAs":["https:\/\/apuntesdesanluis.com"],"url":"https:\/\/apuntesdesanluis.com\/index.php\/author\/apuntesdesanluis-com\/"}]}},"featured_image_urls":{"full":["https:\/\/apuntesdesanluis.com\/wp-content\/uploads\/2024\/05\/senado-1.png",700,423,false],"thumbnail":["https:\/\/apuntesdesanluis.com\/wp-content\/uploads\/2024\/05\/senado-1-150x150.png",150,150,true],"medium":["https:\/\/apuntesdesanluis.com\/wp-content\/uploads\/2024\/05\/senado-1-300x181.png",300,181,true],"medium_large":["https:\/\/apuntesdesanluis.com\/wp-content\/uploads\/2024\/05\/senado-1.png",640,387,false],"large":["https:\/\/apuntesdesanluis.com\/wp-content\/uploads\/2024\/05\/senado-1.png",640,387,false],"1536x1536":["https:\/\/apuntesdesanluis.com\/wp-content\/uploads\/2024\/05\/senado-1.png",700,423,false],"2048x2048":["https:\/\/apuntesdesanluis.com\/wp-content\/uploads\/2024\/05\/senado-1.png",700,423,false],"newsever-slider-full":["https:\/\/apuntesdesanluis.com\/wp-content\/uploads\/2024\/05\/senado-1.png",700,423,false],"newsever-featured":["https:\/\/apuntesdesanluis.com\/wp-content\/uploads\/2024\/05\/senado-1.png",700,423,false],"newsever-medium":["https:\/\/apuntesdesanluis.com\/wp-content\/uploads\/2024\/05\/senado-1.png",700,423,false]},"author_info":{"display_name":"apuntesdesanluis.com","author_link":"https:\/\/apuntesdesanluis.com\/index.php\/author\/apuntesdesanluis-com\/"},"category_info":"<a href=\"https:\/\/apuntesdesanluis.com\/index.php\/category\/nacionales-internacionales\/\" rel=\"category tag\">Nacionales\/Internacionales<\/a>","tag_info":"Nacionales\/Internacionales","comment_count":"0","_links":{"self":[{"href":"https:\/\/apuntesdesanluis.com\/index.php\/wp-json\/wp\/v2\/posts\/17525","targetHints":{"allow":["GET"]}}],"collection":[{"href":"https:\/\/apuntesdesanluis.com\/index.php\/wp-json\/wp\/v2\/posts"}],"about":[{"href":"https:\/\/apuntesdesanluis.com\/index.php\/wp-json\/wp\/v2\/types\/post"}],"author":[{"embeddable":true,"href":"https:\/\/apuntesdesanluis.com\/index.php\/wp-json\/wp\/v2\/users\/1"}],"replies":[{"embeddable":true,"href":"https:\/\/apuntesdesanluis.com\/index.php\/wp-json\/wp\/v2\/comments?post=17525"}],"version-history":[{"count":1,"href":"https:\/\/apuntesdesanluis.com\/index.php\/wp-json\/wp\/v2\/posts\/17525\/revisions"}],"predecessor-version":[{"id":17526,"href":"https:\/\/apuntesdesanluis.com\/index.php\/wp-json\/wp\/v2\/posts\/17525\/revisions\/17526"}],"wp:featuredmedia":[{"embeddable":true,"href":"https:\/\/apuntesdesanluis.com\/index.php\/wp-json\/wp\/v2\/media\/17055"}],"wp:attachment":[{"href":"https:\/\/apuntesdesanluis.com\/index.php\/wp-json\/wp\/v2\/media?parent=17525"}],"wp:term":[{"taxonomy":"category","embeddable":true,"href":"https:\/\/apuntesdesanluis.com\/index.php\/wp-json\/wp\/v2\/categories?post=17525"},{"taxonomy":"post_tag","embeddable":true,"href":"https:\/\/apuntesdesanluis.com\/index.php\/wp-json\/wp\/v2\/tags?post=17525"}],"curies":[{"name":"wp","href":"https:\/\/api.w.org\/{rel}","templated":true}]}}