{"id":17527,"date":"2024-06-07T01:21:19","date_gmt":"2024-06-07T04:21:19","guid":{"rendered":"https:\/\/apuntesdesanluis.com\/?p=17527"},"modified":"2024-06-07T01:21:19","modified_gmt":"2024-06-07T04:21:19","slug":"hasta-la-vista-conan-milei-dijo-que-viene-de-un-futuro-apocaliptico-como-terminator","status":"publish","type":"post","link":"https:\/\/apuntesdesanluis.com\/index.php\/2024\/06\/07\/hasta-la-vista-conan-milei-dijo-que-viene-de-un-futuro-apocaliptico-como-terminator\/","title":{"rendered":"HASTA LA VISTA, CONAN: MILEI DIJO QUE VIENE &#8220;DE UN FUTURO APOCAL\u00cdPTICO, COMO TERMINATOR&#8221;"},"content":{"rendered":"<h3>En una entrevista con la periodista estadounidense Bari Weiss, el presidente <strong>Javier Milei<\/strong> volvi\u00f3 a sorprender con sus declaraciones y se defini\u00f3 como una suerte de <strong>&#8220;Terminator&#8221;<\/strong>, el c\u00e9lebre robot de la pel\u00edcula de James Cameron, se\u00f1alando que &#8220;viene de un futuro apocal\u00edptico&#8221; en alusi\u00f3n a la lucha que libra contra las ideas del socialismo. En la misma nota, se defini\u00f3 como un &#8220;topo&#8221; que tiene &#8220;la misi\u00f3n de destruir el estado desde adentro&#8221;, criticando con dureza a quienes lo cuestionan a \u00e9l y a su familia, en especial a sus perros.<\/h3>\n<h3>&#8220;Lo que estoy alertando es que no hace falta que el mundo tenga que sufrir semejante debacle para escapar de las ideas del socialismo. Y una de las cosas que suelo decir es que vengo de un futuro apocal\u00edptico para evitarlo. Algo as\u00ed como la historia de Terminator. De hecho, Arnold Schwarzenegger es libertario&#8230;&#8221;, manifest\u00f3 el jefe de estado en la entrevista para el ciclo &#8220;Honesty&#8221;, del canal The Free Press.<\/h3>\n<p><iframe title=\"Javier Milei : &quot;vengo de un futuro apocal\u00edptico como Terminator para evitar el socialismo&quot;\" width=\"640\" height=\"360\" src=\"https:\/\/www.youtube.com\/embed\/ju7nGCfuQ2g?feature=oembed\" frameborder=\"0\" allow=\"accelerometer; autoplay; clipboard-write; encrypted-media; gyroscope; picture-in-picture; web-share\" referrerpolicy=\"strict-origin-when-cross-origin\" allowfullscreen><\/iframe><\/p>\n<h3>No es la primera vez que el Presidente deja una definici\u00f3n de ese estilo. Tambi\u00e9n dijo en alguna oportunidad que la uni\u00f3n que hab\u00eda generado con su fallecido perro Conan ven\u00eda desde la historia del Coliseo romano, donde ambos se hab\u00edan enfrentado en una batalla. En este caso, se identific\u00f3 con el robot destructor de la pel\u00edcula que protagoniz\u00f3 Schwarzenegger en 1984, que cual vuelve al pasado para asesinar a Sarah Connor y cambiar el transcurso del presente elimando a un hombre que luchar\u00e1 contra las m\u00e1quinas en el futuro, donde se libra una guerra entre humanos y las m\u00e1quinas que intentan exterminarlos.<\/h3>\n<h3>En otro fragmento, Milei se jact\u00f3 de &#8220;pelearle a los socialistas de frente&#8221; y volvi\u00f3 a manifestar, desde su mirada, que es una figura con \u00e9xito m\u00e1s all\u00e1 de Argentina. &#8220;Afortunadamente no solo estamos siendo muy exitosos en la Argentina, sino que adem\u00e1s hemos expandido este supuesto &#8216;fen\u00f3meno barrial&#8217; a todo el mundo \u00bfO acaso desconoc\u00e9s lo que pas\u00f3 despu\u00e9s de que pas\u00e9 por Davos? \u00bfO acaso desconoc\u00e9s lo que pas\u00f3 luego de que estuve en Washington? \u00bfEn el Instituto Milken o en Stanford?&#8221;, dijo.<\/h3>\n<h3>&#8220;Amo ser el topo dentro del Estado, soy el que destruye el Estado desde adentro. Es como estar infiltrado en las filas enemigas. Es decir, la reforma del Estado la tiene que hacer alguien que odie el Estado y yo odio tanto al Estado que estoy dispuesto a soportar todo este tipo de mentiras calumnias, injurias, tanto sobre mi persona como mis seres m\u00e1s queridos que son mi hermana y mi perros y mis padres con tal de destruir al Estado&#8221;, defini\u00f3 el Presidente.<\/h3>\n<h3>Consultado por su gesti\u00f3n, asegur\u00f3 que &#8220;viene bien&#8221; y sostuvo que va a &#8220;morir con las botas puestas&#8221;. &#8220;Es decir yo no me me voy a rendir ni me voy a quedar tirado en mi sill\u00f3n mirando como la otros dan la pelea y criticando a los propios favoreciendo a los socialistas&#8221;, agreg\u00f3.<\/h3>\n<h3>&#8220;Yo he tenido que soportar calumnias, injurias de todo tipo, pero no solo sobre mi persona, sobre mi hermana, sobre mi padre, sobre mi madre. Han dicho cualquier tipo de barbaridades. Se han metido con con mis seres queridos, con todos. Hasta se han metido con mis perros&#8221;, subray\u00f3 Milei sobre los cuestionamientos que recibe. &#8220;Es decir hasta violando la propia Constituci\u00f3n Nacional que dice que las acciones privadas est\u00e1n reservadas lo privado, a la conciencia y a la voluntad de Dios. Han sido tan sucios, tan inmundos que hasta se han metido con mis perros. En ese sentido, hay que tener mucho coraje para hacerlo&#8221;, dispar\u00f3.<\/h3>\n<h3>Cr\u00edtico, relat\u00f3 una secuencia que vivi\u00f3 una de las encargadas de sus perros. &#8220;Voy a dar un ejemplo. Obviamente yo cuido mucho de mis perros y tengo todo un equipo de veterinarios que se ocupa de cuidarlos, a quienes les pago con mi propio dinero. A una de las veterinarias que viene a cuidar a mis perros la han llamado 30 veces por d\u00eda esas basuras de periodistas que son operadores pol\u00edticos. \u00bfTe parece normal que un periodista llame 30 veces a una persona durante toda una semana, todos los d\u00edas, 30 veces? \u00bfNo es invasivo?&#8221;, pregunt\u00f3.<\/h3>\n<h3>Finalmente, Milei dej\u00f3 en claro que sus &#8220;aliados en el mundo son Estados Unidos e Israel&#8221;, pero al ser consultado por las elecciones venideras en el pa\u00eds norteamericano, donde Joseph Biden y Donald Trump son los principales candidatos, manifest\u00f3: &#8220;No tengo por qu\u00e9 meterme dentro de la pol\u00edtica de Estados Unidos. Yo hoy tengo una responsabilidad como jefe de Estado&#8221;.<\/h3>\n<h3>&#8220;Yo he decidido ser socio de Estados Unidos sea gobernado por republicanos o por dem\u00f3cratas. M\u00e1s all\u00e1 de cu\u00e1les fueran mis preferencias, tengo una responsabilidad como presidente&#8221;, remarc\u00f3.<\/h3>\n<h3>Adem\u00e1s de considerar que le gustar\u00eda &#8220;un mundo libertario&#8221;, asever\u00f3: &#8220;Te propongo que saques a Estados Unidos como polic\u00eda del mundo: te puedo asegurar que el equilibrio es much\u00edsimo peor que el que tenemos hoy \u00bfEs el ideal este? No, pero en un mundo donde hay otros que juegan con otras reglas de juego. Si vos corres el rol de Estados Unidos te vas a encontrar con un mundo much\u00edsimo peor, salvo que te guste ser esclavo&#8221;.<\/h3>\n<p>&nbsp;<\/p>\n<p>&nbsp;<\/p>\n<p>&nbsp;<\/p>\n<p>&nbsp;<\/p>\n<p>&nbsp;<\/p>\n<p>&nbsp;<\/p>\n","protected":false},"excerpt":{"rendered":"<p>En una entrevista con la periodista estadounidense Bari Weiss, el presidente Javier Milei volvi\u00f3 a&#8230;<\/p>\n","protected":false},"author":1,"featured_media":17528,"comment_status":"closed","ping_status":"closed","sticky":false,"template":"","format":"standard","meta":{"footnotes":""},"categories":[5],"tags":[],"class_list":["post-17527","post","type-post","status-publish","format-standard","has-post-thumbnail","hentry","category-nacionales-internacionales"],"yoast_head":"<!-- This site is optimized with the Yoast SEO plugin v26.1.1 - https:\/\/yoast.com\/wordpress\/plugins\/seo\/ -->\n<title>HASTA LA VISTA, CONAN: MILEI DIJO QUE VIENE &quot;DE UN FUTURO APOCAL\u00cdPTICO, COMO TERMINATOR&quot; - Apuntes de San Luis<\/title>\n<meta name=\"robots\" content=\"index, follow, max-snippet:-1, max-image-preview:large, max-video-preview:-1\" \/>\n<link rel=\"canonical\" href=\"https:\/\/apuntesdesanluis.com\/index.php\/2024\/06\/07\/hasta-la-vista-conan-milei-dijo-que-viene-de-un-futuro-apocaliptico-como-terminator\/\" \/>\n<meta property=\"og:locale\" content=\"es_ES\" \/>\n<meta property=\"og:type\" content=\"article\" \/>\n<meta property=\"og:title\" content=\"HASTA LA VISTA, CONAN: MILEI DIJO QUE VIENE &quot;DE UN FUTURO APOCAL\u00cdPTICO, COMO TERMINATOR&quot; - Apuntes de San Luis\" \/>\n<meta property=\"og:description\" content=\"En una entrevista con la periodista estadounidense Bari Weiss, el presidente Javier Milei volvi\u00f3 a...\" \/>\n<meta property=\"og:url\" content=\"https:\/\/apuntesdesanluis.com\/index.php\/2024\/06\/07\/hasta-la-vista-conan-milei-dijo-que-viene-de-un-futuro-apocaliptico-como-terminator\/\" \/>\n<meta property=\"og:site_name\" content=\"Apuntes de San Luis\" \/>\n<meta property=\"article:published_time\" content=\"2024-06-07T04:21:19+00:00\" \/>\n<meta property=\"og:image\" content=\"https:\/\/apuntesdesanluis.com\/wp-content\/uploads\/2024\/06\/MILEI-ES-TERMINATOR.png\" \/>\n\t<meta property=\"og:image:width\" content=\"780\" \/>\n\t<meta property=\"og:image:height\" content=\"441\" \/>\n\t<meta property=\"og:image:type\" content=\"image\/png\" \/>\n<meta name=\"author\" content=\"apuntesdesanluis.com\" \/>\n<meta name=\"twitter:card\" content=\"summary_large_image\" \/>\n<meta name=\"twitter:label1\" content=\"Escrito por\" \/>\n\t<meta name=\"twitter:data1\" content=\"apuntesdesanluis.com\" \/>\n\t<meta name=\"twitter:label2\" content=\"Tiempo de lectura\" \/>\n\t<meta name=\"twitter:data2\" content=\"5 minutos\" \/>\n<script type=\"application\/ld+json\" class=\"yoast-schema-graph\">{\"@context\":\"https:\/\/schema.org\",\"@graph\":[{\"@type\":\"Article\",\"@id\":\"https:\/\/apuntesdesanluis.com\/index.php\/2024\/06\/07\/hasta-la-vista-conan-milei-dijo-que-viene-de-un-futuro-apocaliptico-como-terminator\/#article\",\"isPartOf\":{\"@id\":\"https:\/\/apuntesdesanluis.com\/index.php\/2024\/06\/07\/hasta-la-vista-conan-milei-dijo-que-viene-de-un-futuro-apocaliptico-como-terminator\/\"},\"author\":{\"name\":\"apuntesdesanluis.com\",\"@id\":\"https:\/\/apuntesdesanluis.com\/#\/schema\/person\/b55151d52296fcce64d1a72538a70b90\"},\"headline\":\"HASTA LA VISTA, CONAN: MILEI DIJO QUE VIENE &#8220;DE UN FUTURO APOCAL\u00cdPTICO, COMO TERMINATOR&#8221;\",\"datePublished\":\"2024-06-07T04:21:19+00:00\",\"mainEntityOfPage\":{\"@id\":\"https:\/\/apuntesdesanluis.com\/index.php\/2024\/06\/07\/hasta-la-vista-conan-milei-dijo-que-viene-de-un-futuro-apocaliptico-como-terminator\/\"},\"wordCount\":923,\"publisher\":{\"@id\":\"https:\/\/apuntesdesanluis.com\/#\/schema\/person\/b55151d52296fcce64d1a72538a70b90\"},\"image\":{\"@id\":\"https:\/\/apuntesdesanluis.com\/index.php\/2024\/06\/07\/hasta-la-vista-conan-milei-dijo-que-viene-de-un-futuro-apocaliptico-como-terminator\/#primaryimage\"},\"thumbnailUrl\":\"https:\/\/apuntesdesanluis.com\/wp-content\/uploads\/2024\/06\/MILEI-ES-TERMINATOR.png\",\"articleSection\":[\"Nacionales\/Internacionales\"],\"inLanguage\":\"es-AR\"},{\"@type\":\"WebPage\",\"@id\":\"https:\/\/apuntesdesanluis.com\/index.php\/2024\/06\/07\/hasta-la-vista-conan-milei-dijo-que-viene-de-un-futuro-apocaliptico-como-terminator\/\",\"url\":\"https:\/\/apuntesdesanluis.com\/index.php\/2024\/06\/07\/hasta-la-vista-conan-milei-dijo-que-viene-de-un-futuro-apocaliptico-como-terminator\/\",\"name\":\"HASTA LA VISTA, CONAN: MILEI DIJO QUE VIENE \\\"DE UN FUTURO APOCAL\u00cdPTICO, COMO TERMINATOR\\\" - Apuntes de San Luis\",\"isPartOf\":{\"@id\":\"https:\/\/apuntesdesanluis.com\/#website\"},\"primaryImageOfPage\":{\"@id\":\"https:\/\/apuntesdesanluis.com\/index.php\/2024\/06\/07\/hasta-la-vista-conan-milei-dijo-que-viene-de-un-futuro-apocaliptico-como-terminator\/#primaryimage\"},\"image\":{\"@id\":\"https:\/\/apuntesdesanluis.com\/index.php\/2024\/06\/07\/hasta-la-vista-conan-milei-dijo-que-viene-de-un-futuro-apocaliptico-como-terminator\/#primaryimage\"},\"thumbnailUrl\":\"https:\/\/apuntesdesanluis.com\/wp-content\/uploads\/2024\/06\/MILEI-ES-TERMINATOR.png\",\"datePublished\":\"2024-06-07T04:21:19+00:00\",\"breadcrumb\":{\"@id\":\"https:\/\/apuntesdesanluis.com\/index.php\/2024\/06\/07\/hasta-la-vista-conan-milei-dijo-que-viene-de-un-futuro-apocaliptico-como-terminator\/#breadcrumb\"},\"inLanguage\":\"es-AR\",\"potentialAction\":[{\"@type\":\"ReadAction\",\"target\":[\"https:\/\/apuntesdesanluis.com\/index.php\/2024\/06\/07\/hasta-la-vista-conan-milei-dijo-que-viene-de-un-futuro-apocaliptico-como-terminator\/\"]}]},{\"@type\":\"ImageObject\",\"inLanguage\":\"es-AR\",\"@id\":\"https:\/\/apuntesdesanluis.com\/index.php\/2024\/06\/07\/hasta-la-vista-conan-milei-dijo-que-viene-de-un-futuro-apocaliptico-como-terminator\/#primaryimage\",\"url\":\"https:\/\/apuntesdesanluis.com\/wp-content\/uploads\/2024\/06\/MILEI-ES-TERMINATOR.png\",\"contentUrl\":\"https:\/\/apuntesdesanluis.com\/wp-content\/uploads\/2024\/06\/MILEI-ES-TERMINATOR.png\",\"width\":780,\"height\":441},{\"@type\":\"BreadcrumbList\",\"@id\":\"https:\/\/apuntesdesanluis.com\/index.php\/2024\/06\/07\/hasta-la-vista-conan-milei-dijo-que-viene-de-un-futuro-apocaliptico-como-terminator\/#breadcrumb\",\"itemListElement\":[{\"@type\":\"ListItem\",\"position\":1,\"name\":\"Inicio\",\"item\":\"https:\/\/apuntesdesanluis.com\/\"},{\"@type\":\"ListItem\",\"position\":2,\"name\":\"HASTA LA VISTA, CONAN: MILEI DIJO QUE VIENE &#8220;DE UN FUTURO APOCAL\u00cdPTICO, COMO TERMINATOR&#8221;\"}]},{\"@type\":\"WebSite\",\"@id\":\"https:\/\/apuntesdesanluis.com\/#website\",\"url\":\"https:\/\/apuntesdesanluis.com\/\",\"name\":\"Apuntes de San Luis\",\"description\":\"\",\"publisher\":{\"@id\":\"https:\/\/apuntesdesanluis.com\/#\/schema\/person\/b55151d52296fcce64d1a72538a70b90\"},\"potentialAction\":[{\"@type\":\"SearchAction\",\"target\":{\"@type\":\"EntryPoint\",\"urlTemplate\":\"https:\/\/apuntesdesanluis.com\/?s={search_term_string}\"},\"query-input\":{\"@type\":\"PropertyValueSpecification\",\"valueRequired\":true,\"valueName\":\"search_term_string\"}}],\"inLanguage\":\"es-AR\"},{\"@type\":[\"Person\",\"Organization\"],\"@id\":\"https:\/\/apuntesdesanluis.com\/#\/schema\/person\/b55151d52296fcce64d1a72538a70b90\",\"name\":\"apuntesdesanluis.com\",\"image\":{\"@type\":\"ImageObject\",\"inLanguage\":\"es-AR\",\"@id\":\"https:\/\/apuntesdesanluis.com\/#\/schema\/person\/image\/\",\"url\":\"https:\/\/apuntesdesanluis.com\/wp-content\/uploads\/2023\/07\/cropped-apuntesdesanluis.png\",\"contentUrl\":\"https:\/\/apuntesdesanluis.com\/wp-content\/uploads\/2023\/07\/cropped-apuntesdesanluis.png\",\"width\":450,\"height\":112,\"caption\":\"apuntesdesanluis.com\"},\"logo\":{\"@id\":\"https:\/\/apuntesdesanluis.com\/#\/schema\/person\/image\/\"},\"sameAs\":[\"https:\/\/apuntesdesanluis.com\"],\"url\":\"https:\/\/apuntesdesanluis.com\/index.php\/author\/apuntesdesanluis-com\/\"}]}<\/script>\n<!-- \/ Yoast SEO plugin. -->","yoast_head_json":{"title":"HASTA LA VISTA, CONAN: MILEI DIJO QUE VIENE \"DE UN FUTURO APOCAL\u00cdPTICO, COMO TERMINATOR\" - Apuntes de San Luis","robots":{"index":"index","follow":"follow","max-snippet":"max-snippet:-1","max-image-preview":"max-image-preview:large","max-video-preview":"max-video-preview:-1"},"canonical":"https:\/\/apuntesdesanluis.com\/index.php\/2024\/06\/07\/hasta-la-vista-conan-milei-dijo-que-viene-de-un-futuro-apocaliptico-como-terminator\/","og_locale":"es_ES","og_type":"article","og_title":"HASTA LA VISTA, CONAN: MILEI DIJO QUE VIENE \"DE UN FUTURO APOCAL\u00cdPTICO, COMO TERMINATOR\" - Apuntes de San Luis","og_description":"En una entrevista con la periodista estadounidense Bari Weiss, el presidente Javier Milei volvi\u00f3 a...","og_url":"https:\/\/apuntesdesanluis.com\/index.php\/2024\/06\/07\/hasta-la-vista-conan-milei-dijo-que-viene-de-un-futuro-apocaliptico-como-terminator\/","og_site_name":"Apuntes de San Luis","article_published_time":"2024-06-07T04:21:19+00:00","og_image":[{"width":780,"height":441,"url":"https:\/\/apuntesdesanluis.com\/wp-content\/uploads\/2024\/06\/MILEI-ES-TERMINATOR.png","type":"image\/png"}],"author":"apuntesdesanluis.com","twitter_card":"summary_large_image","twitter_misc":{"Escrito por":"apuntesdesanluis.com","Tiempo de lectura":"5 minutos"},"schema":{"@context":"https:\/\/schema.org","@graph":[{"@type":"Article","@id":"https:\/\/apuntesdesanluis.com\/index.php\/2024\/06\/07\/hasta-la-vista-conan-milei-dijo-que-viene-de-un-futuro-apocaliptico-como-terminator\/#article","isPartOf":{"@id":"https:\/\/apuntesdesanluis.com\/index.php\/2024\/06\/07\/hasta-la-vista-conan-milei-dijo-que-viene-de-un-futuro-apocaliptico-como-terminator\/"},"author":{"name":"apuntesdesanluis.com","@id":"https:\/\/apuntesdesanluis.com\/#\/schema\/person\/b55151d52296fcce64d1a72538a70b90"},"headline":"HASTA LA VISTA, CONAN: MILEI DIJO QUE VIENE &#8220;DE UN FUTURO APOCAL\u00cdPTICO, COMO TERMINATOR&#8221;","datePublished":"2024-06-07T04:21:19+00:00","mainEntityOfPage":{"@id":"https:\/\/apuntesdesanluis.com\/index.php\/2024\/06\/07\/hasta-la-vista-conan-milei-dijo-que-viene-de-un-futuro-apocaliptico-como-terminator\/"},"wordCount":923,"publisher":{"@id":"https:\/\/apuntesdesanluis.com\/#\/schema\/person\/b55151d52296fcce64d1a72538a70b90"},"image":{"@id":"https:\/\/apuntesdesanluis.com\/index.php\/2024\/06\/07\/hasta-la-vista-conan-milei-dijo-que-viene-de-un-futuro-apocaliptico-como-terminator\/#primaryimage"},"thumbnailUrl":"https:\/\/apuntesdesanluis.com\/wp-content\/uploads\/2024\/06\/MILEI-ES-TERMINATOR.png","articleSection":["Nacionales\/Internacionales"],"inLanguage":"es-AR"},{"@type":"WebPage","@id":"https:\/\/apuntesdesanluis.com\/index.php\/2024\/06\/07\/hasta-la-vista-conan-milei-dijo-que-viene-de-un-futuro-apocaliptico-como-terminator\/","url":"https:\/\/apuntesdesanluis.com\/index.php\/2024\/06\/07\/hasta-la-vista-conan-milei-dijo-que-viene-de-un-futuro-apocaliptico-como-terminator\/","name":"HASTA LA VISTA, CONAN: MILEI DIJO QUE VIENE \"DE UN FUTURO APOCAL\u00cdPTICO, COMO TERMINATOR\" - Apuntes de San Luis","isPartOf":{"@id":"https:\/\/apuntesdesanluis.com\/#website"},"primaryImageOfPage":{"@id":"https:\/\/apuntesdesanluis.com\/index.php\/2024\/06\/07\/hasta-la-vista-conan-milei-dijo-que-viene-de-un-futuro-apocaliptico-como-terminator\/#primaryimage"},"image":{"@id":"https:\/\/apuntesdesanluis.com\/index.php\/2024\/06\/07\/hasta-la-vista-conan-milei-dijo-que-viene-de-un-futuro-apocaliptico-como-terminator\/#primaryimage"},"thumbnailUrl":"https:\/\/apuntesdesanluis.com\/wp-content\/uploads\/2024\/06\/MILEI-ES-TERMINATOR.png","datePublished":"2024-06-07T04:21:19+00:00","breadcrumb":{"@id":"https:\/\/apuntesdesanluis.com\/index.php\/2024\/06\/07\/hasta-la-vista-conan-milei-dijo-que-viene-de-un-futuro-apocaliptico-como-terminator\/#breadcrumb"},"inLanguage":"es-AR","potentialAction":[{"@type":"ReadAction","target":["https:\/\/apuntesdesanluis.com\/index.php\/2024\/06\/07\/hasta-la-vista-conan-milei-dijo-que-viene-de-un-futuro-apocaliptico-como-terminator\/"]}]},{"@type":"ImageObject","inLanguage":"es-AR","@id":"https:\/\/apuntesdesanluis.com\/index.php\/2024\/06\/07\/hasta-la-vista-conan-milei-dijo-que-viene-de-un-futuro-apocaliptico-como-terminator\/#primaryimage","url":"https:\/\/apuntesdesanluis.com\/wp-content\/uploads\/2024\/06\/MILEI-ES-TERMINATOR.png","contentUrl":"https:\/\/apuntesdesanluis.com\/wp-content\/uploads\/2024\/06\/MILEI-ES-TERMINATOR.png","width":780,"height":441},{"@type":"BreadcrumbList","@id":"https:\/\/apuntesdesanluis.com\/index.php\/2024\/06\/07\/hasta-la-vista-conan-milei-dijo-que-viene-de-un-futuro-apocaliptico-como-terminator\/#breadcrumb","itemListElement":[{"@type":"ListItem","position":1,"name":"Inicio","item":"https:\/\/apuntesdesanluis.com\/"},{"@type":"ListItem","position":2,"name":"HASTA LA VISTA, CONAN: MILEI DIJO QUE VIENE &#8220;DE UN FUTURO APOCAL\u00cdPTICO, COMO TERMINATOR&#8221;"}]},{"@type":"WebSite","@id":"https:\/\/apuntesdesanluis.com\/#website","url":"https:\/\/apuntesdesanluis.com\/","name":"Apuntes de San Luis","description":"","publisher":{"@id":"https:\/\/apuntesdesanluis.com\/#\/schema\/person\/b55151d52296fcce64d1a72538a70b90"},"potentialAction":[{"@type":"SearchAction","target":{"@type":"EntryPoint","urlTemplate":"https:\/\/apuntesdesanluis.com\/?s={search_term_string}"},"query-input":{"@type":"PropertyValueSpecification","valueRequired":true,"valueName":"search_term_string"}}],"inLanguage":"es-AR"},{"@type":["Person","Organization"],"@id":"https:\/\/apuntesdesanluis.com\/#\/schema\/person\/b55151d52296fcce64d1a72538a70b90","name":"apuntesdesanluis.com","image":{"@type":"ImageObject","inLanguage":"es-AR","@id":"https:\/\/apuntesdesanluis.com\/#\/schema\/person\/image\/","url":"https:\/\/apuntesdesanluis.com\/wp-content\/uploads\/2023\/07\/cropped-apuntesdesanluis.png","contentUrl":"https:\/\/apuntesdesanluis.com\/wp-content\/uploads\/2023\/07\/cropped-apuntesdesanluis.png","width":450,"height":112,"caption":"apuntesdesanluis.com"},"logo":{"@id":"https:\/\/apuntesdesanluis.com\/#\/schema\/person\/image\/"},"sameAs":["https:\/\/apuntesdesanluis.com"],"url":"https:\/\/apuntesdesanluis.com\/index.php\/author\/apuntesdesanluis-com\/"}]}},"featured_image_urls":{"full":["https:\/\/apuntesdesanluis.com\/wp-content\/uploads\/2024\/06\/MILEI-ES-TERMINATOR.png",780,441,false],"thumbnail":["https:\/\/apuntesdesanluis.com\/wp-content\/uploads\/2024\/06\/MILEI-ES-TERMINATOR-150x150.png",150,150,true],"medium":["https:\/\/apuntesdesanluis.com\/wp-content\/uploads\/2024\/06\/MILEI-ES-TERMINATOR-300x170.png",300,170,true],"medium_large":["https:\/\/apuntesdesanluis.com\/wp-content\/uploads\/2024\/06\/MILEI-ES-TERMINATOR-768x434.png",640,362,true],"large":["https:\/\/apuntesdesanluis.com\/wp-content\/uploads\/2024\/06\/MILEI-ES-TERMINATOR.png",640,362,false],"1536x1536":["https:\/\/apuntesdesanluis.com\/wp-content\/uploads\/2024\/06\/MILEI-ES-TERMINATOR.png",780,441,false],"2048x2048":["https:\/\/apuntesdesanluis.com\/wp-content\/uploads\/2024\/06\/MILEI-ES-TERMINATOR.png",780,441,false],"newsever-slider-full":["https:\/\/apuntesdesanluis.com\/wp-content\/uploads\/2024\/06\/MILEI-ES-TERMINATOR.png",780,441,false],"newsever-featured":["https:\/\/apuntesdesanluis.com\/wp-content\/uploads\/2024\/06\/MILEI-ES-TERMINATOR.png",780,441,false],"newsever-medium":["https:\/\/apuntesdesanluis.com\/wp-content\/uploads\/2024\/06\/MILEI-ES-TERMINATOR-720x441.png",720,441,true]},"author_info":{"display_name":"apuntesdesanluis.com","author_link":"https:\/\/apuntesdesanluis.com\/index.php\/author\/apuntesdesanluis-com\/"},"category_info":"<a href=\"https:\/\/apuntesdesanluis.com\/index.php\/category\/nacionales-internacionales\/\" rel=\"category tag\">Nacionales\/Internacionales<\/a>","tag_info":"Nacionales\/Internacionales","comment_count":"0","_links":{"self":[{"href":"https:\/\/apuntesdesanluis.com\/index.php\/wp-json\/wp\/v2\/posts\/17527","targetHints":{"allow":["GET"]}}],"collection":[{"href":"https:\/\/apuntesdesanluis.com\/index.php\/wp-json\/wp\/v2\/posts"}],"about":[{"href":"https:\/\/apuntesdesanluis.com\/index.php\/wp-json\/wp\/v2\/types\/post"}],"author":[{"embeddable":true,"href":"https:\/\/apuntesdesanluis.com\/index.php\/wp-json\/wp\/v2\/users\/1"}],"replies":[{"embeddable":true,"href":"https:\/\/apuntesdesanluis.com\/index.php\/wp-json\/wp\/v2\/comments?post=17527"}],"version-history":[{"count":1,"href":"https:\/\/apuntesdesanluis.com\/index.php\/wp-json\/wp\/v2\/posts\/17527\/revisions"}],"predecessor-version":[{"id":17529,"href":"https:\/\/apuntesdesanluis.com\/index.php\/wp-json\/wp\/v2\/posts\/17527\/revisions\/17529"}],"wp:featuredmedia":[{"embeddable":true,"href":"https:\/\/apuntesdesanluis.com\/index.php\/wp-json\/wp\/v2\/media\/17528"}],"wp:attachment":[{"href":"https:\/\/apuntesdesanluis.com\/index.php\/wp-json\/wp\/v2\/media?parent=17527"}],"wp:term":[{"taxonomy":"category","embeddable":true,"href":"https:\/\/apuntesdesanluis.com\/index.php\/wp-json\/wp\/v2\/categories?post=17527"},{"taxonomy":"post_tag","embeddable":true,"href":"https:\/\/apuntesdesanluis.com\/index.php\/wp-json\/wp\/v2\/tags?post=17527"}],"curies":[{"name":"wp","href":"https:\/\/api.w.org\/{rel}","templated":true}]}}