{"id":17530,"date":"2024-06-07T01:36:34","date_gmt":"2024-06-07T04:36:34","guid":{"rendered":"https:\/\/apuntesdesanluis.com\/?p=17530"},"modified":"2024-06-07T01:36:34","modified_gmt":"2024-06-07T04:36:34","slug":"educacion-informo-los-establecimientos-y-los-cargos-a-concursar","status":"publish","type":"post","link":"https:\/\/apuntesdesanluis.com\/index.php\/2024\/06\/07\/educacion-informo-los-establecimientos-y-los-cargos-a-concursar\/","title":{"rendered":"EDUCACI\u00d3N INFORM\u00d3 LOS ESTABLECIMIENTOS Y LOS CARGOS A CONCURSAR"},"content":{"rendered":"<h3>El ministerio de Educaci\u00f3n, a trav\u00e9s de la direcci\u00f3n Gesti\u00f3n Educativa, comunic\u00f3 que en virtud del Decreto N\u00b0 4533-ME-2024, se aprueba la convocatoria al Concurso de Antecedentes, M\u00e9ritos y Oposici\u00f3n de cargos jer\u00e1rquicos en escuelas t\u00e9cnicas, centros educativos, colegios, escuelas de 1era. y 2da. categor\u00eda, escuelas de nivel inicial, escuelas de educaci\u00f3n especial, escuelas con modalidad j\u00f3venes y adultos, escuelas de jornada completa y escuelas de arte.<\/h3>\n<h3>La direcci\u00f3n Gesti\u00f3n Educativa, puso en conocimiento que a trav\u00e9s de la p\u00e1gina web del Ministerio de Educaci\u00f3n\/Concursos Directivos 2024, se informan los establecimientos educativos de la provincia de San Luis de Gesti\u00f3n P\u00fablica y los cargos a concursar de directores, vicedirectores y regentes, en funci\u00f3n de los antecedentes con que cuenta la base de datos de esta Direcci\u00f3n y el cronograma del concurso.<\/h3>\n<h3>En funci\u00f3n de lo expresado es de suma importancia dar amplia difusi\u00f3n, para que todos los docentes de la provincia puedan anoticiarse, no solo de la n\u00f3mina de establecimientos y cargos a concursar, sino tambi\u00e9n de manera gradual, conocer las distintas condiciones y requisitos que tendr\u00e1 este proceso.<\/h3>\n<h3>\u201cAdem\u00e1s, la intenci\u00f3n, es que muchos docentes de los distintos niveles y modalidades del sistema educativo, puedan vivenciar las experiencias del concurso, que m\u00e1s all\u00e1 de los resultados siempre es enriquecedora dentro de la carrera docente\u201d, explic\u00f3 la directora de Gesti\u00f3n Educativa, Claudia Barzola.<\/h3>\n<h3>\u201cEste concurso apunta a la jerarquizaci\u00f3n de la funci\u00f3n directiva como parte importante de una pol\u00edtica gubernamental pero tambi\u00e9n responde a una necesidad de profesionalizar y de ordenar nuestro sistema educativo con una planta jer\u00e1rquica completa de calidad, de excelencia\u201d asever\u00f3 Barzola.<\/h3>\n<h3>Finalmente, \u201cnuestro sistema educativo requiere equipos directivos capaces de gestionar, liderar, que sean innovadores en sus pr\u00e1cticas, que sean altamente creativos y trabajen arduamente sobre la resoluci\u00f3n de conflictos. Considero que la legitimaci\u00f3n en educaci\u00f3n es fundamental\u201d, concluy\u00f3.<\/h3>\n<h3>A continuaci\u00f3n, se adjuntan los archivos de establecimientos y cargos a concursar.<\/h3>\n<h3><a href=\"https:\/\/agenciasanluis.com\/wp-content\/uploads\/2024\/06\/Nomina-de-establecimientos-y-cargos-a-concursar-PARA-PUBLICAR-1.pdf\" target=\"_blank\" rel=\"noopener\"><span style=\"color: #3366ff;\">N\u00f3mina de establecimientos y cargos a concursar\u00a0<\/span><\/a><\/h3>\n<h3><span style=\"color: #3366ff;\"><a style=\"color: #3366ff;\" href=\"https:\/\/agenciasanluis.com\/wp-content\/uploads\/2024\/06\/Cronograma-1.pdf\" target=\"_blank\" rel=\"noopener\">Cronograma (1)<\/a><\/span><\/h3>\n<h3><span style=\"color: #3366ff;\"><a style=\"color: #3366ff;\" href=\"https:\/\/agenciasanluis.com\/wp-content\/uploads\/2024\/06\/circular-1.pdf\" target=\"_blank\" rel=\"noopener\">circular (1)<\/a><\/span><\/h3>\n<p>&nbsp;<\/p>\n<p>&nbsp;<\/p>\n<p>&nbsp;<\/p>\n<p>&nbsp;<\/p>\n","protected":false},"excerpt":{"rendered":"<p>El ministerio de Educaci\u00f3n, a trav\u00e9s de la direcci\u00f3n Gesti\u00f3n Educativa, comunic\u00f3 que en virtud&#8230;<\/p>\n","protected":false},"author":1,"featured_media":17531,"comment_status":"closed","ping_status":"closed","sticky":false,"template":"","format":"standard","meta":{"footnotes":""},"categories":[6],"tags":[],"class_list":["post-17530","post","type-post","status-publish","format-standard","has-post-thumbnail","hentry","category-ciudad-provincia"],"yoast_head":"<!-- This site is optimized with the Yoast SEO plugin v26.1.1 - https:\/\/yoast.com\/wordpress\/plugins\/seo\/ -->\n<title>EDUCACI\u00d3N INFORM\u00d3 LOS ESTABLECIMIENTOS Y LOS CARGOS A CONCURSAR - Apuntes de San Luis<\/title>\n<meta name=\"robots\" content=\"index, follow, max-snippet:-1, max-image-preview:large, max-video-preview:-1\" \/>\n<link rel=\"canonical\" href=\"https:\/\/apuntesdesanluis.com\/index.php\/2024\/06\/07\/educacion-informo-los-establecimientos-y-los-cargos-a-concursar\/\" \/>\n<meta property=\"og:locale\" content=\"es_ES\" \/>\n<meta property=\"og:type\" content=\"article\" \/>\n<meta property=\"og:title\" content=\"EDUCACI\u00d3N INFORM\u00d3 LOS ESTABLECIMIENTOS Y LOS CARGOS A CONCURSAR - Apuntes de San Luis\" \/>\n<meta property=\"og:description\" content=\"El ministerio de Educaci\u00f3n, a trav\u00e9s de la direcci\u00f3n Gesti\u00f3n Educativa, comunic\u00f3 que en virtud...\" \/>\n<meta property=\"og:url\" content=\"https:\/\/apuntesdesanluis.com\/index.php\/2024\/06\/07\/educacion-informo-los-establecimientos-y-los-cargos-a-concursar\/\" \/>\n<meta property=\"og:site_name\" content=\"Apuntes de San Luis\" \/>\n<meta property=\"article:published_time\" content=\"2024-06-07T04:36:34+00:00\" \/>\n<meta property=\"og:image\" content=\"https:\/\/apuntesdesanluis.com\/wp-content\/uploads\/2024\/06\/MINISTERIO-DE-EDUCACION.png\" \/>\n\t<meta property=\"og:image:width\" content=\"693\" \/>\n\t<meta property=\"og:image:height\" content=\"425\" \/>\n\t<meta property=\"og:image:type\" content=\"image\/png\" \/>\n<meta name=\"author\" content=\"apuntesdesanluis.com\" \/>\n<meta name=\"twitter:card\" content=\"summary_large_image\" \/>\n<meta name=\"twitter:label1\" content=\"Escrito por\" \/>\n\t<meta name=\"twitter:data1\" content=\"apuntesdesanluis.com\" \/>\n\t<meta name=\"twitter:label2\" content=\"Tiempo de lectura\" \/>\n\t<meta name=\"twitter:data2\" content=\"2 minutos\" \/>\n<script type=\"application\/ld+json\" class=\"yoast-schema-graph\">{\"@context\":\"https:\/\/schema.org\",\"@graph\":[{\"@type\":\"Article\",\"@id\":\"https:\/\/apuntesdesanluis.com\/index.php\/2024\/06\/07\/educacion-informo-los-establecimientos-y-los-cargos-a-concursar\/#article\",\"isPartOf\":{\"@id\":\"https:\/\/apuntesdesanluis.com\/index.php\/2024\/06\/07\/educacion-informo-los-establecimientos-y-los-cargos-a-concursar\/\"},\"author\":{\"name\":\"apuntesdesanluis.com\",\"@id\":\"https:\/\/apuntesdesanluis.com\/#\/schema\/person\/b55151d52296fcce64d1a72538a70b90\"},\"headline\":\"EDUCACI\u00d3N INFORM\u00d3 LOS ESTABLECIMIENTOS Y LOS CARGOS A CONCURSAR\",\"datePublished\":\"2024-06-07T04:36:34+00:00\",\"mainEntityOfPage\":{\"@id\":\"https:\/\/apuntesdesanluis.com\/index.php\/2024\/06\/07\/educacion-informo-los-establecimientos-y-los-cargos-a-concursar\/\"},\"wordCount\":377,\"publisher\":{\"@id\":\"https:\/\/apuntesdesanluis.com\/#\/schema\/person\/b55151d52296fcce64d1a72538a70b90\"},\"image\":{\"@id\":\"https:\/\/apuntesdesanluis.com\/index.php\/2024\/06\/07\/educacion-informo-los-establecimientos-y-los-cargos-a-concursar\/#primaryimage\"},\"thumbnailUrl\":\"https:\/\/apuntesdesanluis.com\/wp-content\/uploads\/2024\/06\/MINISTERIO-DE-EDUCACION.png\",\"articleSection\":[\"Ciudad\/Provincia\"],\"inLanguage\":\"es-AR\"},{\"@type\":\"WebPage\",\"@id\":\"https:\/\/apuntesdesanluis.com\/index.php\/2024\/06\/07\/educacion-informo-los-establecimientos-y-los-cargos-a-concursar\/\",\"url\":\"https:\/\/apuntesdesanluis.com\/index.php\/2024\/06\/07\/educacion-informo-los-establecimientos-y-los-cargos-a-concursar\/\",\"name\":\"EDUCACI\u00d3N INFORM\u00d3 LOS ESTABLECIMIENTOS Y LOS CARGOS A CONCURSAR - Apuntes de San Luis\",\"isPartOf\":{\"@id\":\"https:\/\/apuntesdesanluis.com\/#website\"},\"primaryImageOfPage\":{\"@id\":\"https:\/\/apuntesdesanluis.com\/index.php\/2024\/06\/07\/educacion-informo-los-establecimientos-y-los-cargos-a-concursar\/#primaryimage\"},\"image\":{\"@id\":\"https:\/\/apuntesdesanluis.com\/index.php\/2024\/06\/07\/educacion-informo-los-establecimientos-y-los-cargos-a-concursar\/#primaryimage\"},\"thumbnailUrl\":\"https:\/\/apuntesdesanluis.com\/wp-content\/uploads\/2024\/06\/MINISTERIO-DE-EDUCACION.png\",\"datePublished\":\"2024-06-07T04:36:34+00:00\",\"breadcrumb\":{\"@id\":\"https:\/\/apuntesdesanluis.com\/index.php\/2024\/06\/07\/educacion-informo-los-establecimientos-y-los-cargos-a-concursar\/#breadcrumb\"},\"inLanguage\":\"es-AR\",\"potentialAction\":[{\"@type\":\"ReadAction\",\"target\":[\"https:\/\/apuntesdesanluis.com\/index.php\/2024\/06\/07\/educacion-informo-los-establecimientos-y-los-cargos-a-concursar\/\"]}]},{\"@type\":\"ImageObject\",\"inLanguage\":\"es-AR\",\"@id\":\"https:\/\/apuntesdesanluis.com\/index.php\/2024\/06\/07\/educacion-informo-los-establecimientos-y-los-cargos-a-concursar\/#primaryimage\",\"url\":\"https:\/\/apuntesdesanluis.com\/wp-content\/uploads\/2024\/06\/MINISTERIO-DE-EDUCACION.png\",\"contentUrl\":\"https:\/\/apuntesdesanluis.com\/wp-content\/uploads\/2024\/06\/MINISTERIO-DE-EDUCACION.png\",\"width\":693,\"height\":425},{\"@type\":\"BreadcrumbList\",\"@id\":\"https:\/\/apuntesdesanluis.com\/index.php\/2024\/06\/07\/educacion-informo-los-establecimientos-y-los-cargos-a-concursar\/#breadcrumb\",\"itemListElement\":[{\"@type\":\"ListItem\",\"position\":1,\"name\":\"Inicio\",\"item\":\"https:\/\/apuntesdesanluis.com\/\"},{\"@type\":\"ListItem\",\"position\":2,\"name\":\"EDUCACI\u00d3N INFORM\u00d3 LOS ESTABLECIMIENTOS Y LOS CARGOS A CONCURSAR\"}]},{\"@type\":\"WebSite\",\"@id\":\"https:\/\/apuntesdesanluis.com\/#website\",\"url\":\"https:\/\/apuntesdesanluis.com\/\",\"name\":\"Apuntes de San Luis\",\"description\":\"\",\"publisher\":{\"@id\":\"https:\/\/apuntesdesanluis.com\/#\/schema\/person\/b55151d52296fcce64d1a72538a70b90\"},\"potentialAction\":[{\"@type\":\"SearchAction\",\"target\":{\"@type\":\"EntryPoint\",\"urlTemplate\":\"https:\/\/apuntesdesanluis.com\/?s={search_term_string}\"},\"query-input\":{\"@type\":\"PropertyValueSpecification\",\"valueRequired\":true,\"valueName\":\"search_term_string\"}}],\"inLanguage\":\"es-AR\"},{\"@type\":[\"Person\",\"Organization\"],\"@id\":\"https:\/\/apuntesdesanluis.com\/#\/schema\/person\/b55151d52296fcce64d1a72538a70b90\",\"name\":\"apuntesdesanluis.com\",\"image\":{\"@type\":\"ImageObject\",\"inLanguage\":\"es-AR\",\"@id\":\"https:\/\/apuntesdesanluis.com\/#\/schema\/person\/image\/\",\"url\":\"https:\/\/apuntesdesanluis.com\/wp-content\/uploads\/2023\/07\/cropped-apuntesdesanluis.png\",\"contentUrl\":\"https:\/\/apuntesdesanluis.com\/wp-content\/uploads\/2023\/07\/cropped-apuntesdesanluis.png\",\"width\":450,\"height\":112,\"caption\":\"apuntesdesanluis.com\"},\"logo\":{\"@id\":\"https:\/\/apuntesdesanluis.com\/#\/schema\/person\/image\/\"},\"sameAs\":[\"https:\/\/apuntesdesanluis.com\"],\"url\":\"https:\/\/apuntesdesanluis.com\/index.php\/author\/apuntesdesanluis-com\/\"}]}<\/script>\n<!-- \/ Yoast SEO plugin. -->","yoast_head_json":{"title":"EDUCACI\u00d3N INFORM\u00d3 LOS ESTABLECIMIENTOS Y LOS CARGOS A CONCURSAR - Apuntes de San Luis","robots":{"index":"index","follow":"follow","max-snippet":"max-snippet:-1","max-image-preview":"max-image-preview:large","max-video-preview":"max-video-preview:-1"},"canonical":"https:\/\/apuntesdesanluis.com\/index.php\/2024\/06\/07\/educacion-informo-los-establecimientos-y-los-cargos-a-concursar\/","og_locale":"es_ES","og_type":"article","og_title":"EDUCACI\u00d3N INFORM\u00d3 LOS ESTABLECIMIENTOS Y LOS CARGOS A CONCURSAR - Apuntes de San Luis","og_description":"El ministerio de Educaci\u00f3n, a trav\u00e9s de la direcci\u00f3n Gesti\u00f3n Educativa, comunic\u00f3 que en virtud...","og_url":"https:\/\/apuntesdesanluis.com\/index.php\/2024\/06\/07\/educacion-informo-los-establecimientos-y-los-cargos-a-concursar\/","og_site_name":"Apuntes de San Luis","article_published_time":"2024-06-07T04:36:34+00:00","og_image":[{"width":693,"height":425,"url":"https:\/\/apuntesdesanluis.com\/wp-content\/uploads\/2024\/06\/MINISTERIO-DE-EDUCACION.png","type":"image\/png"}],"author":"apuntesdesanluis.com","twitter_card":"summary_large_image","twitter_misc":{"Escrito por":"apuntesdesanluis.com","Tiempo de lectura":"2 minutos"},"schema":{"@context":"https:\/\/schema.org","@graph":[{"@type":"Article","@id":"https:\/\/apuntesdesanluis.com\/index.php\/2024\/06\/07\/educacion-informo-los-establecimientos-y-los-cargos-a-concursar\/#article","isPartOf":{"@id":"https:\/\/apuntesdesanluis.com\/index.php\/2024\/06\/07\/educacion-informo-los-establecimientos-y-los-cargos-a-concursar\/"},"author":{"name":"apuntesdesanluis.com","@id":"https:\/\/apuntesdesanluis.com\/#\/schema\/person\/b55151d52296fcce64d1a72538a70b90"},"headline":"EDUCACI\u00d3N INFORM\u00d3 LOS ESTABLECIMIENTOS Y LOS CARGOS A CONCURSAR","datePublished":"2024-06-07T04:36:34+00:00","mainEntityOfPage":{"@id":"https:\/\/apuntesdesanluis.com\/index.php\/2024\/06\/07\/educacion-informo-los-establecimientos-y-los-cargos-a-concursar\/"},"wordCount":377,"publisher":{"@id":"https:\/\/apuntesdesanluis.com\/#\/schema\/person\/b55151d52296fcce64d1a72538a70b90"},"image":{"@id":"https:\/\/apuntesdesanluis.com\/index.php\/2024\/06\/07\/educacion-informo-los-establecimientos-y-los-cargos-a-concursar\/#primaryimage"},"thumbnailUrl":"https:\/\/apuntesdesanluis.com\/wp-content\/uploads\/2024\/06\/MINISTERIO-DE-EDUCACION.png","articleSection":["Ciudad\/Provincia"],"inLanguage":"es-AR"},{"@type":"WebPage","@id":"https:\/\/apuntesdesanluis.com\/index.php\/2024\/06\/07\/educacion-informo-los-establecimientos-y-los-cargos-a-concursar\/","url":"https:\/\/apuntesdesanluis.com\/index.php\/2024\/06\/07\/educacion-informo-los-establecimientos-y-los-cargos-a-concursar\/","name":"EDUCACI\u00d3N INFORM\u00d3 LOS ESTABLECIMIENTOS Y LOS CARGOS A CONCURSAR - Apuntes de San Luis","isPartOf":{"@id":"https:\/\/apuntesdesanluis.com\/#website"},"primaryImageOfPage":{"@id":"https:\/\/apuntesdesanluis.com\/index.php\/2024\/06\/07\/educacion-informo-los-establecimientos-y-los-cargos-a-concursar\/#primaryimage"},"image":{"@id":"https:\/\/apuntesdesanluis.com\/index.php\/2024\/06\/07\/educacion-informo-los-establecimientos-y-los-cargos-a-concursar\/#primaryimage"},"thumbnailUrl":"https:\/\/apuntesdesanluis.com\/wp-content\/uploads\/2024\/06\/MINISTERIO-DE-EDUCACION.png","datePublished":"2024-06-07T04:36:34+00:00","breadcrumb":{"@id":"https:\/\/apuntesdesanluis.com\/index.php\/2024\/06\/07\/educacion-informo-los-establecimientos-y-los-cargos-a-concursar\/#breadcrumb"},"inLanguage":"es-AR","potentialAction":[{"@type":"ReadAction","target":["https:\/\/apuntesdesanluis.com\/index.php\/2024\/06\/07\/educacion-informo-los-establecimientos-y-los-cargos-a-concursar\/"]}]},{"@type":"ImageObject","inLanguage":"es-AR","@id":"https:\/\/apuntesdesanluis.com\/index.php\/2024\/06\/07\/educacion-informo-los-establecimientos-y-los-cargos-a-concursar\/#primaryimage","url":"https:\/\/apuntesdesanluis.com\/wp-content\/uploads\/2024\/06\/MINISTERIO-DE-EDUCACION.png","contentUrl":"https:\/\/apuntesdesanluis.com\/wp-content\/uploads\/2024\/06\/MINISTERIO-DE-EDUCACION.png","width":693,"height":425},{"@type":"BreadcrumbList","@id":"https:\/\/apuntesdesanluis.com\/index.php\/2024\/06\/07\/educacion-informo-los-establecimientos-y-los-cargos-a-concursar\/#breadcrumb","itemListElement":[{"@type":"ListItem","position":1,"name":"Inicio","item":"https:\/\/apuntesdesanluis.com\/"},{"@type":"ListItem","position":2,"name":"EDUCACI\u00d3N INFORM\u00d3 LOS ESTABLECIMIENTOS Y LOS CARGOS A CONCURSAR"}]},{"@type":"WebSite","@id":"https:\/\/apuntesdesanluis.com\/#website","url":"https:\/\/apuntesdesanluis.com\/","name":"Apuntes de San Luis","description":"","publisher":{"@id":"https:\/\/apuntesdesanluis.com\/#\/schema\/person\/b55151d52296fcce64d1a72538a70b90"},"potentialAction":[{"@type":"SearchAction","target":{"@type":"EntryPoint","urlTemplate":"https:\/\/apuntesdesanluis.com\/?s={search_term_string}"},"query-input":{"@type":"PropertyValueSpecification","valueRequired":true,"valueName":"search_term_string"}}],"inLanguage":"es-AR"},{"@type":["Person","Organization"],"@id":"https:\/\/apuntesdesanluis.com\/#\/schema\/person\/b55151d52296fcce64d1a72538a70b90","name":"apuntesdesanluis.com","image":{"@type":"ImageObject","inLanguage":"es-AR","@id":"https:\/\/apuntesdesanluis.com\/#\/schema\/person\/image\/","url":"https:\/\/apuntesdesanluis.com\/wp-content\/uploads\/2023\/07\/cropped-apuntesdesanluis.png","contentUrl":"https:\/\/apuntesdesanluis.com\/wp-content\/uploads\/2023\/07\/cropped-apuntesdesanluis.png","width":450,"height":112,"caption":"apuntesdesanluis.com"},"logo":{"@id":"https:\/\/apuntesdesanluis.com\/#\/schema\/person\/image\/"},"sameAs":["https:\/\/apuntesdesanluis.com"],"url":"https:\/\/apuntesdesanluis.com\/index.php\/author\/apuntesdesanluis-com\/"}]}},"featured_image_urls":{"full":["https:\/\/apuntesdesanluis.com\/wp-content\/uploads\/2024\/06\/MINISTERIO-DE-EDUCACION.png",693,425,false],"thumbnail":["https:\/\/apuntesdesanluis.com\/wp-content\/uploads\/2024\/06\/MINISTERIO-DE-EDUCACION-150x150.png",150,150,true],"medium":["https:\/\/apuntesdesanluis.com\/wp-content\/uploads\/2024\/06\/MINISTERIO-DE-EDUCACION-300x184.png",300,184,true],"medium_large":["https:\/\/apuntesdesanluis.com\/wp-content\/uploads\/2024\/06\/MINISTERIO-DE-EDUCACION.png",640,392,false],"large":["https:\/\/apuntesdesanluis.com\/wp-content\/uploads\/2024\/06\/MINISTERIO-DE-EDUCACION.png",640,392,false],"1536x1536":["https:\/\/apuntesdesanluis.com\/wp-content\/uploads\/2024\/06\/MINISTERIO-DE-EDUCACION.png",693,425,false],"2048x2048":["https:\/\/apuntesdesanluis.com\/wp-content\/uploads\/2024\/06\/MINISTERIO-DE-EDUCACION.png",693,425,false],"newsever-slider-full":["https:\/\/apuntesdesanluis.com\/wp-content\/uploads\/2024\/06\/MINISTERIO-DE-EDUCACION.png",693,425,false],"newsever-featured":["https:\/\/apuntesdesanluis.com\/wp-content\/uploads\/2024\/06\/MINISTERIO-DE-EDUCACION.png",693,425,false],"newsever-medium":["https:\/\/apuntesdesanluis.com\/wp-content\/uploads\/2024\/06\/MINISTERIO-DE-EDUCACION.png",693,425,false]},"author_info":{"display_name":"apuntesdesanluis.com","author_link":"https:\/\/apuntesdesanluis.com\/index.php\/author\/apuntesdesanluis-com\/"},"category_info":"<a href=\"https:\/\/apuntesdesanluis.com\/index.php\/category\/ciudad-provincia\/\" rel=\"category tag\">Ciudad\/Provincia<\/a>","tag_info":"Ciudad\/Provincia","comment_count":"0","_links":{"self":[{"href":"https:\/\/apuntesdesanluis.com\/index.php\/wp-json\/wp\/v2\/posts\/17530","targetHints":{"allow":["GET"]}}],"collection":[{"href":"https:\/\/apuntesdesanluis.com\/index.php\/wp-json\/wp\/v2\/posts"}],"about":[{"href":"https:\/\/apuntesdesanluis.com\/index.php\/wp-json\/wp\/v2\/types\/post"}],"author":[{"embeddable":true,"href":"https:\/\/apuntesdesanluis.com\/index.php\/wp-json\/wp\/v2\/users\/1"}],"replies":[{"embeddable":true,"href":"https:\/\/apuntesdesanluis.com\/index.php\/wp-json\/wp\/v2\/comments?post=17530"}],"version-history":[{"count":1,"href":"https:\/\/apuntesdesanluis.com\/index.php\/wp-json\/wp\/v2\/posts\/17530\/revisions"}],"predecessor-version":[{"id":17532,"href":"https:\/\/apuntesdesanluis.com\/index.php\/wp-json\/wp\/v2\/posts\/17530\/revisions\/17532"}],"wp:featuredmedia":[{"embeddable":true,"href":"https:\/\/apuntesdesanluis.com\/index.php\/wp-json\/wp\/v2\/media\/17531"}],"wp:attachment":[{"href":"https:\/\/apuntesdesanluis.com\/index.php\/wp-json\/wp\/v2\/media?parent=17530"}],"wp:term":[{"taxonomy":"category","embeddable":true,"href":"https:\/\/apuntesdesanluis.com\/index.php\/wp-json\/wp\/v2\/categories?post=17530"},{"taxonomy":"post_tag","embeddable":true,"href":"https:\/\/apuntesdesanluis.com\/index.php\/wp-json\/wp\/v2\/tags?post=17530"}],"curies":[{"name":"wp","href":"https:\/\/api.w.org\/{rel}","templated":true}]}}