{"id":17533,"date":"2024-06-07T01:59:59","date_gmt":"2024-06-07T04:59:59","guid":{"rendered":"https:\/\/apuntesdesanluis.com\/?p=17533"},"modified":"2024-06-07T02:07:12","modified_gmt":"2024-06-07T05:07:12","slug":"exclusivo-todos-los-lotes-de-unidades-que-subasta-la-provincia-y-a-que-costo","status":"publish","type":"post","link":"https:\/\/apuntesdesanluis.com\/index.php\/2024\/06\/07\/exclusivo-todos-los-lotes-de-unidades-que-subasta-la-provincia-y-a-que-costo\/","title":{"rendered":"EXCLUSIVO: TODOS LOS LOTES DE UNIDADES QUE SUBASTA LA PROVINCIA Y A QU\u00c9 COSTO"},"content":{"rendered":"<h3>El s\u00e1bado 6 de julio a las 08:00 h tendr\u00e1 lugar el anunciado remate de veh\u00edculos, ambulancias, colectivos, furgones, camionetas y motocicletas que dispuso el gobierno provincial y que ha despertado gran expectativa en la sociedad.<\/h3>\n<h3>Ser\u00e1 \u201ca martillo corrido\u201d, en la Planta Verificadora N\u00b0 1 de la Polic\u00eda de la Provincia, en calles Dominicos Puntanos y Llallermant. Se calcula que saldr\u00e1n a remate aproximadamente 400 unidades.<\/h3>\n<h3>El pasado lunes el secretario de \u00c9tica P\u00fablica, <strong>Ricardo Bazla<\/strong>, adelant\u00f3 que el remate previsto para este fin de semana se postergaba para el 6 de julio, a pedido de numerosos interesados, a la cantidad de visitas recibidas y a brindarles a los interesados la posibilidad de contar con el dinero del aguinaldo para invertir.<\/h3>\n<h3><span style=\"color: #3366ff;\">Apuntes de San Luis<\/span> pudo acceder en exclusiva al listado extroficial completo de los lotes que saldr\u00e1n a subasta y a la base econ\u00f3mica de cada uno.<\/h3>\n<h3><\/h3>\n<p>&nbsp;<\/p>\n<h3><strong>Ver:<\/strong> <span style=\"color: #3366ff;\"><a style=\"color: #3366ff;\" href=\"https:\/\/apuntesdesanluis.com\/wp-content\/uploads\/2024\/06\/Lotes-remate-6-de-julio-2024-San-Luis.pdf\" target=\"_blank\" rel=\"noopener\">Lotes remate 6 de julio 2024 San Luis<\/a><\/span><\/h3>\n<p>&nbsp;<\/p>\n<p>&nbsp;<\/p>\n<p>&nbsp;<\/p>\n","protected":false},"excerpt":{"rendered":"<p>El s\u00e1bado 6 de julio a las 08:00 h tendr\u00e1 lugar el anunciado remate de&#8230;<\/p>\n","protected":false},"author":1,"featured_media":17534,"comment_status":"closed","ping_status":"closed","sticky":false,"template":"","format":"standard","meta":{"footnotes":""},"categories":[6],"tags":[],"class_list":["post-17533","post","type-post","status-publish","format-standard","has-post-thumbnail","hentry","category-ciudad-provincia"],"yoast_head":"<!-- This site is optimized with the Yoast SEO plugin v26.1.1 - https:\/\/yoast.com\/wordpress\/plugins\/seo\/ -->\n<title>EXCLUSIVO: TODOS LOS LOTES DE UNIDADES QUE SUBASTA LA PROVINCIA Y A QU\u00c9 COSTO - Apuntes de San Luis<\/title>\n<meta name=\"robots\" content=\"index, follow, max-snippet:-1, max-image-preview:large, max-video-preview:-1\" \/>\n<link rel=\"canonical\" href=\"https:\/\/apuntesdesanluis.com\/index.php\/2024\/06\/07\/exclusivo-todos-los-lotes-de-unidades-que-subasta-la-provincia-y-a-que-costo\/\" \/>\n<meta property=\"og:locale\" content=\"es_ES\" \/>\n<meta property=\"og:type\" content=\"article\" \/>\n<meta property=\"og:title\" content=\"EXCLUSIVO: TODOS LOS LOTES DE UNIDADES QUE SUBASTA LA PROVINCIA Y A QU\u00c9 COSTO - Apuntes de San Luis\" \/>\n<meta property=\"og:description\" content=\"El s\u00e1bado 6 de julio a las 08:00 h tendr\u00e1 lugar el anunciado remate de...\" \/>\n<meta property=\"og:url\" content=\"https:\/\/apuntesdesanluis.com\/index.php\/2024\/06\/07\/exclusivo-todos-los-lotes-de-unidades-que-subasta-la-provincia-y-a-que-costo\/\" \/>\n<meta property=\"og:site_name\" content=\"Apuntes de San Luis\" \/>\n<meta property=\"article:published_time\" content=\"2024-06-07T04:59:59+00:00\" \/>\n<meta property=\"article:modified_time\" content=\"2024-06-07T05:07:12+00:00\" \/>\n<meta property=\"og:image\" content=\"https:\/\/apuntesdesanluis.com\/wp-content\/uploads\/2024\/06\/camionetas.png\" \/>\n\t<meta property=\"og:image:width\" content=\"842\" \/>\n\t<meta property=\"og:image:height\" content=\"488\" \/>\n\t<meta property=\"og:image:type\" content=\"image\/png\" \/>\n<meta name=\"author\" content=\"apuntesdesanluis.com\" \/>\n<meta name=\"twitter:card\" content=\"summary_large_image\" \/>\n<meta name=\"twitter:label1\" content=\"Escrito por\" \/>\n\t<meta name=\"twitter:data1\" content=\"apuntesdesanluis.com\" \/>\n\t<meta name=\"twitter:label2\" content=\"Tiempo de lectura\" \/>\n\t<meta name=\"twitter:data2\" content=\"1 minuto\" \/>\n<script type=\"application\/ld+json\" class=\"yoast-schema-graph\">{\"@context\":\"https:\/\/schema.org\",\"@graph\":[{\"@type\":\"Article\",\"@id\":\"https:\/\/apuntesdesanluis.com\/index.php\/2024\/06\/07\/exclusivo-todos-los-lotes-de-unidades-que-subasta-la-provincia-y-a-que-costo\/#article\",\"isPartOf\":{\"@id\":\"https:\/\/apuntesdesanluis.com\/index.php\/2024\/06\/07\/exclusivo-todos-los-lotes-de-unidades-que-subasta-la-provincia-y-a-que-costo\/\"},\"author\":{\"name\":\"apuntesdesanluis.com\",\"@id\":\"https:\/\/apuntesdesanluis.com\/#\/schema\/person\/b55151d52296fcce64d1a72538a70b90\"},\"headline\":\"EXCLUSIVO: TODOS LOS LOTES DE UNIDADES QUE SUBASTA LA PROVINCIA Y A QU\u00c9 COSTO\",\"datePublished\":\"2024-06-07T04:59:59+00:00\",\"dateModified\":\"2024-06-07T05:07:12+00:00\",\"mainEntityOfPage\":{\"@id\":\"https:\/\/apuntesdesanluis.com\/index.php\/2024\/06\/07\/exclusivo-todos-los-lotes-de-unidades-que-subasta-la-provincia-y-a-que-costo\/\"},\"wordCount\":176,\"publisher\":{\"@id\":\"https:\/\/apuntesdesanluis.com\/#\/schema\/person\/b55151d52296fcce64d1a72538a70b90\"},\"image\":{\"@id\":\"https:\/\/apuntesdesanluis.com\/index.php\/2024\/06\/07\/exclusivo-todos-los-lotes-de-unidades-que-subasta-la-provincia-y-a-que-costo\/#primaryimage\"},\"thumbnailUrl\":\"https:\/\/apuntesdesanluis.com\/wp-content\/uploads\/2024\/06\/camionetas.png\",\"articleSection\":[\"Ciudad\/Provincia\"],\"inLanguage\":\"es-AR\"},{\"@type\":\"WebPage\",\"@id\":\"https:\/\/apuntesdesanluis.com\/index.php\/2024\/06\/07\/exclusivo-todos-los-lotes-de-unidades-que-subasta-la-provincia-y-a-que-costo\/\",\"url\":\"https:\/\/apuntesdesanluis.com\/index.php\/2024\/06\/07\/exclusivo-todos-los-lotes-de-unidades-que-subasta-la-provincia-y-a-que-costo\/\",\"name\":\"EXCLUSIVO: TODOS LOS LOTES DE UNIDADES QUE SUBASTA LA PROVINCIA Y A QU\u00c9 COSTO - Apuntes de San Luis\",\"isPartOf\":{\"@id\":\"https:\/\/apuntesdesanluis.com\/#website\"},\"primaryImageOfPage\":{\"@id\":\"https:\/\/apuntesdesanluis.com\/index.php\/2024\/06\/07\/exclusivo-todos-los-lotes-de-unidades-que-subasta-la-provincia-y-a-que-costo\/#primaryimage\"},\"image\":{\"@id\":\"https:\/\/apuntesdesanluis.com\/index.php\/2024\/06\/07\/exclusivo-todos-los-lotes-de-unidades-que-subasta-la-provincia-y-a-que-costo\/#primaryimage\"},\"thumbnailUrl\":\"https:\/\/apuntesdesanluis.com\/wp-content\/uploads\/2024\/06\/camionetas.png\",\"datePublished\":\"2024-06-07T04:59:59+00:00\",\"dateModified\":\"2024-06-07T05:07:12+00:00\",\"breadcrumb\":{\"@id\":\"https:\/\/apuntesdesanluis.com\/index.php\/2024\/06\/07\/exclusivo-todos-los-lotes-de-unidades-que-subasta-la-provincia-y-a-que-costo\/#breadcrumb\"},\"inLanguage\":\"es-AR\",\"potentialAction\":[{\"@type\":\"ReadAction\",\"target\":[\"https:\/\/apuntesdesanluis.com\/index.php\/2024\/06\/07\/exclusivo-todos-los-lotes-de-unidades-que-subasta-la-provincia-y-a-que-costo\/\"]}]},{\"@type\":\"ImageObject\",\"inLanguage\":\"es-AR\",\"@id\":\"https:\/\/apuntesdesanluis.com\/index.php\/2024\/06\/07\/exclusivo-todos-los-lotes-de-unidades-que-subasta-la-provincia-y-a-que-costo\/#primaryimage\",\"url\":\"https:\/\/apuntesdesanluis.com\/wp-content\/uploads\/2024\/06\/camionetas.png\",\"contentUrl\":\"https:\/\/apuntesdesanluis.com\/wp-content\/uploads\/2024\/06\/camionetas.png\",\"width\":842,\"height\":488},{\"@type\":\"BreadcrumbList\",\"@id\":\"https:\/\/apuntesdesanluis.com\/index.php\/2024\/06\/07\/exclusivo-todos-los-lotes-de-unidades-que-subasta-la-provincia-y-a-que-costo\/#breadcrumb\",\"itemListElement\":[{\"@type\":\"ListItem\",\"position\":1,\"name\":\"Inicio\",\"item\":\"https:\/\/apuntesdesanluis.com\/\"},{\"@type\":\"ListItem\",\"position\":2,\"name\":\"EXCLUSIVO: TODOS LOS LOTES DE UNIDADES QUE SUBASTA LA PROVINCIA Y A QU\u00c9 COSTO\"}]},{\"@type\":\"WebSite\",\"@id\":\"https:\/\/apuntesdesanluis.com\/#website\",\"url\":\"https:\/\/apuntesdesanluis.com\/\",\"name\":\"Apuntes de San Luis\",\"description\":\"\",\"publisher\":{\"@id\":\"https:\/\/apuntesdesanluis.com\/#\/schema\/person\/b55151d52296fcce64d1a72538a70b90\"},\"potentialAction\":[{\"@type\":\"SearchAction\",\"target\":{\"@type\":\"EntryPoint\",\"urlTemplate\":\"https:\/\/apuntesdesanluis.com\/?s={search_term_string}\"},\"query-input\":{\"@type\":\"PropertyValueSpecification\",\"valueRequired\":true,\"valueName\":\"search_term_string\"}}],\"inLanguage\":\"es-AR\"},{\"@type\":[\"Person\",\"Organization\"],\"@id\":\"https:\/\/apuntesdesanluis.com\/#\/schema\/person\/b55151d52296fcce64d1a72538a70b90\",\"name\":\"apuntesdesanluis.com\",\"image\":{\"@type\":\"ImageObject\",\"inLanguage\":\"es-AR\",\"@id\":\"https:\/\/apuntesdesanluis.com\/#\/schema\/person\/image\/\",\"url\":\"https:\/\/apuntesdesanluis.com\/wp-content\/uploads\/2023\/07\/cropped-apuntesdesanluis.png\",\"contentUrl\":\"https:\/\/apuntesdesanluis.com\/wp-content\/uploads\/2023\/07\/cropped-apuntesdesanluis.png\",\"width\":450,\"height\":112,\"caption\":\"apuntesdesanluis.com\"},\"logo\":{\"@id\":\"https:\/\/apuntesdesanluis.com\/#\/schema\/person\/image\/\"},\"sameAs\":[\"https:\/\/apuntesdesanluis.com\"],\"url\":\"https:\/\/apuntesdesanluis.com\/index.php\/author\/apuntesdesanluis-com\/\"}]}<\/script>\n<!-- \/ Yoast SEO plugin. -->","yoast_head_json":{"title":"EXCLUSIVO: TODOS LOS LOTES DE UNIDADES QUE SUBASTA LA PROVINCIA Y A QU\u00c9 COSTO - Apuntes de San Luis","robots":{"index":"index","follow":"follow","max-snippet":"max-snippet:-1","max-image-preview":"max-image-preview:large","max-video-preview":"max-video-preview:-1"},"canonical":"https:\/\/apuntesdesanluis.com\/index.php\/2024\/06\/07\/exclusivo-todos-los-lotes-de-unidades-que-subasta-la-provincia-y-a-que-costo\/","og_locale":"es_ES","og_type":"article","og_title":"EXCLUSIVO: TODOS LOS LOTES DE UNIDADES QUE SUBASTA LA PROVINCIA Y A QU\u00c9 COSTO - Apuntes de San Luis","og_description":"El s\u00e1bado 6 de julio a las 08:00 h tendr\u00e1 lugar el anunciado remate de...","og_url":"https:\/\/apuntesdesanluis.com\/index.php\/2024\/06\/07\/exclusivo-todos-los-lotes-de-unidades-que-subasta-la-provincia-y-a-que-costo\/","og_site_name":"Apuntes de San Luis","article_published_time":"2024-06-07T04:59:59+00:00","article_modified_time":"2024-06-07T05:07:12+00:00","og_image":[{"width":842,"height":488,"url":"https:\/\/apuntesdesanluis.com\/wp-content\/uploads\/2024\/06\/camionetas.png","type":"image\/png"}],"author":"apuntesdesanluis.com","twitter_card":"summary_large_image","twitter_misc":{"Escrito por":"apuntesdesanluis.com","Tiempo de lectura":"1 minuto"},"schema":{"@context":"https:\/\/schema.org","@graph":[{"@type":"Article","@id":"https:\/\/apuntesdesanluis.com\/index.php\/2024\/06\/07\/exclusivo-todos-los-lotes-de-unidades-que-subasta-la-provincia-y-a-que-costo\/#article","isPartOf":{"@id":"https:\/\/apuntesdesanluis.com\/index.php\/2024\/06\/07\/exclusivo-todos-los-lotes-de-unidades-que-subasta-la-provincia-y-a-que-costo\/"},"author":{"name":"apuntesdesanluis.com","@id":"https:\/\/apuntesdesanluis.com\/#\/schema\/person\/b55151d52296fcce64d1a72538a70b90"},"headline":"EXCLUSIVO: TODOS LOS LOTES DE UNIDADES QUE SUBASTA LA PROVINCIA Y A QU\u00c9 COSTO","datePublished":"2024-06-07T04:59:59+00:00","dateModified":"2024-06-07T05:07:12+00:00","mainEntityOfPage":{"@id":"https:\/\/apuntesdesanluis.com\/index.php\/2024\/06\/07\/exclusivo-todos-los-lotes-de-unidades-que-subasta-la-provincia-y-a-que-costo\/"},"wordCount":176,"publisher":{"@id":"https:\/\/apuntesdesanluis.com\/#\/schema\/person\/b55151d52296fcce64d1a72538a70b90"},"image":{"@id":"https:\/\/apuntesdesanluis.com\/index.php\/2024\/06\/07\/exclusivo-todos-los-lotes-de-unidades-que-subasta-la-provincia-y-a-que-costo\/#primaryimage"},"thumbnailUrl":"https:\/\/apuntesdesanluis.com\/wp-content\/uploads\/2024\/06\/camionetas.png","articleSection":["Ciudad\/Provincia"],"inLanguage":"es-AR"},{"@type":"WebPage","@id":"https:\/\/apuntesdesanluis.com\/index.php\/2024\/06\/07\/exclusivo-todos-los-lotes-de-unidades-que-subasta-la-provincia-y-a-que-costo\/","url":"https:\/\/apuntesdesanluis.com\/index.php\/2024\/06\/07\/exclusivo-todos-los-lotes-de-unidades-que-subasta-la-provincia-y-a-que-costo\/","name":"EXCLUSIVO: TODOS LOS LOTES DE UNIDADES QUE SUBASTA LA PROVINCIA Y A QU\u00c9 COSTO - Apuntes de San Luis","isPartOf":{"@id":"https:\/\/apuntesdesanluis.com\/#website"},"primaryImageOfPage":{"@id":"https:\/\/apuntesdesanluis.com\/index.php\/2024\/06\/07\/exclusivo-todos-los-lotes-de-unidades-que-subasta-la-provincia-y-a-que-costo\/#primaryimage"},"image":{"@id":"https:\/\/apuntesdesanluis.com\/index.php\/2024\/06\/07\/exclusivo-todos-los-lotes-de-unidades-que-subasta-la-provincia-y-a-que-costo\/#primaryimage"},"thumbnailUrl":"https:\/\/apuntesdesanluis.com\/wp-content\/uploads\/2024\/06\/camionetas.png","datePublished":"2024-06-07T04:59:59+00:00","dateModified":"2024-06-07T05:07:12+00:00","breadcrumb":{"@id":"https:\/\/apuntesdesanluis.com\/index.php\/2024\/06\/07\/exclusivo-todos-los-lotes-de-unidades-que-subasta-la-provincia-y-a-que-costo\/#breadcrumb"},"inLanguage":"es-AR","potentialAction":[{"@type":"ReadAction","target":["https:\/\/apuntesdesanluis.com\/index.php\/2024\/06\/07\/exclusivo-todos-los-lotes-de-unidades-que-subasta-la-provincia-y-a-que-costo\/"]}]},{"@type":"ImageObject","inLanguage":"es-AR","@id":"https:\/\/apuntesdesanluis.com\/index.php\/2024\/06\/07\/exclusivo-todos-los-lotes-de-unidades-que-subasta-la-provincia-y-a-que-costo\/#primaryimage","url":"https:\/\/apuntesdesanluis.com\/wp-content\/uploads\/2024\/06\/camionetas.png","contentUrl":"https:\/\/apuntesdesanluis.com\/wp-content\/uploads\/2024\/06\/camionetas.png","width":842,"height":488},{"@type":"BreadcrumbList","@id":"https:\/\/apuntesdesanluis.com\/index.php\/2024\/06\/07\/exclusivo-todos-los-lotes-de-unidades-que-subasta-la-provincia-y-a-que-costo\/#breadcrumb","itemListElement":[{"@type":"ListItem","position":1,"name":"Inicio","item":"https:\/\/apuntesdesanluis.com\/"},{"@type":"ListItem","position":2,"name":"EXCLUSIVO: TODOS LOS LOTES DE UNIDADES QUE SUBASTA LA PROVINCIA Y A QU\u00c9 COSTO"}]},{"@type":"WebSite","@id":"https:\/\/apuntesdesanluis.com\/#website","url":"https:\/\/apuntesdesanluis.com\/","name":"Apuntes de San Luis","description":"","publisher":{"@id":"https:\/\/apuntesdesanluis.com\/#\/schema\/person\/b55151d52296fcce64d1a72538a70b90"},"potentialAction":[{"@type":"SearchAction","target":{"@type":"EntryPoint","urlTemplate":"https:\/\/apuntesdesanluis.com\/?s={search_term_string}"},"query-input":{"@type":"PropertyValueSpecification","valueRequired":true,"valueName":"search_term_string"}}],"inLanguage":"es-AR"},{"@type":["Person","Organization"],"@id":"https:\/\/apuntesdesanluis.com\/#\/schema\/person\/b55151d52296fcce64d1a72538a70b90","name":"apuntesdesanluis.com","image":{"@type":"ImageObject","inLanguage":"es-AR","@id":"https:\/\/apuntesdesanluis.com\/#\/schema\/person\/image\/","url":"https:\/\/apuntesdesanluis.com\/wp-content\/uploads\/2023\/07\/cropped-apuntesdesanluis.png","contentUrl":"https:\/\/apuntesdesanluis.com\/wp-content\/uploads\/2023\/07\/cropped-apuntesdesanluis.png","width":450,"height":112,"caption":"apuntesdesanluis.com"},"logo":{"@id":"https:\/\/apuntesdesanluis.com\/#\/schema\/person\/image\/"},"sameAs":["https:\/\/apuntesdesanluis.com"],"url":"https:\/\/apuntesdesanluis.com\/index.php\/author\/apuntesdesanluis-com\/"}]}},"featured_image_urls":{"full":["https:\/\/apuntesdesanluis.com\/wp-content\/uploads\/2024\/06\/camionetas.png",842,488,false],"thumbnail":["https:\/\/apuntesdesanluis.com\/wp-content\/uploads\/2024\/06\/camionetas-150x150.png",150,150,true],"medium":["https:\/\/apuntesdesanluis.com\/wp-content\/uploads\/2024\/06\/camionetas-300x174.png",300,174,true],"medium_large":["https:\/\/apuntesdesanluis.com\/wp-content\/uploads\/2024\/06\/camionetas-768x445.png",640,371,true],"large":["https:\/\/apuntesdesanluis.com\/wp-content\/uploads\/2024\/06\/camionetas.png",640,371,false],"1536x1536":["https:\/\/apuntesdesanluis.com\/wp-content\/uploads\/2024\/06\/camionetas.png",842,488,false],"2048x2048":["https:\/\/apuntesdesanluis.com\/wp-content\/uploads\/2024\/06\/camionetas.png",842,488,false],"newsever-slider-full":["https:\/\/apuntesdesanluis.com\/wp-content\/uploads\/2024\/06\/camionetas.png",842,488,false],"newsever-featured":["https:\/\/apuntesdesanluis.com\/wp-content\/uploads\/2024\/06\/camionetas.png",842,488,false],"newsever-medium":["https:\/\/apuntesdesanluis.com\/wp-content\/uploads\/2024\/06\/camionetas-720x475.png",720,475,true]},"author_info":{"display_name":"apuntesdesanluis.com","author_link":"https:\/\/apuntesdesanluis.com\/index.php\/author\/apuntesdesanluis-com\/"},"category_info":"<a href=\"https:\/\/apuntesdesanluis.com\/index.php\/category\/ciudad-provincia\/\" rel=\"category tag\">Ciudad\/Provincia<\/a>","tag_info":"Ciudad\/Provincia","comment_count":"0","_links":{"self":[{"href":"https:\/\/apuntesdesanluis.com\/index.php\/wp-json\/wp\/v2\/posts\/17533","targetHints":{"allow":["GET"]}}],"collection":[{"href":"https:\/\/apuntesdesanluis.com\/index.php\/wp-json\/wp\/v2\/posts"}],"about":[{"href":"https:\/\/apuntesdesanluis.com\/index.php\/wp-json\/wp\/v2\/types\/post"}],"author":[{"embeddable":true,"href":"https:\/\/apuntesdesanluis.com\/index.php\/wp-json\/wp\/v2\/users\/1"}],"replies":[{"embeddable":true,"href":"https:\/\/apuntesdesanluis.com\/index.php\/wp-json\/wp\/v2\/comments?post=17533"}],"version-history":[{"count":8,"href":"https:\/\/apuntesdesanluis.com\/index.php\/wp-json\/wp\/v2\/posts\/17533\/revisions"}],"predecessor-version":[{"id":17543,"href":"https:\/\/apuntesdesanluis.com\/index.php\/wp-json\/wp\/v2\/posts\/17533\/revisions\/17543"}],"wp:featuredmedia":[{"embeddable":true,"href":"https:\/\/apuntesdesanluis.com\/index.php\/wp-json\/wp\/v2\/media\/17534"}],"wp:attachment":[{"href":"https:\/\/apuntesdesanluis.com\/index.php\/wp-json\/wp\/v2\/media?parent=17533"}],"wp:term":[{"taxonomy":"category","embeddable":true,"href":"https:\/\/apuntesdesanluis.com\/index.php\/wp-json\/wp\/v2\/categories?post=17533"},{"taxonomy":"post_tag","embeddable":true,"href":"https:\/\/apuntesdesanluis.com\/index.php\/wp-json\/wp\/v2\/tags?post=17533"}],"curies":[{"name":"wp","href":"https:\/\/api.w.org\/{rel}","templated":true}]}}