{"id":17544,"date":"2024-06-07T19:42:59","date_gmt":"2024-06-07T22:42:59","guid":{"rendered":"https:\/\/apuntesdesanluis.com\/?p=17544"},"modified":"2024-06-07T19:44:02","modified_gmt":"2024-06-07T22:44:02","slug":"conflicto-universitario-paran-docentes-y-nodocentes-los-dias-11-y-12-de-junio-y-se-movilizan-contra-la-ley-bases","status":"publish","type":"post","link":"https:\/\/apuntesdesanluis.com\/index.php\/2024\/06\/07\/conflicto-universitario-paran-docentes-y-nodocentes-los-dias-11-y-12-de-junio-y-se-movilizan-contra-la-ley-bases\/","title":{"rendered":"CONFLICTO UNIVERSITARIO: PARAN DOCENTES Y NODOCENTES LOS D\u00cdAS 11 Y 12 DE JUNIO Y SE MOVILIZAN CONTRA LA LEY BASES"},"content":{"rendered":"<h3>As\u00ed lo resolvieron este viernes un plenario de secretarios generales de gremios de base que adhieren a <strong>CONADU<\/strong> y tambi\u00e9n lo ratific\u00f3 la <strong>Federaci\u00f3n Argentina de Trabajadores de Universidades Nacionales (FATUN)<\/strong>, entidad que lo hab\u00eda adelantado la semana pasada en caso de fracasar las negociaciones del jueves \u00faltimo.<\/h3>\n<h3>Ambos estamentos reclaman al gobierno una recomposici\u00f3n salarial que permita compensar la \u201cbrutal p\u00e9rdida de poder adquisitivo registrada desde diciembre a esta parte\u201d, ante la escalada inflacionaria, que calculan carcana al 50%. Horas m\u00e1s tarde el Frente Sindical de Universidades Nacionales tamb\u00e9n se pronunciaba ratificando los dos d\u00edas de paro con movilizaci\u00f3n para martes y mi\u00e9rcoles pr\u00f3ximos.<\/h3>\n<p><img fetchpriority=\"high\" decoding=\"async\" class=\"wp-image-17546 aligncenter\" src=\"https:\/\/apuntesdesanluis.com\/wp-content\/uploads\/2024\/06\/frente-sindical-300x300.jpg\" alt=\"\" width=\"585\" height=\"585\" srcset=\"https:\/\/apuntesdesanluis.com\/wp-content\/uploads\/2024\/06\/frente-sindical-300x300.jpg 300w, https:\/\/apuntesdesanluis.com\/wp-content\/uploads\/2024\/06\/frente-sindical-150x150.jpg 150w, https:\/\/apuntesdesanluis.com\/wp-content\/uploads\/2024\/06\/frente-sindical.jpg 700w\" sizes=\"(max-width: 585px) 100vw, 585px\" \/><\/p>\n<h3>Con la participaci\u00f3n de 20 gremios de base, CONADU realiz\u00f3 hoy de manera virtual un Plenario de Secretarios Generales.<\/h3>\n<h3>El Secretario General Carlos De Feo realiz\u00f3 un an\u00e1lisis de la coyuntura y un balance de las repercusiones del paro de actividades realizado los d\u00edas 4 y 5 del corriente: \u00abLa medida tuvo un alto acatamiento en todo el pa\u00eds, se instal\u00f3 con mucha fuerza en los medios de comunicaci\u00f3n reflejando el malestar generalizado de las y los trabajadores docentes de las universidades, que ven el deterioro permanente de sus salarios frente a un gobierno que no da ninguna respuesta a las demandas. Los trabajadores y las trabajadoras universitarias tenemos que seguir peleando porque no se trata solamente de la dimensi\u00f3n salarial del conflicto sino que tambi\u00e9n est\u00e1 en juego el futuro de la universidad p\u00fablica argentina\u00bb.<\/h3>\n<h3>Coincidiendo en las apreciaciones, cada Secretario\/a General fue relatando lo ocurrido en los gremios de base. M\u00e1s all\u00e1 de los matices, se evalu\u00f3 la medida como positiva y se destac\u00f3 el acompa\u00f1amiento de la comunidad.<\/h3>\n<h3>En este marco el Plenario defini\u00f3 por unanimidad las siguientes acciones:<\/h3>\n<h3>\u2013 Declarar el estado de alerta y movilizaci\u00f3n.<\/h3>\n<h3>\u2013 Realizar un paro de 48 horas los pr\u00f3ximos 11 y 12 de junio.<\/h3>\n<h3>\u2013 Concentrar el 12 junto con la CTA en el Congreso Nacional ante el tratamiento de la Ley Bases, que de aprobarse afectar\u00eda al conjunto de los trabajadores y a la sociedad argentina en su conjunto, dej\u00e1ndonos de cara a un futuro de grandes retrocesos en lo econ\u00f3mico, pol\u00edtico y social. En definitiva, abriendo la puerta a un pa\u00eds para pocos.<\/h3>\n<h3>\u2013 Acompa\u00f1ar el jueves 13 a los compa\u00f1eros docentes de la Universidad Nacional de Las Madres al Palacio Pizzurno en reclamo por el pago de los salarios adeudados.<\/h3>\n<h3>\u2013 Convocar a un nuevo Plenario de Secretarios y Secretarias Generales\/as el pr\u00f3ximo viernes 14 para compartir una evaluaci\u00f3n y balance de las medidas realizadas.<\/h3>\n<h3>Participaron de la reuni\u00f3n representantes de ADAI, ADUNA, ADOI, ADUC, COAD, FEDUBA , ADUNOBA, ADUFOR, ADUNM, SUDHUR, SIDIUNLAR, ADUNSADA, SIDIUNT, ADULP, ADIUNQ, AGDU, AFUDI, ADUNTREF, ADUNMa y SIDUNCU.<\/h3>\n<h3><strong>NODOCENTES<\/strong><\/h3>\n<h3>Por su lado y \u201cvisto la NO respuesta al reclamo salarial de las y los trabajadoras universitarios, Nodocentes y Docentes, la FATUN dio por finalizada la negociaci\u00f3n salarial llevada adelante por su Comisi\u00f3n Paritaria y, en estado de alerta y movilizaci\u00f3n, ratific\u00f3 la continuidad de su Plan de Acci\u00f3n, resuelto por unanimidad en su 42\u00b0 Congreso General Ordinario, el pasado 29 y 30 de mayo\u201d.<\/h3>\n<p><img decoding=\"async\" class=\"wp-image-17547 aligncenter\" src=\"https:\/\/apuntesdesanluis.com\/wp-content\/uploads\/2024\/06\/fatun-300x271.jpg\" alt=\"\" width=\"547\" height=\"494\" srcset=\"https:\/\/apuntesdesanluis.com\/wp-content\/uploads\/2024\/06\/fatun-300x271.jpg 300w, https:\/\/apuntesdesanluis.com\/wp-content\/uploads\/2024\/06\/fatun.jpg 586w\" sizes=\"(max-width: 547px) 100vw, 547px\" \/><\/p>\n<h3>Por ello, la Mesa Ejecutiva resolvi\u00f3:<\/h3>\n<h3>Convocar a un PARO DE 48 HS. para los pr\u00f3ximos 11 y 12 de junio, sin asistencia a los puestos de trabajo.<\/h3>\n<h3>Movilizar el mismo\u2060 12 de junio, a las 10 hs., hacia el Congreso de la Naci\u00f3n, en contra de la Ley Bases, exigiendo a las y los Senadores su RECHAZO. Pr\u00f3ximamente se difundir\u00e1 el punto de encuentro.<\/h3>\n<h3><strong>MOVILIZACI\u00d3N<\/strong><\/h3>\n<h3>La FATUN inform\u00f3 adem\u00e1s que en el mediod\u00eda de hoy, en la sede central de SMATA, la Confederaci\u00f3n General de los Trabajadores (CGT), la CTA, la CTA Aut\u00f3noma, la UTEP y movimientos sociales convocaron a una masiva movilizaci\u00f3n al Congreso para el pr\u00f3ximo mi\u00e9rcoles 12 de junio, a las 9 hs, momento en cual el Senado de la Naci\u00f3n tratar\u00e1 el proyecto de la Ley Bases, propuesta por el Gobierno Nacional.<\/h3>\n<p><img decoding=\"async\" class=\"wp-image-17548 aligncenter\" src=\"https:\/\/apuntesdesanluis.com\/wp-content\/uploads\/2024\/06\/cgt-300x185.png\" alt=\"\" width=\"566\" height=\"349\" srcset=\"https:\/\/apuntesdesanluis.com\/wp-content\/uploads\/2024\/06\/cgt-300x185.png 300w, https:\/\/apuntesdesanluis.com\/wp-content\/uploads\/2024\/06\/cgt.png 496w\" sizes=\"(max-width: 566px) 100vw, 566px\" \/><\/p>\n<h3>Por indicaci\u00f3n del Secretario General, Walter Merkis, estuvieron presentes, en representaci\u00f3n de FATUN, el Secretario Adjunto, Jorge Anr\u00f3 y la Subsecretaria de Acci\u00f3n Gremial, Susana Ramos.<\/h3>\n<h3>El anuncio fue realizado por el Secretario General de la CGT, y Secretario Adjunto de Camioneros, Pablo Moyano, quien estuvo acompa\u00f1ado por el diputado nacional y dirigente de la CTA de los Trabajadores, Hugo Yasky, el diputado nacional y Secretario General de La Bancaria Sergio Palazzo, el Secretario General de SMATA Ricardo Pignanelli, y la Madre de Plaza de Mayo L\u00ednea Fundadora, Taty Almeida, entre otros.<\/h3>\n<p>&nbsp;<\/p>\n<p>&nbsp;<\/p>\n<p>&nbsp;<\/p>\n<p>&nbsp;<\/p>\n<p>&nbsp;<\/p>\n","protected":false},"excerpt":{"rendered":"<p>As\u00ed lo resolvieron este viernes un plenario de secretarios generales de gremios de base que&#8230;<\/p>\n","protected":false},"author":1,"featured_media":17545,"comment_status":"closed","ping_status":"closed","sticky":false,"template":"","format":"standard","meta":{"footnotes":""},"categories":[5],"tags":[],"class_list":["post-17544","post","type-post","status-publish","format-standard","has-post-thumbnail","hentry","category-nacionales-internacionales"],"yoast_head":"<!-- This site is optimized with the Yoast SEO plugin v26.1.1 - https:\/\/yoast.com\/wordpress\/plugins\/seo\/ -->\n<title>CONFLICTO UNIVERSITARIO: PARAN DOCENTES Y NODOCENTES LOS D\u00cdAS 11 Y 12 DE JUNIO Y SE MOVILIZAN CONTRA LA LEY BASES - Apuntes de San Luis<\/title>\n<meta name=\"robots\" content=\"index, follow, max-snippet:-1, max-image-preview:large, max-video-preview:-1\" \/>\n<link rel=\"canonical\" href=\"https:\/\/apuntesdesanluis.com\/index.php\/2024\/06\/07\/conflicto-universitario-paran-docentes-y-nodocentes-los-dias-11-y-12-de-junio-y-se-movilizan-contra-la-ley-bases\/\" \/>\n<meta property=\"og:locale\" content=\"es_ES\" \/>\n<meta property=\"og:type\" content=\"article\" \/>\n<meta property=\"og:title\" content=\"CONFLICTO UNIVERSITARIO: PARAN DOCENTES Y NODOCENTES LOS D\u00cdAS 11 Y 12 DE JUNIO Y SE MOVILIZAN CONTRA LA LEY BASES - Apuntes de San Luis\" \/>\n<meta property=\"og:description\" content=\"As\u00ed lo resolvieron este viernes un plenario de secretarios generales de gremios de base que...\" \/>\n<meta property=\"og:url\" content=\"https:\/\/apuntesdesanluis.com\/index.php\/2024\/06\/07\/conflicto-universitario-paran-docentes-y-nodocentes-los-dias-11-y-12-de-junio-y-se-movilizan-contra-la-ley-bases\/\" \/>\n<meta property=\"og:site_name\" content=\"Apuntes de San Luis\" \/>\n<meta property=\"article:published_time\" content=\"2024-06-07T22:42:59+00:00\" \/>\n<meta property=\"article:modified_time\" content=\"2024-06-07T22:44:02+00:00\" \/>\n<meta property=\"og:image\" content=\"https:\/\/apuntesdesanluis.com\/wp-content\/uploads\/2024\/06\/conflicto-universitario.png\" \/>\n\t<meta property=\"og:image:width\" content=\"552\" \/>\n\t<meta property=\"og:image:height\" content=\"301\" \/>\n\t<meta property=\"og:image:type\" content=\"image\/png\" \/>\n<meta name=\"author\" content=\"apuntesdesanluis.com\" \/>\n<meta name=\"twitter:card\" content=\"summary_large_image\" \/>\n<meta name=\"twitter:label1\" content=\"Escrito por\" \/>\n\t<meta name=\"twitter:data1\" content=\"apuntesdesanluis.com\" \/>\n\t<meta name=\"twitter:label2\" content=\"Tiempo de lectura\" \/>\n\t<meta name=\"twitter:data2\" content=\"5 minutos\" \/>\n<script type=\"application\/ld+json\" class=\"yoast-schema-graph\">{\"@context\":\"https:\/\/schema.org\",\"@graph\":[{\"@type\":\"Article\",\"@id\":\"https:\/\/apuntesdesanluis.com\/index.php\/2024\/06\/07\/conflicto-universitario-paran-docentes-y-nodocentes-los-dias-11-y-12-de-junio-y-se-movilizan-contra-la-ley-bases\/#article\",\"isPartOf\":{\"@id\":\"https:\/\/apuntesdesanluis.com\/index.php\/2024\/06\/07\/conflicto-universitario-paran-docentes-y-nodocentes-los-dias-11-y-12-de-junio-y-se-movilizan-contra-la-ley-bases\/\"},\"author\":{\"name\":\"apuntesdesanluis.com\",\"@id\":\"https:\/\/apuntesdesanluis.com\/#\/schema\/person\/b55151d52296fcce64d1a72538a70b90\"},\"headline\":\"CONFLICTO UNIVERSITARIO: PARAN DOCENTES Y NODOCENTES LOS D\u00cdAS 11 Y 12 DE JUNIO Y SE MOVILIZAN CONTRA LA LEY BASES\",\"datePublished\":\"2024-06-07T22:42:59+00:00\",\"dateModified\":\"2024-06-07T22:44:02+00:00\",\"mainEntityOfPage\":{\"@id\":\"https:\/\/apuntesdesanluis.com\/index.php\/2024\/06\/07\/conflicto-universitario-paran-docentes-y-nodocentes-los-dias-11-y-12-de-junio-y-se-movilizan-contra-la-ley-bases\/\"},\"wordCount\":800,\"publisher\":{\"@id\":\"https:\/\/apuntesdesanluis.com\/#\/schema\/person\/b55151d52296fcce64d1a72538a70b90\"},\"image\":{\"@id\":\"https:\/\/apuntesdesanluis.com\/index.php\/2024\/06\/07\/conflicto-universitario-paran-docentes-y-nodocentes-los-dias-11-y-12-de-junio-y-se-movilizan-contra-la-ley-bases\/#primaryimage\"},\"thumbnailUrl\":\"https:\/\/apuntesdesanluis.com\/wp-content\/uploads\/2024\/06\/conflicto-universitario.png\",\"articleSection\":[\"Nacionales\/Internacionales\"],\"inLanguage\":\"es-AR\"},{\"@type\":\"WebPage\",\"@id\":\"https:\/\/apuntesdesanluis.com\/index.php\/2024\/06\/07\/conflicto-universitario-paran-docentes-y-nodocentes-los-dias-11-y-12-de-junio-y-se-movilizan-contra-la-ley-bases\/\",\"url\":\"https:\/\/apuntesdesanluis.com\/index.php\/2024\/06\/07\/conflicto-universitario-paran-docentes-y-nodocentes-los-dias-11-y-12-de-junio-y-se-movilizan-contra-la-ley-bases\/\",\"name\":\"CONFLICTO UNIVERSITARIO: PARAN DOCENTES Y NODOCENTES LOS D\u00cdAS 11 Y 12 DE JUNIO Y SE MOVILIZAN CONTRA LA LEY BASES - Apuntes de San Luis\",\"isPartOf\":{\"@id\":\"https:\/\/apuntesdesanluis.com\/#website\"},\"primaryImageOfPage\":{\"@id\":\"https:\/\/apuntesdesanluis.com\/index.php\/2024\/06\/07\/conflicto-universitario-paran-docentes-y-nodocentes-los-dias-11-y-12-de-junio-y-se-movilizan-contra-la-ley-bases\/#primaryimage\"},\"image\":{\"@id\":\"https:\/\/apuntesdesanluis.com\/index.php\/2024\/06\/07\/conflicto-universitario-paran-docentes-y-nodocentes-los-dias-11-y-12-de-junio-y-se-movilizan-contra-la-ley-bases\/#primaryimage\"},\"thumbnailUrl\":\"https:\/\/apuntesdesanluis.com\/wp-content\/uploads\/2024\/06\/conflicto-universitario.png\",\"datePublished\":\"2024-06-07T22:42:59+00:00\",\"dateModified\":\"2024-06-07T22:44:02+00:00\",\"breadcrumb\":{\"@id\":\"https:\/\/apuntesdesanluis.com\/index.php\/2024\/06\/07\/conflicto-universitario-paran-docentes-y-nodocentes-los-dias-11-y-12-de-junio-y-se-movilizan-contra-la-ley-bases\/#breadcrumb\"},\"inLanguage\":\"es-AR\",\"potentialAction\":[{\"@type\":\"ReadAction\",\"target\":[\"https:\/\/apuntesdesanluis.com\/index.php\/2024\/06\/07\/conflicto-universitario-paran-docentes-y-nodocentes-los-dias-11-y-12-de-junio-y-se-movilizan-contra-la-ley-bases\/\"]}]},{\"@type\":\"ImageObject\",\"inLanguage\":\"es-AR\",\"@id\":\"https:\/\/apuntesdesanluis.com\/index.php\/2024\/06\/07\/conflicto-universitario-paran-docentes-y-nodocentes-los-dias-11-y-12-de-junio-y-se-movilizan-contra-la-ley-bases\/#primaryimage\",\"url\":\"https:\/\/apuntesdesanluis.com\/wp-content\/uploads\/2024\/06\/conflicto-universitario.png\",\"contentUrl\":\"https:\/\/apuntesdesanluis.com\/wp-content\/uploads\/2024\/06\/conflicto-universitario.png\",\"width\":552,\"height\":301},{\"@type\":\"BreadcrumbList\",\"@id\":\"https:\/\/apuntesdesanluis.com\/index.php\/2024\/06\/07\/conflicto-universitario-paran-docentes-y-nodocentes-los-dias-11-y-12-de-junio-y-se-movilizan-contra-la-ley-bases\/#breadcrumb\",\"itemListElement\":[{\"@type\":\"ListItem\",\"position\":1,\"name\":\"Inicio\",\"item\":\"https:\/\/apuntesdesanluis.com\/\"},{\"@type\":\"ListItem\",\"position\":2,\"name\":\"CONFLICTO UNIVERSITARIO: PARAN DOCENTES Y NODOCENTES LOS D\u00cdAS 11 Y 12 DE JUNIO Y SE MOVILIZAN CONTRA LA LEY BASES\"}]},{\"@type\":\"WebSite\",\"@id\":\"https:\/\/apuntesdesanluis.com\/#website\",\"url\":\"https:\/\/apuntesdesanluis.com\/\",\"name\":\"Apuntes de San Luis\",\"description\":\"\",\"publisher\":{\"@id\":\"https:\/\/apuntesdesanluis.com\/#\/schema\/person\/b55151d52296fcce64d1a72538a70b90\"},\"potentialAction\":[{\"@type\":\"SearchAction\",\"target\":{\"@type\":\"EntryPoint\",\"urlTemplate\":\"https:\/\/apuntesdesanluis.com\/?s={search_term_string}\"},\"query-input\":{\"@type\":\"PropertyValueSpecification\",\"valueRequired\":true,\"valueName\":\"search_term_string\"}}],\"inLanguage\":\"es-AR\"},{\"@type\":[\"Person\",\"Organization\"],\"@id\":\"https:\/\/apuntesdesanluis.com\/#\/schema\/person\/b55151d52296fcce64d1a72538a70b90\",\"name\":\"apuntesdesanluis.com\",\"image\":{\"@type\":\"ImageObject\",\"inLanguage\":\"es-AR\",\"@id\":\"https:\/\/apuntesdesanluis.com\/#\/schema\/person\/image\/\",\"url\":\"https:\/\/apuntesdesanluis.com\/wp-content\/uploads\/2023\/07\/cropped-apuntesdesanluis.png\",\"contentUrl\":\"https:\/\/apuntesdesanluis.com\/wp-content\/uploads\/2023\/07\/cropped-apuntesdesanluis.png\",\"width\":450,\"height\":112,\"caption\":\"apuntesdesanluis.com\"},\"logo\":{\"@id\":\"https:\/\/apuntesdesanluis.com\/#\/schema\/person\/image\/\"},\"sameAs\":[\"https:\/\/apuntesdesanluis.com\"],\"url\":\"https:\/\/apuntesdesanluis.com\/index.php\/author\/apuntesdesanluis-com\/\"}]}<\/script>\n<!-- \/ Yoast SEO plugin. -->","yoast_head_json":{"title":"CONFLICTO UNIVERSITARIO: PARAN DOCENTES Y NODOCENTES LOS D\u00cdAS 11 Y 12 DE JUNIO Y SE MOVILIZAN CONTRA LA LEY BASES - Apuntes de San Luis","robots":{"index":"index","follow":"follow","max-snippet":"max-snippet:-1","max-image-preview":"max-image-preview:large","max-video-preview":"max-video-preview:-1"},"canonical":"https:\/\/apuntesdesanluis.com\/index.php\/2024\/06\/07\/conflicto-universitario-paran-docentes-y-nodocentes-los-dias-11-y-12-de-junio-y-se-movilizan-contra-la-ley-bases\/","og_locale":"es_ES","og_type":"article","og_title":"CONFLICTO UNIVERSITARIO: PARAN DOCENTES Y NODOCENTES LOS D\u00cdAS 11 Y 12 DE JUNIO Y SE MOVILIZAN CONTRA LA LEY BASES - Apuntes de San Luis","og_description":"As\u00ed lo resolvieron este viernes un plenario de secretarios generales de gremios de base que...","og_url":"https:\/\/apuntesdesanluis.com\/index.php\/2024\/06\/07\/conflicto-universitario-paran-docentes-y-nodocentes-los-dias-11-y-12-de-junio-y-se-movilizan-contra-la-ley-bases\/","og_site_name":"Apuntes de San Luis","article_published_time":"2024-06-07T22:42:59+00:00","article_modified_time":"2024-06-07T22:44:02+00:00","og_image":[{"width":552,"height":301,"url":"https:\/\/apuntesdesanluis.com\/wp-content\/uploads\/2024\/06\/conflicto-universitario.png","type":"image\/png"}],"author":"apuntesdesanluis.com","twitter_card":"summary_large_image","twitter_misc":{"Escrito por":"apuntesdesanluis.com","Tiempo de lectura":"5 minutos"},"schema":{"@context":"https:\/\/schema.org","@graph":[{"@type":"Article","@id":"https:\/\/apuntesdesanluis.com\/index.php\/2024\/06\/07\/conflicto-universitario-paran-docentes-y-nodocentes-los-dias-11-y-12-de-junio-y-se-movilizan-contra-la-ley-bases\/#article","isPartOf":{"@id":"https:\/\/apuntesdesanluis.com\/index.php\/2024\/06\/07\/conflicto-universitario-paran-docentes-y-nodocentes-los-dias-11-y-12-de-junio-y-se-movilizan-contra-la-ley-bases\/"},"author":{"name":"apuntesdesanluis.com","@id":"https:\/\/apuntesdesanluis.com\/#\/schema\/person\/b55151d52296fcce64d1a72538a70b90"},"headline":"CONFLICTO UNIVERSITARIO: PARAN DOCENTES Y NODOCENTES LOS D\u00cdAS 11 Y 12 DE JUNIO Y SE MOVILIZAN CONTRA LA LEY BASES","datePublished":"2024-06-07T22:42:59+00:00","dateModified":"2024-06-07T22:44:02+00:00","mainEntityOfPage":{"@id":"https:\/\/apuntesdesanluis.com\/index.php\/2024\/06\/07\/conflicto-universitario-paran-docentes-y-nodocentes-los-dias-11-y-12-de-junio-y-se-movilizan-contra-la-ley-bases\/"},"wordCount":800,"publisher":{"@id":"https:\/\/apuntesdesanluis.com\/#\/schema\/person\/b55151d52296fcce64d1a72538a70b90"},"image":{"@id":"https:\/\/apuntesdesanluis.com\/index.php\/2024\/06\/07\/conflicto-universitario-paran-docentes-y-nodocentes-los-dias-11-y-12-de-junio-y-se-movilizan-contra-la-ley-bases\/#primaryimage"},"thumbnailUrl":"https:\/\/apuntesdesanluis.com\/wp-content\/uploads\/2024\/06\/conflicto-universitario.png","articleSection":["Nacionales\/Internacionales"],"inLanguage":"es-AR"},{"@type":"WebPage","@id":"https:\/\/apuntesdesanluis.com\/index.php\/2024\/06\/07\/conflicto-universitario-paran-docentes-y-nodocentes-los-dias-11-y-12-de-junio-y-se-movilizan-contra-la-ley-bases\/","url":"https:\/\/apuntesdesanluis.com\/index.php\/2024\/06\/07\/conflicto-universitario-paran-docentes-y-nodocentes-los-dias-11-y-12-de-junio-y-se-movilizan-contra-la-ley-bases\/","name":"CONFLICTO UNIVERSITARIO: PARAN DOCENTES Y NODOCENTES LOS D\u00cdAS 11 Y 12 DE JUNIO Y SE MOVILIZAN CONTRA LA LEY BASES - Apuntes de San Luis","isPartOf":{"@id":"https:\/\/apuntesdesanluis.com\/#website"},"primaryImageOfPage":{"@id":"https:\/\/apuntesdesanluis.com\/index.php\/2024\/06\/07\/conflicto-universitario-paran-docentes-y-nodocentes-los-dias-11-y-12-de-junio-y-se-movilizan-contra-la-ley-bases\/#primaryimage"},"image":{"@id":"https:\/\/apuntesdesanluis.com\/index.php\/2024\/06\/07\/conflicto-universitario-paran-docentes-y-nodocentes-los-dias-11-y-12-de-junio-y-se-movilizan-contra-la-ley-bases\/#primaryimage"},"thumbnailUrl":"https:\/\/apuntesdesanluis.com\/wp-content\/uploads\/2024\/06\/conflicto-universitario.png","datePublished":"2024-06-07T22:42:59+00:00","dateModified":"2024-06-07T22:44:02+00:00","breadcrumb":{"@id":"https:\/\/apuntesdesanluis.com\/index.php\/2024\/06\/07\/conflicto-universitario-paran-docentes-y-nodocentes-los-dias-11-y-12-de-junio-y-se-movilizan-contra-la-ley-bases\/#breadcrumb"},"inLanguage":"es-AR","potentialAction":[{"@type":"ReadAction","target":["https:\/\/apuntesdesanluis.com\/index.php\/2024\/06\/07\/conflicto-universitario-paran-docentes-y-nodocentes-los-dias-11-y-12-de-junio-y-se-movilizan-contra-la-ley-bases\/"]}]},{"@type":"ImageObject","inLanguage":"es-AR","@id":"https:\/\/apuntesdesanluis.com\/index.php\/2024\/06\/07\/conflicto-universitario-paran-docentes-y-nodocentes-los-dias-11-y-12-de-junio-y-se-movilizan-contra-la-ley-bases\/#primaryimage","url":"https:\/\/apuntesdesanluis.com\/wp-content\/uploads\/2024\/06\/conflicto-universitario.png","contentUrl":"https:\/\/apuntesdesanluis.com\/wp-content\/uploads\/2024\/06\/conflicto-universitario.png","width":552,"height":301},{"@type":"BreadcrumbList","@id":"https:\/\/apuntesdesanluis.com\/index.php\/2024\/06\/07\/conflicto-universitario-paran-docentes-y-nodocentes-los-dias-11-y-12-de-junio-y-se-movilizan-contra-la-ley-bases\/#breadcrumb","itemListElement":[{"@type":"ListItem","position":1,"name":"Inicio","item":"https:\/\/apuntesdesanluis.com\/"},{"@type":"ListItem","position":2,"name":"CONFLICTO UNIVERSITARIO: PARAN DOCENTES Y NODOCENTES LOS D\u00cdAS 11 Y 12 DE JUNIO Y SE MOVILIZAN CONTRA LA LEY BASES"}]},{"@type":"WebSite","@id":"https:\/\/apuntesdesanluis.com\/#website","url":"https:\/\/apuntesdesanluis.com\/","name":"Apuntes de San Luis","description":"","publisher":{"@id":"https:\/\/apuntesdesanluis.com\/#\/schema\/person\/b55151d52296fcce64d1a72538a70b90"},"potentialAction":[{"@type":"SearchAction","target":{"@type":"EntryPoint","urlTemplate":"https:\/\/apuntesdesanluis.com\/?s={search_term_string}"},"query-input":{"@type":"PropertyValueSpecification","valueRequired":true,"valueName":"search_term_string"}}],"inLanguage":"es-AR"},{"@type":["Person","Organization"],"@id":"https:\/\/apuntesdesanluis.com\/#\/schema\/person\/b55151d52296fcce64d1a72538a70b90","name":"apuntesdesanluis.com","image":{"@type":"ImageObject","inLanguage":"es-AR","@id":"https:\/\/apuntesdesanluis.com\/#\/schema\/person\/image\/","url":"https:\/\/apuntesdesanluis.com\/wp-content\/uploads\/2023\/07\/cropped-apuntesdesanluis.png","contentUrl":"https:\/\/apuntesdesanluis.com\/wp-content\/uploads\/2023\/07\/cropped-apuntesdesanluis.png","width":450,"height":112,"caption":"apuntesdesanluis.com"},"logo":{"@id":"https:\/\/apuntesdesanluis.com\/#\/schema\/person\/image\/"},"sameAs":["https:\/\/apuntesdesanluis.com"],"url":"https:\/\/apuntesdesanluis.com\/index.php\/author\/apuntesdesanluis-com\/"}]}},"featured_image_urls":{"full":["https:\/\/apuntesdesanluis.com\/wp-content\/uploads\/2024\/06\/conflicto-universitario.png",552,301,false],"thumbnail":["https:\/\/apuntesdesanluis.com\/wp-content\/uploads\/2024\/06\/conflicto-universitario-150x150.png",150,150,true],"medium":["https:\/\/apuntesdesanluis.com\/wp-content\/uploads\/2024\/06\/conflicto-universitario-300x164.png",300,164,true],"medium_large":["https:\/\/apuntesdesanluis.com\/wp-content\/uploads\/2024\/06\/conflicto-universitario.png",552,301,false],"large":["https:\/\/apuntesdesanluis.com\/wp-content\/uploads\/2024\/06\/conflicto-universitario.png",552,301,false],"1536x1536":["https:\/\/apuntesdesanluis.com\/wp-content\/uploads\/2024\/06\/conflicto-universitario.png",552,301,false],"2048x2048":["https:\/\/apuntesdesanluis.com\/wp-content\/uploads\/2024\/06\/conflicto-universitario.png",552,301,false],"newsever-slider-full":["https:\/\/apuntesdesanluis.com\/wp-content\/uploads\/2024\/06\/conflicto-universitario.png",552,301,false],"newsever-featured":["https:\/\/apuntesdesanluis.com\/wp-content\/uploads\/2024\/06\/conflicto-universitario.png",552,301,false],"newsever-medium":["https:\/\/apuntesdesanluis.com\/wp-content\/uploads\/2024\/06\/conflicto-universitario.png",552,301,false]},"author_info":{"display_name":"apuntesdesanluis.com","author_link":"https:\/\/apuntesdesanluis.com\/index.php\/author\/apuntesdesanluis-com\/"},"category_info":"<a href=\"https:\/\/apuntesdesanluis.com\/index.php\/category\/nacionales-internacionales\/\" rel=\"category tag\">Nacionales\/Internacionales<\/a>","tag_info":"Nacionales\/Internacionales","comment_count":"0","_links":{"self":[{"href":"https:\/\/apuntesdesanluis.com\/index.php\/wp-json\/wp\/v2\/posts\/17544","targetHints":{"allow":["GET"]}}],"collection":[{"href":"https:\/\/apuntesdesanluis.com\/index.php\/wp-json\/wp\/v2\/posts"}],"about":[{"href":"https:\/\/apuntesdesanluis.com\/index.php\/wp-json\/wp\/v2\/types\/post"}],"author":[{"embeddable":true,"href":"https:\/\/apuntesdesanluis.com\/index.php\/wp-json\/wp\/v2\/users\/1"}],"replies":[{"embeddable":true,"href":"https:\/\/apuntesdesanluis.com\/index.php\/wp-json\/wp\/v2\/comments?post=17544"}],"version-history":[{"count":3,"href":"https:\/\/apuntesdesanluis.com\/index.php\/wp-json\/wp\/v2\/posts\/17544\/revisions"}],"predecessor-version":[{"id":17551,"href":"https:\/\/apuntesdesanluis.com\/index.php\/wp-json\/wp\/v2\/posts\/17544\/revisions\/17551"}],"wp:featuredmedia":[{"embeddable":true,"href":"https:\/\/apuntesdesanluis.com\/index.php\/wp-json\/wp\/v2\/media\/17545"}],"wp:attachment":[{"href":"https:\/\/apuntesdesanluis.com\/index.php\/wp-json\/wp\/v2\/media?parent=17544"}],"wp:term":[{"taxonomy":"category","embeddable":true,"href":"https:\/\/apuntesdesanluis.com\/index.php\/wp-json\/wp\/v2\/categories?post=17544"},{"taxonomy":"post_tag","embeddable":true,"href":"https:\/\/apuntesdesanluis.com\/index.php\/wp-json\/wp\/v2\/tags?post=17544"}],"curies":[{"name":"wp","href":"https:\/\/api.w.org\/{rel}","templated":true}]}}