{"id":17556,"date":"2024-06-07T20:50:51","date_gmt":"2024-06-07T23:50:51","guid":{"rendered":"https:\/\/apuntesdesanluis.com\/?p=17556"},"modified":"2024-06-07T20:50:51","modified_gmt":"2024-06-07T23:50:51","slug":"la-justicia-ordeno-medidas-cautelares-para-un-violento-adolescente","status":"publish","type":"post","link":"https:\/\/apuntesdesanluis.com\/index.php\/2024\/06\/07\/la-justicia-ordeno-medidas-cautelares-para-un-violento-adolescente\/","title":{"rendered":"LA JUSTICIA ORDEN\u00d3 MEDIDAS CAUTELARES PARA UN VIOLENTO ADOLESCENTE"},"content":{"rendered":"<h3>Se trata de un adolescente imputado por homicidio simple en grado de tentativa y amenaza con arma.<\/h3>\n<h3>Este viernes, se desarroll\u00f3 una audiencia de vencimiento de pr\u00f3rroga en una causa que tiene como imputado a un adolescente por el delito de homicidio simple en grado de tentativa y amenaza con arma.<\/h3>\n<h3>La audiencia de formulaci\u00f3n de cargos, se realiz\u00f3 el pasado domingo 2 de junio, en donde el fiscal relat\u00f3 que el hecho ocurri\u00f3 el, d\u00eda 31 de mayo a las 23 hs. en calle Uruguay al 300. En ese momento,\u00a0 se gest\u00f3 una pelea entre varias personas, a pocos minutos,\u00a0 lleg\u00f3 la polic\u00eda, momento en que un menor de 16 a\u00f1os, que se encontraba en el lugar, entr\u00f3 a la casa sac\u00f3 un cuchillo y apu\u00f1al\u00f3 a otra de las personas que se encontraba all\u00ed, mayor de 56 a\u00f1os de edad. En consecuencia, personal policial intent\u00f3 detener al joven, quien sali\u00f3 corriendo con el arma blanca amenazando a todos los que se le acercaban. Luego, a 200 metros del lugar del hecho, fue reducido y detenido (ver aqu\u00ed: https:\/\/www.periodicojudicial.gov.ar\/juzgado-penal-juvenil-y-contravencional-audiencia-de-formulacion-de-cargos\/).<\/h3>\n<h3>En la audiencia de hoy participaron, desde el Ministerio P\u00fablico Fiscal, el Dr. Maximiliano Bazla y la Dra. Cecilia Framini. Del Ministerio P\u00fablico de la Defensa intervino la Dra. Victoria Cort\u00e1zar Furnari.\u00a0 En representaci\u00f3n tutelar del imputado estuvo presente la madre y en representaci\u00f3n legal, el Dr. Gustavo Correa. Como secretaria intervino la Dra. Silvana Casini y la agente judicial Nadia Torres.<\/h3>\n<h3>En esta ocasi\u00f3n, el representante legal en defensa del joven realiz\u00f3 una descripci\u00f3n de su teor\u00eda del caso. Mencion\u00f3 que surgieron otros elementos que denotan que hubo una leg\u00edtima defensa del adolescente y que hubo una falta de prudencia por parte del adulto, dijo que el hecho no fue tan gravoso para tipificarlo de la manera en que lo hizo el Ministerio P\u00fablico Fiscal.<\/h3>\n<h3>El Dr. Bazla manifest\u00f3 que la leg\u00edtima defensa requiere la existencia de una agresi\u00f3n inminente e injusta y que en este caso se produjo un hecho de violencia que ces\u00f3 con la presencia de personal policial. Agreg\u00f3 que el adolescente, al momento de apu\u00f1alar al damnificado, no intent\u00f3 repeler una agresi\u00f3n y que fue calificado por el accionar del imputado que ocasion\u00f3 un riesgo en la vida de la v\u00edctima.<\/h3>\n<h3>Manifest\u00f3 que el hecho est\u00e1 acreditado y ratific\u00f3 la calificaci\u00f3n legal.<\/h3>\n<h3>La Defensora de Ni\u00f1ez y Adolescencia, solicit\u00f3 que se reformulen los cargos por el delito de lesiones, teniendo en cuenta la evoluci\u00f3n del damnificado.<\/h3>\n<h3>La Dra. Mar\u00eda Antonella Panero Magnano- Jueza- sostuvo la formulaci\u00f3n de cargos por el delito de homicidio simple en grado de tentativa y amenaza con arma.<\/h3>\n<h3><img fetchpriority=\"high\" decoding=\"async\" class=\"wp-image-17558 aligncenter\" src=\"https:\/\/apuntesdesanluis.com\/wp-content\/uploads\/2024\/06\/AUDIENCIA-2-300x167.png\" alt=\"\" width=\"640\" height=\"356\" srcset=\"https:\/\/apuntesdesanluis.com\/wp-content\/uploads\/2024\/06\/AUDIENCIA-2-300x167.png 300w, https:\/\/apuntesdesanluis.com\/wp-content\/uploads\/2024\/06\/AUDIENCIA-2.png 600w\" sizes=\"(max-width: 640px) 100vw, 640px\" \/><\/h3>\n<h3>MEDIDAS<\/h3>\n<h3>En una segunda parte de la audiencia se analiz\u00f3 sobre las medidas cautelares.<\/h3>\n<h3>La fiscal\u00eda explic\u00f3 que en la semana de pr\u00f3rroga de detenci\u00f3n en la que el imputado ten\u00eda que cumplir prisi\u00f3n domiciliaria sucedieron hechos de agresi\u00f3n contra su madre, quien relat\u00f3 que no pod\u00eda contenerlo. Teniendo en cuenta esto, y lo sucedido anteriormente, es que adelant\u00f3 que solicitar\u00eda medidas coercitivas.<\/h3>\n<h3>El Dr. Bazla consider\u00f3 que la medida adecuada es el alojamiento del menor en un centro especializado y que cumpla todos los requisitos a los fines de garantizar sus derechos y tenga una oportunidad en el futuro.\u00a0 Argument\u00f3 que se debe velar por la seguridad de la v\u00edctima, de testigos, de terceros y de s\u00ed mismo.<\/h3>\n<h3>Para eso, solicit\u00f3 que se oficie al Ministerio de Seguridad de la provincia para que informe de manera urgente cu\u00e1l es el establecimiento con el que tienen convenio en otra provincia y que sea adecuado para el imputado, el cual debe garantizar la educaci\u00f3n, la contenci\u00f3n psicol\u00f3gica y psiqui\u00e1trica, tratamiento por consumo problem\u00e1tico y atender las causales de las conductas violentas.<\/h3>\n<h3>En relaci\u00f3n a ello, la Dra. Victoria Cort\u00e1zar Furnari solicit\u00f3 el rechazo de la medida coercitiva ya que se entiende como un fin punitivo y de coartar la libertad. Relat\u00f3 que el adolescente presenta una historia vital de vulneraci\u00f3n de derechos, falta de cuidado y de v\u00ednculo parental.<\/h3>\n<h3>Solicit\u00f3 que se busque un centro para que realice un tratamiento psicol\u00f3gico, psiqui\u00e1trico y farmacol\u00f3gico con finalidad de rehabilitaci\u00f3n.<\/h3>\n<h3>El Dr. Gustavo Correa expres\u00f3 que el alojamiento en otra provincia y una prisi\u00f3n preventiva ser\u00eda condenarlo por el s\u00f3lo hecho de haber tenido un conflicto con la ley penal. Agreg\u00f3 que se estar\u00edan violando todas las convenciones internacionales y que existen otras medidas menos gravosas.<\/h3>\n<h3>Propuso que se realice un informe socio-ambiental en la casa del abuelo paterno \u2013ya que expuso su voluntad de cuidado- y se apliquen otras medidas socio-educativas.<\/h3>\n<h3>Luego de la exposici\u00f3n de las partes, la Dra. Panero resolvi\u00f3 hacer lugar a lo solicitado por la fiscal\u00eda.<\/h3>\n<h3>En sus consideraciones explic\u00f3 que debe velar para que se garanticen todos los derechos del adolescente, que su decisi\u00f3n se funda en la falta de recursos, presencia y contenci\u00f3n parental, en que se trat\u00f3 de un hecho violento y que el joven necesita ayuda para controlar sus impulsos.<\/h3>\n<h3>Manifest\u00f3 que la medida es tendiente a la recuperaci\u00f3n, a la atenci\u00f3n constante y permanente.<\/h3>\n<h3>Orden\u00f3 que con habilitaci\u00f3n de d\u00eda y hora se oficie al Ministerio de Seguridad a los fines de que informen en qu\u00e9 instituto de otra provincia puede ser recibido para que tenga un abordaje interdisciplinario, atenci\u00f3n psicol\u00f3gica, psiqui\u00e1trica, tratamiento farmacol\u00f3gico y se cumpla con todas las garant\u00edas\u00a0 y derechos por ser un adolescente en conflicto con la ley penal.<\/h3>\n<h3>Mientras dure la medida, orden\u00f3 la realizaci\u00f3n de informes socio-ambientales en casa de un familiar del adolescente a los fines de prever un lugar de contenci\u00f3n y cuidado en un futuro pr\u00f3ximo. Mientras se gestione el traslado a un centro especializado, el joven se alojar\u00e1 en la Comisar\u00eda de Atenci\u00f3n a la Ni\u00f1ez, Adolescencia y Familia.<\/h3>\n<h3>El representante legal, Dr. Gustavo Correa interpuso un recurso de revisi\u00f3n.<\/h3>\n<p>&nbsp;<\/p>\n<p>&nbsp;<\/p>\n<p>&nbsp;<\/p>\n<h3><\/h3>\n<p>&nbsp;<\/p>\n<p>&nbsp;<\/p>\n","protected":false},"excerpt":{"rendered":"<p>Se trata de un adolescente imputado por homicidio simple en grado de tentativa y amenaza&#8230;<\/p>\n","protected":false},"author":1,"featured_media":17557,"comment_status":"closed","ping_status":"closed","sticky":false,"template":"","format":"standard","meta":{"footnotes":""},"categories":[6],"tags":[],"class_list":["post-17556","post","type-post","status-publish","format-standard","has-post-thumbnail","hentry","category-ciudad-provincia"],"yoast_head":"<!-- This site is optimized with the Yoast SEO plugin v26.1.1 - https:\/\/yoast.com\/wordpress\/plugins\/seo\/ -->\n<title>LA JUSTICIA ORDEN\u00d3 MEDIDAS CAUTELARES PARA UN VIOLENTO ADOLESCENTE - Apuntes de San Luis<\/title>\n<meta name=\"robots\" content=\"index, follow, max-snippet:-1, max-image-preview:large, max-video-preview:-1\" \/>\n<link rel=\"canonical\" href=\"https:\/\/apuntesdesanluis.com\/index.php\/2024\/06\/07\/la-justicia-ordeno-medidas-cautelares-para-un-violento-adolescente\/\" \/>\n<meta property=\"og:locale\" content=\"es_ES\" \/>\n<meta property=\"og:type\" content=\"article\" \/>\n<meta property=\"og:title\" content=\"LA JUSTICIA ORDEN\u00d3 MEDIDAS CAUTELARES PARA UN VIOLENTO ADOLESCENTE - Apuntes de San Luis\" \/>\n<meta property=\"og:description\" content=\"Se trata de un adolescente imputado por homicidio simple en grado de tentativa y amenaza...\" \/>\n<meta property=\"og:url\" content=\"https:\/\/apuntesdesanluis.com\/index.php\/2024\/06\/07\/la-justicia-ordeno-medidas-cautelares-para-un-violento-adolescente\/\" \/>\n<meta property=\"og:site_name\" content=\"Apuntes de San Luis\" \/>\n<meta property=\"article:published_time\" content=\"2024-06-07T23:50:51+00:00\" \/>\n<meta property=\"og:image\" content=\"https:\/\/apuntesdesanluis.com\/wp-content\/uploads\/2024\/06\/JUEZAS.png\" \/>\n\t<meta property=\"og:image:width\" content=\"600\" \/>\n\t<meta property=\"og:image:height\" content=\"350\" \/>\n\t<meta property=\"og:image:type\" content=\"image\/png\" \/>\n<meta name=\"author\" content=\"apuntesdesanluis.com\" \/>\n<meta name=\"twitter:card\" content=\"summary_large_image\" \/>\n<meta name=\"twitter:label1\" content=\"Escrito por\" \/>\n\t<meta name=\"twitter:data1\" content=\"apuntesdesanluis.com\" \/>\n\t<meta name=\"twitter:label2\" content=\"Tiempo de lectura\" \/>\n\t<meta name=\"twitter:data2\" content=\"5 minutos\" \/>\n<script type=\"application\/ld+json\" class=\"yoast-schema-graph\">{\"@context\":\"https:\/\/schema.org\",\"@graph\":[{\"@type\":\"Article\",\"@id\":\"https:\/\/apuntesdesanluis.com\/index.php\/2024\/06\/07\/la-justicia-ordeno-medidas-cautelares-para-un-violento-adolescente\/#article\",\"isPartOf\":{\"@id\":\"https:\/\/apuntesdesanluis.com\/index.php\/2024\/06\/07\/la-justicia-ordeno-medidas-cautelares-para-un-violento-adolescente\/\"},\"author\":{\"name\":\"apuntesdesanluis.com\",\"@id\":\"https:\/\/apuntesdesanluis.com\/#\/schema\/person\/b55151d52296fcce64d1a72538a70b90\"},\"headline\":\"LA JUSTICIA ORDEN\u00d3 MEDIDAS CAUTELARES PARA UN VIOLENTO ADOLESCENTE\",\"datePublished\":\"2024-06-07T23:50:51+00:00\",\"mainEntityOfPage\":{\"@id\":\"https:\/\/apuntesdesanluis.com\/index.php\/2024\/06\/07\/la-justicia-ordeno-medidas-cautelares-para-un-violento-adolescente\/\"},\"wordCount\":1050,\"publisher\":{\"@id\":\"https:\/\/apuntesdesanluis.com\/#\/schema\/person\/b55151d52296fcce64d1a72538a70b90\"},\"image\":{\"@id\":\"https:\/\/apuntesdesanluis.com\/index.php\/2024\/06\/07\/la-justicia-ordeno-medidas-cautelares-para-un-violento-adolescente\/#primaryimage\"},\"thumbnailUrl\":\"https:\/\/apuntesdesanluis.com\/wp-content\/uploads\/2024\/06\/JUEZAS.png\",\"articleSection\":[\"Ciudad\/Provincia\"],\"inLanguage\":\"es-AR\"},{\"@type\":\"WebPage\",\"@id\":\"https:\/\/apuntesdesanluis.com\/index.php\/2024\/06\/07\/la-justicia-ordeno-medidas-cautelares-para-un-violento-adolescente\/\",\"url\":\"https:\/\/apuntesdesanluis.com\/index.php\/2024\/06\/07\/la-justicia-ordeno-medidas-cautelares-para-un-violento-adolescente\/\",\"name\":\"LA JUSTICIA ORDEN\u00d3 MEDIDAS CAUTELARES PARA UN VIOLENTO ADOLESCENTE - Apuntes de San Luis\",\"isPartOf\":{\"@id\":\"https:\/\/apuntesdesanluis.com\/#website\"},\"primaryImageOfPage\":{\"@id\":\"https:\/\/apuntesdesanluis.com\/index.php\/2024\/06\/07\/la-justicia-ordeno-medidas-cautelares-para-un-violento-adolescente\/#primaryimage\"},\"image\":{\"@id\":\"https:\/\/apuntesdesanluis.com\/index.php\/2024\/06\/07\/la-justicia-ordeno-medidas-cautelares-para-un-violento-adolescente\/#primaryimage\"},\"thumbnailUrl\":\"https:\/\/apuntesdesanluis.com\/wp-content\/uploads\/2024\/06\/JUEZAS.png\",\"datePublished\":\"2024-06-07T23:50:51+00:00\",\"breadcrumb\":{\"@id\":\"https:\/\/apuntesdesanluis.com\/index.php\/2024\/06\/07\/la-justicia-ordeno-medidas-cautelares-para-un-violento-adolescente\/#breadcrumb\"},\"inLanguage\":\"es-AR\",\"potentialAction\":[{\"@type\":\"ReadAction\",\"target\":[\"https:\/\/apuntesdesanluis.com\/index.php\/2024\/06\/07\/la-justicia-ordeno-medidas-cautelares-para-un-violento-adolescente\/\"]}]},{\"@type\":\"ImageObject\",\"inLanguage\":\"es-AR\",\"@id\":\"https:\/\/apuntesdesanluis.com\/index.php\/2024\/06\/07\/la-justicia-ordeno-medidas-cautelares-para-un-violento-adolescente\/#primaryimage\",\"url\":\"https:\/\/apuntesdesanluis.com\/wp-content\/uploads\/2024\/06\/JUEZAS.png\",\"contentUrl\":\"https:\/\/apuntesdesanluis.com\/wp-content\/uploads\/2024\/06\/JUEZAS.png\",\"width\":600,\"height\":350},{\"@type\":\"BreadcrumbList\",\"@id\":\"https:\/\/apuntesdesanluis.com\/index.php\/2024\/06\/07\/la-justicia-ordeno-medidas-cautelares-para-un-violento-adolescente\/#breadcrumb\",\"itemListElement\":[{\"@type\":\"ListItem\",\"position\":1,\"name\":\"Inicio\",\"item\":\"https:\/\/apuntesdesanluis.com\/\"},{\"@type\":\"ListItem\",\"position\":2,\"name\":\"LA JUSTICIA ORDEN\u00d3 MEDIDAS CAUTELARES PARA UN VIOLENTO ADOLESCENTE\"}]},{\"@type\":\"WebSite\",\"@id\":\"https:\/\/apuntesdesanluis.com\/#website\",\"url\":\"https:\/\/apuntesdesanluis.com\/\",\"name\":\"Apuntes de San Luis\",\"description\":\"\",\"publisher\":{\"@id\":\"https:\/\/apuntesdesanluis.com\/#\/schema\/person\/b55151d52296fcce64d1a72538a70b90\"},\"potentialAction\":[{\"@type\":\"SearchAction\",\"target\":{\"@type\":\"EntryPoint\",\"urlTemplate\":\"https:\/\/apuntesdesanluis.com\/?s={search_term_string}\"},\"query-input\":{\"@type\":\"PropertyValueSpecification\",\"valueRequired\":true,\"valueName\":\"search_term_string\"}}],\"inLanguage\":\"es-AR\"},{\"@type\":[\"Person\",\"Organization\"],\"@id\":\"https:\/\/apuntesdesanluis.com\/#\/schema\/person\/b55151d52296fcce64d1a72538a70b90\",\"name\":\"apuntesdesanluis.com\",\"image\":{\"@type\":\"ImageObject\",\"inLanguage\":\"es-AR\",\"@id\":\"https:\/\/apuntesdesanluis.com\/#\/schema\/person\/image\/\",\"url\":\"https:\/\/apuntesdesanluis.com\/wp-content\/uploads\/2023\/07\/cropped-apuntesdesanluis.png\",\"contentUrl\":\"https:\/\/apuntesdesanluis.com\/wp-content\/uploads\/2023\/07\/cropped-apuntesdesanluis.png\",\"width\":450,\"height\":112,\"caption\":\"apuntesdesanluis.com\"},\"logo\":{\"@id\":\"https:\/\/apuntesdesanluis.com\/#\/schema\/person\/image\/\"},\"sameAs\":[\"https:\/\/apuntesdesanluis.com\"],\"url\":\"https:\/\/apuntesdesanluis.com\/index.php\/author\/apuntesdesanluis-com\/\"}]}<\/script>\n<!-- \/ Yoast SEO plugin. -->","yoast_head_json":{"title":"LA JUSTICIA ORDEN\u00d3 MEDIDAS CAUTELARES PARA UN VIOLENTO ADOLESCENTE - Apuntes de San Luis","robots":{"index":"index","follow":"follow","max-snippet":"max-snippet:-1","max-image-preview":"max-image-preview:large","max-video-preview":"max-video-preview:-1"},"canonical":"https:\/\/apuntesdesanluis.com\/index.php\/2024\/06\/07\/la-justicia-ordeno-medidas-cautelares-para-un-violento-adolescente\/","og_locale":"es_ES","og_type":"article","og_title":"LA JUSTICIA ORDEN\u00d3 MEDIDAS CAUTELARES PARA UN VIOLENTO ADOLESCENTE - Apuntes de San Luis","og_description":"Se trata de un adolescente imputado por homicidio simple en grado de tentativa y amenaza...","og_url":"https:\/\/apuntesdesanluis.com\/index.php\/2024\/06\/07\/la-justicia-ordeno-medidas-cautelares-para-un-violento-adolescente\/","og_site_name":"Apuntes de San Luis","article_published_time":"2024-06-07T23:50:51+00:00","og_image":[{"width":600,"height":350,"url":"https:\/\/apuntesdesanluis.com\/wp-content\/uploads\/2024\/06\/JUEZAS.png","type":"image\/png"}],"author":"apuntesdesanluis.com","twitter_card":"summary_large_image","twitter_misc":{"Escrito por":"apuntesdesanluis.com","Tiempo de lectura":"5 minutos"},"schema":{"@context":"https:\/\/schema.org","@graph":[{"@type":"Article","@id":"https:\/\/apuntesdesanluis.com\/index.php\/2024\/06\/07\/la-justicia-ordeno-medidas-cautelares-para-un-violento-adolescente\/#article","isPartOf":{"@id":"https:\/\/apuntesdesanluis.com\/index.php\/2024\/06\/07\/la-justicia-ordeno-medidas-cautelares-para-un-violento-adolescente\/"},"author":{"name":"apuntesdesanluis.com","@id":"https:\/\/apuntesdesanluis.com\/#\/schema\/person\/b55151d52296fcce64d1a72538a70b90"},"headline":"LA JUSTICIA ORDEN\u00d3 MEDIDAS CAUTELARES PARA UN VIOLENTO ADOLESCENTE","datePublished":"2024-06-07T23:50:51+00:00","mainEntityOfPage":{"@id":"https:\/\/apuntesdesanluis.com\/index.php\/2024\/06\/07\/la-justicia-ordeno-medidas-cautelares-para-un-violento-adolescente\/"},"wordCount":1050,"publisher":{"@id":"https:\/\/apuntesdesanluis.com\/#\/schema\/person\/b55151d52296fcce64d1a72538a70b90"},"image":{"@id":"https:\/\/apuntesdesanluis.com\/index.php\/2024\/06\/07\/la-justicia-ordeno-medidas-cautelares-para-un-violento-adolescente\/#primaryimage"},"thumbnailUrl":"https:\/\/apuntesdesanluis.com\/wp-content\/uploads\/2024\/06\/JUEZAS.png","articleSection":["Ciudad\/Provincia"],"inLanguage":"es-AR"},{"@type":"WebPage","@id":"https:\/\/apuntesdesanluis.com\/index.php\/2024\/06\/07\/la-justicia-ordeno-medidas-cautelares-para-un-violento-adolescente\/","url":"https:\/\/apuntesdesanluis.com\/index.php\/2024\/06\/07\/la-justicia-ordeno-medidas-cautelares-para-un-violento-adolescente\/","name":"LA JUSTICIA ORDEN\u00d3 MEDIDAS CAUTELARES PARA UN VIOLENTO ADOLESCENTE - Apuntes de San Luis","isPartOf":{"@id":"https:\/\/apuntesdesanluis.com\/#website"},"primaryImageOfPage":{"@id":"https:\/\/apuntesdesanluis.com\/index.php\/2024\/06\/07\/la-justicia-ordeno-medidas-cautelares-para-un-violento-adolescente\/#primaryimage"},"image":{"@id":"https:\/\/apuntesdesanluis.com\/index.php\/2024\/06\/07\/la-justicia-ordeno-medidas-cautelares-para-un-violento-adolescente\/#primaryimage"},"thumbnailUrl":"https:\/\/apuntesdesanluis.com\/wp-content\/uploads\/2024\/06\/JUEZAS.png","datePublished":"2024-06-07T23:50:51+00:00","breadcrumb":{"@id":"https:\/\/apuntesdesanluis.com\/index.php\/2024\/06\/07\/la-justicia-ordeno-medidas-cautelares-para-un-violento-adolescente\/#breadcrumb"},"inLanguage":"es-AR","potentialAction":[{"@type":"ReadAction","target":["https:\/\/apuntesdesanluis.com\/index.php\/2024\/06\/07\/la-justicia-ordeno-medidas-cautelares-para-un-violento-adolescente\/"]}]},{"@type":"ImageObject","inLanguage":"es-AR","@id":"https:\/\/apuntesdesanluis.com\/index.php\/2024\/06\/07\/la-justicia-ordeno-medidas-cautelares-para-un-violento-adolescente\/#primaryimage","url":"https:\/\/apuntesdesanluis.com\/wp-content\/uploads\/2024\/06\/JUEZAS.png","contentUrl":"https:\/\/apuntesdesanluis.com\/wp-content\/uploads\/2024\/06\/JUEZAS.png","width":600,"height":350},{"@type":"BreadcrumbList","@id":"https:\/\/apuntesdesanluis.com\/index.php\/2024\/06\/07\/la-justicia-ordeno-medidas-cautelares-para-un-violento-adolescente\/#breadcrumb","itemListElement":[{"@type":"ListItem","position":1,"name":"Inicio","item":"https:\/\/apuntesdesanluis.com\/"},{"@type":"ListItem","position":2,"name":"LA JUSTICIA ORDEN\u00d3 MEDIDAS CAUTELARES PARA UN VIOLENTO ADOLESCENTE"}]},{"@type":"WebSite","@id":"https:\/\/apuntesdesanluis.com\/#website","url":"https:\/\/apuntesdesanluis.com\/","name":"Apuntes de San Luis","description":"","publisher":{"@id":"https:\/\/apuntesdesanluis.com\/#\/schema\/person\/b55151d52296fcce64d1a72538a70b90"},"potentialAction":[{"@type":"SearchAction","target":{"@type":"EntryPoint","urlTemplate":"https:\/\/apuntesdesanluis.com\/?s={search_term_string}"},"query-input":{"@type":"PropertyValueSpecification","valueRequired":true,"valueName":"search_term_string"}}],"inLanguage":"es-AR"},{"@type":["Person","Organization"],"@id":"https:\/\/apuntesdesanluis.com\/#\/schema\/person\/b55151d52296fcce64d1a72538a70b90","name":"apuntesdesanluis.com","image":{"@type":"ImageObject","inLanguage":"es-AR","@id":"https:\/\/apuntesdesanluis.com\/#\/schema\/person\/image\/","url":"https:\/\/apuntesdesanluis.com\/wp-content\/uploads\/2023\/07\/cropped-apuntesdesanluis.png","contentUrl":"https:\/\/apuntesdesanluis.com\/wp-content\/uploads\/2023\/07\/cropped-apuntesdesanluis.png","width":450,"height":112,"caption":"apuntesdesanluis.com"},"logo":{"@id":"https:\/\/apuntesdesanluis.com\/#\/schema\/person\/image\/"},"sameAs":["https:\/\/apuntesdesanluis.com"],"url":"https:\/\/apuntesdesanluis.com\/index.php\/author\/apuntesdesanluis-com\/"}]}},"featured_image_urls":{"full":["https:\/\/apuntesdesanluis.com\/wp-content\/uploads\/2024\/06\/JUEZAS.png",600,350,false],"thumbnail":["https:\/\/apuntesdesanluis.com\/wp-content\/uploads\/2024\/06\/JUEZAS-150x150.png",150,150,true],"medium":["https:\/\/apuntesdesanluis.com\/wp-content\/uploads\/2024\/06\/JUEZAS-300x175.png",300,175,true],"medium_large":["https:\/\/apuntesdesanluis.com\/wp-content\/uploads\/2024\/06\/JUEZAS.png",600,350,false],"large":["https:\/\/apuntesdesanluis.com\/wp-content\/uploads\/2024\/06\/JUEZAS.png",600,350,false],"1536x1536":["https:\/\/apuntesdesanluis.com\/wp-content\/uploads\/2024\/06\/JUEZAS.png",600,350,false],"2048x2048":["https:\/\/apuntesdesanluis.com\/wp-content\/uploads\/2024\/06\/JUEZAS.png",600,350,false],"newsever-slider-full":["https:\/\/apuntesdesanluis.com\/wp-content\/uploads\/2024\/06\/JUEZAS.png",600,350,false],"newsever-featured":["https:\/\/apuntesdesanluis.com\/wp-content\/uploads\/2024\/06\/JUEZAS.png",600,350,false],"newsever-medium":["https:\/\/apuntesdesanluis.com\/wp-content\/uploads\/2024\/06\/JUEZAS.png",600,350,false]},"author_info":{"display_name":"apuntesdesanluis.com","author_link":"https:\/\/apuntesdesanluis.com\/index.php\/author\/apuntesdesanluis-com\/"},"category_info":"<a href=\"https:\/\/apuntesdesanluis.com\/index.php\/category\/ciudad-provincia\/\" rel=\"category tag\">Ciudad\/Provincia<\/a>","tag_info":"Ciudad\/Provincia","comment_count":"0","_links":{"self":[{"href":"https:\/\/apuntesdesanluis.com\/index.php\/wp-json\/wp\/v2\/posts\/17556","targetHints":{"allow":["GET"]}}],"collection":[{"href":"https:\/\/apuntesdesanluis.com\/index.php\/wp-json\/wp\/v2\/posts"}],"about":[{"href":"https:\/\/apuntesdesanluis.com\/index.php\/wp-json\/wp\/v2\/types\/post"}],"author":[{"embeddable":true,"href":"https:\/\/apuntesdesanluis.com\/index.php\/wp-json\/wp\/v2\/users\/1"}],"replies":[{"embeddable":true,"href":"https:\/\/apuntesdesanluis.com\/index.php\/wp-json\/wp\/v2\/comments?post=17556"}],"version-history":[{"count":1,"href":"https:\/\/apuntesdesanluis.com\/index.php\/wp-json\/wp\/v2\/posts\/17556\/revisions"}],"predecessor-version":[{"id":17559,"href":"https:\/\/apuntesdesanluis.com\/index.php\/wp-json\/wp\/v2\/posts\/17556\/revisions\/17559"}],"wp:featuredmedia":[{"embeddable":true,"href":"https:\/\/apuntesdesanluis.com\/index.php\/wp-json\/wp\/v2\/media\/17557"}],"wp:attachment":[{"href":"https:\/\/apuntesdesanluis.com\/index.php\/wp-json\/wp\/v2\/media?parent=17556"}],"wp:term":[{"taxonomy":"category","embeddable":true,"href":"https:\/\/apuntesdesanluis.com\/index.php\/wp-json\/wp\/v2\/categories?post=17556"},{"taxonomy":"post_tag","embeddable":true,"href":"https:\/\/apuntesdesanluis.com\/index.php\/wp-json\/wp\/v2\/tags?post=17556"}],"curies":[{"name":"wp","href":"https:\/\/api.w.org\/{rel}","templated":true}]}}