{"id":17576,"date":"2024-06-07T23:52:07","date_gmt":"2024-06-08T02:52:07","guid":{"rendered":"https:\/\/apuntesdesanluis.com\/?p=17576"},"modified":"2024-06-07T23:52:07","modified_gmt":"2024-06-08T02:52:07","slug":"carton-lleno-alfonso-verges-es-el-nuevo-ministro-de-ciencia-e-innovacion","status":"publish","type":"post","link":"https:\/\/apuntesdesanluis.com\/index.php\/2024\/06\/07\/carton-lleno-alfonso-verges-es-el-nuevo-ministro-de-ciencia-e-innovacion\/","title":{"rendered":"CART\u00d3N LLENO: ALFONSO VERG\u00c9S ES EL NUEVO MINISTRO DE CIENCIA E INNOVACI\u00d3N"},"content":{"rendered":"<h3>El gobernador de San Luis, <strong>Claudio Poggi<\/strong>, le tom\u00f3 juramento este viernes frente a todo el gabinete en el Sal\u00f3n Blanco de Casa de Gobierno. El nuevo funcionario asumi\u00f3 su compromiso y prometi\u00f3 \u201crecuperar todos los datos que perdi\u00f3 la provincia\u201d.<\/h3>\n<h3>Era el \u00fanico ministerio que se encontraba vacante desde el 10 de diciembre, dado que hab\u00eda sido ofrecido al sector de <strong>Adolfo Rodr\u00edguez Sa\u00e1<\/strong>, quien propuso a su esposa <strong>Gisela Vartalitis<\/strong> para ocuparlo, pero su curr\u00edculum fue rechazado por el \u00e1rea de Recursos Humanos del gobernador y desde entonces se &#8220;empast\u00f3&#8221; la designaci\u00f3n de un responsable.<\/h3>\n<h3>\u201cEste ministerio era la \u00fanica cartera que no ten\u00eda oficialmente un titular ya que estaba a cargo del ministro, N\u00e9stor Ord\u00f3\u00f1ez, de Hacienda e Infraestructura P\u00fablica. Ahora, <strong>Alfonso Verg\u00e9s<\/strong> toma el puesto con el objetivo de \u201crecuperar los datos perdidos de la provincia y formar un trabajo coordinado con la Universidad de La Punta (ULP) para que la innovaci\u00f3n crezca dentro de San Luis\u201d, dijo Poggi.<\/h3>\n<p><img fetchpriority=\"high\" decoding=\"async\" class=\"wp-image-17578 aligncenter\" src=\"https:\/\/apuntesdesanluis.com\/wp-content\/uploads\/2024\/06\/alfonso-verges-coln-selfies-300x178.png\" alt=\"\" width=\"667\" height=\"396\" srcset=\"https:\/\/apuntesdesanluis.com\/wp-content\/uploads\/2024\/06\/alfonso-verges-coln-selfies-300x178.png 300w, https:\/\/apuntesdesanluis.com\/wp-content\/uploads\/2024\/06\/alfonso-verges-coln-selfies-768x455.png 768w, https:\/\/apuntesdesanluis.com\/wp-content\/uploads\/2024\/06\/alfonso-verges-coln-selfies.png 830w\" sizes=\"(max-width: 667px) 100vw, 667px\" \/><\/p>\n<h3>El nuevo ministro es abogado y tiene una amplia trayectoria dentro de la pol\u00edtica sanluise\u00f1a, con un amplio conocimiento de San Luis debido a que ejerci\u00f3 cargos relevantes, entre ellos la intendencia de la ciudad Capital.<\/h3>\n<h3>\u201cCiencia e Innovaci\u00f3n es educaci\u00f3n. Ciencia e innovaci\u00f3n va a trabajar con todos los ministerios, coordinando los datos, generando esas estad\u00edsticas que necesitamos para llevar a San Luis al mejor lugar, y no tengo ninguna duda que de la mano de Claudio lo vamos a lograr\u201d, asegur\u00f3 Verg\u00e9s durante su asunci\u00f3n.<\/h3>\n<h3>Desde el lunes, Verg\u00e9s comenzar\u00e1 su agenda de trabajo y se unir\u00e1 a la gira institucional que lleva adelante el primer mandatario y que tiene como objetivo recorrer toda la provincia.<\/h3>\n<h3>\u201cDesde el 10 de diciembre nos estamos manejando como \u2018gallitos ciegos\u2019, sin estad\u00edsticas, sin datos y sin informaci\u00f3n. Ese d\u00eda se destruy\u00f3 toda la estad\u00edstica de la provincia\u201d, asegur\u00f3 el gobernador, Claudio Poggi, luego de tomarle el juramento de mandato a Verg\u00e9s. Tambi\u00e9n elogi\u00f3 la experiencia del Ministro, cont\u00f3 cu\u00e1l fue el pedido principal que le hizo y le dese\u00f3 \u00e9xitos en este nuevo cargo.<\/h3>\n<h3>\u201cQueremos reconstruir esos datos, que nos ayude para poder tomar decisiones pol\u00edticas p\u00fablicas m\u00e1s acertadas, m\u00e1s correctas reduciendo el margen de error. Muchas \u00e1reas de Gobierno est\u00e1n atrincheradas, porque todos los d\u00edas hay que levantarse a solucionar dificultades en un contexto social y econ\u00f3mico dif\u00edcil\u201d, dijo el jefe de Estado.<\/h3>\n<h3>Por \u00faltimo, Poggi explic\u00f3 a qu\u00e9 apuntar\u00e1 el ministerio de Ciencia e Innovaci\u00f3n. \u201cA innovar en el desarrollo productivo, la innovaci\u00f3n en el desarrollo humano, y a la innovaci\u00f3n tambi\u00e9n en la modernizaci\u00f3n del Estado. Todos los \u00e9xitos en esta tarea, en este desaf\u00edo\u201d, le dese\u00f3 a Verg\u00e9s.<\/h3>\n<p>&nbsp;<\/p>\n<p>&nbsp;<\/p>\n<p>&nbsp;<\/p>\n","protected":false},"excerpt":{"rendered":"<p>El gobernador de San Luis, Claudio Poggi, le tom\u00f3 juramento este viernes frente a todo&#8230;<\/p>\n","protected":false},"author":1,"featured_media":17577,"comment_status":"closed","ping_status":"closed","sticky":false,"template":"","format":"standard","meta":{"footnotes":""},"categories":[6],"tags":[],"class_list":["post-17576","post","type-post","status-publish","format-standard","has-post-thumbnail","hentry","category-ciudad-provincia"],"yoast_head":"<!-- This site is optimized with the Yoast SEO plugin v26.1.1 - https:\/\/yoast.com\/wordpress\/plugins\/seo\/ -->\n<title>CART\u00d3N LLENO: ALFONSO VERG\u00c9S ES EL NUEVO MINISTRO DE CIENCIA E INNOVACI\u00d3N - Apuntes de San Luis<\/title>\n<meta name=\"robots\" content=\"index, follow, max-snippet:-1, max-image-preview:large, max-video-preview:-1\" \/>\n<link rel=\"canonical\" href=\"https:\/\/apuntesdesanluis.com\/index.php\/2024\/06\/07\/carton-lleno-alfonso-verges-es-el-nuevo-ministro-de-ciencia-e-innovacion\/\" \/>\n<meta property=\"og:locale\" content=\"es_ES\" \/>\n<meta property=\"og:type\" content=\"article\" \/>\n<meta property=\"og:title\" content=\"CART\u00d3N LLENO: ALFONSO VERG\u00c9S ES EL NUEVO MINISTRO DE CIENCIA E INNOVACI\u00d3N - Apuntes de San Luis\" \/>\n<meta property=\"og:description\" content=\"El gobernador de San Luis, Claudio Poggi, le tom\u00f3 juramento este viernes frente a todo...\" \/>\n<meta property=\"og:url\" content=\"https:\/\/apuntesdesanluis.com\/index.php\/2024\/06\/07\/carton-lleno-alfonso-verges-es-el-nuevo-ministro-de-ciencia-e-innovacion\/\" \/>\n<meta property=\"og:site_name\" content=\"Apuntes de San Luis\" \/>\n<meta property=\"article:published_time\" content=\"2024-06-08T02:52:07+00:00\" \/>\n<meta property=\"og:image\" content=\"https:\/\/apuntesdesanluis.com\/wp-content\/uploads\/2024\/06\/alfonso-verges-jurando.png\" \/>\n\t<meta property=\"og:image:width\" content=\"668\" \/>\n\t<meta property=\"og:image:height\" content=\"390\" \/>\n\t<meta property=\"og:image:type\" content=\"image\/png\" \/>\n<meta name=\"author\" content=\"apuntesdesanluis.com\" \/>\n<meta name=\"twitter:card\" content=\"summary_large_image\" \/>\n<meta name=\"twitter:label1\" content=\"Escrito por\" \/>\n\t<meta name=\"twitter:data1\" content=\"apuntesdesanluis.com\" \/>\n\t<meta name=\"twitter:label2\" content=\"Tiempo de lectura\" \/>\n\t<meta name=\"twitter:data2\" content=\"3 minutos\" \/>\n<script type=\"application\/ld+json\" class=\"yoast-schema-graph\">{\"@context\":\"https:\/\/schema.org\",\"@graph\":[{\"@type\":\"Article\",\"@id\":\"https:\/\/apuntesdesanluis.com\/index.php\/2024\/06\/07\/carton-lleno-alfonso-verges-es-el-nuevo-ministro-de-ciencia-e-innovacion\/#article\",\"isPartOf\":{\"@id\":\"https:\/\/apuntesdesanluis.com\/index.php\/2024\/06\/07\/carton-lleno-alfonso-verges-es-el-nuevo-ministro-de-ciencia-e-innovacion\/\"},\"author\":{\"name\":\"apuntesdesanluis.com\",\"@id\":\"https:\/\/apuntesdesanluis.com\/#\/schema\/person\/b55151d52296fcce64d1a72538a70b90\"},\"headline\":\"CART\u00d3N LLENO: ALFONSO VERG\u00c9S ES EL NUEVO MINISTRO DE CIENCIA E INNOVACI\u00d3N\",\"datePublished\":\"2024-06-08T02:52:07+00:00\",\"mainEntityOfPage\":{\"@id\":\"https:\/\/apuntesdesanluis.com\/index.php\/2024\/06\/07\/carton-lleno-alfonso-verges-es-el-nuevo-ministro-de-ciencia-e-innovacion\/\"},\"wordCount\":502,\"publisher\":{\"@id\":\"https:\/\/apuntesdesanluis.com\/#\/schema\/person\/b55151d52296fcce64d1a72538a70b90\"},\"image\":{\"@id\":\"https:\/\/apuntesdesanluis.com\/index.php\/2024\/06\/07\/carton-lleno-alfonso-verges-es-el-nuevo-ministro-de-ciencia-e-innovacion\/#primaryimage\"},\"thumbnailUrl\":\"https:\/\/apuntesdesanluis.com\/wp-content\/uploads\/2024\/06\/alfonso-verges-jurando.png\",\"articleSection\":[\"Ciudad\/Provincia\"],\"inLanguage\":\"es-AR\"},{\"@type\":\"WebPage\",\"@id\":\"https:\/\/apuntesdesanluis.com\/index.php\/2024\/06\/07\/carton-lleno-alfonso-verges-es-el-nuevo-ministro-de-ciencia-e-innovacion\/\",\"url\":\"https:\/\/apuntesdesanluis.com\/index.php\/2024\/06\/07\/carton-lleno-alfonso-verges-es-el-nuevo-ministro-de-ciencia-e-innovacion\/\",\"name\":\"CART\u00d3N LLENO: ALFONSO VERG\u00c9S ES EL NUEVO MINISTRO DE CIENCIA E INNOVACI\u00d3N - Apuntes de San Luis\",\"isPartOf\":{\"@id\":\"https:\/\/apuntesdesanluis.com\/#website\"},\"primaryImageOfPage\":{\"@id\":\"https:\/\/apuntesdesanluis.com\/index.php\/2024\/06\/07\/carton-lleno-alfonso-verges-es-el-nuevo-ministro-de-ciencia-e-innovacion\/#primaryimage\"},\"image\":{\"@id\":\"https:\/\/apuntesdesanluis.com\/index.php\/2024\/06\/07\/carton-lleno-alfonso-verges-es-el-nuevo-ministro-de-ciencia-e-innovacion\/#primaryimage\"},\"thumbnailUrl\":\"https:\/\/apuntesdesanluis.com\/wp-content\/uploads\/2024\/06\/alfonso-verges-jurando.png\",\"datePublished\":\"2024-06-08T02:52:07+00:00\",\"breadcrumb\":{\"@id\":\"https:\/\/apuntesdesanluis.com\/index.php\/2024\/06\/07\/carton-lleno-alfonso-verges-es-el-nuevo-ministro-de-ciencia-e-innovacion\/#breadcrumb\"},\"inLanguage\":\"es-AR\",\"potentialAction\":[{\"@type\":\"ReadAction\",\"target\":[\"https:\/\/apuntesdesanluis.com\/index.php\/2024\/06\/07\/carton-lleno-alfonso-verges-es-el-nuevo-ministro-de-ciencia-e-innovacion\/\"]}]},{\"@type\":\"ImageObject\",\"inLanguage\":\"es-AR\",\"@id\":\"https:\/\/apuntesdesanluis.com\/index.php\/2024\/06\/07\/carton-lleno-alfonso-verges-es-el-nuevo-ministro-de-ciencia-e-innovacion\/#primaryimage\",\"url\":\"https:\/\/apuntesdesanluis.com\/wp-content\/uploads\/2024\/06\/alfonso-verges-jurando.png\",\"contentUrl\":\"https:\/\/apuntesdesanluis.com\/wp-content\/uploads\/2024\/06\/alfonso-verges-jurando.png\",\"width\":668,\"height\":390},{\"@type\":\"BreadcrumbList\",\"@id\":\"https:\/\/apuntesdesanluis.com\/index.php\/2024\/06\/07\/carton-lleno-alfonso-verges-es-el-nuevo-ministro-de-ciencia-e-innovacion\/#breadcrumb\",\"itemListElement\":[{\"@type\":\"ListItem\",\"position\":1,\"name\":\"Inicio\",\"item\":\"https:\/\/apuntesdesanluis.com\/\"},{\"@type\":\"ListItem\",\"position\":2,\"name\":\"CART\u00d3N LLENO: ALFONSO VERG\u00c9S ES EL NUEVO MINISTRO DE CIENCIA E INNOVACI\u00d3N\"}]},{\"@type\":\"WebSite\",\"@id\":\"https:\/\/apuntesdesanluis.com\/#website\",\"url\":\"https:\/\/apuntesdesanluis.com\/\",\"name\":\"Apuntes de San Luis\",\"description\":\"\",\"publisher\":{\"@id\":\"https:\/\/apuntesdesanluis.com\/#\/schema\/person\/b55151d52296fcce64d1a72538a70b90\"},\"potentialAction\":[{\"@type\":\"SearchAction\",\"target\":{\"@type\":\"EntryPoint\",\"urlTemplate\":\"https:\/\/apuntesdesanluis.com\/?s={search_term_string}\"},\"query-input\":{\"@type\":\"PropertyValueSpecification\",\"valueRequired\":true,\"valueName\":\"search_term_string\"}}],\"inLanguage\":\"es-AR\"},{\"@type\":[\"Person\",\"Organization\"],\"@id\":\"https:\/\/apuntesdesanluis.com\/#\/schema\/person\/b55151d52296fcce64d1a72538a70b90\",\"name\":\"apuntesdesanluis.com\",\"image\":{\"@type\":\"ImageObject\",\"inLanguage\":\"es-AR\",\"@id\":\"https:\/\/apuntesdesanluis.com\/#\/schema\/person\/image\/\",\"url\":\"https:\/\/apuntesdesanluis.com\/wp-content\/uploads\/2023\/07\/cropped-apuntesdesanluis.png\",\"contentUrl\":\"https:\/\/apuntesdesanluis.com\/wp-content\/uploads\/2023\/07\/cropped-apuntesdesanluis.png\",\"width\":450,\"height\":112,\"caption\":\"apuntesdesanluis.com\"},\"logo\":{\"@id\":\"https:\/\/apuntesdesanluis.com\/#\/schema\/person\/image\/\"},\"sameAs\":[\"https:\/\/apuntesdesanluis.com\"],\"url\":\"https:\/\/apuntesdesanluis.com\/index.php\/author\/apuntesdesanluis-com\/\"}]}<\/script>\n<!-- \/ Yoast SEO plugin. -->","yoast_head_json":{"title":"CART\u00d3N LLENO: ALFONSO VERG\u00c9S ES EL NUEVO MINISTRO DE CIENCIA E INNOVACI\u00d3N - Apuntes de San Luis","robots":{"index":"index","follow":"follow","max-snippet":"max-snippet:-1","max-image-preview":"max-image-preview:large","max-video-preview":"max-video-preview:-1"},"canonical":"https:\/\/apuntesdesanluis.com\/index.php\/2024\/06\/07\/carton-lleno-alfonso-verges-es-el-nuevo-ministro-de-ciencia-e-innovacion\/","og_locale":"es_ES","og_type":"article","og_title":"CART\u00d3N LLENO: ALFONSO VERG\u00c9S ES EL NUEVO MINISTRO DE CIENCIA E INNOVACI\u00d3N - Apuntes de San Luis","og_description":"El gobernador de San Luis, Claudio Poggi, le tom\u00f3 juramento este viernes frente a todo...","og_url":"https:\/\/apuntesdesanluis.com\/index.php\/2024\/06\/07\/carton-lleno-alfonso-verges-es-el-nuevo-ministro-de-ciencia-e-innovacion\/","og_site_name":"Apuntes de San Luis","article_published_time":"2024-06-08T02:52:07+00:00","og_image":[{"width":668,"height":390,"url":"https:\/\/apuntesdesanluis.com\/wp-content\/uploads\/2024\/06\/alfonso-verges-jurando.png","type":"image\/png"}],"author":"apuntesdesanluis.com","twitter_card":"summary_large_image","twitter_misc":{"Escrito por":"apuntesdesanluis.com","Tiempo de lectura":"3 minutos"},"schema":{"@context":"https:\/\/schema.org","@graph":[{"@type":"Article","@id":"https:\/\/apuntesdesanluis.com\/index.php\/2024\/06\/07\/carton-lleno-alfonso-verges-es-el-nuevo-ministro-de-ciencia-e-innovacion\/#article","isPartOf":{"@id":"https:\/\/apuntesdesanluis.com\/index.php\/2024\/06\/07\/carton-lleno-alfonso-verges-es-el-nuevo-ministro-de-ciencia-e-innovacion\/"},"author":{"name":"apuntesdesanluis.com","@id":"https:\/\/apuntesdesanluis.com\/#\/schema\/person\/b55151d52296fcce64d1a72538a70b90"},"headline":"CART\u00d3N LLENO: ALFONSO VERG\u00c9S ES EL NUEVO MINISTRO DE CIENCIA E INNOVACI\u00d3N","datePublished":"2024-06-08T02:52:07+00:00","mainEntityOfPage":{"@id":"https:\/\/apuntesdesanluis.com\/index.php\/2024\/06\/07\/carton-lleno-alfonso-verges-es-el-nuevo-ministro-de-ciencia-e-innovacion\/"},"wordCount":502,"publisher":{"@id":"https:\/\/apuntesdesanluis.com\/#\/schema\/person\/b55151d52296fcce64d1a72538a70b90"},"image":{"@id":"https:\/\/apuntesdesanluis.com\/index.php\/2024\/06\/07\/carton-lleno-alfonso-verges-es-el-nuevo-ministro-de-ciencia-e-innovacion\/#primaryimage"},"thumbnailUrl":"https:\/\/apuntesdesanluis.com\/wp-content\/uploads\/2024\/06\/alfonso-verges-jurando.png","articleSection":["Ciudad\/Provincia"],"inLanguage":"es-AR"},{"@type":"WebPage","@id":"https:\/\/apuntesdesanluis.com\/index.php\/2024\/06\/07\/carton-lleno-alfonso-verges-es-el-nuevo-ministro-de-ciencia-e-innovacion\/","url":"https:\/\/apuntesdesanluis.com\/index.php\/2024\/06\/07\/carton-lleno-alfonso-verges-es-el-nuevo-ministro-de-ciencia-e-innovacion\/","name":"CART\u00d3N LLENO: ALFONSO VERG\u00c9S ES EL NUEVO MINISTRO DE CIENCIA E INNOVACI\u00d3N - Apuntes de San Luis","isPartOf":{"@id":"https:\/\/apuntesdesanluis.com\/#website"},"primaryImageOfPage":{"@id":"https:\/\/apuntesdesanluis.com\/index.php\/2024\/06\/07\/carton-lleno-alfonso-verges-es-el-nuevo-ministro-de-ciencia-e-innovacion\/#primaryimage"},"image":{"@id":"https:\/\/apuntesdesanluis.com\/index.php\/2024\/06\/07\/carton-lleno-alfonso-verges-es-el-nuevo-ministro-de-ciencia-e-innovacion\/#primaryimage"},"thumbnailUrl":"https:\/\/apuntesdesanluis.com\/wp-content\/uploads\/2024\/06\/alfonso-verges-jurando.png","datePublished":"2024-06-08T02:52:07+00:00","breadcrumb":{"@id":"https:\/\/apuntesdesanluis.com\/index.php\/2024\/06\/07\/carton-lleno-alfonso-verges-es-el-nuevo-ministro-de-ciencia-e-innovacion\/#breadcrumb"},"inLanguage":"es-AR","potentialAction":[{"@type":"ReadAction","target":["https:\/\/apuntesdesanluis.com\/index.php\/2024\/06\/07\/carton-lleno-alfonso-verges-es-el-nuevo-ministro-de-ciencia-e-innovacion\/"]}]},{"@type":"ImageObject","inLanguage":"es-AR","@id":"https:\/\/apuntesdesanluis.com\/index.php\/2024\/06\/07\/carton-lleno-alfonso-verges-es-el-nuevo-ministro-de-ciencia-e-innovacion\/#primaryimage","url":"https:\/\/apuntesdesanluis.com\/wp-content\/uploads\/2024\/06\/alfonso-verges-jurando.png","contentUrl":"https:\/\/apuntesdesanluis.com\/wp-content\/uploads\/2024\/06\/alfonso-verges-jurando.png","width":668,"height":390},{"@type":"BreadcrumbList","@id":"https:\/\/apuntesdesanluis.com\/index.php\/2024\/06\/07\/carton-lleno-alfonso-verges-es-el-nuevo-ministro-de-ciencia-e-innovacion\/#breadcrumb","itemListElement":[{"@type":"ListItem","position":1,"name":"Inicio","item":"https:\/\/apuntesdesanluis.com\/"},{"@type":"ListItem","position":2,"name":"CART\u00d3N LLENO: ALFONSO VERG\u00c9S ES EL NUEVO MINISTRO DE CIENCIA E INNOVACI\u00d3N"}]},{"@type":"WebSite","@id":"https:\/\/apuntesdesanluis.com\/#website","url":"https:\/\/apuntesdesanluis.com\/","name":"Apuntes de San Luis","description":"","publisher":{"@id":"https:\/\/apuntesdesanluis.com\/#\/schema\/person\/b55151d52296fcce64d1a72538a70b90"},"potentialAction":[{"@type":"SearchAction","target":{"@type":"EntryPoint","urlTemplate":"https:\/\/apuntesdesanluis.com\/?s={search_term_string}"},"query-input":{"@type":"PropertyValueSpecification","valueRequired":true,"valueName":"search_term_string"}}],"inLanguage":"es-AR"},{"@type":["Person","Organization"],"@id":"https:\/\/apuntesdesanluis.com\/#\/schema\/person\/b55151d52296fcce64d1a72538a70b90","name":"apuntesdesanluis.com","image":{"@type":"ImageObject","inLanguage":"es-AR","@id":"https:\/\/apuntesdesanluis.com\/#\/schema\/person\/image\/","url":"https:\/\/apuntesdesanluis.com\/wp-content\/uploads\/2023\/07\/cropped-apuntesdesanluis.png","contentUrl":"https:\/\/apuntesdesanluis.com\/wp-content\/uploads\/2023\/07\/cropped-apuntesdesanluis.png","width":450,"height":112,"caption":"apuntesdesanluis.com"},"logo":{"@id":"https:\/\/apuntesdesanluis.com\/#\/schema\/person\/image\/"},"sameAs":["https:\/\/apuntesdesanluis.com"],"url":"https:\/\/apuntesdesanluis.com\/index.php\/author\/apuntesdesanluis-com\/"}]}},"featured_image_urls":{"full":["https:\/\/apuntesdesanluis.com\/wp-content\/uploads\/2024\/06\/alfonso-verges-jurando.png",668,390,false],"thumbnail":["https:\/\/apuntesdesanluis.com\/wp-content\/uploads\/2024\/06\/alfonso-verges-jurando-150x150.png",150,150,true],"medium":["https:\/\/apuntesdesanluis.com\/wp-content\/uploads\/2024\/06\/alfonso-verges-jurando-300x175.png",300,175,true],"medium_large":["https:\/\/apuntesdesanluis.com\/wp-content\/uploads\/2024\/06\/alfonso-verges-jurando.png",640,374,false],"large":["https:\/\/apuntesdesanluis.com\/wp-content\/uploads\/2024\/06\/alfonso-verges-jurando.png",640,374,false],"1536x1536":["https:\/\/apuntesdesanluis.com\/wp-content\/uploads\/2024\/06\/alfonso-verges-jurando.png",668,390,false],"2048x2048":["https:\/\/apuntesdesanluis.com\/wp-content\/uploads\/2024\/06\/alfonso-verges-jurando.png",668,390,false],"newsever-slider-full":["https:\/\/apuntesdesanluis.com\/wp-content\/uploads\/2024\/06\/alfonso-verges-jurando.png",668,390,false],"newsever-featured":["https:\/\/apuntesdesanluis.com\/wp-content\/uploads\/2024\/06\/alfonso-verges-jurando.png",668,390,false],"newsever-medium":["https:\/\/apuntesdesanluis.com\/wp-content\/uploads\/2024\/06\/alfonso-verges-jurando.png",668,390,false]},"author_info":{"display_name":"apuntesdesanluis.com","author_link":"https:\/\/apuntesdesanluis.com\/index.php\/author\/apuntesdesanluis-com\/"},"category_info":"<a href=\"https:\/\/apuntesdesanluis.com\/index.php\/category\/ciudad-provincia\/\" rel=\"category tag\">Ciudad\/Provincia<\/a>","tag_info":"Ciudad\/Provincia","comment_count":"0","_links":{"self":[{"href":"https:\/\/apuntesdesanluis.com\/index.php\/wp-json\/wp\/v2\/posts\/17576","targetHints":{"allow":["GET"]}}],"collection":[{"href":"https:\/\/apuntesdesanluis.com\/index.php\/wp-json\/wp\/v2\/posts"}],"about":[{"href":"https:\/\/apuntesdesanluis.com\/index.php\/wp-json\/wp\/v2\/types\/post"}],"author":[{"embeddable":true,"href":"https:\/\/apuntesdesanluis.com\/index.php\/wp-json\/wp\/v2\/users\/1"}],"replies":[{"embeddable":true,"href":"https:\/\/apuntesdesanluis.com\/index.php\/wp-json\/wp\/v2\/comments?post=17576"}],"version-history":[{"count":1,"href":"https:\/\/apuntesdesanluis.com\/index.php\/wp-json\/wp\/v2\/posts\/17576\/revisions"}],"predecessor-version":[{"id":17579,"href":"https:\/\/apuntesdesanluis.com\/index.php\/wp-json\/wp\/v2\/posts\/17576\/revisions\/17579"}],"wp:featuredmedia":[{"embeddable":true,"href":"https:\/\/apuntesdesanluis.com\/index.php\/wp-json\/wp\/v2\/media\/17577"}],"wp:attachment":[{"href":"https:\/\/apuntesdesanluis.com\/index.php\/wp-json\/wp\/v2\/media?parent=17576"}],"wp:term":[{"taxonomy":"category","embeddable":true,"href":"https:\/\/apuntesdesanluis.com\/index.php\/wp-json\/wp\/v2\/categories?post=17576"},{"taxonomy":"post_tag","embeddable":true,"href":"https:\/\/apuntesdesanluis.com\/index.php\/wp-json\/wp\/v2\/tags?post=17576"}],"curies":[{"name":"wp","href":"https:\/\/api.w.org\/{rel}","templated":true}]}}