{"id":1758,"date":"2023-08-17T22:16:20","date_gmt":"2023-08-18T01:16:20","guid":{"rendered":"https:\/\/apuntesdesanluis.com\/?p=1758"},"modified":"2023-08-17T22:29:45","modified_gmt":"2023-08-18T01:29:45","slug":"en-el-juicio-que-investiga-a-freixes-h-ordenan-trasladar-por-la-fuerza-publica-a-testigos","status":"publish","type":"post","link":"https:\/\/apuntesdesanluis.com\/index.php\/2023\/08\/17\/en-el-juicio-que-investiga-a-freixes-h-ordenan-trasladar-por-la-fuerza-publica-a-testigos\/","title":{"rendered":"EXCLUSIVO: EN EL JUICIO QUE INVESTIGA A FREIXES (H), ORDENAN TRASLADAR POR LA FUERZA P\u00daBLICA A TESTIGOS"},"content":{"rendered":"<h3 class=\"yiv7409174924ydp6329976emsonormal\" style=\"text-align: justify; background: white;\"><span style=\"font-family: 'Arial','sans-serif'; color: #1d2228;\">Ante la negativa de presentarse a declarar este jueves, se orden\u00f3 el traslado por medio de la polic\u00eda, de testigos vitales para la defensa. Se trata de quienes acompa\u00f1aban a <strong>Francis \u201cChulo\u201d Freixes<\/strong> en la camioneta, en el momento del hecho que provoc\u00f3 la muerte de <strong>Domingo Hugo Barroso<\/strong>, el 24 de octubre de 2019. Entre ellos se encuentra el enfermero de Nueva Galia,\u00a0<strong>Claudio\u00a0Luna<\/strong>.<\/span><\/h3>\n<h3 class=\"yiv7409174924ydp6329976emsonormal\" style=\"background: white;\"><span style=\"font-family: 'Arial','sans-serif'; color: #1d2228;\">Como se recordar\u00e1, tras el accidente entre la camioneta que manejaba Freixes (h) y la motocicleta, el conductor abandon\u00f3 el lugar sin detenerse a asistir a Barroso. La situaci\u00f3n m\u00e1s delicada es no solo la del conductor, sino tambi\u00e9n la de Luna, por tratarse de un auxiliar de salud. <\/span><\/h3>\n<h3 class=\"yiv7409174924ydp6329976emsonormal\" style=\"background: white;\"><span style=\"font-family: 'Arial','sans-serif'; color: #1d2228;\">La orden judicial indica que tres testigos deber\u00e1n comparecer este viernes y sus testimonios podr\u00eda complicar a\u00fan m\u00e1s la de por s\u00ed delicada situaci\u00f3n en que se encuentra el hijo del ex ministro de la Legalidad, Sergio Freixes, quien tambi\u00e9n tiene sus propios problemas judiciales que lo llevaron a ser condenado a seis a\u00f1os de prisi\u00f3n, por pedir la renuncia anticipada de los jueces.<\/span><\/h3>\n<h3 class=\"yiv7409174924ydp6329976emsonormal\" style=\"text-align: justify; background: white;\"><span style=\"font-family: 'Arial','sans-serif'; color: #1d2228;\">Una fuente inobjetable de tribunales hizo conocer a <strong>Apuntes de San Luis<\/strong> el texto de la notificaci\u00f3n judicial que se emiti\u00f3 este jueves, y que ya fue recibida en la Jefatura de Comisar\u00eda N\u00b0 20 de Nueva Galia, la cual expresa en forma textual:<\/span><\/h3>\n<h3 class=\"yiv7409174924ydp6329976emsonormal\" style=\"text-align: justify; background: white;\"><span style=\"font-family: 'Arial','sans-serif'; color: #1d2228;\">Me dirijo a Ud. en los autos caratulados: PEX 259858\/19-&#8220;FREIXES FRANCIS EMMANUEL -HOMICIDIO CULPOSO AGRAVADO&#8221;, que tramitan ante esta Excma. C\u00e1mara Penal N\u00b01, Presidencia a cargo de la Dra. Sandra Gabriela Ehrlich, Secretaria del Dr. Jos\u00e9 Dominguez Molt\u00f3, a fin de hacerle saber que se ha ordenado el traslado por medio de la fuerza p\u00fablica para el d\u00eda 18 de Agosto de 2023 a las 09,00 hs. ante esta Excma. C\u00e1mara Penal, a fin de prestar declaraci\u00f3n testimonial en el debate oral que se est\u00e1 llevando en los presentes autos a los siguientes testigos: <\/span><\/h3>\n<h3 class=\"yiv7409174924ydp6329976emsonormal\" style=\"text-align: justify; background: white;\"><span style=\"font-family: 'Arial','sans-serif'; color: #1d2228;\">1.- BRUNO EZEQUIEL CORDOBA, D.N.I.N\u00b0 38.751.638, domiciliado en calle CHACABUCO S\/N, Nueva Galia (S.L.).-<\/span><\/h3>\n<h3 class=\"yiv7409174924ydp6329976emsonormal\" style=\"text-align: justify; background: white;\"><span style=\"font-family: 'Arial','sans-serif'; color: #1d2228;\">2.- CLAUDIO FAUSTINO LUNA, D.N.I.N\u00b0 25.199.922, domiciliado en B\u00b0 11 VIVIENDAS, CASA N\u00b0 7, Nueva Galia (S.L.).-<\/span><\/h3>\n<h3 class=\"yiv7409174924ydp6329976emsonormal\" style=\"text-align: justify; background: white;\"><span style=\"font-family: 'Arial','sans-serif'; color: #1d2228;\">3.- JUAN CRUZ AVILA, D.N.I.N\u00b0 41.707.404, domiciliado en calle MARIANO MORENO N\u00b0 85, Nueva Galia (S.L.).-<\/span><\/h3>\n","protected":false},"excerpt":{"rendered":"<p>Ante la negativa de presentarse a declarar este jueves, se orden\u00f3 el traslado por medio&#8230;<\/p>\n","protected":false},"author":1,"featured_media":1367,"comment_status":"closed","ping_status":"closed","sticky":false,"template":"","format":"standard","meta":{"footnotes":""},"categories":[6],"tags":[],"class_list":["post-1758","post","type-post","status-publish","format-standard","has-post-thumbnail","hentry","category-ciudad-provincia"],"yoast_head":"<!-- This site is optimized with the Yoast SEO plugin v26.1.1 - https:\/\/yoast.com\/wordpress\/plugins\/seo\/ -->\n<title>EXCLUSIVO: EN EL JUICIO QUE INVESTIGA A FREIXES (H), ORDENAN TRASLADAR POR LA FUERZA P\u00daBLICA A TESTIGOS - Apuntes de San Luis<\/title>\n<meta name=\"robots\" content=\"index, follow, max-snippet:-1, max-image-preview:large, max-video-preview:-1\" \/>\n<link rel=\"canonical\" href=\"https:\/\/apuntesdesanluis.com\/index.php\/2023\/08\/17\/en-el-juicio-que-investiga-a-freixes-h-ordenan-trasladar-por-la-fuerza-publica-a-testigos\/\" \/>\n<meta property=\"og:locale\" content=\"es_ES\" \/>\n<meta property=\"og:type\" content=\"article\" \/>\n<meta property=\"og:title\" content=\"EXCLUSIVO: EN EL JUICIO QUE INVESTIGA A FREIXES (H), ORDENAN TRASLADAR POR LA FUERZA P\u00daBLICA A TESTIGOS - Apuntes de San Luis\" \/>\n<meta property=\"og:description\" content=\"Ante la negativa de presentarse a declarar este jueves, se orden\u00f3 el traslado por medio...\" \/>\n<meta property=\"og:url\" content=\"https:\/\/apuntesdesanluis.com\/index.php\/2023\/08\/17\/en-el-juicio-que-investiga-a-freixes-h-ordenan-trasladar-por-la-fuerza-publica-a-testigos\/\" \/>\n<meta property=\"og:site_name\" content=\"Apuntes de San Luis\" \/>\n<meta property=\"article:published_time\" content=\"2023-08-18T01:16:20+00:00\" \/>\n<meta property=\"article:modified_time\" content=\"2023-08-18T01:29:45+00:00\" \/>\n<meta property=\"og:image\" content=\"https:\/\/apuntesdesanluis.com\/wp-content\/uploads\/2023\/08\/hijo-de-freixes.png\" \/>\n\t<meta property=\"og:image:width\" content=\"669\" \/>\n\t<meta property=\"og:image:height\" content=\"350\" \/>\n\t<meta property=\"og:image:type\" content=\"image\/png\" \/>\n<meta name=\"author\" content=\"apuntesdesanluis.com\" \/>\n<meta name=\"twitter:card\" content=\"summary_large_image\" \/>\n<meta name=\"twitter:label1\" content=\"Escrito por\" \/>\n\t<meta name=\"twitter:data1\" content=\"apuntesdesanluis.com\" \/>\n\t<meta name=\"twitter:label2\" content=\"Tiempo de lectura\" \/>\n\t<meta name=\"twitter:data2\" content=\"2 minutos\" \/>\n<script type=\"application\/ld+json\" class=\"yoast-schema-graph\">{\"@context\":\"https:\/\/schema.org\",\"@graph\":[{\"@type\":\"Article\",\"@id\":\"https:\/\/apuntesdesanluis.com\/index.php\/2023\/08\/17\/en-el-juicio-que-investiga-a-freixes-h-ordenan-trasladar-por-la-fuerza-publica-a-testigos\/#article\",\"isPartOf\":{\"@id\":\"https:\/\/apuntesdesanluis.com\/index.php\/2023\/08\/17\/en-el-juicio-que-investiga-a-freixes-h-ordenan-trasladar-por-la-fuerza-publica-a-testigos\/\"},\"author\":{\"name\":\"apuntesdesanluis.com\",\"@id\":\"https:\/\/apuntesdesanluis.com\/#\/schema\/person\/b55151d52296fcce64d1a72538a70b90\"},\"headline\":\"EXCLUSIVO: EN EL JUICIO QUE INVESTIGA A FREIXES (H), ORDENAN TRASLADAR POR LA FUERZA P\u00daBLICA A TESTIGOS\",\"datePublished\":\"2023-08-18T01:16:20+00:00\",\"dateModified\":\"2023-08-18T01:29:45+00:00\",\"mainEntityOfPage\":{\"@id\":\"https:\/\/apuntesdesanluis.com\/index.php\/2023\/08\/17\/en-el-juicio-que-investiga-a-freixes-h-ordenan-trasladar-por-la-fuerza-publica-a-testigos\/\"},\"wordCount\":406,\"publisher\":{\"@id\":\"https:\/\/apuntesdesanluis.com\/#\/schema\/person\/b55151d52296fcce64d1a72538a70b90\"},\"image\":{\"@id\":\"https:\/\/apuntesdesanluis.com\/index.php\/2023\/08\/17\/en-el-juicio-que-investiga-a-freixes-h-ordenan-trasladar-por-la-fuerza-publica-a-testigos\/#primaryimage\"},\"thumbnailUrl\":\"https:\/\/apuntesdesanluis.com\/wp-content\/uploads\/2023\/08\/hijo-de-freixes.png\",\"articleSection\":[\"Ciudad\/Provincia\"],\"inLanguage\":\"es-AR\"},{\"@type\":\"WebPage\",\"@id\":\"https:\/\/apuntesdesanluis.com\/index.php\/2023\/08\/17\/en-el-juicio-que-investiga-a-freixes-h-ordenan-trasladar-por-la-fuerza-publica-a-testigos\/\",\"url\":\"https:\/\/apuntesdesanluis.com\/index.php\/2023\/08\/17\/en-el-juicio-que-investiga-a-freixes-h-ordenan-trasladar-por-la-fuerza-publica-a-testigos\/\",\"name\":\"EXCLUSIVO: EN EL JUICIO QUE INVESTIGA A FREIXES (H), ORDENAN TRASLADAR POR LA FUERZA P\u00daBLICA A TESTIGOS - Apuntes de San Luis\",\"isPartOf\":{\"@id\":\"https:\/\/apuntesdesanluis.com\/#website\"},\"primaryImageOfPage\":{\"@id\":\"https:\/\/apuntesdesanluis.com\/index.php\/2023\/08\/17\/en-el-juicio-que-investiga-a-freixes-h-ordenan-trasladar-por-la-fuerza-publica-a-testigos\/#primaryimage\"},\"image\":{\"@id\":\"https:\/\/apuntesdesanluis.com\/index.php\/2023\/08\/17\/en-el-juicio-que-investiga-a-freixes-h-ordenan-trasladar-por-la-fuerza-publica-a-testigos\/#primaryimage\"},\"thumbnailUrl\":\"https:\/\/apuntesdesanluis.com\/wp-content\/uploads\/2023\/08\/hijo-de-freixes.png\",\"datePublished\":\"2023-08-18T01:16:20+00:00\",\"dateModified\":\"2023-08-18T01:29:45+00:00\",\"breadcrumb\":{\"@id\":\"https:\/\/apuntesdesanluis.com\/index.php\/2023\/08\/17\/en-el-juicio-que-investiga-a-freixes-h-ordenan-trasladar-por-la-fuerza-publica-a-testigos\/#breadcrumb\"},\"inLanguage\":\"es-AR\",\"potentialAction\":[{\"@type\":\"ReadAction\",\"target\":[\"https:\/\/apuntesdesanluis.com\/index.php\/2023\/08\/17\/en-el-juicio-que-investiga-a-freixes-h-ordenan-trasladar-por-la-fuerza-publica-a-testigos\/\"]}]},{\"@type\":\"ImageObject\",\"inLanguage\":\"es-AR\",\"@id\":\"https:\/\/apuntesdesanluis.com\/index.php\/2023\/08\/17\/en-el-juicio-que-investiga-a-freixes-h-ordenan-trasladar-por-la-fuerza-publica-a-testigos\/#primaryimage\",\"url\":\"https:\/\/apuntesdesanluis.com\/wp-content\/uploads\/2023\/08\/hijo-de-freixes.png\",\"contentUrl\":\"https:\/\/apuntesdesanluis.com\/wp-content\/uploads\/2023\/08\/hijo-de-freixes.png\",\"width\":669,\"height\":350},{\"@type\":\"BreadcrumbList\",\"@id\":\"https:\/\/apuntesdesanluis.com\/index.php\/2023\/08\/17\/en-el-juicio-que-investiga-a-freixes-h-ordenan-trasladar-por-la-fuerza-publica-a-testigos\/#breadcrumb\",\"itemListElement\":[{\"@type\":\"ListItem\",\"position\":1,\"name\":\"Inicio\",\"item\":\"https:\/\/apuntesdesanluis.com\/\"},{\"@type\":\"ListItem\",\"position\":2,\"name\":\"EXCLUSIVO: EN EL JUICIO QUE INVESTIGA A FREIXES (H), ORDENAN TRASLADAR POR LA FUERZA P\u00daBLICA A TESTIGOS\"}]},{\"@type\":\"WebSite\",\"@id\":\"https:\/\/apuntesdesanluis.com\/#website\",\"url\":\"https:\/\/apuntesdesanluis.com\/\",\"name\":\"Apuntes de San Luis\",\"description\":\"\",\"publisher\":{\"@id\":\"https:\/\/apuntesdesanluis.com\/#\/schema\/person\/b55151d52296fcce64d1a72538a70b90\"},\"potentialAction\":[{\"@type\":\"SearchAction\",\"target\":{\"@type\":\"EntryPoint\",\"urlTemplate\":\"https:\/\/apuntesdesanluis.com\/?s={search_term_string}\"},\"query-input\":{\"@type\":\"PropertyValueSpecification\",\"valueRequired\":true,\"valueName\":\"search_term_string\"}}],\"inLanguage\":\"es-AR\"},{\"@type\":[\"Person\",\"Organization\"],\"@id\":\"https:\/\/apuntesdesanluis.com\/#\/schema\/person\/b55151d52296fcce64d1a72538a70b90\",\"name\":\"apuntesdesanluis.com\",\"image\":{\"@type\":\"ImageObject\",\"inLanguage\":\"es-AR\",\"@id\":\"https:\/\/apuntesdesanluis.com\/#\/schema\/person\/image\/\",\"url\":\"https:\/\/apuntesdesanluis.com\/wp-content\/uploads\/2023\/07\/cropped-apuntesdesanluis.png\",\"contentUrl\":\"https:\/\/apuntesdesanluis.com\/wp-content\/uploads\/2023\/07\/cropped-apuntesdesanluis.png\",\"width\":450,\"height\":112,\"caption\":\"apuntesdesanluis.com\"},\"logo\":{\"@id\":\"https:\/\/apuntesdesanluis.com\/#\/schema\/person\/image\/\"},\"sameAs\":[\"https:\/\/apuntesdesanluis.com\"],\"url\":\"https:\/\/apuntesdesanluis.com\/index.php\/author\/apuntesdesanluis-com\/\"}]}<\/script>\n<!-- \/ Yoast SEO plugin. -->","yoast_head_json":{"title":"EXCLUSIVO: EN EL JUICIO QUE INVESTIGA A FREIXES (H), ORDENAN TRASLADAR POR LA FUERZA P\u00daBLICA A TESTIGOS - Apuntes de San Luis","robots":{"index":"index","follow":"follow","max-snippet":"max-snippet:-1","max-image-preview":"max-image-preview:large","max-video-preview":"max-video-preview:-1"},"canonical":"https:\/\/apuntesdesanluis.com\/index.php\/2023\/08\/17\/en-el-juicio-que-investiga-a-freixes-h-ordenan-trasladar-por-la-fuerza-publica-a-testigos\/","og_locale":"es_ES","og_type":"article","og_title":"EXCLUSIVO: EN EL JUICIO QUE INVESTIGA A FREIXES (H), ORDENAN TRASLADAR POR LA FUERZA P\u00daBLICA A TESTIGOS - Apuntes de San Luis","og_description":"Ante la negativa de presentarse a declarar este jueves, se orden\u00f3 el traslado por medio...","og_url":"https:\/\/apuntesdesanluis.com\/index.php\/2023\/08\/17\/en-el-juicio-que-investiga-a-freixes-h-ordenan-trasladar-por-la-fuerza-publica-a-testigos\/","og_site_name":"Apuntes de San Luis","article_published_time":"2023-08-18T01:16:20+00:00","article_modified_time":"2023-08-18T01:29:45+00:00","og_image":[{"width":669,"height":350,"url":"https:\/\/apuntesdesanluis.com\/wp-content\/uploads\/2023\/08\/hijo-de-freixes.png","type":"image\/png"}],"author":"apuntesdesanluis.com","twitter_card":"summary_large_image","twitter_misc":{"Escrito por":"apuntesdesanluis.com","Tiempo de lectura":"2 minutos"},"schema":{"@context":"https:\/\/schema.org","@graph":[{"@type":"Article","@id":"https:\/\/apuntesdesanluis.com\/index.php\/2023\/08\/17\/en-el-juicio-que-investiga-a-freixes-h-ordenan-trasladar-por-la-fuerza-publica-a-testigos\/#article","isPartOf":{"@id":"https:\/\/apuntesdesanluis.com\/index.php\/2023\/08\/17\/en-el-juicio-que-investiga-a-freixes-h-ordenan-trasladar-por-la-fuerza-publica-a-testigos\/"},"author":{"name":"apuntesdesanluis.com","@id":"https:\/\/apuntesdesanluis.com\/#\/schema\/person\/b55151d52296fcce64d1a72538a70b90"},"headline":"EXCLUSIVO: EN EL JUICIO QUE INVESTIGA A FREIXES (H), ORDENAN TRASLADAR POR LA FUERZA P\u00daBLICA A TESTIGOS","datePublished":"2023-08-18T01:16:20+00:00","dateModified":"2023-08-18T01:29:45+00:00","mainEntityOfPage":{"@id":"https:\/\/apuntesdesanluis.com\/index.php\/2023\/08\/17\/en-el-juicio-que-investiga-a-freixes-h-ordenan-trasladar-por-la-fuerza-publica-a-testigos\/"},"wordCount":406,"publisher":{"@id":"https:\/\/apuntesdesanluis.com\/#\/schema\/person\/b55151d52296fcce64d1a72538a70b90"},"image":{"@id":"https:\/\/apuntesdesanluis.com\/index.php\/2023\/08\/17\/en-el-juicio-que-investiga-a-freixes-h-ordenan-trasladar-por-la-fuerza-publica-a-testigos\/#primaryimage"},"thumbnailUrl":"https:\/\/apuntesdesanluis.com\/wp-content\/uploads\/2023\/08\/hijo-de-freixes.png","articleSection":["Ciudad\/Provincia"],"inLanguage":"es-AR"},{"@type":"WebPage","@id":"https:\/\/apuntesdesanluis.com\/index.php\/2023\/08\/17\/en-el-juicio-que-investiga-a-freixes-h-ordenan-trasladar-por-la-fuerza-publica-a-testigos\/","url":"https:\/\/apuntesdesanluis.com\/index.php\/2023\/08\/17\/en-el-juicio-que-investiga-a-freixes-h-ordenan-trasladar-por-la-fuerza-publica-a-testigos\/","name":"EXCLUSIVO: EN EL JUICIO QUE INVESTIGA A FREIXES (H), ORDENAN TRASLADAR POR LA FUERZA P\u00daBLICA A TESTIGOS - Apuntes de San Luis","isPartOf":{"@id":"https:\/\/apuntesdesanluis.com\/#website"},"primaryImageOfPage":{"@id":"https:\/\/apuntesdesanluis.com\/index.php\/2023\/08\/17\/en-el-juicio-que-investiga-a-freixes-h-ordenan-trasladar-por-la-fuerza-publica-a-testigos\/#primaryimage"},"image":{"@id":"https:\/\/apuntesdesanluis.com\/index.php\/2023\/08\/17\/en-el-juicio-que-investiga-a-freixes-h-ordenan-trasladar-por-la-fuerza-publica-a-testigos\/#primaryimage"},"thumbnailUrl":"https:\/\/apuntesdesanluis.com\/wp-content\/uploads\/2023\/08\/hijo-de-freixes.png","datePublished":"2023-08-18T01:16:20+00:00","dateModified":"2023-08-18T01:29:45+00:00","breadcrumb":{"@id":"https:\/\/apuntesdesanluis.com\/index.php\/2023\/08\/17\/en-el-juicio-que-investiga-a-freixes-h-ordenan-trasladar-por-la-fuerza-publica-a-testigos\/#breadcrumb"},"inLanguage":"es-AR","potentialAction":[{"@type":"ReadAction","target":["https:\/\/apuntesdesanluis.com\/index.php\/2023\/08\/17\/en-el-juicio-que-investiga-a-freixes-h-ordenan-trasladar-por-la-fuerza-publica-a-testigos\/"]}]},{"@type":"ImageObject","inLanguage":"es-AR","@id":"https:\/\/apuntesdesanluis.com\/index.php\/2023\/08\/17\/en-el-juicio-que-investiga-a-freixes-h-ordenan-trasladar-por-la-fuerza-publica-a-testigos\/#primaryimage","url":"https:\/\/apuntesdesanluis.com\/wp-content\/uploads\/2023\/08\/hijo-de-freixes.png","contentUrl":"https:\/\/apuntesdesanluis.com\/wp-content\/uploads\/2023\/08\/hijo-de-freixes.png","width":669,"height":350},{"@type":"BreadcrumbList","@id":"https:\/\/apuntesdesanluis.com\/index.php\/2023\/08\/17\/en-el-juicio-que-investiga-a-freixes-h-ordenan-trasladar-por-la-fuerza-publica-a-testigos\/#breadcrumb","itemListElement":[{"@type":"ListItem","position":1,"name":"Inicio","item":"https:\/\/apuntesdesanluis.com\/"},{"@type":"ListItem","position":2,"name":"EXCLUSIVO: EN EL JUICIO QUE INVESTIGA A FREIXES (H), ORDENAN TRASLADAR POR LA FUERZA P\u00daBLICA A TESTIGOS"}]},{"@type":"WebSite","@id":"https:\/\/apuntesdesanluis.com\/#website","url":"https:\/\/apuntesdesanluis.com\/","name":"Apuntes de San Luis","description":"","publisher":{"@id":"https:\/\/apuntesdesanluis.com\/#\/schema\/person\/b55151d52296fcce64d1a72538a70b90"},"potentialAction":[{"@type":"SearchAction","target":{"@type":"EntryPoint","urlTemplate":"https:\/\/apuntesdesanluis.com\/?s={search_term_string}"},"query-input":{"@type":"PropertyValueSpecification","valueRequired":true,"valueName":"search_term_string"}}],"inLanguage":"es-AR"},{"@type":["Person","Organization"],"@id":"https:\/\/apuntesdesanluis.com\/#\/schema\/person\/b55151d52296fcce64d1a72538a70b90","name":"apuntesdesanluis.com","image":{"@type":"ImageObject","inLanguage":"es-AR","@id":"https:\/\/apuntesdesanluis.com\/#\/schema\/person\/image\/","url":"https:\/\/apuntesdesanluis.com\/wp-content\/uploads\/2023\/07\/cropped-apuntesdesanluis.png","contentUrl":"https:\/\/apuntesdesanluis.com\/wp-content\/uploads\/2023\/07\/cropped-apuntesdesanluis.png","width":450,"height":112,"caption":"apuntesdesanluis.com"},"logo":{"@id":"https:\/\/apuntesdesanluis.com\/#\/schema\/person\/image\/"},"sameAs":["https:\/\/apuntesdesanluis.com"],"url":"https:\/\/apuntesdesanluis.com\/index.php\/author\/apuntesdesanluis-com\/"}]}},"featured_image_urls":{"full":["https:\/\/apuntesdesanluis.com\/wp-content\/uploads\/2023\/08\/hijo-de-freixes.png",669,350,false],"thumbnail":["https:\/\/apuntesdesanluis.com\/wp-content\/uploads\/2023\/08\/hijo-de-freixes-150x150.png",150,150,true],"medium":["https:\/\/apuntesdesanluis.com\/wp-content\/uploads\/2023\/08\/hijo-de-freixes-300x157.png",300,157,true],"medium_large":["https:\/\/apuntesdesanluis.com\/wp-content\/uploads\/2023\/08\/hijo-de-freixes.png",640,335,false],"large":["https:\/\/apuntesdesanluis.com\/wp-content\/uploads\/2023\/08\/hijo-de-freixes.png",640,335,false],"1536x1536":["https:\/\/apuntesdesanluis.com\/wp-content\/uploads\/2023\/08\/hijo-de-freixes.png",669,350,false],"2048x2048":["https:\/\/apuntesdesanluis.com\/wp-content\/uploads\/2023\/08\/hijo-de-freixes.png",669,350,false],"newsever-slider-full":["https:\/\/apuntesdesanluis.com\/wp-content\/uploads\/2023\/08\/hijo-de-freixes.png",669,350,false],"newsever-featured":["https:\/\/apuntesdesanluis.com\/wp-content\/uploads\/2023\/08\/hijo-de-freixes.png",669,350,false],"newsever-medium":["https:\/\/apuntesdesanluis.com\/wp-content\/uploads\/2023\/08\/hijo-de-freixes.png",669,350,false]},"author_info":{"display_name":"apuntesdesanluis.com","author_link":"https:\/\/apuntesdesanluis.com\/index.php\/author\/apuntesdesanluis-com\/"},"category_info":"<a href=\"https:\/\/apuntesdesanluis.com\/index.php\/category\/ciudad-provincia\/\" rel=\"category tag\">Ciudad\/Provincia<\/a>","tag_info":"Ciudad\/Provincia","comment_count":"0","_links":{"self":[{"href":"https:\/\/apuntesdesanluis.com\/index.php\/wp-json\/wp\/v2\/posts\/1758","targetHints":{"allow":["GET"]}}],"collection":[{"href":"https:\/\/apuntesdesanluis.com\/index.php\/wp-json\/wp\/v2\/posts"}],"about":[{"href":"https:\/\/apuntesdesanluis.com\/index.php\/wp-json\/wp\/v2\/types\/post"}],"author":[{"embeddable":true,"href":"https:\/\/apuntesdesanluis.com\/index.php\/wp-json\/wp\/v2\/users\/1"}],"replies":[{"embeddable":true,"href":"https:\/\/apuntesdesanluis.com\/index.php\/wp-json\/wp\/v2\/comments?post=1758"}],"version-history":[{"count":7,"href":"https:\/\/apuntesdesanluis.com\/index.php\/wp-json\/wp\/v2\/posts\/1758\/revisions"}],"predecessor-version":[{"id":1765,"href":"https:\/\/apuntesdesanluis.com\/index.php\/wp-json\/wp\/v2\/posts\/1758\/revisions\/1765"}],"wp:featuredmedia":[{"embeddable":true,"href":"https:\/\/apuntesdesanluis.com\/index.php\/wp-json\/wp\/v2\/media\/1367"}],"wp:attachment":[{"href":"https:\/\/apuntesdesanluis.com\/index.php\/wp-json\/wp\/v2\/media?parent=1758"}],"wp:term":[{"taxonomy":"category","embeddable":true,"href":"https:\/\/apuntesdesanluis.com\/index.php\/wp-json\/wp\/v2\/categories?post=1758"},{"taxonomy":"post_tag","embeddable":true,"href":"https:\/\/apuntesdesanluis.com\/index.php\/wp-json\/wp\/v2\/tags?post=1758"}],"curies":[{"name":"wp","href":"https:\/\/api.w.org\/{rel}","templated":true}]}}