{"id":17586,"date":"2024-06-08T19:00:33","date_gmt":"2024-06-08T22:00:33","guid":{"rendered":"https:\/\/apuntesdesanluis.com\/?p=17586"},"modified":"2024-06-08T19:00:33","modified_gmt":"2024-06-08T22:00:33","slug":"san-luis-volvera-a-tener-un-deportista-en-los-juegos-olimpicos-despues-de-96-anos","status":"publish","type":"post","link":"https:\/\/apuntesdesanluis.com\/index.php\/2024\/06\/08\/san-luis-volvera-a-tener-un-deportista-en-los-juegos-olimpicos-despues-de-96-anos\/","title":{"rendered":"SAN LUIS VOLVER\u00c1 A TENER UN DEPORTISTA EN LOS JUEGOS OL\u00cdMPICOS DESPU\u00c9S DE 96 A\u00d1OS"},"content":{"rendered":"<h3>Se trata de James Parker, el lateral surgido del Club Handball San Luis, que figura entre los 17 convocados para disputar los Juegos de Par\u00eds 2024 con la Selecci\u00f3n Argentina. \u201cEs un sue\u00f1o cumplido. Llegar hasta ac\u00e1 es fruto de mucho esfuerzo y sacrificio, pero vali\u00f3 la pena\u201d, dijo tras ser notificado.<\/h3>\n<h3>Tras 96 a\u00f1os de ausencia, la provincia de San Luis tiene nuevamente un representante en los Juegos Ol\u00edmpicos. James Parker, el lateral de 28 a\u00f1os surgido de la cantera sanluise\u00f1a y actual jugador del Alicante de Espa\u00f1a, se gan\u00f3 un lugar en la n\u00f3mina \u2018Los Gladiadores\u2019 para la cita ol\u00edmpica de Par\u00eds 2024.<\/h3>\n<p><img fetchpriority=\"high\" decoding=\"async\" class=\"wp-image-17588 aligncenter\" src=\"https:\/\/apuntesdesanluis.com\/wp-content\/uploads\/2024\/06\/CONVOCADOS-240x300.jpg\" alt=\"\" width=\"517\" height=\"646\" srcset=\"https:\/\/apuntesdesanluis.com\/wp-content\/uploads\/2024\/06\/CONVOCADOS-240x300.jpg 240w, https:\/\/apuntesdesanluis.com\/wp-content\/uploads\/2024\/06\/CONVOCADOS.jpg 600w\" sizes=\"(max-width: 517px) 100vw, 517px\" \/><\/p>\n<h3>La convocatoria del sanluise\u00f1o despierta un gran orgullo en la provincia. A minutos de publicarse la lista, Parker expres\u00f3 su emoci\u00f3n: \u201cEs un sue\u00f1o cumplido poder representar a mi provincia y a mi pa\u00eds en los Juegos Ol\u00edmpicos. Llegar hasta ac\u00e1 ha sido fruto de mucho esfuerzo y sacrificio, pero vali\u00f3 la pena. Espero hacer un gran papel en Par\u00eds y dejar en alto el nombre de San Luis\u201d.<\/h3>\n<h3>El 9 de enero, el jugador visit\u00f3 la secretar\u00eda de Deportes y en di\u00e1logo con el Secretario, Gabriel Rivero, revel\u00f3 que los Juegos Ol\u00edmpicos eran su gran objetivo para el 2024: \u201cHace tiempo que no tengo lesiones y estoy muy bien f\u00edsicamente como para encarar lo que se viene\u201d, dijo antes de regresar a Doha, Qatar, donde defendi\u00f3 los colores del Al Gharafa SC durante los \u00faltimos seis meses.<\/h3>\n<h3>El \u00faltimo deportista ol\u00edmpico sanluise\u00f1o data de los Juegos de \u00c1msterdam 1928, cuando Arturo Rodr\u00edguez Jurado conquist\u00f3 la medalla de oro en boxeo. Cuatro a\u00f1os antes, en Par\u00eds 1924, tambi\u00e9n compiti\u00f3 como boxeador. Casi un siglo despu\u00e9s, James Parker retoma el legado ol\u00edmpico de la provincia.<\/h3>\n<h3>OTROS SANLUISE\u00d1OS EN CARRERA<\/h3>\n<h3>San Luis tiene m\u00e1s esperanzas ol\u00edmpicas en puerta. Este s\u00e1bado, la judoca Keisy Peraf\u00e1n buscar\u00e1 sumar puntos en el Open Africano de Abiy\u00e1n, mientras que el futbolista Pablo Solari entrena en el predio de Ezeiza con la Selecci\u00f3n Argentina Sub-23 con miras a la cita ol\u00edmpica.<\/h3>\n<p>&nbsp;<\/p>\n<p>&nbsp;<\/p>\n<p>&nbsp;<\/p>\n<p>&nbsp;<\/p>\n<p>&nbsp;<\/p>\n<p>&nbsp;<\/p>\n","protected":false},"excerpt":{"rendered":"<p>Se trata de James Parker, el lateral surgido del Club Handball San Luis, que figura&#8230;<\/p>\n","protected":false},"author":1,"featured_media":17587,"comment_status":"closed","ping_status":"closed","sticky":false,"template":"","format":"standard","meta":{"footnotes":""},"categories":[6],"tags":[],"class_list":["post-17586","post","type-post","status-publish","format-standard","has-post-thumbnail","hentry","category-ciudad-provincia"],"yoast_head":"<!-- This site is optimized with the Yoast SEO plugin v26.1.1 - https:\/\/yoast.com\/wordpress\/plugins\/seo\/ -->\n<title>SAN LUIS VOLVER\u00c1 A TENER UN DEPORTISTA EN LOS JUEGOS OL\u00cdMPICOS DESPU\u00c9S DE 96 A\u00d1OS - Apuntes de San Luis<\/title>\n<meta name=\"robots\" content=\"index, follow, max-snippet:-1, max-image-preview:large, max-video-preview:-1\" \/>\n<link rel=\"canonical\" href=\"https:\/\/apuntesdesanluis.com\/index.php\/2024\/06\/08\/san-luis-volvera-a-tener-un-deportista-en-los-juegos-olimpicos-despues-de-96-anos\/\" \/>\n<meta property=\"og:locale\" content=\"es_ES\" \/>\n<meta property=\"og:type\" content=\"article\" \/>\n<meta property=\"og:title\" content=\"SAN LUIS VOLVER\u00c1 A TENER UN DEPORTISTA EN LOS JUEGOS OL\u00cdMPICOS DESPU\u00c9S DE 96 A\u00d1OS - Apuntes de San Luis\" \/>\n<meta property=\"og:description\" content=\"Se trata de James Parker, el lateral surgido del Club Handball San Luis, que figura...\" \/>\n<meta property=\"og:url\" content=\"https:\/\/apuntesdesanluis.com\/index.php\/2024\/06\/08\/san-luis-volvera-a-tener-un-deportista-en-los-juegos-olimpicos-despues-de-96-anos\/\" \/>\n<meta property=\"og:site_name\" content=\"Apuntes de San Luis\" \/>\n<meta property=\"article:published_time\" content=\"2024-06-08T22:00:33+00:00\" \/>\n<meta property=\"og:image\" content=\"https:\/\/apuntesdesanluis.com\/wp-content\/uploads\/2024\/06\/JAMES-PARKER.png\" \/>\n\t<meta property=\"og:image:width\" content=\"600\" \/>\n\t<meta property=\"og:image:height\" content=\"388\" \/>\n\t<meta property=\"og:image:type\" content=\"image\/png\" \/>\n<meta name=\"author\" content=\"apuntesdesanluis.com\" \/>\n<meta name=\"twitter:card\" content=\"summary_large_image\" \/>\n<meta name=\"twitter:label1\" content=\"Escrito por\" \/>\n\t<meta name=\"twitter:data1\" content=\"apuntesdesanluis.com\" \/>\n\t<meta name=\"twitter:label2\" content=\"Tiempo de lectura\" \/>\n\t<meta name=\"twitter:data2\" content=\"2 minutos\" \/>\n<script type=\"application\/ld+json\" class=\"yoast-schema-graph\">{\"@context\":\"https:\/\/schema.org\",\"@graph\":[{\"@type\":\"Article\",\"@id\":\"https:\/\/apuntesdesanluis.com\/index.php\/2024\/06\/08\/san-luis-volvera-a-tener-un-deportista-en-los-juegos-olimpicos-despues-de-96-anos\/#article\",\"isPartOf\":{\"@id\":\"https:\/\/apuntesdesanluis.com\/index.php\/2024\/06\/08\/san-luis-volvera-a-tener-un-deportista-en-los-juegos-olimpicos-despues-de-96-anos\/\"},\"author\":{\"name\":\"apuntesdesanluis.com\",\"@id\":\"https:\/\/apuntesdesanluis.com\/#\/schema\/person\/b55151d52296fcce64d1a72538a70b90\"},\"headline\":\"SAN LUIS VOLVER\u00c1 A TENER UN DEPORTISTA EN LOS JUEGOS OL\u00cdMPICOS DESPU\u00c9S DE 96 A\u00d1OS\",\"datePublished\":\"2024-06-08T22:00:33+00:00\",\"mainEntityOfPage\":{\"@id\":\"https:\/\/apuntesdesanluis.com\/index.php\/2024\/06\/08\/san-luis-volvera-a-tener-un-deportista-en-los-juegos-olimpicos-despues-de-96-anos\/\"},\"wordCount\":390,\"publisher\":{\"@id\":\"https:\/\/apuntesdesanluis.com\/#\/schema\/person\/b55151d52296fcce64d1a72538a70b90\"},\"image\":{\"@id\":\"https:\/\/apuntesdesanluis.com\/index.php\/2024\/06\/08\/san-luis-volvera-a-tener-un-deportista-en-los-juegos-olimpicos-despues-de-96-anos\/#primaryimage\"},\"thumbnailUrl\":\"https:\/\/apuntesdesanluis.com\/wp-content\/uploads\/2024\/06\/JAMES-PARKER.png\",\"articleSection\":[\"Ciudad\/Provincia\"],\"inLanguage\":\"es-AR\"},{\"@type\":\"WebPage\",\"@id\":\"https:\/\/apuntesdesanluis.com\/index.php\/2024\/06\/08\/san-luis-volvera-a-tener-un-deportista-en-los-juegos-olimpicos-despues-de-96-anos\/\",\"url\":\"https:\/\/apuntesdesanluis.com\/index.php\/2024\/06\/08\/san-luis-volvera-a-tener-un-deportista-en-los-juegos-olimpicos-despues-de-96-anos\/\",\"name\":\"SAN LUIS VOLVER\u00c1 A TENER UN DEPORTISTA EN LOS JUEGOS OL\u00cdMPICOS DESPU\u00c9S DE 96 A\u00d1OS - Apuntes de San Luis\",\"isPartOf\":{\"@id\":\"https:\/\/apuntesdesanluis.com\/#website\"},\"primaryImageOfPage\":{\"@id\":\"https:\/\/apuntesdesanluis.com\/index.php\/2024\/06\/08\/san-luis-volvera-a-tener-un-deportista-en-los-juegos-olimpicos-despues-de-96-anos\/#primaryimage\"},\"image\":{\"@id\":\"https:\/\/apuntesdesanluis.com\/index.php\/2024\/06\/08\/san-luis-volvera-a-tener-un-deportista-en-los-juegos-olimpicos-despues-de-96-anos\/#primaryimage\"},\"thumbnailUrl\":\"https:\/\/apuntesdesanluis.com\/wp-content\/uploads\/2024\/06\/JAMES-PARKER.png\",\"datePublished\":\"2024-06-08T22:00:33+00:00\",\"breadcrumb\":{\"@id\":\"https:\/\/apuntesdesanluis.com\/index.php\/2024\/06\/08\/san-luis-volvera-a-tener-un-deportista-en-los-juegos-olimpicos-despues-de-96-anos\/#breadcrumb\"},\"inLanguage\":\"es-AR\",\"potentialAction\":[{\"@type\":\"ReadAction\",\"target\":[\"https:\/\/apuntesdesanluis.com\/index.php\/2024\/06\/08\/san-luis-volvera-a-tener-un-deportista-en-los-juegos-olimpicos-despues-de-96-anos\/\"]}]},{\"@type\":\"ImageObject\",\"inLanguage\":\"es-AR\",\"@id\":\"https:\/\/apuntesdesanluis.com\/index.php\/2024\/06\/08\/san-luis-volvera-a-tener-un-deportista-en-los-juegos-olimpicos-despues-de-96-anos\/#primaryimage\",\"url\":\"https:\/\/apuntesdesanluis.com\/wp-content\/uploads\/2024\/06\/JAMES-PARKER.png\",\"contentUrl\":\"https:\/\/apuntesdesanluis.com\/wp-content\/uploads\/2024\/06\/JAMES-PARKER.png\",\"width\":600,\"height\":388},{\"@type\":\"BreadcrumbList\",\"@id\":\"https:\/\/apuntesdesanluis.com\/index.php\/2024\/06\/08\/san-luis-volvera-a-tener-un-deportista-en-los-juegos-olimpicos-despues-de-96-anos\/#breadcrumb\",\"itemListElement\":[{\"@type\":\"ListItem\",\"position\":1,\"name\":\"Inicio\",\"item\":\"https:\/\/apuntesdesanluis.com\/\"},{\"@type\":\"ListItem\",\"position\":2,\"name\":\"SAN LUIS VOLVER\u00c1 A TENER UN DEPORTISTA EN LOS JUEGOS OL\u00cdMPICOS DESPU\u00c9S DE 96 A\u00d1OS\"}]},{\"@type\":\"WebSite\",\"@id\":\"https:\/\/apuntesdesanluis.com\/#website\",\"url\":\"https:\/\/apuntesdesanluis.com\/\",\"name\":\"Apuntes de San Luis\",\"description\":\"\",\"publisher\":{\"@id\":\"https:\/\/apuntesdesanluis.com\/#\/schema\/person\/b55151d52296fcce64d1a72538a70b90\"},\"potentialAction\":[{\"@type\":\"SearchAction\",\"target\":{\"@type\":\"EntryPoint\",\"urlTemplate\":\"https:\/\/apuntesdesanluis.com\/?s={search_term_string}\"},\"query-input\":{\"@type\":\"PropertyValueSpecification\",\"valueRequired\":true,\"valueName\":\"search_term_string\"}}],\"inLanguage\":\"es-AR\"},{\"@type\":[\"Person\",\"Organization\"],\"@id\":\"https:\/\/apuntesdesanluis.com\/#\/schema\/person\/b55151d52296fcce64d1a72538a70b90\",\"name\":\"apuntesdesanluis.com\",\"image\":{\"@type\":\"ImageObject\",\"inLanguage\":\"es-AR\",\"@id\":\"https:\/\/apuntesdesanluis.com\/#\/schema\/person\/image\/\",\"url\":\"https:\/\/apuntesdesanluis.com\/wp-content\/uploads\/2023\/07\/cropped-apuntesdesanluis.png\",\"contentUrl\":\"https:\/\/apuntesdesanluis.com\/wp-content\/uploads\/2023\/07\/cropped-apuntesdesanluis.png\",\"width\":450,\"height\":112,\"caption\":\"apuntesdesanluis.com\"},\"logo\":{\"@id\":\"https:\/\/apuntesdesanluis.com\/#\/schema\/person\/image\/\"},\"sameAs\":[\"https:\/\/apuntesdesanluis.com\"],\"url\":\"https:\/\/apuntesdesanluis.com\/index.php\/author\/apuntesdesanluis-com\/\"}]}<\/script>\n<!-- \/ Yoast SEO plugin. -->","yoast_head_json":{"title":"SAN LUIS VOLVER\u00c1 A TENER UN DEPORTISTA EN LOS JUEGOS OL\u00cdMPICOS DESPU\u00c9S DE 96 A\u00d1OS - Apuntes de San Luis","robots":{"index":"index","follow":"follow","max-snippet":"max-snippet:-1","max-image-preview":"max-image-preview:large","max-video-preview":"max-video-preview:-1"},"canonical":"https:\/\/apuntesdesanluis.com\/index.php\/2024\/06\/08\/san-luis-volvera-a-tener-un-deportista-en-los-juegos-olimpicos-despues-de-96-anos\/","og_locale":"es_ES","og_type":"article","og_title":"SAN LUIS VOLVER\u00c1 A TENER UN DEPORTISTA EN LOS JUEGOS OL\u00cdMPICOS DESPU\u00c9S DE 96 A\u00d1OS - Apuntes de San Luis","og_description":"Se trata de James Parker, el lateral surgido del Club Handball San Luis, que figura...","og_url":"https:\/\/apuntesdesanluis.com\/index.php\/2024\/06\/08\/san-luis-volvera-a-tener-un-deportista-en-los-juegos-olimpicos-despues-de-96-anos\/","og_site_name":"Apuntes de San Luis","article_published_time":"2024-06-08T22:00:33+00:00","og_image":[{"width":600,"height":388,"url":"https:\/\/apuntesdesanluis.com\/wp-content\/uploads\/2024\/06\/JAMES-PARKER.png","type":"image\/png"}],"author":"apuntesdesanluis.com","twitter_card":"summary_large_image","twitter_misc":{"Escrito por":"apuntesdesanluis.com","Tiempo de lectura":"2 minutos"},"schema":{"@context":"https:\/\/schema.org","@graph":[{"@type":"Article","@id":"https:\/\/apuntesdesanluis.com\/index.php\/2024\/06\/08\/san-luis-volvera-a-tener-un-deportista-en-los-juegos-olimpicos-despues-de-96-anos\/#article","isPartOf":{"@id":"https:\/\/apuntesdesanluis.com\/index.php\/2024\/06\/08\/san-luis-volvera-a-tener-un-deportista-en-los-juegos-olimpicos-despues-de-96-anos\/"},"author":{"name":"apuntesdesanluis.com","@id":"https:\/\/apuntesdesanluis.com\/#\/schema\/person\/b55151d52296fcce64d1a72538a70b90"},"headline":"SAN LUIS VOLVER\u00c1 A TENER UN DEPORTISTA EN LOS JUEGOS OL\u00cdMPICOS DESPU\u00c9S DE 96 A\u00d1OS","datePublished":"2024-06-08T22:00:33+00:00","mainEntityOfPage":{"@id":"https:\/\/apuntesdesanluis.com\/index.php\/2024\/06\/08\/san-luis-volvera-a-tener-un-deportista-en-los-juegos-olimpicos-despues-de-96-anos\/"},"wordCount":390,"publisher":{"@id":"https:\/\/apuntesdesanluis.com\/#\/schema\/person\/b55151d52296fcce64d1a72538a70b90"},"image":{"@id":"https:\/\/apuntesdesanluis.com\/index.php\/2024\/06\/08\/san-luis-volvera-a-tener-un-deportista-en-los-juegos-olimpicos-despues-de-96-anos\/#primaryimage"},"thumbnailUrl":"https:\/\/apuntesdesanluis.com\/wp-content\/uploads\/2024\/06\/JAMES-PARKER.png","articleSection":["Ciudad\/Provincia"],"inLanguage":"es-AR"},{"@type":"WebPage","@id":"https:\/\/apuntesdesanluis.com\/index.php\/2024\/06\/08\/san-luis-volvera-a-tener-un-deportista-en-los-juegos-olimpicos-despues-de-96-anos\/","url":"https:\/\/apuntesdesanluis.com\/index.php\/2024\/06\/08\/san-luis-volvera-a-tener-un-deportista-en-los-juegos-olimpicos-despues-de-96-anos\/","name":"SAN LUIS VOLVER\u00c1 A TENER UN DEPORTISTA EN LOS JUEGOS OL\u00cdMPICOS DESPU\u00c9S DE 96 A\u00d1OS - Apuntes de San Luis","isPartOf":{"@id":"https:\/\/apuntesdesanluis.com\/#website"},"primaryImageOfPage":{"@id":"https:\/\/apuntesdesanluis.com\/index.php\/2024\/06\/08\/san-luis-volvera-a-tener-un-deportista-en-los-juegos-olimpicos-despues-de-96-anos\/#primaryimage"},"image":{"@id":"https:\/\/apuntesdesanluis.com\/index.php\/2024\/06\/08\/san-luis-volvera-a-tener-un-deportista-en-los-juegos-olimpicos-despues-de-96-anos\/#primaryimage"},"thumbnailUrl":"https:\/\/apuntesdesanluis.com\/wp-content\/uploads\/2024\/06\/JAMES-PARKER.png","datePublished":"2024-06-08T22:00:33+00:00","breadcrumb":{"@id":"https:\/\/apuntesdesanluis.com\/index.php\/2024\/06\/08\/san-luis-volvera-a-tener-un-deportista-en-los-juegos-olimpicos-despues-de-96-anos\/#breadcrumb"},"inLanguage":"es-AR","potentialAction":[{"@type":"ReadAction","target":["https:\/\/apuntesdesanluis.com\/index.php\/2024\/06\/08\/san-luis-volvera-a-tener-un-deportista-en-los-juegos-olimpicos-despues-de-96-anos\/"]}]},{"@type":"ImageObject","inLanguage":"es-AR","@id":"https:\/\/apuntesdesanluis.com\/index.php\/2024\/06\/08\/san-luis-volvera-a-tener-un-deportista-en-los-juegos-olimpicos-despues-de-96-anos\/#primaryimage","url":"https:\/\/apuntesdesanluis.com\/wp-content\/uploads\/2024\/06\/JAMES-PARKER.png","contentUrl":"https:\/\/apuntesdesanluis.com\/wp-content\/uploads\/2024\/06\/JAMES-PARKER.png","width":600,"height":388},{"@type":"BreadcrumbList","@id":"https:\/\/apuntesdesanluis.com\/index.php\/2024\/06\/08\/san-luis-volvera-a-tener-un-deportista-en-los-juegos-olimpicos-despues-de-96-anos\/#breadcrumb","itemListElement":[{"@type":"ListItem","position":1,"name":"Inicio","item":"https:\/\/apuntesdesanluis.com\/"},{"@type":"ListItem","position":2,"name":"SAN LUIS VOLVER\u00c1 A TENER UN DEPORTISTA EN LOS JUEGOS OL\u00cdMPICOS DESPU\u00c9S DE 96 A\u00d1OS"}]},{"@type":"WebSite","@id":"https:\/\/apuntesdesanluis.com\/#website","url":"https:\/\/apuntesdesanluis.com\/","name":"Apuntes de San Luis","description":"","publisher":{"@id":"https:\/\/apuntesdesanluis.com\/#\/schema\/person\/b55151d52296fcce64d1a72538a70b90"},"potentialAction":[{"@type":"SearchAction","target":{"@type":"EntryPoint","urlTemplate":"https:\/\/apuntesdesanluis.com\/?s={search_term_string}"},"query-input":{"@type":"PropertyValueSpecification","valueRequired":true,"valueName":"search_term_string"}}],"inLanguage":"es-AR"},{"@type":["Person","Organization"],"@id":"https:\/\/apuntesdesanluis.com\/#\/schema\/person\/b55151d52296fcce64d1a72538a70b90","name":"apuntesdesanluis.com","image":{"@type":"ImageObject","inLanguage":"es-AR","@id":"https:\/\/apuntesdesanluis.com\/#\/schema\/person\/image\/","url":"https:\/\/apuntesdesanluis.com\/wp-content\/uploads\/2023\/07\/cropped-apuntesdesanluis.png","contentUrl":"https:\/\/apuntesdesanluis.com\/wp-content\/uploads\/2023\/07\/cropped-apuntesdesanluis.png","width":450,"height":112,"caption":"apuntesdesanluis.com"},"logo":{"@id":"https:\/\/apuntesdesanluis.com\/#\/schema\/person\/image\/"},"sameAs":["https:\/\/apuntesdesanluis.com"],"url":"https:\/\/apuntesdesanluis.com\/index.php\/author\/apuntesdesanluis-com\/"}]}},"featured_image_urls":{"full":["https:\/\/apuntesdesanluis.com\/wp-content\/uploads\/2024\/06\/JAMES-PARKER.png",600,388,false],"thumbnail":["https:\/\/apuntesdesanluis.com\/wp-content\/uploads\/2024\/06\/JAMES-PARKER-150x150.png",150,150,true],"medium":["https:\/\/apuntesdesanluis.com\/wp-content\/uploads\/2024\/06\/JAMES-PARKER-300x194.png",300,194,true],"medium_large":["https:\/\/apuntesdesanluis.com\/wp-content\/uploads\/2024\/06\/JAMES-PARKER.png",600,388,false],"large":["https:\/\/apuntesdesanluis.com\/wp-content\/uploads\/2024\/06\/JAMES-PARKER.png",600,388,false],"1536x1536":["https:\/\/apuntesdesanluis.com\/wp-content\/uploads\/2024\/06\/JAMES-PARKER.png",600,388,false],"2048x2048":["https:\/\/apuntesdesanluis.com\/wp-content\/uploads\/2024\/06\/JAMES-PARKER.png",600,388,false],"newsever-slider-full":["https:\/\/apuntesdesanluis.com\/wp-content\/uploads\/2024\/06\/JAMES-PARKER.png",600,388,false],"newsever-featured":["https:\/\/apuntesdesanluis.com\/wp-content\/uploads\/2024\/06\/JAMES-PARKER.png",600,388,false],"newsever-medium":["https:\/\/apuntesdesanluis.com\/wp-content\/uploads\/2024\/06\/JAMES-PARKER.png",600,388,false]},"author_info":{"display_name":"apuntesdesanluis.com","author_link":"https:\/\/apuntesdesanluis.com\/index.php\/author\/apuntesdesanluis-com\/"},"category_info":"<a href=\"https:\/\/apuntesdesanluis.com\/index.php\/category\/ciudad-provincia\/\" rel=\"category tag\">Ciudad\/Provincia<\/a>","tag_info":"Ciudad\/Provincia","comment_count":"0","_links":{"self":[{"href":"https:\/\/apuntesdesanluis.com\/index.php\/wp-json\/wp\/v2\/posts\/17586","targetHints":{"allow":["GET"]}}],"collection":[{"href":"https:\/\/apuntesdesanluis.com\/index.php\/wp-json\/wp\/v2\/posts"}],"about":[{"href":"https:\/\/apuntesdesanluis.com\/index.php\/wp-json\/wp\/v2\/types\/post"}],"author":[{"embeddable":true,"href":"https:\/\/apuntesdesanluis.com\/index.php\/wp-json\/wp\/v2\/users\/1"}],"replies":[{"embeddable":true,"href":"https:\/\/apuntesdesanluis.com\/index.php\/wp-json\/wp\/v2\/comments?post=17586"}],"version-history":[{"count":1,"href":"https:\/\/apuntesdesanluis.com\/index.php\/wp-json\/wp\/v2\/posts\/17586\/revisions"}],"predecessor-version":[{"id":17589,"href":"https:\/\/apuntesdesanluis.com\/index.php\/wp-json\/wp\/v2\/posts\/17586\/revisions\/17589"}],"wp:featuredmedia":[{"embeddable":true,"href":"https:\/\/apuntesdesanluis.com\/index.php\/wp-json\/wp\/v2\/media\/17587"}],"wp:attachment":[{"href":"https:\/\/apuntesdesanluis.com\/index.php\/wp-json\/wp\/v2\/media?parent=17586"}],"wp:term":[{"taxonomy":"category","embeddable":true,"href":"https:\/\/apuntesdesanluis.com\/index.php\/wp-json\/wp\/v2\/categories?post=17586"},{"taxonomy":"post_tag","embeddable":true,"href":"https:\/\/apuntesdesanluis.com\/index.php\/wp-json\/wp\/v2\/tags?post=17586"}],"curies":[{"name":"wp","href":"https:\/\/api.w.org\/{rel}","templated":true}]}}