{"id":17605,"date":"2024-06-08T22:52:12","date_gmt":"2024-06-09T01:52:12","guid":{"rendered":"https:\/\/apuntesdesanluis.com\/?p=17605"},"modified":"2024-06-08T23:08:23","modified_gmt":"2024-06-09T02:08:23","slug":"cambalache","status":"publish","type":"post","link":"https:\/\/apuntesdesanluis.com\/index.php\/2024\/06\/08\/cambalache\/","title":{"rendered":"CamBaLaChe"},"content":{"rendered":"<h3>Al cumplirse casi seis meses de gesti\u00f3n, el gobierno provincial parece intentar despegar, aunque tibiamente, de acuerdo con las restricciones que le impone la econom\u00eda.<\/h3>\n<p style=\"text-align: center;\"><strong>&#8230;&#8230;&#8230;.<\/strong><\/p>\n<h3><span style=\"color: #3366ff;\"><strong>Ord\u00f3\u00f1ez saca cuentas<\/strong>.<\/span> El ministro de Hacienda y Obras P\u00fablicas, <strong>N\u00e9stor Ordo\u00f1ez<\/strong>, de muy bajo perfil, es el que todos los d\u00edas controla la cuenta corriente del banco y proyecta los gastos y recursos de cada mes. La preocupaci\u00f3n por estos d\u00edas est\u00e1 centrada en juntar los fondos suficientes para hacer frente al pago del aguinaldo a empleados p\u00fablicos. Por ahora tiene viento a favor, por el dinero que le ha ingresado a partir de la moratoria impositiva, que permanece abierta hasta el 15 de julio. En total adhirieron cerca de 20 mil contribuyentes. Otros cientos de millones espera que le ingresen a partir de la subasta de unidades que se realizar\u00e1 el pr\u00f3ximo 6 de julio, aunque mucho menos que la primera.<\/h3>\n<h3><img fetchpriority=\"high\" decoding=\"async\" class=\"wp-image-9638 aligncenter\" src=\"https:\/\/apuntesdesanluis.com\/wp-content\/uploads\/2024\/01\/ordonez-300x197.png\" alt=\"\" width=\"580\" height=\"381\" srcset=\"https:\/\/apuntesdesanluis.com\/wp-content\/uploads\/2024\/01\/ordonez-300x197.png 300w, https:\/\/apuntesdesanluis.com\/wp-content\/uploads\/2024\/01\/ordonez.png 676w\" sizes=\"(max-width: 580px) 100vw, 580px\" \/><\/h3>\n<h3>La expectativa est\u00e1 centrada en ver si a partir de esos ingresos frescos al gobierno le alcanza para anunciar un nuevo aumento salarial a empleados p\u00fablicos, para permitir que se recomponga la p\u00e9rdida de poder adquisitivo de los \u00faltimos seis meses.<\/h3>\n<p style=\"text-align: center;\"><strong>&#8230;&#8230;&#8230;.<\/strong><\/p>\n<h3><span style=\"color: #3366ff;\"><strong>Pol\u00e9mica.<\/strong><\/span> El tema de las transferencias que efect\u00faa el gobierno nacional a la provincia qued\u00f3 envuelto en una pol\u00e9mica la semana \u00faltima. El gobierno inform\u00f3 el martes 4: \u201cDurante los primeros cuatro meses del a\u00f1o las transferencias giradas por el Estado Nacional cayeron en valores reales. Algunos periodos registraron incluso una ca\u00edda en valores nominales. En mayo, se registr\u00f3 un aumento de la recaudaci\u00f3n nacional que se coparticipa a las provincias como consecuencia del vencimiento, en ese per\u00edodo, del Impuesto a las Ganancias. Ello obedeci\u00f3 a la ganancia excepcional que liquidaron las empresas con activos dolarizados luego de la devaluaci\u00f3n de diciembre pasado. Dicha declaraci\u00f3n jurada y pago ocurri\u00f3 en mayo. Se trata entonces de un aumento excepcional <strong>que no se reeditar\u00e1 en los meses sucesivos<\/strong>, con el agravante que el Impuesto al Valor Agregado que se comporta en funci\u00f3n del consumo y del nivel de actividad econ\u00f3mica volvi\u00f3 a caer, marcando una proyecci\u00f3n negativa para los meses entrantes\u201d.<\/h3>\n<h3>El jueves 6, la directora de Finanzas y Recursos del ministerio de Hacienda e Infraestructura P\u00fablica, <strong>Eugenia Sosa Herrera<\/strong>, afirm\u00f3 que \u201cen materia de coparticipaci\u00f3n venimos con un acumulado de enero a mayo negativo del 10%\u201d. \u201cEs dif\u00edcil explicarlo sin caer en tecnicismos, pero lo podemos ver como un partido contra la inflaci\u00f3n y todos los meses vemos qui\u00e9n gana. En enero, febrero, marzo y abril ven\u00edamos perdiendo 4 a 0. En mayo pudimos meter un punto, digamos, un 4 a 1\u201d, ejemplific\u00f3 la funcionaria provincial.<\/h3>\n<p><iframe title=\"Eugenia Sosa Herrera, Directora de Finanzas y Recursos\" width=\"640\" height=\"360\" src=\"https:\/\/www.youtube.com\/embed\/g_WGhPN7ows?feature=oembed\" frameborder=\"0\" allow=\"accelerometer; autoplay; clipboard-write; encrypted-media; gyroscope; picture-in-picture; web-share\" referrerpolicy=\"strict-origin-when-cross-origin\" allowfullscreen><\/iframe><\/p>\n<h3>Sin embargo, en la misma semana el que sali\u00f3 a desmentir los datos oficiales fue nada menos que el presidente provisional del Senado de la Naci\u00f3n, el puntano <strong>Bartolo Abdala<\/strong>, quien ha deslizado a sus \u00edntimos sus deseos de presentarse como candidato a gobernador en 2027.<\/h3>\n<h3>\u201cEso no es cierto, la provincia de San Luis ha recibido la coparticipaci\u00f3n todos los d\u00edas y en los \u00faltimos meses, con un aumento de casi el 300%\u201d afirm\u00f3 al periodista <strong>Fito Carranza<\/strong>, a quien le envi\u00f3 los cuadros estad\u00edsticos con los n\u00fameros.<\/h3>\n<div style=\"width: 300px;\" class=\"wp-video\"><!--[if lt IE 9]><script>document.createElement('video');<\/script><![endif]-->\n<video class=\"wp-video-shortcode\" id=\"video-17605-1\" width=\"300\" height=\"168\" preload=\"metadata\" controls=\"controls\"><source type=\"video\/mp4\" src=\"https:\/\/apuntesdesanluis.com\/wp-content\/uploads\/2024\/06\/abdala.mp4?_=1\" \/><a href=\"https:\/\/apuntesdesanluis.com\/wp-content\/uploads\/2024\/06\/abdala.mp4\">https:\/\/apuntesdesanluis.com\/wp-content\/uploads\/2024\/06\/abdala.mp4<\/a><\/video><\/div>\n<p><img decoding=\"async\" class=\"wp-image-17491 aligncenter\" src=\"https:\/\/apuntesdesanluis.com\/wp-content\/uploads\/2024\/06\/cuadro-3-total-conceptos-300x282.jpg\" alt=\"\" width=\"605\" height=\"569\" srcset=\"https:\/\/apuntesdesanluis.com\/wp-content\/uploads\/2024\/06\/cuadro-3-total-conceptos-300x282.jpg 300w, https:\/\/apuntesdesanluis.com\/wp-content\/uploads\/2024\/06\/cuadro-3-total-conceptos.jpg 439w\" sizes=\"(max-width: 605px) 100vw, 605px\" \/><\/p>\n<h3>Desde el gobierno se eligi\u00f3 el silencio como respuesta, por lo que la duda qued\u00f3 planteada.<\/h3>\n<p style=\"text-align: center;\"><strong>&#8230;&#8230;&#8230;.<\/strong><\/p>\n<h3><span style=\"color: #3366ff;\"><strong>Gira institucional.<\/strong><\/span> La gira institucional que realiza el gobernador <strong>Claudio Poggi<\/strong> con su gabinete le permiti\u00f3 tomar la iniciativa y llegar con buenas noticias a cada localidad, sobre todo aquellas que adhirieron al convenio \u201cConstruyendo con tu Pueblo\u201d. De paso, el contacto cara a cara con los vecinos le sirve para medir c\u00f3mo se encuentra su popularidad.<\/h3>\n<h3>Ante la par\u00e1lisis de la econom\u00eda, por el contexto nacional y \u201cel d\u00e9ficit recibido\u201d, como recalca el gobierno, se le demandaba a Poggi anuncios en torno a la obra p\u00fablica, para generar alguito de reactivaci\u00f3n. En este sentido, a partir del convenio provincia-municipio se empezar\u00e1n a hacer distintas obras de iluminaci\u00f3n, pavimentaci\u00f3n, bacheo, cord\u00f3n, cuneta, etc.<\/h3>\n<p><img decoding=\"async\" class=\"wp-image-17617 aligncenter\" src=\"https:\/\/apuntesdesanluis.com\/wp-content\/uploads\/2024\/06\/poggi-1-300x217.png\" alt=\"\" width=\"590\" height=\"427\" srcset=\"https:\/\/apuntesdesanluis.com\/wp-content\/uploads\/2024\/06\/poggi-1-300x217.png 300w, https:\/\/apuntesdesanluis.com\/wp-content\/uploads\/2024\/06\/poggi-1-768x556.png 768w, https:\/\/apuntesdesanluis.com\/wp-content\/uploads\/2024\/06\/poggi-1.png 875w\" sizes=\"(max-width: 590px) 100vw, 590px\" \/><\/p>\n<h3>La inversi\u00f3n es m\u00e1s que austera: apenas 7.500 millones, para obras que tienen 6 meses de ejecuci\u00f3n: julio-diciembre. No obstante, ante la malaria, \u201ces un respiro para todos\u201d, reconocieron la mayor\u00eda de los intendentes que suscribieron el acuerdo y cuando los visita el gobernador firman el convenio espec\u00edfico.<\/h3>\n<h3>Seg\u00fan adelant\u00f3 el sitio <span style=\"color: #3366ff;\">Depolitica.com<\/span>, esta semana la Gira institucional continuar\u00e1 en trece localidades: el lunes Poggi visitar\u00e1 en Cortaderas a familiares de un veterano de Malvinas; el martes estar\u00e1 en El Volc\u00e1n, El Trapiche y La Carolina; el mi\u00e9rcoles en Zanjitas, Navia y Uni\u00f3n; el jueves visitar\u00e1 El Bagual, Fortuna y Nueva Galia; y el viernes en La Toma, Naschel y Tilisarao.<\/h3>\n<p style=\"text-align: center;\"><strong>&#8230;&#8230;&#8230;.<\/strong><\/p>\n<h3><span style=\"color: #3366ff;\"><strong>Blooper.<\/strong> <\/span>Durante la gira, claro est\u00e1, se van recopilando numerosas an\u00e9cdotas, que los funcionarios luego comentan y festejan en el colectivo, a su regreso. Una que lidera el ranking lo tuvo como protagonista al director de Asuntos Municipales, <strong>Gonzalo Amondara\u00edn<\/strong>.<\/h3>\n<h3><img loading=\"lazy\" decoding=\"async\" class=\"wp-image-17611 aligncenter\" src=\"https:\/\/apuntesdesanluis.com\/wp-content\/uploads\/2024\/06\/gonzalo-amondarain-300x238.png\" alt=\"\" width=\"555\" height=\"440\" srcset=\"https:\/\/apuntesdesanluis.com\/wp-content\/uploads\/2024\/06\/gonzalo-amondarain-300x238.png 300w, https:\/\/apuntesdesanluis.com\/wp-content\/uploads\/2024\/06\/gonzalo-amondarain.png 580w\" sizes=\"(max-width: 555px) 100vw, 555px\" \/><\/h3>\n<h3>Al parecer el funcionario fue invitado a hablar en una localidad, para resaltar la importancia de la inyecci\u00f3n econ\u00f3mica que se har\u00eda. Luego de saludar a las autoridades provinciales y municipales, Amondara\u00edn fue subiendo el tono de la verborragia para anunciar que \u201ca partir de este convenio, se invertir\u00e1n casi 85 millones de pesos en Buena Esperanza\u2026.\u201d, e hizo una pausa para dar lugar a los aplausos, que nunca llegaron. El inc\u00f3modo silencio fue remediado por el propio Poggi, quien para salir del paso le record\u00f3 al funcionario que si bien \u00e9l es oriundo de Buena Esperanza, se encontraban en San Francisco.<\/h3>\n<h3>\u201cHay que perdonarlo a Amondara\u00edn, lo traicion\u00f3 su corazoncito\u201d, lo justific\u00f3 el gobernador en medio de las risas generalizadas.<\/h3>\n<p style=\"text-align: center;\"><strong>&#8230;&#8230;&#8230;.<\/strong><\/p>\n<h3><span style=\"color: #3366ff;\"><strong>Se viene el voto electr\u00f3nico.<\/strong><\/span> Esta semana el secretario de Asuntos Institucionales y Enlace Parlamentario, <strong>Jos\u00e9 Giraudo<\/strong>, avanz\u00f3 en una de los ejes que plante\u00f3 el gobernador, como es la reforma electoral. En ese sentido, se reuni\u00f3 en primer lugar con <strong>Pablo Guerreiro<\/strong>, presidente de la Agencia Ciencia, Tecnolog\u00eda y Sociedad del gobierno, a los fines de analizar la conveniencia de introducir el voto electr\u00f3nico. El funcionario coincidi\u00f3 en que \u201cel mundo va hacia lo digital\u201d y se comprometi\u00f3 a trabajar la iniciativa.<\/h3>\n<h3>El viernes viaj\u00f3 a su ciudad natal y se reuni\u00f3 con el rector de la UNViMe, a quien lo interes\u00f3 en el tema y lo invit\u00f3 a asesorar en esta materia, teniendo en cuenta las carreras que dicta esa casa de estudios, entre ellas Ingenier\u00eda en Sistemas y Programador Universitario de Sistemas. El Dr. <strong>Marcelo Sosa<\/strong> expres\u00f3 su \u201ctotal predisposici\u00f3n\u201d y apoy\u00f3 la iniciativa.<\/h3>\n<h3><img loading=\"lazy\" decoding=\"async\" class=\"wp-image-17610 aligncenter\" src=\"https:\/\/apuntesdesanluis.com\/wp-content\/uploads\/2024\/06\/giraudo-1-300x184.png\" alt=\"\" width=\"564\" height=\"346\" srcset=\"https:\/\/apuntesdesanluis.com\/wp-content\/uploads\/2024\/06\/giraudo-1-300x184.png 300w, https:\/\/apuntesdesanluis.com\/wp-content\/uploads\/2024\/06\/giraudo-1-768x471.png 768w, https:\/\/apuntesdesanluis.com\/wp-content\/uploads\/2024\/06\/giraudo-1.png 814w\" sizes=\"(max-width: 564px) 100vw, 564px\" \/><\/h3>\n<h3>El pr\u00f3ximo lunes 10, Giraudo se reunir\u00e1 con el rector de la UNSL, <strong>Victor Mori\u00f1igo<\/strong>, para tratar el mismo tema. Su intenci\u00f3n es promover la creaci\u00f3n de un espacio en el que participen las instituciones de educaci\u00f3n superior, cuya oferta acad\u00e9mica est\u00e9 relacionada con el tema, para que asesoren al gobierno sobre los procesos y herramientas digitales m\u00e1s convenientes. \u201cEn Estonia, un peque\u00f1o pa\u00eds ubicado en el norte de Europa, se vota desde el celular. Los ciudadanos le confiamos nuestro dinero a un celular, entonces, \u00bfpor qu\u00e9 no confiar nuestro voto a un sistema digital?\u201d, reflexion\u00f3 Giraudo.<\/h3>\n<p style=\"text-align: center;\"><strong>&#8230;&#8230;&#8230;.<\/strong><\/p>\n<h3><span style=\"color: #3366ff;\"><strong>Renuncia y papel\u00f3n.<\/strong> <\/span>Se sabe que el rid\u00edculo es aqu\u00e9l lugar del que no se vuelve. Todos lo saben, pero algunos se sienten c\u00f3modos vist\u00e1ndoolo regularmente. Algo de eso se pudo ver esta semana, con la renuncia de un gran n\u00famero de dirigentes encabezados por <strong>Hugo Murgo, Harold Bridger, Julio G\u00f3mez, Jos\u00e9 Gil y Javier Darnay<\/strong>, al partido Todos Unidos que conduce <strong>Adolfo Rodr\u00edguez Sa\u00e1<\/strong>.<\/h3>\n<p><a href=\"https:\/\/www.facebook.com\/fmlatina1039\/videos\/478288497935276\/\" target=\"_blank\" rel=\"noopener\"><img loading=\"lazy\" decoding=\"async\" class=\"wp-image-17608 aligncenter\" src=\"https:\/\/apuntesdesanluis.com\/wp-content\/uploads\/2024\/06\/conferencia-300x184.png\" alt=\"\" width=\"613\" height=\"376\" srcset=\"https:\/\/apuntesdesanluis.com\/wp-content\/uploads\/2024\/06\/conferencia-300x184.png 300w, https:\/\/apuntesdesanluis.com\/wp-content\/uploads\/2024\/06\/conferencia.png 608w\" sizes=\"(max-width: 613px) 100vw, 613px\" \/><\/a><\/p>\n<h3>&#8220;Lamentablemente, ya no nos representa. Adolfo se maneja por caprichos. Independientemente de estas renuncias, que son masivas, queremos dejar en claro que seguimos apoyando al gobernador Claudio Poggi&#8221;, afirm\u00f3 Darnay durante la conferencia de prensa, en la que informaron que son m\u00e1s de 200 los dirigentes de toda la provincia que renunciaron, dejando trascender la intenci\u00f3n de conformar un nuevo espacio.<\/h3>\n<h3>A los pocos d\u00edas, la dirigente <strong>Alicia Arrieta<\/strong> junto a numerosas mujeres convoc\u00f3 tambi\u00e9n a conferencia de prensa para cuestionar a aquellos, centrando sus cr\u00edticas en el supuesto ataque a la esposa de <strong>Gisela Vartalitis<\/strong>, por su condici\u00f3n de mujer. Un verdadero papel\u00f3n que nadie cree. Un periodista amigo, al ver la conferencia, me dijo ir\u00f3nicamente:<em> <strong>\u201cParece el colectivo de actrices, Bridger ser\u00eda Darth\u00e9s y Murgo el Jey Mamm\u00f3n\u2026\u201d.<\/strong><\/em><\/h3>\n<p><a href=\"https:\/\/www.facebook.com\/fmlatina1039\/videos\/441858071816465\/\" target=\"_blank\" rel=\"noopener\"><img loading=\"lazy\" decoding=\"async\" class=\"wp-image-17609 aligncenter\" src=\"https:\/\/apuntesdesanluis.com\/wp-content\/uploads\/2024\/06\/alicia-arrieta-300x207.png\" alt=\"\" width=\"592\" height=\"409\" srcset=\"https:\/\/apuntesdesanluis.com\/wp-content\/uploads\/2024\/06\/alicia-arrieta-300x207.png 300w, https:\/\/apuntesdesanluis.com\/wp-content\/uploads\/2024\/06\/alicia-arrieta.png 609w\" sizes=\"(max-width: 592px) 100vw, 592px\" \/><\/a><\/p>\n<h3 style=\"text-align: center;\">&#8230;&#8230;&#8230;.<\/h3>\n<h3><strong><span style=\"color: #3366ff;\">Nueva radio.<\/span> <\/strong>Este lunes comienza oficialmente a transmitir una nueva emisora en Villa Mercedes. Se trata de <strong>La Voz<\/strong>, que emitir\u00e1 en frecuencia modulada (97.9 Mhz). El proyecto lo encabezan los comunicadores <strong>Santiago Altamirano<\/strong> y <strong>Fabi\u00e1n \u201cFufi\u201d N\u00fa\u00f1ez<\/strong>. La radio en realidad es parte de Multimedios Group, que tambi\u00e9n integran El Diario de San Luis, Villa Mercedes Info, MMG Play y Tiempo de Poder, por ahora. Luego se sumar\u00edan otros.<\/h3>\n<h3>Ubicada en Villa Mercedes, un local de dos plantas en Marconi 17, \u201cLa Voz\u201d est\u00e1 equipada con la \u00faltima tecnolog\u00eda digital y se transmitir\u00e1 tambi\u00e9n por streaming a trav\u00e9s de <span style=\"color: #3366ff;\"><a style=\"color: #3366ff;\" href=\"https:\/\/fmradiolavoz.com\/\">https:\/\/fmradiolavoz.com\/<\/a><\/span><\/h3>\n<h3><img loading=\"lazy\" decoding=\"async\" class=\"wp-image-17606 aligncenter\" src=\"https:\/\/apuntesdesanluis.com\/wp-content\/uploads\/2024\/06\/Radio-300x225.jpg\" alt=\"\" width=\"608\" height=\"456\" srcset=\"https:\/\/apuntesdesanluis.com\/wp-content\/uploads\/2024\/06\/Radio-300x225.jpg 300w, https:\/\/apuntesdesanluis.com\/wp-content\/uploads\/2024\/06\/Radio.jpg 600w\" sizes=\"(max-width: 608px) 100vw, 608px\" \/><\/h3>\n<h3>Para este comienzo, la programaci\u00f3n de la ma\u00f1ana presentar\u00e1 de 08:00 a 09:00 un completo panorama informativo con noticias nacionales y provinciales; luego de 09:00 a 13:00 el plato fuerte: <strong>\u201cLa Voz de la Ma\u00f1ana\u201d,<\/strong> con la conducci\u00f3n de <strong>Daniel \u201cBanana\u201d Arce<\/strong> y <strong>Giuliana Luffi<\/strong>, el m\u00f3vil a cargo de <strong>Guadalupe Ort\u00edz<\/strong> y <strong>Walter Alcar\u00e1z<\/strong> en los controles t\u00e9cnicos.<\/h3>\n<h3>Seg\u00fan deslizaron, \u201cLa Voz\u201d ser\u00e1 la nave insignia de una cadena de radios que se extender\u00e1n a San Luis, Merlo y al menos otras 6 o 7 provincias, con sede central en Buenos Aires.<\/h3>\n<h3>Desde hace meses comenzaron las especulaciones: Es del gobierno, el que pone la plata es Santarone; no, el que la pone es el Adolfo; Tas loco, viene de Milei, la pone Negri&#8230;<\/h3>\n<h3><span style=\"color: #3366ff;\">Apuntes de San Luis<\/span> pudo establecer que la radio no tiene ninguna de esas vinculaciones pol\u00edticas, sino que pertenece a un poderoso grupo empresario radicado en Uruguay, uno de cuyos accionistas ser\u00eda oriundo de Villa Mercedes. \u00c9xitos para este nuevo emprendimiento period\u00edstico, que est\u00e1 llamado a ocupar un lugar importante en las preferencias de los oyentes.<\/h3>\n<p>&nbsp;<\/p>\n<!--[if lt IE 9]><script>document.createElement('video');<\/script><![endif]-->\n\t<div class=\"wp-playlist wp-video-playlist wp-playlist-light\">\n\t\t<video controls=\"controls\" preload=\"none\" width=\"618\"\n\t\t height=\"1092\"\t><\/video>\n\t<div class=\"wp-playlist-next\"><\/div>\n\t<div class=\"wp-playlist-prev\"><\/div>\n\t<noscript>\n\t<ol>\n\t\t<li><a href='https:\/\/apuntesdesanluis.com\/wp-content\/uploads\/2024\/06\/Radio-La-Voz.mp4'>Radio La Voz<\/a><\/li>\t<\/ol>\n\t<\/noscript>\n\t<script type=\"application\/json\" class=\"wp-playlist-script\">{\"type\":\"video\",\"tracklist\":true,\"tracknumbers\":true,\"images\":true,\"artists\":true,\"tracks\":[{\"src\":\"https:\\\/\\\/apuntesdesanluis.com\\\/wp-content\\\/uploads\\\/2024\\\/06\\\/Radio-La-Voz.mp4\",\"type\":\"video\\\/mp4\",\"title\":\"Radio La Voz\",\"caption\":\"\",\"description\":\"\",\"meta\":{\"length_formatted\":\"0:46\"},\"dimensions\":{\"original\":{\"width\":480,\"height\":848},\"resized\":{\"width\":618,\"height\":1092}},\"image\":{\"src\":\"https:\\\/\\\/apuntesdesanluis.com\\\/wp-includes\\\/images\\\/media\\\/video.svg\",\"width\":48,\"height\":64},\"thumb\":{\"src\":\"https:\\\/\\\/apuntesdesanluis.com\\\/wp-includes\\\/images\\\/media\\\/video.svg\",\"width\":48,\"height\":64}}]}<\/script>\n<\/div>\n\t\n<p>&nbsp;<\/p>\n<p>&nbsp;<\/p>\n<p>&nbsp;<\/p>\n<p>&nbsp;<\/p>\n<p>&nbsp;<\/p>\n<p>&nbsp;<\/p>\n<p>&nbsp;<\/p>\n","protected":false},"excerpt":{"rendered":"<p>Al cumplirse casi seis meses de gesti\u00f3n, el gobierno provincial parece intentar despegar, aunque tibiamente,&#8230;<\/p>\n","protected":false},"author":1,"featured_media":17615,"comment_status":"closed","ping_status":"closed","sticky":false,"template":"","format":"standard","meta":{"footnotes":""},"categories":[9],"tags":[],"class_list":["post-17605","post","type-post","status-publish","format-standard","has-post-thumbnail","hentry","category-opinion"],"yoast_head":"<!-- This site is optimized with the Yoast SEO plugin v26.1.1 - https:\/\/yoast.com\/wordpress\/plugins\/seo\/ -->\n<title>CamBaLaChe - Apuntes de San Luis<\/title>\n<meta name=\"robots\" content=\"index, follow, max-snippet:-1, max-image-preview:large, max-video-preview:-1\" \/>\n<link rel=\"canonical\" href=\"https:\/\/apuntesdesanluis.com\/index.php\/2024\/06\/08\/cambalache\/\" \/>\n<meta property=\"og:locale\" content=\"es_ES\" \/>\n<meta property=\"og:type\" content=\"article\" \/>\n<meta property=\"og:title\" content=\"CamBaLaChe - Apuntes de San Luis\" \/>\n<meta property=\"og:description\" content=\"Al cumplirse casi seis meses de gesti\u00f3n, el gobierno provincial parece intentar despegar, aunque tibiamente,...\" \/>\n<meta property=\"og:url\" content=\"https:\/\/apuntesdesanluis.com\/index.php\/2024\/06\/08\/cambalache\/\" \/>\n<meta property=\"og:site_name\" content=\"Apuntes de San Luis\" \/>\n<meta property=\"article:published_time\" content=\"2024-06-09T01:52:12+00:00\" \/>\n<meta property=\"article:modified_time\" content=\"2024-06-09T02:08:23+00:00\" \/>\n<meta property=\"og:image\" content=\"https:\/\/apuntesdesanluis.com\/wp-content\/uploads\/2024\/06\/rumor.png\" \/>\n\t<meta property=\"og:image:width\" content=\"700\" \/>\n\t<meta property=\"og:image:height\" content=\"380\" \/>\n\t<meta property=\"og:image:type\" content=\"image\/png\" \/>\n<meta name=\"author\" content=\"apuntesdesanluis.com\" \/>\n<meta name=\"twitter:card\" content=\"summary_large_image\" \/>\n<meta name=\"twitter:label1\" content=\"Escrito por\" \/>\n\t<meta name=\"twitter:data1\" content=\"apuntesdesanluis.com\" \/>\n\t<meta name=\"twitter:label2\" content=\"Tiempo de lectura\" \/>\n\t<meta name=\"twitter:data2\" content=\"10 minutos\" \/>\n<script type=\"application\/ld+json\" class=\"yoast-schema-graph\">{\"@context\":\"https:\/\/schema.org\",\"@graph\":[{\"@type\":\"Article\",\"@id\":\"https:\/\/apuntesdesanluis.com\/index.php\/2024\/06\/08\/cambalache\/#article\",\"isPartOf\":{\"@id\":\"https:\/\/apuntesdesanluis.com\/index.php\/2024\/06\/08\/cambalache\/\"},\"author\":{\"name\":\"apuntesdesanluis.com\",\"@id\":\"https:\/\/apuntesdesanluis.com\/#\/schema\/person\/b55151d52296fcce64d1a72538a70b90\"},\"headline\":\"CamBaLaChe\",\"datePublished\":\"2024-06-09T01:52:12+00:00\",\"dateModified\":\"2024-06-09T02:08:23+00:00\",\"mainEntityOfPage\":{\"@id\":\"https:\/\/apuntesdesanluis.com\/index.php\/2024\/06\/08\/cambalache\/\"},\"wordCount\":1773,\"publisher\":{\"@id\":\"https:\/\/apuntesdesanluis.com\/#\/schema\/person\/b55151d52296fcce64d1a72538a70b90\"},\"image\":{\"@id\":\"https:\/\/apuntesdesanluis.com\/index.php\/2024\/06\/08\/cambalache\/#primaryimage\"},\"thumbnailUrl\":\"https:\/\/apuntesdesanluis.com\/wp-content\/uploads\/2024\/06\/rumor.png\",\"articleSection\":[\"Opini\u00f3n\"],\"inLanguage\":\"es-AR\"},{\"@type\":\"WebPage\",\"@id\":\"https:\/\/apuntesdesanluis.com\/index.php\/2024\/06\/08\/cambalache\/\",\"url\":\"https:\/\/apuntesdesanluis.com\/index.php\/2024\/06\/08\/cambalache\/\",\"name\":\"CamBaLaChe - Apuntes de San Luis\",\"isPartOf\":{\"@id\":\"https:\/\/apuntesdesanluis.com\/#website\"},\"primaryImageOfPage\":{\"@id\":\"https:\/\/apuntesdesanluis.com\/index.php\/2024\/06\/08\/cambalache\/#primaryimage\"},\"image\":{\"@id\":\"https:\/\/apuntesdesanluis.com\/index.php\/2024\/06\/08\/cambalache\/#primaryimage\"},\"thumbnailUrl\":\"https:\/\/apuntesdesanluis.com\/wp-content\/uploads\/2024\/06\/rumor.png\",\"datePublished\":\"2024-06-09T01:52:12+00:00\",\"dateModified\":\"2024-06-09T02:08:23+00:00\",\"breadcrumb\":{\"@id\":\"https:\/\/apuntesdesanluis.com\/index.php\/2024\/06\/08\/cambalache\/#breadcrumb\"},\"inLanguage\":\"es-AR\",\"potentialAction\":[{\"@type\":\"ReadAction\",\"target\":[\"https:\/\/apuntesdesanluis.com\/index.php\/2024\/06\/08\/cambalache\/\"]}]},{\"@type\":\"ImageObject\",\"inLanguage\":\"es-AR\",\"@id\":\"https:\/\/apuntesdesanluis.com\/index.php\/2024\/06\/08\/cambalache\/#primaryimage\",\"url\":\"https:\/\/apuntesdesanluis.com\/wp-content\/uploads\/2024\/06\/rumor.png\",\"contentUrl\":\"https:\/\/apuntesdesanluis.com\/wp-content\/uploads\/2024\/06\/rumor.png\",\"width\":700,\"height\":380},{\"@type\":\"BreadcrumbList\",\"@id\":\"https:\/\/apuntesdesanluis.com\/index.php\/2024\/06\/08\/cambalache\/#breadcrumb\",\"itemListElement\":[{\"@type\":\"ListItem\",\"position\":1,\"name\":\"Inicio\",\"item\":\"https:\/\/apuntesdesanluis.com\/\"},{\"@type\":\"ListItem\",\"position\":2,\"name\":\"CamBaLaChe\"}]},{\"@type\":\"WebSite\",\"@id\":\"https:\/\/apuntesdesanluis.com\/#website\",\"url\":\"https:\/\/apuntesdesanluis.com\/\",\"name\":\"Apuntes de San Luis\",\"description\":\"\",\"publisher\":{\"@id\":\"https:\/\/apuntesdesanluis.com\/#\/schema\/person\/b55151d52296fcce64d1a72538a70b90\"},\"potentialAction\":[{\"@type\":\"SearchAction\",\"target\":{\"@type\":\"EntryPoint\",\"urlTemplate\":\"https:\/\/apuntesdesanluis.com\/?s={search_term_string}\"},\"query-input\":{\"@type\":\"PropertyValueSpecification\",\"valueRequired\":true,\"valueName\":\"search_term_string\"}}],\"inLanguage\":\"es-AR\"},{\"@type\":[\"Person\",\"Organization\"],\"@id\":\"https:\/\/apuntesdesanluis.com\/#\/schema\/person\/b55151d52296fcce64d1a72538a70b90\",\"name\":\"apuntesdesanluis.com\",\"image\":{\"@type\":\"ImageObject\",\"inLanguage\":\"es-AR\",\"@id\":\"https:\/\/apuntesdesanluis.com\/#\/schema\/person\/image\/\",\"url\":\"https:\/\/apuntesdesanluis.com\/wp-content\/uploads\/2023\/07\/cropped-apuntesdesanluis.png\",\"contentUrl\":\"https:\/\/apuntesdesanluis.com\/wp-content\/uploads\/2023\/07\/cropped-apuntesdesanluis.png\",\"width\":450,\"height\":112,\"caption\":\"apuntesdesanluis.com\"},\"logo\":{\"@id\":\"https:\/\/apuntesdesanluis.com\/#\/schema\/person\/image\/\"},\"sameAs\":[\"https:\/\/apuntesdesanluis.com\"],\"url\":\"https:\/\/apuntesdesanluis.com\/index.php\/author\/apuntesdesanluis-com\/\"}]}<\/script>\n<!-- \/ Yoast SEO plugin. -->","yoast_head_json":{"title":"CamBaLaChe - Apuntes de San Luis","robots":{"index":"index","follow":"follow","max-snippet":"max-snippet:-1","max-image-preview":"max-image-preview:large","max-video-preview":"max-video-preview:-1"},"canonical":"https:\/\/apuntesdesanluis.com\/index.php\/2024\/06\/08\/cambalache\/","og_locale":"es_ES","og_type":"article","og_title":"CamBaLaChe - Apuntes de San Luis","og_description":"Al cumplirse casi seis meses de gesti\u00f3n, el gobierno provincial parece intentar despegar, aunque tibiamente,...","og_url":"https:\/\/apuntesdesanluis.com\/index.php\/2024\/06\/08\/cambalache\/","og_site_name":"Apuntes de San Luis","article_published_time":"2024-06-09T01:52:12+00:00","article_modified_time":"2024-06-09T02:08:23+00:00","og_image":[{"width":700,"height":380,"url":"https:\/\/apuntesdesanluis.com\/wp-content\/uploads\/2024\/06\/rumor.png","type":"image\/png"}],"author":"apuntesdesanluis.com","twitter_card":"summary_large_image","twitter_misc":{"Escrito por":"apuntesdesanluis.com","Tiempo de lectura":"10 minutos"},"schema":{"@context":"https:\/\/schema.org","@graph":[{"@type":"Article","@id":"https:\/\/apuntesdesanluis.com\/index.php\/2024\/06\/08\/cambalache\/#article","isPartOf":{"@id":"https:\/\/apuntesdesanluis.com\/index.php\/2024\/06\/08\/cambalache\/"},"author":{"name":"apuntesdesanluis.com","@id":"https:\/\/apuntesdesanluis.com\/#\/schema\/person\/b55151d52296fcce64d1a72538a70b90"},"headline":"CamBaLaChe","datePublished":"2024-06-09T01:52:12+00:00","dateModified":"2024-06-09T02:08:23+00:00","mainEntityOfPage":{"@id":"https:\/\/apuntesdesanluis.com\/index.php\/2024\/06\/08\/cambalache\/"},"wordCount":1773,"publisher":{"@id":"https:\/\/apuntesdesanluis.com\/#\/schema\/person\/b55151d52296fcce64d1a72538a70b90"},"image":{"@id":"https:\/\/apuntesdesanluis.com\/index.php\/2024\/06\/08\/cambalache\/#primaryimage"},"thumbnailUrl":"https:\/\/apuntesdesanluis.com\/wp-content\/uploads\/2024\/06\/rumor.png","articleSection":["Opini\u00f3n"],"inLanguage":"es-AR"},{"@type":"WebPage","@id":"https:\/\/apuntesdesanluis.com\/index.php\/2024\/06\/08\/cambalache\/","url":"https:\/\/apuntesdesanluis.com\/index.php\/2024\/06\/08\/cambalache\/","name":"CamBaLaChe - Apuntes de San Luis","isPartOf":{"@id":"https:\/\/apuntesdesanluis.com\/#website"},"primaryImageOfPage":{"@id":"https:\/\/apuntesdesanluis.com\/index.php\/2024\/06\/08\/cambalache\/#primaryimage"},"image":{"@id":"https:\/\/apuntesdesanluis.com\/index.php\/2024\/06\/08\/cambalache\/#primaryimage"},"thumbnailUrl":"https:\/\/apuntesdesanluis.com\/wp-content\/uploads\/2024\/06\/rumor.png","datePublished":"2024-06-09T01:52:12+00:00","dateModified":"2024-06-09T02:08:23+00:00","breadcrumb":{"@id":"https:\/\/apuntesdesanluis.com\/index.php\/2024\/06\/08\/cambalache\/#breadcrumb"},"inLanguage":"es-AR","potentialAction":[{"@type":"ReadAction","target":["https:\/\/apuntesdesanluis.com\/index.php\/2024\/06\/08\/cambalache\/"]}]},{"@type":"ImageObject","inLanguage":"es-AR","@id":"https:\/\/apuntesdesanluis.com\/index.php\/2024\/06\/08\/cambalache\/#primaryimage","url":"https:\/\/apuntesdesanluis.com\/wp-content\/uploads\/2024\/06\/rumor.png","contentUrl":"https:\/\/apuntesdesanluis.com\/wp-content\/uploads\/2024\/06\/rumor.png","width":700,"height":380},{"@type":"BreadcrumbList","@id":"https:\/\/apuntesdesanluis.com\/index.php\/2024\/06\/08\/cambalache\/#breadcrumb","itemListElement":[{"@type":"ListItem","position":1,"name":"Inicio","item":"https:\/\/apuntesdesanluis.com\/"},{"@type":"ListItem","position":2,"name":"CamBaLaChe"}]},{"@type":"WebSite","@id":"https:\/\/apuntesdesanluis.com\/#website","url":"https:\/\/apuntesdesanluis.com\/","name":"Apuntes de San Luis","description":"","publisher":{"@id":"https:\/\/apuntesdesanluis.com\/#\/schema\/person\/b55151d52296fcce64d1a72538a70b90"},"potentialAction":[{"@type":"SearchAction","target":{"@type":"EntryPoint","urlTemplate":"https:\/\/apuntesdesanluis.com\/?s={search_term_string}"},"query-input":{"@type":"PropertyValueSpecification","valueRequired":true,"valueName":"search_term_string"}}],"inLanguage":"es-AR"},{"@type":["Person","Organization"],"@id":"https:\/\/apuntesdesanluis.com\/#\/schema\/person\/b55151d52296fcce64d1a72538a70b90","name":"apuntesdesanluis.com","image":{"@type":"ImageObject","inLanguage":"es-AR","@id":"https:\/\/apuntesdesanluis.com\/#\/schema\/person\/image\/","url":"https:\/\/apuntesdesanluis.com\/wp-content\/uploads\/2023\/07\/cropped-apuntesdesanluis.png","contentUrl":"https:\/\/apuntesdesanluis.com\/wp-content\/uploads\/2023\/07\/cropped-apuntesdesanluis.png","width":450,"height":112,"caption":"apuntesdesanluis.com"},"logo":{"@id":"https:\/\/apuntesdesanluis.com\/#\/schema\/person\/image\/"},"sameAs":["https:\/\/apuntesdesanluis.com"],"url":"https:\/\/apuntesdesanluis.com\/index.php\/author\/apuntesdesanluis-com\/"}]}},"featured_image_urls":{"full":["https:\/\/apuntesdesanluis.com\/wp-content\/uploads\/2024\/06\/rumor.png",700,380,false],"thumbnail":["https:\/\/apuntesdesanluis.com\/wp-content\/uploads\/2024\/06\/rumor-150x150.png",150,150,true],"medium":["https:\/\/apuntesdesanluis.com\/wp-content\/uploads\/2024\/06\/rumor-300x163.png",300,163,true],"medium_large":["https:\/\/apuntesdesanluis.com\/wp-content\/uploads\/2024\/06\/rumor.png",640,347,false],"large":["https:\/\/apuntesdesanluis.com\/wp-content\/uploads\/2024\/06\/rumor.png",640,347,false],"1536x1536":["https:\/\/apuntesdesanluis.com\/wp-content\/uploads\/2024\/06\/rumor.png",700,380,false],"2048x2048":["https:\/\/apuntesdesanluis.com\/wp-content\/uploads\/2024\/06\/rumor.png",700,380,false],"newsever-slider-full":["https:\/\/apuntesdesanluis.com\/wp-content\/uploads\/2024\/06\/rumor.png",700,380,false],"newsever-featured":["https:\/\/apuntesdesanluis.com\/wp-content\/uploads\/2024\/06\/rumor.png",700,380,false],"newsever-medium":["https:\/\/apuntesdesanluis.com\/wp-content\/uploads\/2024\/06\/rumor.png",700,380,false]},"author_info":{"display_name":"apuntesdesanluis.com","author_link":"https:\/\/apuntesdesanluis.com\/index.php\/author\/apuntesdesanluis-com\/"},"category_info":"<a href=\"https:\/\/apuntesdesanluis.com\/index.php\/category\/opinion\/\" rel=\"category tag\">Opini\u00f3n<\/a>","tag_info":"Opini\u00f3n","comment_count":"0","_links":{"self":[{"href":"https:\/\/apuntesdesanluis.com\/index.php\/wp-json\/wp\/v2\/posts\/17605","targetHints":{"allow":["GET"]}}],"collection":[{"href":"https:\/\/apuntesdesanluis.com\/index.php\/wp-json\/wp\/v2\/posts"}],"about":[{"href":"https:\/\/apuntesdesanluis.com\/index.php\/wp-json\/wp\/v2\/types\/post"}],"author":[{"embeddable":true,"href":"https:\/\/apuntesdesanluis.com\/index.php\/wp-json\/wp\/v2\/users\/1"}],"replies":[{"embeddable":true,"href":"https:\/\/apuntesdesanluis.com\/index.php\/wp-json\/wp\/v2\/comments?post=17605"}],"version-history":[{"count":9,"href":"https:\/\/apuntesdesanluis.com\/index.php\/wp-json\/wp\/v2\/posts\/17605\/revisions"}],"predecessor-version":[{"id":17623,"href":"https:\/\/apuntesdesanluis.com\/index.php\/wp-json\/wp\/v2\/posts\/17605\/revisions\/17623"}],"wp:featuredmedia":[{"embeddable":true,"href":"https:\/\/apuntesdesanluis.com\/index.php\/wp-json\/wp\/v2\/media\/17615"}],"wp:attachment":[{"href":"https:\/\/apuntesdesanluis.com\/index.php\/wp-json\/wp\/v2\/media?parent=17605"}],"wp:term":[{"taxonomy":"category","embeddable":true,"href":"https:\/\/apuntesdesanluis.com\/index.php\/wp-json\/wp\/v2\/categories?post=17605"},{"taxonomy":"post_tag","embeddable":true,"href":"https:\/\/apuntesdesanluis.com\/index.php\/wp-json\/wp\/v2\/tags?post=17605"}],"curies":[{"name":"wp","href":"https:\/\/api.w.org\/{rel}","templated":true}]}}