{"id":17644,"date":"2024-06-10T21:18:57","date_gmt":"2024-06-11T00:18:57","guid":{"rendered":"https:\/\/apuntesdesanluis.com\/?p=17644"},"modified":"2024-06-10T21:18:57","modified_gmt":"2024-06-11T00:18:57","slug":"movilizacion-por-una-justicia-a-la-altura-de-las-necesidades-de-nuestra-sociedad","status":"publish","type":"post","link":"https:\/\/apuntesdesanluis.com\/index.php\/2024\/06\/10\/movilizacion-por-una-justicia-a-la-altura-de-las-necesidades-de-nuestra-sociedad\/","title":{"rendered":"MOVILIZACI\u00d3N \u201cPOR UNA JUSTICIA A LA ALTURA DE LAS NECESIDADES DE NUESTRA SOCIEDAD\u201d"},"content":{"rendered":"<h3>Bajo ese t\u00edtulo la Comisi\u00f3n Directiva del <strong>Sindicato de Judiciales Puntanos<\/strong> convoca a la comunidad judicial a participar en una marcha en las tres circunscripciones judiciales, en el marco del Plan de Lucha que viene llevando adelante desde el 6 de mayo, en reclamo de una recomposici\u00f3n salarial.<\/h3>\n<h3>\u201cSeguimos en estado de alerta y movilizaci\u00f3n en toda la provincia, con el cese de actividades de dos horas por d\u00eda\u201d, indic\u00f3 el secretario General del SiJuPu, <strong>Luciano Cardarelli<\/strong>.<\/h3>\n<h3>Agreg\u00f3 que si bien ha existido reuniones entre representantes de los poderes Ejecutivo y Judicial, a\u00fan no existen respuestas concretas al proyecto de escala salarial y funcional que se elev\u00f3 oportunamente, por lo que las asambleas de base dispusieron movilizarse este mi\u00e9rcoles en cada una de las tres circunscripciones.<\/h3>\n<h3>Este lunes el Sindicato Judiciales Puntanos emiti\u00f3 un comunicado que expresa:<\/h3>\n<h3>\u201cAnte la falta de soluciones concretas en cuestiones econ\u00f3micas, presupuestarias, estructurales y la alarmante situaci\u00f3n que atraviesan los y las trabajadoras judiciales por el congelamiento salarial de seis meses, que nos retrotraen a volver a estar pen\u00faltimos en los sueldo a nivel nacional, teniendo alrededor del 40% de los y las agentes que no superan la canasta b\u00e1sica y est\u00e1n sin poder cubrir sus necesidades b\u00e1sicas, es URGENTE nuestra movilizaci\u00f3n.<\/h3>\n<h3>La unidad es nuestra mayor fortaleza en esta prolongada lucha por recuperar la dignidad de nuestros salarios y nuestro rol como servidores del Estado, prestando un servicio esencial como la justicia. Es por esto que convocamos a concentrarnos a partir de las 10 hs el mi\u00e9rcoles 12 de junio y movilizarnos juntos y juntas por nuestras reivindicaciones.<\/h3>\n<h3>Invitamos a toda la familia judicial y a la sociedad de la provincia de San Luis a unirse a esta movilizaci\u00f3n. La lucha por una justicia de calidad, con recursos humanos, materiales y salarios dignos, es una lucha que nos incumbe a todos y todas. Solo a trav\u00e9s de la unidad y la solidaridad podremos revertir esta situaci\u00f3n y garantizar los derechos fundamentales que merecemos.<\/h3>\n<h3>Agradecemos su compromiso y participaci\u00f3n en esta jornada. Es momento de alzar nuestras voces y exigir lo que nos corresponde\u201d.<\/h3>\n<p>&nbsp;<\/p>\n<p>&nbsp;<\/p>\n<p>&nbsp;<\/p>\n<p>&nbsp;<\/p>\n<p>&nbsp;<\/p>\n<p>&nbsp;<\/p>\n","protected":false},"excerpt":{"rendered":"<p>Bajo ese t\u00edtulo la Comisi\u00f3n Directiva del Sindicato de Judiciales Puntanos convoca a la comunidad&#8230;<\/p>\n","protected":false},"author":1,"featured_media":16852,"comment_status":"closed","ping_status":"closed","sticky":false,"template":"","format":"standard","meta":{"footnotes":""},"categories":[6],"tags":[],"class_list":["post-17644","post","type-post","status-publish","format-standard","has-post-thumbnail","hentry","category-ciudad-provincia"],"yoast_head":"<!-- This site is optimized with the Yoast SEO plugin v26.1.1 - https:\/\/yoast.com\/wordpress\/plugins\/seo\/ -->\n<title>MOVILIZACI\u00d3N \u201cPOR UNA JUSTICIA A LA ALTURA DE LAS NECESIDADES DE NUESTRA SOCIEDAD\u201d - Apuntes de San Luis<\/title>\n<meta name=\"robots\" content=\"index, follow, max-snippet:-1, max-image-preview:large, max-video-preview:-1\" \/>\n<link rel=\"canonical\" href=\"https:\/\/apuntesdesanluis.com\/index.php\/2024\/06\/10\/movilizacion-por-una-justicia-a-la-altura-de-las-necesidades-de-nuestra-sociedad\/\" \/>\n<meta property=\"og:locale\" content=\"es_ES\" \/>\n<meta property=\"og:type\" content=\"article\" \/>\n<meta property=\"og:title\" content=\"MOVILIZACI\u00d3N \u201cPOR UNA JUSTICIA A LA ALTURA DE LAS NECESIDADES DE NUESTRA SOCIEDAD\u201d - Apuntes de San Luis\" \/>\n<meta property=\"og:description\" content=\"Bajo ese t\u00edtulo la Comisi\u00f3n Directiva del Sindicato de Judiciales Puntanos convoca a la comunidad...\" \/>\n<meta property=\"og:url\" content=\"https:\/\/apuntesdesanluis.com\/index.php\/2024\/06\/10\/movilizacion-por-una-justicia-a-la-altura-de-las-necesidades-de-nuestra-sociedad\/\" \/>\n<meta property=\"og:site_name\" content=\"Apuntes de San Luis\" \/>\n<meta property=\"article:published_time\" content=\"2024-06-11T00:18:57+00:00\" \/>\n<meta property=\"og:image\" content=\"https:\/\/apuntesdesanluis.com\/wp-content\/uploads\/2024\/05\/MOVILIzacion-judicial-1.jpg\" \/>\n\t<meta property=\"og:image:width\" content=\"600\" \/>\n\t<meta property=\"og:image:height\" content=\"391\" \/>\n\t<meta property=\"og:image:type\" content=\"image\/jpeg\" \/>\n<meta name=\"author\" content=\"apuntesdesanluis.com\" \/>\n<meta name=\"twitter:card\" content=\"summary_large_image\" \/>\n<meta name=\"twitter:label1\" content=\"Escrito por\" \/>\n\t<meta name=\"twitter:data1\" content=\"apuntesdesanluis.com\" \/>\n\t<meta name=\"twitter:label2\" content=\"Tiempo de lectura\" \/>\n\t<meta name=\"twitter:data2\" content=\"2 minutos\" \/>\n<script type=\"application\/ld+json\" class=\"yoast-schema-graph\">{\"@context\":\"https:\/\/schema.org\",\"@graph\":[{\"@type\":\"Article\",\"@id\":\"https:\/\/apuntesdesanluis.com\/index.php\/2024\/06\/10\/movilizacion-por-una-justicia-a-la-altura-de-las-necesidades-de-nuestra-sociedad\/#article\",\"isPartOf\":{\"@id\":\"https:\/\/apuntesdesanluis.com\/index.php\/2024\/06\/10\/movilizacion-por-una-justicia-a-la-altura-de-las-necesidades-de-nuestra-sociedad\/\"},\"author\":{\"name\":\"apuntesdesanluis.com\",\"@id\":\"https:\/\/apuntesdesanluis.com\/#\/schema\/person\/b55151d52296fcce64d1a72538a70b90\"},\"headline\":\"MOVILIZACI\u00d3N \u201cPOR UNA JUSTICIA A LA ALTURA DE LAS NECESIDADES DE NUESTRA SOCIEDAD\u201d\",\"datePublished\":\"2024-06-11T00:18:57+00:00\",\"mainEntityOfPage\":{\"@id\":\"https:\/\/apuntesdesanluis.com\/index.php\/2024\/06\/10\/movilizacion-por-una-justicia-a-la-altura-de-las-necesidades-de-nuestra-sociedad\/\"},\"wordCount\":384,\"publisher\":{\"@id\":\"https:\/\/apuntesdesanluis.com\/#\/schema\/person\/b55151d52296fcce64d1a72538a70b90\"},\"image\":{\"@id\":\"https:\/\/apuntesdesanluis.com\/index.php\/2024\/06\/10\/movilizacion-por-una-justicia-a-la-altura-de-las-necesidades-de-nuestra-sociedad\/#primaryimage\"},\"thumbnailUrl\":\"https:\/\/apuntesdesanluis.com\/wp-content\/uploads\/2024\/05\/MOVILIzacion-judicial-1.jpg\",\"articleSection\":[\"Ciudad\/Provincia\"],\"inLanguage\":\"es-AR\"},{\"@type\":\"WebPage\",\"@id\":\"https:\/\/apuntesdesanluis.com\/index.php\/2024\/06\/10\/movilizacion-por-una-justicia-a-la-altura-de-las-necesidades-de-nuestra-sociedad\/\",\"url\":\"https:\/\/apuntesdesanluis.com\/index.php\/2024\/06\/10\/movilizacion-por-una-justicia-a-la-altura-de-las-necesidades-de-nuestra-sociedad\/\",\"name\":\"MOVILIZACI\u00d3N \u201cPOR UNA JUSTICIA A LA ALTURA DE LAS NECESIDADES DE NUESTRA SOCIEDAD\u201d - Apuntes de San Luis\",\"isPartOf\":{\"@id\":\"https:\/\/apuntesdesanluis.com\/#website\"},\"primaryImageOfPage\":{\"@id\":\"https:\/\/apuntesdesanluis.com\/index.php\/2024\/06\/10\/movilizacion-por-una-justicia-a-la-altura-de-las-necesidades-de-nuestra-sociedad\/#primaryimage\"},\"image\":{\"@id\":\"https:\/\/apuntesdesanluis.com\/index.php\/2024\/06\/10\/movilizacion-por-una-justicia-a-la-altura-de-las-necesidades-de-nuestra-sociedad\/#primaryimage\"},\"thumbnailUrl\":\"https:\/\/apuntesdesanluis.com\/wp-content\/uploads\/2024\/05\/MOVILIzacion-judicial-1.jpg\",\"datePublished\":\"2024-06-11T00:18:57+00:00\",\"breadcrumb\":{\"@id\":\"https:\/\/apuntesdesanluis.com\/index.php\/2024\/06\/10\/movilizacion-por-una-justicia-a-la-altura-de-las-necesidades-de-nuestra-sociedad\/#breadcrumb\"},\"inLanguage\":\"es-AR\",\"potentialAction\":[{\"@type\":\"ReadAction\",\"target\":[\"https:\/\/apuntesdesanluis.com\/index.php\/2024\/06\/10\/movilizacion-por-una-justicia-a-la-altura-de-las-necesidades-de-nuestra-sociedad\/\"]}]},{\"@type\":\"ImageObject\",\"inLanguage\":\"es-AR\",\"@id\":\"https:\/\/apuntesdesanluis.com\/index.php\/2024\/06\/10\/movilizacion-por-una-justicia-a-la-altura-de-las-necesidades-de-nuestra-sociedad\/#primaryimage\",\"url\":\"https:\/\/apuntesdesanluis.com\/wp-content\/uploads\/2024\/05\/MOVILIzacion-judicial-1.jpg\",\"contentUrl\":\"https:\/\/apuntesdesanluis.com\/wp-content\/uploads\/2024\/05\/MOVILIzacion-judicial-1.jpg\",\"width\":600,\"height\":391},{\"@type\":\"BreadcrumbList\",\"@id\":\"https:\/\/apuntesdesanluis.com\/index.php\/2024\/06\/10\/movilizacion-por-una-justicia-a-la-altura-de-las-necesidades-de-nuestra-sociedad\/#breadcrumb\",\"itemListElement\":[{\"@type\":\"ListItem\",\"position\":1,\"name\":\"Inicio\",\"item\":\"https:\/\/apuntesdesanluis.com\/\"},{\"@type\":\"ListItem\",\"position\":2,\"name\":\"MOVILIZACI\u00d3N \u201cPOR UNA JUSTICIA A LA ALTURA DE LAS NECESIDADES DE NUESTRA SOCIEDAD\u201d\"}]},{\"@type\":\"WebSite\",\"@id\":\"https:\/\/apuntesdesanluis.com\/#website\",\"url\":\"https:\/\/apuntesdesanluis.com\/\",\"name\":\"Apuntes de San Luis\",\"description\":\"\",\"publisher\":{\"@id\":\"https:\/\/apuntesdesanluis.com\/#\/schema\/person\/b55151d52296fcce64d1a72538a70b90\"},\"potentialAction\":[{\"@type\":\"SearchAction\",\"target\":{\"@type\":\"EntryPoint\",\"urlTemplate\":\"https:\/\/apuntesdesanluis.com\/?s={search_term_string}\"},\"query-input\":{\"@type\":\"PropertyValueSpecification\",\"valueRequired\":true,\"valueName\":\"search_term_string\"}}],\"inLanguage\":\"es-AR\"},{\"@type\":[\"Person\",\"Organization\"],\"@id\":\"https:\/\/apuntesdesanluis.com\/#\/schema\/person\/b55151d52296fcce64d1a72538a70b90\",\"name\":\"apuntesdesanluis.com\",\"image\":{\"@type\":\"ImageObject\",\"inLanguage\":\"es-AR\",\"@id\":\"https:\/\/apuntesdesanluis.com\/#\/schema\/person\/image\/\",\"url\":\"https:\/\/apuntesdesanluis.com\/wp-content\/uploads\/2023\/07\/cropped-apuntesdesanluis.png\",\"contentUrl\":\"https:\/\/apuntesdesanluis.com\/wp-content\/uploads\/2023\/07\/cropped-apuntesdesanluis.png\",\"width\":450,\"height\":112,\"caption\":\"apuntesdesanluis.com\"},\"logo\":{\"@id\":\"https:\/\/apuntesdesanluis.com\/#\/schema\/person\/image\/\"},\"sameAs\":[\"https:\/\/apuntesdesanluis.com\"],\"url\":\"https:\/\/apuntesdesanluis.com\/index.php\/author\/apuntesdesanluis-com\/\"}]}<\/script>\n<!-- \/ Yoast SEO plugin. -->","yoast_head_json":{"title":"MOVILIZACI\u00d3N \u201cPOR UNA JUSTICIA A LA ALTURA DE LAS NECESIDADES DE NUESTRA SOCIEDAD\u201d - Apuntes de San Luis","robots":{"index":"index","follow":"follow","max-snippet":"max-snippet:-1","max-image-preview":"max-image-preview:large","max-video-preview":"max-video-preview:-1"},"canonical":"https:\/\/apuntesdesanluis.com\/index.php\/2024\/06\/10\/movilizacion-por-una-justicia-a-la-altura-de-las-necesidades-de-nuestra-sociedad\/","og_locale":"es_ES","og_type":"article","og_title":"MOVILIZACI\u00d3N \u201cPOR UNA JUSTICIA A LA ALTURA DE LAS NECESIDADES DE NUESTRA SOCIEDAD\u201d - Apuntes de San Luis","og_description":"Bajo ese t\u00edtulo la Comisi\u00f3n Directiva del Sindicato de Judiciales Puntanos convoca a la comunidad...","og_url":"https:\/\/apuntesdesanluis.com\/index.php\/2024\/06\/10\/movilizacion-por-una-justicia-a-la-altura-de-las-necesidades-de-nuestra-sociedad\/","og_site_name":"Apuntes de San Luis","article_published_time":"2024-06-11T00:18:57+00:00","og_image":[{"width":600,"height":391,"url":"https:\/\/apuntesdesanluis.com\/wp-content\/uploads\/2024\/05\/MOVILIzacion-judicial-1.jpg","type":"image\/jpeg"}],"author":"apuntesdesanluis.com","twitter_card":"summary_large_image","twitter_misc":{"Escrito por":"apuntesdesanluis.com","Tiempo de lectura":"2 minutos"},"schema":{"@context":"https:\/\/schema.org","@graph":[{"@type":"Article","@id":"https:\/\/apuntesdesanluis.com\/index.php\/2024\/06\/10\/movilizacion-por-una-justicia-a-la-altura-de-las-necesidades-de-nuestra-sociedad\/#article","isPartOf":{"@id":"https:\/\/apuntesdesanluis.com\/index.php\/2024\/06\/10\/movilizacion-por-una-justicia-a-la-altura-de-las-necesidades-de-nuestra-sociedad\/"},"author":{"name":"apuntesdesanluis.com","@id":"https:\/\/apuntesdesanluis.com\/#\/schema\/person\/b55151d52296fcce64d1a72538a70b90"},"headline":"MOVILIZACI\u00d3N \u201cPOR UNA JUSTICIA A LA ALTURA DE LAS NECESIDADES DE NUESTRA SOCIEDAD\u201d","datePublished":"2024-06-11T00:18:57+00:00","mainEntityOfPage":{"@id":"https:\/\/apuntesdesanluis.com\/index.php\/2024\/06\/10\/movilizacion-por-una-justicia-a-la-altura-de-las-necesidades-de-nuestra-sociedad\/"},"wordCount":384,"publisher":{"@id":"https:\/\/apuntesdesanluis.com\/#\/schema\/person\/b55151d52296fcce64d1a72538a70b90"},"image":{"@id":"https:\/\/apuntesdesanluis.com\/index.php\/2024\/06\/10\/movilizacion-por-una-justicia-a-la-altura-de-las-necesidades-de-nuestra-sociedad\/#primaryimage"},"thumbnailUrl":"https:\/\/apuntesdesanluis.com\/wp-content\/uploads\/2024\/05\/MOVILIzacion-judicial-1.jpg","articleSection":["Ciudad\/Provincia"],"inLanguage":"es-AR"},{"@type":"WebPage","@id":"https:\/\/apuntesdesanluis.com\/index.php\/2024\/06\/10\/movilizacion-por-una-justicia-a-la-altura-de-las-necesidades-de-nuestra-sociedad\/","url":"https:\/\/apuntesdesanluis.com\/index.php\/2024\/06\/10\/movilizacion-por-una-justicia-a-la-altura-de-las-necesidades-de-nuestra-sociedad\/","name":"MOVILIZACI\u00d3N \u201cPOR UNA JUSTICIA A LA ALTURA DE LAS NECESIDADES DE NUESTRA SOCIEDAD\u201d - Apuntes de San Luis","isPartOf":{"@id":"https:\/\/apuntesdesanluis.com\/#website"},"primaryImageOfPage":{"@id":"https:\/\/apuntesdesanluis.com\/index.php\/2024\/06\/10\/movilizacion-por-una-justicia-a-la-altura-de-las-necesidades-de-nuestra-sociedad\/#primaryimage"},"image":{"@id":"https:\/\/apuntesdesanluis.com\/index.php\/2024\/06\/10\/movilizacion-por-una-justicia-a-la-altura-de-las-necesidades-de-nuestra-sociedad\/#primaryimage"},"thumbnailUrl":"https:\/\/apuntesdesanluis.com\/wp-content\/uploads\/2024\/05\/MOVILIzacion-judicial-1.jpg","datePublished":"2024-06-11T00:18:57+00:00","breadcrumb":{"@id":"https:\/\/apuntesdesanluis.com\/index.php\/2024\/06\/10\/movilizacion-por-una-justicia-a-la-altura-de-las-necesidades-de-nuestra-sociedad\/#breadcrumb"},"inLanguage":"es-AR","potentialAction":[{"@type":"ReadAction","target":["https:\/\/apuntesdesanluis.com\/index.php\/2024\/06\/10\/movilizacion-por-una-justicia-a-la-altura-de-las-necesidades-de-nuestra-sociedad\/"]}]},{"@type":"ImageObject","inLanguage":"es-AR","@id":"https:\/\/apuntesdesanluis.com\/index.php\/2024\/06\/10\/movilizacion-por-una-justicia-a-la-altura-de-las-necesidades-de-nuestra-sociedad\/#primaryimage","url":"https:\/\/apuntesdesanluis.com\/wp-content\/uploads\/2024\/05\/MOVILIzacion-judicial-1.jpg","contentUrl":"https:\/\/apuntesdesanluis.com\/wp-content\/uploads\/2024\/05\/MOVILIzacion-judicial-1.jpg","width":600,"height":391},{"@type":"BreadcrumbList","@id":"https:\/\/apuntesdesanluis.com\/index.php\/2024\/06\/10\/movilizacion-por-una-justicia-a-la-altura-de-las-necesidades-de-nuestra-sociedad\/#breadcrumb","itemListElement":[{"@type":"ListItem","position":1,"name":"Inicio","item":"https:\/\/apuntesdesanluis.com\/"},{"@type":"ListItem","position":2,"name":"MOVILIZACI\u00d3N \u201cPOR UNA JUSTICIA A LA ALTURA DE LAS NECESIDADES DE NUESTRA SOCIEDAD\u201d"}]},{"@type":"WebSite","@id":"https:\/\/apuntesdesanluis.com\/#website","url":"https:\/\/apuntesdesanluis.com\/","name":"Apuntes de San Luis","description":"","publisher":{"@id":"https:\/\/apuntesdesanluis.com\/#\/schema\/person\/b55151d52296fcce64d1a72538a70b90"},"potentialAction":[{"@type":"SearchAction","target":{"@type":"EntryPoint","urlTemplate":"https:\/\/apuntesdesanluis.com\/?s={search_term_string}"},"query-input":{"@type":"PropertyValueSpecification","valueRequired":true,"valueName":"search_term_string"}}],"inLanguage":"es-AR"},{"@type":["Person","Organization"],"@id":"https:\/\/apuntesdesanluis.com\/#\/schema\/person\/b55151d52296fcce64d1a72538a70b90","name":"apuntesdesanluis.com","image":{"@type":"ImageObject","inLanguage":"es-AR","@id":"https:\/\/apuntesdesanluis.com\/#\/schema\/person\/image\/","url":"https:\/\/apuntesdesanluis.com\/wp-content\/uploads\/2023\/07\/cropped-apuntesdesanluis.png","contentUrl":"https:\/\/apuntesdesanluis.com\/wp-content\/uploads\/2023\/07\/cropped-apuntesdesanluis.png","width":450,"height":112,"caption":"apuntesdesanluis.com"},"logo":{"@id":"https:\/\/apuntesdesanluis.com\/#\/schema\/person\/image\/"},"sameAs":["https:\/\/apuntesdesanluis.com"],"url":"https:\/\/apuntesdesanluis.com\/index.php\/author\/apuntesdesanluis-com\/"}]}},"featured_image_urls":{"full":["https:\/\/apuntesdesanluis.com\/wp-content\/uploads\/2024\/05\/MOVILIzacion-judicial-1.jpg",600,391,false],"thumbnail":["https:\/\/apuntesdesanluis.com\/wp-content\/uploads\/2024\/05\/MOVILIzacion-judicial-1-150x150.jpg",150,150,true],"medium":["https:\/\/apuntesdesanluis.com\/wp-content\/uploads\/2024\/05\/MOVILIzacion-judicial-1-300x196.jpg",300,196,true],"medium_large":["https:\/\/apuntesdesanluis.com\/wp-content\/uploads\/2024\/05\/MOVILIzacion-judicial-1.jpg",600,391,false],"large":["https:\/\/apuntesdesanluis.com\/wp-content\/uploads\/2024\/05\/MOVILIzacion-judicial-1.jpg",600,391,false],"1536x1536":["https:\/\/apuntesdesanluis.com\/wp-content\/uploads\/2024\/05\/MOVILIzacion-judicial-1.jpg",600,391,false],"2048x2048":["https:\/\/apuntesdesanluis.com\/wp-content\/uploads\/2024\/05\/MOVILIzacion-judicial-1.jpg",600,391,false],"newsever-slider-full":["https:\/\/apuntesdesanluis.com\/wp-content\/uploads\/2024\/05\/MOVILIzacion-judicial-1.jpg",600,391,false],"newsever-featured":["https:\/\/apuntesdesanluis.com\/wp-content\/uploads\/2024\/05\/MOVILIzacion-judicial-1.jpg",600,391,false],"newsever-medium":["https:\/\/apuntesdesanluis.com\/wp-content\/uploads\/2024\/05\/MOVILIzacion-judicial-1.jpg",600,391,false]},"author_info":{"display_name":"apuntesdesanluis.com","author_link":"https:\/\/apuntesdesanluis.com\/index.php\/author\/apuntesdesanluis-com\/"},"category_info":"<a href=\"https:\/\/apuntesdesanluis.com\/index.php\/category\/ciudad-provincia\/\" rel=\"category tag\">Ciudad\/Provincia<\/a>","tag_info":"Ciudad\/Provincia","comment_count":"0","_links":{"self":[{"href":"https:\/\/apuntesdesanluis.com\/index.php\/wp-json\/wp\/v2\/posts\/17644","targetHints":{"allow":["GET"]}}],"collection":[{"href":"https:\/\/apuntesdesanluis.com\/index.php\/wp-json\/wp\/v2\/posts"}],"about":[{"href":"https:\/\/apuntesdesanluis.com\/index.php\/wp-json\/wp\/v2\/types\/post"}],"author":[{"embeddable":true,"href":"https:\/\/apuntesdesanluis.com\/index.php\/wp-json\/wp\/v2\/users\/1"}],"replies":[{"embeddable":true,"href":"https:\/\/apuntesdesanluis.com\/index.php\/wp-json\/wp\/v2\/comments?post=17644"}],"version-history":[{"count":1,"href":"https:\/\/apuntesdesanluis.com\/index.php\/wp-json\/wp\/v2\/posts\/17644\/revisions"}],"predecessor-version":[{"id":17645,"href":"https:\/\/apuntesdesanluis.com\/index.php\/wp-json\/wp\/v2\/posts\/17644\/revisions\/17645"}],"wp:featuredmedia":[{"embeddable":true,"href":"https:\/\/apuntesdesanluis.com\/index.php\/wp-json\/wp\/v2\/media\/16852"}],"wp:attachment":[{"href":"https:\/\/apuntesdesanluis.com\/index.php\/wp-json\/wp\/v2\/media?parent=17644"}],"wp:term":[{"taxonomy":"category","embeddable":true,"href":"https:\/\/apuntesdesanluis.com\/index.php\/wp-json\/wp\/v2\/categories?post=17644"},{"taxonomy":"post_tag","embeddable":true,"href":"https:\/\/apuntesdesanluis.com\/index.php\/wp-json\/wp\/v2\/tags?post=17644"}],"curies":[{"name":"wp","href":"https:\/\/api.w.org\/{rel}","templated":true}]}}