{"id":17653,"date":"2024-06-10T21:49:23","date_gmt":"2024-06-11T00:49:23","guid":{"rendered":"https:\/\/apuntesdesanluis.com\/?p=17653"},"modified":"2024-06-10T21:49:23","modified_gmt":"2024-06-11T00:49:23","slug":"condenaron-a-juan-darthes-a-seis-anos-de-prision-con-regimen-semiabierto","status":"publish","type":"post","link":"https:\/\/apuntesdesanluis.com\/index.php\/2024\/06\/10\/condenaron-a-juan-darthes-a-seis-anos-de-prision-con-regimen-semiabierto\/","title":{"rendered":"CONDENARON A JUAN DARTH\u00c9S A SEIS A\u00d1OS DE PRISI\u00d3N CON R\u00c9GIMEN SEMIABIERTO"},"content":{"rendered":"<h3>El actor Juan Darth\u00e9s fue condenado hoy a seis a\u00f1os prisi\u00f3n en Brasil en el caso de violaci\u00f3n denunciado por su colega Thelma Fardin. La actriz indic\u00f3: &#8220;Este escenario no me lo esperaba porque hab\u00eda perdido la fe y la esperanza en la Justicia&#8221;.<\/h3>\n<h3>Los jueces anunciaron en una audiencia virtual que revocaron la absoluci\u00f3n en primera instancia y dictaron la pena por el delito de abuso sexual con acceso carnal.<\/h3>\n<h3>Ser\u00e1 en r\u00e9gimen abierto, es decir, podr\u00e1 trabajar pero debe volver a dormir a la c\u00e1rcel todas las noches, informaron allegados a la actriz.<\/h3>\n<h3>El Tribunal Regional Federal de San Pablo, integrado por tres jueces, dictamin\u00f3 por 2 a 1 condenar a Darth\u00e9s en un fallo de segunda instancia.<\/h3>\n<h3>&#8220;Uno de los magistrados pidi\u00f3 7 a\u00f1os de prisi\u00f3n y el otro 6, pero finalmente la sentencia fue por 6 a\u00f1os&#8221;, indic\u00f3 la abogada de Fardin en Brasil Carla Andrade Junqueira.<\/h3>\n<h3>De todas maneras, el actor a\u00fan no ir\u00e1 preso porque tiene la posibilidad de apelar el fallo condenatorio.<\/h3>\n<h3>En caso de que este vuelva a ser ratificado ah\u00ed s\u00ed el demandado deber\u00e1 ir a dormir a una c\u00e1rcel, aunque durante el d\u00eda podr\u00e1 trabajar fuera del penal.<\/h3>\n<h3>Darth\u00e9s fue denunciado en diciembre de 2018 por Fardin, quien afirm\u00f3 que fue violada en Nicaragua durante una gira de la tira juvenil Patito Feo, cuando era menor de edad. En ese momento, el acusado ten\u00eda 45 a\u00f1os y la v\u00edctima 16.<\/h3>\n<h3>El actor de Dulce amor y Los ricos no piden permiso, que siempre asegur\u00f3 ser inocente, viaj\u00f3 a Brasil, de donde es oriundo, y el juicio continu\u00f3 en ese pa\u00eds.<\/h3>\n<h3>QU\u00c9 DIJO LA ACTR\u00cdZ<\/h3>\n<h3>La actriz Thelma Fardin revel\u00f3 este lunes que no esperaba un fallo favorable en la denuncia que inici\u00f3 contra su colega Juan Darth\u00e9s por violaci\u00f3n porque &#8220;hab\u00eda perdido la fe y la esperanza en la Justicia&#8221;.<\/h3>\n<p><img fetchpriority=\"high\" decoding=\"async\" class=\"wp-image-17655 aligncenter\" src=\"https:\/\/apuntesdesanluis.com\/wp-content\/uploads\/2024\/06\/thelma-fardin-300x172.png\" alt=\"\" width=\"734\" height=\"421\" srcset=\"https:\/\/apuntesdesanluis.com\/wp-content\/uploads\/2024\/06\/thelma-fardin-300x172.png 300w, https:\/\/apuntesdesanluis.com\/wp-content\/uploads\/2024\/06\/thelma-fardin.png 722w\" sizes=\"(max-width: 734px) 100vw, 734px\" \/><\/p>\n<h3>&#8220;Este escenario no me lo esperaba, porque hab\u00eda perdido la fe y la esperanza en la Justicia. Esta sentencia tiene que ser un mensaje de esperanza para las personas que est\u00e9n sufriendo alg\u00fan abuso, que piensen que hay una posibilidad de reparaci\u00f3n en la Justicia por m\u00e1s que la persona a denunciar sea muy poderosa&#8221;, sostuvo Fardin en conferencia de prensa.<\/h3>\n<h3>Darth\u00e9s fue condenado este lunes a seis a\u00f1os prisi\u00f3n en Brasil en el caso de violaci\u00f3n denunciado por su colega. Ser\u00e1 en r\u00e9gimen abierto, es decir, podr\u00e1 trabajar pero debe volver a dormir a la c\u00e1rcel todas las noches, informaron allegados a la actriz.<\/h3>\n<h3>El actor fue denunciado en diciembre de 2018 por Fardin, quien afirm\u00f3 que fue abusada sexualmente en Nicaragua durante una gira de Patito Feo, cuando era menor de edad.<\/h3>\n<h3>La denunciante pidi\u00f3 que de ahora en m\u00e1s se debe &#8220;construir una sociedad desde la empat\u00eda&#8221;.<\/h3>\n<h3>&#8220;Es un d\u00eda con muchas emociones. Estoy muy movilizada. Gracias a las personas que se animaron a hablar despu\u00e9s de muchos a\u00f1os. Nos pusieron trabas en la rueda&#8221;, remarc\u00f3 Fardin.<\/h3>\n<h3>Asimismo, a\u00f1adi\u00f3: &#8220;Gracias a mi equipo por confiar en mi palabra, por creer en m\u00ed y por poner las herramientas en este caso tan complejo. Sin este equipo no hubi\u00e9ramos llegado hasta ac\u00e1&#8221;.<\/h3>\n<p><iframe title=\"THELMA FARDIN, tras la CONDENA a JUAN DARTH\u00c9S: &quot;Mi CASO tuvo JUSTICIA&quot;\" width=\"640\" height=\"360\" src=\"https:\/\/www.youtube.com\/embed\/hB7kkSa6ox4?start=6&#038;feature=oembed\" frameborder=\"0\" allow=\"accelerometer; autoplay; clipboard-write; encrypted-media; gyroscope; picture-in-picture; web-share\" referrerpolicy=\"strict-origin-when-cross-origin\" allowfullscreen><\/iframe><\/p>\n<h3>La actriz estuvo acompa\u00f1ada por la directora adjunta de Amnist\u00eda Internacional Argentina, Paola Garc\u00eda Rey; su abogada en Brasil Carla Andrade Junqueira; y su letrado en la Argentina, Mart\u00edn Arias Duval.<\/h3>\n<h3>En declaraciones a Noticias Argentinas, Garc\u00eda Rey recalc\u00f3 que tras la condena a Darth\u00e9s hubo un antes y un despu\u00e9s en las causas de violencia sexual y de g\u00e9nero. \u201cTenemos patrones de impunidad muy contundentes en Latinoam\u00e9rica. En Argentina apenas el 15% de los casos llegan a condena y en Brasil la tasa es del 1%\u201d, expres\u00f3.<\/h3>\n<h3>La directora de la ONG calific\u00f3 de \u201chist\u00f3rico\u201d del fallo dictaminado por la Justicia brasile\u00f1a. Con respecto a Thelma, dijo que su lucha fue gigante y que cont\u00f3 con el apoyo del movimiento de mujeres, actrices, Amnist\u00eda y los abogados.<\/h3>\n<h3>\u201cLa articulaci\u00f3n de tres ministerios p\u00fablicos fiscales hicieron posible que el caso llegue hasta ac\u00e1. El mensaje es muy esperanzador de cambiar la justicia desde adentro\u201d, remarc\u00f3.<\/h3>\n<h3>&#8220;No sab\u00edamos el impacto que pod\u00eda generar esto, pero cuando se gener\u00f3 nos hicimos responsables y salimos adelante. Nos toc\u00f3 sentarnos en muchos escenarios muy adversos&#8221;, explic\u00f3 la v\u00edctima.<\/h3>\n<h3>Por su parte, la abogada de Fardin en Brasil, Carla Andrade Junqueira, revel\u00f3 que sinti\u00f3 &#8220;verg\u00fcenza&#8221; con el primer fallo, el cual dictamin\u00f3 su absoluci\u00f3n, pero en esta ocasi\u00f3n &#8220;el tribunal hizo justicia al valorar la prueba de manera consistente&#8221; avalada por los derechos internacionales.<\/h3>\n<h3>&#8220;Tres fiscal\u00edas de tres pa\u00edses distintos entendieron que hab\u00eda autoria material del hecho. A pesar de todos los esfuerzos de las defensas para dejar de lado los precedentes internacionales sobre la valoraci\u00f3n de la prueba, no lograron evitarlo&#8221;, precis\u00f3 la abogada.<\/h3>\n<h3>Y a\u00f1adi\u00f3: &#8220;Este es un precedente feliz en Brasil, porque la palabra de la v\u00edctima tuvo fundamental importancia. Ten\u00edamos un robusto conjunto probatorio que no dejaba dudas en la materialidad del hecho&#8221;.<\/h3>\n<h3>En tanto, Garc\u00eda Rey indic\u00f3: &#8220;Primero y fundamental, el respeto a los tiempos de las v\u00edctimas. Muchas veces las infancias, los ni\u00f1os, las ni\u00f1as y las mujeres no se animan o les insume tiempo romper ese silencio y animarse a denunciar. Por eso es clave valorar y tener en consideraci\u00f3n ese tiempo. Tambi\u00e9n es clave la palabra; su testimonio, su voz. Eso es justamente parte de lo que hizo la Justicia de Brasil en este caso&#8221;.<\/h3>\n<h3>&#8220;La credibilidad en la palabra de Thelma fue clave en este caso, pero adem\u00e1s lo fue todo el acerbo probatorio que aport\u00f3 y que acompa\u00f1\u00f3 ese testimonio&#8221;, a\u00f1adi\u00f3 la directora adjunta de la ONG.<\/h3>\n<h3>Adem\u00e1s, se\u00f1al\u00f3 que &#8220;los jueces, adem\u00e1s, centraron su an\u00e1lisis en el acusado, en su responsabilidad como adulto en la situaci\u00f3n de abuso y en el rol de poder que tuvo y que tiene Darth\u00e9s hacia Thelma&#8221;.<\/h3>\n<h3>&#8220;Eso va en contramano de lo que generalmente hace en general la Justicia, que es poner solo el ojo en las v\u00edctimas y ponderar cu\u00e1nto se resisti\u00f3, cu\u00e1nto se debi\u00f3 haber resistido; como si hubiera que seguir explicando que `no es no`&#8221;, explic\u00f3 Garc\u00eda Rey.<\/h3>\n<h3>Por \u00faltimo, Arias Duval indic\u00f3 que &#8220;este caso da una luz de esperanza respecto a la ruptura de ciertos estereotipos y modos de actuar de los sistemas de administraci\u00f3n de justicia, sobre todo en Latinoam\u00e9rica&#8221;.<\/h3>\n<h3>&#8220;En cuanto a la sentencia, resaltamos la importancia que se le dio al testimonio de la v\u00edctima. Todos sabemos que los delitos de esta naturaleza se producen en soledad, que no hay testigos, no hay c\u00e1maras&#8230; Entonces, el testimonio de la v\u00edctima cobra una relevancia muy importante y, como en este caso, cuando es corroborado y acompa\u00f1ado por el resto de la prueba producida, se puede hablar de un resultado, en alg\u00fan sentido reparador&#8221;, cerr\u00f3.<\/h3>\n<p>&nbsp;<\/p>\n<p>&nbsp;<\/p>\n<p>&nbsp;<\/p>\n","protected":false},"excerpt":{"rendered":"<p>El actor Juan Darth\u00e9s fue condenado hoy a seis a\u00f1os prisi\u00f3n en Brasil en el&#8230;<\/p>\n","protected":false},"author":1,"featured_media":17654,"comment_status":"closed","ping_status":"closed","sticky":false,"template":"","format":"standard","meta":{"footnotes":""},"categories":[5],"tags":[],"class_list":["post-17653","post","type-post","status-publish","format-standard","has-post-thumbnail","hentry","category-nacionales-internacionales"],"yoast_head":"<!-- This site is optimized with the Yoast SEO plugin v26.1.1 - https:\/\/yoast.com\/wordpress\/plugins\/seo\/ -->\n<title>CONDENARON A JUAN DARTH\u00c9S A SEIS A\u00d1OS DE PRISI\u00d3N CON R\u00c9GIMEN SEMIABIERTO - Apuntes de San Luis<\/title>\n<meta name=\"robots\" content=\"index, follow, max-snippet:-1, max-image-preview:large, max-video-preview:-1\" \/>\n<link rel=\"canonical\" href=\"https:\/\/apuntesdesanluis.com\/index.php\/2024\/06\/10\/condenaron-a-juan-darthes-a-seis-anos-de-prision-con-regimen-semiabierto\/\" \/>\n<meta property=\"og:locale\" content=\"es_ES\" \/>\n<meta property=\"og:type\" content=\"article\" \/>\n<meta property=\"og:title\" content=\"CONDENARON A JUAN DARTH\u00c9S A SEIS A\u00d1OS DE PRISI\u00d3N CON R\u00c9GIMEN SEMIABIERTO - Apuntes de San Luis\" \/>\n<meta property=\"og:description\" content=\"El actor Juan Darth\u00e9s fue condenado hoy a seis a\u00f1os prisi\u00f3n en Brasil en el...\" \/>\n<meta property=\"og:url\" content=\"https:\/\/apuntesdesanluis.com\/index.php\/2024\/06\/10\/condenaron-a-juan-darthes-a-seis-anos-de-prision-con-regimen-semiabierto\/\" \/>\n<meta property=\"og:site_name\" content=\"Apuntes de San Luis\" \/>\n<meta property=\"article:published_time\" content=\"2024-06-11T00:49:23+00:00\" \/>\n<meta property=\"og:image\" content=\"https:\/\/apuntesdesanluis.com\/wp-content\/uploads\/2024\/06\/juan-darthes.png\" \/>\n\t<meta property=\"og:image:width\" content=\"739\" \/>\n\t<meta property=\"og:image:height\" content=\"411\" \/>\n\t<meta property=\"og:image:type\" content=\"image\/png\" \/>\n<meta name=\"author\" content=\"apuntesdesanluis.com\" \/>\n<meta name=\"twitter:card\" content=\"summary_large_image\" \/>\n<meta name=\"twitter:label1\" content=\"Escrito por\" \/>\n\t<meta name=\"twitter:data1\" content=\"apuntesdesanluis.com\" \/>\n\t<meta name=\"twitter:label2\" content=\"Tiempo de lectura\" \/>\n\t<meta name=\"twitter:data2\" content=\"6 minutos\" \/>\n<script type=\"application\/ld+json\" class=\"yoast-schema-graph\">{\"@context\":\"https:\/\/schema.org\",\"@graph\":[{\"@type\":\"Article\",\"@id\":\"https:\/\/apuntesdesanluis.com\/index.php\/2024\/06\/10\/condenaron-a-juan-darthes-a-seis-anos-de-prision-con-regimen-semiabierto\/#article\",\"isPartOf\":{\"@id\":\"https:\/\/apuntesdesanluis.com\/index.php\/2024\/06\/10\/condenaron-a-juan-darthes-a-seis-anos-de-prision-con-regimen-semiabierto\/\"},\"author\":{\"name\":\"apuntesdesanluis.com\",\"@id\":\"https:\/\/apuntesdesanluis.com\/#\/schema\/person\/b55151d52296fcce64d1a72538a70b90\"},\"headline\":\"CONDENARON A JUAN DARTH\u00c9S A SEIS A\u00d1OS DE PRISI\u00d3N CON R\u00c9GIMEN SEMIABIERTO\",\"datePublished\":\"2024-06-11T00:49:23+00:00\",\"mainEntityOfPage\":{\"@id\":\"https:\/\/apuntesdesanluis.com\/index.php\/2024\/06\/10\/condenaron-a-juan-darthes-a-seis-anos-de-prision-con-regimen-semiabierto\/\"},\"wordCount\":1241,\"publisher\":{\"@id\":\"https:\/\/apuntesdesanluis.com\/#\/schema\/person\/b55151d52296fcce64d1a72538a70b90\"},\"image\":{\"@id\":\"https:\/\/apuntesdesanluis.com\/index.php\/2024\/06\/10\/condenaron-a-juan-darthes-a-seis-anos-de-prision-con-regimen-semiabierto\/#primaryimage\"},\"thumbnailUrl\":\"https:\/\/apuntesdesanluis.com\/wp-content\/uploads\/2024\/06\/juan-darthes.png\",\"articleSection\":[\"Nacionales\/Internacionales\"],\"inLanguage\":\"es-AR\"},{\"@type\":\"WebPage\",\"@id\":\"https:\/\/apuntesdesanluis.com\/index.php\/2024\/06\/10\/condenaron-a-juan-darthes-a-seis-anos-de-prision-con-regimen-semiabierto\/\",\"url\":\"https:\/\/apuntesdesanluis.com\/index.php\/2024\/06\/10\/condenaron-a-juan-darthes-a-seis-anos-de-prision-con-regimen-semiabierto\/\",\"name\":\"CONDENARON A JUAN DARTH\u00c9S A SEIS A\u00d1OS DE PRISI\u00d3N CON R\u00c9GIMEN SEMIABIERTO - Apuntes de San Luis\",\"isPartOf\":{\"@id\":\"https:\/\/apuntesdesanluis.com\/#website\"},\"primaryImageOfPage\":{\"@id\":\"https:\/\/apuntesdesanluis.com\/index.php\/2024\/06\/10\/condenaron-a-juan-darthes-a-seis-anos-de-prision-con-regimen-semiabierto\/#primaryimage\"},\"image\":{\"@id\":\"https:\/\/apuntesdesanluis.com\/index.php\/2024\/06\/10\/condenaron-a-juan-darthes-a-seis-anos-de-prision-con-regimen-semiabierto\/#primaryimage\"},\"thumbnailUrl\":\"https:\/\/apuntesdesanluis.com\/wp-content\/uploads\/2024\/06\/juan-darthes.png\",\"datePublished\":\"2024-06-11T00:49:23+00:00\",\"breadcrumb\":{\"@id\":\"https:\/\/apuntesdesanluis.com\/index.php\/2024\/06\/10\/condenaron-a-juan-darthes-a-seis-anos-de-prision-con-regimen-semiabierto\/#breadcrumb\"},\"inLanguage\":\"es-AR\",\"potentialAction\":[{\"@type\":\"ReadAction\",\"target\":[\"https:\/\/apuntesdesanluis.com\/index.php\/2024\/06\/10\/condenaron-a-juan-darthes-a-seis-anos-de-prision-con-regimen-semiabierto\/\"]}]},{\"@type\":\"ImageObject\",\"inLanguage\":\"es-AR\",\"@id\":\"https:\/\/apuntesdesanluis.com\/index.php\/2024\/06\/10\/condenaron-a-juan-darthes-a-seis-anos-de-prision-con-regimen-semiabierto\/#primaryimage\",\"url\":\"https:\/\/apuntesdesanluis.com\/wp-content\/uploads\/2024\/06\/juan-darthes.png\",\"contentUrl\":\"https:\/\/apuntesdesanluis.com\/wp-content\/uploads\/2024\/06\/juan-darthes.png\",\"width\":739,\"height\":411},{\"@type\":\"BreadcrumbList\",\"@id\":\"https:\/\/apuntesdesanluis.com\/index.php\/2024\/06\/10\/condenaron-a-juan-darthes-a-seis-anos-de-prision-con-regimen-semiabierto\/#breadcrumb\",\"itemListElement\":[{\"@type\":\"ListItem\",\"position\":1,\"name\":\"Inicio\",\"item\":\"https:\/\/apuntesdesanluis.com\/\"},{\"@type\":\"ListItem\",\"position\":2,\"name\":\"CONDENARON A JUAN DARTH\u00c9S A SEIS A\u00d1OS DE PRISI\u00d3N CON R\u00c9GIMEN SEMIABIERTO\"}]},{\"@type\":\"WebSite\",\"@id\":\"https:\/\/apuntesdesanluis.com\/#website\",\"url\":\"https:\/\/apuntesdesanluis.com\/\",\"name\":\"Apuntes de San Luis\",\"description\":\"\",\"publisher\":{\"@id\":\"https:\/\/apuntesdesanluis.com\/#\/schema\/person\/b55151d52296fcce64d1a72538a70b90\"},\"potentialAction\":[{\"@type\":\"SearchAction\",\"target\":{\"@type\":\"EntryPoint\",\"urlTemplate\":\"https:\/\/apuntesdesanluis.com\/?s={search_term_string}\"},\"query-input\":{\"@type\":\"PropertyValueSpecification\",\"valueRequired\":true,\"valueName\":\"search_term_string\"}}],\"inLanguage\":\"es-AR\"},{\"@type\":[\"Person\",\"Organization\"],\"@id\":\"https:\/\/apuntesdesanluis.com\/#\/schema\/person\/b55151d52296fcce64d1a72538a70b90\",\"name\":\"apuntesdesanluis.com\",\"image\":{\"@type\":\"ImageObject\",\"inLanguage\":\"es-AR\",\"@id\":\"https:\/\/apuntesdesanluis.com\/#\/schema\/person\/image\/\",\"url\":\"https:\/\/apuntesdesanluis.com\/wp-content\/uploads\/2023\/07\/cropped-apuntesdesanluis.png\",\"contentUrl\":\"https:\/\/apuntesdesanluis.com\/wp-content\/uploads\/2023\/07\/cropped-apuntesdesanluis.png\",\"width\":450,\"height\":112,\"caption\":\"apuntesdesanluis.com\"},\"logo\":{\"@id\":\"https:\/\/apuntesdesanluis.com\/#\/schema\/person\/image\/\"},\"sameAs\":[\"https:\/\/apuntesdesanluis.com\"],\"url\":\"https:\/\/apuntesdesanluis.com\/index.php\/author\/apuntesdesanluis-com\/\"}]}<\/script>\n<!-- \/ Yoast SEO plugin. -->","yoast_head_json":{"title":"CONDENARON A JUAN DARTH\u00c9S A SEIS A\u00d1OS DE PRISI\u00d3N CON R\u00c9GIMEN SEMIABIERTO - Apuntes de San Luis","robots":{"index":"index","follow":"follow","max-snippet":"max-snippet:-1","max-image-preview":"max-image-preview:large","max-video-preview":"max-video-preview:-1"},"canonical":"https:\/\/apuntesdesanluis.com\/index.php\/2024\/06\/10\/condenaron-a-juan-darthes-a-seis-anos-de-prision-con-regimen-semiabierto\/","og_locale":"es_ES","og_type":"article","og_title":"CONDENARON A JUAN DARTH\u00c9S A SEIS A\u00d1OS DE PRISI\u00d3N CON R\u00c9GIMEN SEMIABIERTO - Apuntes de San Luis","og_description":"El actor Juan Darth\u00e9s fue condenado hoy a seis a\u00f1os prisi\u00f3n en Brasil en el...","og_url":"https:\/\/apuntesdesanluis.com\/index.php\/2024\/06\/10\/condenaron-a-juan-darthes-a-seis-anos-de-prision-con-regimen-semiabierto\/","og_site_name":"Apuntes de San Luis","article_published_time":"2024-06-11T00:49:23+00:00","og_image":[{"width":739,"height":411,"url":"https:\/\/apuntesdesanluis.com\/wp-content\/uploads\/2024\/06\/juan-darthes.png","type":"image\/png"}],"author":"apuntesdesanluis.com","twitter_card":"summary_large_image","twitter_misc":{"Escrito por":"apuntesdesanluis.com","Tiempo de lectura":"6 minutos"},"schema":{"@context":"https:\/\/schema.org","@graph":[{"@type":"Article","@id":"https:\/\/apuntesdesanluis.com\/index.php\/2024\/06\/10\/condenaron-a-juan-darthes-a-seis-anos-de-prision-con-regimen-semiabierto\/#article","isPartOf":{"@id":"https:\/\/apuntesdesanluis.com\/index.php\/2024\/06\/10\/condenaron-a-juan-darthes-a-seis-anos-de-prision-con-regimen-semiabierto\/"},"author":{"name":"apuntesdesanluis.com","@id":"https:\/\/apuntesdesanluis.com\/#\/schema\/person\/b55151d52296fcce64d1a72538a70b90"},"headline":"CONDENARON A JUAN DARTH\u00c9S A SEIS A\u00d1OS DE PRISI\u00d3N CON R\u00c9GIMEN SEMIABIERTO","datePublished":"2024-06-11T00:49:23+00:00","mainEntityOfPage":{"@id":"https:\/\/apuntesdesanluis.com\/index.php\/2024\/06\/10\/condenaron-a-juan-darthes-a-seis-anos-de-prision-con-regimen-semiabierto\/"},"wordCount":1241,"publisher":{"@id":"https:\/\/apuntesdesanluis.com\/#\/schema\/person\/b55151d52296fcce64d1a72538a70b90"},"image":{"@id":"https:\/\/apuntesdesanluis.com\/index.php\/2024\/06\/10\/condenaron-a-juan-darthes-a-seis-anos-de-prision-con-regimen-semiabierto\/#primaryimage"},"thumbnailUrl":"https:\/\/apuntesdesanluis.com\/wp-content\/uploads\/2024\/06\/juan-darthes.png","articleSection":["Nacionales\/Internacionales"],"inLanguage":"es-AR"},{"@type":"WebPage","@id":"https:\/\/apuntesdesanluis.com\/index.php\/2024\/06\/10\/condenaron-a-juan-darthes-a-seis-anos-de-prision-con-regimen-semiabierto\/","url":"https:\/\/apuntesdesanluis.com\/index.php\/2024\/06\/10\/condenaron-a-juan-darthes-a-seis-anos-de-prision-con-regimen-semiabierto\/","name":"CONDENARON A JUAN DARTH\u00c9S A SEIS A\u00d1OS DE PRISI\u00d3N CON R\u00c9GIMEN SEMIABIERTO - Apuntes de San Luis","isPartOf":{"@id":"https:\/\/apuntesdesanluis.com\/#website"},"primaryImageOfPage":{"@id":"https:\/\/apuntesdesanluis.com\/index.php\/2024\/06\/10\/condenaron-a-juan-darthes-a-seis-anos-de-prision-con-regimen-semiabierto\/#primaryimage"},"image":{"@id":"https:\/\/apuntesdesanluis.com\/index.php\/2024\/06\/10\/condenaron-a-juan-darthes-a-seis-anos-de-prision-con-regimen-semiabierto\/#primaryimage"},"thumbnailUrl":"https:\/\/apuntesdesanluis.com\/wp-content\/uploads\/2024\/06\/juan-darthes.png","datePublished":"2024-06-11T00:49:23+00:00","breadcrumb":{"@id":"https:\/\/apuntesdesanluis.com\/index.php\/2024\/06\/10\/condenaron-a-juan-darthes-a-seis-anos-de-prision-con-regimen-semiabierto\/#breadcrumb"},"inLanguage":"es-AR","potentialAction":[{"@type":"ReadAction","target":["https:\/\/apuntesdesanluis.com\/index.php\/2024\/06\/10\/condenaron-a-juan-darthes-a-seis-anos-de-prision-con-regimen-semiabierto\/"]}]},{"@type":"ImageObject","inLanguage":"es-AR","@id":"https:\/\/apuntesdesanluis.com\/index.php\/2024\/06\/10\/condenaron-a-juan-darthes-a-seis-anos-de-prision-con-regimen-semiabierto\/#primaryimage","url":"https:\/\/apuntesdesanluis.com\/wp-content\/uploads\/2024\/06\/juan-darthes.png","contentUrl":"https:\/\/apuntesdesanluis.com\/wp-content\/uploads\/2024\/06\/juan-darthes.png","width":739,"height":411},{"@type":"BreadcrumbList","@id":"https:\/\/apuntesdesanluis.com\/index.php\/2024\/06\/10\/condenaron-a-juan-darthes-a-seis-anos-de-prision-con-regimen-semiabierto\/#breadcrumb","itemListElement":[{"@type":"ListItem","position":1,"name":"Inicio","item":"https:\/\/apuntesdesanluis.com\/"},{"@type":"ListItem","position":2,"name":"CONDENARON A JUAN DARTH\u00c9S A SEIS A\u00d1OS DE PRISI\u00d3N CON R\u00c9GIMEN SEMIABIERTO"}]},{"@type":"WebSite","@id":"https:\/\/apuntesdesanluis.com\/#website","url":"https:\/\/apuntesdesanluis.com\/","name":"Apuntes de San Luis","description":"","publisher":{"@id":"https:\/\/apuntesdesanluis.com\/#\/schema\/person\/b55151d52296fcce64d1a72538a70b90"},"potentialAction":[{"@type":"SearchAction","target":{"@type":"EntryPoint","urlTemplate":"https:\/\/apuntesdesanluis.com\/?s={search_term_string}"},"query-input":{"@type":"PropertyValueSpecification","valueRequired":true,"valueName":"search_term_string"}}],"inLanguage":"es-AR"},{"@type":["Person","Organization"],"@id":"https:\/\/apuntesdesanluis.com\/#\/schema\/person\/b55151d52296fcce64d1a72538a70b90","name":"apuntesdesanluis.com","image":{"@type":"ImageObject","inLanguage":"es-AR","@id":"https:\/\/apuntesdesanluis.com\/#\/schema\/person\/image\/","url":"https:\/\/apuntesdesanluis.com\/wp-content\/uploads\/2023\/07\/cropped-apuntesdesanluis.png","contentUrl":"https:\/\/apuntesdesanluis.com\/wp-content\/uploads\/2023\/07\/cropped-apuntesdesanluis.png","width":450,"height":112,"caption":"apuntesdesanluis.com"},"logo":{"@id":"https:\/\/apuntesdesanluis.com\/#\/schema\/person\/image\/"},"sameAs":["https:\/\/apuntesdesanluis.com"],"url":"https:\/\/apuntesdesanluis.com\/index.php\/author\/apuntesdesanluis-com\/"}]}},"featured_image_urls":{"full":["https:\/\/apuntesdesanluis.com\/wp-content\/uploads\/2024\/06\/juan-darthes.png",739,411,false],"thumbnail":["https:\/\/apuntesdesanluis.com\/wp-content\/uploads\/2024\/06\/juan-darthes-150x150.png",150,150,true],"medium":["https:\/\/apuntesdesanluis.com\/wp-content\/uploads\/2024\/06\/juan-darthes-300x167.png",300,167,true],"medium_large":["https:\/\/apuntesdesanluis.com\/wp-content\/uploads\/2024\/06\/juan-darthes.png",640,356,false],"large":["https:\/\/apuntesdesanluis.com\/wp-content\/uploads\/2024\/06\/juan-darthes.png",640,356,false],"1536x1536":["https:\/\/apuntesdesanluis.com\/wp-content\/uploads\/2024\/06\/juan-darthes.png",739,411,false],"2048x2048":["https:\/\/apuntesdesanluis.com\/wp-content\/uploads\/2024\/06\/juan-darthes.png",739,411,false],"newsever-slider-full":["https:\/\/apuntesdesanluis.com\/wp-content\/uploads\/2024\/06\/juan-darthes.png",739,411,false],"newsever-featured":["https:\/\/apuntesdesanluis.com\/wp-content\/uploads\/2024\/06\/juan-darthes.png",739,411,false],"newsever-medium":["https:\/\/apuntesdesanluis.com\/wp-content\/uploads\/2024\/06\/juan-darthes-720x411.png",720,411,true]},"author_info":{"display_name":"apuntesdesanluis.com","author_link":"https:\/\/apuntesdesanluis.com\/index.php\/author\/apuntesdesanluis-com\/"},"category_info":"<a href=\"https:\/\/apuntesdesanluis.com\/index.php\/category\/nacionales-internacionales\/\" rel=\"category tag\">Nacionales\/Internacionales<\/a>","tag_info":"Nacionales\/Internacionales","comment_count":"0","_links":{"self":[{"href":"https:\/\/apuntesdesanluis.com\/index.php\/wp-json\/wp\/v2\/posts\/17653","targetHints":{"allow":["GET"]}}],"collection":[{"href":"https:\/\/apuntesdesanluis.com\/index.php\/wp-json\/wp\/v2\/posts"}],"about":[{"href":"https:\/\/apuntesdesanluis.com\/index.php\/wp-json\/wp\/v2\/types\/post"}],"author":[{"embeddable":true,"href":"https:\/\/apuntesdesanluis.com\/index.php\/wp-json\/wp\/v2\/users\/1"}],"replies":[{"embeddable":true,"href":"https:\/\/apuntesdesanluis.com\/index.php\/wp-json\/wp\/v2\/comments?post=17653"}],"version-history":[{"count":1,"href":"https:\/\/apuntesdesanluis.com\/index.php\/wp-json\/wp\/v2\/posts\/17653\/revisions"}],"predecessor-version":[{"id":17656,"href":"https:\/\/apuntesdesanluis.com\/index.php\/wp-json\/wp\/v2\/posts\/17653\/revisions\/17656"}],"wp:featuredmedia":[{"embeddable":true,"href":"https:\/\/apuntesdesanluis.com\/index.php\/wp-json\/wp\/v2\/media\/17654"}],"wp:attachment":[{"href":"https:\/\/apuntesdesanluis.com\/index.php\/wp-json\/wp\/v2\/media?parent=17653"}],"wp:term":[{"taxonomy":"category","embeddable":true,"href":"https:\/\/apuntesdesanluis.com\/index.php\/wp-json\/wp\/v2\/categories?post=17653"},{"taxonomy":"post_tag","embeddable":true,"href":"https:\/\/apuntesdesanluis.com\/index.php\/wp-json\/wp\/v2\/tags?post=17653"}],"curies":[{"name":"wp","href":"https:\/\/api.w.org\/{rel}","templated":true}]}}