{"id":17657,"date":"2024-06-10T22:00:43","date_gmt":"2024-06-11T01:00:43","guid":{"rendered":"https:\/\/apuntesdesanluis.com\/?p=17657"},"modified":"2024-06-10T22:00:43","modified_gmt":"2024-06-11T01:00:43","slug":"los-gobernadores-de-juntos-por-el-cambio-pidieron-que-se-aprueben-las-herramientas-que-necesita-el-gobierno-nacional","status":"publish","type":"post","link":"https:\/\/apuntesdesanluis.com\/index.php\/2024\/06\/10\/los-gobernadores-de-juntos-por-el-cambio-pidieron-que-se-aprueben-las-herramientas-que-necesita-el-gobierno-nacional\/","title":{"rendered":"LOS GOBERNADORES DE JUNTOS POR EL CAMBIO PIDIERON QUE SE APRUEBEN LAS HERRAMIENTAS QUE NECESITA EL GOBIERNO NACIONAL"},"content":{"rendered":"<h3>En un fuerte respaldo a Javier Milei, los 10 mandatarios de la oposici\u00f3n expresaron: \u201cResulta indispensable darle las herramientas al gobierno nacional para avanzar con las transformaciones que vot\u00f3 mayoritariamente la sociedad argentina\u201d<\/h3>\n<h3>Los 10 gobernadores de Juntos por el Cambio pidieron que se aprueben la Ley Bases y el paquete fiscal. Lo hicieron este lunes, a trav\u00e9s de un comunicado oficial, en el que respaldaron dos de los principales objetivos que tiene el gobierno de Javier Milei. \u201cCualquier dilaci\u00f3n que pueda ocurrir en el tr\u00e1mite legislativo puede afectar no s\u00f3lo a las finanzas nacionales, sino tambi\u00e9n a las provinciales\u201d, expresaron en el texto los mandatarios provinciales.<\/h3>\n<h3>El apoyo de los representantes de Chaco, Chubut, Corrientes, Entre R\u00edos, Jujuy, Mendoza, San Juan, San Luis, Santa Fe y la Ciudad Aut\u00f3noma de Buenos Aires, apunta a \u201cdarle las herramientas al gobierno nacional para avanzar con las transformaciones que vot\u00f3 mayoritariamente la sociedad argentina\u201d.<\/h3>\n<h3>\u201cNo hay m\u00e1s tiempo que perder. La mayor\u00eda de las provincias ha manifestado su apoyo a los instrumentos requeridos por el Presidente de la Naci\u00f3n y el gobierno nacional\u201d, enfatizaron.<\/h3>\n<h3>En el mismo sentido, resaltaron: \u201cNecesitamos dar una clara se\u00f1al a los mercados, al mundo y a los argentinos que nuestro pa\u00eds avanza hacia el equilibrio fiscal, apuesta a la inversi\u00f3n privada y moderniza su sistema laboral\u201d.<\/h3>\n<h4><img fetchpriority=\"high\" decoding=\"async\" class=\"wp-image-17659 aligncenter\" src=\"https:\/\/apuntesdesanluis.com\/wp-content\/uploads\/2024\/06\/COMUNICADO-242x300.png\" alt=\"\" width=\"639\" height=\"792\" srcset=\"https:\/\/apuntesdesanluis.com\/wp-content\/uploads\/2024\/06\/COMUNICADO-242x300.png 242w, https:\/\/apuntesdesanluis.com\/wp-content\/uploads\/2024\/06\/COMUNICADO.png 679w\" sizes=\"(max-width: 639px) 100vw, 639px\" \/><\/h4>\n<h4 style=\"text-align: center;\"><em>El comunicado de los mandatarios que respaldaron al presidente Javier Milei.<\/em><\/h4>\n<h3>\u201cTodos estos ejes han encontrado un consenso mayoritario entre el oficialismo y un sector de la oposici\u00f3n constructiva y dialoguista\u201d, destacaron Jorge Macri, Leandro Zdero, Ignacio Torres, Gustavo Vald\u00e9s, Rogelio Frigerio, Carlos Sadir, Alfredo Cornejo, Marcelo Orrego, Claudio Poggi y Maximiliano Pullaro.<\/h3>\n<h3>Por su parte, desde la Oficina del Presidente comunicaron que \u201cpara acelerar este proceso de recuperaci\u00f3n econ\u00f3mica es fundamental que el Congreso apruebe la Ley Bases, con el fin de liberar la fuerza productiva de los habitantes de la Naci\u00f3n Argentina\u201d.<\/h3>\n<h3>Esto se da en un contexto donde el mi\u00e9rcoles 12 de junio el Senado iniciar\u00e1 el debate por la Ley Bases y el paquete fiscal, que se prev\u00e9 que ser\u00e1 agitado a partir de la inconformidad de algunos bloques de la oposici\u00f3n \u201cdialoguista\u201d con determinados art\u00edculos de los proyectos. A pesar de que La Libertad Avanza consigui\u00f3 el dictamen de mayor\u00eda para que ambos asuntos se traten en el recinto, hay espacios que analizan agruparse para forzar m\u00e1s cambios sobre la iniciativa oficial, como excluir a Aerol\u00edneas Argentinas y al Correo de la lista de empresas a privatizar.<\/h3>\n<h3>Adem\u00e1s, a\u00fan subsisten discrepancias con respecto a la restauraci\u00f3n de la cuarta categor\u00eda del impuesto a las Ganancias, luego de que el Gobierno no aceptara eximir de ese gravamen a las provincias patag\u00f3nicas, que se niegan a incorporar nuevamente este tributo. Es por eso que el jefe de Gabinete, Guillermo Francos, tiene pensado quedarse en la Argentina para seguir de cerca el desarrollo de la sesi\u00f3n en la C\u00e1mara Alta, apelando una vez m\u00e1s a su car\u00e1cter de buen negociador.<\/h3>\n<p>&nbsp;<\/p>\n<p>&nbsp;<\/p>\n<p>&nbsp;<\/p>\n<p>&nbsp;<\/p>\n<p>&nbsp;<\/p>\n<p>&nbsp;<\/p>\n<p>&nbsp;<\/p>\n","protected":false},"excerpt":{"rendered":"<p>En un fuerte respaldo a Javier Milei, los 10 mandatarios de la oposici\u00f3n expresaron: \u201cResulta&#8230;<\/p>\n","protected":false},"author":1,"featured_media":17658,"comment_status":"closed","ping_status":"closed","sticky":false,"template":"","format":"standard","meta":{"footnotes":""},"categories":[5],"tags":[],"class_list":["post-17657","post","type-post","status-publish","format-standard","has-post-thumbnail","hentry","category-nacionales-internacionales"],"yoast_head":"<!-- This site is optimized with the Yoast SEO plugin v26.1.1 - https:\/\/yoast.com\/wordpress\/plugins\/seo\/ -->\n<title>LOS GOBERNADORES DE JUNTOS POR EL CAMBIO PIDIERON QUE SE APRUEBEN LAS HERRAMIENTAS QUE NECESITA EL GOBIERNO NACIONAL - Apuntes de San Luis<\/title>\n<meta name=\"robots\" content=\"index, follow, max-snippet:-1, max-image-preview:large, max-video-preview:-1\" \/>\n<link rel=\"canonical\" href=\"https:\/\/apuntesdesanluis.com\/index.php\/2024\/06\/10\/los-gobernadores-de-juntos-por-el-cambio-pidieron-que-se-aprueben-las-herramientas-que-necesita-el-gobierno-nacional\/\" \/>\n<meta property=\"og:locale\" content=\"es_ES\" \/>\n<meta property=\"og:type\" content=\"article\" \/>\n<meta property=\"og:title\" content=\"LOS GOBERNADORES DE JUNTOS POR EL CAMBIO PIDIERON QUE SE APRUEBEN LAS HERRAMIENTAS QUE NECESITA EL GOBIERNO NACIONAL - Apuntes de San Luis\" \/>\n<meta property=\"og:description\" content=\"En un fuerte respaldo a Javier Milei, los 10 mandatarios de la oposici\u00f3n expresaron: \u201cResulta...\" \/>\n<meta property=\"og:url\" content=\"https:\/\/apuntesdesanluis.com\/index.php\/2024\/06\/10\/los-gobernadores-de-juntos-por-el-cambio-pidieron-que-se-aprueben-las-herramientas-que-necesita-el-gobierno-nacional\/\" \/>\n<meta property=\"og:site_name\" content=\"Apuntes de San Luis\" \/>\n<meta property=\"article:published_time\" content=\"2024-06-11T01:00:43+00:00\" \/>\n<meta property=\"og:image\" content=\"https:\/\/apuntesdesanluis.com\/wp-content\/uploads\/2024\/06\/GOBERNADORES-DE-JUNTOS.png\" \/>\n\t<meta property=\"og:image:width\" content=\"741\" \/>\n\t<meta property=\"og:image:height\" content=\"454\" \/>\n\t<meta property=\"og:image:type\" content=\"image\/png\" \/>\n<meta name=\"author\" content=\"apuntesdesanluis.com\" \/>\n<meta name=\"twitter:card\" content=\"summary_large_image\" \/>\n<meta name=\"twitter:label1\" content=\"Escrito por\" \/>\n\t<meta name=\"twitter:data1\" content=\"apuntesdesanluis.com\" \/>\n\t<meta name=\"twitter:label2\" content=\"Tiempo de lectura\" \/>\n\t<meta name=\"twitter:data2\" content=\"3 minutos\" \/>\n<script type=\"application\/ld+json\" class=\"yoast-schema-graph\">{\"@context\":\"https:\/\/schema.org\",\"@graph\":[{\"@type\":\"Article\",\"@id\":\"https:\/\/apuntesdesanluis.com\/index.php\/2024\/06\/10\/los-gobernadores-de-juntos-por-el-cambio-pidieron-que-se-aprueben-las-herramientas-que-necesita-el-gobierno-nacional\/#article\",\"isPartOf\":{\"@id\":\"https:\/\/apuntesdesanluis.com\/index.php\/2024\/06\/10\/los-gobernadores-de-juntos-por-el-cambio-pidieron-que-se-aprueben-las-herramientas-que-necesita-el-gobierno-nacional\/\"},\"author\":{\"name\":\"apuntesdesanluis.com\",\"@id\":\"https:\/\/apuntesdesanluis.com\/#\/schema\/person\/b55151d52296fcce64d1a72538a70b90\"},\"headline\":\"LOS GOBERNADORES DE JUNTOS POR EL CAMBIO PIDIERON QUE SE APRUEBEN LAS HERRAMIENTAS QUE NECESITA EL GOBIERNO NACIONAL\",\"datePublished\":\"2024-06-11T01:00:43+00:00\",\"mainEntityOfPage\":{\"@id\":\"https:\/\/apuntesdesanluis.com\/index.php\/2024\/06\/10\/los-gobernadores-de-juntos-por-el-cambio-pidieron-que-se-aprueben-las-herramientas-que-necesita-el-gobierno-nacional\/\"},\"wordCount\":547,\"publisher\":{\"@id\":\"https:\/\/apuntesdesanluis.com\/#\/schema\/person\/b55151d52296fcce64d1a72538a70b90\"},\"image\":{\"@id\":\"https:\/\/apuntesdesanluis.com\/index.php\/2024\/06\/10\/los-gobernadores-de-juntos-por-el-cambio-pidieron-que-se-aprueben-las-herramientas-que-necesita-el-gobierno-nacional\/#primaryimage\"},\"thumbnailUrl\":\"https:\/\/apuntesdesanluis.com\/wp-content\/uploads\/2024\/06\/GOBERNADORES-DE-JUNTOS.png\",\"articleSection\":[\"Nacionales\/Internacionales\"],\"inLanguage\":\"es-AR\"},{\"@type\":\"WebPage\",\"@id\":\"https:\/\/apuntesdesanluis.com\/index.php\/2024\/06\/10\/los-gobernadores-de-juntos-por-el-cambio-pidieron-que-se-aprueben-las-herramientas-que-necesita-el-gobierno-nacional\/\",\"url\":\"https:\/\/apuntesdesanluis.com\/index.php\/2024\/06\/10\/los-gobernadores-de-juntos-por-el-cambio-pidieron-que-se-aprueben-las-herramientas-que-necesita-el-gobierno-nacional\/\",\"name\":\"LOS GOBERNADORES DE JUNTOS POR EL CAMBIO PIDIERON QUE SE APRUEBEN LAS HERRAMIENTAS QUE NECESITA EL GOBIERNO NACIONAL - Apuntes de San Luis\",\"isPartOf\":{\"@id\":\"https:\/\/apuntesdesanluis.com\/#website\"},\"primaryImageOfPage\":{\"@id\":\"https:\/\/apuntesdesanluis.com\/index.php\/2024\/06\/10\/los-gobernadores-de-juntos-por-el-cambio-pidieron-que-se-aprueben-las-herramientas-que-necesita-el-gobierno-nacional\/#primaryimage\"},\"image\":{\"@id\":\"https:\/\/apuntesdesanluis.com\/index.php\/2024\/06\/10\/los-gobernadores-de-juntos-por-el-cambio-pidieron-que-se-aprueben-las-herramientas-que-necesita-el-gobierno-nacional\/#primaryimage\"},\"thumbnailUrl\":\"https:\/\/apuntesdesanluis.com\/wp-content\/uploads\/2024\/06\/GOBERNADORES-DE-JUNTOS.png\",\"datePublished\":\"2024-06-11T01:00:43+00:00\",\"breadcrumb\":{\"@id\":\"https:\/\/apuntesdesanluis.com\/index.php\/2024\/06\/10\/los-gobernadores-de-juntos-por-el-cambio-pidieron-que-se-aprueben-las-herramientas-que-necesita-el-gobierno-nacional\/#breadcrumb\"},\"inLanguage\":\"es-AR\",\"potentialAction\":[{\"@type\":\"ReadAction\",\"target\":[\"https:\/\/apuntesdesanluis.com\/index.php\/2024\/06\/10\/los-gobernadores-de-juntos-por-el-cambio-pidieron-que-se-aprueben-las-herramientas-que-necesita-el-gobierno-nacional\/\"]}]},{\"@type\":\"ImageObject\",\"inLanguage\":\"es-AR\",\"@id\":\"https:\/\/apuntesdesanluis.com\/index.php\/2024\/06\/10\/los-gobernadores-de-juntos-por-el-cambio-pidieron-que-se-aprueben-las-herramientas-que-necesita-el-gobierno-nacional\/#primaryimage\",\"url\":\"https:\/\/apuntesdesanluis.com\/wp-content\/uploads\/2024\/06\/GOBERNADORES-DE-JUNTOS.png\",\"contentUrl\":\"https:\/\/apuntesdesanluis.com\/wp-content\/uploads\/2024\/06\/GOBERNADORES-DE-JUNTOS.png\",\"width\":741,\"height\":454},{\"@type\":\"BreadcrumbList\",\"@id\":\"https:\/\/apuntesdesanluis.com\/index.php\/2024\/06\/10\/los-gobernadores-de-juntos-por-el-cambio-pidieron-que-se-aprueben-las-herramientas-que-necesita-el-gobierno-nacional\/#breadcrumb\",\"itemListElement\":[{\"@type\":\"ListItem\",\"position\":1,\"name\":\"Inicio\",\"item\":\"https:\/\/apuntesdesanluis.com\/\"},{\"@type\":\"ListItem\",\"position\":2,\"name\":\"LOS GOBERNADORES DE JUNTOS POR EL CAMBIO PIDIERON QUE SE APRUEBEN LAS HERRAMIENTAS QUE NECESITA EL GOBIERNO NACIONAL\"}]},{\"@type\":\"WebSite\",\"@id\":\"https:\/\/apuntesdesanluis.com\/#website\",\"url\":\"https:\/\/apuntesdesanluis.com\/\",\"name\":\"Apuntes de San Luis\",\"description\":\"\",\"publisher\":{\"@id\":\"https:\/\/apuntesdesanluis.com\/#\/schema\/person\/b55151d52296fcce64d1a72538a70b90\"},\"potentialAction\":[{\"@type\":\"SearchAction\",\"target\":{\"@type\":\"EntryPoint\",\"urlTemplate\":\"https:\/\/apuntesdesanluis.com\/?s={search_term_string}\"},\"query-input\":{\"@type\":\"PropertyValueSpecification\",\"valueRequired\":true,\"valueName\":\"search_term_string\"}}],\"inLanguage\":\"es-AR\"},{\"@type\":[\"Person\",\"Organization\"],\"@id\":\"https:\/\/apuntesdesanluis.com\/#\/schema\/person\/b55151d52296fcce64d1a72538a70b90\",\"name\":\"apuntesdesanluis.com\",\"image\":{\"@type\":\"ImageObject\",\"inLanguage\":\"es-AR\",\"@id\":\"https:\/\/apuntesdesanluis.com\/#\/schema\/person\/image\/\",\"url\":\"https:\/\/apuntesdesanluis.com\/wp-content\/uploads\/2023\/07\/cropped-apuntesdesanluis.png\",\"contentUrl\":\"https:\/\/apuntesdesanluis.com\/wp-content\/uploads\/2023\/07\/cropped-apuntesdesanluis.png\",\"width\":450,\"height\":112,\"caption\":\"apuntesdesanluis.com\"},\"logo\":{\"@id\":\"https:\/\/apuntesdesanluis.com\/#\/schema\/person\/image\/\"},\"sameAs\":[\"https:\/\/apuntesdesanluis.com\"],\"url\":\"https:\/\/apuntesdesanluis.com\/index.php\/author\/apuntesdesanluis-com\/\"}]}<\/script>\n<!-- \/ Yoast SEO plugin. -->","yoast_head_json":{"title":"LOS GOBERNADORES DE JUNTOS POR EL CAMBIO PIDIERON QUE SE APRUEBEN LAS HERRAMIENTAS QUE NECESITA EL GOBIERNO NACIONAL - Apuntes de San Luis","robots":{"index":"index","follow":"follow","max-snippet":"max-snippet:-1","max-image-preview":"max-image-preview:large","max-video-preview":"max-video-preview:-1"},"canonical":"https:\/\/apuntesdesanluis.com\/index.php\/2024\/06\/10\/los-gobernadores-de-juntos-por-el-cambio-pidieron-que-se-aprueben-las-herramientas-que-necesita-el-gobierno-nacional\/","og_locale":"es_ES","og_type":"article","og_title":"LOS GOBERNADORES DE JUNTOS POR EL CAMBIO PIDIERON QUE SE APRUEBEN LAS HERRAMIENTAS QUE NECESITA EL GOBIERNO NACIONAL - Apuntes de San Luis","og_description":"En un fuerte respaldo a Javier Milei, los 10 mandatarios de la oposici\u00f3n expresaron: \u201cResulta...","og_url":"https:\/\/apuntesdesanluis.com\/index.php\/2024\/06\/10\/los-gobernadores-de-juntos-por-el-cambio-pidieron-que-se-aprueben-las-herramientas-que-necesita-el-gobierno-nacional\/","og_site_name":"Apuntes de San Luis","article_published_time":"2024-06-11T01:00:43+00:00","og_image":[{"width":741,"height":454,"url":"https:\/\/apuntesdesanluis.com\/wp-content\/uploads\/2024\/06\/GOBERNADORES-DE-JUNTOS.png","type":"image\/png"}],"author":"apuntesdesanluis.com","twitter_card":"summary_large_image","twitter_misc":{"Escrito por":"apuntesdesanluis.com","Tiempo de lectura":"3 minutos"},"schema":{"@context":"https:\/\/schema.org","@graph":[{"@type":"Article","@id":"https:\/\/apuntesdesanluis.com\/index.php\/2024\/06\/10\/los-gobernadores-de-juntos-por-el-cambio-pidieron-que-se-aprueben-las-herramientas-que-necesita-el-gobierno-nacional\/#article","isPartOf":{"@id":"https:\/\/apuntesdesanluis.com\/index.php\/2024\/06\/10\/los-gobernadores-de-juntos-por-el-cambio-pidieron-que-se-aprueben-las-herramientas-que-necesita-el-gobierno-nacional\/"},"author":{"name":"apuntesdesanluis.com","@id":"https:\/\/apuntesdesanluis.com\/#\/schema\/person\/b55151d52296fcce64d1a72538a70b90"},"headline":"LOS GOBERNADORES DE JUNTOS POR EL CAMBIO PIDIERON QUE SE APRUEBEN LAS HERRAMIENTAS QUE NECESITA EL GOBIERNO NACIONAL","datePublished":"2024-06-11T01:00:43+00:00","mainEntityOfPage":{"@id":"https:\/\/apuntesdesanluis.com\/index.php\/2024\/06\/10\/los-gobernadores-de-juntos-por-el-cambio-pidieron-que-se-aprueben-las-herramientas-que-necesita-el-gobierno-nacional\/"},"wordCount":547,"publisher":{"@id":"https:\/\/apuntesdesanluis.com\/#\/schema\/person\/b55151d52296fcce64d1a72538a70b90"},"image":{"@id":"https:\/\/apuntesdesanluis.com\/index.php\/2024\/06\/10\/los-gobernadores-de-juntos-por-el-cambio-pidieron-que-se-aprueben-las-herramientas-que-necesita-el-gobierno-nacional\/#primaryimage"},"thumbnailUrl":"https:\/\/apuntesdesanluis.com\/wp-content\/uploads\/2024\/06\/GOBERNADORES-DE-JUNTOS.png","articleSection":["Nacionales\/Internacionales"],"inLanguage":"es-AR"},{"@type":"WebPage","@id":"https:\/\/apuntesdesanluis.com\/index.php\/2024\/06\/10\/los-gobernadores-de-juntos-por-el-cambio-pidieron-que-se-aprueben-las-herramientas-que-necesita-el-gobierno-nacional\/","url":"https:\/\/apuntesdesanluis.com\/index.php\/2024\/06\/10\/los-gobernadores-de-juntos-por-el-cambio-pidieron-que-se-aprueben-las-herramientas-que-necesita-el-gobierno-nacional\/","name":"LOS GOBERNADORES DE JUNTOS POR EL CAMBIO PIDIERON QUE SE APRUEBEN LAS HERRAMIENTAS QUE NECESITA EL GOBIERNO NACIONAL - Apuntes de San Luis","isPartOf":{"@id":"https:\/\/apuntesdesanluis.com\/#website"},"primaryImageOfPage":{"@id":"https:\/\/apuntesdesanluis.com\/index.php\/2024\/06\/10\/los-gobernadores-de-juntos-por-el-cambio-pidieron-que-se-aprueben-las-herramientas-que-necesita-el-gobierno-nacional\/#primaryimage"},"image":{"@id":"https:\/\/apuntesdesanluis.com\/index.php\/2024\/06\/10\/los-gobernadores-de-juntos-por-el-cambio-pidieron-que-se-aprueben-las-herramientas-que-necesita-el-gobierno-nacional\/#primaryimage"},"thumbnailUrl":"https:\/\/apuntesdesanluis.com\/wp-content\/uploads\/2024\/06\/GOBERNADORES-DE-JUNTOS.png","datePublished":"2024-06-11T01:00:43+00:00","breadcrumb":{"@id":"https:\/\/apuntesdesanluis.com\/index.php\/2024\/06\/10\/los-gobernadores-de-juntos-por-el-cambio-pidieron-que-se-aprueben-las-herramientas-que-necesita-el-gobierno-nacional\/#breadcrumb"},"inLanguage":"es-AR","potentialAction":[{"@type":"ReadAction","target":["https:\/\/apuntesdesanluis.com\/index.php\/2024\/06\/10\/los-gobernadores-de-juntos-por-el-cambio-pidieron-que-se-aprueben-las-herramientas-que-necesita-el-gobierno-nacional\/"]}]},{"@type":"ImageObject","inLanguage":"es-AR","@id":"https:\/\/apuntesdesanluis.com\/index.php\/2024\/06\/10\/los-gobernadores-de-juntos-por-el-cambio-pidieron-que-se-aprueben-las-herramientas-que-necesita-el-gobierno-nacional\/#primaryimage","url":"https:\/\/apuntesdesanluis.com\/wp-content\/uploads\/2024\/06\/GOBERNADORES-DE-JUNTOS.png","contentUrl":"https:\/\/apuntesdesanluis.com\/wp-content\/uploads\/2024\/06\/GOBERNADORES-DE-JUNTOS.png","width":741,"height":454},{"@type":"BreadcrumbList","@id":"https:\/\/apuntesdesanluis.com\/index.php\/2024\/06\/10\/los-gobernadores-de-juntos-por-el-cambio-pidieron-que-se-aprueben-las-herramientas-que-necesita-el-gobierno-nacional\/#breadcrumb","itemListElement":[{"@type":"ListItem","position":1,"name":"Inicio","item":"https:\/\/apuntesdesanluis.com\/"},{"@type":"ListItem","position":2,"name":"LOS GOBERNADORES DE JUNTOS POR EL CAMBIO PIDIERON QUE SE APRUEBEN LAS HERRAMIENTAS QUE NECESITA EL GOBIERNO NACIONAL"}]},{"@type":"WebSite","@id":"https:\/\/apuntesdesanluis.com\/#website","url":"https:\/\/apuntesdesanluis.com\/","name":"Apuntes de San Luis","description":"","publisher":{"@id":"https:\/\/apuntesdesanluis.com\/#\/schema\/person\/b55151d52296fcce64d1a72538a70b90"},"potentialAction":[{"@type":"SearchAction","target":{"@type":"EntryPoint","urlTemplate":"https:\/\/apuntesdesanluis.com\/?s={search_term_string}"},"query-input":{"@type":"PropertyValueSpecification","valueRequired":true,"valueName":"search_term_string"}}],"inLanguage":"es-AR"},{"@type":["Person","Organization"],"@id":"https:\/\/apuntesdesanluis.com\/#\/schema\/person\/b55151d52296fcce64d1a72538a70b90","name":"apuntesdesanluis.com","image":{"@type":"ImageObject","inLanguage":"es-AR","@id":"https:\/\/apuntesdesanluis.com\/#\/schema\/person\/image\/","url":"https:\/\/apuntesdesanluis.com\/wp-content\/uploads\/2023\/07\/cropped-apuntesdesanluis.png","contentUrl":"https:\/\/apuntesdesanluis.com\/wp-content\/uploads\/2023\/07\/cropped-apuntesdesanluis.png","width":450,"height":112,"caption":"apuntesdesanluis.com"},"logo":{"@id":"https:\/\/apuntesdesanluis.com\/#\/schema\/person\/image\/"},"sameAs":["https:\/\/apuntesdesanluis.com"],"url":"https:\/\/apuntesdesanluis.com\/index.php\/author\/apuntesdesanluis-com\/"}]}},"featured_image_urls":{"full":["https:\/\/apuntesdesanluis.com\/wp-content\/uploads\/2024\/06\/GOBERNADORES-DE-JUNTOS.png",741,454,false],"thumbnail":["https:\/\/apuntesdesanluis.com\/wp-content\/uploads\/2024\/06\/GOBERNADORES-DE-JUNTOS-150x150.png",150,150,true],"medium":["https:\/\/apuntesdesanluis.com\/wp-content\/uploads\/2024\/06\/GOBERNADORES-DE-JUNTOS-300x184.png",300,184,true],"medium_large":["https:\/\/apuntesdesanluis.com\/wp-content\/uploads\/2024\/06\/GOBERNADORES-DE-JUNTOS.png",640,392,false],"large":["https:\/\/apuntesdesanluis.com\/wp-content\/uploads\/2024\/06\/GOBERNADORES-DE-JUNTOS.png",640,392,false],"1536x1536":["https:\/\/apuntesdesanluis.com\/wp-content\/uploads\/2024\/06\/GOBERNADORES-DE-JUNTOS.png",741,454,false],"2048x2048":["https:\/\/apuntesdesanluis.com\/wp-content\/uploads\/2024\/06\/GOBERNADORES-DE-JUNTOS.png",741,454,false],"newsever-slider-full":["https:\/\/apuntesdesanluis.com\/wp-content\/uploads\/2024\/06\/GOBERNADORES-DE-JUNTOS.png",741,454,false],"newsever-featured":["https:\/\/apuntesdesanluis.com\/wp-content\/uploads\/2024\/06\/GOBERNADORES-DE-JUNTOS.png",741,454,false],"newsever-medium":["https:\/\/apuntesdesanluis.com\/wp-content\/uploads\/2024\/06\/GOBERNADORES-DE-JUNTOS-720x454.png",720,454,true]},"author_info":{"display_name":"apuntesdesanluis.com","author_link":"https:\/\/apuntesdesanluis.com\/index.php\/author\/apuntesdesanluis-com\/"},"category_info":"<a href=\"https:\/\/apuntesdesanluis.com\/index.php\/category\/nacionales-internacionales\/\" rel=\"category tag\">Nacionales\/Internacionales<\/a>","tag_info":"Nacionales\/Internacionales","comment_count":"0","_links":{"self":[{"href":"https:\/\/apuntesdesanluis.com\/index.php\/wp-json\/wp\/v2\/posts\/17657","targetHints":{"allow":["GET"]}}],"collection":[{"href":"https:\/\/apuntesdesanluis.com\/index.php\/wp-json\/wp\/v2\/posts"}],"about":[{"href":"https:\/\/apuntesdesanluis.com\/index.php\/wp-json\/wp\/v2\/types\/post"}],"author":[{"embeddable":true,"href":"https:\/\/apuntesdesanluis.com\/index.php\/wp-json\/wp\/v2\/users\/1"}],"replies":[{"embeddable":true,"href":"https:\/\/apuntesdesanluis.com\/index.php\/wp-json\/wp\/v2\/comments?post=17657"}],"version-history":[{"count":1,"href":"https:\/\/apuntesdesanluis.com\/index.php\/wp-json\/wp\/v2\/posts\/17657\/revisions"}],"predecessor-version":[{"id":17660,"href":"https:\/\/apuntesdesanluis.com\/index.php\/wp-json\/wp\/v2\/posts\/17657\/revisions\/17660"}],"wp:featuredmedia":[{"embeddable":true,"href":"https:\/\/apuntesdesanluis.com\/index.php\/wp-json\/wp\/v2\/media\/17658"}],"wp:attachment":[{"href":"https:\/\/apuntesdesanluis.com\/index.php\/wp-json\/wp\/v2\/media?parent=17657"}],"wp:term":[{"taxonomy":"category","embeddable":true,"href":"https:\/\/apuntesdesanluis.com\/index.php\/wp-json\/wp\/v2\/categories?post=17657"},{"taxonomy":"post_tag","embeddable":true,"href":"https:\/\/apuntesdesanluis.com\/index.php\/wp-json\/wp\/v2\/tags?post=17657"}],"curies":[{"name":"wp","href":"https:\/\/api.w.org\/{rel}","templated":true}]}}