{"id":17665,"date":"2024-06-10T22:22:12","date_gmt":"2024-06-11T01:22:12","guid":{"rendered":"https:\/\/apuntesdesanluis.com\/?p=17665"},"modified":"2024-06-10T22:31:21","modified_gmt":"2024-06-11T01:31:21","slug":"al-puntano-bartolome-abdala-podria-tocarle-desempatar-la-votacion-en-el-senado","status":"publish","type":"post","link":"https:\/\/apuntesdesanluis.com\/index.php\/2024\/06\/10\/al-puntano-bartolome-abdala-podria-tocarle-desempatar-la-votacion-en-el-senado\/","title":{"rendered":"AL PUNTANO BARTOLOM\u00c9 ABDALA PODR\u00cdA TOCARLE DESEMPATAR LA VOTACI\u00d3N EN EL SENADO"},"content":{"rendered":"<h3>El gobierno entr\u00f3 en emergencia porque est\u00e1 rayando la ley bases con 36 votos, Victoria Villarruel no podr\u00e1 estar en la sesi\u00f3n ante un empate porque deber\u00e1 suplantar a Milei, que viaja a Europa. Presidir\u00e1 la sesi\u00f3n<strong> Bartolom\u00e9 Abdala<\/strong>, quien adem\u00e1s conduce la Comisi\u00f3n de Legislaci\u00f3n General. Si le toca desempatar, Abdala no har\u00eda &#8220;la gran Cobos&#8221;, sino que votar\u00eda a favor del proyecto oficial.<\/h3>\n<p><img fetchpriority=\"high\" decoding=\"async\" class=\"wp-image-17672 aligncenter\" src=\"https:\/\/apuntesdesanluis.com\/wp-content\/uploads\/2024\/06\/abdala-declarando-300x167.png\" alt=\"\" width=\"701\" height=\"390\" srcset=\"https:\/\/apuntesdesanluis.com\/wp-content\/uploads\/2024\/06\/abdala-declarando-300x167.png 300w, https:\/\/apuntesdesanluis.com\/wp-content\/uploads\/2024\/06\/abdala-declarando-1024x570.png 1024w, https:\/\/apuntesdesanluis.com\/wp-content\/uploads\/2024\/06\/abdala-declarando-768x427.png 768w, https:\/\/apuntesdesanluis.com\/wp-content\/uploads\/2024\/06\/abdala-declarando.png 1215w\" sizes=\"(max-width: 701px) 100vw, 701px\" \/><\/p>\n<h3>Algunos medios anticiparon que Milei est\u00e1 enfurecido por los nuevos cambios que los senadores negociaron para introducir en la ley que la Rosada mand\u00f3 hace casi 7 meses. Por eso el presidente amenaza con bajarla si siguen meti\u00e9ndole modificaciones.<\/h3>\n<h3>Los senadores oficialistas y aliados quedaron desconcertados este s\u00e1bado cuando escucharon al jefe de Gabinete, <strong>Guillermo Francos<\/strong>, poner en duda la aprobaci\u00f3n de la ley en la mesa de Mirtha Legrand. Hasta ese momento el relato del gobierno era que le sobraban los votos para sancionarla en el Senado.<\/h3>\n<h3>Pero en las \u00faltimas horas la Rosada entr\u00f3 en alerta porque la suma de votos le da 36 y ni uno m\u00e1s. El riesgo del empate existe porque el bloque de Uni\u00f3n por la Patria tiene 33 senadores y hay otros 3 que est\u00e1n en duda. Sobre todo Mart\u00edn Lousteau, que present\u00f3 un dictamen propio. Los otros son los santacruce\u00f1os Natalia Gadano y Jos\u00e9 Mar\u00eda Carambia. LPO\u00a0 anticip\u00f3 que entre los patag\u00f3nicas hablaban de no bajar al recinto hasta que no se apruebe la nueva f\u00f3rmula previsional y quede claro que Milei no la veta.<\/h3>\n<h3>\u00a0Si a esos n\u00fameros se le suma un voto negativo de la neuquina Luciana Crexell, despechada porque le bajaron la embajada en Paris, el gobierno est\u00e1 en serios problemas.<\/h3>\n<h3>El clima de desesperaci\u00f3n qued\u00f3 expuesto por el comunicado que emitieron los gobernadores de Juntos reclamando que la ley salga. &#8220;Necesitamos una se\u00f1al a los mercados&#8221;, dijeron en referencia a los saltos que viene dando el d\u00f3lar porque el gobierno a\u00fan no consigui\u00f3 garantizar la aprobaci\u00f3n de su primera ley.<\/h3>\n<h3>El viaje de Milei al G7 en Italia le agreg\u00f3 a\u00fan m\u00e1s incertidumbre a la votaci\u00f3n. Es que ante la salida del pa\u00eds del presidente, <strong>Victoria Villarruel<\/strong> debe asumir el mando y no puede presidir la sesi\u00f3n en simult\u00e1neo.<\/h3>\n<h3>Es por eso que si la votaci\u00f3n termina empatada, el Gobierno no podr\u00e1 esperar que sea Villarruel quien desempate, como hiciera <strong>Julio Cobos<\/strong> con la 125. La definici\u00f3n caer\u00eda en manos del presidente provisional, el libertario<strong> Bartolom\u00e9 Abdala<\/strong>. En la Rosada tuvieron que ponerse a leer el reglamento del Senado para asegurarse que el presidente provisional pueda votar como un senador m\u00e1s en primer t\u00e9rmino pese a que no estar\u00e1 sentado en su banca y luego eventualmente desempatar.<\/h3>\n<h3>Por estas razones el senador Abdala ha ganado marcado protagonismo en las \u00faltimas semanas, donde los medios lo entrevistan a diario, transform\u00e1ndose en el principal vocero de los libertarios en la C\u00e1mara Alta.<\/h3>\n<div style=\"width: 640px;\" class=\"wp-video\"><!--[if lt IE 9]><script>document.createElement('video');<\/script><![endif]-->\n<video class=\"wp-video-shortcode\" id=\"video-17665-1\" width=\"640\" height=\"427\" preload=\"metadata\" controls=\"controls\"><source type=\"video\/mp4\" src=\"https:\/\/apuntesdesanluis.com\/wp-content\/uploads\/2024\/06\/V83268378_01_H264.mp4?_=1\" \/><a href=\"https:\/\/apuntesdesanluis.com\/wp-content\/uploads\/2024\/06\/V83268378_01_H264.mp4\">https:\/\/apuntesdesanluis.com\/wp-content\/uploads\/2024\/06\/V83268378_01_H264.mp4<\/a><\/video><\/div>\n<h3>Ya hubo casos en los que un presidente provisional del Senado desempat\u00f3 una votaci\u00f3n. En 2002 el entonces senador justicialista Juan Carlos Maqueda, hoy juez de la Corte, destrab\u00f3 con su voto la derogaci\u00f3n de ley de Subversi\u00f3n Econ\u00f3mica por pedido del presidente Eduardo Duhalde. En septiembre del a\u00f1o pasado, la santiague\u00f1a Claudia Ledesma Abdala de Zamora vot\u00f3 como senadora y luego desempat\u00f3 la votaci\u00f3n del pliego de la jueza Ana Mar\u00eda Figueroa.<\/h3>\n<p>&nbsp;<\/p>\n<p>&nbsp;<\/p>\n<p>&nbsp;<\/p>\n<p>&nbsp;<\/p>\n<p>&nbsp;<\/p>\n<p>&nbsp;<\/p>\n<p>&nbsp;<\/p>\n<p>&nbsp;<\/p>\n<h3><\/h3>\n<h3><\/h3>\n","protected":false},"excerpt":{"rendered":"<p>El gobierno entr\u00f3 en emergencia porque est\u00e1 rayando la ley bases con 36 votos, Victoria&#8230;<\/p>\n","protected":false},"author":1,"featured_media":17666,"comment_status":"closed","ping_status":"closed","sticky":false,"template":"","format":"standard","meta":{"footnotes":""},"categories":[5],"tags":[],"class_list":["post-17665","post","type-post","status-publish","format-standard","has-post-thumbnail","hentry","category-nacionales-internacionales"],"yoast_head":"<!-- This site is optimized with the Yoast SEO plugin v26.1.1 - https:\/\/yoast.com\/wordpress\/plugins\/seo\/ -->\n<title>AL PUNTANO BARTOLOM\u00c9 ABDALA PODR\u00cdA TOCARLE DESEMPATAR LA VOTACI\u00d3N EN EL SENADO - Apuntes de San Luis<\/title>\n<meta name=\"robots\" content=\"index, follow, max-snippet:-1, max-image-preview:large, max-video-preview:-1\" \/>\n<link rel=\"canonical\" href=\"https:\/\/apuntesdesanluis.com\/index.php\/2024\/06\/10\/al-puntano-bartolome-abdala-podria-tocarle-desempatar-la-votacion-en-el-senado\/\" \/>\n<meta property=\"og:locale\" content=\"es_ES\" \/>\n<meta property=\"og:type\" content=\"article\" \/>\n<meta property=\"og:title\" content=\"AL PUNTANO BARTOLOM\u00c9 ABDALA PODR\u00cdA TOCARLE DESEMPATAR LA VOTACI\u00d3N EN EL SENADO - Apuntes de San Luis\" \/>\n<meta property=\"og:description\" content=\"El gobierno entr\u00f3 en emergencia porque est\u00e1 rayando la ley bases con 36 votos, Victoria...\" \/>\n<meta property=\"og:url\" content=\"https:\/\/apuntesdesanluis.com\/index.php\/2024\/06\/10\/al-puntano-bartolome-abdala-podria-tocarle-desempatar-la-votacion-en-el-senado\/\" \/>\n<meta property=\"og:site_name\" content=\"Apuntes de San Luis\" \/>\n<meta property=\"article:published_time\" content=\"2024-06-11T01:22:12+00:00\" \/>\n<meta property=\"article:modified_time\" content=\"2024-06-11T01:31:21+00:00\" \/>\n<meta property=\"og:image\" content=\"https:\/\/apuntesdesanluis.com\/wp-content\/uploads\/2024\/06\/senador-bartolome-abdala.png\" \/>\n\t<meta property=\"og:image:width\" content=\"745\" \/>\n\t<meta property=\"og:image:height\" content=\"457\" \/>\n\t<meta property=\"og:image:type\" content=\"image\/png\" \/>\n<meta name=\"author\" content=\"apuntesdesanluis.com\" \/>\n<meta name=\"twitter:card\" content=\"summary_large_image\" \/>\n<meta name=\"twitter:label1\" content=\"Escrito por\" \/>\n\t<meta name=\"twitter:data1\" content=\"apuntesdesanluis.com\" \/>\n\t<meta name=\"twitter:label2\" content=\"Tiempo de lectura\" \/>\n\t<meta name=\"twitter:data2\" content=\"3 minutos\" \/>\n<script type=\"application\/ld+json\" class=\"yoast-schema-graph\">{\"@context\":\"https:\/\/schema.org\",\"@graph\":[{\"@type\":\"Article\",\"@id\":\"https:\/\/apuntesdesanluis.com\/index.php\/2024\/06\/10\/al-puntano-bartolome-abdala-podria-tocarle-desempatar-la-votacion-en-el-senado\/#article\",\"isPartOf\":{\"@id\":\"https:\/\/apuntesdesanluis.com\/index.php\/2024\/06\/10\/al-puntano-bartolome-abdala-podria-tocarle-desempatar-la-votacion-en-el-senado\/\"},\"author\":{\"name\":\"apuntesdesanluis.com\",\"@id\":\"https:\/\/apuntesdesanluis.com\/#\/schema\/person\/b55151d52296fcce64d1a72538a70b90\"},\"headline\":\"AL PUNTANO BARTOLOM\u00c9 ABDALA PODR\u00cdA TOCARLE DESEMPATAR LA VOTACI\u00d3N EN EL SENADO\",\"datePublished\":\"2024-06-11T01:22:12+00:00\",\"dateModified\":\"2024-06-11T01:31:21+00:00\",\"mainEntityOfPage\":{\"@id\":\"https:\/\/apuntesdesanluis.com\/index.php\/2024\/06\/10\/al-puntano-bartolome-abdala-podria-tocarle-desempatar-la-votacion-en-el-senado\/\"},\"wordCount\":623,\"publisher\":{\"@id\":\"https:\/\/apuntesdesanluis.com\/#\/schema\/person\/b55151d52296fcce64d1a72538a70b90\"},\"image\":{\"@id\":\"https:\/\/apuntesdesanluis.com\/index.php\/2024\/06\/10\/al-puntano-bartolome-abdala-podria-tocarle-desempatar-la-votacion-en-el-senado\/#primaryimage\"},\"thumbnailUrl\":\"https:\/\/apuntesdesanluis.com\/wp-content\/uploads\/2024\/06\/senador-bartolome-abdala.png\",\"articleSection\":[\"Nacionales\/Internacionales\"],\"inLanguage\":\"es-AR\"},{\"@type\":\"WebPage\",\"@id\":\"https:\/\/apuntesdesanluis.com\/index.php\/2024\/06\/10\/al-puntano-bartolome-abdala-podria-tocarle-desempatar-la-votacion-en-el-senado\/\",\"url\":\"https:\/\/apuntesdesanluis.com\/index.php\/2024\/06\/10\/al-puntano-bartolome-abdala-podria-tocarle-desempatar-la-votacion-en-el-senado\/\",\"name\":\"AL PUNTANO BARTOLOM\u00c9 ABDALA PODR\u00cdA TOCARLE DESEMPATAR LA VOTACI\u00d3N EN EL SENADO - Apuntes de San Luis\",\"isPartOf\":{\"@id\":\"https:\/\/apuntesdesanluis.com\/#website\"},\"primaryImageOfPage\":{\"@id\":\"https:\/\/apuntesdesanluis.com\/index.php\/2024\/06\/10\/al-puntano-bartolome-abdala-podria-tocarle-desempatar-la-votacion-en-el-senado\/#primaryimage\"},\"image\":{\"@id\":\"https:\/\/apuntesdesanluis.com\/index.php\/2024\/06\/10\/al-puntano-bartolome-abdala-podria-tocarle-desempatar-la-votacion-en-el-senado\/#primaryimage\"},\"thumbnailUrl\":\"https:\/\/apuntesdesanluis.com\/wp-content\/uploads\/2024\/06\/senador-bartolome-abdala.png\",\"datePublished\":\"2024-06-11T01:22:12+00:00\",\"dateModified\":\"2024-06-11T01:31:21+00:00\",\"breadcrumb\":{\"@id\":\"https:\/\/apuntesdesanluis.com\/index.php\/2024\/06\/10\/al-puntano-bartolome-abdala-podria-tocarle-desempatar-la-votacion-en-el-senado\/#breadcrumb\"},\"inLanguage\":\"es-AR\",\"potentialAction\":[{\"@type\":\"ReadAction\",\"target\":[\"https:\/\/apuntesdesanluis.com\/index.php\/2024\/06\/10\/al-puntano-bartolome-abdala-podria-tocarle-desempatar-la-votacion-en-el-senado\/\"]}]},{\"@type\":\"ImageObject\",\"inLanguage\":\"es-AR\",\"@id\":\"https:\/\/apuntesdesanluis.com\/index.php\/2024\/06\/10\/al-puntano-bartolome-abdala-podria-tocarle-desempatar-la-votacion-en-el-senado\/#primaryimage\",\"url\":\"https:\/\/apuntesdesanluis.com\/wp-content\/uploads\/2024\/06\/senador-bartolome-abdala.png\",\"contentUrl\":\"https:\/\/apuntesdesanluis.com\/wp-content\/uploads\/2024\/06\/senador-bartolome-abdala.png\",\"width\":745,\"height\":457},{\"@type\":\"BreadcrumbList\",\"@id\":\"https:\/\/apuntesdesanluis.com\/index.php\/2024\/06\/10\/al-puntano-bartolome-abdala-podria-tocarle-desempatar-la-votacion-en-el-senado\/#breadcrumb\",\"itemListElement\":[{\"@type\":\"ListItem\",\"position\":1,\"name\":\"Inicio\",\"item\":\"https:\/\/apuntesdesanluis.com\/\"},{\"@type\":\"ListItem\",\"position\":2,\"name\":\"AL PUNTANO BARTOLOM\u00c9 ABDALA PODR\u00cdA TOCARLE DESEMPATAR LA VOTACI\u00d3N EN EL SENADO\"}]},{\"@type\":\"WebSite\",\"@id\":\"https:\/\/apuntesdesanluis.com\/#website\",\"url\":\"https:\/\/apuntesdesanluis.com\/\",\"name\":\"Apuntes de San Luis\",\"description\":\"\",\"publisher\":{\"@id\":\"https:\/\/apuntesdesanluis.com\/#\/schema\/person\/b55151d52296fcce64d1a72538a70b90\"},\"potentialAction\":[{\"@type\":\"SearchAction\",\"target\":{\"@type\":\"EntryPoint\",\"urlTemplate\":\"https:\/\/apuntesdesanluis.com\/?s={search_term_string}\"},\"query-input\":{\"@type\":\"PropertyValueSpecification\",\"valueRequired\":true,\"valueName\":\"search_term_string\"}}],\"inLanguage\":\"es-AR\"},{\"@type\":[\"Person\",\"Organization\"],\"@id\":\"https:\/\/apuntesdesanluis.com\/#\/schema\/person\/b55151d52296fcce64d1a72538a70b90\",\"name\":\"apuntesdesanluis.com\",\"image\":{\"@type\":\"ImageObject\",\"inLanguage\":\"es-AR\",\"@id\":\"https:\/\/apuntesdesanluis.com\/#\/schema\/person\/image\/\",\"url\":\"https:\/\/apuntesdesanluis.com\/wp-content\/uploads\/2023\/07\/cropped-apuntesdesanluis.png\",\"contentUrl\":\"https:\/\/apuntesdesanluis.com\/wp-content\/uploads\/2023\/07\/cropped-apuntesdesanluis.png\",\"width\":450,\"height\":112,\"caption\":\"apuntesdesanluis.com\"},\"logo\":{\"@id\":\"https:\/\/apuntesdesanluis.com\/#\/schema\/person\/image\/\"},\"sameAs\":[\"https:\/\/apuntesdesanluis.com\"],\"url\":\"https:\/\/apuntesdesanluis.com\/index.php\/author\/apuntesdesanluis-com\/\"}]}<\/script>\n<!-- \/ Yoast SEO plugin. -->","yoast_head_json":{"title":"AL PUNTANO BARTOLOM\u00c9 ABDALA PODR\u00cdA TOCARLE DESEMPATAR LA VOTACI\u00d3N EN EL SENADO - Apuntes de San Luis","robots":{"index":"index","follow":"follow","max-snippet":"max-snippet:-1","max-image-preview":"max-image-preview:large","max-video-preview":"max-video-preview:-1"},"canonical":"https:\/\/apuntesdesanluis.com\/index.php\/2024\/06\/10\/al-puntano-bartolome-abdala-podria-tocarle-desempatar-la-votacion-en-el-senado\/","og_locale":"es_ES","og_type":"article","og_title":"AL PUNTANO BARTOLOM\u00c9 ABDALA PODR\u00cdA TOCARLE DESEMPATAR LA VOTACI\u00d3N EN EL SENADO - Apuntes de San Luis","og_description":"El gobierno entr\u00f3 en emergencia porque est\u00e1 rayando la ley bases con 36 votos, Victoria...","og_url":"https:\/\/apuntesdesanluis.com\/index.php\/2024\/06\/10\/al-puntano-bartolome-abdala-podria-tocarle-desempatar-la-votacion-en-el-senado\/","og_site_name":"Apuntes de San Luis","article_published_time":"2024-06-11T01:22:12+00:00","article_modified_time":"2024-06-11T01:31:21+00:00","og_image":[{"width":745,"height":457,"url":"https:\/\/apuntesdesanluis.com\/wp-content\/uploads\/2024\/06\/senador-bartolome-abdala.png","type":"image\/png"}],"author":"apuntesdesanluis.com","twitter_card":"summary_large_image","twitter_misc":{"Escrito por":"apuntesdesanluis.com","Tiempo de lectura":"3 minutos"},"schema":{"@context":"https:\/\/schema.org","@graph":[{"@type":"Article","@id":"https:\/\/apuntesdesanluis.com\/index.php\/2024\/06\/10\/al-puntano-bartolome-abdala-podria-tocarle-desempatar-la-votacion-en-el-senado\/#article","isPartOf":{"@id":"https:\/\/apuntesdesanluis.com\/index.php\/2024\/06\/10\/al-puntano-bartolome-abdala-podria-tocarle-desempatar-la-votacion-en-el-senado\/"},"author":{"name":"apuntesdesanluis.com","@id":"https:\/\/apuntesdesanluis.com\/#\/schema\/person\/b55151d52296fcce64d1a72538a70b90"},"headline":"AL PUNTANO BARTOLOM\u00c9 ABDALA PODR\u00cdA TOCARLE DESEMPATAR LA VOTACI\u00d3N EN EL SENADO","datePublished":"2024-06-11T01:22:12+00:00","dateModified":"2024-06-11T01:31:21+00:00","mainEntityOfPage":{"@id":"https:\/\/apuntesdesanluis.com\/index.php\/2024\/06\/10\/al-puntano-bartolome-abdala-podria-tocarle-desempatar-la-votacion-en-el-senado\/"},"wordCount":623,"publisher":{"@id":"https:\/\/apuntesdesanluis.com\/#\/schema\/person\/b55151d52296fcce64d1a72538a70b90"},"image":{"@id":"https:\/\/apuntesdesanluis.com\/index.php\/2024\/06\/10\/al-puntano-bartolome-abdala-podria-tocarle-desempatar-la-votacion-en-el-senado\/#primaryimage"},"thumbnailUrl":"https:\/\/apuntesdesanluis.com\/wp-content\/uploads\/2024\/06\/senador-bartolome-abdala.png","articleSection":["Nacionales\/Internacionales"],"inLanguage":"es-AR"},{"@type":"WebPage","@id":"https:\/\/apuntesdesanluis.com\/index.php\/2024\/06\/10\/al-puntano-bartolome-abdala-podria-tocarle-desempatar-la-votacion-en-el-senado\/","url":"https:\/\/apuntesdesanluis.com\/index.php\/2024\/06\/10\/al-puntano-bartolome-abdala-podria-tocarle-desempatar-la-votacion-en-el-senado\/","name":"AL PUNTANO BARTOLOM\u00c9 ABDALA PODR\u00cdA TOCARLE DESEMPATAR LA VOTACI\u00d3N EN EL SENADO - Apuntes de San Luis","isPartOf":{"@id":"https:\/\/apuntesdesanluis.com\/#website"},"primaryImageOfPage":{"@id":"https:\/\/apuntesdesanluis.com\/index.php\/2024\/06\/10\/al-puntano-bartolome-abdala-podria-tocarle-desempatar-la-votacion-en-el-senado\/#primaryimage"},"image":{"@id":"https:\/\/apuntesdesanluis.com\/index.php\/2024\/06\/10\/al-puntano-bartolome-abdala-podria-tocarle-desempatar-la-votacion-en-el-senado\/#primaryimage"},"thumbnailUrl":"https:\/\/apuntesdesanluis.com\/wp-content\/uploads\/2024\/06\/senador-bartolome-abdala.png","datePublished":"2024-06-11T01:22:12+00:00","dateModified":"2024-06-11T01:31:21+00:00","breadcrumb":{"@id":"https:\/\/apuntesdesanluis.com\/index.php\/2024\/06\/10\/al-puntano-bartolome-abdala-podria-tocarle-desempatar-la-votacion-en-el-senado\/#breadcrumb"},"inLanguage":"es-AR","potentialAction":[{"@type":"ReadAction","target":["https:\/\/apuntesdesanluis.com\/index.php\/2024\/06\/10\/al-puntano-bartolome-abdala-podria-tocarle-desempatar-la-votacion-en-el-senado\/"]}]},{"@type":"ImageObject","inLanguage":"es-AR","@id":"https:\/\/apuntesdesanluis.com\/index.php\/2024\/06\/10\/al-puntano-bartolome-abdala-podria-tocarle-desempatar-la-votacion-en-el-senado\/#primaryimage","url":"https:\/\/apuntesdesanluis.com\/wp-content\/uploads\/2024\/06\/senador-bartolome-abdala.png","contentUrl":"https:\/\/apuntesdesanluis.com\/wp-content\/uploads\/2024\/06\/senador-bartolome-abdala.png","width":745,"height":457},{"@type":"BreadcrumbList","@id":"https:\/\/apuntesdesanluis.com\/index.php\/2024\/06\/10\/al-puntano-bartolome-abdala-podria-tocarle-desempatar-la-votacion-en-el-senado\/#breadcrumb","itemListElement":[{"@type":"ListItem","position":1,"name":"Inicio","item":"https:\/\/apuntesdesanluis.com\/"},{"@type":"ListItem","position":2,"name":"AL PUNTANO BARTOLOM\u00c9 ABDALA PODR\u00cdA TOCARLE DESEMPATAR LA VOTACI\u00d3N EN EL SENADO"}]},{"@type":"WebSite","@id":"https:\/\/apuntesdesanluis.com\/#website","url":"https:\/\/apuntesdesanluis.com\/","name":"Apuntes de San Luis","description":"","publisher":{"@id":"https:\/\/apuntesdesanluis.com\/#\/schema\/person\/b55151d52296fcce64d1a72538a70b90"},"potentialAction":[{"@type":"SearchAction","target":{"@type":"EntryPoint","urlTemplate":"https:\/\/apuntesdesanluis.com\/?s={search_term_string}"},"query-input":{"@type":"PropertyValueSpecification","valueRequired":true,"valueName":"search_term_string"}}],"inLanguage":"es-AR"},{"@type":["Person","Organization"],"@id":"https:\/\/apuntesdesanluis.com\/#\/schema\/person\/b55151d52296fcce64d1a72538a70b90","name":"apuntesdesanluis.com","image":{"@type":"ImageObject","inLanguage":"es-AR","@id":"https:\/\/apuntesdesanluis.com\/#\/schema\/person\/image\/","url":"https:\/\/apuntesdesanluis.com\/wp-content\/uploads\/2023\/07\/cropped-apuntesdesanluis.png","contentUrl":"https:\/\/apuntesdesanluis.com\/wp-content\/uploads\/2023\/07\/cropped-apuntesdesanluis.png","width":450,"height":112,"caption":"apuntesdesanluis.com"},"logo":{"@id":"https:\/\/apuntesdesanluis.com\/#\/schema\/person\/image\/"},"sameAs":["https:\/\/apuntesdesanluis.com"],"url":"https:\/\/apuntesdesanluis.com\/index.php\/author\/apuntesdesanluis-com\/"}]}},"featured_image_urls":{"full":["https:\/\/apuntesdesanluis.com\/wp-content\/uploads\/2024\/06\/senador-bartolome-abdala.png",745,457,false],"thumbnail":["https:\/\/apuntesdesanluis.com\/wp-content\/uploads\/2024\/06\/senador-bartolome-abdala-150x150.png",150,150,true],"medium":["https:\/\/apuntesdesanluis.com\/wp-content\/uploads\/2024\/06\/senador-bartolome-abdala-300x184.png",300,184,true],"medium_large":["https:\/\/apuntesdesanluis.com\/wp-content\/uploads\/2024\/06\/senador-bartolome-abdala.png",640,393,false],"large":["https:\/\/apuntesdesanluis.com\/wp-content\/uploads\/2024\/06\/senador-bartolome-abdala.png",640,393,false],"1536x1536":["https:\/\/apuntesdesanluis.com\/wp-content\/uploads\/2024\/06\/senador-bartolome-abdala.png",745,457,false],"2048x2048":["https:\/\/apuntesdesanluis.com\/wp-content\/uploads\/2024\/06\/senador-bartolome-abdala.png",745,457,false],"newsever-slider-full":["https:\/\/apuntesdesanluis.com\/wp-content\/uploads\/2024\/06\/senador-bartolome-abdala.png",745,457,false],"newsever-featured":["https:\/\/apuntesdesanluis.com\/wp-content\/uploads\/2024\/06\/senador-bartolome-abdala.png",745,457,false],"newsever-medium":["https:\/\/apuntesdesanluis.com\/wp-content\/uploads\/2024\/06\/senador-bartolome-abdala-720x457.png",720,457,true]},"author_info":{"display_name":"apuntesdesanluis.com","author_link":"https:\/\/apuntesdesanluis.com\/index.php\/author\/apuntesdesanluis-com\/"},"category_info":"<a href=\"https:\/\/apuntesdesanluis.com\/index.php\/category\/nacionales-internacionales\/\" rel=\"category tag\">Nacionales\/Internacionales<\/a>","tag_info":"Nacionales\/Internacionales","comment_count":"0","_links":{"self":[{"href":"https:\/\/apuntesdesanluis.com\/index.php\/wp-json\/wp\/v2\/posts\/17665","targetHints":{"allow":["GET"]}}],"collection":[{"href":"https:\/\/apuntesdesanluis.com\/index.php\/wp-json\/wp\/v2\/posts"}],"about":[{"href":"https:\/\/apuntesdesanluis.com\/index.php\/wp-json\/wp\/v2\/types\/post"}],"author":[{"embeddable":true,"href":"https:\/\/apuntesdesanluis.com\/index.php\/wp-json\/wp\/v2\/users\/1"}],"replies":[{"embeddable":true,"href":"https:\/\/apuntesdesanluis.com\/index.php\/wp-json\/wp\/v2\/comments?post=17665"}],"version-history":[{"count":5,"href":"https:\/\/apuntesdesanluis.com\/index.php\/wp-json\/wp\/v2\/posts\/17665\/revisions"}],"predecessor-version":[{"id":17673,"href":"https:\/\/apuntesdesanluis.com\/index.php\/wp-json\/wp\/v2\/posts\/17665\/revisions\/17673"}],"wp:featuredmedia":[{"embeddable":true,"href":"https:\/\/apuntesdesanluis.com\/index.php\/wp-json\/wp\/v2\/media\/17666"}],"wp:attachment":[{"href":"https:\/\/apuntesdesanluis.com\/index.php\/wp-json\/wp\/v2\/media?parent=17665"}],"wp:term":[{"taxonomy":"category","embeddable":true,"href":"https:\/\/apuntesdesanluis.com\/index.php\/wp-json\/wp\/v2\/categories?post=17665"},{"taxonomy":"post_tag","embeddable":true,"href":"https:\/\/apuntesdesanluis.com\/index.php\/wp-json\/wp\/v2\/tags?post=17665"}],"curies":[{"name":"wp","href":"https:\/\/api.w.org\/{rel}","templated":true}]}}