{"id":17675,"date":"2024-06-10T22:40:41","date_gmt":"2024-06-11T01:40:41","guid":{"rendered":"https:\/\/apuntesdesanluis.com\/?p=17675"},"modified":"2024-06-10T22:43:07","modified_gmt":"2024-06-11T01:43:07","slug":"en-el-dia-nacional-de-la-seguridad-vial-renuncio-la-directora-de-la-agencia-nacional-de-seguridad-vial","status":"publish","type":"post","link":"https:\/\/apuntesdesanluis.com\/index.php\/2024\/06\/10\/en-el-dia-nacional-de-la-seguridad-vial-renuncio-la-directora-de-la-agencia-nacional-de-seguridad-vial\/","title":{"rendered":"EN EL D\u00cdA NACIONAL DE LA SEGURIDAD VIAL&#8230; RENUNCI\u00d3 LA DIRECTORA DE LA AGENCIA NACIONAL DE SEGURIDAD VIAL"},"content":{"rendered":"<h3>La Agencia Nacional de Seguridad Vial registrar\u00e1 cambios en su conducci\u00f3n en las pr\u00f3ximas horas, tras cumplirse seis meses de la llegada del nuevo Gobierno. La Directora Ejecutiva del organismo, <strong>Daniela Ort\u00edz<\/strong>, renunci\u00f3 a su cargo, en medio de un reacomodamiento de la gesti\u00f3n, que implica modificaciones en casi todas las \u00e1reas.<\/h3>\n<h3>Ort\u00edz puso a disposici\u00f3n su renuncia este lunes 10 de junio, aunque permanecer\u00e1 al frente del \u00e1rea encargada de la prevenci\u00f3n de la accidentolog\u00eda v\u00edal mientras asume su reemplazo, que quedar\u00eda definido oficialmente en los pr\u00f3ximos d\u00edas.<\/h3>\n<h3>La novedad se produjo, casualmente, en una fecha significativa para la ANSV. Este lunes se conmemora en la Argentina el D\u00eda Nacional de la Seguridad Vial. En ese contexto, la Asociaci\u00f3n Civil Madres del Dolor, que re\u00fane a familiares de v\u00edctimas de siniestros viales, hab\u00eda solicitado un encuentro con los funcionarios del \u00e1rea responsable del dise\u00f1o de pol\u00edticas p\u00fablicas para la prevenci\u00f3n de accidentes. Pese a la importancia y el peso espec\u00edfico de la mencionada Organizaci\u00f3n No Gubernamental, dada su trayectoria, Ortiz hab\u00eda negado la posibilidad de un encuentro.<\/h3>\n<h3>No obstante, la reuni\u00f3n se produjo. <strong>Vivian Perrone<\/strong>, titular de Madres del Dolor, fue recibida por el secretario de Transporte de la Naci\u00f3n, <strong>Franco Mogetta<\/strong>, quien destac\u00f3 su labor. \u201cHablamos sobre el enorme trabajo que realizan para poder promover pol\u00edticas p\u00fablicas que prevengan los siniestros viales\u201d, cont\u00f3 luego en sus redes sociales el Secretario.<\/h3>\n<p><img fetchpriority=\"high\" decoding=\"async\" class=\"wp-image-17679 aligncenter\" src=\"https:\/\/apuntesdesanluis.com\/wp-content\/uploads\/2024\/06\/MADRES-DEL-DOLOR-300x199.png\" alt=\"\" width=\"715\" height=\"474\" srcset=\"https:\/\/apuntesdesanluis.com\/wp-content\/uploads\/2024\/06\/MADRES-DEL-DOLOR-300x199.png 300w, https:\/\/apuntesdesanluis.com\/wp-content\/uploads\/2024\/06\/MADRES-DEL-DOLOR.png 708w\" sizes=\"(max-width: 715px) 100vw, 715px\" \/><\/p>\n<h3>La salida de la funcionaria se encadena en la serie de movimientos que tuvieron lugar en el Poder Ejecutivo luego de la renuncia del jefe de Gabinete, Nicol\u00e1s Posse. Con el ex coordinador de ministros fuera del Ejecutivo, numerosas \u00e1reas reperfilaron su impronta de gesti\u00f3n, con el consecuente recambio de nombres. Ese fue el caso de la ANSV.<\/h3>\n<h3>En efecto, de acuerdo a la informaci\u00f3n relevada por el organismo en Argentina, en el a\u00f1o 2023, murieron 12 personas por d\u00eda en siniestros viales, seg\u00fan las estad\u00edsticas anuales elaboradas por la Direcci\u00f3n de Estad\u00edstica Vial del Observatorio Vial de la ANSV.<\/h3>\n<h3>\u201cPara cambiar esta realidad, el organismo se propone, a corto y largo plazo, y a partir de datos precisos y confiables, implementar pol\u00edticas p\u00fablicas que generen menos muertos y heridos. Los siniestros viales en Argentina son una problem\u00e1tica. Esta realidad indica que se deben tomar medidas serias y adecuadas que tengan un sustento basado en datos confiables y precisos\u201d, difundi\u00f3 el organismo nacional.<\/h3>\n<h3><strong>12 MUERTOS POR D\u00cdA EN 2023<\/strong><\/h3>\n<h3>A su vez, la ANSV resalt\u00f3 la importancia de la informaci\u00f3n proporcionada por las provincias. \u201cSon la clave para implementar estrategias y acciones de prevenci\u00f3n, concientizaci\u00f3n, educaci\u00f3n y control, destinadas a reducir los siniestros viales y sus consecuencias\u201d, indicaron.<\/h3>\n<h3>Las estad\u00edsticas 2023 oficiales (aunque a\u00fan son parciales y preliminares) reflejan que 4.369 personas murieron en 3.642 siniestros viales en todo el territorio nacional. De este total, se desprende que la mayor cantidad de fallecidos fueron motociclistas, siendo 4 de cada 10 de las v\u00edctimas fatales (40%). En regiones como en el NOA y en el NEA, la mortalidad de los motociclistas aumenta al 58% y 59% del total de las v\u00edctimas, respectivamente.<\/h3>\n<h3>En segundo lugar &#8211; agregaron -, el tipo de usuario con m\u00e1s v\u00edctimas fueron quienes se trasladaban en auto (25%), seguido por peatones (10%). En cuanto al rango de edad, el 38% fueron personas de entre 15 y 34 a\u00f1os y, de acuerdo al g\u00e9nero, el 75% fueron hombres.<\/h3>\n<h3>Sobre la caracterizaci\u00f3n de los siniestros viales fatales, el 53% fueron por colisi\u00f3n, el 12% por vuelcos y el 11% por atropellamiento de peatones. El 46% de los hechos viales ocurrieron en rutas (mayormente nacionales) y de acuerdo a la franja horaria, sucedieron casi en porcentajes iguales, tanto de d\u00eda como de noche.<\/h3>\n<h3>\u201cEstos datos son el resultado de un trabajo coordinado con las provincias, y permiten tener fuentes demostrables y una metodolog\u00eda con rigurosidad cient\u00edfica. Se trata de datos parciales y preliminares, que son de acceso p\u00fablico y est\u00e1n disponibles para toda la ciudadan\u00eda en el sitio web del organismo nacional\u201d, destacaron desde la Agencia.<\/h3>\n<h3>y A modo de conclusi\u00f3n, rese\u00f1an: \u201cLa siniestralidad vial es un fen\u00f3meno multifactorial que puede darse por la imprudencia de los conductores, el mal estado de las v\u00edas, la distracci\u00f3n de quienes van al volante y la falta de conocimiento sobre la conducci\u00f3n segura, o bien, por una combinaci\u00f3n de todo esto. Las soluciones, por su parte, requieren del compromiso de organismos nacionales, provinciales y municipales, adem\u00e1s de la participaci\u00f3n activa de organizaciones de la sociedad civil y medios de comunicaci\u00f3n. Solo con la intervenci\u00f3n de esta multiplicidad de actores en conjunto es que se podr\u00e1 lograr concientizar a la sociedad, prevenir siniestros y revertir estos n\u00fameros que preocupan\u201d.<\/h3>\n<p>&nbsp;<\/p>\n<p>&nbsp;<\/p>\n<p>&nbsp;<\/p>\n","protected":false},"excerpt":{"rendered":"<p>La Agencia Nacional de Seguridad Vial registrar\u00e1 cambios en su conducci\u00f3n en las pr\u00f3ximas horas,&#8230;<\/p>\n","protected":false},"author":1,"featured_media":17676,"comment_status":"closed","ping_status":"closed","sticky":false,"template":"","format":"standard","meta":{"footnotes":""},"categories":[5],"tags":[],"class_list":["post-17675","post","type-post","status-publish","format-standard","has-post-thumbnail","hentry","category-nacionales-internacionales"],"yoast_head":"<!-- This site is optimized with the Yoast SEO plugin v26.1.1 - https:\/\/yoast.com\/wordpress\/plugins\/seo\/ -->\n<title>EN EL D\u00cdA NACIONAL DE LA SEGURIDAD VIAL... RENUNCI\u00d3 LA DIRECTORA DE LA AGENCIA NACIONAL DE SEGURIDAD VIAL - Apuntes de San Luis<\/title>\n<meta name=\"robots\" content=\"index, follow, max-snippet:-1, max-image-preview:large, max-video-preview:-1\" \/>\n<link rel=\"canonical\" href=\"https:\/\/apuntesdesanluis.com\/index.php\/2024\/06\/10\/en-el-dia-nacional-de-la-seguridad-vial-renuncio-la-directora-de-la-agencia-nacional-de-seguridad-vial\/\" \/>\n<meta property=\"og:locale\" content=\"es_ES\" \/>\n<meta property=\"og:type\" content=\"article\" \/>\n<meta property=\"og:title\" content=\"EN EL D\u00cdA NACIONAL DE LA SEGURIDAD VIAL... RENUNCI\u00d3 LA DIRECTORA DE LA AGENCIA NACIONAL DE SEGURIDAD VIAL - Apuntes de San Luis\" \/>\n<meta property=\"og:description\" content=\"La Agencia Nacional de Seguridad Vial registrar\u00e1 cambios en su conducci\u00f3n en las pr\u00f3ximas horas,...\" \/>\n<meta property=\"og:url\" content=\"https:\/\/apuntesdesanluis.com\/index.php\/2024\/06\/10\/en-el-dia-nacional-de-la-seguridad-vial-renuncio-la-directora-de-la-agencia-nacional-de-seguridad-vial\/\" \/>\n<meta property=\"og:site_name\" content=\"Apuntes de San Luis\" \/>\n<meta property=\"article:published_time\" content=\"2024-06-11T01:40:41+00:00\" \/>\n<meta property=\"article:modified_time\" content=\"2024-06-11T01:43:07+00:00\" \/>\n<meta property=\"og:image\" content=\"https:\/\/apuntesdesanluis.com\/wp-content\/uploads\/2024\/06\/daniela-ortiz.png\" \/>\n\t<meta property=\"og:image:width\" content=\"712\" \/>\n\t<meta property=\"og:image:height\" content=\"443\" \/>\n\t<meta property=\"og:image:type\" content=\"image\/png\" \/>\n<meta name=\"author\" content=\"apuntesdesanluis.com\" \/>\n<meta name=\"twitter:card\" content=\"summary_large_image\" \/>\n<meta name=\"twitter:label1\" content=\"Escrito por\" \/>\n\t<meta name=\"twitter:data1\" content=\"apuntesdesanluis.com\" \/>\n\t<meta name=\"twitter:label2\" content=\"Tiempo de lectura\" \/>\n\t<meta name=\"twitter:data2\" content=\"4 minutos\" \/>\n<script type=\"application\/ld+json\" class=\"yoast-schema-graph\">{\"@context\":\"https:\/\/schema.org\",\"@graph\":[{\"@type\":\"Article\",\"@id\":\"https:\/\/apuntesdesanluis.com\/index.php\/2024\/06\/10\/en-el-dia-nacional-de-la-seguridad-vial-renuncio-la-directora-de-la-agencia-nacional-de-seguridad-vial\/#article\",\"isPartOf\":{\"@id\":\"https:\/\/apuntesdesanluis.com\/index.php\/2024\/06\/10\/en-el-dia-nacional-de-la-seguridad-vial-renuncio-la-directora-de-la-agencia-nacional-de-seguridad-vial\/\"},\"author\":{\"name\":\"apuntesdesanluis.com\",\"@id\":\"https:\/\/apuntesdesanluis.com\/#\/schema\/person\/b55151d52296fcce64d1a72538a70b90\"},\"headline\":\"EN EL D\u00cdA NACIONAL DE LA SEGURIDAD VIAL&#8230; RENUNCI\u00d3 LA DIRECTORA DE LA AGENCIA NACIONAL DE SEGURIDAD VIAL\",\"datePublished\":\"2024-06-11T01:40:41+00:00\",\"dateModified\":\"2024-06-11T01:43:07+00:00\",\"mainEntityOfPage\":{\"@id\":\"https:\/\/apuntesdesanluis.com\/index.php\/2024\/06\/10\/en-el-dia-nacional-de-la-seguridad-vial-renuncio-la-directora-de-la-agencia-nacional-de-seguridad-vial\/\"},\"wordCount\":849,\"publisher\":{\"@id\":\"https:\/\/apuntesdesanluis.com\/#\/schema\/person\/b55151d52296fcce64d1a72538a70b90\"},\"image\":{\"@id\":\"https:\/\/apuntesdesanluis.com\/index.php\/2024\/06\/10\/en-el-dia-nacional-de-la-seguridad-vial-renuncio-la-directora-de-la-agencia-nacional-de-seguridad-vial\/#primaryimage\"},\"thumbnailUrl\":\"https:\/\/apuntesdesanluis.com\/wp-content\/uploads\/2024\/06\/daniela-ortiz.png\",\"articleSection\":[\"Nacionales\/Internacionales\"],\"inLanguage\":\"es-AR\"},{\"@type\":\"WebPage\",\"@id\":\"https:\/\/apuntesdesanluis.com\/index.php\/2024\/06\/10\/en-el-dia-nacional-de-la-seguridad-vial-renuncio-la-directora-de-la-agencia-nacional-de-seguridad-vial\/\",\"url\":\"https:\/\/apuntesdesanluis.com\/index.php\/2024\/06\/10\/en-el-dia-nacional-de-la-seguridad-vial-renuncio-la-directora-de-la-agencia-nacional-de-seguridad-vial\/\",\"name\":\"EN EL D\u00cdA NACIONAL DE LA SEGURIDAD VIAL... RENUNCI\u00d3 LA DIRECTORA DE LA AGENCIA NACIONAL DE SEGURIDAD VIAL - Apuntes de San Luis\",\"isPartOf\":{\"@id\":\"https:\/\/apuntesdesanluis.com\/#website\"},\"primaryImageOfPage\":{\"@id\":\"https:\/\/apuntesdesanluis.com\/index.php\/2024\/06\/10\/en-el-dia-nacional-de-la-seguridad-vial-renuncio-la-directora-de-la-agencia-nacional-de-seguridad-vial\/#primaryimage\"},\"image\":{\"@id\":\"https:\/\/apuntesdesanluis.com\/index.php\/2024\/06\/10\/en-el-dia-nacional-de-la-seguridad-vial-renuncio-la-directora-de-la-agencia-nacional-de-seguridad-vial\/#primaryimage\"},\"thumbnailUrl\":\"https:\/\/apuntesdesanluis.com\/wp-content\/uploads\/2024\/06\/daniela-ortiz.png\",\"datePublished\":\"2024-06-11T01:40:41+00:00\",\"dateModified\":\"2024-06-11T01:43:07+00:00\",\"breadcrumb\":{\"@id\":\"https:\/\/apuntesdesanluis.com\/index.php\/2024\/06\/10\/en-el-dia-nacional-de-la-seguridad-vial-renuncio-la-directora-de-la-agencia-nacional-de-seguridad-vial\/#breadcrumb\"},\"inLanguage\":\"es-AR\",\"potentialAction\":[{\"@type\":\"ReadAction\",\"target\":[\"https:\/\/apuntesdesanluis.com\/index.php\/2024\/06\/10\/en-el-dia-nacional-de-la-seguridad-vial-renuncio-la-directora-de-la-agencia-nacional-de-seguridad-vial\/\"]}]},{\"@type\":\"ImageObject\",\"inLanguage\":\"es-AR\",\"@id\":\"https:\/\/apuntesdesanluis.com\/index.php\/2024\/06\/10\/en-el-dia-nacional-de-la-seguridad-vial-renuncio-la-directora-de-la-agencia-nacional-de-seguridad-vial\/#primaryimage\",\"url\":\"https:\/\/apuntesdesanluis.com\/wp-content\/uploads\/2024\/06\/daniela-ortiz.png\",\"contentUrl\":\"https:\/\/apuntesdesanluis.com\/wp-content\/uploads\/2024\/06\/daniela-ortiz.png\",\"width\":712,\"height\":443},{\"@type\":\"BreadcrumbList\",\"@id\":\"https:\/\/apuntesdesanluis.com\/index.php\/2024\/06\/10\/en-el-dia-nacional-de-la-seguridad-vial-renuncio-la-directora-de-la-agencia-nacional-de-seguridad-vial\/#breadcrumb\",\"itemListElement\":[{\"@type\":\"ListItem\",\"position\":1,\"name\":\"Inicio\",\"item\":\"https:\/\/apuntesdesanluis.com\/\"},{\"@type\":\"ListItem\",\"position\":2,\"name\":\"EN EL D\u00cdA NACIONAL DE LA SEGURIDAD VIAL&#8230; RENUNCI\u00d3 LA DIRECTORA DE LA AGENCIA NACIONAL DE SEGURIDAD VIAL\"}]},{\"@type\":\"WebSite\",\"@id\":\"https:\/\/apuntesdesanluis.com\/#website\",\"url\":\"https:\/\/apuntesdesanluis.com\/\",\"name\":\"Apuntes de San Luis\",\"description\":\"\",\"publisher\":{\"@id\":\"https:\/\/apuntesdesanluis.com\/#\/schema\/person\/b55151d52296fcce64d1a72538a70b90\"},\"potentialAction\":[{\"@type\":\"SearchAction\",\"target\":{\"@type\":\"EntryPoint\",\"urlTemplate\":\"https:\/\/apuntesdesanluis.com\/?s={search_term_string}\"},\"query-input\":{\"@type\":\"PropertyValueSpecification\",\"valueRequired\":true,\"valueName\":\"search_term_string\"}}],\"inLanguage\":\"es-AR\"},{\"@type\":[\"Person\",\"Organization\"],\"@id\":\"https:\/\/apuntesdesanluis.com\/#\/schema\/person\/b55151d52296fcce64d1a72538a70b90\",\"name\":\"apuntesdesanluis.com\",\"image\":{\"@type\":\"ImageObject\",\"inLanguage\":\"es-AR\",\"@id\":\"https:\/\/apuntesdesanluis.com\/#\/schema\/person\/image\/\",\"url\":\"https:\/\/apuntesdesanluis.com\/wp-content\/uploads\/2023\/07\/cropped-apuntesdesanluis.png\",\"contentUrl\":\"https:\/\/apuntesdesanluis.com\/wp-content\/uploads\/2023\/07\/cropped-apuntesdesanluis.png\",\"width\":450,\"height\":112,\"caption\":\"apuntesdesanluis.com\"},\"logo\":{\"@id\":\"https:\/\/apuntesdesanluis.com\/#\/schema\/person\/image\/\"},\"sameAs\":[\"https:\/\/apuntesdesanluis.com\"],\"url\":\"https:\/\/apuntesdesanluis.com\/index.php\/author\/apuntesdesanluis-com\/\"}]}<\/script>\n<!-- \/ Yoast SEO plugin. -->","yoast_head_json":{"title":"EN EL D\u00cdA NACIONAL DE LA SEGURIDAD VIAL... RENUNCI\u00d3 LA DIRECTORA DE LA AGENCIA NACIONAL DE SEGURIDAD VIAL - Apuntes de San Luis","robots":{"index":"index","follow":"follow","max-snippet":"max-snippet:-1","max-image-preview":"max-image-preview:large","max-video-preview":"max-video-preview:-1"},"canonical":"https:\/\/apuntesdesanluis.com\/index.php\/2024\/06\/10\/en-el-dia-nacional-de-la-seguridad-vial-renuncio-la-directora-de-la-agencia-nacional-de-seguridad-vial\/","og_locale":"es_ES","og_type":"article","og_title":"EN EL D\u00cdA NACIONAL DE LA SEGURIDAD VIAL... RENUNCI\u00d3 LA DIRECTORA DE LA AGENCIA NACIONAL DE SEGURIDAD VIAL - Apuntes de San Luis","og_description":"La Agencia Nacional de Seguridad Vial registrar\u00e1 cambios en su conducci\u00f3n en las pr\u00f3ximas horas,...","og_url":"https:\/\/apuntesdesanluis.com\/index.php\/2024\/06\/10\/en-el-dia-nacional-de-la-seguridad-vial-renuncio-la-directora-de-la-agencia-nacional-de-seguridad-vial\/","og_site_name":"Apuntes de San Luis","article_published_time":"2024-06-11T01:40:41+00:00","article_modified_time":"2024-06-11T01:43:07+00:00","og_image":[{"width":712,"height":443,"url":"https:\/\/apuntesdesanluis.com\/wp-content\/uploads\/2024\/06\/daniela-ortiz.png","type":"image\/png"}],"author":"apuntesdesanluis.com","twitter_card":"summary_large_image","twitter_misc":{"Escrito por":"apuntesdesanluis.com","Tiempo de lectura":"4 minutos"},"schema":{"@context":"https:\/\/schema.org","@graph":[{"@type":"Article","@id":"https:\/\/apuntesdesanluis.com\/index.php\/2024\/06\/10\/en-el-dia-nacional-de-la-seguridad-vial-renuncio-la-directora-de-la-agencia-nacional-de-seguridad-vial\/#article","isPartOf":{"@id":"https:\/\/apuntesdesanluis.com\/index.php\/2024\/06\/10\/en-el-dia-nacional-de-la-seguridad-vial-renuncio-la-directora-de-la-agencia-nacional-de-seguridad-vial\/"},"author":{"name":"apuntesdesanluis.com","@id":"https:\/\/apuntesdesanluis.com\/#\/schema\/person\/b55151d52296fcce64d1a72538a70b90"},"headline":"EN EL D\u00cdA NACIONAL DE LA SEGURIDAD VIAL&#8230; RENUNCI\u00d3 LA DIRECTORA DE LA AGENCIA NACIONAL DE SEGURIDAD VIAL","datePublished":"2024-06-11T01:40:41+00:00","dateModified":"2024-06-11T01:43:07+00:00","mainEntityOfPage":{"@id":"https:\/\/apuntesdesanluis.com\/index.php\/2024\/06\/10\/en-el-dia-nacional-de-la-seguridad-vial-renuncio-la-directora-de-la-agencia-nacional-de-seguridad-vial\/"},"wordCount":849,"publisher":{"@id":"https:\/\/apuntesdesanluis.com\/#\/schema\/person\/b55151d52296fcce64d1a72538a70b90"},"image":{"@id":"https:\/\/apuntesdesanluis.com\/index.php\/2024\/06\/10\/en-el-dia-nacional-de-la-seguridad-vial-renuncio-la-directora-de-la-agencia-nacional-de-seguridad-vial\/#primaryimage"},"thumbnailUrl":"https:\/\/apuntesdesanluis.com\/wp-content\/uploads\/2024\/06\/daniela-ortiz.png","articleSection":["Nacionales\/Internacionales"],"inLanguage":"es-AR"},{"@type":"WebPage","@id":"https:\/\/apuntesdesanluis.com\/index.php\/2024\/06\/10\/en-el-dia-nacional-de-la-seguridad-vial-renuncio-la-directora-de-la-agencia-nacional-de-seguridad-vial\/","url":"https:\/\/apuntesdesanluis.com\/index.php\/2024\/06\/10\/en-el-dia-nacional-de-la-seguridad-vial-renuncio-la-directora-de-la-agencia-nacional-de-seguridad-vial\/","name":"EN EL D\u00cdA NACIONAL DE LA SEGURIDAD VIAL... RENUNCI\u00d3 LA DIRECTORA DE LA AGENCIA NACIONAL DE SEGURIDAD VIAL - Apuntes de San Luis","isPartOf":{"@id":"https:\/\/apuntesdesanluis.com\/#website"},"primaryImageOfPage":{"@id":"https:\/\/apuntesdesanluis.com\/index.php\/2024\/06\/10\/en-el-dia-nacional-de-la-seguridad-vial-renuncio-la-directora-de-la-agencia-nacional-de-seguridad-vial\/#primaryimage"},"image":{"@id":"https:\/\/apuntesdesanluis.com\/index.php\/2024\/06\/10\/en-el-dia-nacional-de-la-seguridad-vial-renuncio-la-directora-de-la-agencia-nacional-de-seguridad-vial\/#primaryimage"},"thumbnailUrl":"https:\/\/apuntesdesanluis.com\/wp-content\/uploads\/2024\/06\/daniela-ortiz.png","datePublished":"2024-06-11T01:40:41+00:00","dateModified":"2024-06-11T01:43:07+00:00","breadcrumb":{"@id":"https:\/\/apuntesdesanluis.com\/index.php\/2024\/06\/10\/en-el-dia-nacional-de-la-seguridad-vial-renuncio-la-directora-de-la-agencia-nacional-de-seguridad-vial\/#breadcrumb"},"inLanguage":"es-AR","potentialAction":[{"@type":"ReadAction","target":["https:\/\/apuntesdesanluis.com\/index.php\/2024\/06\/10\/en-el-dia-nacional-de-la-seguridad-vial-renuncio-la-directora-de-la-agencia-nacional-de-seguridad-vial\/"]}]},{"@type":"ImageObject","inLanguage":"es-AR","@id":"https:\/\/apuntesdesanluis.com\/index.php\/2024\/06\/10\/en-el-dia-nacional-de-la-seguridad-vial-renuncio-la-directora-de-la-agencia-nacional-de-seguridad-vial\/#primaryimage","url":"https:\/\/apuntesdesanluis.com\/wp-content\/uploads\/2024\/06\/daniela-ortiz.png","contentUrl":"https:\/\/apuntesdesanluis.com\/wp-content\/uploads\/2024\/06\/daniela-ortiz.png","width":712,"height":443},{"@type":"BreadcrumbList","@id":"https:\/\/apuntesdesanluis.com\/index.php\/2024\/06\/10\/en-el-dia-nacional-de-la-seguridad-vial-renuncio-la-directora-de-la-agencia-nacional-de-seguridad-vial\/#breadcrumb","itemListElement":[{"@type":"ListItem","position":1,"name":"Inicio","item":"https:\/\/apuntesdesanluis.com\/"},{"@type":"ListItem","position":2,"name":"EN EL D\u00cdA NACIONAL DE LA SEGURIDAD VIAL&#8230; RENUNCI\u00d3 LA DIRECTORA DE LA AGENCIA NACIONAL DE SEGURIDAD VIAL"}]},{"@type":"WebSite","@id":"https:\/\/apuntesdesanluis.com\/#website","url":"https:\/\/apuntesdesanluis.com\/","name":"Apuntes de San Luis","description":"","publisher":{"@id":"https:\/\/apuntesdesanluis.com\/#\/schema\/person\/b55151d52296fcce64d1a72538a70b90"},"potentialAction":[{"@type":"SearchAction","target":{"@type":"EntryPoint","urlTemplate":"https:\/\/apuntesdesanluis.com\/?s={search_term_string}"},"query-input":{"@type":"PropertyValueSpecification","valueRequired":true,"valueName":"search_term_string"}}],"inLanguage":"es-AR"},{"@type":["Person","Organization"],"@id":"https:\/\/apuntesdesanluis.com\/#\/schema\/person\/b55151d52296fcce64d1a72538a70b90","name":"apuntesdesanluis.com","image":{"@type":"ImageObject","inLanguage":"es-AR","@id":"https:\/\/apuntesdesanluis.com\/#\/schema\/person\/image\/","url":"https:\/\/apuntesdesanluis.com\/wp-content\/uploads\/2023\/07\/cropped-apuntesdesanluis.png","contentUrl":"https:\/\/apuntesdesanluis.com\/wp-content\/uploads\/2023\/07\/cropped-apuntesdesanluis.png","width":450,"height":112,"caption":"apuntesdesanluis.com"},"logo":{"@id":"https:\/\/apuntesdesanluis.com\/#\/schema\/person\/image\/"},"sameAs":["https:\/\/apuntesdesanluis.com"],"url":"https:\/\/apuntesdesanluis.com\/index.php\/author\/apuntesdesanluis-com\/"}]}},"featured_image_urls":{"full":["https:\/\/apuntesdesanluis.com\/wp-content\/uploads\/2024\/06\/daniela-ortiz.png",712,443,false],"thumbnail":["https:\/\/apuntesdesanluis.com\/wp-content\/uploads\/2024\/06\/daniela-ortiz-150x150.png",150,150,true],"medium":["https:\/\/apuntesdesanluis.com\/wp-content\/uploads\/2024\/06\/daniela-ortiz-300x187.png",300,187,true],"medium_large":["https:\/\/apuntesdesanluis.com\/wp-content\/uploads\/2024\/06\/daniela-ortiz.png",640,398,false],"large":["https:\/\/apuntesdesanluis.com\/wp-content\/uploads\/2024\/06\/daniela-ortiz.png",640,398,false],"1536x1536":["https:\/\/apuntesdesanluis.com\/wp-content\/uploads\/2024\/06\/daniela-ortiz.png",712,443,false],"2048x2048":["https:\/\/apuntesdesanluis.com\/wp-content\/uploads\/2024\/06\/daniela-ortiz.png",712,443,false],"newsever-slider-full":["https:\/\/apuntesdesanluis.com\/wp-content\/uploads\/2024\/06\/daniela-ortiz.png",712,443,false],"newsever-featured":["https:\/\/apuntesdesanluis.com\/wp-content\/uploads\/2024\/06\/daniela-ortiz.png",712,443,false],"newsever-medium":["https:\/\/apuntesdesanluis.com\/wp-content\/uploads\/2024\/06\/daniela-ortiz.png",712,443,false]},"author_info":{"display_name":"apuntesdesanluis.com","author_link":"https:\/\/apuntesdesanluis.com\/index.php\/author\/apuntesdesanluis-com\/"},"category_info":"<a href=\"https:\/\/apuntesdesanluis.com\/index.php\/category\/nacionales-internacionales\/\" rel=\"category tag\">Nacionales\/Internacionales<\/a>","tag_info":"Nacionales\/Internacionales","comment_count":"0","_links":{"self":[{"href":"https:\/\/apuntesdesanluis.com\/index.php\/wp-json\/wp\/v2\/posts\/17675","targetHints":{"allow":["GET"]}}],"collection":[{"href":"https:\/\/apuntesdesanluis.com\/index.php\/wp-json\/wp\/v2\/posts"}],"about":[{"href":"https:\/\/apuntesdesanluis.com\/index.php\/wp-json\/wp\/v2\/types\/post"}],"author":[{"embeddable":true,"href":"https:\/\/apuntesdesanluis.com\/index.php\/wp-json\/wp\/v2\/users\/1"}],"replies":[{"embeddable":true,"href":"https:\/\/apuntesdesanluis.com\/index.php\/wp-json\/wp\/v2\/comments?post=17675"}],"version-history":[{"count":2,"href":"https:\/\/apuntesdesanluis.com\/index.php\/wp-json\/wp\/v2\/posts\/17675\/revisions"}],"predecessor-version":[{"id":17680,"href":"https:\/\/apuntesdesanluis.com\/index.php\/wp-json\/wp\/v2\/posts\/17675\/revisions\/17680"}],"wp:featuredmedia":[{"embeddable":true,"href":"https:\/\/apuntesdesanluis.com\/index.php\/wp-json\/wp\/v2\/media\/17676"}],"wp:attachment":[{"href":"https:\/\/apuntesdesanluis.com\/index.php\/wp-json\/wp\/v2\/media?parent=17675"}],"wp:term":[{"taxonomy":"category","embeddable":true,"href":"https:\/\/apuntesdesanluis.com\/index.php\/wp-json\/wp\/v2\/categories?post=17675"},{"taxonomy":"post_tag","embeddable":true,"href":"https:\/\/apuntesdesanluis.com\/index.php\/wp-json\/wp\/v2\/tags?post=17675"}],"curies":[{"name":"wp","href":"https:\/\/api.w.org\/{rel}","templated":true}]}}