{"id":17688,"date":"2024-06-11T18:15:35","date_gmt":"2024-06-11T21:15:35","guid":{"rendered":"https:\/\/apuntesdesanluis.com\/?p=17688"},"modified":"2024-06-11T18:15:35","modified_gmt":"2024-06-11T21:15:35","slug":"develan-una-oscura-trama-de-odio-y-brujeria-detras-del-homicidio-de-un-hombre-de-53-anos","status":"publish","type":"post","link":"https:\/\/apuntesdesanluis.com\/index.php\/2024\/06\/11\/develan-una-oscura-trama-de-odio-y-brujeria-detras-del-homicidio-de-un-hombre-de-53-anos\/","title":{"rendered":"DEVELAN UNA OSCURA TRAMA DE ODIO Y BRUJER\u00cdA DETR\u00c1S DEL HOMICIDIO DE UN HOMBRE DE 53 A\u00d1OS"},"content":{"rendered":"<h3>La fiscal Virginia Palacios ofreci\u00f3 su hip\u00f3tesis de los m\u00f3viles del caso que tiene imputada a una pareja, afirmando que la mujer lo convenci\u00f3 al hombre de matar, en un plan criminal que denomin\u00f3 \u201cfamilia por familia\u201d<\/h3>\n<h3>El 25 de abril de 2020, <strong>Julio Alberto Olariaga<\/strong> recibi\u00f3 tres impactos de bala calibre 22 en la puerta de su casa. De acuerdo con la acusaci\u00f3n fiscal, esa noche la v\u00edctima de 53 a\u00f1os se encontraba con su pareja Silvia Fern\u00e1ndez cuando tocaron el timbre de su vivienda, ubicada sobre Abelardo Figueroa al 800, y sali\u00f3 a atender. A una corta distancia, dos balazos rozaron su abdomen, pero un tercer proyectil lo alcanz\u00f3 a la altura del pecho. Falleci\u00f3 a los pocos minutos por un shock hipovol\u00e9mico.<\/h3>\n<h3>Por este hecho, desde este lunes son juzgados <strong>Sandra P\u00e9rez Gitto<\/strong> y <strong>Mat\u00edas Balada<\/strong> y enfrentan un pedido de condena de prisi\u00f3n perpetua. El debate oral y p\u00fablico est\u00e1 a cargo de los jueces del Colegio de la ciudad de San Luis, Mar\u00eda Eugenia Zabala Chacur, Adriana Lucero Alfonso y Ariel Parrillis y se extender\u00e1 a lo largo de cinco jornadas.<\/h3>\n<h3>En la primera audiencia del debate oral, la fiscal de Juicio N\u00b0 1, <strong>Virginia Palacios<\/strong>, dijo en su teor\u00eda del caso, que Gitto y Balada organizaron un plan criminal al que denomin\u00f3 \u201cfamilia por familia\u201d. P\u00e9rez Gitto, de 56 a\u00f1os, es parapsic\u00f3loga y fue pareja de Olariaga. Balada, por su parte, era un expolic\u00eda que presuntamente conoci\u00f3 a Gitto porque le encarg\u00f3 trabajos espirituales para recuperar a su ex mujer e hijo. En 2022, el hombre de 41 a\u00f1os fue condenado a 12 a\u00f1os de prisi\u00f3n por la muerte de Leandro Bustos.<\/h3>\n<h3><img fetchpriority=\"high\" decoding=\"async\" class=\"wp-image-17690 aligncenter\" src=\"https:\/\/apuntesdesanluis.com\/wp-content\/uploads\/2024\/06\/juicio-1-300x169.png\" alt=\"\" width=\"657\" height=\"370\" srcset=\"https:\/\/apuntesdesanluis.com\/wp-content\/uploads\/2024\/06\/juicio-1-300x169.png 300w, https:\/\/apuntesdesanluis.com\/wp-content\/uploads\/2024\/06\/juicio-1.png 717w\" sizes=\"(max-width: 657px) 100vw, 657px\" \/><\/h3>\n<h3>\u201cBalada le hizo una contraprestaci\u00f3n a Gitto a cambio de que la mujer le hiciera servicios espirituales para que pueda volver con su familia. Se busc\u00f3 atacar el seno familiar de la v\u00edctima. El primer ataque fue a Federico, hijo de Olariaga, a qui\u00e9n Balada le dispar\u00f3 en una pierna. Luego procuraron las diligencias e informaci\u00f3n para terminar con la vida de Olariaga, en abril\u201d, expres\u00f3 Palacios en su alegato de apertura.<\/h3>\n<h3>De las pericias telef\u00f3nicas se desprende que entre el 18 y 25 de abril, ambos imputados se comunicaron 686 veces.<\/h3>\n<h3>El ex polic\u00eda llega al debate imputado por el delito de homicidio doblemente calificado por mediar promesa remuneratoria y por el uso de arma de fuego, mientras que la mujer est\u00e1 acusada de homicidio triplemente calificado por el v\u00ednculo, por mediar promesa remuneratoria y por el uso de arma de fuego.<\/h3>\n<h3>\u201cHa quedado claro que a\u00f1os antes de los hechos investigados, Paez Gitto y Olariaga, tuvieron una relaci\u00f3n sentimental, que dej\u00f3 profundas heridas en la imputada, y que en cierto modo desencadenaron la mayor\u00eda de los sucesos investigados, todo lo cual hizo que la imputada vaya acumulando un odio desmedido hacia \u00e9l y su familia directa\u201d, dice la acusaci\u00f3n elevada por el fiscal de Instrucci\u00f3n, Esteban Roche.<\/h3>\n<h3>Y agrega: \u201cQue durante mucho tiempo, Olariaga y las mujeres con las cuales mantuvo una relaci\u00f3n de pareja formal, tuvieron que soportar una serie de escraches y distintos movimientos que ten\u00edan como motivo principal hacer sufrir a la v\u00edctima y a quien estuviera a su lado\u201d.<\/h3>\n<h3>De acuerdo con la investigaci\u00f3n, la v\u00edctima y su familia recib\u00edan desde hac\u00eda varios meses antes del homicidio, mensajes an\u00f3nimos, escraches en redes sociales y escritos intimidantes. Por esta situaci\u00f3n, la justicia hab\u00eda ordenado una restricci\u00f3n de acercamiento a favor de la familia de Olariaga y en contra de Gitto.<\/h3>\n<h3>En el allanamiento realizado en la casa de Gitto, la Divisi\u00f3n de Homicidios encontr\u00f3 cosas id\u00e9nticas a las que recib\u00eda Olariaga en su casa. \u201cEn una clara postal del odio, se incautaron toda una serie de objetos artesanales y similares realizados por P\u00e9rez Gitto, los cuales se encontraban anexados a fotograf\u00edas del occiso y su pareja\u201d, dice la requisitoria de Roche.<\/h3>\n<h3><strong>\u201cNO MAT\u00d3 NI ES EL CEREBRO DE NING\u00daN PLAN MACABRO\u201d<\/strong><\/h3>\n<h3>La defensora de Juicio N\u00b0 2, Cecilia Cabello, representante de P\u00e9rez Gitto, dijo que la mujer no mat\u00f3 ni organiz\u00f3 ning\u00fan plan criminal y pidi\u00f3 la absoluci\u00f3n de la mujer de 56 a\u00f1os. \u201cMi defendida no fue el cerebro de un plan macabro ni arremeti\u00f3 contra la humanidad de Olariaga. Gitto tiene dos hijos, est\u00e1 desempleada y con una madre que no ve hace cuatro a\u00f1os\u201d, explic\u00f3 Cabello.<\/h3>\n<h3>Y agreg\u00f3: \u201cLa fiscal calific\u00f3 de brujer\u00edas a la actividad de mi defendida. Mi lema es que esta causa no sea una caza de brujas. Lo de la fiscal dista con la verdad de los hechos. No negamos la muerte de Olariaga, la justicia es un sistema y desde mi parte buscamos asegurar la debida defensa de Gitto y acusarla de un hecho que no cometi\u00f3 es una injusticia\u201d.<\/h3>\n<h3><strong>\u201cLO CONVENCI\u00d3 DE QUE DEB\u00cdA ASUSTAR Y MOLESTAR A LA FAMILIA OLARIAGA\u201d<\/strong><\/h3>\n<h3>\u201cBalada desde el 2013 es desempleado y empez\u00f3 a decaer. No hab\u00eda amigos, ni familia. Anduvo mal, empez\u00f3 a consumir pastillas. Lamentablemente, en 2019 y ante la ruptura de su pareja cae en manos de Gitto, quien consigui\u00f3 el consentimiento total de mi defendido\u201d, dijo Sala, defensor de Balada.<\/h3>\n<h3>De acuerdo a su alegato, la mujer lo convenci\u00f3 de que deb\u00eda asustar y molestar a la v\u00edctima y su familia. \u201cEl plan era asustar. El segundo hecho, el de abril del 2020, sali\u00f3 mal, lo que descarta el plan homicida. Existi\u00f3 una sola voz cantante y Balada solo obedeci\u00f3\u201d.<\/h3>\n<p>&nbsp;<\/p>\n<p>&nbsp;<\/p>\n<p>&nbsp;<\/p>\n","protected":false},"excerpt":{"rendered":"<p>La fiscal Virginia Palacios ofreci\u00f3 su hip\u00f3tesis de los m\u00f3viles del caso que tiene imputada&#8230;<\/p>\n","protected":false},"author":1,"featured_media":17689,"comment_status":"closed","ping_status":"closed","sticky":false,"template":"","format":"standard","meta":{"footnotes":""},"categories":[6],"tags":[],"class_list":["post-17688","post","type-post","status-publish","format-standard","has-post-thumbnail","hentry","category-ciudad-provincia"],"yoast_head":"<!-- This site is optimized with the Yoast SEO plugin v26.1.1 - https:\/\/yoast.com\/wordpress\/plugins\/seo\/ -->\n<title>DEVELAN UNA OSCURA TRAMA DE ODIO Y BRUJER\u00cdA DETR\u00c1S DEL HOMICIDIO DE UN HOMBRE DE 53 A\u00d1OS - Apuntes de San Luis<\/title>\n<meta name=\"robots\" content=\"index, follow, max-snippet:-1, max-image-preview:large, max-video-preview:-1\" \/>\n<link rel=\"canonical\" href=\"https:\/\/apuntesdesanluis.com\/index.php\/2024\/06\/11\/develan-una-oscura-trama-de-odio-y-brujeria-detras-del-homicidio-de-un-hombre-de-53-anos\/\" \/>\n<meta property=\"og:locale\" content=\"es_ES\" \/>\n<meta property=\"og:type\" content=\"article\" \/>\n<meta property=\"og:title\" content=\"DEVELAN UNA OSCURA TRAMA DE ODIO Y BRUJER\u00cdA DETR\u00c1S DEL HOMICIDIO DE UN HOMBRE DE 53 A\u00d1OS - Apuntes de San Luis\" \/>\n<meta property=\"og:description\" content=\"La fiscal Virginia Palacios ofreci\u00f3 su hip\u00f3tesis de los m\u00f3viles del caso que tiene imputada...\" \/>\n<meta property=\"og:url\" content=\"https:\/\/apuntesdesanluis.com\/index.php\/2024\/06\/11\/develan-una-oscura-trama-de-odio-y-brujeria-detras-del-homicidio-de-un-hombre-de-53-anos\/\" \/>\n<meta property=\"og:site_name\" content=\"Apuntes de San Luis\" \/>\n<meta property=\"article:published_time\" content=\"2024-06-11T21:15:35+00:00\" \/>\n<meta property=\"og:image\" content=\"https:\/\/apuntesdesanluis.com\/wp-content\/uploads\/2024\/06\/acusados.png\" \/>\n\t<meta property=\"og:image:width\" content=\"552\" \/>\n\t<meta property=\"og:image:height\" content=\"347\" \/>\n\t<meta property=\"og:image:type\" content=\"image\/png\" \/>\n<meta name=\"author\" content=\"apuntesdesanluis.com\" \/>\n<meta name=\"twitter:card\" content=\"summary_large_image\" \/>\n<meta name=\"twitter:label1\" content=\"Escrito por\" \/>\n\t<meta name=\"twitter:data1\" content=\"apuntesdesanluis.com\" \/>\n\t<meta name=\"twitter:label2\" content=\"Tiempo de lectura\" \/>\n\t<meta name=\"twitter:data2\" content=\"5 minutos\" \/>\n<script type=\"application\/ld+json\" class=\"yoast-schema-graph\">{\"@context\":\"https:\/\/schema.org\",\"@graph\":[{\"@type\":\"Article\",\"@id\":\"https:\/\/apuntesdesanluis.com\/index.php\/2024\/06\/11\/develan-una-oscura-trama-de-odio-y-brujeria-detras-del-homicidio-de-un-hombre-de-53-anos\/#article\",\"isPartOf\":{\"@id\":\"https:\/\/apuntesdesanluis.com\/index.php\/2024\/06\/11\/develan-una-oscura-trama-de-odio-y-brujeria-detras-del-homicidio-de-un-hombre-de-53-anos\/\"},\"author\":{\"name\":\"apuntesdesanluis.com\",\"@id\":\"https:\/\/apuntesdesanluis.com\/#\/schema\/person\/b55151d52296fcce64d1a72538a70b90\"},\"headline\":\"DEVELAN UNA OSCURA TRAMA DE ODIO Y BRUJER\u00cdA DETR\u00c1S DEL HOMICIDIO DE UN HOMBRE DE 53 A\u00d1OS\",\"datePublished\":\"2024-06-11T21:15:35+00:00\",\"mainEntityOfPage\":{\"@id\":\"https:\/\/apuntesdesanluis.com\/index.php\/2024\/06\/11\/develan-una-oscura-trama-de-odio-y-brujeria-detras-del-homicidio-de-un-hombre-de-53-anos\/\"},\"wordCount\":965,\"publisher\":{\"@id\":\"https:\/\/apuntesdesanluis.com\/#\/schema\/person\/b55151d52296fcce64d1a72538a70b90\"},\"image\":{\"@id\":\"https:\/\/apuntesdesanluis.com\/index.php\/2024\/06\/11\/develan-una-oscura-trama-de-odio-y-brujeria-detras-del-homicidio-de-un-hombre-de-53-anos\/#primaryimage\"},\"thumbnailUrl\":\"https:\/\/apuntesdesanluis.com\/wp-content\/uploads\/2024\/06\/acusados.png\",\"articleSection\":[\"Ciudad\/Provincia\"],\"inLanguage\":\"es-AR\"},{\"@type\":\"WebPage\",\"@id\":\"https:\/\/apuntesdesanluis.com\/index.php\/2024\/06\/11\/develan-una-oscura-trama-de-odio-y-brujeria-detras-del-homicidio-de-un-hombre-de-53-anos\/\",\"url\":\"https:\/\/apuntesdesanluis.com\/index.php\/2024\/06\/11\/develan-una-oscura-trama-de-odio-y-brujeria-detras-del-homicidio-de-un-hombre-de-53-anos\/\",\"name\":\"DEVELAN UNA OSCURA TRAMA DE ODIO Y BRUJER\u00cdA DETR\u00c1S DEL HOMICIDIO DE UN HOMBRE DE 53 A\u00d1OS - Apuntes de San Luis\",\"isPartOf\":{\"@id\":\"https:\/\/apuntesdesanluis.com\/#website\"},\"primaryImageOfPage\":{\"@id\":\"https:\/\/apuntesdesanluis.com\/index.php\/2024\/06\/11\/develan-una-oscura-trama-de-odio-y-brujeria-detras-del-homicidio-de-un-hombre-de-53-anos\/#primaryimage\"},\"image\":{\"@id\":\"https:\/\/apuntesdesanluis.com\/index.php\/2024\/06\/11\/develan-una-oscura-trama-de-odio-y-brujeria-detras-del-homicidio-de-un-hombre-de-53-anos\/#primaryimage\"},\"thumbnailUrl\":\"https:\/\/apuntesdesanluis.com\/wp-content\/uploads\/2024\/06\/acusados.png\",\"datePublished\":\"2024-06-11T21:15:35+00:00\",\"breadcrumb\":{\"@id\":\"https:\/\/apuntesdesanluis.com\/index.php\/2024\/06\/11\/develan-una-oscura-trama-de-odio-y-brujeria-detras-del-homicidio-de-un-hombre-de-53-anos\/#breadcrumb\"},\"inLanguage\":\"es-AR\",\"potentialAction\":[{\"@type\":\"ReadAction\",\"target\":[\"https:\/\/apuntesdesanluis.com\/index.php\/2024\/06\/11\/develan-una-oscura-trama-de-odio-y-brujeria-detras-del-homicidio-de-un-hombre-de-53-anos\/\"]}]},{\"@type\":\"ImageObject\",\"inLanguage\":\"es-AR\",\"@id\":\"https:\/\/apuntesdesanluis.com\/index.php\/2024\/06\/11\/develan-una-oscura-trama-de-odio-y-brujeria-detras-del-homicidio-de-un-hombre-de-53-anos\/#primaryimage\",\"url\":\"https:\/\/apuntesdesanluis.com\/wp-content\/uploads\/2024\/06\/acusados.png\",\"contentUrl\":\"https:\/\/apuntesdesanluis.com\/wp-content\/uploads\/2024\/06\/acusados.png\",\"width\":552,\"height\":347},{\"@type\":\"BreadcrumbList\",\"@id\":\"https:\/\/apuntesdesanluis.com\/index.php\/2024\/06\/11\/develan-una-oscura-trama-de-odio-y-brujeria-detras-del-homicidio-de-un-hombre-de-53-anos\/#breadcrumb\",\"itemListElement\":[{\"@type\":\"ListItem\",\"position\":1,\"name\":\"Inicio\",\"item\":\"https:\/\/apuntesdesanluis.com\/\"},{\"@type\":\"ListItem\",\"position\":2,\"name\":\"DEVELAN UNA OSCURA TRAMA DE ODIO Y BRUJER\u00cdA DETR\u00c1S DEL HOMICIDIO DE UN HOMBRE DE 53 A\u00d1OS\"}]},{\"@type\":\"WebSite\",\"@id\":\"https:\/\/apuntesdesanluis.com\/#website\",\"url\":\"https:\/\/apuntesdesanluis.com\/\",\"name\":\"Apuntes de San Luis\",\"description\":\"\",\"publisher\":{\"@id\":\"https:\/\/apuntesdesanluis.com\/#\/schema\/person\/b55151d52296fcce64d1a72538a70b90\"},\"potentialAction\":[{\"@type\":\"SearchAction\",\"target\":{\"@type\":\"EntryPoint\",\"urlTemplate\":\"https:\/\/apuntesdesanluis.com\/?s={search_term_string}\"},\"query-input\":{\"@type\":\"PropertyValueSpecification\",\"valueRequired\":true,\"valueName\":\"search_term_string\"}}],\"inLanguage\":\"es-AR\"},{\"@type\":[\"Person\",\"Organization\"],\"@id\":\"https:\/\/apuntesdesanluis.com\/#\/schema\/person\/b55151d52296fcce64d1a72538a70b90\",\"name\":\"apuntesdesanluis.com\",\"image\":{\"@type\":\"ImageObject\",\"inLanguage\":\"es-AR\",\"@id\":\"https:\/\/apuntesdesanluis.com\/#\/schema\/person\/image\/\",\"url\":\"https:\/\/apuntesdesanluis.com\/wp-content\/uploads\/2023\/07\/cropped-apuntesdesanluis.png\",\"contentUrl\":\"https:\/\/apuntesdesanluis.com\/wp-content\/uploads\/2023\/07\/cropped-apuntesdesanluis.png\",\"width\":450,\"height\":112,\"caption\":\"apuntesdesanluis.com\"},\"logo\":{\"@id\":\"https:\/\/apuntesdesanluis.com\/#\/schema\/person\/image\/\"},\"sameAs\":[\"https:\/\/apuntesdesanluis.com\"],\"url\":\"https:\/\/apuntesdesanluis.com\/index.php\/author\/apuntesdesanluis-com\/\"}]}<\/script>\n<!-- \/ Yoast SEO plugin. -->","yoast_head_json":{"title":"DEVELAN UNA OSCURA TRAMA DE ODIO Y BRUJER\u00cdA DETR\u00c1S DEL HOMICIDIO DE UN HOMBRE DE 53 A\u00d1OS - Apuntes de San Luis","robots":{"index":"index","follow":"follow","max-snippet":"max-snippet:-1","max-image-preview":"max-image-preview:large","max-video-preview":"max-video-preview:-1"},"canonical":"https:\/\/apuntesdesanluis.com\/index.php\/2024\/06\/11\/develan-una-oscura-trama-de-odio-y-brujeria-detras-del-homicidio-de-un-hombre-de-53-anos\/","og_locale":"es_ES","og_type":"article","og_title":"DEVELAN UNA OSCURA TRAMA DE ODIO Y BRUJER\u00cdA DETR\u00c1S DEL HOMICIDIO DE UN HOMBRE DE 53 A\u00d1OS - Apuntes de San Luis","og_description":"La fiscal Virginia Palacios ofreci\u00f3 su hip\u00f3tesis de los m\u00f3viles del caso que tiene imputada...","og_url":"https:\/\/apuntesdesanluis.com\/index.php\/2024\/06\/11\/develan-una-oscura-trama-de-odio-y-brujeria-detras-del-homicidio-de-un-hombre-de-53-anos\/","og_site_name":"Apuntes de San Luis","article_published_time":"2024-06-11T21:15:35+00:00","og_image":[{"width":552,"height":347,"url":"https:\/\/apuntesdesanluis.com\/wp-content\/uploads\/2024\/06\/acusados.png","type":"image\/png"}],"author":"apuntesdesanluis.com","twitter_card":"summary_large_image","twitter_misc":{"Escrito por":"apuntesdesanluis.com","Tiempo de lectura":"5 minutos"},"schema":{"@context":"https:\/\/schema.org","@graph":[{"@type":"Article","@id":"https:\/\/apuntesdesanluis.com\/index.php\/2024\/06\/11\/develan-una-oscura-trama-de-odio-y-brujeria-detras-del-homicidio-de-un-hombre-de-53-anos\/#article","isPartOf":{"@id":"https:\/\/apuntesdesanluis.com\/index.php\/2024\/06\/11\/develan-una-oscura-trama-de-odio-y-brujeria-detras-del-homicidio-de-un-hombre-de-53-anos\/"},"author":{"name":"apuntesdesanluis.com","@id":"https:\/\/apuntesdesanluis.com\/#\/schema\/person\/b55151d52296fcce64d1a72538a70b90"},"headline":"DEVELAN UNA OSCURA TRAMA DE ODIO Y BRUJER\u00cdA DETR\u00c1S DEL HOMICIDIO DE UN HOMBRE DE 53 A\u00d1OS","datePublished":"2024-06-11T21:15:35+00:00","mainEntityOfPage":{"@id":"https:\/\/apuntesdesanluis.com\/index.php\/2024\/06\/11\/develan-una-oscura-trama-de-odio-y-brujeria-detras-del-homicidio-de-un-hombre-de-53-anos\/"},"wordCount":965,"publisher":{"@id":"https:\/\/apuntesdesanluis.com\/#\/schema\/person\/b55151d52296fcce64d1a72538a70b90"},"image":{"@id":"https:\/\/apuntesdesanluis.com\/index.php\/2024\/06\/11\/develan-una-oscura-trama-de-odio-y-brujeria-detras-del-homicidio-de-un-hombre-de-53-anos\/#primaryimage"},"thumbnailUrl":"https:\/\/apuntesdesanluis.com\/wp-content\/uploads\/2024\/06\/acusados.png","articleSection":["Ciudad\/Provincia"],"inLanguage":"es-AR"},{"@type":"WebPage","@id":"https:\/\/apuntesdesanluis.com\/index.php\/2024\/06\/11\/develan-una-oscura-trama-de-odio-y-brujeria-detras-del-homicidio-de-un-hombre-de-53-anos\/","url":"https:\/\/apuntesdesanluis.com\/index.php\/2024\/06\/11\/develan-una-oscura-trama-de-odio-y-brujeria-detras-del-homicidio-de-un-hombre-de-53-anos\/","name":"DEVELAN UNA OSCURA TRAMA DE ODIO Y BRUJER\u00cdA DETR\u00c1S DEL HOMICIDIO DE UN HOMBRE DE 53 A\u00d1OS - Apuntes de San Luis","isPartOf":{"@id":"https:\/\/apuntesdesanluis.com\/#website"},"primaryImageOfPage":{"@id":"https:\/\/apuntesdesanluis.com\/index.php\/2024\/06\/11\/develan-una-oscura-trama-de-odio-y-brujeria-detras-del-homicidio-de-un-hombre-de-53-anos\/#primaryimage"},"image":{"@id":"https:\/\/apuntesdesanluis.com\/index.php\/2024\/06\/11\/develan-una-oscura-trama-de-odio-y-brujeria-detras-del-homicidio-de-un-hombre-de-53-anos\/#primaryimage"},"thumbnailUrl":"https:\/\/apuntesdesanluis.com\/wp-content\/uploads\/2024\/06\/acusados.png","datePublished":"2024-06-11T21:15:35+00:00","breadcrumb":{"@id":"https:\/\/apuntesdesanluis.com\/index.php\/2024\/06\/11\/develan-una-oscura-trama-de-odio-y-brujeria-detras-del-homicidio-de-un-hombre-de-53-anos\/#breadcrumb"},"inLanguage":"es-AR","potentialAction":[{"@type":"ReadAction","target":["https:\/\/apuntesdesanluis.com\/index.php\/2024\/06\/11\/develan-una-oscura-trama-de-odio-y-brujeria-detras-del-homicidio-de-un-hombre-de-53-anos\/"]}]},{"@type":"ImageObject","inLanguage":"es-AR","@id":"https:\/\/apuntesdesanluis.com\/index.php\/2024\/06\/11\/develan-una-oscura-trama-de-odio-y-brujeria-detras-del-homicidio-de-un-hombre-de-53-anos\/#primaryimage","url":"https:\/\/apuntesdesanluis.com\/wp-content\/uploads\/2024\/06\/acusados.png","contentUrl":"https:\/\/apuntesdesanluis.com\/wp-content\/uploads\/2024\/06\/acusados.png","width":552,"height":347},{"@type":"BreadcrumbList","@id":"https:\/\/apuntesdesanluis.com\/index.php\/2024\/06\/11\/develan-una-oscura-trama-de-odio-y-brujeria-detras-del-homicidio-de-un-hombre-de-53-anos\/#breadcrumb","itemListElement":[{"@type":"ListItem","position":1,"name":"Inicio","item":"https:\/\/apuntesdesanluis.com\/"},{"@type":"ListItem","position":2,"name":"DEVELAN UNA OSCURA TRAMA DE ODIO Y BRUJER\u00cdA DETR\u00c1S DEL HOMICIDIO DE UN HOMBRE DE 53 A\u00d1OS"}]},{"@type":"WebSite","@id":"https:\/\/apuntesdesanluis.com\/#website","url":"https:\/\/apuntesdesanluis.com\/","name":"Apuntes de San Luis","description":"","publisher":{"@id":"https:\/\/apuntesdesanluis.com\/#\/schema\/person\/b55151d52296fcce64d1a72538a70b90"},"potentialAction":[{"@type":"SearchAction","target":{"@type":"EntryPoint","urlTemplate":"https:\/\/apuntesdesanluis.com\/?s={search_term_string}"},"query-input":{"@type":"PropertyValueSpecification","valueRequired":true,"valueName":"search_term_string"}}],"inLanguage":"es-AR"},{"@type":["Person","Organization"],"@id":"https:\/\/apuntesdesanluis.com\/#\/schema\/person\/b55151d52296fcce64d1a72538a70b90","name":"apuntesdesanluis.com","image":{"@type":"ImageObject","inLanguage":"es-AR","@id":"https:\/\/apuntesdesanluis.com\/#\/schema\/person\/image\/","url":"https:\/\/apuntesdesanluis.com\/wp-content\/uploads\/2023\/07\/cropped-apuntesdesanluis.png","contentUrl":"https:\/\/apuntesdesanluis.com\/wp-content\/uploads\/2023\/07\/cropped-apuntesdesanluis.png","width":450,"height":112,"caption":"apuntesdesanluis.com"},"logo":{"@id":"https:\/\/apuntesdesanluis.com\/#\/schema\/person\/image\/"},"sameAs":["https:\/\/apuntesdesanluis.com"],"url":"https:\/\/apuntesdesanluis.com\/index.php\/author\/apuntesdesanluis-com\/"}]}},"featured_image_urls":{"full":["https:\/\/apuntesdesanluis.com\/wp-content\/uploads\/2024\/06\/acusados.png",552,347,false],"thumbnail":["https:\/\/apuntesdesanluis.com\/wp-content\/uploads\/2024\/06\/acusados-150x150.png",150,150,true],"medium":["https:\/\/apuntesdesanluis.com\/wp-content\/uploads\/2024\/06\/acusados-300x189.png",300,189,true],"medium_large":["https:\/\/apuntesdesanluis.com\/wp-content\/uploads\/2024\/06\/acusados.png",552,347,false],"large":["https:\/\/apuntesdesanluis.com\/wp-content\/uploads\/2024\/06\/acusados.png",552,347,false],"1536x1536":["https:\/\/apuntesdesanluis.com\/wp-content\/uploads\/2024\/06\/acusados.png",552,347,false],"2048x2048":["https:\/\/apuntesdesanluis.com\/wp-content\/uploads\/2024\/06\/acusados.png",552,347,false],"newsever-slider-full":["https:\/\/apuntesdesanluis.com\/wp-content\/uploads\/2024\/06\/acusados.png",552,347,false],"newsever-featured":["https:\/\/apuntesdesanluis.com\/wp-content\/uploads\/2024\/06\/acusados.png",552,347,false],"newsever-medium":["https:\/\/apuntesdesanluis.com\/wp-content\/uploads\/2024\/06\/acusados.png",552,347,false]},"author_info":{"display_name":"apuntesdesanluis.com","author_link":"https:\/\/apuntesdesanluis.com\/index.php\/author\/apuntesdesanluis-com\/"},"category_info":"<a href=\"https:\/\/apuntesdesanluis.com\/index.php\/category\/ciudad-provincia\/\" rel=\"category tag\">Ciudad\/Provincia<\/a>","tag_info":"Ciudad\/Provincia","comment_count":"0","_links":{"self":[{"href":"https:\/\/apuntesdesanluis.com\/index.php\/wp-json\/wp\/v2\/posts\/17688","targetHints":{"allow":["GET"]}}],"collection":[{"href":"https:\/\/apuntesdesanluis.com\/index.php\/wp-json\/wp\/v2\/posts"}],"about":[{"href":"https:\/\/apuntesdesanluis.com\/index.php\/wp-json\/wp\/v2\/types\/post"}],"author":[{"embeddable":true,"href":"https:\/\/apuntesdesanluis.com\/index.php\/wp-json\/wp\/v2\/users\/1"}],"replies":[{"embeddable":true,"href":"https:\/\/apuntesdesanluis.com\/index.php\/wp-json\/wp\/v2\/comments?post=17688"}],"version-history":[{"count":1,"href":"https:\/\/apuntesdesanluis.com\/index.php\/wp-json\/wp\/v2\/posts\/17688\/revisions"}],"predecessor-version":[{"id":17691,"href":"https:\/\/apuntesdesanluis.com\/index.php\/wp-json\/wp\/v2\/posts\/17688\/revisions\/17691"}],"wp:featuredmedia":[{"embeddable":true,"href":"https:\/\/apuntesdesanluis.com\/index.php\/wp-json\/wp\/v2\/media\/17689"}],"wp:attachment":[{"href":"https:\/\/apuntesdesanluis.com\/index.php\/wp-json\/wp\/v2\/media?parent=17688"}],"wp:term":[{"taxonomy":"category","embeddable":true,"href":"https:\/\/apuntesdesanluis.com\/index.php\/wp-json\/wp\/v2\/categories?post=17688"},{"taxonomy":"post_tag","embeddable":true,"href":"https:\/\/apuntesdesanluis.com\/index.php\/wp-json\/wp\/v2\/tags?post=17688"}],"curies":[{"name":"wp","href":"https:\/\/api.w.org\/{rel}","templated":true}]}}