{"id":17692,"date":"2024-06-11T18:34:11","date_gmt":"2024-06-11T21:34:11","guid":{"rendered":"https:\/\/apuntesdesanluis.com\/?p=17692"},"modified":"2024-06-11T18:34:11","modified_gmt":"2024-06-11T21:34:11","slug":"impulsan-un-plan-de-movilidad-y-transito-en-la-villa-de-merlo","status":"publish","type":"post","link":"https:\/\/apuntesdesanluis.com\/index.php\/2024\/06\/11\/impulsan-un-plan-de-movilidad-y-transito-en-la-villa-de-merlo\/","title":{"rendered":"IMPULSAN UN PLAN DE MOVILIDAD Y TR\u00c1NSITO EN LA VILLA DE MERLO"},"content":{"rendered":"<h3>La <strong>Secretar\u00eda de Gobierno y Deportes<\/strong>, se encuentra trabajando en la construcci\u00f3n de un Diagn\u00f3stico para avanzar en un <strong>Plan de Movilidad y Tr\u00e1nsito<\/strong>, en colaboraci\u00f3n con la<strong> Fundaci\u00f3n Metropolitana<\/strong>, ha llevado a cabo dos talleres participativos, con el objetivo de recoger experiencias, conflictos y propuestas de la comunidad para mejorar la movilidad, el tr\u00e1nsito y la seguridad vial en la ciudad.<\/h3>\n<h3>El primer taller se desarroll\u00f3 el pasado 13 de mayo en la C\u00e1mara de Comercio, Turismo, Hoteler\u00eda e Industria del Valle. En este encuentro participaron comerciantes y hoteleros nucleados en la C\u00e1mara. El segundo taller tuvo lugar el 14 de mayo de 2024, y cont\u00f3 con la presencia de operadores de transporte y equipos de emergencias como bomberos y SEMPRO.<\/h3>\n<p><img fetchpriority=\"high\" decoding=\"async\" class=\"wp-image-17694 aligncenter\" src=\"https:\/\/apuntesdesanluis.com\/wp-content\/uploads\/2024\/06\/PLAN-4-MERLO-300x185.png\" alt=\"\" width=\"610\" height=\"376\" srcset=\"https:\/\/apuntesdesanluis.com\/wp-content\/uploads\/2024\/06\/PLAN-4-MERLO-300x185.png 300w, https:\/\/apuntesdesanluis.com\/wp-content\/uploads\/2024\/06\/PLAN-4-MERLO.png 600w\" sizes=\"(max-width: 610px) 100vw, 610px\" \/><\/p>\n<h3>Durante ambos encuentros, se realiz\u00f3 una actividad inicial donde los participantes expusieron problemas y listaron posibles soluciones para la movilidad en la ciudad. Entre las situaciones de conflicto mencionadas, destacaron la falta de continuidad en las vialidades del ejido urbano y los constantes cambios normativos. Tambi\u00e9n se subray\u00f3 la importancia de revisar los sentidos de circulaci\u00f3n de las calles, el funcionamiento de los sem\u00e1foros y el refuerzo de la educaci\u00f3n vial dentro de la comunidad.<\/h3>\n<h3>Un tema de debate relevante fue la temporada alta de turismo y sus implicancias en la circulaci\u00f3n y el estacionamiento. Se discuti\u00f3 la posibilidad de limitar el ingreso de buses de doble piso con contingentes de turistas a la trama urbana, proponiendo alternativas con la nueva y la vieja terminal como bases de operaciones.<\/h3>\n<p><img decoding=\"async\" class=\"wp-image-17695 aligncenter\" src=\"https:\/\/apuntesdesanluis.com\/wp-content\/uploads\/2024\/06\/PLAN-CALLE-PLANOS-300x181.png\" alt=\"\" width=\"620\" height=\"374\" srcset=\"https:\/\/apuntesdesanluis.com\/wp-content\/uploads\/2024\/06\/PLAN-CALLE-PLANOS-300x181.png 300w, https:\/\/apuntesdesanluis.com\/wp-content\/uploads\/2024\/06\/PLAN-CALLE-PLANOS-1024x617.png 1024w, https:\/\/apuntesdesanluis.com\/wp-content\/uploads\/2024\/06\/PLAN-CALLE-PLANOS-768x463.png 768w, https:\/\/apuntesdesanluis.com\/wp-content\/uploads\/2024\/06\/PLAN-CALLE-PLANOS.png 1172w\" sizes=\"(max-width: 620px) 100vw, 620px\" \/><\/p>\n<h3>Los participantes trabajaron sobre un plano de Merlo, identificando esquinas conflictivas y proponiendo posibles cambios en las vialidades para mejorar la fluidez del tr\u00e1fico. Tambi\u00e9n se se\u00f1alaron obstrucciones en la circulaci\u00f3n causadas por radios de giro, cambios en la geometr\u00eda y la presencia de reductores de velocidad, los cuales, aunque cumplen una funci\u00f3n espec\u00edfica, resultan agresivos para veh\u00edculos de gran porte.<\/h3>\n<h3>Como parte del diagn\u00f3stico, el 15 de mayo de 2024 se realiz\u00f3 una capacitaci\u00f3n para el equipo municipal sobre la metodolog\u00eda de conteos vehiculares. Esta actividad es crucial para cuantificar y dimensionar las problem\u00e1ticas de tr\u00e1nsito. La capacitaci\u00f3n incluy\u00f3 t\u00e9cnicas de conteo manual de veh\u00edculos en intersecciones con y sin sem\u00e1foro.<\/h3>\n<h3>Posteriormente, se realiz\u00f3 una prueba en la intersecci\u00f3n de Poeta Ag\u00fcero con calle Sobremonte, relevando todos los movimientos vehiculares durante una hora. Esta prueba permiti\u00f3 evaluar el entendimiento de la metodolog\u00eda por parte del equipo capacitado.<\/h3>\n<p><img decoding=\"async\" class=\"wp-image-17696 aligncenter\" src=\"https:\/\/apuntesdesanluis.com\/wp-content\/uploads\/2024\/06\/PLAN-CALLE-300x193.png\" alt=\"\" width=\"630\" height=\"405\" srcset=\"https:\/\/apuntesdesanluis.com\/wp-content\/uploads\/2024\/06\/PLAN-CALLE-300x193.png 300w, https:\/\/apuntesdesanluis.com\/wp-content\/uploads\/2024\/06\/PLAN-CALLE.png 600w\" sizes=\"(max-width: 630px) 100vw, 630px\" \/><\/p>\n<h3>El 16 de mayo de 2024, en horario pico vespertino, se llev\u00f3 a cabo un conteo vehicular en la intersecci\u00f3n de Av. Del Deporte con Av. Del Sol. El objetivo fue obtener datos representativos del flujo vehicular en temporada baja para compararlos con los de temporada alta.<\/h3>\n<h3>Se ha programado un <strong>conteo vehicular en intersecciones cr\u00edticas <\/strong>durante el fin de semana largo del <strong>20, 21 y 22 de junio de 2024<\/strong>. Estos datos ser\u00e1n fundamentales para <strong>evaluar posibles mejoras en el plan de movilidad y tr\u00e1nsito de Villa de Merlo.<\/strong><\/h3>\n<p>&nbsp;<\/p>\n<p>&nbsp;<\/p>\n<p>&nbsp;<\/p>\n<p>&nbsp;<\/p>\n","protected":false},"excerpt":{"rendered":"<p>La Secretar\u00eda de Gobierno y Deportes, se encuentra trabajando en la construcci\u00f3n de un Diagn\u00f3stico&#8230;<\/p>\n","protected":false},"author":1,"featured_media":17693,"comment_status":"closed","ping_status":"closed","sticky":false,"template":"","format":"standard","meta":{"footnotes":""},"categories":[6],"tags":[],"class_list":["post-17692","post","type-post","status-publish","format-standard","has-post-thumbnail","hentry","category-ciudad-provincia"],"yoast_head":"<!-- This site is optimized with the Yoast SEO plugin v26.1.1 - https:\/\/yoast.com\/wordpress\/plugins\/seo\/ -->\n<title>IMPULSAN UN PLAN DE MOVILIDAD Y TR\u00c1NSITO EN LA VILLA DE MERLO - Apuntes de San Luis<\/title>\n<meta name=\"robots\" content=\"index, follow, max-snippet:-1, max-image-preview:large, max-video-preview:-1\" \/>\n<link rel=\"canonical\" href=\"https:\/\/apuntesdesanluis.com\/index.php\/2024\/06\/11\/impulsan-un-plan-de-movilidad-y-transito-en-la-villa-de-merlo\/\" \/>\n<meta property=\"og:locale\" content=\"es_ES\" \/>\n<meta property=\"og:type\" content=\"article\" \/>\n<meta property=\"og:title\" content=\"IMPULSAN UN PLAN DE MOVILIDAD Y TR\u00c1NSITO EN LA VILLA DE MERLO - Apuntes de San Luis\" \/>\n<meta property=\"og:description\" content=\"La Secretar\u00eda de Gobierno y Deportes, se encuentra trabajando en la construcci\u00f3n de un Diagn\u00f3stico...\" \/>\n<meta property=\"og:url\" content=\"https:\/\/apuntesdesanluis.com\/index.php\/2024\/06\/11\/impulsan-un-plan-de-movilidad-y-transito-en-la-villa-de-merlo\/\" \/>\n<meta property=\"og:site_name\" content=\"Apuntes de San Luis\" \/>\n<meta property=\"article:published_time\" content=\"2024-06-11T21:34:11+00:00\" \/>\n<meta property=\"og:image\" content=\"https:\/\/apuntesdesanluis.com\/wp-content\/uploads\/2024\/06\/PLAN-GOPBIERNO.png\" \/>\n\t<meta property=\"og:image:width\" content=\"700\" \/>\n\t<meta property=\"og:image:height\" content=\"397\" \/>\n\t<meta property=\"og:image:type\" content=\"image\/png\" \/>\n<meta name=\"author\" content=\"apuntesdesanluis.com\" \/>\n<meta name=\"twitter:card\" content=\"summary_large_image\" \/>\n<meta name=\"twitter:label1\" content=\"Escrito por\" \/>\n\t<meta name=\"twitter:data1\" content=\"apuntesdesanluis.com\" \/>\n\t<meta name=\"twitter:label2\" content=\"Tiempo de lectura\" \/>\n\t<meta name=\"twitter:data2\" content=\"4 minutos\" \/>\n<script type=\"application\/ld+json\" class=\"yoast-schema-graph\">{\"@context\":\"https:\/\/schema.org\",\"@graph\":[{\"@type\":\"Article\",\"@id\":\"https:\/\/apuntesdesanluis.com\/index.php\/2024\/06\/11\/impulsan-un-plan-de-movilidad-y-transito-en-la-villa-de-merlo\/#article\",\"isPartOf\":{\"@id\":\"https:\/\/apuntesdesanluis.com\/index.php\/2024\/06\/11\/impulsan-un-plan-de-movilidad-y-transito-en-la-villa-de-merlo\/\"},\"author\":{\"name\":\"apuntesdesanluis.com\",\"@id\":\"https:\/\/apuntesdesanluis.com\/#\/schema\/person\/b55151d52296fcce64d1a72538a70b90\"},\"headline\":\"IMPULSAN UN PLAN DE MOVILIDAD Y TR\u00c1NSITO EN LA VILLA DE MERLO\",\"datePublished\":\"2024-06-11T21:34:11+00:00\",\"mainEntityOfPage\":{\"@id\":\"https:\/\/apuntesdesanluis.com\/index.php\/2024\/06\/11\/impulsan-un-plan-de-movilidad-y-transito-en-la-villa-de-merlo\/\"},\"wordCount\":534,\"publisher\":{\"@id\":\"https:\/\/apuntesdesanluis.com\/#\/schema\/person\/b55151d52296fcce64d1a72538a70b90\"},\"image\":{\"@id\":\"https:\/\/apuntesdesanluis.com\/index.php\/2024\/06\/11\/impulsan-un-plan-de-movilidad-y-transito-en-la-villa-de-merlo\/#primaryimage\"},\"thumbnailUrl\":\"https:\/\/apuntesdesanluis.com\/wp-content\/uploads\/2024\/06\/PLAN-GOPBIERNO.png\",\"articleSection\":[\"Ciudad\/Provincia\"],\"inLanguage\":\"es-AR\"},{\"@type\":\"WebPage\",\"@id\":\"https:\/\/apuntesdesanluis.com\/index.php\/2024\/06\/11\/impulsan-un-plan-de-movilidad-y-transito-en-la-villa-de-merlo\/\",\"url\":\"https:\/\/apuntesdesanluis.com\/index.php\/2024\/06\/11\/impulsan-un-plan-de-movilidad-y-transito-en-la-villa-de-merlo\/\",\"name\":\"IMPULSAN UN PLAN DE MOVILIDAD Y TR\u00c1NSITO EN LA VILLA DE MERLO - Apuntes de San Luis\",\"isPartOf\":{\"@id\":\"https:\/\/apuntesdesanluis.com\/#website\"},\"primaryImageOfPage\":{\"@id\":\"https:\/\/apuntesdesanluis.com\/index.php\/2024\/06\/11\/impulsan-un-plan-de-movilidad-y-transito-en-la-villa-de-merlo\/#primaryimage\"},\"image\":{\"@id\":\"https:\/\/apuntesdesanluis.com\/index.php\/2024\/06\/11\/impulsan-un-plan-de-movilidad-y-transito-en-la-villa-de-merlo\/#primaryimage\"},\"thumbnailUrl\":\"https:\/\/apuntesdesanluis.com\/wp-content\/uploads\/2024\/06\/PLAN-GOPBIERNO.png\",\"datePublished\":\"2024-06-11T21:34:11+00:00\",\"breadcrumb\":{\"@id\":\"https:\/\/apuntesdesanluis.com\/index.php\/2024\/06\/11\/impulsan-un-plan-de-movilidad-y-transito-en-la-villa-de-merlo\/#breadcrumb\"},\"inLanguage\":\"es-AR\",\"potentialAction\":[{\"@type\":\"ReadAction\",\"target\":[\"https:\/\/apuntesdesanluis.com\/index.php\/2024\/06\/11\/impulsan-un-plan-de-movilidad-y-transito-en-la-villa-de-merlo\/\"]}]},{\"@type\":\"ImageObject\",\"inLanguage\":\"es-AR\",\"@id\":\"https:\/\/apuntesdesanluis.com\/index.php\/2024\/06\/11\/impulsan-un-plan-de-movilidad-y-transito-en-la-villa-de-merlo\/#primaryimage\",\"url\":\"https:\/\/apuntesdesanluis.com\/wp-content\/uploads\/2024\/06\/PLAN-GOPBIERNO.png\",\"contentUrl\":\"https:\/\/apuntesdesanluis.com\/wp-content\/uploads\/2024\/06\/PLAN-GOPBIERNO.png\",\"width\":700,\"height\":397},{\"@type\":\"BreadcrumbList\",\"@id\":\"https:\/\/apuntesdesanluis.com\/index.php\/2024\/06\/11\/impulsan-un-plan-de-movilidad-y-transito-en-la-villa-de-merlo\/#breadcrumb\",\"itemListElement\":[{\"@type\":\"ListItem\",\"position\":1,\"name\":\"Inicio\",\"item\":\"https:\/\/apuntesdesanluis.com\/\"},{\"@type\":\"ListItem\",\"position\":2,\"name\":\"IMPULSAN UN PLAN DE MOVILIDAD Y TR\u00c1NSITO EN LA VILLA DE MERLO\"}]},{\"@type\":\"WebSite\",\"@id\":\"https:\/\/apuntesdesanluis.com\/#website\",\"url\":\"https:\/\/apuntesdesanluis.com\/\",\"name\":\"Apuntes de San Luis\",\"description\":\"\",\"publisher\":{\"@id\":\"https:\/\/apuntesdesanluis.com\/#\/schema\/person\/b55151d52296fcce64d1a72538a70b90\"},\"potentialAction\":[{\"@type\":\"SearchAction\",\"target\":{\"@type\":\"EntryPoint\",\"urlTemplate\":\"https:\/\/apuntesdesanluis.com\/?s={search_term_string}\"},\"query-input\":{\"@type\":\"PropertyValueSpecification\",\"valueRequired\":true,\"valueName\":\"search_term_string\"}}],\"inLanguage\":\"es-AR\"},{\"@type\":[\"Person\",\"Organization\"],\"@id\":\"https:\/\/apuntesdesanluis.com\/#\/schema\/person\/b55151d52296fcce64d1a72538a70b90\",\"name\":\"apuntesdesanluis.com\",\"image\":{\"@type\":\"ImageObject\",\"inLanguage\":\"es-AR\",\"@id\":\"https:\/\/apuntesdesanluis.com\/#\/schema\/person\/image\/\",\"url\":\"https:\/\/apuntesdesanluis.com\/wp-content\/uploads\/2023\/07\/cropped-apuntesdesanluis.png\",\"contentUrl\":\"https:\/\/apuntesdesanluis.com\/wp-content\/uploads\/2023\/07\/cropped-apuntesdesanluis.png\",\"width\":450,\"height\":112,\"caption\":\"apuntesdesanluis.com\"},\"logo\":{\"@id\":\"https:\/\/apuntesdesanluis.com\/#\/schema\/person\/image\/\"},\"sameAs\":[\"https:\/\/apuntesdesanluis.com\"],\"url\":\"https:\/\/apuntesdesanluis.com\/index.php\/author\/apuntesdesanluis-com\/\"}]}<\/script>\n<!-- \/ Yoast SEO plugin. -->","yoast_head_json":{"title":"IMPULSAN UN PLAN DE MOVILIDAD Y TR\u00c1NSITO EN LA VILLA DE MERLO - Apuntes de San Luis","robots":{"index":"index","follow":"follow","max-snippet":"max-snippet:-1","max-image-preview":"max-image-preview:large","max-video-preview":"max-video-preview:-1"},"canonical":"https:\/\/apuntesdesanluis.com\/index.php\/2024\/06\/11\/impulsan-un-plan-de-movilidad-y-transito-en-la-villa-de-merlo\/","og_locale":"es_ES","og_type":"article","og_title":"IMPULSAN UN PLAN DE MOVILIDAD Y TR\u00c1NSITO EN LA VILLA DE MERLO - Apuntes de San Luis","og_description":"La Secretar\u00eda de Gobierno y Deportes, se encuentra trabajando en la construcci\u00f3n de un Diagn\u00f3stico...","og_url":"https:\/\/apuntesdesanluis.com\/index.php\/2024\/06\/11\/impulsan-un-plan-de-movilidad-y-transito-en-la-villa-de-merlo\/","og_site_name":"Apuntes de San Luis","article_published_time":"2024-06-11T21:34:11+00:00","og_image":[{"width":700,"height":397,"url":"https:\/\/apuntesdesanluis.com\/wp-content\/uploads\/2024\/06\/PLAN-GOPBIERNO.png","type":"image\/png"}],"author":"apuntesdesanluis.com","twitter_card":"summary_large_image","twitter_misc":{"Escrito por":"apuntesdesanluis.com","Tiempo de lectura":"4 minutos"},"schema":{"@context":"https:\/\/schema.org","@graph":[{"@type":"Article","@id":"https:\/\/apuntesdesanluis.com\/index.php\/2024\/06\/11\/impulsan-un-plan-de-movilidad-y-transito-en-la-villa-de-merlo\/#article","isPartOf":{"@id":"https:\/\/apuntesdesanluis.com\/index.php\/2024\/06\/11\/impulsan-un-plan-de-movilidad-y-transito-en-la-villa-de-merlo\/"},"author":{"name":"apuntesdesanluis.com","@id":"https:\/\/apuntesdesanluis.com\/#\/schema\/person\/b55151d52296fcce64d1a72538a70b90"},"headline":"IMPULSAN UN PLAN DE MOVILIDAD Y TR\u00c1NSITO EN LA VILLA DE MERLO","datePublished":"2024-06-11T21:34:11+00:00","mainEntityOfPage":{"@id":"https:\/\/apuntesdesanluis.com\/index.php\/2024\/06\/11\/impulsan-un-plan-de-movilidad-y-transito-en-la-villa-de-merlo\/"},"wordCount":534,"publisher":{"@id":"https:\/\/apuntesdesanluis.com\/#\/schema\/person\/b55151d52296fcce64d1a72538a70b90"},"image":{"@id":"https:\/\/apuntesdesanluis.com\/index.php\/2024\/06\/11\/impulsan-un-plan-de-movilidad-y-transito-en-la-villa-de-merlo\/#primaryimage"},"thumbnailUrl":"https:\/\/apuntesdesanluis.com\/wp-content\/uploads\/2024\/06\/PLAN-GOPBIERNO.png","articleSection":["Ciudad\/Provincia"],"inLanguage":"es-AR"},{"@type":"WebPage","@id":"https:\/\/apuntesdesanluis.com\/index.php\/2024\/06\/11\/impulsan-un-plan-de-movilidad-y-transito-en-la-villa-de-merlo\/","url":"https:\/\/apuntesdesanluis.com\/index.php\/2024\/06\/11\/impulsan-un-plan-de-movilidad-y-transito-en-la-villa-de-merlo\/","name":"IMPULSAN UN PLAN DE MOVILIDAD Y TR\u00c1NSITO EN LA VILLA DE MERLO - Apuntes de San Luis","isPartOf":{"@id":"https:\/\/apuntesdesanluis.com\/#website"},"primaryImageOfPage":{"@id":"https:\/\/apuntesdesanluis.com\/index.php\/2024\/06\/11\/impulsan-un-plan-de-movilidad-y-transito-en-la-villa-de-merlo\/#primaryimage"},"image":{"@id":"https:\/\/apuntesdesanluis.com\/index.php\/2024\/06\/11\/impulsan-un-plan-de-movilidad-y-transito-en-la-villa-de-merlo\/#primaryimage"},"thumbnailUrl":"https:\/\/apuntesdesanluis.com\/wp-content\/uploads\/2024\/06\/PLAN-GOPBIERNO.png","datePublished":"2024-06-11T21:34:11+00:00","breadcrumb":{"@id":"https:\/\/apuntesdesanluis.com\/index.php\/2024\/06\/11\/impulsan-un-plan-de-movilidad-y-transito-en-la-villa-de-merlo\/#breadcrumb"},"inLanguage":"es-AR","potentialAction":[{"@type":"ReadAction","target":["https:\/\/apuntesdesanluis.com\/index.php\/2024\/06\/11\/impulsan-un-plan-de-movilidad-y-transito-en-la-villa-de-merlo\/"]}]},{"@type":"ImageObject","inLanguage":"es-AR","@id":"https:\/\/apuntesdesanluis.com\/index.php\/2024\/06\/11\/impulsan-un-plan-de-movilidad-y-transito-en-la-villa-de-merlo\/#primaryimage","url":"https:\/\/apuntesdesanluis.com\/wp-content\/uploads\/2024\/06\/PLAN-GOPBIERNO.png","contentUrl":"https:\/\/apuntesdesanluis.com\/wp-content\/uploads\/2024\/06\/PLAN-GOPBIERNO.png","width":700,"height":397},{"@type":"BreadcrumbList","@id":"https:\/\/apuntesdesanluis.com\/index.php\/2024\/06\/11\/impulsan-un-plan-de-movilidad-y-transito-en-la-villa-de-merlo\/#breadcrumb","itemListElement":[{"@type":"ListItem","position":1,"name":"Inicio","item":"https:\/\/apuntesdesanluis.com\/"},{"@type":"ListItem","position":2,"name":"IMPULSAN UN PLAN DE MOVILIDAD Y TR\u00c1NSITO EN LA VILLA DE MERLO"}]},{"@type":"WebSite","@id":"https:\/\/apuntesdesanluis.com\/#website","url":"https:\/\/apuntesdesanluis.com\/","name":"Apuntes de San Luis","description":"","publisher":{"@id":"https:\/\/apuntesdesanluis.com\/#\/schema\/person\/b55151d52296fcce64d1a72538a70b90"},"potentialAction":[{"@type":"SearchAction","target":{"@type":"EntryPoint","urlTemplate":"https:\/\/apuntesdesanluis.com\/?s={search_term_string}"},"query-input":{"@type":"PropertyValueSpecification","valueRequired":true,"valueName":"search_term_string"}}],"inLanguage":"es-AR"},{"@type":["Person","Organization"],"@id":"https:\/\/apuntesdesanluis.com\/#\/schema\/person\/b55151d52296fcce64d1a72538a70b90","name":"apuntesdesanluis.com","image":{"@type":"ImageObject","inLanguage":"es-AR","@id":"https:\/\/apuntesdesanluis.com\/#\/schema\/person\/image\/","url":"https:\/\/apuntesdesanluis.com\/wp-content\/uploads\/2023\/07\/cropped-apuntesdesanluis.png","contentUrl":"https:\/\/apuntesdesanluis.com\/wp-content\/uploads\/2023\/07\/cropped-apuntesdesanluis.png","width":450,"height":112,"caption":"apuntesdesanluis.com"},"logo":{"@id":"https:\/\/apuntesdesanluis.com\/#\/schema\/person\/image\/"},"sameAs":["https:\/\/apuntesdesanluis.com"],"url":"https:\/\/apuntesdesanluis.com\/index.php\/author\/apuntesdesanluis-com\/"}]}},"featured_image_urls":{"full":["https:\/\/apuntesdesanluis.com\/wp-content\/uploads\/2024\/06\/PLAN-GOPBIERNO.png",700,397,false],"thumbnail":["https:\/\/apuntesdesanluis.com\/wp-content\/uploads\/2024\/06\/PLAN-GOPBIERNO-150x150.png",150,150,true],"medium":["https:\/\/apuntesdesanluis.com\/wp-content\/uploads\/2024\/06\/PLAN-GOPBIERNO-300x170.png",300,170,true],"medium_large":["https:\/\/apuntesdesanluis.com\/wp-content\/uploads\/2024\/06\/PLAN-GOPBIERNO.png",640,363,false],"large":["https:\/\/apuntesdesanluis.com\/wp-content\/uploads\/2024\/06\/PLAN-GOPBIERNO.png",640,363,false],"1536x1536":["https:\/\/apuntesdesanluis.com\/wp-content\/uploads\/2024\/06\/PLAN-GOPBIERNO.png",700,397,false],"2048x2048":["https:\/\/apuntesdesanluis.com\/wp-content\/uploads\/2024\/06\/PLAN-GOPBIERNO.png",700,397,false],"newsever-slider-full":["https:\/\/apuntesdesanluis.com\/wp-content\/uploads\/2024\/06\/PLAN-GOPBIERNO.png",700,397,false],"newsever-featured":["https:\/\/apuntesdesanluis.com\/wp-content\/uploads\/2024\/06\/PLAN-GOPBIERNO.png",700,397,false],"newsever-medium":["https:\/\/apuntesdesanluis.com\/wp-content\/uploads\/2024\/06\/PLAN-GOPBIERNO.png",700,397,false]},"author_info":{"display_name":"apuntesdesanluis.com","author_link":"https:\/\/apuntesdesanluis.com\/index.php\/author\/apuntesdesanluis-com\/"},"category_info":"<a href=\"https:\/\/apuntesdesanluis.com\/index.php\/category\/ciudad-provincia\/\" rel=\"category tag\">Ciudad\/Provincia<\/a>","tag_info":"Ciudad\/Provincia","comment_count":"0","_links":{"self":[{"href":"https:\/\/apuntesdesanluis.com\/index.php\/wp-json\/wp\/v2\/posts\/17692","targetHints":{"allow":["GET"]}}],"collection":[{"href":"https:\/\/apuntesdesanluis.com\/index.php\/wp-json\/wp\/v2\/posts"}],"about":[{"href":"https:\/\/apuntesdesanluis.com\/index.php\/wp-json\/wp\/v2\/types\/post"}],"author":[{"embeddable":true,"href":"https:\/\/apuntesdesanluis.com\/index.php\/wp-json\/wp\/v2\/users\/1"}],"replies":[{"embeddable":true,"href":"https:\/\/apuntesdesanluis.com\/index.php\/wp-json\/wp\/v2\/comments?post=17692"}],"version-history":[{"count":1,"href":"https:\/\/apuntesdesanluis.com\/index.php\/wp-json\/wp\/v2\/posts\/17692\/revisions"}],"predecessor-version":[{"id":17697,"href":"https:\/\/apuntesdesanluis.com\/index.php\/wp-json\/wp\/v2\/posts\/17692\/revisions\/17697"}],"wp:featuredmedia":[{"embeddable":true,"href":"https:\/\/apuntesdesanluis.com\/index.php\/wp-json\/wp\/v2\/media\/17693"}],"wp:attachment":[{"href":"https:\/\/apuntesdesanluis.com\/index.php\/wp-json\/wp\/v2\/media?parent=17692"}],"wp:term":[{"taxonomy":"category","embeddable":true,"href":"https:\/\/apuntesdesanluis.com\/index.php\/wp-json\/wp\/v2\/categories?post=17692"},{"taxonomy":"post_tag","embeddable":true,"href":"https:\/\/apuntesdesanluis.com\/index.php\/wp-json\/wp\/v2\/tags?post=17692"}],"curies":[{"name":"wp","href":"https:\/\/api.w.org\/{rel}","templated":true}]}}