{"id":17708,"date":"2024-06-11T20:02:20","date_gmt":"2024-06-11T23:02:20","guid":{"rendered":"https:\/\/apuntesdesanluis.com\/?p=17708"},"modified":"2024-06-11T20:04:13","modified_gmt":"2024-06-11T23:04:13","slug":"imputaron-a-un-hombre-que-robo-motosierras-el-sabado-y-el-domingo-ya-las-habia-vendido","status":"publish","type":"post","link":"https:\/\/apuntesdesanluis.com\/index.php\/2024\/06\/11\/imputaron-a-un-hombre-que-robo-motosierras-el-sabado-y-el-domingo-ya-las-habia-vendido\/","title":{"rendered":"IMPUTARON A UN HOMBRE  QUE ROB\u00d3 MOTOSIERRAS EL S\u00c1BADO Y EL DOMINGO YA LAS HAB\u00cdA VENDIDO"},"content":{"rendered":"<h3>Este martes por la ma\u00f1ana se realiz\u00f3 la audiencia de formulaci\u00f3n de cargos.\u00a0 La defensa pidi\u00f3 pr\u00f3rroga de la detenci\u00f3n por tres d\u00edas, es entonces cuando se definir\u00e1 el pedido de prisi\u00f3n preventiva solicitado por Fiscal\u00eda.<\/h3>\n<h3>La Dra. Mirta Ucelay de Garciarena, Juez de Garant\u00eda N\u00ba 3 de la Segunda Circunscripci\u00f3n Judicial, dirigi\u00f3 hoy la audiencia de formulaci\u00f3n de cargos en marco de la causa donde se investiga un hecho ocurrido el pasado s\u00e1bado 8 de junio, en un local dedicado a la reparaci\u00f3n de motosierras.<\/h3>\n<h3>El comercio est\u00e1 ubicado en la Avenida Aviador Origone, en Villa Mercedes, relat\u00f3 la Dra. Daniela Torres, Fiscal de Instrucci\u00f3n. Cont\u00f3 que al llegar al lugar, el propietario not\u00f3 que a trav\u00e9s de un \u201cboquete\u201d hab\u00edan ingresado a su local en el cual robaron motosierras que estaban para reparaci\u00f3n.<\/h3>\n<h3>La Fiscal precis\u00f3 que el denunciante recibi\u00f3 un mensaje en su tel\u00e9fono celular, que indicaba qui\u00e9n hab\u00eda sido una de las personas que ingres\u00f3 al comercio para cometer el robo.<\/h3>\n<h3>Asimismo, indic\u00f3 que se realizaron relevamientos a trav\u00e9s de c\u00e1maras de seguridad de la zona y tambi\u00e9n se recolectaron declaraciones testimoniales, lo que permiti\u00f3 establecer que una de las personas que hab\u00eda ingresado al local hab\u00eda vendido tres motosierras. A trav\u00e9s de allanamientos, se logr\u00f3 dar con las mismas, las cuales fueron reconocidas por el comerciante. Cabe mencionar que estos elementos fueron restituidos al denunciante.<\/h3>\n<h3>Al momento de realizar el relato la Fiscal mencion\u00f3 al grave perjuicio ocasionado al denunciante por el valor econ\u00f3mico de las herramientas sustra\u00eddas. Anticip\u00f3 que pedir\u00eda la medida de coerci\u00f3n m\u00e1s gravosa: prisi\u00f3n preventiva y argument\u00f3 que restan recuperar elementos sustra\u00eddos e identificar a la segunda persona que habr\u00eda intervenido en el hecho.<\/h3>\n<h3>Luego de escuchar el relato del Ministerio P\u00fablico Fiscal, la Dra. Mar\u00eda Laura Fornero \u2013 Defensora Adjunta, en representaci\u00f3n del imputado \u2013 hizo reserva de cuestionar los hechos y la formulaci\u00f3n de cargos. Explic\u00f3 que iniciar\u00edan su legajo de investigaci\u00f3n y solicit\u00f3 la pr\u00f3rroga de detenci\u00f3n por el plazo de tres d\u00edas.<\/h3>\n<h3>Luego de escuchar a las partes, la Dra. Ucelay consider\u00f3 reunidos los requisitos m\u00ednimos necesarios y tuvo por formulados cargos en forma provisoria como co autor del delito de robo simple, en los t\u00e9rminos de los Arts. 164 y 45 del C\u00f3digo Penal Argentino. Atento la pr\u00f3rroga de detenci\u00f3n solicitada por la defensa, fij\u00f3 una nueva audiencia para el viernes 14 de junio donde se tratar\u00e1 el pedido de prisi\u00f3n preventiva solicitado por el Ministerio P\u00fablico Fiscal.<\/h3>\n<h3><\/h3>\n<p>&nbsp;<\/p>\n<p>&nbsp;<\/p>\n","protected":false},"excerpt":{"rendered":"<p>Este martes por la ma\u00f1ana se realiz\u00f3 la audiencia de formulaci\u00f3n de cargos.\u00a0 La defensa&#8230;<\/p>\n","protected":false},"author":1,"featured_media":17709,"comment_status":"closed","ping_status":"closed","sticky":false,"template":"","format":"standard","meta":{"footnotes":""},"categories":[6],"tags":[],"class_list":["post-17708","post","type-post","status-publish","format-standard","has-post-thumbnail","hentry","category-ciudad-provincia"],"yoast_head":"<!-- This site is optimized with the Yoast SEO plugin v26.1.1 - https:\/\/yoast.com\/wordpress\/plugins\/seo\/ -->\n<title>IMPUTARON A UN HOMBRE QUE ROB\u00d3 MOTOSIERRAS EL S\u00c1BADO Y EL DOMINGO YA LAS HAB\u00cdA VENDIDO - Apuntes de San Luis<\/title>\n<meta name=\"robots\" content=\"index, follow, max-snippet:-1, max-image-preview:large, max-video-preview:-1\" \/>\n<link rel=\"canonical\" href=\"https:\/\/apuntesdesanluis.com\/index.php\/2024\/06\/11\/imputaron-a-un-hombre-que-robo-motosierras-el-sabado-y-el-domingo-ya-las-habia-vendido\/\" \/>\n<meta property=\"og:locale\" content=\"es_ES\" \/>\n<meta property=\"og:type\" content=\"article\" \/>\n<meta property=\"og:title\" content=\"IMPUTARON A UN HOMBRE QUE ROB\u00d3 MOTOSIERRAS EL S\u00c1BADO Y EL DOMINGO YA LAS HAB\u00cdA VENDIDO - Apuntes de San Luis\" \/>\n<meta property=\"og:description\" content=\"Este martes por la ma\u00f1ana se realiz\u00f3 la audiencia de formulaci\u00f3n de cargos.\u00a0 La defensa...\" \/>\n<meta property=\"og:url\" content=\"https:\/\/apuntesdesanluis.com\/index.php\/2024\/06\/11\/imputaron-a-un-hombre-que-robo-motosierras-el-sabado-y-el-domingo-ya-las-habia-vendido\/\" \/>\n<meta property=\"og:site_name\" content=\"Apuntes de San Luis\" \/>\n<meta property=\"article:published_time\" content=\"2024-06-11T23:02:20+00:00\" \/>\n<meta property=\"article:modified_time\" content=\"2024-06-11T23:04:13+00:00\" \/>\n<meta property=\"og:image\" content=\"https:\/\/apuntesdesanluis.com\/wp-content\/uploads\/2024\/06\/audiencia-3.png\" \/>\n\t<meta property=\"og:image:width\" content=\"625\" \/>\n\t<meta property=\"og:image:height\" content=\"347\" \/>\n\t<meta property=\"og:image:type\" content=\"image\/png\" \/>\n<meta name=\"author\" content=\"apuntesdesanluis.com\" \/>\n<meta name=\"twitter:card\" content=\"summary_large_image\" \/>\n<meta name=\"twitter:label1\" content=\"Escrito por\" \/>\n\t<meta name=\"twitter:data1\" content=\"apuntesdesanluis.com\" \/>\n\t<meta name=\"twitter:label2\" content=\"Tiempo de lectura\" \/>\n\t<meta name=\"twitter:data2\" content=\"3 minutos\" \/>\n<script type=\"application\/ld+json\" class=\"yoast-schema-graph\">{\"@context\":\"https:\/\/schema.org\",\"@graph\":[{\"@type\":\"Article\",\"@id\":\"https:\/\/apuntesdesanluis.com\/index.php\/2024\/06\/11\/imputaron-a-un-hombre-que-robo-motosierras-el-sabado-y-el-domingo-ya-las-habia-vendido\/#article\",\"isPartOf\":{\"@id\":\"https:\/\/apuntesdesanluis.com\/index.php\/2024\/06\/11\/imputaron-a-un-hombre-que-robo-motosierras-el-sabado-y-el-domingo-ya-las-habia-vendido\/\"},\"author\":{\"name\":\"apuntesdesanluis.com\",\"@id\":\"https:\/\/apuntesdesanluis.com\/#\/schema\/person\/b55151d52296fcce64d1a72538a70b90\"},\"headline\":\"IMPUTARON A UN HOMBRE QUE ROB\u00d3 MOTOSIERRAS EL S\u00c1BADO Y EL DOMINGO YA LAS HAB\u00cdA VENDIDO\",\"datePublished\":\"2024-06-11T23:02:20+00:00\",\"dateModified\":\"2024-06-11T23:04:13+00:00\",\"mainEntityOfPage\":{\"@id\":\"https:\/\/apuntesdesanluis.com\/index.php\/2024\/06\/11\/imputaron-a-un-hombre-que-robo-motosierras-el-sabado-y-el-domingo-ya-las-habia-vendido\/\"},\"wordCount\":474,\"publisher\":{\"@id\":\"https:\/\/apuntesdesanluis.com\/#\/schema\/person\/b55151d52296fcce64d1a72538a70b90\"},\"image\":{\"@id\":\"https:\/\/apuntesdesanluis.com\/index.php\/2024\/06\/11\/imputaron-a-un-hombre-que-robo-motosierras-el-sabado-y-el-domingo-ya-las-habia-vendido\/#primaryimage\"},\"thumbnailUrl\":\"https:\/\/apuntesdesanluis.com\/wp-content\/uploads\/2024\/06\/audiencia-3.png\",\"articleSection\":[\"Ciudad\/Provincia\"],\"inLanguage\":\"es-AR\"},{\"@type\":\"WebPage\",\"@id\":\"https:\/\/apuntesdesanluis.com\/index.php\/2024\/06\/11\/imputaron-a-un-hombre-que-robo-motosierras-el-sabado-y-el-domingo-ya-las-habia-vendido\/\",\"url\":\"https:\/\/apuntesdesanluis.com\/index.php\/2024\/06\/11\/imputaron-a-un-hombre-que-robo-motosierras-el-sabado-y-el-domingo-ya-las-habia-vendido\/\",\"name\":\"IMPUTARON A UN HOMBRE QUE ROB\u00d3 MOTOSIERRAS EL S\u00c1BADO Y EL DOMINGO YA LAS HAB\u00cdA VENDIDO - Apuntes de San Luis\",\"isPartOf\":{\"@id\":\"https:\/\/apuntesdesanluis.com\/#website\"},\"primaryImageOfPage\":{\"@id\":\"https:\/\/apuntesdesanluis.com\/index.php\/2024\/06\/11\/imputaron-a-un-hombre-que-robo-motosierras-el-sabado-y-el-domingo-ya-las-habia-vendido\/#primaryimage\"},\"image\":{\"@id\":\"https:\/\/apuntesdesanluis.com\/index.php\/2024\/06\/11\/imputaron-a-un-hombre-que-robo-motosierras-el-sabado-y-el-domingo-ya-las-habia-vendido\/#primaryimage\"},\"thumbnailUrl\":\"https:\/\/apuntesdesanluis.com\/wp-content\/uploads\/2024\/06\/audiencia-3.png\",\"datePublished\":\"2024-06-11T23:02:20+00:00\",\"dateModified\":\"2024-06-11T23:04:13+00:00\",\"breadcrumb\":{\"@id\":\"https:\/\/apuntesdesanluis.com\/index.php\/2024\/06\/11\/imputaron-a-un-hombre-que-robo-motosierras-el-sabado-y-el-domingo-ya-las-habia-vendido\/#breadcrumb\"},\"inLanguage\":\"es-AR\",\"potentialAction\":[{\"@type\":\"ReadAction\",\"target\":[\"https:\/\/apuntesdesanluis.com\/index.php\/2024\/06\/11\/imputaron-a-un-hombre-que-robo-motosierras-el-sabado-y-el-domingo-ya-las-habia-vendido\/\"]}]},{\"@type\":\"ImageObject\",\"inLanguage\":\"es-AR\",\"@id\":\"https:\/\/apuntesdesanluis.com\/index.php\/2024\/06\/11\/imputaron-a-un-hombre-que-robo-motosierras-el-sabado-y-el-domingo-ya-las-habia-vendido\/#primaryimage\",\"url\":\"https:\/\/apuntesdesanluis.com\/wp-content\/uploads\/2024\/06\/audiencia-3.png\",\"contentUrl\":\"https:\/\/apuntesdesanluis.com\/wp-content\/uploads\/2024\/06\/audiencia-3.png\",\"width\":625,\"height\":347},{\"@type\":\"BreadcrumbList\",\"@id\":\"https:\/\/apuntesdesanluis.com\/index.php\/2024\/06\/11\/imputaron-a-un-hombre-que-robo-motosierras-el-sabado-y-el-domingo-ya-las-habia-vendido\/#breadcrumb\",\"itemListElement\":[{\"@type\":\"ListItem\",\"position\":1,\"name\":\"Inicio\",\"item\":\"https:\/\/apuntesdesanluis.com\/\"},{\"@type\":\"ListItem\",\"position\":2,\"name\":\"IMPUTARON A UN HOMBRE QUE ROB\u00d3 MOTOSIERRAS EL S\u00c1BADO Y EL DOMINGO YA LAS HAB\u00cdA VENDIDO\"}]},{\"@type\":\"WebSite\",\"@id\":\"https:\/\/apuntesdesanluis.com\/#website\",\"url\":\"https:\/\/apuntesdesanluis.com\/\",\"name\":\"Apuntes de San Luis\",\"description\":\"\",\"publisher\":{\"@id\":\"https:\/\/apuntesdesanluis.com\/#\/schema\/person\/b55151d52296fcce64d1a72538a70b90\"},\"potentialAction\":[{\"@type\":\"SearchAction\",\"target\":{\"@type\":\"EntryPoint\",\"urlTemplate\":\"https:\/\/apuntesdesanluis.com\/?s={search_term_string}\"},\"query-input\":{\"@type\":\"PropertyValueSpecification\",\"valueRequired\":true,\"valueName\":\"search_term_string\"}}],\"inLanguage\":\"es-AR\"},{\"@type\":[\"Person\",\"Organization\"],\"@id\":\"https:\/\/apuntesdesanluis.com\/#\/schema\/person\/b55151d52296fcce64d1a72538a70b90\",\"name\":\"apuntesdesanluis.com\",\"image\":{\"@type\":\"ImageObject\",\"inLanguage\":\"es-AR\",\"@id\":\"https:\/\/apuntesdesanluis.com\/#\/schema\/person\/image\/\",\"url\":\"https:\/\/apuntesdesanluis.com\/wp-content\/uploads\/2023\/07\/cropped-apuntesdesanluis.png\",\"contentUrl\":\"https:\/\/apuntesdesanluis.com\/wp-content\/uploads\/2023\/07\/cropped-apuntesdesanluis.png\",\"width\":450,\"height\":112,\"caption\":\"apuntesdesanluis.com\"},\"logo\":{\"@id\":\"https:\/\/apuntesdesanluis.com\/#\/schema\/person\/image\/\"},\"sameAs\":[\"https:\/\/apuntesdesanluis.com\"],\"url\":\"https:\/\/apuntesdesanluis.com\/index.php\/author\/apuntesdesanluis-com\/\"}]}<\/script>\n<!-- \/ Yoast SEO plugin. -->","yoast_head_json":{"title":"IMPUTARON A UN HOMBRE QUE ROB\u00d3 MOTOSIERRAS EL S\u00c1BADO Y EL DOMINGO YA LAS HAB\u00cdA VENDIDO - Apuntes de San Luis","robots":{"index":"index","follow":"follow","max-snippet":"max-snippet:-1","max-image-preview":"max-image-preview:large","max-video-preview":"max-video-preview:-1"},"canonical":"https:\/\/apuntesdesanluis.com\/index.php\/2024\/06\/11\/imputaron-a-un-hombre-que-robo-motosierras-el-sabado-y-el-domingo-ya-las-habia-vendido\/","og_locale":"es_ES","og_type":"article","og_title":"IMPUTARON A UN HOMBRE QUE ROB\u00d3 MOTOSIERRAS EL S\u00c1BADO Y EL DOMINGO YA LAS HAB\u00cdA VENDIDO - Apuntes de San Luis","og_description":"Este martes por la ma\u00f1ana se realiz\u00f3 la audiencia de formulaci\u00f3n de cargos.\u00a0 La defensa...","og_url":"https:\/\/apuntesdesanluis.com\/index.php\/2024\/06\/11\/imputaron-a-un-hombre-que-robo-motosierras-el-sabado-y-el-domingo-ya-las-habia-vendido\/","og_site_name":"Apuntes de San Luis","article_published_time":"2024-06-11T23:02:20+00:00","article_modified_time":"2024-06-11T23:04:13+00:00","og_image":[{"width":625,"height":347,"url":"https:\/\/apuntesdesanluis.com\/wp-content\/uploads\/2024\/06\/audiencia-3.png","type":"image\/png"}],"author":"apuntesdesanluis.com","twitter_card":"summary_large_image","twitter_misc":{"Escrito por":"apuntesdesanluis.com","Tiempo de lectura":"3 minutos"},"schema":{"@context":"https:\/\/schema.org","@graph":[{"@type":"Article","@id":"https:\/\/apuntesdesanluis.com\/index.php\/2024\/06\/11\/imputaron-a-un-hombre-que-robo-motosierras-el-sabado-y-el-domingo-ya-las-habia-vendido\/#article","isPartOf":{"@id":"https:\/\/apuntesdesanluis.com\/index.php\/2024\/06\/11\/imputaron-a-un-hombre-que-robo-motosierras-el-sabado-y-el-domingo-ya-las-habia-vendido\/"},"author":{"name":"apuntesdesanluis.com","@id":"https:\/\/apuntesdesanluis.com\/#\/schema\/person\/b55151d52296fcce64d1a72538a70b90"},"headline":"IMPUTARON A UN HOMBRE QUE ROB\u00d3 MOTOSIERRAS EL S\u00c1BADO Y EL DOMINGO YA LAS HAB\u00cdA VENDIDO","datePublished":"2024-06-11T23:02:20+00:00","dateModified":"2024-06-11T23:04:13+00:00","mainEntityOfPage":{"@id":"https:\/\/apuntesdesanluis.com\/index.php\/2024\/06\/11\/imputaron-a-un-hombre-que-robo-motosierras-el-sabado-y-el-domingo-ya-las-habia-vendido\/"},"wordCount":474,"publisher":{"@id":"https:\/\/apuntesdesanluis.com\/#\/schema\/person\/b55151d52296fcce64d1a72538a70b90"},"image":{"@id":"https:\/\/apuntesdesanluis.com\/index.php\/2024\/06\/11\/imputaron-a-un-hombre-que-robo-motosierras-el-sabado-y-el-domingo-ya-las-habia-vendido\/#primaryimage"},"thumbnailUrl":"https:\/\/apuntesdesanluis.com\/wp-content\/uploads\/2024\/06\/audiencia-3.png","articleSection":["Ciudad\/Provincia"],"inLanguage":"es-AR"},{"@type":"WebPage","@id":"https:\/\/apuntesdesanluis.com\/index.php\/2024\/06\/11\/imputaron-a-un-hombre-que-robo-motosierras-el-sabado-y-el-domingo-ya-las-habia-vendido\/","url":"https:\/\/apuntesdesanluis.com\/index.php\/2024\/06\/11\/imputaron-a-un-hombre-que-robo-motosierras-el-sabado-y-el-domingo-ya-las-habia-vendido\/","name":"IMPUTARON A UN HOMBRE QUE ROB\u00d3 MOTOSIERRAS EL S\u00c1BADO Y EL DOMINGO YA LAS HAB\u00cdA VENDIDO - Apuntes de San Luis","isPartOf":{"@id":"https:\/\/apuntesdesanluis.com\/#website"},"primaryImageOfPage":{"@id":"https:\/\/apuntesdesanluis.com\/index.php\/2024\/06\/11\/imputaron-a-un-hombre-que-robo-motosierras-el-sabado-y-el-domingo-ya-las-habia-vendido\/#primaryimage"},"image":{"@id":"https:\/\/apuntesdesanluis.com\/index.php\/2024\/06\/11\/imputaron-a-un-hombre-que-robo-motosierras-el-sabado-y-el-domingo-ya-las-habia-vendido\/#primaryimage"},"thumbnailUrl":"https:\/\/apuntesdesanluis.com\/wp-content\/uploads\/2024\/06\/audiencia-3.png","datePublished":"2024-06-11T23:02:20+00:00","dateModified":"2024-06-11T23:04:13+00:00","breadcrumb":{"@id":"https:\/\/apuntesdesanluis.com\/index.php\/2024\/06\/11\/imputaron-a-un-hombre-que-robo-motosierras-el-sabado-y-el-domingo-ya-las-habia-vendido\/#breadcrumb"},"inLanguage":"es-AR","potentialAction":[{"@type":"ReadAction","target":["https:\/\/apuntesdesanluis.com\/index.php\/2024\/06\/11\/imputaron-a-un-hombre-que-robo-motosierras-el-sabado-y-el-domingo-ya-las-habia-vendido\/"]}]},{"@type":"ImageObject","inLanguage":"es-AR","@id":"https:\/\/apuntesdesanluis.com\/index.php\/2024\/06\/11\/imputaron-a-un-hombre-que-robo-motosierras-el-sabado-y-el-domingo-ya-las-habia-vendido\/#primaryimage","url":"https:\/\/apuntesdesanluis.com\/wp-content\/uploads\/2024\/06\/audiencia-3.png","contentUrl":"https:\/\/apuntesdesanluis.com\/wp-content\/uploads\/2024\/06\/audiencia-3.png","width":625,"height":347},{"@type":"BreadcrumbList","@id":"https:\/\/apuntesdesanluis.com\/index.php\/2024\/06\/11\/imputaron-a-un-hombre-que-robo-motosierras-el-sabado-y-el-domingo-ya-las-habia-vendido\/#breadcrumb","itemListElement":[{"@type":"ListItem","position":1,"name":"Inicio","item":"https:\/\/apuntesdesanluis.com\/"},{"@type":"ListItem","position":2,"name":"IMPUTARON A UN HOMBRE QUE ROB\u00d3 MOTOSIERRAS EL S\u00c1BADO Y EL DOMINGO YA LAS HAB\u00cdA VENDIDO"}]},{"@type":"WebSite","@id":"https:\/\/apuntesdesanluis.com\/#website","url":"https:\/\/apuntesdesanluis.com\/","name":"Apuntes de San Luis","description":"","publisher":{"@id":"https:\/\/apuntesdesanluis.com\/#\/schema\/person\/b55151d52296fcce64d1a72538a70b90"},"potentialAction":[{"@type":"SearchAction","target":{"@type":"EntryPoint","urlTemplate":"https:\/\/apuntesdesanluis.com\/?s={search_term_string}"},"query-input":{"@type":"PropertyValueSpecification","valueRequired":true,"valueName":"search_term_string"}}],"inLanguage":"es-AR"},{"@type":["Person","Organization"],"@id":"https:\/\/apuntesdesanluis.com\/#\/schema\/person\/b55151d52296fcce64d1a72538a70b90","name":"apuntesdesanluis.com","image":{"@type":"ImageObject","inLanguage":"es-AR","@id":"https:\/\/apuntesdesanluis.com\/#\/schema\/person\/image\/","url":"https:\/\/apuntesdesanluis.com\/wp-content\/uploads\/2023\/07\/cropped-apuntesdesanluis.png","contentUrl":"https:\/\/apuntesdesanluis.com\/wp-content\/uploads\/2023\/07\/cropped-apuntesdesanluis.png","width":450,"height":112,"caption":"apuntesdesanluis.com"},"logo":{"@id":"https:\/\/apuntesdesanluis.com\/#\/schema\/person\/image\/"},"sameAs":["https:\/\/apuntesdesanluis.com"],"url":"https:\/\/apuntesdesanluis.com\/index.php\/author\/apuntesdesanluis-com\/"}]}},"featured_image_urls":{"full":["https:\/\/apuntesdesanluis.com\/wp-content\/uploads\/2024\/06\/audiencia-3.png",625,347,false],"thumbnail":["https:\/\/apuntesdesanluis.com\/wp-content\/uploads\/2024\/06\/audiencia-3-150x150.png",150,150,true],"medium":["https:\/\/apuntesdesanluis.com\/wp-content\/uploads\/2024\/06\/audiencia-3-300x167.png",300,167,true],"medium_large":["https:\/\/apuntesdesanluis.com\/wp-content\/uploads\/2024\/06\/audiencia-3.png",625,347,false],"large":["https:\/\/apuntesdesanluis.com\/wp-content\/uploads\/2024\/06\/audiencia-3.png",625,347,false],"1536x1536":["https:\/\/apuntesdesanluis.com\/wp-content\/uploads\/2024\/06\/audiencia-3.png",625,347,false],"2048x2048":["https:\/\/apuntesdesanluis.com\/wp-content\/uploads\/2024\/06\/audiencia-3.png",625,347,false],"newsever-slider-full":["https:\/\/apuntesdesanluis.com\/wp-content\/uploads\/2024\/06\/audiencia-3.png",625,347,false],"newsever-featured":["https:\/\/apuntesdesanluis.com\/wp-content\/uploads\/2024\/06\/audiencia-3.png",625,347,false],"newsever-medium":["https:\/\/apuntesdesanluis.com\/wp-content\/uploads\/2024\/06\/audiencia-3.png",625,347,false]},"author_info":{"display_name":"apuntesdesanluis.com","author_link":"https:\/\/apuntesdesanluis.com\/index.php\/author\/apuntesdesanluis-com\/"},"category_info":"<a href=\"https:\/\/apuntesdesanluis.com\/index.php\/category\/ciudad-provincia\/\" rel=\"category tag\">Ciudad\/Provincia<\/a>","tag_info":"Ciudad\/Provincia","comment_count":"0","_links":{"self":[{"href":"https:\/\/apuntesdesanluis.com\/index.php\/wp-json\/wp\/v2\/posts\/17708","targetHints":{"allow":["GET"]}}],"collection":[{"href":"https:\/\/apuntesdesanluis.com\/index.php\/wp-json\/wp\/v2\/posts"}],"about":[{"href":"https:\/\/apuntesdesanluis.com\/index.php\/wp-json\/wp\/v2\/types\/post"}],"author":[{"embeddable":true,"href":"https:\/\/apuntesdesanluis.com\/index.php\/wp-json\/wp\/v2\/users\/1"}],"replies":[{"embeddable":true,"href":"https:\/\/apuntesdesanluis.com\/index.php\/wp-json\/wp\/v2\/comments?post=17708"}],"version-history":[{"count":4,"href":"https:\/\/apuntesdesanluis.com\/index.php\/wp-json\/wp\/v2\/posts\/17708\/revisions"}],"predecessor-version":[{"id":17713,"href":"https:\/\/apuntesdesanluis.com\/index.php\/wp-json\/wp\/v2\/posts\/17708\/revisions\/17713"}],"wp:featuredmedia":[{"embeddable":true,"href":"https:\/\/apuntesdesanluis.com\/index.php\/wp-json\/wp\/v2\/media\/17709"}],"wp:attachment":[{"href":"https:\/\/apuntesdesanluis.com\/index.php\/wp-json\/wp\/v2\/media?parent=17708"}],"wp:term":[{"taxonomy":"category","embeddable":true,"href":"https:\/\/apuntesdesanluis.com\/index.php\/wp-json\/wp\/v2\/categories?post=17708"},{"taxonomy":"post_tag","embeddable":true,"href":"https:\/\/apuntesdesanluis.com\/index.php\/wp-json\/wp\/v2\/tags?post=17708"}],"curies":[{"name":"wp","href":"https:\/\/api.w.org\/{rel}","templated":true}]}}