{"id":17718,"date":"2024-06-11T20:22:29","date_gmt":"2024-06-11T23:22:29","guid":{"rendered":"https:\/\/apuntesdesanluis.com\/?p=17718"},"modified":"2024-06-11T20:22:29","modified_gmt":"2024-06-11T23:22:29","slug":"no-descartan-intencionalidad-en-el-incendio-de-un-auto-que-se-encontraba-estacionado","status":"publish","type":"post","link":"https:\/\/apuntesdesanluis.com\/index.php\/2024\/06\/11\/no-descartan-intencionalidad-en-el-incendio-de-un-auto-que-se-encontraba-estacionado\/","title":{"rendered":"NO DESCARTAN INTENCIONALIDAD EN EL INCENDIO DE UN AUTO QUE SE ENCONTRABA ESTACIONADO"},"content":{"rendered":"<h3>Durante la madrugada de este martes, por razones que se tratan de establecer, se produjo el incendio de un auto Peugeot 208 en una casa de la manzana 317 del barrio 400 Viviendas Sur de la ciudad de San Luis.<\/h3>\n<h3>De acuerdo a la informaci\u00f3n, el veh\u00edculo estaba estacionado al costado de la vivienda, en una especie de garage abierto. Personal policial de la Comisar\u00eda Seccional 23\u00b0 acudi\u00f3 al lugar y se entrevist\u00f3 con la propietaria, una mujer de 43 a\u00f1os de edad, que al momento del siniestro descansaba junto a su familia.<\/h3>\n<h3>Efectivos del Cuartel 5 de la Direcci\u00f3n General de Bomberos de la Polic\u00eda sofocaron las llamas, las cuales tambi\u00e9n alcanzaron un aire acondicionado ubicado en la pared lateral de la casa.<\/h3>\n<p><img fetchpriority=\"high\" decoding=\"async\" class=\"wp-image-17720 aligncenter\" src=\"https:\/\/apuntesdesanluis.com\/wp-content\/uploads\/2024\/06\/auto-quemado-300x208.jpg\" alt=\"\" width=\"658\" height=\"456\" srcset=\"https:\/\/apuntesdesanluis.com\/wp-content\/uploads\/2024\/06\/auto-quemado-300x208.jpg 300w, https:\/\/apuntesdesanluis.com\/wp-content\/uploads\/2024\/06\/auto-quemado.jpg 600w\" sizes=\"(max-width: 658px) 100vw, 658px\" \/><\/p>\n<h3>Fuentes policiales indicaron que los da\u00f1os en el autom\u00f3vil fueron totales y no se registraron heridos.<\/h3>\n<h3>En el lugar tambi\u00e9n se hizo presente personal de Polic\u00eda Cient\u00edfica, quienes llevaron a cabo las tareas correspondientes.<\/h3>\n<h3>El hecho de que el siniestro haya acontecido en horas de la noche, cuando el autom\u00f3vil se encontraba resguardado, hace pensar en la posibilidad de que se trate de un incendio intencional.<\/h3>\n<p>&nbsp;<\/p>\n<p>&nbsp;<\/p>\n<p>&nbsp;<\/p>\n<p>&nbsp;<\/p>\n<p>&nbsp;<\/p>\n<p>&nbsp;<\/p>\n","protected":false},"excerpt":{"rendered":"<p>Durante la madrugada de este martes, por razones que se tratan de establecer, se produjo&#8230;<\/p>\n","protected":false},"author":1,"featured_media":17719,"comment_status":"closed","ping_status":"closed","sticky":false,"template":"","format":"standard","meta":{"footnotes":""},"categories":[6],"tags":[],"class_list":["post-17718","post","type-post","status-publish","format-standard","has-post-thumbnail","hentry","category-ciudad-provincia"],"yoast_head":"<!-- This site is optimized with the Yoast SEO plugin v26.1.1 - https:\/\/yoast.com\/wordpress\/plugins\/seo\/ -->\n<title>NO DESCARTAN INTENCIONALIDAD EN EL INCENDIO DE UN AUTO QUE SE ENCONTRABA ESTACIONADO - Apuntes de San Luis<\/title>\n<meta name=\"robots\" content=\"index, follow, max-snippet:-1, max-image-preview:large, max-video-preview:-1\" \/>\n<link rel=\"canonical\" href=\"https:\/\/apuntesdesanluis.com\/index.php\/2024\/06\/11\/no-descartan-intencionalidad-en-el-incendio-de-un-auto-que-se-encontraba-estacionado\/\" \/>\n<meta property=\"og:locale\" content=\"es_ES\" \/>\n<meta property=\"og:type\" content=\"article\" \/>\n<meta property=\"og:title\" content=\"NO DESCARTAN INTENCIONALIDAD EN EL INCENDIO DE UN AUTO QUE SE ENCONTRABA ESTACIONADO - Apuntes de San Luis\" \/>\n<meta property=\"og:description\" content=\"Durante la madrugada de este martes, por razones que se tratan de establecer, se produjo...\" \/>\n<meta property=\"og:url\" content=\"https:\/\/apuntesdesanluis.com\/index.php\/2024\/06\/11\/no-descartan-intencionalidad-en-el-incendio-de-un-auto-que-se-encontraba-estacionado\/\" \/>\n<meta property=\"og:site_name\" content=\"Apuntes de San Luis\" \/>\n<meta property=\"article:published_time\" content=\"2024-06-11T23:22:29+00:00\" \/>\n<meta property=\"og:image\" content=\"https:\/\/apuntesdesanluis.com\/wp-content\/uploads\/2024\/06\/auto-en-llamas.jpg\" \/>\n\t<meta property=\"og:image:width\" content=\"581\" \/>\n\t<meta property=\"og:image:height\" content=\"336\" \/>\n\t<meta property=\"og:image:type\" content=\"image\/jpeg\" \/>\n<meta name=\"author\" content=\"apuntesdesanluis.com\" \/>\n<meta name=\"twitter:card\" content=\"summary_large_image\" \/>\n<meta name=\"twitter:label1\" content=\"Escrito por\" \/>\n\t<meta name=\"twitter:data1\" content=\"apuntesdesanluis.com\" \/>\n\t<meta name=\"twitter:label2\" content=\"Tiempo de lectura\" \/>\n\t<meta name=\"twitter:data2\" content=\"2 minutos\" \/>\n<script type=\"application\/ld+json\" class=\"yoast-schema-graph\">{\"@context\":\"https:\/\/schema.org\",\"@graph\":[{\"@type\":\"Article\",\"@id\":\"https:\/\/apuntesdesanluis.com\/index.php\/2024\/06\/11\/no-descartan-intencionalidad-en-el-incendio-de-un-auto-que-se-encontraba-estacionado\/#article\",\"isPartOf\":{\"@id\":\"https:\/\/apuntesdesanluis.com\/index.php\/2024\/06\/11\/no-descartan-intencionalidad-en-el-incendio-de-un-auto-que-se-encontraba-estacionado\/\"},\"author\":{\"name\":\"apuntesdesanluis.com\",\"@id\":\"https:\/\/apuntesdesanluis.com\/#\/schema\/person\/b55151d52296fcce64d1a72538a70b90\"},\"headline\":\"NO DESCARTAN INTENCIONALIDAD EN EL INCENDIO DE UN AUTO QUE SE ENCONTRABA ESTACIONADO\",\"datePublished\":\"2024-06-11T23:22:29+00:00\",\"mainEntityOfPage\":{\"@id\":\"https:\/\/apuntesdesanluis.com\/index.php\/2024\/06\/11\/no-descartan-intencionalidad-en-el-incendio-de-un-auto-que-se-encontraba-estacionado\/\"},\"wordCount\":216,\"publisher\":{\"@id\":\"https:\/\/apuntesdesanluis.com\/#\/schema\/person\/b55151d52296fcce64d1a72538a70b90\"},\"image\":{\"@id\":\"https:\/\/apuntesdesanluis.com\/index.php\/2024\/06\/11\/no-descartan-intencionalidad-en-el-incendio-de-un-auto-que-se-encontraba-estacionado\/#primaryimage\"},\"thumbnailUrl\":\"https:\/\/apuntesdesanluis.com\/wp-content\/uploads\/2024\/06\/auto-en-llamas.jpg\",\"articleSection\":[\"Ciudad\/Provincia\"],\"inLanguage\":\"es-AR\"},{\"@type\":\"WebPage\",\"@id\":\"https:\/\/apuntesdesanluis.com\/index.php\/2024\/06\/11\/no-descartan-intencionalidad-en-el-incendio-de-un-auto-que-se-encontraba-estacionado\/\",\"url\":\"https:\/\/apuntesdesanluis.com\/index.php\/2024\/06\/11\/no-descartan-intencionalidad-en-el-incendio-de-un-auto-que-se-encontraba-estacionado\/\",\"name\":\"NO DESCARTAN INTENCIONALIDAD EN EL INCENDIO DE UN AUTO QUE SE ENCONTRABA ESTACIONADO - Apuntes de San Luis\",\"isPartOf\":{\"@id\":\"https:\/\/apuntesdesanluis.com\/#website\"},\"primaryImageOfPage\":{\"@id\":\"https:\/\/apuntesdesanluis.com\/index.php\/2024\/06\/11\/no-descartan-intencionalidad-en-el-incendio-de-un-auto-que-se-encontraba-estacionado\/#primaryimage\"},\"image\":{\"@id\":\"https:\/\/apuntesdesanluis.com\/index.php\/2024\/06\/11\/no-descartan-intencionalidad-en-el-incendio-de-un-auto-que-se-encontraba-estacionado\/#primaryimage\"},\"thumbnailUrl\":\"https:\/\/apuntesdesanluis.com\/wp-content\/uploads\/2024\/06\/auto-en-llamas.jpg\",\"datePublished\":\"2024-06-11T23:22:29+00:00\",\"breadcrumb\":{\"@id\":\"https:\/\/apuntesdesanluis.com\/index.php\/2024\/06\/11\/no-descartan-intencionalidad-en-el-incendio-de-un-auto-que-se-encontraba-estacionado\/#breadcrumb\"},\"inLanguage\":\"es-AR\",\"potentialAction\":[{\"@type\":\"ReadAction\",\"target\":[\"https:\/\/apuntesdesanluis.com\/index.php\/2024\/06\/11\/no-descartan-intencionalidad-en-el-incendio-de-un-auto-que-se-encontraba-estacionado\/\"]}]},{\"@type\":\"ImageObject\",\"inLanguage\":\"es-AR\",\"@id\":\"https:\/\/apuntesdesanluis.com\/index.php\/2024\/06\/11\/no-descartan-intencionalidad-en-el-incendio-de-un-auto-que-se-encontraba-estacionado\/#primaryimage\",\"url\":\"https:\/\/apuntesdesanluis.com\/wp-content\/uploads\/2024\/06\/auto-en-llamas.jpg\",\"contentUrl\":\"https:\/\/apuntesdesanluis.com\/wp-content\/uploads\/2024\/06\/auto-en-llamas.jpg\",\"width\":581,\"height\":336},{\"@type\":\"BreadcrumbList\",\"@id\":\"https:\/\/apuntesdesanluis.com\/index.php\/2024\/06\/11\/no-descartan-intencionalidad-en-el-incendio-de-un-auto-que-se-encontraba-estacionado\/#breadcrumb\",\"itemListElement\":[{\"@type\":\"ListItem\",\"position\":1,\"name\":\"Inicio\",\"item\":\"https:\/\/apuntesdesanluis.com\/\"},{\"@type\":\"ListItem\",\"position\":2,\"name\":\"NO DESCARTAN INTENCIONALIDAD EN EL INCENDIO DE UN AUTO QUE SE ENCONTRABA ESTACIONADO\"}]},{\"@type\":\"WebSite\",\"@id\":\"https:\/\/apuntesdesanluis.com\/#website\",\"url\":\"https:\/\/apuntesdesanluis.com\/\",\"name\":\"Apuntes de San Luis\",\"description\":\"\",\"publisher\":{\"@id\":\"https:\/\/apuntesdesanluis.com\/#\/schema\/person\/b55151d52296fcce64d1a72538a70b90\"},\"potentialAction\":[{\"@type\":\"SearchAction\",\"target\":{\"@type\":\"EntryPoint\",\"urlTemplate\":\"https:\/\/apuntesdesanluis.com\/?s={search_term_string}\"},\"query-input\":{\"@type\":\"PropertyValueSpecification\",\"valueRequired\":true,\"valueName\":\"search_term_string\"}}],\"inLanguage\":\"es-AR\"},{\"@type\":[\"Person\",\"Organization\"],\"@id\":\"https:\/\/apuntesdesanluis.com\/#\/schema\/person\/b55151d52296fcce64d1a72538a70b90\",\"name\":\"apuntesdesanluis.com\",\"image\":{\"@type\":\"ImageObject\",\"inLanguage\":\"es-AR\",\"@id\":\"https:\/\/apuntesdesanluis.com\/#\/schema\/person\/image\/\",\"url\":\"https:\/\/apuntesdesanluis.com\/wp-content\/uploads\/2023\/07\/cropped-apuntesdesanluis.png\",\"contentUrl\":\"https:\/\/apuntesdesanluis.com\/wp-content\/uploads\/2023\/07\/cropped-apuntesdesanluis.png\",\"width\":450,\"height\":112,\"caption\":\"apuntesdesanluis.com\"},\"logo\":{\"@id\":\"https:\/\/apuntesdesanluis.com\/#\/schema\/person\/image\/\"},\"sameAs\":[\"https:\/\/apuntesdesanluis.com\"],\"url\":\"https:\/\/apuntesdesanluis.com\/index.php\/author\/apuntesdesanluis-com\/\"}]}<\/script>\n<!-- \/ Yoast SEO plugin. -->","yoast_head_json":{"title":"NO DESCARTAN INTENCIONALIDAD EN EL INCENDIO DE UN AUTO QUE SE ENCONTRABA ESTACIONADO - Apuntes de San Luis","robots":{"index":"index","follow":"follow","max-snippet":"max-snippet:-1","max-image-preview":"max-image-preview:large","max-video-preview":"max-video-preview:-1"},"canonical":"https:\/\/apuntesdesanluis.com\/index.php\/2024\/06\/11\/no-descartan-intencionalidad-en-el-incendio-de-un-auto-que-se-encontraba-estacionado\/","og_locale":"es_ES","og_type":"article","og_title":"NO DESCARTAN INTENCIONALIDAD EN EL INCENDIO DE UN AUTO QUE SE ENCONTRABA ESTACIONADO - Apuntes de San Luis","og_description":"Durante la madrugada de este martes, por razones que se tratan de establecer, se produjo...","og_url":"https:\/\/apuntesdesanluis.com\/index.php\/2024\/06\/11\/no-descartan-intencionalidad-en-el-incendio-de-un-auto-que-se-encontraba-estacionado\/","og_site_name":"Apuntes de San Luis","article_published_time":"2024-06-11T23:22:29+00:00","og_image":[{"width":581,"height":336,"url":"https:\/\/apuntesdesanluis.com\/wp-content\/uploads\/2024\/06\/auto-en-llamas.jpg","type":"image\/jpeg"}],"author":"apuntesdesanluis.com","twitter_card":"summary_large_image","twitter_misc":{"Escrito por":"apuntesdesanluis.com","Tiempo de lectura":"2 minutos"},"schema":{"@context":"https:\/\/schema.org","@graph":[{"@type":"Article","@id":"https:\/\/apuntesdesanluis.com\/index.php\/2024\/06\/11\/no-descartan-intencionalidad-en-el-incendio-de-un-auto-que-se-encontraba-estacionado\/#article","isPartOf":{"@id":"https:\/\/apuntesdesanluis.com\/index.php\/2024\/06\/11\/no-descartan-intencionalidad-en-el-incendio-de-un-auto-que-se-encontraba-estacionado\/"},"author":{"name":"apuntesdesanluis.com","@id":"https:\/\/apuntesdesanluis.com\/#\/schema\/person\/b55151d52296fcce64d1a72538a70b90"},"headline":"NO DESCARTAN INTENCIONALIDAD EN EL INCENDIO DE UN AUTO QUE SE ENCONTRABA ESTACIONADO","datePublished":"2024-06-11T23:22:29+00:00","mainEntityOfPage":{"@id":"https:\/\/apuntesdesanluis.com\/index.php\/2024\/06\/11\/no-descartan-intencionalidad-en-el-incendio-de-un-auto-que-se-encontraba-estacionado\/"},"wordCount":216,"publisher":{"@id":"https:\/\/apuntesdesanluis.com\/#\/schema\/person\/b55151d52296fcce64d1a72538a70b90"},"image":{"@id":"https:\/\/apuntesdesanluis.com\/index.php\/2024\/06\/11\/no-descartan-intencionalidad-en-el-incendio-de-un-auto-que-se-encontraba-estacionado\/#primaryimage"},"thumbnailUrl":"https:\/\/apuntesdesanluis.com\/wp-content\/uploads\/2024\/06\/auto-en-llamas.jpg","articleSection":["Ciudad\/Provincia"],"inLanguage":"es-AR"},{"@type":"WebPage","@id":"https:\/\/apuntesdesanluis.com\/index.php\/2024\/06\/11\/no-descartan-intencionalidad-en-el-incendio-de-un-auto-que-se-encontraba-estacionado\/","url":"https:\/\/apuntesdesanluis.com\/index.php\/2024\/06\/11\/no-descartan-intencionalidad-en-el-incendio-de-un-auto-que-se-encontraba-estacionado\/","name":"NO DESCARTAN INTENCIONALIDAD EN EL INCENDIO DE UN AUTO QUE SE ENCONTRABA ESTACIONADO - Apuntes de San Luis","isPartOf":{"@id":"https:\/\/apuntesdesanluis.com\/#website"},"primaryImageOfPage":{"@id":"https:\/\/apuntesdesanluis.com\/index.php\/2024\/06\/11\/no-descartan-intencionalidad-en-el-incendio-de-un-auto-que-se-encontraba-estacionado\/#primaryimage"},"image":{"@id":"https:\/\/apuntesdesanluis.com\/index.php\/2024\/06\/11\/no-descartan-intencionalidad-en-el-incendio-de-un-auto-que-se-encontraba-estacionado\/#primaryimage"},"thumbnailUrl":"https:\/\/apuntesdesanluis.com\/wp-content\/uploads\/2024\/06\/auto-en-llamas.jpg","datePublished":"2024-06-11T23:22:29+00:00","breadcrumb":{"@id":"https:\/\/apuntesdesanluis.com\/index.php\/2024\/06\/11\/no-descartan-intencionalidad-en-el-incendio-de-un-auto-que-se-encontraba-estacionado\/#breadcrumb"},"inLanguage":"es-AR","potentialAction":[{"@type":"ReadAction","target":["https:\/\/apuntesdesanluis.com\/index.php\/2024\/06\/11\/no-descartan-intencionalidad-en-el-incendio-de-un-auto-que-se-encontraba-estacionado\/"]}]},{"@type":"ImageObject","inLanguage":"es-AR","@id":"https:\/\/apuntesdesanluis.com\/index.php\/2024\/06\/11\/no-descartan-intencionalidad-en-el-incendio-de-un-auto-que-se-encontraba-estacionado\/#primaryimage","url":"https:\/\/apuntesdesanluis.com\/wp-content\/uploads\/2024\/06\/auto-en-llamas.jpg","contentUrl":"https:\/\/apuntesdesanluis.com\/wp-content\/uploads\/2024\/06\/auto-en-llamas.jpg","width":581,"height":336},{"@type":"BreadcrumbList","@id":"https:\/\/apuntesdesanluis.com\/index.php\/2024\/06\/11\/no-descartan-intencionalidad-en-el-incendio-de-un-auto-que-se-encontraba-estacionado\/#breadcrumb","itemListElement":[{"@type":"ListItem","position":1,"name":"Inicio","item":"https:\/\/apuntesdesanluis.com\/"},{"@type":"ListItem","position":2,"name":"NO DESCARTAN INTENCIONALIDAD EN EL INCENDIO DE UN AUTO QUE SE ENCONTRABA ESTACIONADO"}]},{"@type":"WebSite","@id":"https:\/\/apuntesdesanluis.com\/#website","url":"https:\/\/apuntesdesanluis.com\/","name":"Apuntes de San Luis","description":"","publisher":{"@id":"https:\/\/apuntesdesanluis.com\/#\/schema\/person\/b55151d52296fcce64d1a72538a70b90"},"potentialAction":[{"@type":"SearchAction","target":{"@type":"EntryPoint","urlTemplate":"https:\/\/apuntesdesanluis.com\/?s={search_term_string}"},"query-input":{"@type":"PropertyValueSpecification","valueRequired":true,"valueName":"search_term_string"}}],"inLanguage":"es-AR"},{"@type":["Person","Organization"],"@id":"https:\/\/apuntesdesanluis.com\/#\/schema\/person\/b55151d52296fcce64d1a72538a70b90","name":"apuntesdesanluis.com","image":{"@type":"ImageObject","inLanguage":"es-AR","@id":"https:\/\/apuntesdesanluis.com\/#\/schema\/person\/image\/","url":"https:\/\/apuntesdesanluis.com\/wp-content\/uploads\/2023\/07\/cropped-apuntesdesanluis.png","contentUrl":"https:\/\/apuntesdesanluis.com\/wp-content\/uploads\/2023\/07\/cropped-apuntesdesanluis.png","width":450,"height":112,"caption":"apuntesdesanluis.com"},"logo":{"@id":"https:\/\/apuntesdesanluis.com\/#\/schema\/person\/image\/"},"sameAs":["https:\/\/apuntesdesanluis.com"],"url":"https:\/\/apuntesdesanluis.com\/index.php\/author\/apuntesdesanluis-com\/"}]}},"featured_image_urls":{"full":["https:\/\/apuntesdesanluis.com\/wp-content\/uploads\/2024\/06\/auto-en-llamas.jpg",581,336,false],"thumbnail":["https:\/\/apuntesdesanluis.com\/wp-content\/uploads\/2024\/06\/auto-en-llamas-150x150.jpg",150,150,true],"medium":["https:\/\/apuntesdesanluis.com\/wp-content\/uploads\/2024\/06\/auto-en-llamas-300x173.jpg",300,173,true],"medium_large":["https:\/\/apuntesdesanluis.com\/wp-content\/uploads\/2024\/06\/auto-en-llamas.jpg",581,336,false],"large":["https:\/\/apuntesdesanluis.com\/wp-content\/uploads\/2024\/06\/auto-en-llamas.jpg",581,336,false],"1536x1536":["https:\/\/apuntesdesanluis.com\/wp-content\/uploads\/2024\/06\/auto-en-llamas.jpg",581,336,false],"2048x2048":["https:\/\/apuntesdesanluis.com\/wp-content\/uploads\/2024\/06\/auto-en-llamas.jpg",581,336,false],"newsever-slider-full":["https:\/\/apuntesdesanluis.com\/wp-content\/uploads\/2024\/06\/auto-en-llamas.jpg",581,336,false],"newsever-featured":["https:\/\/apuntesdesanluis.com\/wp-content\/uploads\/2024\/06\/auto-en-llamas.jpg",581,336,false],"newsever-medium":["https:\/\/apuntesdesanluis.com\/wp-content\/uploads\/2024\/06\/auto-en-llamas.jpg",581,336,false]},"author_info":{"display_name":"apuntesdesanluis.com","author_link":"https:\/\/apuntesdesanluis.com\/index.php\/author\/apuntesdesanluis-com\/"},"category_info":"<a href=\"https:\/\/apuntesdesanluis.com\/index.php\/category\/ciudad-provincia\/\" rel=\"category tag\">Ciudad\/Provincia<\/a>","tag_info":"Ciudad\/Provincia","comment_count":"0","_links":{"self":[{"href":"https:\/\/apuntesdesanluis.com\/index.php\/wp-json\/wp\/v2\/posts\/17718","targetHints":{"allow":["GET"]}}],"collection":[{"href":"https:\/\/apuntesdesanluis.com\/index.php\/wp-json\/wp\/v2\/posts"}],"about":[{"href":"https:\/\/apuntesdesanluis.com\/index.php\/wp-json\/wp\/v2\/types\/post"}],"author":[{"embeddable":true,"href":"https:\/\/apuntesdesanluis.com\/index.php\/wp-json\/wp\/v2\/users\/1"}],"replies":[{"embeddable":true,"href":"https:\/\/apuntesdesanluis.com\/index.php\/wp-json\/wp\/v2\/comments?post=17718"}],"version-history":[{"count":1,"href":"https:\/\/apuntesdesanluis.com\/index.php\/wp-json\/wp\/v2\/posts\/17718\/revisions"}],"predecessor-version":[{"id":17721,"href":"https:\/\/apuntesdesanluis.com\/index.php\/wp-json\/wp\/v2\/posts\/17718\/revisions\/17721"}],"wp:featuredmedia":[{"embeddable":true,"href":"https:\/\/apuntesdesanluis.com\/index.php\/wp-json\/wp\/v2\/media\/17719"}],"wp:attachment":[{"href":"https:\/\/apuntesdesanluis.com\/index.php\/wp-json\/wp\/v2\/media?parent=17718"}],"wp:term":[{"taxonomy":"category","embeddable":true,"href":"https:\/\/apuntesdesanluis.com\/index.php\/wp-json\/wp\/v2\/categories?post=17718"},{"taxonomy":"post_tag","embeddable":true,"href":"https:\/\/apuntesdesanluis.com\/index.php\/wp-json\/wp\/v2\/tags?post=17718"}],"curies":[{"name":"wp","href":"https:\/\/api.w.org\/{rel}","templated":true}]}}