{"id":17722,"date":"2024-06-11T20:57:30","date_gmt":"2024-06-11T23:57:30","guid":{"rendered":"https:\/\/apuntesdesanluis.com\/?p=17722"},"modified":"2024-06-11T22:14:47","modified_gmt":"2024-06-12T01:14:47","slug":"la-universidad-nacional-de-las-artes-instalara-en-villa-mercedes-un-centro-de-extension","status":"publish","type":"post","link":"https:\/\/apuntesdesanluis.com\/index.php\/2024\/06\/11\/la-universidad-nacional-de-las-artes-instalara-en-villa-mercedes-un-centro-de-extension\/","title":{"rendered":"LA UNIVERSIDAD NACIONAL DE LAS ARTES INSTALAR\u00c1 EN VILLA MERCEDES UN CENTRO DE EXTENSI\u00d3N"},"content":{"rendered":"<h3>La primicia la dio el propio intendente municipal <strong>Maximiliano Frontera<\/strong>, entrevistado por los periodistas <strong>Daniel Arce<\/strong> y<strong> Giuliana Luffi,<\/strong> en el programa \u201cLa voz de la ma\u00f1ana\u201d, que conduce por radio <strong>FM La Voz<\/strong> (97.9 MHz).<\/h3>\n<h3><strong>Villa Mercedes<\/strong> se consolida, de este modo, como un importante polo universitario del centro del pa\u00eds, dada la existencia de tres universidades p\u00fablicas (UNSL, UNViMe y UNA), otras privadas (Aconcagua), el IFDC e institutos terciarios.<\/h3>\n<h3>El jefe comunal adelant\u00f3 que esta decisi\u00f3n se concreta en el marco del convenio que suscribi\u00f3 la Municipalidad local con la Universidad Nacional de las Artes (UNA) y tras una primera diplomatura que se dict\u00f3, ahora se ofrecer\u00e1 una carrera de grado, que ser\u00e1 una Tecnicatura en Folclore.<\/h3>\n<p><img fetchpriority=\"high\" decoding=\"async\" class=\"wp-image-17728 aligncenter\" src=\"https:\/\/apuntesdesanluis.com\/wp-content\/uploads\/2024\/06\/CONVENIO-300x183.png\" alt=\"\" width=\"652\" height=\"398\" srcset=\"https:\/\/apuntesdesanluis.com\/wp-content\/uploads\/2024\/06\/CONVENIO-300x183.png 300w, https:\/\/apuntesdesanluis.com\/wp-content\/uploads\/2024\/06\/CONVENIO.png 600w\" sizes=\"(max-width: 652px) 100vw, 652px\" \/><\/p>\n<h3>Precis\u00f3 adem\u00e1s que los d\u00edas 8 y 9 de julio llegar\u00e1n representantes de la casa de estudios para firmar un acuerdo espec\u00edfico, con el objetivo de concretar la apertura de un <strong>Centro de Extensi\u00f3n<\/strong> en Villa Mercedes y comenzar a dictar carreras.<\/h3>\n<h3>En ese marco y a modo de primicia, Frontera remarc\u00f3 que dictar\u00e1n carreras de grado, dentro de ellas la <strong>Tecnicatura en Folclore<\/strong>, que tendr\u00e1 una duraci\u00f3n de tres a\u00f1os.<\/h3>\n<h3>\u201cQue el centro de extensi\u00f3n venga ac\u00e1 es muy positivo, porque muchos chicos del interior de la provincia eligen venir a Villa Mercedes por la oferta acad\u00e9mica que tenemos en la ciudad y que sigue creciendo\u201d, expres\u00f3.<\/h3>\n<h3>Por otro lado, el intendente dijo que seguir\u00e1n organizando la <strong>Expo al Futuro<\/strong>, para que los estudiantes de los \u00faltimos a\u00f1os de la escuela secundaria conozcan toda la oferta que hay en Villa Mercedes.<\/h3>\n<h3>En otro segmento Maximiliano Frontera confirm\u00f3 que este a\u00f1o se proyecta realizar nuevamente <strong>La Feria del Libro<\/strong>. \u201cPero van a tener prioridad nuestros escritores, nuestra gente. Y que ellos nos digan c\u00f3mo les gustar\u00eda que l hagamos, si tenemos que traer a alguien de afuera que sean ellos los que nos digan\u201d, expres\u00f3.<\/h3>\n<div style=\"width: 480px;\" class=\"wp-video\"><!--[if lt IE 9]><script>document.createElement('video');<\/script><![endif]-->\n<video class=\"wp-video-shortcode\" id=\"video-17722-1\" width=\"480\" height=\"848\" preload=\"metadata\" controls=\"controls\"><source type=\"video\/mp4\" src=\"https:\/\/apuntesdesanluis.com\/wp-content\/uploads\/2024\/06\/mAXI-2.mp4?_=1\" \/><a href=\"https:\/\/apuntesdesanluis.com\/wp-content\/uploads\/2024\/06\/mAXI-2.mp4\">https:\/\/apuntesdesanluis.com\/wp-content\/uploads\/2024\/06\/mAXI-2.mp4<\/a><\/video><\/div>\n<h3>Adem\u00e1s enfatiz\u00f3 que el objetivo es continuar con lo bueno que hizo la gesti\u00f3n anterior, como terminar con el Centro Comercial de la Zona Estaci\u00f3n. \u201cTenemos que trabajar siempre en conjunto, terminamos ese proyecto por ejemplo, y con la Feria del Libro tambi\u00e9n lo vamos a hacer\u201d, dijo.<\/h3>\n<h3>Consultado finalmente en torno de su relaci\u00f3n con el gobernador Claudio Poggi, indic\u00f3: \u201cYo respeto el voto popular. Y tengo que ser coherente con lo que digo y con lo que hago: si yo pido respeto y gobernabilidad, tengo que dar respeto y gobernabilidad\u201d.<\/h3>\n<div style=\"width: 480px;\" class=\"wp-video\"><video class=\"wp-video-shortcode\" id=\"video-17722-2\" width=\"480\" height=\"848\" preload=\"metadata\" controls=\"controls\"><source type=\"video\/mp4\" src=\"https:\/\/apuntesdesanluis.com\/wp-content\/uploads\/2024\/06\/MAXI-1.mp4?_=2\" \/><a href=\"https:\/\/apuntesdesanluis.com\/wp-content\/uploads\/2024\/06\/MAXI-1.mp4\">https:\/\/apuntesdesanluis.com\/wp-content\/uploads\/2024\/06\/MAXI-1.mp4<\/a><\/video><\/div>\n<p>&nbsp;<\/p>\n<p>&nbsp;<\/p>\n<p>&nbsp;<\/p>\n<p>&nbsp;<\/p>\n<p>&nbsp;<\/p>\n<p>&nbsp;<\/p>\n<p>&nbsp;<\/p>\n","protected":false},"excerpt":{"rendered":"<p>La primicia la dio el propio intendente municipal Maximiliano Frontera, entrevistado por los periodistas Daniel&#8230;<\/p>\n","protected":false},"author":1,"featured_media":17723,"comment_status":"closed","ping_status":"closed","sticky":false,"template":"","format":"standard","meta":{"footnotes":""},"categories":[6],"tags":[],"class_list":["post-17722","post","type-post","status-publish","format-standard","has-post-thumbnail","hentry","category-ciudad-provincia"],"yoast_head":"<!-- This site is optimized with the Yoast SEO plugin v26.1.1 - https:\/\/yoast.com\/wordpress\/plugins\/seo\/ -->\n<title>LA UNIVERSIDAD NACIONAL DE LAS ARTES INSTALAR\u00c1 EN VILLA MERCEDES UN CENTRO DE EXTENSI\u00d3N - Apuntes de San Luis<\/title>\n<meta name=\"robots\" content=\"index, follow, max-snippet:-1, max-image-preview:large, max-video-preview:-1\" \/>\n<link rel=\"canonical\" href=\"https:\/\/apuntesdesanluis.com\/index.php\/2024\/06\/11\/la-universidad-nacional-de-las-artes-instalara-en-villa-mercedes-un-centro-de-extension\/\" \/>\n<meta property=\"og:locale\" content=\"es_ES\" \/>\n<meta property=\"og:type\" content=\"article\" \/>\n<meta property=\"og:title\" content=\"LA UNIVERSIDAD NACIONAL DE LAS ARTES INSTALAR\u00c1 EN VILLA MERCEDES UN CENTRO DE EXTENSI\u00d3N - Apuntes de San Luis\" \/>\n<meta property=\"og:description\" content=\"La primicia la dio el propio intendente municipal Maximiliano Frontera, entrevistado por los periodistas Daniel...\" \/>\n<meta property=\"og:url\" content=\"https:\/\/apuntesdesanluis.com\/index.php\/2024\/06\/11\/la-universidad-nacional-de-las-artes-instalara-en-villa-mercedes-un-centro-de-extension\/\" \/>\n<meta property=\"og:site_name\" content=\"Apuntes de San Luis\" \/>\n<meta property=\"article:published_time\" content=\"2024-06-11T23:57:30+00:00\" \/>\n<meta property=\"article:modified_time\" content=\"2024-06-12T01:14:47+00:00\" \/>\n<meta property=\"og:image\" content=\"https:\/\/apuntesdesanluis.com\/wp-content\/uploads\/2024\/06\/maxi-x-3.png\" \/>\n\t<meta property=\"og:image:width\" content=\"480\" \/>\n\t<meta property=\"og:image:height\" content=\"224\" \/>\n\t<meta property=\"og:image:type\" content=\"image\/png\" \/>\n<meta name=\"author\" content=\"apuntesdesanluis.com\" \/>\n<meta name=\"twitter:card\" content=\"summary_large_image\" \/>\n<meta name=\"twitter:label1\" content=\"Escrito por\" \/>\n\t<meta name=\"twitter:data1\" content=\"apuntesdesanluis.com\" \/>\n\t<meta name=\"twitter:label2\" content=\"Tiempo de lectura\" \/>\n\t<meta name=\"twitter:data2\" content=\"3 minutos\" \/>\n<script type=\"application\/ld+json\" class=\"yoast-schema-graph\">{\"@context\":\"https:\/\/schema.org\",\"@graph\":[{\"@type\":\"Article\",\"@id\":\"https:\/\/apuntesdesanluis.com\/index.php\/2024\/06\/11\/la-universidad-nacional-de-las-artes-instalara-en-villa-mercedes-un-centro-de-extension\/#article\",\"isPartOf\":{\"@id\":\"https:\/\/apuntesdesanluis.com\/index.php\/2024\/06\/11\/la-universidad-nacional-de-las-artes-instalara-en-villa-mercedes-un-centro-de-extension\/\"},\"author\":{\"name\":\"apuntesdesanluis.com\",\"@id\":\"https:\/\/apuntesdesanluis.com\/#\/schema\/person\/b55151d52296fcce64d1a72538a70b90\"},\"headline\":\"LA UNIVERSIDAD NACIONAL DE LAS ARTES INSTALAR\u00c1 EN VILLA MERCEDES UN CENTRO DE EXTENSI\u00d3N\",\"datePublished\":\"2024-06-11T23:57:30+00:00\",\"dateModified\":\"2024-06-12T01:14:47+00:00\",\"mainEntityOfPage\":{\"@id\":\"https:\/\/apuntesdesanluis.com\/index.php\/2024\/06\/11\/la-universidad-nacional-de-las-artes-instalara-en-villa-mercedes-un-centro-de-extension\/\"},\"wordCount\":473,\"publisher\":{\"@id\":\"https:\/\/apuntesdesanluis.com\/#\/schema\/person\/b55151d52296fcce64d1a72538a70b90\"},\"image\":{\"@id\":\"https:\/\/apuntesdesanluis.com\/index.php\/2024\/06\/11\/la-universidad-nacional-de-las-artes-instalara-en-villa-mercedes-un-centro-de-extension\/#primaryimage\"},\"thumbnailUrl\":\"https:\/\/apuntesdesanluis.com\/wp-content\/uploads\/2024\/06\/maxi-x-3.png\",\"articleSection\":[\"Ciudad\/Provincia\"],\"inLanguage\":\"es-AR\"},{\"@type\":\"WebPage\",\"@id\":\"https:\/\/apuntesdesanluis.com\/index.php\/2024\/06\/11\/la-universidad-nacional-de-las-artes-instalara-en-villa-mercedes-un-centro-de-extension\/\",\"url\":\"https:\/\/apuntesdesanluis.com\/index.php\/2024\/06\/11\/la-universidad-nacional-de-las-artes-instalara-en-villa-mercedes-un-centro-de-extension\/\",\"name\":\"LA UNIVERSIDAD NACIONAL DE LAS ARTES INSTALAR\u00c1 EN VILLA MERCEDES UN CENTRO DE EXTENSI\u00d3N - Apuntes de San Luis\",\"isPartOf\":{\"@id\":\"https:\/\/apuntesdesanluis.com\/#website\"},\"primaryImageOfPage\":{\"@id\":\"https:\/\/apuntesdesanluis.com\/index.php\/2024\/06\/11\/la-universidad-nacional-de-las-artes-instalara-en-villa-mercedes-un-centro-de-extension\/#primaryimage\"},\"image\":{\"@id\":\"https:\/\/apuntesdesanluis.com\/index.php\/2024\/06\/11\/la-universidad-nacional-de-las-artes-instalara-en-villa-mercedes-un-centro-de-extension\/#primaryimage\"},\"thumbnailUrl\":\"https:\/\/apuntesdesanluis.com\/wp-content\/uploads\/2024\/06\/maxi-x-3.png\",\"datePublished\":\"2024-06-11T23:57:30+00:00\",\"dateModified\":\"2024-06-12T01:14:47+00:00\",\"breadcrumb\":{\"@id\":\"https:\/\/apuntesdesanluis.com\/index.php\/2024\/06\/11\/la-universidad-nacional-de-las-artes-instalara-en-villa-mercedes-un-centro-de-extension\/#breadcrumb\"},\"inLanguage\":\"es-AR\",\"potentialAction\":[{\"@type\":\"ReadAction\",\"target\":[\"https:\/\/apuntesdesanluis.com\/index.php\/2024\/06\/11\/la-universidad-nacional-de-las-artes-instalara-en-villa-mercedes-un-centro-de-extension\/\"]}]},{\"@type\":\"ImageObject\",\"inLanguage\":\"es-AR\",\"@id\":\"https:\/\/apuntesdesanluis.com\/index.php\/2024\/06\/11\/la-universidad-nacional-de-las-artes-instalara-en-villa-mercedes-un-centro-de-extension\/#primaryimage\",\"url\":\"https:\/\/apuntesdesanluis.com\/wp-content\/uploads\/2024\/06\/maxi-x-3.png\",\"contentUrl\":\"https:\/\/apuntesdesanluis.com\/wp-content\/uploads\/2024\/06\/maxi-x-3.png\",\"width\":480,\"height\":224},{\"@type\":\"BreadcrumbList\",\"@id\":\"https:\/\/apuntesdesanluis.com\/index.php\/2024\/06\/11\/la-universidad-nacional-de-las-artes-instalara-en-villa-mercedes-un-centro-de-extension\/#breadcrumb\",\"itemListElement\":[{\"@type\":\"ListItem\",\"position\":1,\"name\":\"Inicio\",\"item\":\"https:\/\/apuntesdesanluis.com\/\"},{\"@type\":\"ListItem\",\"position\":2,\"name\":\"LA UNIVERSIDAD NACIONAL DE LAS ARTES INSTALAR\u00c1 EN VILLA MERCEDES UN CENTRO DE EXTENSI\u00d3N\"}]},{\"@type\":\"WebSite\",\"@id\":\"https:\/\/apuntesdesanluis.com\/#website\",\"url\":\"https:\/\/apuntesdesanluis.com\/\",\"name\":\"Apuntes de San Luis\",\"description\":\"\",\"publisher\":{\"@id\":\"https:\/\/apuntesdesanluis.com\/#\/schema\/person\/b55151d52296fcce64d1a72538a70b90\"},\"potentialAction\":[{\"@type\":\"SearchAction\",\"target\":{\"@type\":\"EntryPoint\",\"urlTemplate\":\"https:\/\/apuntesdesanluis.com\/?s={search_term_string}\"},\"query-input\":{\"@type\":\"PropertyValueSpecification\",\"valueRequired\":true,\"valueName\":\"search_term_string\"}}],\"inLanguage\":\"es-AR\"},{\"@type\":[\"Person\",\"Organization\"],\"@id\":\"https:\/\/apuntesdesanluis.com\/#\/schema\/person\/b55151d52296fcce64d1a72538a70b90\",\"name\":\"apuntesdesanluis.com\",\"image\":{\"@type\":\"ImageObject\",\"inLanguage\":\"es-AR\",\"@id\":\"https:\/\/apuntesdesanluis.com\/#\/schema\/person\/image\/\",\"url\":\"https:\/\/apuntesdesanluis.com\/wp-content\/uploads\/2023\/07\/cropped-apuntesdesanluis.png\",\"contentUrl\":\"https:\/\/apuntesdesanluis.com\/wp-content\/uploads\/2023\/07\/cropped-apuntesdesanluis.png\",\"width\":450,\"height\":112,\"caption\":\"apuntesdesanluis.com\"},\"logo\":{\"@id\":\"https:\/\/apuntesdesanluis.com\/#\/schema\/person\/image\/\"},\"sameAs\":[\"https:\/\/apuntesdesanluis.com\"],\"url\":\"https:\/\/apuntesdesanluis.com\/index.php\/author\/apuntesdesanluis-com\/\"}]}<\/script>\n<!-- \/ Yoast SEO plugin. -->","yoast_head_json":{"title":"LA UNIVERSIDAD NACIONAL DE LAS ARTES INSTALAR\u00c1 EN VILLA MERCEDES UN CENTRO DE EXTENSI\u00d3N - Apuntes de San Luis","robots":{"index":"index","follow":"follow","max-snippet":"max-snippet:-1","max-image-preview":"max-image-preview:large","max-video-preview":"max-video-preview:-1"},"canonical":"https:\/\/apuntesdesanluis.com\/index.php\/2024\/06\/11\/la-universidad-nacional-de-las-artes-instalara-en-villa-mercedes-un-centro-de-extension\/","og_locale":"es_ES","og_type":"article","og_title":"LA UNIVERSIDAD NACIONAL DE LAS ARTES INSTALAR\u00c1 EN VILLA MERCEDES UN CENTRO DE EXTENSI\u00d3N - Apuntes de San Luis","og_description":"La primicia la dio el propio intendente municipal Maximiliano Frontera, entrevistado por los periodistas Daniel...","og_url":"https:\/\/apuntesdesanluis.com\/index.php\/2024\/06\/11\/la-universidad-nacional-de-las-artes-instalara-en-villa-mercedes-un-centro-de-extension\/","og_site_name":"Apuntes de San Luis","article_published_time":"2024-06-11T23:57:30+00:00","article_modified_time":"2024-06-12T01:14:47+00:00","og_image":[{"width":480,"height":224,"url":"https:\/\/apuntesdesanluis.com\/wp-content\/uploads\/2024\/06\/maxi-x-3.png","type":"image\/png"}],"author":"apuntesdesanluis.com","twitter_card":"summary_large_image","twitter_misc":{"Escrito por":"apuntesdesanluis.com","Tiempo de lectura":"3 minutos"},"schema":{"@context":"https:\/\/schema.org","@graph":[{"@type":"Article","@id":"https:\/\/apuntesdesanluis.com\/index.php\/2024\/06\/11\/la-universidad-nacional-de-las-artes-instalara-en-villa-mercedes-un-centro-de-extension\/#article","isPartOf":{"@id":"https:\/\/apuntesdesanluis.com\/index.php\/2024\/06\/11\/la-universidad-nacional-de-las-artes-instalara-en-villa-mercedes-un-centro-de-extension\/"},"author":{"name":"apuntesdesanluis.com","@id":"https:\/\/apuntesdesanluis.com\/#\/schema\/person\/b55151d52296fcce64d1a72538a70b90"},"headline":"LA UNIVERSIDAD NACIONAL DE LAS ARTES INSTALAR\u00c1 EN VILLA MERCEDES UN CENTRO DE EXTENSI\u00d3N","datePublished":"2024-06-11T23:57:30+00:00","dateModified":"2024-06-12T01:14:47+00:00","mainEntityOfPage":{"@id":"https:\/\/apuntesdesanluis.com\/index.php\/2024\/06\/11\/la-universidad-nacional-de-las-artes-instalara-en-villa-mercedes-un-centro-de-extension\/"},"wordCount":473,"publisher":{"@id":"https:\/\/apuntesdesanluis.com\/#\/schema\/person\/b55151d52296fcce64d1a72538a70b90"},"image":{"@id":"https:\/\/apuntesdesanluis.com\/index.php\/2024\/06\/11\/la-universidad-nacional-de-las-artes-instalara-en-villa-mercedes-un-centro-de-extension\/#primaryimage"},"thumbnailUrl":"https:\/\/apuntesdesanluis.com\/wp-content\/uploads\/2024\/06\/maxi-x-3.png","articleSection":["Ciudad\/Provincia"],"inLanguage":"es-AR"},{"@type":"WebPage","@id":"https:\/\/apuntesdesanluis.com\/index.php\/2024\/06\/11\/la-universidad-nacional-de-las-artes-instalara-en-villa-mercedes-un-centro-de-extension\/","url":"https:\/\/apuntesdesanluis.com\/index.php\/2024\/06\/11\/la-universidad-nacional-de-las-artes-instalara-en-villa-mercedes-un-centro-de-extension\/","name":"LA UNIVERSIDAD NACIONAL DE LAS ARTES INSTALAR\u00c1 EN VILLA MERCEDES UN CENTRO DE EXTENSI\u00d3N - Apuntes de San Luis","isPartOf":{"@id":"https:\/\/apuntesdesanluis.com\/#website"},"primaryImageOfPage":{"@id":"https:\/\/apuntesdesanluis.com\/index.php\/2024\/06\/11\/la-universidad-nacional-de-las-artes-instalara-en-villa-mercedes-un-centro-de-extension\/#primaryimage"},"image":{"@id":"https:\/\/apuntesdesanluis.com\/index.php\/2024\/06\/11\/la-universidad-nacional-de-las-artes-instalara-en-villa-mercedes-un-centro-de-extension\/#primaryimage"},"thumbnailUrl":"https:\/\/apuntesdesanluis.com\/wp-content\/uploads\/2024\/06\/maxi-x-3.png","datePublished":"2024-06-11T23:57:30+00:00","dateModified":"2024-06-12T01:14:47+00:00","breadcrumb":{"@id":"https:\/\/apuntesdesanluis.com\/index.php\/2024\/06\/11\/la-universidad-nacional-de-las-artes-instalara-en-villa-mercedes-un-centro-de-extension\/#breadcrumb"},"inLanguage":"es-AR","potentialAction":[{"@type":"ReadAction","target":["https:\/\/apuntesdesanluis.com\/index.php\/2024\/06\/11\/la-universidad-nacional-de-las-artes-instalara-en-villa-mercedes-un-centro-de-extension\/"]}]},{"@type":"ImageObject","inLanguage":"es-AR","@id":"https:\/\/apuntesdesanluis.com\/index.php\/2024\/06\/11\/la-universidad-nacional-de-las-artes-instalara-en-villa-mercedes-un-centro-de-extension\/#primaryimage","url":"https:\/\/apuntesdesanluis.com\/wp-content\/uploads\/2024\/06\/maxi-x-3.png","contentUrl":"https:\/\/apuntesdesanluis.com\/wp-content\/uploads\/2024\/06\/maxi-x-3.png","width":480,"height":224},{"@type":"BreadcrumbList","@id":"https:\/\/apuntesdesanluis.com\/index.php\/2024\/06\/11\/la-universidad-nacional-de-las-artes-instalara-en-villa-mercedes-un-centro-de-extension\/#breadcrumb","itemListElement":[{"@type":"ListItem","position":1,"name":"Inicio","item":"https:\/\/apuntesdesanluis.com\/"},{"@type":"ListItem","position":2,"name":"LA UNIVERSIDAD NACIONAL DE LAS ARTES INSTALAR\u00c1 EN VILLA MERCEDES UN CENTRO DE EXTENSI\u00d3N"}]},{"@type":"WebSite","@id":"https:\/\/apuntesdesanluis.com\/#website","url":"https:\/\/apuntesdesanluis.com\/","name":"Apuntes de San Luis","description":"","publisher":{"@id":"https:\/\/apuntesdesanluis.com\/#\/schema\/person\/b55151d52296fcce64d1a72538a70b90"},"potentialAction":[{"@type":"SearchAction","target":{"@type":"EntryPoint","urlTemplate":"https:\/\/apuntesdesanluis.com\/?s={search_term_string}"},"query-input":{"@type":"PropertyValueSpecification","valueRequired":true,"valueName":"search_term_string"}}],"inLanguage":"es-AR"},{"@type":["Person","Organization"],"@id":"https:\/\/apuntesdesanluis.com\/#\/schema\/person\/b55151d52296fcce64d1a72538a70b90","name":"apuntesdesanluis.com","image":{"@type":"ImageObject","inLanguage":"es-AR","@id":"https:\/\/apuntesdesanluis.com\/#\/schema\/person\/image\/","url":"https:\/\/apuntesdesanluis.com\/wp-content\/uploads\/2023\/07\/cropped-apuntesdesanluis.png","contentUrl":"https:\/\/apuntesdesanluis.com\/wp-content\/uploads\/2023\/07\/cropped-apuntesdesanluis.png","width":450,"height":112,"caption":"apuntesdesanluis.com"},"logo":{"@id":"https:\/\/apuntesdesanluis.com\/#\/schema\/person\/image\/"},"sameAs":["https:\/\/apuntesdesanluis.com"],"url":"https:\/\/apuntesdesanluis.com\/index.php\/author\/apuntesdesanluis-com\/"}]}},"featured_image_urls":{"full":["https:\/\/apuntesdesanluis.com\/wp-content\/uploads\/2024\/06\/maxi-x-3.png",480,224,false],"thumbnail":["https:\/\/apuntesdesanluis.com\/wp-content\/uploads\/2024\/06\/maxi-x-3-150x150.png",150,150,true],"medium":["https:\/\/apuntesdesanluis.com\/wp-content\/uploads\/2024\/06\/maxi-x-3-300x140.png",300,140,true],"medium_large":["https:\/\/apuntesdesanluis.com\/wp-content\/uploads\/2024\/06\/maxi-x-3.png",480,224,false],"large":["https:\/\/apuntesdesanluis.com\/wp-content\/uploads\/2024\/06\/maxi-x-3.png",480,224,false],"1536x1536":["https:\/\/apuntesdesanluis.com\/wp-content\/uploads\/2024\/06\/maxi-x-3.png",480,224,false],"2048x2048":["https:\/\/apuntesdesanluis.com\/wp-content\/uploads\/2024\/06\/maxi-x-3.png",480,224,false],"newsever-slider-full":["https:\/\/apuntesdesanluis.com\/wp-content\/uploads\/2024\/06\/maxi-x-3.png",480,224,false],"newsever-featured":["https:\/\/apuntesdesanluis.com\/wp-content\/uploads\/2024\/06\/maxi-x-3.png",480,224,false],"newsever-medium":["https:\/\/apuntesdesanluis.com\/wp-content\/uploads\/2024\/06\/maxi-x-3.png",480,224,false]},"author_info":{"display_name":"apuntesdesanluis.com","author_link":"https:\/\/apuntesdesanluis.com\/index.php\/author\/apuntesdesanluis-com\/"},"category_info":"<a href=\"https:\/\/apuntesdesanluis.com\/index.php\/category\/ciudad-provincia\/\" rel=\"category tag\">Ciudad\/Provincia<\/a>","tag_info":"Ciudad\/Provincia","comment_count":"0","_links":{"self":[{"href":"https:\/\/apuntesdesanluis.com\/index.php\/wp-json\/wp\/v2\/posts\/17722","targetHints":{"allow":["GET"]}}],"collection":[{"href":"https:\/\/apuntesdesanluis.com\/index.php\/wp-json\/wp\/v2\/posts"}],"about":[{"href":"https:\/\/apuntesdesanluis.com\/index.php\/wp-json\/wp\/v2\/types\/post"}],"author":[{"embeddable":true,"href":"https:\/\/apuntesdesanluis.com\/index.php\/wp-json\/wp\/v2\/users\/1"}],"replies":[{"embeddable":true,"href":"https:\/\/apuntesdesanluis.com\/index.php\/wp-json\/wp\/v2\/comments?post=17722"}],"version-history":[{"count":9,"href":"https:\/\/apuntesdesanluis.com\/index.php\/wp-json\/wp\/v2\/posts\/17722\/revisions"}],"predecessor-version":[{"id":17750,"href":"https:\/\/apuntesdesanluis.com\/index.php\/wp-json\/wp\/v2\/posts\/17722\/revisions\/17750"}],"wp:featuredmedia":[{"embeddable":true,"href":"https:\/\/apuntesdesanluis.com\/index.php\/wp-json\/wp\/v2\/media\/17723"}],"wp:attachment":[{"href":"https:\/\/apuntesdesanluis.com\/index.php\/wp-json\/wp\/v2\/media?parent=17722"}],"wp:term":[{"taxonomy":"category","embeddable":true,"href":"https:\/\/apuntesdesanluis.com\/index.php\/wp-json\/wp\/v2\/categories?post=17722"},{"taxonomy":"post_tag","embeddable":true,"href":"https:\/\/apuntesdesanluis.com\/index.php\/wp-json\/wp\/v2\/tags?post=17722"}],"curies":[{"name":"wp","href":"https:\/\/api.w.org\/{rel}","templated":true}]}}