{"id":17748,"date":"2024-06-11T20:12:13","date_gmt":"2024-06-11T23:12:13","guid":{"rendered":"https:\/\/apuntesdesanluis.com\/?p=17748"},"modified":"2024-06-11T22:12:31","modified_gmt":"2024-06-12T01:12:31","slug":"gremios-docentes-y-no-docentes-cumplen-la-huelga-de-48-horas-por-mejoras-en-los-salarios","status":"publish","type":"post","link":"https:\/\/apuntesdesanluis.com\/index.php\/2024\/06\/11\/gremios-docentes-y-no-docentes-cumplen-la-huelga-de-48-horas-por-mejoras-en-los-salarios\/","title":{"rendered":"GREMIOS DOCENTES Y NO DOCENTES CUMPLEN LA HUELGA DE 48 HORAS POR MEJORAS EN LOS SALARIOS"},"content":{"rendered":"<h3>El reclamo gremial es por una recomposici\u00f3n salarial del personal. Advierten que si no se soluciona el conflicto \u201cposiblemente no haya toma de ex\u00e1menes ni comience el segundo cuatrimestre\u201d.<\/h3>\n<h3>La medida de fuerza comenz\u00f3 este martes y contin\u00eda el mi\u00e9rcoles, d\u00eda en que los gremios docentes y nodocente universitarios se movilizar\u00e1n rumbo al Congreso, para manifestar su oposici\u00f3n a la ley bases y el paquete fiscal que se tratar\u00e1 en el Senado de la Naci\u00f3n.<\/h3>\n<h3>El Frente Sindical de Universidades Nacionales (FSUN) emiti\u00f3 un comunicado en el que explic\u00f3 los motivos que llevan a la medida de fuerza que se cumpli\u00f3 con dispar acatamiento.<\/h3>\n<h3>El documento afirm\u00f3 que el paro establecido es en reclamo a la actualizaci\u00f3n del presupuesto 2024 para las universidades. En el escrito se plante\u00f3 que el funcionamiento de la infraestructura edilicia es \u201cesencial\u201d para poder dictar clases a los alumnos, pero que, adem\u00e1s, ese objetivo se cumple \u201cgracias al esfuerzo cotidiano de las y los trabajadores docentes y no docentes\u201d que \u201cperdieron m\u00e1s del 50% de su salario\u201d.<\/h3>\n<h3>En el texto, la agrupaci\u00f3n coment\u00f3 que hubo reuniones con el Ministerio de Capital Humano y que hasta la propia Sandra Pettovello, titular de la cartera, \u201creconoci\u00f3 la p\u00e9rdida salarial, pero que no ha tomado ninguna medida para mejorar los sueldos\u201d. Ante este escenario \u201cadverso\u201d es que el frente, junto a las entidades que lo conforman, decidieron convocar al paro nacional por 48 horas, que comenz\u00f3 este martes y contin\u00faa el mi\u00e9rcoles.<\/h3>\n<h3>El Frente Sindical de Universidades Nacionales, est\u00e1 integrado por la Federaci\u00f3n Nacional de Docentes Universitarios (CONADU), la Federaci\u00f3n Nacional de Docentes, Investigadores y Creadores Universitarios (CONADU Hist\u00f3rica), la Federaci\u00f3n de Docentes Universidades (FEDUN), la Confederaci\u00f3n de Trabajadores de la Educaci\u00f3n de la Rep\u00fablica Argentina (CTERA), Asociaci\u00f3n Gremial de Docentes de la Universidad Tecnol\u00f3gica Nacional (FAGDUT), la Federaci\u00f3n Argentina del Trabajador de las Universidades Nacionales (FATUN) y la Uni\u00f3n Docentes Argentinos (UDA).<\/h3>\n<h3>Los reclamos del Frente Sindical incluyen la restituci\u00f3n del Fondo Nacional de Incentivo Docente (FONID), que afect\u00f3 a los docentes de colegios preuniversitarios, y la convocatoria a la \u201cparitaria nacional docente\u201d, el \u00e1mbito en el que se negocia el salario m\u00ednimo docente para todo el pa\u00eds.<\/h3>\n<h3>\u201cDesde la multitudinaria marcha en la que todos los argentinos y las argentinas se expresaron en defensa de la universidad p\u00fablica ya pas\u00f3 m\u00e1s de un mes y a\u00fan no tuvimos ninguna respuesta del gobierno. En el \u00faltimo tiempo nuestros salarios siguen deterior\u00e1ndose mes a mes, ya llevamos perdido m\u00e1s de un 60% de poder adquisitivo frente a la inflaci\u00f3n y no vamos a seguir tolerando este deterioro y falta de respeto\u201d, dijo Daniel Ricci, secretario general de Fedun, al anunciar el paro.<\/h3>\n<h3>\u201cLos trabajadores docentes de las universidades ven el deterioro permanente de sus salarios frente a un gobierno que no da ninguna respuesta a las demandas. Tenemos que seguir peleando porque no se trata solamente de la dimensi\u00f3n salarial del conflicto, sino que tambi\u00e9n est\u00e1 en juego el futuro de la universidad p\u00fablica argentina\u201d, declar\u00f3 Carlos De Feo, secretario general de Conadu.<\/h3>\n<h3>El pasado 28 de mayo el Gobierno nacional lleg\u00f3 a un acuerdo con las universidades nacionales en torno a la actualizaci\u00f3n por inflaci\u00f3n de los gastos de funcionamiento, que representan el 10% del presupuesto universitario. Sin embargo, no hubo acuerdo en la paritaria, donde el Ministerio de Capital Humano negocia con los gremios el porcentaje de actualizaci\u00f3n de los salarios de docentes y no docentes, que representan el 90% restante del presupuesto.<\/h3>\n<h3><strong>EL PANORAMA QUE PRONOSTICAN<\/strong><\/h3>\n<h3>En una entrevista que dio Javier Blanco, Secretario General de ADIUC (Gremio de las y los Docentes e Investigadores de la UNC), manifest\u00f3 que \u201cmuchos docentes y no docentes, inclusive full time, ganan por debajo de la l\u00ednea de pobreza, no llegan a la canasta b\u00e1sica\u201d.<\/h3>\n<h3>En ese sentido, detall\u00f3 que un docente de cargo testigo, ayudante de primera con 10 a\u00f1os de antig\u00fcedad, con semidedicaci\u00f3n \u201ccobra 320 mil pesos\u201d y con dedicaci\u00f3n exclusiva, \u201cpercibe 640 mil\u201d. Con estos datos, el secretario destac\u00f3 que antes (los docentes universitarios) \u201ctrabajaban por un sueldo menor al que ofrece el mercado profesional\u201d pero ahora \u201ctrabajan por un sueldo indigno\u201d. Lo que hace \u201ccomplicado mantener la planta docente para carreras con demandas crecientes\u201d, sentenci\u00f3.<\/h3>\n<h3>Por \u00faltimo, Javier Blanco concluy\u00f3 que si no se soluciona el conflicto, \u201cposiblemente no haya toma de ex\u00e1menes ni comience el segundo cuatrimestre\u201d.<\/h3>\n<h3>En este sentido, FATUN que representa a los nodocentes ya adelant\u00f3 un pr\u00f3ximo paro por 72 horas y el posible no comienzo de las clases despu\u00e9s del receso.<\/h3>\n<p>&nbsp;<\/p>\n<p>&nbsp;<\/p>\n<p>&nbsp;<\/p>\n<p>&nbsp;<\/p>\n<p>&nbsp;<\/p>\n<p>&nbsp;<\/p>\n","protected":false},"excerpt":{"rendered":"<p>El reclamo gremial es por una recomposici\u00f3n salarial del personal. Advierten que si no se&#8230;<\/p>\n","protected":false},"author":1,"featured_media":16531,"comment_status":"closed","ping_status":"closed","sticky":false,"template":"","format":"standard","meta":{"footnotes":""},"categories":[5],"tags":[],"class_list":["post-17748","post","type-post","status-publish","format-standard","has-post-thumbnail","hentry","category-nacionales-internacionales"],"yoast_head":"<!-- This site is optimized with the Yoast SEO plugin v26.1.1 - https:\/\/yoast.com\/wordpress\/plugins\/seo\/ -->\n<title>GREMIOS DOCENTES Y NO DOCENTES CUMPLEN LA HUELGA DE 48 HORAS POR MEJORAS EN LOS SALARIOS - Apuntes de San Luis<\/title>\n<meta name=\"robots\" content=\"index, follow, max-snippet:-1, max-image-preview:large, max-video-preview:-1\" \/>\n<link rel=\"canonical\" href=\"https:\/\/apuntesdesanluis.com\/index.php\/2024\/06\/11\/gremios-docentes-y-no-docentes-cumplen-la-huelga-de-48-horas-por-mejoras-en-los-salarios\/\" \/>\n<meta property=\"og:locale\" content=\"es_ES\" \/>\n<meta property=\"og:type\" content=\"article\" \/>\n<meta property=\"og:title\" content=\"GREMIOS DOCENTES Y NO DOCENTES CUMPLEN LA HUELGA DE 48 HORAS POR MEJORAS EN LOS SALARIOS - Apuntes de San Luis\" \/>\n<meta property=\"og:description\" content=\"El reclamo gremial es por una recomposici\u00f3n salarial del personal. Advierten que si no se...\" \/>\n<meta property=\"og:url\" content=\"https:\/\/apuntesdesanluis.com\/index.php\/2024\/06\/11\/gremios-docentes-y-no-docentes-cumplen-la-huelga-de-48-horas-por-mejoras-en-los-salarios\/\" \/>\n<meta property=\"og:site_name\" content=\"Apuntes de San Luis\" \/>\n<meta property=\"article:published_time\" content=\"2024-06-11T23:12:13+00:00\" \/>\n<meta property=\"article:modified_time\" content=\"2024-06-12T01:12:31+00:00\" \/>\n<meta property=\"og:image\" content=\"https:\/\/apuntesdesanluis.com\/wp-content\/uploads\/2024\/05\/marcha-universitraria.png\" \/>\n\t<meta property=\"og:image:width\" content=\"801\" \/>\n\t<meta property=\"og:image:height\" content=\"421\" \/>\n\t<meta property=\"og:image:type\" content=\"image\/png\" \/>\n<meta name=\"author\" content=\"apuntesdesanluis.com\" \/>\n<meta name=\"twitter:card\" content=\"summary_large_image\" \/>\n<meta name=\"twitter:label1\" content=\"Escrito por\" \/>\n\t<meta name=\"twitter:data1\" content=\"apuntesdesanluis.com\" \/>\n\t<meta name=\"twitter:label2\" content=\"Tiempo de lectura\" \/>\n\t<meta name=\"twitter:data2\" content=\"4 minutos\" \/>\n<script type=\"application\/ld+json\" class=\"yoast-schema-graph\">{\"@context\":\"https:\/\/schema.org\",\"@graph\":[{\"@type\":\"Article\",\"@id\":\"https:\/\/apuntesdesanluis.com\/index.php\/2024\/06\/11\/gremios-docentes-y-no-docentes-cumplen-la-huelga-de-48-horas-por-mejoras-en-los-salarios\/#article\",\"isPartOf\":{\"@id\":\"https:\/\/apuntesdesanluis.com\/index.php\/2024\/06\/11\/gremios-docentes-y-no-docentes-cumplen-la-huelga-de-48-horas-por-mejoras-en-los-salarios\/\"},\"author\":{\"name\":\"apuntesdesanluis.com\",\"@id\":\"https:\/\/apuntesdesanluis.com\/#\/schema\/person\/b55151d52296fcce64d1a72538a70b90\"},\"headline\":\"GREMIOS DOCENTES Y NO DOCENTES CUMPLEN LA HUELGA DE 48 HORAS POR MEJORAS EN LOS SALARIOS\",\"datePublished\":\"2024-06-11T23:12:13+00:00\",\"dateModified\":\"2024-06-12T01:12:31+00:00\",\"mainEntityOfPage\":{\"@id\":\"https:\/\/apuntesdesanluis.com\/index.php\/2024\/06\/11\/gremios-docentes-y-no-docentes-cumplen-la-huelga-de-48-horas-por-mejoras-en-los-salarios\/\"},\"wordCount\":812,\"publisher\":{\"@id\":\"https:\/\/apuntesdesanluis.com\/#\/schema\/person\/b55151d52296fcce64d1a72538a70b90\"},\"image\":{\"@id\":\"https:\/\/apuntesdesanluis.com\/index.php\/2024\/06\/11\/gremios-docentes-y-no-docentes-cumplen-la-huelga-de-48-horas-por-mejoras-en-los-salarios\/#primaryimage\"},\"thumbnailUrl\":\"https:\/\/apuntesdesanluis.com\/wp-content\/uploads\/2024\/05\/marcha-universitraria.png\",\"articleSection\":[\"Nacionales\/Internacionales\"],\"inLanguage\":\"es-AR\"},{\"@type\":\"WebPage\",\"@id\":\"https:\/\/apuntesdesanluis.com\/index.php\/2024\/06\/11\/gremios-docentes-y-no-docentes-cumplen-la-huelga-de-48-horas-por-mejoras-en-los-salarios\/\",\"url\":\"https:\/\/apuntesdesanluis.com\/index.php\/2024\/06\/11\/gremios-docentes-y-no-docentes-cumplen-la-huelga-de-48-horas-por-mejoras-en-los-salarios\/\",\"name\":\"GREMIOS DOCENTES Y NO DOCENTES CUMPLEN LA HUELGA DE 48 HORAS POR MEJORAS EN LOS SALARIOS - Apuntes de San Luis\",\"isPartOf\":{\"@id\":\"https:\/\/apuntesdesanluis.com\/#website\"},\"primaryImageOfPage\":{\"@id\":\"https:\/\/apuntesdesanluis.com\/index.php\/2024\/06\/11\/gremios-docentes-y-no-docentes-cumplen-la-huelga-de-48-horas-por-mejoras-en-los-salarios\/#primaryimage\"},\"image\":{\"@id\":\"https:\/\/apuntesdesanluis.com\/index.php\/2024\/06\/11\/gremios-docentes-y-no-docentes-cumplen-la-huelga-de-48-horas-por-mejoras-en-los-salarios\/#primaryimage\"},\"thumbnailUrl\":\"https:\/\/apuntesdesanluis.com\/wp-content\/uploads\/2024\/05\/marcha-universitraria.png\",\"datePublished\":\"2024-06-11T23:12:13+00:00\",\"dateModified\":\"2024-06-12T01:12:31+00:00\",\"breadcrumb\":{\"@id\":\"https:\/\/apuntesdesanluis.com\/index.php\/2024\/06\/11\/gremios-docentes-y-no-docentes-cumplen-la-huelga-de-48-horas-por-mejoras-en-los-salarios\/#breadcrumb\"},\"inLanguage\":\"es-AR\",\"potentialAction\":[{\"@type\":\"ReadAction\",\"target\":[\"https:\/\/apuntesdesanluis.com\/index.php\/2024\/06\/11\/gremios-docentes-y-no-docentes-cumplen-la-huelga-de-48-horas-por-mejoras-en-los-salarios\/\"]}]},{\"@type\":\"ImageObject\",\"inLanguage\":\"es-AR\",\"@id\":\"https:\/\/apuntesdesanluis.com\/index.php\/2024\/06\/11\/gremios-docentes-y-no-docentes-cumplen-la-huelga-de-48-horas-por-mejoras-en-los-salarios\/#primaryimage\",\"url\":\"https:\/\/apuntesdesanluis.com\/wp-content\/uploads\/2024\/05\/marcha-universitraria.png\",\"contentUrl\":\"https:\/\/apuntesdesanluis.com\/wp-content\/uploads\/2024\/05\/marcha-universitraria.png\",\"width\":801,\"height\":421},{\"@type\":\"BreadcrumbList\",\"@id\":\"https:\/\/apuntesdesanluis.com\/index.php\/2024\/06\/11\/gremios-docentes-y-no-docentes-cumplen-la-huelga-de-48-horas-por-mejoras-en-los-salarios\/#breadcrumb\",\"itemListElement\":[{\"@type\":\"ListItem\",\"position\":1,\"name\":\"Inicio\",\"item\":\"https:\/\/apuntesdesanluis.com\/\"},{\"@type\":\"ListItem\",\"position\":2,\"name\":\"GREMIOS DOCENTES Y NO DOCENTES CUMPLEN LA HUELGA DE 48 HORAS POR MEJORAS EN LOS SALARIOS\"}]},{\"@type\":\"WebSite\",\"@id\":\"https:\/\/apuntesdesanluis.com\/#website\",\"url\":\"https:\/\/apuntesdesanluis.com\/\",\"name\":\"Apuntes de San Luis\",\"description\":\"\",\"publisher\":{\"@id\":\"https:\/\/apuntesdesanluis.com\/#\/schema\/person\/b55151d52296fcce64d1a72538a70b90\"},\"potentialAction\":[{\"@type\":\"SearchAction\",\"target\":{\"@type\":\"EntryPoint\",\"urlTemplate\":\"https:\/\/apuntesdesanluis.com\/?s={search_term_string}\"},\"query-input\":{\"@type\":\"PropertyValueSpecification\",\"valueRequired\":true,\"valueName\":\"search_term_string\"}}],\"inLanguage\":\"es-AR\"},{\"@type\":[\"Person\",\"Organization\"],\"@id\":\"https:\/\/apuntesdesanluis.com\/#\/schema\/person\/b55151d52296fcce64d1a72538a70b90\",\"name\":\"apuntesdesanluis.com\",\"image\":{\"@type\":\"ImageObject\",\"inLanguage\":\"es-AR\",\"@id\":\"https:\/\/apuntesdesanluis.com\/#\/schema\/person\/image\/\",\"url\":\"https:\/\/apuntesdesanluis.com\/wp-content\/uploads\/2023\/07\/cropped-apuntesdesanluis.png\",\"contentUrl\":\"https:\/\/apuntesdesanluis.com\/wp-content\/uploads\/2023\/07\/cropped-apuntesdesanluis.png\",\"width\":450,\"height\":112,\"caption\":\"apuntesdesanluis.com\"},\"logo\":{\"@id\":\"https:\/\/apuntesdesanluis.com\/#\/schema\/person\/image\/\"},\"sameAs\":[\"https:\/\/apuntesdesanluis.com\"],\"url\":\"https:\/\/apuntesdesanluis.com\/index.php\/author\/apuntesdesanluis-com\/\"}]}<\/script>\n<!-- \/ Yoast SEO plugin. -->","yoast_head_json":{"title":"GREMIOS DOCENTES Y NO DOCENTES CUMPLEN LA HUELGA DE 48 HORAS POR MEJORAS EN LOS SALARIOS - Apuntes de San Luis","robots":{"index":"index","follow":"follow","max-snippet":"max-snippet:-1","max-image-preview":"max-image-preview:large","max-video-preview":"max-video-preview:-1"},"canonical":"https:\/\/apuntesdesanluis.com\/index.php\/2024\/06\/11\/gremios-docentes-y-no-docentes-cumplen-la-huelga-de-48-horas-por-mejoras-en-los-salarios\/","og_locale":"es_ES","og_type":"article","og_title":"GREMIOS DOCENTES Y NO DOCENTES CUMPLEN LA HUELGA DE 48 HORAS POR MEJORAS EN LOS SALARIOS - Apuntes de San Luis","og_description":"El reclamo gremial es por una recomposici\u00f3n salarial del personal. Advierten que si no se...","og_url":"https:\/\/apuntesdesanluis.com\/index.php\/2024\/06\/11\/gremios-docentes-y-no-docentes-cumplen-la-huelga-de-48-horas-por-mejoras-en-los-salarios\/","og_site_name":"Apuntes de San Luis","article_published_time":"2024-06-11T23:12:13+00:00","article_modified_time":"2024-06-12T01:12:31+00:00","og_image":[{"width":801,"height":421,"url":"https:\/\/apuntesdesanluis.com\/wp-content\/uploads\/2024\/05\/marcha-universitraria.png","type":"image\/png"}],"author":"apuntesdesanluis.com","twitter_card":"summary_large_image","twitter_misc":{"Escrito por":"apuntesdesanluis.com","Tiempo de lectura":"4 minutos"},"schema":{"@context":"https:\/\/schema.org","@graph":[{"@type":"Article","@id":"https:\/\/apuntesdesanluis.com\/index.php\/2024\/06\/11\/gremios-docentes-y-no-docentes-cumplen-la-huelga-de-48-horas-por-mejoras-en-los-salarios\/#article","isPartOf":{"@id":"https:\/\/apuntesdesanluis.com\/index.php\/2024\/06\/11\/gremios-docentes-y-no-docentes-cumplen-la-huelga-de-48-horas-por-mejoras-en-los-salarios\/"},"author":{"name":"apuntesdesanluis.com","@id":"https:\/\/apuntesdesanluis.com\/#\/schema\/person\/b55151d52296fcce64d1a72538a70b90"},"headline":"GREMIOS DOCENTES Y NO DOCENTES CUMPLEN LA HUELGA DE 48 HORAS POR MEJORAS EN LOS SALARIOS","datePublished":"2024-06-11T23:12:13+00:00","dateModified":"2024-06-12T01:12:31+00:00","mainEntityOfPage":{"@id":"https:\/\/apuntesdesanluis.com\/index.php\/2024\/06\/11\/gremios-docentes-y-no-docentes-cumplen-la-huelga-de-48-horas-por-mejoras-en-los-salarios\/"},"wordCount":812,"publisher":{"@id":"https:\/\/apuntesdesanluis.com\/#\/schema\/person\/b55151d52296fcce64d1a72538a70b90"},"image":{"@id":"https:\/\/apuntesdesanluis.com\/index.php\/2024\/06\/11\/gremios-docentes-y-no-docentes-cumplen-la-huelga-de-48-horas-por-mejoras-en-los-salarios\/#primaryimage"},"thumbnailUrl":"https:\/\/apuntesdesanluis.com\/wp-content\/uploads\/2024\/05\/marcha-universitraria.png","articleSection":["Nacionales\/Internacionales"],"inLanguage":"es-AR"},{"@type":"WebPage","@id":"https:\/\/apuntesdesanluis.com\/index.php\/2024\/06\/11\/gremios-docentes-y-no-docentes-cumplen-la-huelga-de-48-horas-por-mejoras-en-los-salarios\/","url":"https:\/\/apuntesdesanluis.com\/index.php\/2024\/06\/11\/gremios-docentes-y-no-docentes-cumplen-la-huelga-de-48-horas-por-mejoras-en-los-salarios\/","name":"GREMIOS DOCENTES Y NO DOCENTES CUMPLEN LA HUELGA DE 48 HORAS POR MEJORAS EN LOS SALARIOS - Apuntes de San Luis","isPartOf":{"@id":"https:\/\/apuntesdesanluis.com\/#website"},"primaryImageOfPage":{"@id":"https:\/\/apuntesdesanluis.com\/index.php\/2024\/06\/11\/gremios-docentes-y-no-docentes-cumplen-la-huelga-de-48-horas-por-mejoras-en-los-salarios\/#primaryimage"},"image":{"@id":"https:\/\/apuntesdesanluis.com\/index.php\/2024\/06\/11\/gremios-docentes-y-no-docentes-cumplen-la-huelga-de-48-horas-por-mejoras-en-los-salarios\/#primaryimage"},"thumbnailUrl":"https:\/\/apuntesdesanluis.com\/wp-content\/uploads\/2024\/05\/marcha-universitraria.png","datePublished":"2024-06-11T23:12:13+00:00","dateModified":"2024-06-12T01:12:31+00:00","breadcrumb":{"@id":"https:\/\/apuntesdesanluis.com\/index.php\/2024\/06\/11\/gremios-docentes-y-no-docentes-cumplen-la-huelga-de-48-horas-por-mejoras-en-los-salarios\/#breadcrumb"},"inLanguage":"es-AR","potentialAction":[{"@type":"ReadAction","target":["https:\/\/apuntesdesanluis.com\/index.php\/2024\/06\/11\/gremios-docentes-y-no-docentes-cumplen-la-huelga-de-48-horas-por-mejoras-en-los-salarios\/"]}]},{"@type":"ImageObject","inLanguage":"es-AR","@id":"https:\/\/apuntesdesanluis.com\/index.php\/2024\/06\/11\/gremios-docentes-y-no-docentes-cumplen-la-huelga-de-48-horas-por-mejoras-en-los-salarios\/#primaryimage","url":"https:\/\/apuntesdesanluis.com\/wp-content\/uploads\/2024\/05\/marcha-universitraria.png","contentUrl":"https:\/\/apuntesdesanluis.com\/wp-content\/uploads\/2024\/05\/marcha-universitraria.png","width":801,"height":421},{"@type":"BreadcrumbList","@id":"https:\/\/apuntesdesanluis.com\/index.php\/2024\/06\/11\/gremios-docentes-y-no-docentes-cumplen-la-huelga-de-48-horas-por-mejoras-en-los-salarios\/#breadcrumb","itemListElement":[{"@type":"ListItem","position":1,"name":"Inicio","item":"https:\/\/apuntesdesanluis.com\/"},{"@type":"ListItem","position":2,"name":"GREMIOS DOCENTES Y NO DOCENTES CUMPLEN LA HUELGA DE 48 HORAS POR MEJORAS EN LOS SALARIOS"}]},{"@type":"WebSite","@id":"https:\/\/apuntesdesanluis.com\/#website","url":"https:\/\/apuntesdesanluis.com\/","name":"Apuntes de San Luis","description":"","publisher":{"@id":"https:\/\/apuntesdesanluis.com\/#\/schema\/person\/b55151d52296fcce64d1a72538a70b90"},"potentialAction":[{"@type":"SearchAction","target":{"@type":"EntryPoint","urlTemplate":"https:\/\/apuntesdesanluis.com\/?s={search_term_string}"},"query-input":{"@type":"PropertyValueSpecification","valueRequired":true,"valueName":"search_term_string"}}],"inLanguage":"es-AR"},{"@type":["Person","Organization"],"@id":"https:\/\/apuntesdesanluis.com\/#\/schema\/person\/b55151d52296fcce64d1a72538a70b90","name":"apuntesdesanluis.com","image":{"@type":"ImageObject","inLanguage":"es-AR","@id":"https:\/\/apuntesdesanluis.com\/#\/schema\/person\/image\/","url":"https:\/\/apuntesdesanluis.com\/wp-content\/uploads\/2023\/07\/cropped-apuntesdesanluis.png","contentUrl":"https:\/\/apuntesdesanluis.com\/wp-content\/uploads\/2023\/07\/cropped-apuntesdesanluis.png","width":450,"height":112,"caption":"apuntesdesanluis.com"},"logo":{"@id":"https:\/\/apuntesdesanluis.com\/#\/schema\/person\/image\/"},"sameAs":["https:\/\/apuntesdesanluis.com"],"url":"https:\/\/apuntesdesanluis.com\/index.php\/author\/apuntesdesanluis-com\/"}]}},"featured_image_urls":{"full":["https:\/\/apuntesdesanluis.com\/wp-content\/uploads\/2024\/05\/marcha-universitraria.png",801,421,false],"thumbnail":["https:\/\/apuntesdesanluis.com\/wp-content\/uploads\/2024\/05\/marcha-universitraria-150x150.png",150,150,true],"medium":["https:\/\/apuntesdesanluis.com\/wp-content\/uploads\/2024\/05\/marcha-universitraria-300x158.png",300,158,true],"medium_large":["https:\/\/apuntesdesanluis.com\/wp-content\/uploads\/2024\/05\/marcha-universitraria-768x404.png",640,337,true],"large":["https:\/\/apuntesdesanluis.com\/wp-content\/uploads\/2024\/05\/marcha-universitraria.png",640,336,false],"1536x1536":["https:\/\/apuntesdesanluis.com\/wp-content\/uploads\/2024\/05\/marcha-universitraria.png",801,421,false],"2048x2048":["https:\/\/apuntesdesanluis.com\/wp-content\/uploads\/2024\/05\/marcha-universitraria.png",801,421,false],"newsever-slider-full":["https:\/\/apuntesdesanluis.com\/wp-content\/uploads\/2024\/05\/marcha-universitraria.png",801,421,false],"newsever-featured":["https:\/\/apuntesdesanluis.com\/wp-content\/uploads\/2024\/05\/marcha-universitraria.png",801,421,false],"newsever-medium":["https:\/\/apuntesdesanluis.com\/wp-content\/uploads\/2024\/05\/marcha-universitraria-720x421.png",720,421,true]},"author_info":{"display_name":"apuntesdesanluis.com","author_link":"https:\/\/apuntesdesanluis.com\/index.php\/author\/apuntesdesanluis-com\/"},"category_info":"<a href=\"https:\/\/apuntesdesanluis.com\/index.php\/category\/nacionales-internacionales\/\" rel=\"category tag\">Nacionales\/Internacionales<\/a>","tag_info":"Nacionales\/Internacionales","comment_count":"0","_links":{"self":[{"href":"https:\/\/apuntesdesanluis.com\/index.php\/wp-json\/wp\/v2\/posts\/17748","targetHints":{"allow":["GET"]}}],"collection":[{"href":"https:\/\/apuntesdesanluis.com\/index.php\/wp-json\/wp\/v2\/posts"}],"about":[{"href":"https:\/\/apuntesdesanluis.com\/index.php\/wp-json\/wp\/v2\/types\/post"}],"author":[{"embeddable":true,"href":"https:\/\/apuntesdesanluis.com\/index.php\/wp-json\/wp\/v2\/users\/1"}],"replies":[{"embeddable":true,"href":"https:\/\/apuntesdesanluis.com\/index.php\/wp-json\/wp\/v2\/comments?post=17748"}],"version-history":[{"count":1,"href":"https:\/\/apuntesdesanluis.com\/index.php\/wp-json\/wp\/v2\/posts\/17748\/revisions"}],"predecessor-version":[{"id":17749,"href":"https:\/\/apuntesdesanluis.com\/index.php\/wp-json\/wp\/v2\/posts\/17748\/revisions\/17749"}],"wp:featuredmedia":[{"embeddable":true,"href":"https:\/\/apuntesdesanluis.com\/index.php\/wp-json\/wp\/v2\/media\/16531"}],"wp:attachment":[{"href":"https:\/\/apuntesdesanluis.com\/index.php\/wp-json\/wp\/v2\/media?parent=17748"}],"wp:term":[{"taxonomy":"category","embeddable":true,"href":"https:\/\/apuntesdesanluis.com\/index.php\/wp-json\/wp\/v2\/categories?post=17748"},{"taxonomy":"post_tag","embeddable":true,"href":"https:\/\/apuntesdesanluis.com\/index.php\/wp-json\/wp\/v2\/tags?post=17748"}],"curies":[{"name":"wp","href":"https:\/\/api.w.org\/{rel}","templated":true}]}}